{"id":1745,"date":"2022-10-12T15:03:40","date_gmt":"2022-10-12T18:03:40","guid":{"rendered":"https:\/\/www.muyjujuy.com\/?p=1745"},"modified":"2022-10-12T15:03:43","modified_gmt":"2022-10-12T18:03:43","slug":"la-quiaca-inauguraron-la-secundaria-no69-con-orientacion-en-robotica-y-programacion","status":"publish","type":"post","link":"https:\/\/www.muyjujuy.com\/index.php\/2022\/10\/12\/la-quiaca-inauguraron-la-secundaria-no69-con-orientacion-en-robotica-y-programacion\/","title":{"rendered":"La Quiaca: inauguraron la Secundaria N\u00ba69 con orientaci\u00f3n en rob\u00f3tica y programaci\u00f3n"},"content":{"rendered":"\n<p><em>La Provincia dej\u00f3 inaugurada una nueva escuela en La Quiaca que se construy\u00f3 en el marco del programa PROMACE.<\/em><\/p>\n\n\n\n<p>El gobernador de Jujuy, <strong>Gerardo Morales,<\/strong> inaugur\u00f3 la<strong> Escuela Secundaria n\u00b069<\/strong> en La Quiaca que tendr\u00e1 orientaci\u00f3n en rob\u00f3tica y programaci\u00f3n. El Gobierno provincial llev\u00f3 a cabo <strong>la construcci\u00f3n en el marco del programa PROMACE.<\/strong><\/p>\n\n\n\n<p><strong>&#8220;Este programa tiene por objeto varias puntas para fortalecer la educaci\u00f3n p\u00fablica <\/strong>y la escuela p\u00fablica que es la \u00fanica garant\u00eda para lograr la igualdad en nuestra comunidad y en nuestro pueblo que es el acceso a la educaci\u00f3n\u201d, exprs\u00f3 Morales.<\/p>\n\n\n\n<p>Indic\u00f3 que el programa PROMACE cuenta con cuatro ejes principales. <strong>La primera l\u00ednea es la construcci\u00f3n de 258 establecimientos educativos <\/strong>con la cual se espera, hasta fin de a\u00f1o, comenzar con la licitaci\u00f3n del noveno paquete de escuelas. <\/p>\n\n\n\n<p><strong>&#8220;As\u00ed que nuestra meta es llegar a fin de a\u00f1o con 100 escuelas iniciadas <\/strong>y el a\u00f1o que viene tenemos previsto iniciar 100 o 120 escuelas m\u00e1s. Por lo que al pr\u00f3ximo gobernador le tocar\u00e1 terminar las 258 escuelas porque est\u00e1n garantizados todos los recursos&#8221;, reafirm\u00f3 Morales..<\/p>\n\n\n\n<p>Adem\u00e1s, indic\u00f3 que el otro de los componentes importantes es la refacci\u00f3n de escuelas y luego la conectividad. &#8220;Ya que estamos iniciando una licitaci\u00f3n de 2 mil kil\u00f3metros de fibra \u00f3ptica para toda la provincia, vamos a llegar al interior profundo y vamos a llegar tambi\u00e9n con radio enlace&#8221;, enfatiz\u00f3.<\/p>\n\n\n\n<p>Y el cuarto componente es la formaci\u00f3n de los docentes. Actualmente la provincia tiene 22 mil docentes que se est\u00e1n formando de forma continua.<\/p>\n","protected":false},"excerpt":{"rendered":"<p>La Provincia dej\u00f3 inaugurada una nueva escuela en La Quiaca que se construy\u00f3 en el marco del programa PROMACE. El gobernador de Jujuy, Gerardo Morales, inaugur\u00f3 la Escuela Secundaria n\u00b069 en La Quiaca que tendr\u00e1 orientaci\u00f3n en rob\u00f3tica y programaci\u00f3n. El Gobierno provincial llev\u00f3 a cabo la construcci\u00f3n en el marco del programa PROMACE. &#8220;Este [&hellip;]<\/p>\n","protected":false},"author":3,"featured_media":1746,"comment_status":"open","ping_status":"open","sticky":false,"template":"","format":"standard","meta":{"footnotes":""},"categories":[24],"tags":[5,8],"class_list":{"0":"post-1745","1":"post","2":"type-post","3":"status-publish","4":"format-standard","5":"has-post-thumbnail","7":"category-politica","8":"tag-gerardo-morales","9":"tag-jujuy"},"yoast_head":"<!-- This site is optimized with the Yoast SEO plugin v27.5 - https:\/\/yoast.com\/product\/yoast-seo-wordpress\/ -->\n<title>La Quiaca: inauguraron la Secundaria N\u00ba69 con orientaci\u00f3n en rob\u00f3tica y programaci\u00f3n - Muy Jujuy<\/title>\n<meta name=\"description\" content=\"La Provincia dej\u00f3 inaugurada una nueva escuela en La Quiaca que se construy\u00f3 en el marco del programa PROMACE.\" \/>\n<meta name=\"robots\" content=\"index, follow, max-snippet:-1, max-image-preview:large, max-video-preview:-1\" \/>\n<link rel=\"canonical\" href=\"https:\/\/www.muyjujuy.com\/index.php\/2022\/10\/12\/la-quiaca-inauguraron-la-secundaria-no69-con-orientacion-en-robotica-y-programacion\/\" \/>\n<meta property=\"og:locale\" content=\"es_ES\" \/>\n<meta property=\"og:type\" content=\"article\" \/>\n<meta property=\"og:title\" content=\"La Quiaca: inauguraron la Secundaria N\u00ba69 con orientaci\u00f3n en rob\u00f3tica y programaci\u00f3n - Muy Jujuy\" \/>\n<meta property=\"og:description\" content=\"La Provincia dej\u00f3 inaugurada una nueva escuela en La Quiaca que se construy\u00f3 en el marco del programa PROMACE.\" \/>\n<meta property=\"og:url\" content=\"https:\/\/www.muyjujuy.com\/index.php\/2022\/10\/12\/la-quiaca-inauguraron-la-secundaria-no69-con-orientacion-en-robotica-y-programacion\/\" \/>\n<meta property=\"og:site_name\" content=\"Muy Jujuy\" \/>\n<meta property=\"article:publisher\" content=\"https:\/\/www.facebook.com\/muyjujuycom\" \/>\n<meta property=\"article:published_time\" content=\"2022-10-12T18:03:40+00:00\" \/>\n<meta property=\"article:modified_time\" content=\"2022-10-12T18:03:43+00:00\" \/>\n<meta property=\"og:image\" content=\"https:\/\/www.muyjujuy.com\/wp-content\/uploads\/2022\/10\/WhatsApp-Image-2022-10-12-at-15.02.36.jpeg\" \/>\n\t<meta property=\"og:image:width\" content=\"970\" \/>\n\t<meta property=\"og:image:height\" content=\"546\" \/>\n\t<meta property=\"og:image:type\" content=\"image\/jpeg\" \/>\n<meta name=\"author\" content=\"Redacci\u00f3n Muy Jujuy\" \/>\n<meta name=\"twitter:card\" content=\"summary_large_image\" \/>\n<meta name=\"twitter:creator\" content=\"@muyjujuy\" \/>\n<meta name=\"twitter:site\" content=\"@muyjujuy\" \/>\n<meta name=\"twitter:label1\" content=\"Escrito por\" \/>\n\t<meta name=\"twitter:data1\" content=\"Redacci\u00f3n Muy Jujuy\" \/>\n\t<meta name=\"twitter:label2\" content=\"Tiempo de lectura\" \/>\n\t<meta name=\"twitter:data2\" content=\"2 minutos\" \/>\n<script type=\"application\/ld+json\" class=\"yoast-schema-graph\">{\"@context\":\"https:\\\/\\\/schema.org\",\"@graph\":[{\"@type\":\"Article\",\"@id\":\"https:\\\/\\\/www.muyjujuy.com\\\/index.php\\\/2022\\\/10\\\/12\\\/la-quiaca-inauguraron-la-secundaria-no69-con-orientacion-en-robotica-y-programacion\\\/#article\",\"isPartOf\":{\"@id\":\"https:\\\/\\\/www.muyjujuy.com\\\/index.php\\\/2022\\\/10\\\/12\\\/la-quiaca-inauguraron-la-secundaria-no69-con-orientacion-en-robotica-y-programacion\\\/\"},\"author\":{\"name\":\"Redacci\u00f3n Muy Jujuy\",\"@id\":\"https:\\\/\\\/www.muyjujuy.com\\\/#\\\/schema\\\/person\\\/1d0f6e223ccea9e3f9034c1a5b683bf2\"},\"headline\":\"La Quiaca: inauguraron la Secundaria N\u00ba69 con orientaci\u00f3n en rob\u00f3tica y programaci\u00f3n\",\"datePublished\":\"2022-10-12T18:03:40+00:00\",\"dateModified\":\"2022-10-12T18:03:43+00:00\",\"mainEntityOfPage\":{\"@id\":\"https:\\\/\\\/www.muyjujuy.com\\\/index.php\\\/2022\\\/10\\\/12\\\/la-quiaca-inauguraron-la-secundaria-no69-con-orientacion-en-robotica-y-programacion\\\/\"},\"wordCount\":287,\"commentCount\":0,\"publisher\":{\"@id\":\"https:\\\/\\\/www.muyjujuy.com\\\/#organization\"},\"image\":{\"@id\":\"https:\\\/\\\/www.muyjujuy.com\\\/index.php\\\/2022\\\/10\\\/12\\\/la-quiaca-inauguraron-la-secundaria-no69-con-orientacion-en-robotica-y-programacion\\\/#primaryimage\"},\"thumbnailUrl\":\"https:\\\/\\\/www.muyjujuy.com\\\/wp-content\\\/uploads\\\/2022\\\/10\\\/WhatsApp-Image-2022-10-12-at-15.02.36.jpeg\",\"keywords\":[\"Gerardo Morales\",\"Jujuy\"],\"articleSection\":[\"Pol\u00edtica\"],\"inLanguage\":\"es-AR\",\"potentialAction\":[{\"@type\":\"CommentAction\",\"name\":\"Comment\",\"target\":[\"https:\\\/\\\/www.muyjujuy.com\\\/index.php\\\/2022\\\/10\\\/12\\\/la-quiaca-inauguraron-la-secundaria-no69-con-orientacion-en-robotica-y-programacion\\\/#respond\"]}]},{\"@type\":\"WebPage\",\"@id\":\"https:\\\/\\\/www.muyjujuy.com\\\/index.php\\\/2022\\\/10\\\/12\\\/la-quiaca-inauguraron-la-secundaria-no69-con-orientacion-en-robotica-y-programacion\\\/\",\"url\":\"https:\\\/\\\/www.muyjujuy.com\\\/index.php\\\/2022\\\/10\\\/12\\\/la-quiaca-inauguraron-la-secundaria-no69-con-orientacion-en-robotica-y-programacion\\\/\",\"name\":\"La Quiaca: inauguraron la Secundaria N\u00ba69 con orientaci\u00f3n en rob\u00f3tica y programaci\u00f3n - Muy Jujuy\",\"isPartOf\":{\"@id\":\"https:\\\/\\\/www.muyjujuy.com\\\/#website\"},\"primaryImageOfPage\":{\"@id\":\"https:\\\/\\\/www.muyjujuy.com\\\/index.php\\\/2022\\\/10\\\/12\\\/la-quiaca-inauguraron-la-secundaria-no69-con-orientacion-en-robotica-y-programacion\\\/#primaryimage\"},\"image\":{\"@id\":\"https:\\\/\\\/www.muyjujuy.com\\\/index.php\\\/2022\\\/10\\\/12\\\/la-quiaca-inauguraron-la-secundaria-no69-con-orientacion-en-robotica-y-programacion\\\/#primaryimage\"},\"thumbnailUrl\":\"https:\\\/\\\/www.muyjujuy.com\\\/wp-content\\\/uploads\\\/2022\\\/10\\\/WhatsApp-Image-2022-10-12-at-15.02.36.jpeg\",\"datePublished\":\"2022-10-12T18:03:40+00:00\",\"dateModified\":\"2022-10-12T18:03:43+00:00\",\"description\":\"La Provincia dej\u00f3 inaugurada una nueva escuela en La Quiaca que se construy\u00f3 en el marco del programa PROMACE.\",\"breadcrumb\":{\"@id\":\"https:\\\/\\\/www.muyjujuy.com\\\/index.php\\\/2022\\\/10\\\/12\\\/la-quiaca-inauguraron-la-secundaria-no69-con-orientacion-en-robotica-y-programacion\\\/#breadcrumb\"},\"inLanguage\":\"es-AR\",\"potentialAction\":[{\"@type\":\"ReadAction\",\"target\":[\"https:\\\/\\\/www.muyjujuy.com\\\/index.php\\\/2022\\\/10\\\/12\\\/la-quiaca-inauguraron-la-secundaria-no69-con-orientacion-en-robotica-y-programacion\\\/\"]}]},{\"@type\":\"ImageObject\",\"inLanguage\":\"es-AR\",\"@id\":\"https:\\\/\\\/www.muyjujuy.com\\\/index.php\\\/2022\\\/10\\\/12\\\/la-quiaca-inauguraron-la-secundaria-no69-con-orientacion-en-robotica-y-programacion\\\/#primaryimage\",\"url\":\"https:\\\/\\\/www.muyjujuy.com\\\/wp-content\\\/uploads\\\/2022\\\/10\\\/WhatsApp-Image-2022-10-12-at-15.02.36.jpeg\",\"contentUrl\":\"https:\\\/\\\/www.muyjujuy.com\\\/wp-content\\\/uploads\\\/2022\\\/10\\\/WhatsApp-Image-2022-10-12-at-15.02.36.jpeg\",\"width\":970,\"height\":546},{\"@type\":\"BreadcrumbList\",\"@id\":\"https:\\\/\\\/www.muyjujuy.com\\\/index.php\\\/2022\\\/10\\\/12\\\/la-quiaca-inauguraron-la-secundaria-no69-con-orientacion-en-robotica-y-programacion\\\/#breadcrumb\",\"itemListElement\":[{\"@type\":\"ListItem\",\"position\":1,\"name\":\"Inicio\",\"item\":\"https:\\\/\\\/www.muyjujuy.com\\\/\"},{\"@type\":\"ListItem\",\"position\":2,\"name\":\"La Quiaca: inauguraron la Secundaria N\u00ba69 con orientaci\u00f3n en rob\u00f3tica y programaci\u00f3n\"}]},{\"@type\":\"WebSite\",\"@id\":\"https:\\\/\\\/www.muyjujuy.com\\\/#website\",\"url\":\"https:\\\/\\\/www.muyjujuy.com\\\/\",\"name\":\"Muy Jujuy\",\"description\":\"\",\"publisher\":{\"@id\":\"https:\\\/\\\/www.muyjujuy.com\\\/#organization\"},\"potentialAction\":[{\"@type\":\"SearchAction\",\"target\":{\"@type\":\"EntryPoint\",\"urlTemplate\":\"https:\\\/\\\/www.muyjujuy.com\\\/?s={search_term_string}\"},\"query-input\":{\"@type\":\"PropertyValueSpecification\",\"valueRequired\":true,\"valueName\":\"search_term_string\"}}],\"inLanguage\":\"es-AR\"},{\"@type\":\"Organization\",\"@id\":\"https:\\\/\\\/www.muyjujuy.com\\\/#organization\",\"name\":\"Muy Jujuy\",\"url\":\"https:\\\/\\\/www.muyjujuy.com\\\/\",\"logo\":{\"@type\":\"ImageObject\",\"inLanguage\":\"es-AR\",\"@id\":\"https:\\\/\\\/www.muyjujuy.com\\\/#\\\/schema\\\/logo\\\/image\\\/\",\"url\":\"http:\\\/\\\/www.muyjujuy.com\\\/wp-content\\\/uploads\\\/2022\\\/05\\\/logo-mobil-jujuy.png\",\"contentUrl\":\"http:\\\/\\\/www.muyjujuy.com\\\/wp-content\\\/uploads\\\/2022\\\/05\\\/logo-mobil-jujuy.png\",\"width\":174,\"height\":81,\"caption\":\"Muy Jujuy\"},\"image\":{\"@id\":\"https:\\\/\\\/www.muyjujuy.com\\\/#\\\/schema\\\/logo\\\/image\\\/\"},\"sameAs\":[\"https:\\\/\\\/www.facebook.com\\\/muyjujuycom\",\"https:\\\/\\\/x.com\\\/muyjujuy\",\"https:\\\/\\\/www.instagram.com\\\/muyjujuycom\"]},{\"@type\":\"Person\",\"@id\":\"https:\\\/\\\/www.muyjujuy.com\\\/#\\\/schema\\\/person\\\/1d0f6e223ccea9e3f9034c1a5b683bf2\",\"name\":\"Redacci\u00f3n Muy Jujuy\",\"image\":{\"@type\":\"ImageObject\",\"inLanguage\":\"es-AR\",\"@id\":\"https:\\\/\\\/secure.gravatar.com\\\/avatar\\\/fec5f6f1893d741ed5eecccff109ce43e67a855411202a3212a058cb8e5c27d4?s=96&d=mm&r=g\",\"url\":\"https:\\\/\\\/secure.gravatar.com\\\/avatar\\\/fec5f6f1893d741ed5eecccff109ce43e67a855411202a3212a058cb8e5c27d4?s=96&d=mm&r=g\",\"contentUrl\":\"https:\\\/\\\/secure.gravatar.com\\\/avatar\\\/fec5f6f1893d741ed5eecccff109ce43e67a855411202a3212a058cb8e5c27d4?s=96&d=mm&r=g\",\"caption\":\"Redacci\u00f3n Muy Jujuy\"},\"url\":\"https:\\\/\\\/www.muyjujuy.com\\\/index.php\\\/author\\\/editor\\\/\"}]}<\/script>\n<!-- \/ Yoast SEO plugin. -->","yoast_head_json":{"title":"La Quiaca: inauguraron la Secundaria N\u00ba69 con orientaci\u00f3n en rob\u00f3tica y programaci\u00f3n - Muy Jujuy","description":"La Provincia dej\u00f3 inaugurada una nueva escuela en La Quiaca que se construy\u00f3 en el marco del programa PROMACE.","robots":{"index":"index","follow":"follow","max-snippet":"max-snippet:-1","max-image-preview":"max-image-preview:large","max-video-preview":"max-video-preview:-1"},"canonical":"https:\/\/www.muyjujuy.com\/index.php\/2022\/10\/12\/la-quiaca-inauguraron-la-secundaria-no69-con-orientacion-en-robotica-y-programacion\/","og_locale":"es_ES","og_type":"article","og_title":"La Quiaca: inauguraron la Secundaria N\u00ba69 con orientaci\u00f3n en rob\u00f3tica y programaci\u00f3n - Muy Jujuy","og_description":"La Provincia dej\u00f3 inaugurada una nueva escuela en La Quiaca que se construy\u00f3 en el marco del programa PROMACE.","og_url":"https:\/\/www.muyjujuy.com\/index.php\/2022\/10\/12\/la-quiaca-inauguraron-la-secundaria-no69-con-orientacion-en-robotica-y-programacion\/","og_site_name":"Muy Jujuy","article_publisher":"https:\/\/www.facebook.com\/muyjujuycom","article_published_time":"2022-10-12T18:03:40+00:00","article_modified_time":"2022-10-12T18:03:43+00:00","og_image":[{"width":970,"height":546,"url":"https:\/\/www.muyjujuy.com\/wp-content\/uploads\/2022\/10\/WhatsApp-Image-2022-10-12-at-15.02.36.jpeg","type":"image\/jpeg"}],"author":"Redacci\u00f3n Muy Jujuy","twitter_card":"summary_large_image","twitter_creator":"@muyjujuy","twitter_site":"@muyjujuy","twitter_misc":{"Escrito por":"Redacci\u00f3n Muy Jujuy","Tiempo de lectura":"2 minutos"},"schema":{"@context":"https:\/\/schema.org","@graph":[{"@type":"Article","@id":"https:\/\/www.muyjujuy.com\/index.php\/2022\/10\/12\/la-quiaca-inauguraron-la-secundaria-no69-con-orientacion-en-robotica-y-programacion\/#article","isPartOf":{"@id":"https:\/\/www.muyjujuy.com\/index.php\/2022\/10\/12\/la-quiaca-inauguraron-la-secundaria-no69-con-orientacion-en-robotica-y-programacion\/"},"author":{"name":"Redacci\u00f3n Muy Jujuy","@id":"https:\/\/www.muyjujuy.com\/#\/schema\/person\/1d0f6e223ccea9e3f9034c1a5b683bf2"},"headline":"La Quiaca: inauguraron la Secundaria N\u00ba69 con orientaci\u00f3n en rob\u00f3tica y programaci\u00f3n","datePublished":"2022-10-12T18:03:40+00:00","dateModified":"2022-10-12T18:03:43+00:00","mainEntityOfPage":{"@id":"https:\/\/www.muyjujuy.com\/index.php\/2022\/10\/12\/la-quiaca-inauguraron-la-secundaria-no69-con-orientacion-en-robotica-y-programacion\/"},"wordCount":287,"commentCount":0,"publisher":{"@id":"https:\/\/www.muyjujuy.com\/#organization"},"image":{"@id":"https:\/\/www.muyjujuy.com\/index.php\/2022\/10\/12\/la-quiaca-inauguraron-la-secundaria-no69-con-orientacion-en-robotica-y-programacion\/#primaryimage"},"thumbnailUrl":"https:\/\/www.muyjujuy.com\/wp-content\/uploads\/2022\/10\/WhatsApp-Image-2022-10-12-at-15.02.36.jpeg","keywords":["Gerardo Morales","Jujuy"],"articleSection":["Pol\u00edtica"],"inLanguage":"es-AR","potentialAction":[{"@type":"CommentAction","name":"Comment","target":["https:\/\/www.muyjujuy.com\/index.php\/2022\/10\/12\/la-quiaca-inauguraron-la-secundaria-no69-con-orientacion-en-robotica-y-programacion\/#respond"]}]},{"@type":"WebPage","@id":"https:\/\/www.muyjujuy.com\/index.php\/2022\/10\/12\/la-quiaca-inauguraron-la-secundaria-no69-con-orientacion-en-robotica-y-programacion\/","url":"https:\/\/www.muyjujuy.com\/index.php\/2022\/10\/12\/la-quiaca-inauguraron-la-secundaria-no69-con-orientacion-en-robotica-y-programacion\/","name":"La Quiaca: inauguraron la Secundaria N\u00ba69 con orientaci\u00f3n en rob\u00f3tica y programaci\u00f3n - Muy Jujuy","isPartOf":{"@id":"https:\/\/www.muyjujuy.com\/#website"},"primaryImageOfPage":{"@id":"https:\/\/www.muyjujuy.com\/index.php\/2022\/10\/12\/la-quiaca-inauguraron-la-secundaria-no69-con-orientacion-en-robotica-y-programacion\/#primaryimage"},"image":{"@id":"https:\/\/www.muyjujuy.com\/index.php\/2022\/10\/12\/la-quiaca-inauguraron-la-secundaria-no69-con-orientacion-en-robotica-y-programacion\/#primaryimage"},"thumbnailUrl":"https:\/\/www.muyjujuy.com\/wp-content\/uploads\/2022\/10\/WhatsApp-Image-2022-10-12-at-15.02.36.jpeg","datePublished":"2022-10-12T18:03:40+00:00","dateModified":"2022-10-12T18:03:43+00:00","description":"La Provincia dej\u00f3 inaugurada una nueva escuela en La Quiaca que se construy\u00f3 en el marco del programa PROMACE.","breadcrumb":{"@id":"https:\/\/www.muyjujuy.com\/index.php\/2022\/10\/12\/la-quiaca-inauguraron-la-secundaria-no69-con-orientacion-en-robotica-y-programacion\/#breadcrumb"},"inLanguage":"es-AR","potentialAction":[{"@type":"ReadAction","target":["https:\/\/www.muyjujuy.com\/index.php\/2022\/10\/12\/la-quiaca-inauguraron-la-secundaria-no69-con-orientacion-en-robotica-y-programacion\/"]}]},{"@type":"ImageObject","inLanguage":"es-AR","@id":"https:\/\/www.muyjujuy.com\/index.php\/2022\/10\/12\/la-quiaca-inauguraron-la-secundaria-no69-con-orientacion-en-robotica-y-programacion\/#primaryimage","url":"https:\/\/www.muyjujuy.com\/wp-content\/uploads\/2022\/10\/WhatsApp-Image-2022-10-12-at-15.02.36.jpeg","contentUrl":"https:\/\/www.muyjujuy.com\/wp-content\/uploads\/2022\/10\/WhatsApp-Image-2022-10-12-at-15.02.36.jpeg","width":970,"height":546},{"@type":"BreadcrumbList","@id":"https:\/\/www.muyjujuy.com\/index.php\/2022\/10\/12\/la-quiaca-inauguraron-la-secundaria-no69-con-orientacion-en-robotica-y-programacion\/#breadcrumb","itemListElement":[{"@type":"ListItem","position":1,"name":"Inicio","item":"https:\/\/www.muyjujuy.com\/"},{"@type":"ListItem","position":2,"name":"La Quiaca: inauguraron la Secundaria N\u00ba69 con orientaci\u00f3n en rob\u00f3tica y programaci\u00f3n"}]},{"@type":"WebSite","@id":"https:\/\/www.muyjujuy.com\/#website","url":"https:\/\/www.muyjujuy.com\/","name":"Muy Jujuy","description":"","publisher":{"@id":"https:\/\/www.muyjujuy.com\/#organization"},"potentialAction":[{"@type":"SearchAction","target":{"@type":"EntryPoint","urlTemplate":"https:\/\/www.muyjujuy.com\/?s={search_term_string}"},"query-input":{"@type":"PropertyValueSpecification","valueRequired":true,"valueName":"search_term_string"}}],"inLanguage":"es-AR"},{"@type":"Organization","@id":"https:\/\/www.muyjujuy.com\/#organization","name":"Muy Jujuy","url":"https:\/\/www.muyjujuy.com\/","logo":{"@type":"ImageObject","inLanguage":"es-AR","@id":"https:\/\/www.muyjujuy.com\/#\/schema\/logo\/image\/","url":"http:\/\/www.muyjujuy.com\/wp-content\/uploads\/2022\/05\/logo-mobil-jujuy.png","contentUrl":"http:\/\/www.muyjujuy.com\/wp-content\/uploads\/2022\/05\/logo-mobil-jujuy.png","width":174,"height":81,"caption":"Muy Jujuy"},"image":{"@id":"https:\/\/www.muyjujuy.com\/#\/schema\/logo\/image\/"},"sameAs":["https:\/\/www.facebook.com\/muyjujuycom","https:\/\/x.com\/muyjujuy","https:\/\/www.instagram.com\/muyjujuycom"]},{"@type":"Person","@id":"https:\/\/www.muyjujuy.com\/#\/schema\/person\/1d0f6e223ccea9e3f9034c1a5b683bf2","name":"Redacci\u00f3n Muy Jujuy","image":{"@type":"ImageObject","inLanguage":"es-AR","@id":"https:\/\/secure.gravatar.com\/avatar\/fec5f6f1893d741ed5eecccff109ce43e67a855411202a3212a058cb8e5c27d4?s=96&d=mm&r=g","url":"https:\/\/secure.gravatar.com\/avatar\/fec5f6f1893d741ed5eecccff109ce43e67a855411202a3212a058cb8e5c27d4?s=96&d=mm&r=g","contentUrl":"https:\/\/secure.gravatar.com\/avatar\/fec5f6f1893d741ed5eecccff109ce43e67a855411202a3212a058cb8e5c27d4?s=96&d=mm&r=g","caption":"Redacci\u00f3n Muy Jujuy"},"url":"https:\/\/www.muyjujuy.com\/index.php\/author\/editor\/"}]}},"_links":{"self":[{"href":"https:\/\/www.muyjujuy.com\/index.php\/wp-json\/wp\/v2\/posts\/1745","targetHints":{"allow":["GET"]}}],"collection":[{"href":"https:\/\/www.muyjujuy.com\/index.php\/wp-json\/wp\/v2\/posts"}],"about":[{"href":"https:\/\/www.muyjujuy.com\/index.php\/wp-json\/wp\/v2\/types\/post"}],"author":[{"embeddable":true,"href":"https:\/\/www.muyjujuy.com\/index.php\/wp-json\/wp\/v2\/users\/3"}],"replies":[{"embeddable":true,"href":"https:\/\/www.muyjujuy.com\/index.php\/wp-json\/wp\/v2\/comments?post=1745"}],"version-history":[{"count":1,"href":"https:\/\/www.muyjujuy.com\/index.php\/wp-json\/wp\/v2\/posts\/1745\/revisions"}],"predecessor-version":[{"id":1747,"href":"https:\/\/www.muyjujuy.com\/index.php\/wp-json\/wp\/v2\/posts\/1745\/revisions\/1747"}],"wp:featuredmedia":[{"embeddable":true,"href":"https:\/\/www.muyjujuy.com\/index.php\/wp-json\/wp\/v2\/media\/1746"}],"wp:attachment":[{"href":"https:\/\/www.muyjujuy.com\/index.php\/wp-json\/wp\/v2\/media?parent=1745"}],"wp:term":[{"taxonomy":"category","embeddable":true,"href":"https:\/\/www.muyjujuy.com\/index.php\/wp-json\/wp\/v2\/categories?post=1745"},{"taxonomy":"post_tag","embeddable":true,"href":"https:\/\/www.muyjujuy.com\/index.php\/wp-json\/wp\/v2\/tags?post=1745"}],"curies":[{"name":"wp","href":"https:\/\/api.w.org\/{rel}","templated":true}]}}