{"id":1758,"date":"2022-10-13T13:01:15","date_gmt":"2022-10-13T16:01:15","guid":{"rendered":"https:\/\/www.muyjujuy.com\/?p=1758"},"modified":"2022-10-13T13:01:20","modified_gmt":"2022-10-13T16:01:20","slug":"morales-confirmo-que-desdoblara-las-elecciones-provinciales-de-las-nacionales","status":"publish","type":"post","link":"https:\/\/www.muyjujuy.com\/index.php\/2022\/10\/13\/morales-confirmo-que-desdoblara-las-elecciones-provinciales-de-las-nacionales\/","title":{"rendered":"Morales confirm\u00f3 que desdoblar\u00e1 las elecciones provinciales de las nacionales"},"content":{"rendered":"\n<p id=\"titulo_cable\"><em>El gobernador ratific\u00f3 que no ir\u00e1 por la relecci\u00f3n en las elecciones del 2023.<\/em><\/p>\n\n\n\n<p>El gobernador de Jujuy, <strong>Gerardo Morales<\/strong>, anunci\u00f3 que las elecciones de <strong>convencionales constituyentes <\/strong>para discutir la reforma parcial de la Constituci\u00f3n local y <strong>los comicios provinciales se realizar\u00e1n de manera simult\u00e1nea<\/strong>. En tanto, no precis\u00f3 una fecha exacta y <strong>confirm\u00f3 el desdoblamiento de los comicios locales de los nacionales.<\/strong><\/p>\n\n\n\n<p>Morales hizo los anuncios en una conferencia de prensa acompa\u00f1ado por el vicegobernador,<strong> Carlos Haquim.<\/strong><\/p>\n\n\n\n<p>Al ser consutlado sobre el momento para la realizaci\u00f3n de la contienda electoral, refiri\u00f3:<strong> &#8220;No tenemos una definici\u00f3n sobre la fecha, todo tiene que encuadrarse en el articulo 18 de la Constituci\u00f3n provincial y ello lo anunciaremos oportunamente&#8221;.<\/strong><\/p>\n\n\n\n<p>Tras conseguir en la Legislatura juje\u00f1a la <a href=\"https:\/\/www.muyjujuy.com\/index.php\/2022\/09\/27\/la-legislatura-de-jujuy-aprobo-la-necesidad-de-la-reforma-de-la-constitucion\/\">aprobaci\u00f3n para dar continuidad al proceso de la reforma parcial de la Constituci\u00f3n provincial<\/a>,<strong> Morales unificar\u00e1 las elecciones de convencionales constituyentes <\/strong>y la contienda para elegir al nuevo gobernador, intendentes y cargos legislativos.<\/p>\n\n\n\n<p>&#8220;No pretendemos con la reforma una re-reelecci\u00f3n sino<strong> realmente dejar una Constituci\u00f3n para los tiempos<\/strong>. As\u00ed que va a haber un candidato a gobernador que no voy a ser yo&#8221;, afirm\u00f3 Morales. De esta forma, reiter\u00f3 que no <strong>ser\u00e1 parte de la f\u00f3rmula a gobernador del espacio oficialista.<\/strong><\/p>\n\n\n\n<p>&#8220;El tiempo que va a llevar desde la aprobaci\u00f3n de la ley hasta que convoquemos a las elecciones provinciales en conjunto a las de constituyente va a ser un buen tiempo para lograr la mayor s\u00edntesis de acuerdo con los espacios pol\u00edticos&#8221;, explic\u00f3.<\/p>\n\n\n\n<h2 class=\"wp-block-heading\"><strong>Elecciones en simultaneo<\/strong><\/h2>\n\n\n\n<p>Otro de los puntos para realizar las elecciones de manera simult\u00e1nea se debe a &#8220;<strong>una situaci\u00f3n econ\u00f3mica dif\u00edcil, debido a que la inflaci\u00f3n no cede, no baja, lo que requiere no incurrir en mayores erogaciones&#8221;<\/strong>.<\/p>\n\n\n\n<p>Morales ponder\u00f3 nuevamente las premisas que impulsa con la reforma parcial de la Constituci\u00f3n de Jujuy que busca, entre 47 puntos: <strong>avanzar en restricciones para las protestas sociales<\/strong>, promueve la prohibici\u00f3n del indulto a quienes cometan delitos de corrupci\u00f3n. Adem\u00e1s, destaca <strong>no modificar la cl\u00e1usula respecto a la no re-reelecci\u00f3n a gobernador.<\/strong><\/p>\n\n\n\n<p>&#8220;Est\u00e1 abierto el debate, hay muchos que se oponen a los puntos establecidos, pero todav\u00eda hay mucho para discutir, es un paso en lo institucional muy importante el que estamos dando&#8221;, sostuvo sobre ese punto.<\/p>\n\n\n\n<p>El referente radical reiter\u00f3 que &#8220;habr\u00e1 m\u00e1s tiempo para elegir a las autoridades&#8221; y ratific\u00f3 sus intenciones de competir en las elecciones presidenciales, aunque requiri\u00f3 &#8220;que no lo bajen&#8221; de la candidatura al mandato nacional, en el marco de las internas de JxC.<\/p>\n\n\n\n<p>En relaci\u00f3n a las elecciones PASO, reafirm\u00f3 &#8220;la necesidad del espacio Juntos por el Cambio para sostener las elecciones primarias&#8221;, aunque advirti\u00f3 que el Gobierno nacional resolver\u00e1 esa situaci\u00f3n.<\/p>\n","protected":false},"excerpt":{"rendered":"<p>El gobernador ratific\u00f3 que no ir\u00e1 por la relecci\u00f3n en las elecciones del 2023. El gobernador de Jujuy, Gerardo Morales, anunci\u00f3 que las elecciones de convencionales constituyentes para discutir la reforma parcial de la Constituci\u00f3n local y los comicios provinciales se realizar\u00e1n de manera simult\u00e1nea. En tanto, no precis\u00f3 una fecha exacta y confirm\u00f3 el [&hellip;]<\/p>\n","protected":false},"author":3,"featured_media":1236,"comment_status":"open","ping_status":"open","sticky":false,"template":"","format":"standard","meta":{"footnotes":""},"categories":[24],"tags":[5,8],"class_list":{"0":"post-1758","1":"post","2":"type-post","3":"status-publish","4":"format-standard","5":"has-post-thumbnail","7":"category-politica","8":"tag-gerardo-morales","9":"tag-jujuy"},"yoast_head":"<!-- This site is optimized with the Yoast SEO plugin v27.5 - https:\/\/yoast.com\/product\/yoast-seo-wordpress\/ -->\n<title>Morales confirm\u00f3 que desdoblar\u00e1 las elecciones provinciales de las nacionales - Muy Jujuy<\/title>\n<meta name=\"description\" content=\"El gobernador Gerardo Morales confirm\u00f3 que se desdoblar\u00e1n las elecciones provinciales de las nacionales y ratitifc\u00f3 que no ir\u00e1 por la reelecci\u00f3n.\" \/>\n<meta name=\"robots\" content=\"index, follow, max-snippet:-1, max-image-preview:large, max-video-preview:-1\" \/>\n<link rel=\"canonical\" href=\"https:\/\/www.muyjujuy.com\/index.php\/2022\/10\/13\/morales-confirmo-que-desdoblara-las-elecciones-provinciales-de-las-nacionales\/\" \/>\n<meta property=\"og:locale\" content=\"es_ES\" \/>\n<meta property=\"og:type\" content=\"article\" \/>\n<meta property=\"og:title\" content=\"Morales confirm\u00f3 que desdoblar\u00e1 las elecciones provinciales de las nacionales - Muy Jujuy\" \/>\n<meta property=\"og:description\" content=\"El gobernador Gerardo Morales confirm\u00f3 que se desdoblar\u00e1n las elecciones provinciales de las nacionales y ratitifc\u00f3 que no ir\u00e1 por la reelecci\u00f3n.\" \/>\n<meta property=\"og:url\" content=\"https:\/\/www.muyjujuy.com\/index.php\/2022\/10\/13\/morales-confirmo-que-desdoblara-las-elecciones-provinciales-de-las-nacionales\/\" \/>\n<meta property=\"og:site_name\" content=\"Muy Jujuy\" \/>\n<meta property=\"article:publisher\" content=\"https:\/\/www.facebook.com\/muyjujuycom\" \/>\n<meta property=\"article:published_time\" content=\"2022-10-13T16:01:15+00:00\" \/>\n<meta property=\"article:modified_time\" content=\"2022-10-13T16:01:20+00:00\" \/>\n<meta property=\"og:image\" content=\"https:\/\/www.muyjujuy.com\/wp-content\/uploads\/2022\/08\/gerardo-morales-en-la-entrevista-con-jorge-fontevecchia-1235466.jpg\" \/>\n\t<meta property=\"og:image:width\" content=\"900\" \/>\n\t<meta property=\"og:image:height\" content=\"505\" \/>\n\t<meta property=\"og:image:type\" content=\"image\/jpeg\" \/>\n<meta name=\"author\" content=\"Redacci\u00f3n Muy Jujuy\" \/>\n<meta name=\"twitter:card\" content=\"summary_large_image\" \/>\n<meta name=\"twitter:creator\" content=\"@muyjujuy\" \/>\n<meta name=\"twitter:site\" content=\"@muyjujuy\" \/>\n<meta name=\"twitter:label1\" content=\"Escrito por\" \/>\n\t<meta name=\"twitter:data1\" content=\"Redacci\u00f3n Muy Jujuy\" \/>\n\t<meta name=\"twitter:label2\" content=\"Tiempo de lectura\" \/>\n\t<meta name=\"twitter:data2\" content=\"3 minutos\" \/>\n<script type=\"application\/ld+json\" class=\"yoast-schema-graph\">{\"@context\":\"https:\\\/\\\/schema.org\",\"@graph\":[{\"@type\":\"Article\",\"@id\":\"https:\\\/\\\/www.muyjujuy.com\\\/index.php\\\/2022\\\/10\\\/13\\\/morales-confirmo-que-desdoblara-las-elecciones-provinciales-de-las-nacionales\\\/#article\",\"isPartOf\":{\"@id\":\"https:\\\/\\\/www.muyjujuy.com\\\/index.php\\\/2022\\\/10\\\/13\\\/morales-confirmo-que-desdoblara-las-elecciones-provinciales-de-las-nacionales\\\/\"},\"author\":{\"name\":\"Redacci\u00f3n Muy Jujuy\",\"@id\":\"https:\\\/\\\/www.muyjujuy.com\\\/#\\\/schema\\\/person\\\/1d0f6e223ccea9e3f9034c1a5b683bf2\"},\"headline\":\"Morales confirm\u00f3 que desdoblar\u00e1 las elecciones provinciales de las nacionales\",\"datePublished\":\"2022-10-13T16:01:15+00:00\",\"dateModified\":\"2022-10-13T16:01:20+00:00\",\"mainEntityOfPage\":{\"@id\":\"https:\\\/\\\/www.muyjujuy.com\\\/index.php\\\/2022\\\/10\\\/13\\\/morales-confirmo-que-desdoblara-las-elecciones-provinciales-de-las-nacionales\\\/\"},\"wordCount\":483,\"commentCount\":0,\"publisher\":{\"@id\":\"https:\\\/\\\/www.muyjujuy.com\\\/#organization\"},\"image\":{\"@id\":\"https:\\\/\\\/www.muyjujuy.com\\\/index.php\\\/2022\\\/10\\\/13\\\/morales-confirmo-que-desdoblara-las-elecciones-provinciales-de-las-nacionales\\\/#primaryimage\"},\"thumbnailUrl\":\"https:\\\/\\\/www.muyjujuy.com\\\/wp-content\\\/uploads\\\/2022\\\/08\\\/gerardo-morales-en-la-entrevista-con-jorge-fontevecchia-1235466.jpg\",\"keywords\":[\"Gerardo Morales\",\"Jujuy\"],\"articleSection\":[\"Pol\u00edtica\"],\"inLanguage\":\"es-AR\",\"potentialAction\":[{\"@type\":\"CommentAction\",\"name\":\"Comment\",\"target\":[\"https:\\\/\\\/www.muyjujuy.com\\\/index.php\\\/2022\\\/10\\\/13\\\/morales-confirmo-que-desdoblara-las-elecciones-provinciales-de-las-nacionales\\\/#respond\"]}]},{\"@type\":\"WebPage\",\"@id\":\"https:\\\/\\\/www.muyjujuy.com\\\/index.php\\\/2022\\\/10\\\/13\\\/morales-confirmo-que-desdoblara-las-elecciones-provinciales-de-las-nacionales\\\/\",\"url\":\"https:\\\/\\\/www.muyjujuy.com\\\/index.php\\\/2022\\\/10\\\/13\\\/morales-confirmo-que-desdoblara-las-elecciones-provinciales-de-las-nacionales\\\/\",\"name\":\"Morales confirm\u00f3 que desdoblar\u00e1 las elecciones provinciales de las nacionales - Muy Jujuy\",\"isPartOf\":{\"@id\":\"https:\\\/\\\/www.muyjujuy.com\\\/#website\"},\"primaryImageOfPage\":{\"@id\":\"https:\\\/\\\/www.muyjujuy.com\\\/index.php\\\/2022\\\/10\\\/13\\\/morales-confirmo-que-desdoblara-las-elecciones-provinciales-de-las-nacionales\\\/#primaryimage\"},\"image\":{\"@id\":\"https:\\\/\\\/www.muyjujuy.com\\\/index.php\\\/2022\\\/10\\\/13\\\/morales-confirmo-que-desdoblara-las-elecciones-provinciales-de-las-nacionales\\\/#primaryimage\"},\"thumbnailUrl\":\"https:\\\/\\\/www.muyjujuy.com\\\/wp-content\\\/uploads\\\/2022\\\/08\\\/gerardo-morales-en-la-entrevista-con-jorge-fontevecchia-1235466.jpg\",\"datePublished\":\"2022-10-13T16:01:15+00:00\",\"dateModified\":\"2022-10-13T16:01:20+00:00\",\"description\":\"El gobernador Gerardo Morales confirm\u00f3 que se desdoblar\u00e1n las elecciones provinciales de las nacionales y ratitifc\u00f3 que no ir\u00e1 por la reelecci\u00f3n.\",\"breadcrumb\":{\"@id\":\"https:\\\/\\\/www.muyjujuy.com\\\/index.php\\\/2022\\\/10\\\/13\\\/morales-confirmo-que-desdoblara-las-elecciones-provinciales-de-las-nacionales\\\/#breadcrumb\"},\"inLanguage\":\"es-AR\",\"potentialAction\":[{\"@type\":\"ReadAction\",\"target\":[\"https:\\\/\\\/www.muyjujuy.com\\\/index.php\\\/2022\\\/10\\\/13\\\/morales-confirmo-que-desdoblara-las-elecciones-provinciales-de-las-nacionales\\\/\"]}]},{\"@type\":\"ImageObject\",\"inLanguage\":\"es-AR\",\"@id\":\"https:\\\/\\\/www.muyjujuy.com\\\/index.php\\\/2022\\\/10\\\/13\\\/morales-confirmo-que-desdoblara-las-elecciones-provinciales-de-las-nacionales\\\/#primaryimage\",\"url\":\"https:\\\/\\\/www.muyjujuy.com\\\/wp-content\\\/uploads\\\/2022\\\/08\\\/gerardo-morales-en-la-entrevista-con-jorge-fontevecchia-1235466.jpg\",\"contentUrl\":\"https:\\\/\\\/www.muyjujuy.com\\\/wp-content\\\/uploads\\\/2022\\\/08\\\/gerardo-morales-en-la-entrevista-con-jorge-fontevecchia-1235466.jpg\",\"width\":900,\"height\":505},{\"@type\":\"BreadcrumbList\",\"@id\":\"https:\\\/\\\/www.muyjujuy.com\\\/index.php\\\/2022\\\/10\\\/13\\\/morales-confirmo-que-desdoblara-las-elecciones-provinciales-de-las-nacionales\\\/#breadcrumb\",\"itemListElement\":[{\"@type\":\"ListItem\",\"position\":1,\"name\":\"Inicio\",\"item\":\"https:\\\/\\\/www.muyjujuy.com\\\/\"},{\"@type\":\"ListItem\",\"position\":2,\"name\":\"Morales confirm\u00f3 que desdoblar\u00e1 las elecciones provinciales de las nacionales\"}]},{\"@type\":\"WebSite\",\"@id\":\"https:\\\/\\\/www.muyjujuy.com\\\/#website\",\"url\":\"https:\\\/\\\/www.muyjujuy.com\\\/\",\"name\":\"Muy Jujuy\",\"description\":\"\",\"publisher\":{\"@id\":\"https:\\\/\\\/www.muyjujuy.com\\\/#organization\"},\"potentialAction\":[{\"@type\":\"SearchAction\",\"target\":{\"@type\":\"EntryPoint\",\"urlTemplate\":\"https:\\\/\\\/www.muyjujuy.com\\\/?s={search_term_string}\"},\"query-input\":{\"@type\":\"PropertyValueSpecification\",\"valueRequired\":true,\"valueName\":\"search_term_string\"}}],\"inLanguage\":\"es-AR\"},{\"@type\":\"Organization\",\"@id\":\"https:\\\/\\\/www.muyjujuy.com\\\/#organization\",\"name\":\"Muy Jujuy\",\"url\":\"https:\\\/\\\/www.muyjujuy.com\\\/\",\"logo\":{\"@type\":\"ImageObject\",\"inLanguage\":\"es-AR\",\"@id\":\"https:\\\/\\\/www.muyjujuy.com\\\/#\\\/schema\\\/logo\\\/image\\\/\",\"url\":\"http:\\\/\\\/www.muyjujuy.com\\\/wp-content\\\/uploads\\\/2022\\\/05\\\/logo-mobil-jujuy.png\",\"contentUrl\":\"http:\\\/\\\/www.muyjujuy.com\\\/wp-content\\\/uploads\\\/2022\\\/05\\\/logo-mobil-jujuy.png\",\"width\":174,\"height\":81,\"caption\":\"Muy Jujuy\"},\"image\":{\"@id\":\"https:\\\/\\\/www.muyjujuy.com\\\/#\\\/schema\\\/logo\\\/image\\\/\"},\"sameAs\":[\"https:\\\/\\\/www.facebook.com\\\/muyjujuycom\",\"https:\\\/\\\/x.com\\\/muyjujuy\",\"https:\\\/\\\/www.instagram.com\\\/muyjujuycom\"]},{\"@type\":\"Person\",\"@id\":\"https:\\\/\\\/www.muyjujuy.com\\\/#\\\/schema\\\/person\\\/1d0f6e223ccea9e3f9034c1a5b683bf2\",\"name\":\"Redacci\u00f3n Muy Jujuy\",\"image\":{\"@type\":\"ImageObject\",\"inLanguage\":\"es-AR\",\"@id\":\"https:\\\/\\\/secure.gravatar.com\\\/avatar\\\/fec5f6f1893d741ed5eecccff109ce43e67a855411202a3212a058cb8e5c27d4?s=96&d=mm&r=g\",\"url\":\"https:\\\/\\\/secure.gravatar.com\\\/avatar\\\/fec5f6f1893d741ed5eecccff109ce43e67a855411202a3212a058cb8e5c27d4?s=96&d=mm&r=g\",\"contentUrl\":\"https:\\\/\\\/secure.gravatar.com\\\/avatar\\\/fec5f6f1893d741ed5eecccff109ce43e67a855411202a3212a058cb8e5c27d4?s=96&d=mm&r=g\",\"caption\":\"Redacci\u00f3n Muy Jujuy\"},\"url\":\"https:\\\/\\\/www.muyjujuy.com\\\/index.php\\\/author\\\/editor\\\/\"}]}<\/script>\n<!-- \/ Yoast SEO plugin. -->","yoast_head_json":{"title":"Morales confirm\u00f3 que desdoblar\u00e1 las elecciones provinciales de las nacionales - Muy Jujuy","description":"El gobernador Gerardo Morales confirm\u00f3 que se desdoblar\u00e1n las elecciones provinciales de las nacionales y ratitifc\u00f3 que no ir\u00e1 por la reelecci\u00f3n.","robots":{"index":"index","follow":"follow","max-snippet":"max-snippet:-1","max-image-preview":"max-image-preview:large","max-video-preview":"max-video-preview:-1"},"canonical":"https:\/\/www.muyjujuy.com\/index.php\/2022\/10\/13\/morales-confirmo-que-desdoblara-las-elecciones-provinciales-de-las-nacionales\/","og_locale":"es_ES","og_type":"article","og_title":"Morales confirm\u00f3 que desdoblar\u00e1 las elecciones provinciales de las nacionales - Muy Jujuy","og_description":"El gobernador Gerardo Morales confirm\u00f3 que se desdoblar\u00e1n las elecciones provinciales de las nacionales y ratitifc\u00f3 que no ir\u00e1 por la reelecci\u00f3n.","og_url":"https:\/\/www.muyjujuy.com\/index.php\/2022\/10\/13\/morales-confirmo-que-desdoblara-las-elecciones-provinciales-de-las-nacionales\/","og_site_name":"Muy Jujuy","article_publisher":"https:\/\/www.facebook.com\/muyjujuycom","article_published_time":"2022-10-13T16:01:15+00:00","article_modified_time":"2022-10-13T16:01:20+00:00","og_image":[{"width":900,"height":505,"url":"https:\/\/www.muyjujuy.com\/wp-content\/uploads\/2022\/08\/gerardo-morales-en-la-entrevista-con-jorge-fontevecchia-1235466.jpg","type":"image\/jpeg"}],"author":"Redacci\u00f3n Muy Jujuy","twitter_card":"summary_large_image","twitter_creator":"@muyjujuy","twitter_site":"@muyjujuy","twitter_misc":{"Escrito por":"Redacci\u00f3n Muy Jujuy","Tiempo de lectura":"3 minutos"},"schema":{"@context":"https:\/\/schema.org","@graph":[{"@type":"Article","@id":"https:\/\/www.muyjujuy.com\/index.php\/2022\/10\/13\/morales-confirmo-que-desdoblara-las-elecciones-provinciales-de-las-nacionales\/#article","isPartOf":{"@id":"https:\/\/www.muyjujuy.com\/index.php\/2022\/10\/13\/morales-confirmo-que-desdoblara-las-elecciones-provinciales-de-las-nacionales\/"},"author":{"name":"Redacci\u00f3n Muy Jujuy","@id":"https:\/\/www.muyjujuy.com\/#\/schema\/person\/1d0f6e223ccea9e3f9034c1a5b683bf2"},"headline":"Morales confirm\u00f3 que desdoblar\u00e1 las elecciones provinciales de las nacionales","datePublished":"2022-10-13T16:01:15+00:00","dateModified":"2022-10-13T16:01:20+00:00","mainEntityOfPage":{"@id":"https:\/\/www.muyjujuy.com\/index.php\/2022\/10\/13\/morales-confirmo-que-desdoblara-las-elecciones-provinciales-de-las-nacionales\/"},"wordCount":483,"commentCount":0,"publisher":{"@id":"https:\/\/www.muyjujuy.com\/#organization"},"image":{"@id":"https:\/\/www.muyjujuy.com\/index.php\/2022\/10\/13\/morales-confirmo-que-desdoblara-las-elecciones-provinciales-de-las-nacionales\/#primaryimage"},"thumbnailUrl":"https:\/\/www.muyjujuy.com\/wp-content\/uploads\/2022\/08\/gerardo-morales-en-la-entrevista-con-jorge-fontevecchia-1235466.jpg","keywords":["Gerardo Morales","Jujuy"],"articleSection":["Pol\u00edtica"],"inLanguage":"es-AR","potentialAction":[{"@type":"CommentAction","name":"Comment","target":["https:\/\/www.muyjujuy.com\/index.php\/2022\/10\/13\/morales-confirmo-que-desdoblara-las-elecciones-provinciales-de-las-nacionales\/#respond"]}]},{"@type":"WebPage","@id":"https:\/\/www.muyjujuy.com\/index.php\/2022\/10\/13\/morales-confirmo-que-desdoblara-las-elecciones-provinciales-de-las-nacionales\/","url":"https:\/\/www.muyjujuy.com\/index.php\/2022\/10\/13\/morales-confirmo-que-desdoblara-las-elecciones-provinciales-de-las-nacionales\/","name":"Morales confirm\u00f3 que desdoblar\u00e1 las elecciones provinciales de las nacionales - Muy Jujuy","isPartOf":{"@id":"https:\/\/www.muyjujuy.com\/#website"},"primaryImageOfPage":{"@id":"https:\/\/www.muyjujuy.com\/index.php\/2022\/10\/13\/morales-confirmo-que-desdoblara-las-elecciones-provinciales-de-las-nacionales\/#primaryimage"},"image":{"@id":"https:\/\/www.muyjujuy.com\/index.php\/2022\/10\/13\/morales-confirmo-que-desdoblara-las-elecciones-provinciales-de-las-nacionales\/#primaryimage"},"thumbnailUrl":"https:\/\/www.muyjujuy.com\/wp-content\/uploads\/2022\/08\/gerardo-morales-en-la-entrevista-con-jorge-fontevecchia-1235466.jpg","datePublished":"2022-10-13T16:01:15+00:00","dateModified":"2022-10-13T16:01:20+00:00","description":"El gobernador Gerardo Morales confirm\u00f3 que se desdoblar\u00e1n las elecciones provinciales de las nacionales y ratitifc\u00f3 que no ir\u00e1 por la reelecci\u00f3n.","breadcrumb":{"@id":"https:\/\/www.muyjujuy.com\/index.php\/2022\/10\/13\/morales-confirmo-que-desdoblara-las-elecciones-provinciales-de-las-nacionales\/#breadcrumb"},"inLanguage":"es-AR","potentialAction":[{"@type":"ReadAction","target":["https:\/\/www.muyjujuy.com\/index.php\/2022\/10\/13\/morales-confirmo-que-desdoblara-las-elecciones-provinciales-de-las-nacionales\/"]}]},{"@type":"ImageObject","inLanguage":"es-AR","@id":"https:\/\/www.muyjujuy.com\/index.php\/2022\/10\/13\/morales-confirmo-que-desdoblara-las-elecciones-provinciales-de-las-nacionales\/#primaryimage","url":"https:\/\/www.muyjujuy.com\/wp-content\/uploads\/2022\/08\/gerardo-morales-en-la-entrevista-con-jorge-fontevecchia-1235466.jpg","contentUrl":"https:\/\/www.muyjujuy.com\/wp-content\/uploads\/2022\/08\/gerardo-morales-en-la-entrevista-con-jorge-fontevecchia-1235466.jpg","width":900,"height":505},{"@type":"BreadcrumbList","@id":"https:\/\/www.muyjujuy.com\/index.php\/2022\/10\/13\/morales-confirmo-que-desdoblara-las-elecciones-provinciales-de-las-nacionales\/#breadcrumb","itemListElement":[{"@type":"ListItem","position":1,"name":"Inicio","item":"https:\/\/www.muyjujuy.com\/"},{"@type":"ListItem","position":2,"name":"Morales confirm\u00f3 que desdoblar\u00e1 las elecciones provinciales de las nacionales"}]},{"@type":"WebSite","@id":"https:\/\/www.muyjujuy.com\/#website","url":"https:\/\/www.muyjujuy.com\/","name":"Muy Jujuy","description":"","publisher":{"@id":"https:\/\/www.muyjujuy.com\/#organization"},"potentialAction":[{"@type":"SearchAction","target":{"@type":"EntryPoint","urlTemplate":"https:\/\/www.muyjujuy.com\/?s={search_term_string}"},"query-input":{"@type":"PropertyValueSpecification","valueRequired":true,"valueName":"search_term_string"}}],"inLanguage":"es-AR"},{"@type":"Organization","@id":"https:\/\/www.muyjujuy.com\/#organization","name":"Muy Jujuy","url":"https:\/\/www.muyjujuy.com\/","logo":{"@type":"ImageObject","inLanguage":"es-AR","@id":"https:\/\/www.muyjujuy.com\/#\/schema\/logo\/image\/","url":"http:\/\/www.muyjujuy.com\/wp-content\/uploads\/2022\/05\/logo-mobil-jujuy.png","contentUrl":"http:\/\/www.muyjujuy.com\/wp-content\/uploads\/2022\/05\/logo-mobil-jujuy.png","width":174,"height":81,"caption":"Muy Jujuy"},"image":{"@id":"https:\/\/www.muyjujuy.com\/#\/schema\/logo\/image\/"},"sameAs":["https:\/\/www.facebook.com\/muyjujuycom","https:\/\/x.com\/muyjujuy","https:\/\/www.instagram.com\/muyjujuycom"]},{"@type":"Person","@id":"https:\/\/www.muyjujuy.com\/#\/schema\/person\/1d0f6e223ccea9e3f9034c1a5b683bf2","name":"Redacci\u00f3n Muy Jujuy","image":{"@type":"ImageObject","inLanguage":"es-AR","@id":"https:\/\/secure.gravatar.com\/avatar\/fec5f6f1893d741ed5eecccff109ce43e67a855411202a3212a058cb8e5c27d4?s=96&d=mm&r=g","url":"https:\/\/secure.gravatar.com\/avatar\/fec5f6f1893d741ed5eecccff109ce43e67a855411202a3212a058cb8e5c27d4?s=96&d=mm&r=g","contentUrl":"https:\/\/secure.gravatar.com\/avatar\/fec5f6f1893d741ed5eecccff109ce43e67a855411202a3212a058cb8e5c27d4?s=96&d=mm&r=g","caption":"Redacci\u00f3n Muy Jujuy"},"url":"https:\/\/www.muyjujuy.com\/index.php\/author\/editor\/"}]}},"_links":{"self":[{"href":"https:\/\/www.muyjujuy.com\/index.php\/wp-json\/wp\/v2\/posts\/1758","targetHints":{"allow":["GET"]}}],"collection":[{"href":"https:\/\/www.muyjujuy.com\/index.php\/wp-json\/wp\/v2\/posts"}],"about":[{"href":"https:\/\/www.muyjujuy.com\/index.php\/wp-json\/wp\/v2\/types\/post"}],"author":[{"embeddable":true,"href":"https:\/\/www.muyjujuy.com\/index.php\/wp-json\/wp\/v2\/users\/3"}],"replies":[{"embeddable":true,"href":"https:\/\/www.muyjujuy.com\/index.php\/wp-json\/wp\/v2\/comments?post=1758"}],"version-history":[{"count":1,"href":"https:\/\/www.muyjujuy.com\/index.php\/wp-json\/wp\/v2\/posts\/1758\/revisions"}],"predecessor-version":[{"id":1759,"href":"https:\/\/www.muyjujuy.com\/index.php\/wp-json\/wp\/v2\/posts\/1758\/revisions\/1759"}],"wp:featuredmedia":[{"embeddable":true,"href":"https:\/\/www.muyjujuy.com\/index.php\/wp-json\/wp\/v2\/media\/1236"}],"wp:attachment":[{"href":"https:\/\/www.muyjujuy.com\/index.php\/wp-json\/wp\/v2\/media?parent=1758"}],"wp:term":[{"taxonomy":"category","embeddable":true,"href":"https:\/\/www.muyjujuy.com\/index.php\/wp-json\/wp\/v2\/categories?post=1758"},{"taxonomy":"post_tag","embeddable":true,"href":"https:\/\/www.muyjujuy.com\/index.php\/wp-json\/wp\/v2\/tags?post=1758"}],"curies":[{"name":"wp","href":"https:\/\/api.w.org\/{rel}","templated":true}]}}