{"id":1760,"date":"2022-10-13T13:09:52","date_gmt":"2022-10-13T16:09:52","guid":{"rendered":"https:\/\/www.muyjujuy.com\/?p=1760"},"modified":"2022-10-13T13:09:54","modified_gmt":"2022-10-13T16:09:54","slug":"se-viene-en-jujuy-el-coplatrap-unfestival-fusion-entre-cantores-de-copla-y-jovenes-traperos","status":"publish","type":"post","link":"https:\/\/www.muyjujuy.com\/index.php\/2022\/10\/13\/se-viene-en-jujuy-el-coplatrap-unfestival-fusion-entre-cantores-de-copla-y-jovenes-traperos\/","title":{"rendered":"Se viene en Jujuy el Coplatrap, unfestival fusi\u00f3n entre cantores de copla y j\u00f3venes traperos"},"content":{"rendered":"\n<p><em>El festival Coplatrap se llevar\u00e1 a cabo este s\u00e1bado 15 de octubre en la Plaza Independencia de San Salvador.<\/em><\/p>\n\n\n\n<p>Un festival de topamiento entre distintas generaciones de artistas juje\u00f1os tendr\u00e1 lugar el pr\u00f3ximo <strong>s\u00e1bado 15 en Jujuy, <\/strong>en el marco del programa <strong>Festivales Argentino<\/strong>s. El objetivo es mantener vivo el canto de copla con caja a trav\u00e9s de su fusi\u00f3n con el trap,<\/p>\n\n\n\n<p><strong>\u201cCoplatrap\u201d<\/strong> se denomina el evento que junto a otras actividades en agenda se desarrollar\u00e1 a partir de las 15. <strong>Tendr\u00e1  como escenario la plaza de Los Inmigrantes<\/strong>. Estar\u00e1 situada en cercan\u00edas al microcentro de San Salvador.<\/p>\n\n\n\n<p><strong>&#8220;Se trata de experimentar como dos expresiones art\u00edsticas que parecieran ser antag\u00f3nicas tienen ra\u00edces muy comunes, <\/strong>que son las pr\u00e1cticas colectivas, comunitarias; la posibilidad de contar la realidad, historias de la gente com\u00fan\u201d, coment\u00f3 a <em>T\u00e9lam <\/em>Jimena Sivila Soza.<\/p>\n\n\n\n<p>Agreg\u00f3 que se apuesta a reflexionar respecto a que<strong> \u201ces en la grupalidad la manera de seguir trasmitiendo las historias comunes\u201d<\/strong>. Adem\u00e1s, la forma de <strong>\u201cproteger la memoria de los pueblos, a las disidencias, pensando en aquello que no es parte de la cultura hegem\u00f3nica\u201d.<\/strong><\/p>\n\n\n\n<h2 class=\"wp-block-heading\"><strong>Festival Coplatrap<\/strong><\/h2>\n\n\n\n<p>El festival propone <strong>una jornada cultural con ceremonia andina<\/strong>, muestra de instrumentos, rondas de charlas para compartir saberes y un espect\u00e1culo de fusi\u00f3n entre cantores de copla y j\u00f3venes traperos.<\/p>\n\n\n\n<p>Entre los artistas que formar\u00e1n parte del encuentro se cuentan <strong>Copleras Juje\u00f1as, Delia Huerta, Warmi Taki, Dj Energy, El Integro, Pato, Marxs, Lutali, el Loko Franco, entro otros.<\/strong><\/p>\n\n\n\n<p>El principal objetivo de la jornada es mantener vivo el canto de copla con caja a trav\u00e9s de su integraci\u00f3n con el trap, valorando el espacio comunitario y el canto colectivo.<\/p>\n\n\n\n<p>\u201cLa cultura popular posibilita hermanar dos expresiones y generaciones musicales que se unen para cantar a la tierra, a la vida, a la libertad y a los pueblos\u201d, resaltaron desde la organizaci\u00f3n.<\/p>\n","protected":false},"excerpt":{"rendered":"<p>El festival Coplatrap se llevar\u00e1 a cabo este s\u00e1bado 15 de octubre en la Plaza Independencia de San Salvador. Un festival de topamiento entre distintas generaciones de artistas juje\u00f1os tendr\u00e1 lugar el pr\u00f3ximo s\u00e1bado 15 en Jujuy, en el marco del programa Festivales Argentinos. El objetivo es mantener vivo el canto de copla con caja [&hellip;]<\/p>\n","protected":false},"author":3,"featured_media":1762,"comment_status":"open","ping_status":"open","sticky":false,"template":"","format":"standard","meta":{"footnotes":""},"categories":[1],"tags":[8,640],"class_list":{"0":"post-1760","1":"post","2":"type-post","3":"status-publish","4":"format-standard","5":"has-post-thumbnail","7":"category-sin-categoria","8":"tag-jujuy","9":"tag-san-salvador"},"yoast_head":"<!-- This site is optimized with the Yoast SEO plugin v27.5 - https:\/\/yoast.com\/product\/yoast-seo-wordpress\/ -->\n<title>Se viene en Jujuy el Coplatrap, unfestival fusi\u00f3n entre cantores de copla y j\u00f3venes traperos - Muy Jujuy<\/title>\n<meta name=\"description\" content=\"El festival Coplatrap se llevar\u00e1 a cabo este s\u00e1bado 15 de octubre en la Plaza Independencia de San Salvador.\" \/>\n<meta name=\"robots\" content=\"index, follow, max-snippet:-1, max-image-preview:large, max-video-preview:-1\" \/>\n<link rel=\"canonical\" href=\"https:\/\/www.muyjujuy.com\/index.php\/2022\/10\/13\/se-viene-en-jujuy-el-coplatrap-unfestival-fusion-entre-cantores-de-copla-y-jovenes-traperos\/\" \/>\n<meta property=\"og:locale\" content=\"es_ES\" \/>\n<meta property=\"og:type\" content=\"article\" \/>\n<meta property=\"og:title\" content=\"Se viene en Jujuy el Coplatrap, unfestival fusi\u00f3n entre cantores de copla y j\u00f3venes traperos - Muy Jujuy\" \/>\n<meta property=\"og:description\" content=\"El festival Coplatrap se llevar\u00e1 a cabo este s\u00e1bado 15 de octubre en la Plaza Independencia de San Salvador.\" \/>\n<meta property=\"og:url\" content=\"https:\/\/www.muyjujuy.com\/index.php\/2022\/10\/13\/se-viene-en-jujuy-el-coplatrap-unfestival-fusion-entre-cantores-de-copla-y-jovenes-traperos\/\" \/>\n<meta property=\"og:site_name\" content=\"Muy Jujuy\" \/>\n<meta property=\"article:publisher\" content=\"https:\/\/www.facebook.com\/muyjujuycom\" \/>\n<meta property=\"article:published_time\" content=\"2022-10-13T16:09:52+00:00\" \/>\n<meta property=\"article:modified_time\" content=\"2022-10-13T16:09:54+00:00\" \/>\n<meta property=\"og:image\" content=\"https:\/\/www.muyjujuy.com\/wp-content\/uploads\/2022\/10\/WhatsApp-Image-2022-10-13-at-13.05.29.jpeg\" \/>\n\t<meta property=\"og:image:width\" content=\"1012\" \/>\n\t<meta property=\"og:image:height\" content=\"578\" \/>\n\t<meta property=\"og:image:type\" content=\"image\/jpeg\" \/>\n<meta name=\"author\" content=\"Redacci\u00f3n Muy Jujuy\" \/>\n<meta name=\"twitter:card\" content=\"summary_large_image\" \/>\n<meta name=\"twitter:creator\" content=\"@muyjujuy\" \/>\n<meta name=\"twitter:site\" content=\"@muyjujuy\" \/>\n<meta name=\"twitter:label1\" content=\"Escrito por\" \/>\n\t<meta name=\"twitter:data1\" content=\"Redacci\u00f3n Muy Jujuy\" \/>\n\t<meta name=\"twitter:label2\" content=\"Tiempo de lectura\" \/>\n\t<meta name=\"twitter:data2\" content=\"2 minutos\" \/>\n<script type=\"application\/ld+json\" class=\"yoast-schema-graph\">{\"@context\":\"https:\\\/\\\/schema.org\",\"@graph\":[{\"@type\":\"Article\",\"@id\":\"https:\\\/\\\/www.muyjujuy.com\\\/index.php\\\/2022\\\/10\\\/13\\\/se-viene-en-jujuy-el-coplatrap-unfestival-fusion-entre-cantores-de-copla-y-jovenes-traperos\\\/#article\",\"isPartOf\":{\"@id\":\"https:\\\/\\\/www.muyjujuy.com\\\/index.php\\\/2022\\\/10\\\/13\\\/se-viene-en-jujuy-el-coplatrap-unfestival-fusion-entre-cantores-de-copla-y-jovenes-traperos\\\/\"},\"author\":{\"name\":\"Redacci\u00f3n Muy Jujuy\",\"@id\":\"https:\\\/\\\/www.muyjujuy.com\\\/#\\\/schema\\\/person\\\/1d0f6e223ccea9e3f9034c1a5b683bf2\"},\"headline\":\"Se viene en Jujuy el Coplatrap, unfestival fusi\u00f3n entre cantores de copla y j\u00f3venes traperos\",\"datePublished\":\"2022-10-13T16:09:52+00:00\",\"dateModified\":\"2022-10-13T16:09:54+00:00\",\"mainEntityOfPage\":{\"@id\":\"https:\\\/\\\/www.muyjujuy.com\\\/index.php\\\/2022\\\/10\\\/13\\\/se-viene-en-jujuy-el-coplatrap-unfestival-fusion-entre-cantores-de-copla-y-jovenes-traperos\\\/\"},\"wordCount\":343,\"commentCount\":0,\"publisher\":{\"@id\":\"https:\\\/\\\/www.muyjujuy.com\\\/#organization\"},\"image\":{\"@id\":\"https:\\\/\\\/www.muyjujuy.com\\\/index.php\\\/2022\\\/10\\\/13\\\/se-viene-en-jujuy-el-coplatrap-unfestival-fusion-entre-cantores-de-copla-y-jovenes-traperos\\\/#primaryimage\"},\"thumbnailUrl\":\"https:\\\/\\\/www.muyjujuy.com\\\/wp-content\\\/uploads\\\/2022\\\/10\\\/WhatsApp-Image-2022-10-13-at-13.05.29.jpeg\",\"keywords\":[\"Jujuy\",\"San Salvador\"],\"inLanguage\":\"es-AR\",\"potentialAction\":[{\"@type\":\"CommentAction\",\"name\":\"Comment\",\"target\":[\"https:\\\/\\\/www.muyjujuy.com\\\/index.php\\\/2022\\\/10\\\/13\\\/se-viene-en-jujuy-el-coplatrap-unfestival-fusion-entre-cantores-de-copla-y-jovenes-traperos\\\/#respond\"]}]},{\"@type\":\"WebPage\",\"@id\":\"https:\\\/\\\/www.muyjujuy.com\\\/index.php\\\/2022\\\/10\\\/13\\\/se-viene-en-jujuy-el-coplatrap-unfestival-fusion-entre-cantores-de-copla-y-jovenes-traperos\\\/\",\"url\":\"https:\\\/\\\/www.muyjujuy.com\\\/index.php\\\/2022\\\/10\\\/13\\\/se-viene-en-jujuy-el-coplatrap-unfestival-fusion-entre-cantores-de-copla-y-jovenes-traperos\\\/\",\"name\":\"Se viene en Jujuy el Coplatrap, unfestival fusi\u00f3n entre cantores de copla y j\u00f3venes traperos - Muy Jujuy\",\"isPartOf\":{\"@id\":\"https:\\\/\\\/www.muyjujuy.com\\\/#website\"},\"primaryImageOfPage\":{\"@id\":\"https:\\\/\\\/www.muyjujuy.com\\\/index.php\\\/2022\\\/10\\\/13\\\/se-viene-en-jujuy-el-coplatrap-unfestival-fusion-entre-cantores-de-copla-y-jovenes-traperos\\\/#primaryimage\"},\"image\":{\"@id\":\"https:\\\/\\\/www.muyjujuy.com\\\/index.php\\\/2022\\\/10\\\/13\\\/se-viene-en-jujuy-el-coplatrap-unfestival-fusion-entre-cantores-de-copla-y-jovenes-traperos\\\/#primaryimage\"},\"thumbnailUrl\":\"https:\\\/\\\/www.muyjujuy.com\\\/wp-content\\\/uploads\\\/2022\\\/10\\\/WhatsApp-Image-2022-10-13-at-13.05.29.jpeg\",\"datePublished\":\"2022-10-13T16:09:52+00:00\",\"dateModified\":\"2022-10-13T16:09:54+00:00\",\"description\":\"El festival Coplatrap se llevar\u00e1 a cabo este s\u00e1bado 15 de octubre en la Plaza Independencia de San Salvador.\",\"breadcrumb\":{\"@id\":\"https:\\\/\\\/www.muyjujuy.com\\\/index.php\\\/2022\\\/10\\\/13\\\/se-viene-en-jujuy-el-coplatrap-unfestival-fusion-entre-cantores-de-copla-y-jovenes-traperos\\\/#breadcrumb\"},\"inLanguage\":\"es-AR\",\"potentialAction\":[{\"@type\":\"ReadAction\",\"target\":[\"https:\\\/\\\/www.muyjujuy.com\\\/index.php\\\/2022\\\/10\\\/13\\\/se-viene-en-jujuy-el-coplatrap-unfestival-fusion-entre-cantores-de-copla-y-jovenes-traperos\\\/\"]}]},{\"@type\":\"ImageObject\",\"inLanguage\":\"es-AR\",\"@id\":\"https:\\\/\\\/www.muyjujuy.com\\\/index.php\\\/2022\\\/10\\\/13\\\/se-viene-en-jujuy-el-coplatrap-unfestival-fusion-entre-cantores-de-copla-y-jovenes-traperos\\\/#primaryimage\",\"url\":\"https:\\\/\\\/www.muyjujuy.com\\\/wp-content\\\/uploads\\\/2022\\\/10\\\/WhatsApp-Image-2022-10-13-at-13.05.29.jpeg\",\"contentUrl\":\"https:\\\/\\\/www.muyjujuy.com\\\/wp-content\\\/uploads\\\/2022\\\/10\\\/WhatsApp-Image-2022-10-13-at-13.05.29.jpeg\",\"width\":1012,\"height\":578},{\"@type\":\"BreadcrumbList\",\"@id\":\"https:\\\/\\\/www.muyjujuy.com\\\/index.php\\\/2022\\\/10\\\/13\\\/se-viene-en-jujuy-el-coplatrap-unfestival-fusion-entre-cantores-de-copla-y-jovenes-traperos\\\/#breadcrumb\",\"itemListElement\":[{\"@type\":\"ListItem\",\"position\":1,\"name\":\"Inicio\",\"item\":\"https:\\\/\\\/www.muyjujuy.com\\\/\"},{\"@type\":\"ListItem\",\"position\":2,\"name\":\"Se viene en Jujuy el Coplatrap, unfestival fusi\u00f3n entre cantores de copla y j\u00f3venes traperos\"}]},{\"@type\":\"WebSite\",\"@id\":\"https:\\\/\\\/www.muyjujuy.com\\\/#website\",\"url\":\"https:\\\/\\\/www.muyjujuy.com\\\/\",\"name\":\"Muy Jujuy\",\"description\":\"\",\"publisher\":{\"@id\":\"https:\\\/\\\/www.muyjujuy.com\\\/#organization\"},\"potentialAction\":[{\"@type\":\"SearchAction\",\"target\":{\"@type\":\"EntryPoint\",\"urlTemplate\":\"https:\\\/\\\/www.muyjujuy.com\\\/?s={search_term_string}\"},\"query-input\":{\"@type\":\"PropertyValueSpecification\",\"valueRequired\":true,\"valueName\":\"search_term_string\"}}],\"inLanguage\":\"es-AR\"},{\"@type\":\"Organization\",\"@id\":\"https:\\\/\\\/www.muyjujuy.com\\\/#organization\",\"name\":\"Muy Jujuy\",\"url\":\"https:\\\/\\\/www.muyjujuy.com\\\/\",\"logo\":{\"@type\":\"ImageObject\",\"inLanguage\":\"es-AR\",\"@id\":\"https:\\\/\\\/www.muyjujuy.com\\\/#\\\/schema\\\/logo\\\/image\\\/\",\"url\":\"http:\\\/\\\/www.muyjujuy.com\\\/wp-content\\\/uploads\\\/2022\\\/05\\\/logo-mobil-jujuy.png\",\"contentUrl\":\"http:\\\/\\\/www.muyjujuy.com\\\/wp-content\\\/uploads\\\/2022\\\/05\\\/logo-mobil-jujuy.png\",\"width\":174,\"height\":81,\"caption\":\"Muy Jujuy\"},\"image\":{\"@id\":\"https:\\\/\\\/www.muyjujuy.com\\\/#\\\/schema\\\/logo\\\/image\\\/\"},\"sameAs\":[\"https:\\\/\\\/www.facebook.com\\\/muyjujuycom\",\"https:\\\/\\\/x.com\\\/muyjujuy\",\"https:\\\/\\\/www.instagram.com\\\/muyjujuycom\"]},{\"@type\":\"Person\",\"@id\":\"https:\\\/\\\/www.muyjujuy.com\\\/#\\\/schema\\\/person\\\/1d0f6e223ccea9e3f9034c1a5b683bf2\",\"name\":\"Redacci\u00f3n Muy Jujuy\",\"image\":{\"@type\":\"ImageObject\",\"inLanguage\":\"es-AR\",\"@id\":\"https:\\\/\\\/secure.gravatar.com\\\/avatar\\\/fec5f6f1893d741ed5eecccff109ce43e67a855411202a3212a058cb8e5c27d4?s=96&d=mm&r=g\",\"url\":\"https:\\\/\\\/secure.gravatar.com\\\/avatar\\\/fec5f6f1893d741ed5eecccff109ce43e67a855411202a3212a058cb8e5c27d4?s=96&d=mm&r=g\",\"contentUrl\":\"https:\\\/\\\/secure.gravatar.com\\\/avatar\\\/fec5f6f1893d741ed5eecccff109ce43e67a855411202a3212a058cb8e5c27d4?s=96&d=mm&r=g\",\"caption\":\"Redacci\u00f3n Muy Jujuy\"},\"url\":\"https:\\\/\\\/www.muyjujuy.com\\\/index.php\\\/author\\\/editor\\\/\"}]}<\/script>\n<!-- \/ Yoast SEO plugin. -->","yoast_head_json":{"title":"Se viene en Jujuy el Coplatrap, unfestival fusi\u00f3n entre cantores de copla y j\u00f3venes traperos - Muy Jujuy","description":"El festival Coplatrap se llevar\u00e1 a cabo este s\u00e1bado 15 de octubre en la Plaza Independencia de San Salvador.","robots":{"index":"index","follow":"follow","max-snippet":"max-snippet:-1","max-image-preview":"max-image-preview:large","max-video-preview":"max-video-preview:-1"},"canonical":"https:\/\/www.muyjujuy.com\/index.php\/2022\/10\/13\/se-viene-en-jujuy-el-coplatrap-unfestival-fusion-entre-cantores-de-copla-y-jovenes-traperos\/","og_locale":"es_ES","og_type":"article","og_title":"Se viene en Jujuy el Coplatrap, unfestival fusi\u00f3n entre cantores de copla y j\u00f3venes traperos - Muy Jujuy","og_description":"El festival Coplatrap se llevar\u00e1 a cabo este s\u00e1bado 15 de octubre en la Plaza Independencia de San Salvador.","og_url":"https:\/\/www.muyjujuy.com\/index.php\/2022\/10\/13\/se-viene-en-jujuy-el-coplatrap-unfestival-fusion-entre-cantores-de-copla-y-jovenes-traperos\/","og_site_name":"Muy Jujuy","article_publisher":"https:\/\/www.facebook.com\/muyjujuycom","article_published_time":"2022-10-13T16:09:52+00:00","article_modified_time":"2022-10-13T16:09:54+00:00","og_image":[{"width":1012,"height":578,"url":"https:\/\/www.muyjujuy.com\/wp-content\/uploads\/2022\/10\/WhatsApp-Image-2022-10-13-at-13.05.29.jpeg","type":"image\/jpeg"}],"author":"Redacci\u00f3n Muy Jujuy","twitter_card":"summary_large_image","twitter_creator":"@muyjujuy","twitter_site":"@muyjujuy","twitter_misc":{"Escrito por":"Redacci\u00f3n Muy Jujuy","Tiempo de lectura":"2 minutos"},"schema":{"@context":"https:\/\/schema.org","@graph":[{"@type":"Article","@id":"https:\/\/www.muyjujuy.com\/index.php\/2022\/10\/13\/se-viene-en-jujuy-el-coplatrap-unfestival-fusion-entre-cantores-de-copla-y-jovenes-traperos\/#article","isPartOf":{"@id":"https:\/\/www.muyjujuy.com\/index.php\/2022\/10\/13\/se-viene-en-jujuy-el-coplatrap-unfestival-fusion-entre-cantores-de-copla-y-jovenes-traperos\/"},"author":{"name":"Redacci\u00f3n Muy Jujuy","@id":"https:\/\/www.muyjujuy.com\/#\/schema\/person\/1d0f6e223ccea9e3f9034c1a5b683bf2"},"headline":"Se viene en Jujuy el Coplatrap, unfestival fusi\u00f3n entre cantores de copla y j\u00f3venes traperos","datePublished":"2022-10-13T16:09:52+00:00","dateModified":"2022-10-13T16:09:54+00:00","mainEntityOfPage":{"@id":"https:\/\/www.muyjujuy.com\/index.php\/2022\/10\/13\/se-viene-en-jujuy-el-coplatrap-unfestival-fusion-entre-cantores-de-copla-y-jovenes-traperos\/"},"wordCount":343,"commentCount":0,"publisher":{"@id":"https:\/\/www.muyjujuy.com\/#organization"},"image":{"@id":"https:\/\/www.muyjujuy.com\/index.php\/2022\/10\/13\/se-viene-en-jujuy-el-coplatrap-unfestival-fusion-entre-cantores-de-copla-y-jovenes-traperos\/#primaryimage"},"thumbnailUrl":"https:\/\/www.muyjujuy.com\/wp-content\/uploads\/2022\/10\/WhatsApp-Image-2022-10-13-at-13.05.29.jpeg","keywords":["Jujuy","San Salvador"],"inLanguage":"es-AR","potentialAction":[{"@type":"CommentAction","name":"Comment","target":["https:\/\/www.muyjujuy.com\/index.php\/2022\/10\/13\/se-viene-en-jujuy-el-coplatrap-unfestival-fusion-entre-cantores-de-copla-y-jovenes-traperos\/#respond"]}]},{"@type":"WebPage","@id":"https:\/\/www.muyjujuy.com\/index.php\/2022\/10\/13\/se-viene-en-jujuy-el-coplatrap-unfestival-fusion-entre-cantores-de-copla-y-jovenes-traperos\/","url":"https:\/\/www.muyjujuy.com\/index.php\/2022\/10\/13\/se-viene-en-jujuy-el-coplatrap-unfestival-fusion-entre-cantores-de-copla-y-jovenes-traperos\/","name":"Se viene en Jujuy el Coplatrap, unfestival fusi\u00f3n entre cantores de copla y j\u00f3venes traperos - Muy Jujuy","isPartOf":{"@id":"https:\/\/www.muyjujuy.com\/#website"},"primaryImageOfPage":{"@id":"https:\/\/www.muyjujuy.com\/index.php\/2022\/10\/13\/se-viene-en-jujuy-el-coplatrap-unfestival-fusion-entre-cantores-de-copla-y-jovenes-traperos\/#primaryimage"},"image":{"@id":"https:\/\/www.muyjujuy.com\/index.php\/2022\/10\/13\/se-viene-en-jujuy-el-coplatrap-unfestival-fusion-entre-cantores-de-copla-y-jovenes-traperos\/#primaryimage"},"thumbnailUrl":"https:\/\/www.muyjujuy.com\/wp-content\/uploads\/2022\/10\/WhatsApp-Image-2022-10-13-at-13.05.29.jpeg","datePublished":"2022-10-13T16:09:52+00:00","dateModified":"2022-10-13T16:09:54+00:00","description":"El festival Coplatrap se llevar\u00e1 a cabo este s\u00e1bado 15 de octubre en la Plaza Independencia de San Salvador.","breadcrumb":{"@id":"https:\/\/www.muyjujuy.com\/index.php\/2022\/10\/13\/se-viene-en-jujuy-el-coplatrap-unfestival-fusion-entre-cantores-de-copla-y-jovenes-traperos\/#breadcrumb"},"inLanguage":"es-AR","potentialAction":[{"@type":"ReadAction","target":["https:\/\/www.muyjujuy.com\/index.php\/2022\/10\/13\/se-viene-en-jujuy-el-coplatrap-unfestival-fusion-entre-cantores-de-copla-y-jovenes-traperos\/"]}]},{"@type":"ImageObject","inLanguage":"es-AR","@id":"https:\/\/www.muyjujuy.com\/index.php\/2022\/10\/13\/se-viene-en-jujuy-el-coplatrap-unfestival-fusion-entre-cantores-de-copla-y-jovenes-traperos\/#primaryimage","url":"https:\/\/www.muyjujuy.com\/wp-content\/uploads\/2022\/10\/WhatsApp-Image-2022-10-13-at-13.05.29.jpeg","contentUrl":"https:\/\/www.muyjujuy.com\/wp-content\/uploads\/2022\/10\/WhatsApp-Image-2022-10-13-at-13.05.29.jpeg","width":1012,"height":578},{"@type":"BreadcrumbList","@id":"https:\/\/www.muyjujuy.com\/index.php\/2022\/10\/13\/se-viene-en-jujuy-el-coplatrap-unfestival-fusion-entre-cantores-de-copla-y-jovenes-traperos\/#breadcrumb","itemListElement":[{"@type":"ListItem","position":1,"name":"Inicio","item":"https:\/\/www.muyjujuy.com\/"},{"@type":"ListItem","position":2,"name":"Se viene en Jujuy el Coplatrap, unfestival fusi\u00f3n entre cantores de copla y j\u00f3venes traperos"}]},{"@type":"WebSite","@id":"https:\/\/www.muyjujuy.com\/#website","url":"https:\/\/www.muyjujuy.com\/","name":"Muy Jujuy","description":"","publisher":{"@id":"https:\/\/www.muyjujuy.com\/#organization"},"potentialAction":[{"@type":"SearchAction","target":{"@type":"EntryPoint","urlTemplate":"https:\/\/www.muyjujuy.com\/?s={search_term_string}"},"query-input":{"@type":"PropertyValueSpecification","valueRequired":true,"valueName":"search_term_string"}}],"inLanguage":"es-AR"},{"@type":"Organization","@id":"https:\/\/www.muyjujuy.com\/#organization","name":"Muy Jujuy","url":"https:\/\/www.muyjujuy.com\/","logo":{"@type":"ImageObject","inLanguage":"es-AR","@id":"https:\/\/www.muyjujuy.com\/#\/schema\/logo\/image\/","url":"http:\/\/www.muyjujuy.com\/wp-content\/uploads\/2022\/05\/logo-mobil-jujuy.png","contentUrl":"http:\/\/www.muyjujuy.com\/wp-content\/uploads\/2022\/05\/logo-mobil-jujuy.png","width":174,"height":81,"caption":"Muy Jujuy"},"image":{"@id":"https:\/\/www.muyjujuy.com\/#\/schema\/logo\/image\/"},"sameAs":["https:\/\/www.facebook.com\/muyjujuycom","https:\/\/x.com\/muyjujuy","https:\/\/www.instagram.com\/muyjujuycom"]},{"@type":"Person","@id":"https:\/\/www.muyjujuy.com\/#\/schema\/person\/1d0f6e223ccea9e3f9034c1a5b683bf2","name":"Redacci\u00f3n Muy Jujuy","image":{"@type":"ImageObject","inLanguage":"es-AR","@id":"https:\/\/secure.gravatar.com\/avatar\/fec5f6f1893d741ed5eecccff109ce43e67a855411202a3212a058cb8e5c27d4?s=96&d=mm&r=g","url":"https:\/\/secure.gravatar.com\/avatar\/fec5f6f1893d741ed5eecccff109ce43e67a855411202a3212a058cb8e5c27d4?s=96&d=mm&r=g","contentUrl":"https:\/\/secure.gravatar.com\/avatar\/fec5f6f1893d741ed5eecccff109ce43e67a855411202a3212a058cb8e5c27d4?s=96&d=mm&r=g","caption":"Redacci\u00f3n Muy Jujuy"},"url":"https:\/\/www.muyjujuy.com\/index.php\/author\/editor\/"}]}},"_links":{"self":[{"href":"https:\/\/www.muyjujuy.com\/index.php\/wp-json\/wp\/v2\/posts\/1760","targetHints":{"allow":["GET"]}}],"collection":[{"href":"https:\/\/www.muyjujuy.com\/index.php\/wp-json\/wp\/v2\/posts"}],"about":[{"href":"https:\/\/www.muyjujuy.com\/index.php\/wp-json\/wp\/v2\/types\/post"}],"author":[{"embeddable":true,"href":"https:\/\/www.muyjujuy.com\/index.php\/wp-json\/wp\/v2\/users\/3"}],"replies":[{"embeddable":true,"href":"https:\/\/www.muyjujuy.com\/index.php\/wp-json\/wp\/v2\/comments?post=1760"}],"version-history":[{"count":1,"href":"https:\/\/www.muyjujuy.com\/index.php\/wp-json\/wp\/v2\/posts\/1760\/revisions"}],"predecessor-version":[{"id":1763,"href":"https:\/\/www.muyjujuy.com\/index.php\/wp-json\/wp\/v2\/posts\/1760\/revisions\/1763"}],"wp:featuredmedia":[{"embeddable":true,"href":"https:\/\/www.muyjujuy.com\/index.php\/wp-json\/wp\/v2\/media\/1762"}],"wp:attachment":[{"href":"https:\/\/www.muyjujuy.com\/index.php\/wp-json\/wp\/v2\/media?parent=1760"}],"wp:term":[{"taxonomy":"category","embeddable":true,"href":"https:\/\/www.muyjujuy.com\/index.php\/wp-json\/wp\/v2\/categories?post=1760"},{"taxonomy":"post_tag","embeddable":true,"href":"https:\/\/www.muyjujuy.com\/index.php\/wp-json\/wp\/v2\/tags?post=1760"}],"curies":[{"name":"wp","href":"https:\/\/api.w.org\/{rel}","templated":true}]}}