{"id":1772,"date":"2022-10-14T13:13:34","date_gmt":"2022-10-14T16:13:34","guid":{"rendered":"https:\/\/www.muyjujuy.com\/?p=1772"},"modified":"2022-10-14T13:13:37","modified_gmt":"2022-10-14T16:13:37","slug":"deslumbrante-inicio-de-jujuy-argentina-fashion-week-en-ciudad-cultural","status":"publish","type":"post","link":"https:\/\/www.muyjujuy.com\/index.php\/2022\/10\/14\/deslumbrante-inicio-de-jujuy-argentina-fashion-week-en-ciudad-cultural\/","title":{"rendered":"Deslumbrante inicio de Jujuy Argentina Fashion Week en Ciudad Cultural"},"content":{"rendered":"\n<p><em>Se llev\u00f3 cabo en la Ciudad Cultural de Jujuy la Washion Week, qu efue impulsada por Tulia Snopek de Morales.<\/em><\/p>\n\n\n\n<p>El gobernador de Jujuy, <strong><a href=\"https:\/\/twitter.com\/GerardoMorales\">Gerardo Morales<\/a><\/strong>, particip\u00f3 junto a su esposa<strong>, Tulia Snopek de Morales, <\/strong>de la apertura del evento de moda m\u00e1s importante del pa\u00eds Argentina Fashion Week en Ciudad Cultural.<\/p>\n\n\n\n<p><strong>&#8220;Es la primera vez que Fashion Week sale al interior. <\/strong>Jujuy ser\u00e1 la vidriera para los grandes talentos juje\u00f1os&#8221;, expres\u00f3 Snopek, precursora del acontecimiento.<\/p>\n\n\n\n<p><strong>La Ciudad Cultural se visti\u00f3 a pura moda para el inicio de unos de los eventos <\/strong>no solo m\u00e1s importantes del pa\u00eds, sino tambi\u00e9n con trascendencia mundial. Como no pod\u00eda ser de otra manera, se present\u00f3 una pasarela deslumbrante como acostumbran a montar los dise\u00f1adores <strong>H\u00e9ctor Vidal Rivas y Ver\u00f3nica de la Canal.<\/strong><\/p>\n\n\n\n<p>Snopek agradeci\u00f3 al equipo de Fashion Week, como as\u00ed tambi\u00e9n<strong>, a todos los artesanos y emprendedores juje\u00f1os, por formar parte de este acontecimiento, que comienza hoy y se realizar\u00e1 hasta el domingo.<\/strong><\/p>\n\n\n\n<p>\u201cIniciamos el evento m\u00e1s importante que tiene la Argentina en moda, se trata de Jujuy Argentina Fashion Week. Gracias Gerardo por acompa\u00f1arme en todos los desaf\u00edos y sue\u00f1os\u201d, expres\u00f3 Tulia Snopek a modo de apertura.<\/p>\n\n\n\n<p><strong>\u201cCon Fashion Week se podr\u00e1 visibilizar todos los trabajos y prendas de nuestros artesanos y emprendedores&#8221;<\/strong>, finaliz\u00f3.\u00a0<\/p>\n\n\n\n<h2 class=\"wp-block-heading\"><strong>Fashion Week<\/strong><\/h2>\n\n\n\n<p>Asistieron al espect\u00e1culo la ministra de Educaci\u00f3n<strong>, Mar\u00eda Teresa Bovi<\/strong>; el ministro de Seguridad, <strong>Luis Mart\u00edn<\/strong>; el Presidente del Superior Tribunal de Justicia, <strong>Federico Francisco Otaola<\/strong>; el senador Mario Fiad<a href=\"https:\/\/twitter.com\/GerardoMorales\">;<\/a> diplom\u00e1ticos; diputados provinciales, legisladores municipales y p\u00fablico en general.\u00a0<\/p>\n\n\n\n<p>En el primer d\u00eda de actividades mostraron sus creaciones: <strong>Ver\u00f3nica de la Canal, Veravia Dise\u00f1os, Alkimia textil Ancestral, Bella Esperanza, Hebra TextilHelena, Desalt Llama Negra, Asociaci\u00f3n solidaria Las Vicu\u00f1itas, Artesanas Flor de Altea- Santa Ana, Awajkuna Ana Mej\u00eda Alta Costura, Palisian Alta Costura.\u00a0<\/strong><\/p>\n\n\n\n<p>Las actividades continuar\u00e1n este viernes en la Plaza Central de Purmamarca, utilizando ese marco para mostrar sus puestos de venta y artesanos. En este caso, el encargado de abrir el desfile ser\u00e1 Francisco Ayala. La entrada es libre y gratuita, de acuerdo a la capacidad del lugar.&nbsp;<\/p>\n\n\n\n<p>El s\u00e1bado 15, se llevar\u00e1 adelante el desfile en Casa de Adobe con Marcelo Senra, dise\u00f1ador y presidente de la C\u00e1mara Argentina de Dise\u00f1adores. El evento ser\u00e1 a beneficio.&nbsp;<\/p>\n\n\n\n<p>Finalmente, el domingo 16, el cierre ser\u00e1 en las Salinas con el dise\u00f1ador Gabriel Lage<\/p>\n","protected":false},"excerpt":{"rendered":"<p>Se llev\u00f3 cabo en la Ciudad Cultural de Jujuy la Washion Week, qu efue impulsada por Tulia Snopek de Morales. El gobernador de Jujuy, Gerardo Morales, particip\u00f3 junto a su esposa, Tulia Snopek de Morales, de la apertura del evento de moda m\u00e1s importante del pa\u00eds Argentina Fashion Week en Ciudad Cultural. &#8220;Es la primera [&hellip;]<\/p>\n","protected":false},"author":3,"featured_media":1773,"comment_status":"open","ping_status":"open","sticky":false,"template":"","format":"standard","meta":{"footnotes":""},"categories":[25],"tags":[5,8],"class_list":{"0":"post-1772","1":"post","2":"type-post","3":"status-publish","4":"format-standard","5":"has-post-thumbnail","7":"category-sociedad","8":"tag-gerardo-morales","9":"tag-jujuy"},"yoast_head":"<!-- This site is optimized with the Yoast SEO plugin v27.5 - https:\/\/yoast.com\/product\/yoast-seo-wordpress\/ -->\n<title>Deslumbrante inicio de Jujuy Argentina Fashion Week en Ciudad Cultural - Muy Jujuy<\/title>\n<meta name=\"description\" content=\"Se llev\u00f3 cabo en la Ciudad Cultural de Jujuy la Washion Week, qu efue impulsada por Tulia Snopek de Morales.\" \/>\n<meta name=\"robots\" content=\"index, follow, max-snippet:-1, max-image-preview:large, max-video-preview:-1\" \/>\n<link rel=\"canonical\" href=\"https:\/\/www.muyjujuy.com\/index.php\/2022\/10\/14\/deslumbrante-inicio-de-jujuy-argentina-fashion-week-en-ciudad-cultural\/\" \/>\n<meta property=\"og:locale\" content=\"es_ES\" \/>\n<meta property=\"og:type\" content=\"article\" \/>\n<meta property=\"og:title\" content=\"Deslumbrante inicio de Jujuy Argentina Fashion Week en Ciudad Cultural - Muy Jujuy\" \/>\n<meta property=\"og:description\" content=\"Se llev\u00f3 cabo en la Ciudad Cultural de Jujuy la Washion Week, qu efue impulsada por Tulia Snopek de Morales.\" \/>\n<meta property=\"og:url\" content=\"https:\/\/www.muyjujuy.com\/index.php\/2022\/10\/14\/deslumbrante-inicio-de-jujuy-argentina-fashion-week-en-ciudad-cultural\/\" \/>\n<meta property=\"og:site_name\" content=\"Muy Jujuy\" \/>\n<meta property=\"article:publisher\" content=\"https:\/\/www.facebook.com\/muyjujuycom\" \/>\n<meta property=\"article:published_time\" content=\"2022-10-14T16:13:34+00:00\" \/>\n<meta property=\"article:modified_time\" content=\"2022-10-14T16:13:37+00:00\" \/>\n<meta property=\"og:image\" content=\"https:\/\/www.muyjujuy.com\/wp-content\/uploads\/2022\/10\/WhatsApp-Image-2022-10-14-at-13.04.08.jpeg\" \/>\n\t<meta property=\"og:image:width\" content=\"1026\" \/>\n\t<meta property=\"og:image:height\" content=\"675\" \/>\n\t<meta property=\"og:image:type\" content=\"image\/jpeg\" \/>\n<meta name=\"author\" content=\"Redacci\u00f3n Muy Jujuy\" \/>\n<meta name=\"twitter:card\" content=\"summary_large_image\" \/>\n<meta name=\"twitter:creator\" content=\"@muyjujuy\" \/>\n<meta name=\"twitter:site\" content=\"@muyjujuy\" \/>\n<meta name=\"twitter:label1\" content=\"Escrito por\" \/>\n\t<meta name=\"twitter:data1\" content=\"Redacci\u00f3n Muy Jujuy\" \/>\n\t<meta name=\"twitter:label2\" content=\"Tiempo de lectura\" \/>\n\t<meta name=\"twitter:data2\" content=\"2 minutos\" \/>\n<script type=\"application\/ld+json\" class=\"yoast-schema-graph\">{\"@context\":\"https:\\\/\\\/schema.org\",\"@graph\":[{\"@type\":\"Article\",\"@id\":\"https:\\\/\\\/www.muyjujuy.com\\\/index.php\\\/2022\\\/10\\\/14\\\/deslumbrante-inicio-de-jujuy-argentina-fashion-week-en-ciudad-cultural\\\/#article\",\"isPartOf\":{\"@id\":\"https:\\\/\\\/www.muyjujuy.com\\\/index.php\\\/2022\\\/10\\\/14\\\/deslumbrante-inicio-de-jujuy-argentina-fashion-week-en-ciudad-cultural\\\/\"},\"author\":{\"name\":\"Redacci\u00f3n Muy Jujuy\",\"@id\":\"https:\\\/\\\/www.muyjujuy.com\\\/#\\\/schema\\\/person\\\/1d0f6e223ccea9e3f9034c1a5b683bf2\"},\"headline\":\"Deslumbrante inicio de Jujuy Argentina Fashion Week en Ciudad Cultural\",\"datePublished\":\"2022-10-14T16:13:34+00:00\",\"dateModified\":\"2022-10-14T16:13:37+00:00\",\"mainEntityOfPage\":{\"@id\":\"https:\\\/\\\/www.muyjujuy.com\\\/index.php\\\/2022\\\/10\\\/14\\\/deslumbrante-inicio-de-jujuy-argentina-fashion-week-en-ciudad-cultural\\\/\"},\"wordCount\":432,\"commentCount\":0,\"publisher\":{\"@id\":\"https:\\\/\\\/www.muyjujuy.com\\\/#organization\"},\"image\":{\"@id\":\"https:\\\/\\\/www.muyjujuy.com\\\/index.php\\\/2022\\\/10\\\/14\\\/deslumbrante-inicio-de-jujuy-argentina-fashion-week-en-ciudad-cultural\\\/#primaryimage\"},\"thumbnailUrl\":\"https:\\\/\\\/www.muyjujuy.com\\\/wp-content\\\/uploads\\\/2022\\\/10\\\/WhatsApp-Image-2022-10-14-at-13.04.08.jpeg\",\"keywords\":[\"Gerardo Morales\",\"Jujuy\"],\"articleSection\":[\"Sociedad\"],\"inLanguage\":\"es-AR\",\"potentialAction\":[{\"@type\":\"CommentAction\",\"name\":\"Comment\",\"target\":[\"https:\\\/\\\/www.muyjujuy.com\\\/index.php\\\/2022\\\/10\\\/14\\\/deslumbrante-inicio-de-jujuy-argentina-fashion-week-en-ciudad-cultural\\\/#respond\"]}]},{\"@type\":\"WebPage\",\"@id\":\"https:\\\/\\\/www.muyjujuy.com\\\/index.php\\\/2022\\\/10\\\/14\\\/deslumbrante-inicio-de-jujuy-argentina-fashion-week-en-ciudad-cultural\\\/\",\"url\":\"https:\\\/\\\/www.muyjujuy.com\\\/index.php\\\/2022\\\/10\\\/14\\\/deslumbrante-inicio-de-jujuy-argentina-fashion-week-en-ciudad-cultural\\\/\",\"name\":\"Deslumbrante inicio de Jujuy Argentina Fashion Week en Ciudad Cultural - Muy Jujuy\",\"isPartOf\":{\"@id\":\"https:\\\/\\\/www.muyjujuy.com\\\/#website\"},\"primaryImageOfPage\":{\"@id\":\"https:\\\/\\\/www.muyjujuy.com\\\/index.php\\\/2022\\\/10\\\/14\\\/deslumbrante-inicio-de-jujuy-argentina-fashion-week-en-ciudad-cultural\\\/#primaryimage\"},\"image\":{\"@id\":\"https:\\\/\\\/www.muyjujuy.com\\\/index.php\\\/2022\\\/10\\\/14\\\/deslumbrante-inicio-de-jujuy-argentina-fashion-week-en-ciudad-cultural\\\/#primaryimage\"},\"thumbnailUrl\":\"https:\\\/\\\/www.muyjujuy.com\\\/wp-content\\\/uploads\\\/2022\\\/10\\\/WhatsApp-Image-2022-10-14-at-13.04.08.jpeg\",\"datePublished\":\"2022-10-14T16:13:34+00:00\",\"dateModified\":\"2022-10-14T16:13:37+00:00\",\"description\":\"Se llev\u00f3 cabo en la Ciudad Cultural de Jujuy la Washion Week, qu efue impulsada por Tulia Snopek de Morales.\",\"breadcrumb\":{\"@id\":\"https:\\\/\\\/www.muyjujuy.com\\\/index.php\\\/2022\\\/10\\\/14\\\/deslumbrante-inicio-de-jujuy-argentina-fashion-week-en-ciudad-cultural\\\/#breadcrumb\"},\"inLanguage\":\"es-AR\",\"potentialAction\":[{\"@type\":\"ReadAction\",\"target\":[\"https:\\\/\\\/www.muyjujuy.com\\\/index.php\\\/2022\\\/10\\\/14\\\/deslumbrante-inicio-de-jujuy-argentina-fashion-week-en-ciudad-cultural\\\/\"]}]},{\"@type\":\"ImageObject\",\"inLanguage\":\"es-AR\",\"@id\":\"https:\\\/\\\/www.muyjujuy.com\\\/index.php\\\/2022\\\/10\\\/14\\\/deslumbrante-inicio-de-jujuy-argentina-fashion-week-en-ciudad-cultural\\\/#primaryimage\",\"url\":\"https:\\\/\\\/www.muyjujuy.com\\\/wp-content\\\/uploads\\\/2022\\\/10\\\/WhatsApp-Image-2022-10-14-at-13.04.08.jpeg\",\"contentUrl\":\"https:\\\/\\\/www.muyjujuy.com\\\/wp-content\\\/uploads\\\/2022\\\/10\\\/WhatsApp-Image-2022-10-14-at-13.04.08.jpeg\",\"width\":1026,\"height\":675},{\"@type\":\"BreadcrumbList\",\"@id\":\"https:\\\/\\\/www.muyjujuy.com\\\/index.php\\\/2022\\\/10\\\/14\\\/deslumbrante-inicio-de-jujuy-argentina-fashion-week-en-ciudad-cultural\\\/#breadcrumb\",\"itemListElement\":[{\"@type\":\"ListItem\",\"position\":1,\"name\":\"Inicio\",\"item\":\"https:\\\/\\\/www.muyjujuy.com\\\/\"},{\"@type\":\"ListItem\",\"position\":2,\"name\":\"Deslumbrante inicio de Jujuy Argentina Fashion Week en Ciudad Cultural\"}]},{\"@type\":\"WebSite\",\"@id\":\"https:\\\/\\\/www.muyjujuy.com\\\/#website\",\"url\":\"https:\\\/\\\/www.muyjujuy.com\\\/\",\"name\":\"Muy Jujuy\",\"description\":\"\",\"publisher\":{\"@id\":\"https:\\\/\\\/www.muyjujuy.com\\\/#organization\"},\"potentialAction\":[{\"@type\":\"SearchAction\",\"target\":{\"@type\":\"EntryPoint\",\"urlTemplate\":\"https:\\\/\\\/www.muyjujuy.com\\\/?s={search_term_string}\"},\"query-input\":{\"@type\":\"PropertyValueSpecification\",\"valueRequired\":true,\"valueName\":\"search_term_string\"}}],\"inLanguage\":\"es-AR\"},{\"@type\":\"Organization\",\"@id\":\"https:\\\/\\\/www.muyjujuy.com\\\/#organization\",\"name\":\"Muy Jujuy\",\"url\":\"https:\\\/\\\/www.muyjujuy.com\\\/\",\"logo\":{\"@type\":\"ImageObject\",\"inLanguage\":\"es-AR\",\"@id\":\"https:\\\/\\\/www.muyjujuy.com\\\/#\\\/schema\\\/logo\\\/image\\\/\",\"url\":\"http:\\\/\\\/www.muyjujuy.com\\\/wp-content\\\/uploads\\\/2022\\\/05\\\/logo-mobil-jujuy.png\",\"contentUrl\":\"http:\\\/\\\/www.muyjujuy.com\\\/wp-content\\\/uploads\\\/2022\\\/05\\\/logo-mobil-jujuy.png\",\"width\":174,\"height\":81,\"caption\":\"Muy Jujuy\"},\"image\":{\"@id\":\"https:\\\/\\\/www.muyjujuy.com\\\/#\\\/schema\\\/logo\\\/image\\\/\"},\"sameAs\":[\"https:\\\/\\\/www.facebook.com\\\/muyjujuycom\",\"https:\\\/\\\/x.com\\\/muyjujuy\",\"https:\\\/\\\/www.instagram.com\\\/muyjujuycom\"]},{\"@type\":\"Person\",\"@id\":\"https:\\\/\\\/www.muyjujuy.com\\\/#\\\/schema\\\/person\\\/1d0f6e223ccea9e3f9034c1a5b683bf2\",\"name\":\"Redacci\u00f3n Muy Jujuy\",\"image\":{\"@type\":\"ImageObject\",\"inLanguage\":\"es-AR\",\"@id\":\"https:\\\/\\\/secure.gravatar.com\\\/avatar\\\/fec5f6f1893d741ed5eecccff109ce43e67a855411202a3212a058cb8e5c27d4?s=96&d=mm&r=g\",\"url\":\"https:\\\/\\\/secure.gravatar.com\\\/avatar\\\/fec5f6f1893d741ed5eecccff109ce43e67a855411202a3212a058cb8e5c27d4?s=96&d=mm&r=g\",\"contentUrl\":\"https:\\\/\\\/secure.gravatar.com\\\/avatar\\\/fec5f6f1893d741ed5eecccff109ce43e67a855411202a3212a058cb8e5c27d4?s=96&d=mm&r=g\",\"caption\":\"Redacci\u00f3n Muy Jujuy\"},\"url\":\"https:\\\/\\\/www.muyjujuy.com\\\/index.php\\\/author\\\/editor\\\/\"}]}<\/script>\n<!-- \/ Yoast SEO plugin. -->","yoast_head_json":{"title":"Deslumbrante inicio de Jujuy Argentina Fashion Week en Ciudad Cultural - Muy Jujuy","description":"Se llev\u00f3 cabo en la Ciudad Cultural de Jujuy la Washion Week, qu efue impulsada por Tulia Snopek de Morales.","robots":{"index":"index","follow":"follow","max-snippet":"max-snippet:-1","max-image-preview":"max-image-preview:large","max-video-preview":"max-video-preview:-1"},"canonical":"https:\/\/www.muyjujuy.com\/index.php\/2022\/10\/14\/deslumbrante-inicio-de-jujuy-argentina-fashion-week-en-ciudad-cultural\/","og_locale":"es_ES","og_type":"article","og_title":"Deslumbrante inicio de Jujuy Argentina Fashion Week en Ciudad Cultural - Muy Jujuy","og_description":"Se llev\u00f3 cabo en la Ciudad Cultural de Jujuy la Washion Week, qu efue impulsada por Tulia Snopek de Morales.","og_url":"https:\/\/www.muyjujuy.com\/index.php\/2022\/10\/14\/deslumbrante-inicio-de-jujuy-argentina-fashion-week-en-ciudad-cultural\/","og_site_name":"Muy Jujuy","article_publisher":"https:\/\/www.facebook.com\/muyjujuycom","article_published_time":"2022-10-14T16:13:34+00:00","article_modified_time":"2022-10-14T16:13:37+00:00","og_image":[{"width":1026,"height":675,"url":"https:\/\/www.muyjujuy.com\/wp-content\/uploads\/2022\/10\/WhatsApp-Image-2022-10-14-at-13.04.08.jpeg","type":"image\/jpeg"}],"author":"Redacci\u00f3n Muy Jujuy","twitter_card":"summary_large_image","twitter_creator":"@muyjujuy","twitter_site":"@muyjujuy","twitter_misc":{"Escrito por":"Redacci\u00f3n Muy Jujuy","Tiempo de lectura":"2 minutos"},"schema":{"@context":"https:\/\/schema.org","@graph":[{"@type":"Article","@id":"https:\/\/www.muyjujuy.com\/index.php\/2022\/10\/14\/deslumbrante-inicio-de-jujuy-argentina-fashion-week-en-ciudad-cultural\/#article","isPartOf":{"@id":"https:\/\/www.muyjujuy.com\/index.php\/2022\/10\/14\/deslumbrante-inicio-de-jujuy-argentina-fashion-week-en-ciudad-cultural\/"},"author":{"name":"Redacci\u00f3n Muy Jujuy","@id":"https:\/\/www.muyjujuy.com\/#\/schema\/person\/1d0f6e223ccea9e3f9034c1a5b683bf2"},"headline":"Deslumbrante inicio de Jujuy Argentina Fashion Week en Ciudad Cultural","datePublished":"2022-10-14T16:13:34+00:00","dateModified":"2022-10-14T16:13:37+00:00","mainEntityOfPage":{"@id":"https:\/\/www.muyjujuy.com\/index.php\/2022\/10\/14\/deslumbrante-inicio-de-jujuy-argentina-fashion-week-en-ciudad-cultural\/"},"wordCount":432,"commentCount":0,"publisher":{"@id":"https:\/\/www.muyjujuy.com\/#organization"},"image":{"@id":"https:\/\/www.muyjujuy.com\/index.php\/2022\/10\/14\/deslumbrante-inicio-de-jujuy-argentina-fashion-week-en-ciudad-cultural\/#primaryimage"},"thumbnailUrl":"https:\/\/www.muyjujuy.com\/wp-content\/uploads\/2022\/10\/WhatsApp-Image-2022-10-14-at-13.04.08.jpeg","keywords":["Gerardo Morales","Jujuy"],"articleSection":["Sociedad"],"inLanguage":"es-AR","potentialAction":[{"@type":"CommentAction","name":"Comment","target":["https:\/\/www.muyjujuy.com\/index.php\/2022\/10\/14\/deslumbrante-inicio-de-jujuy-argentina-fashion-week-en-ciudad-cultural\/#respond"]}]},{"@type":"WebPage","@id":"https:\/\/www.muyjujuy.com\/index.php\/2022\/10\/14\/deslumbrante-inicio-de-jujuy-argentina-fashion-week-en-ciudad-cultural\/","url":"https:\/\/www.muyjujuy.com\/index.php\/2022\/10\/14\/deslumbrante-inicio-de-jujuy-argentina-fashion-week-en-ciudad-cultural\/","name":"Deslumbrante inicio de Jujuy Argentina Fashion Week en Ciudad Cultural - Muy Jujuy","isPartOf":{"@id":"https:\/\/www.muyjujuy.com\/#website"},"primaryImageOfPage":{"@id":"https:\/\/www.muyjujuy.com\/index.php\/2022\/10\/14\/deslumbrante-inicio-de-jujuy-argentina-fashion-week-en-ciudad-cultural\/#primaryimage"},"image":{"@id":"https:\/\/www.muyjujuy.com\/index.php\/2022\/10\/14\/deslumbrante-inicio-de-jujuy-argentina-fashion-week-en-ciudad-cultural\/#primaryimage"},"thumbnailUrl":"https:\/\/www.muyjujuy.com\/wp-content\/uploads\/2022\/10\/WhatsApp-Image-2022-10-14-at-13.04.08.jpeg","datePublished":"2022-10-14T16:13:34+00:00","dateModified":"2022-10-14T16:13:37+00:00","description":"Se llev\u00f3 cabo en la Ciudad Cultural de Jujuy la Washion Week, qu efue impulsada por Tulia Snopek de Morales.","breadcrumb":{"@id":"https:\/\/www.muyjujuy.com\/index.php\/2022\/10\/14\/deslumbrante-inicio-de-jujuy-argentina-fashion-week-en-ciudad-cultural\/#breadcrumb"},"inLanguage":"es-AR","potentialAction":[{"@type":"ReadAction","target":["https:\/\/www.muyjujuy.com\/index.php\/2022\/10\/14\/deslumbrante-inicio-de-jujuy-argentina-fashion-week-en-ciudad-cultural\/"]}]},{"@type":"ImageObject","inLanguage":"es-AR","@id":"https:\/\/www.muyjujuy.com\/index.php\/2022\/10\/14\/deslumbrante-inicio-de-jujuy-argentina-fashion-week-en-ciudad-cultural\/#primaryimage","url":"https:\/\/www.muyjujuy.com\/wp-content\/uploads\/2022\/10\/WhatsApp-Image-2022-10-14-at-13.04.08.jpeg","contentUrl":"https:\/\/www.muyjujuy.com\/wp-content\/uploads\/2022\/10\/WhatsApp-Image-2022-10-14-at-13.04.08.jpeg","width":1026,"height":675},{"@type":"BreadcrumbList","@id":"https:\/\/www.muyjujuy.com\/index.php\/2022\/10\/14\/deslumbrante-inicio-de-jujuy-argentina-fashion-week-en-ciudad-cultural\/#breadcrumb","itemListElement":[{"@type":"ListItem","position":1,"name":"Inicio","item":"https:\/\/www.muyjujuy.com\/"},{"@type":"ListItem","position":2,"name":"Deslumbrante inicio de Jujuy Argentina Fashion Week en Ciudad Cultural"}]},{"@type":"WebSite","@id":"https:\/\/www.muyjujuy.com\/#website","url":"https:\/\/www.muyjujuy.com\/","name":"Muy Jujuy","description":"","publisher":{"@id":"https:\/\/www.muyjujuy.com\/#organization"},"potentialAction":[{"@type":"SearchAction","target":{"@type":"EntryPoint","urlTemplate":"https:\/\/www.muyjujuy.com\/?s={search_term_string}"},"query-input":{"@type":"PropertyValueSpecification","valueRequired":true,"valueName":"search_term_string"}}],"inLanguage":"es-AR"},{"@type":"Organization","@id":"https:\/\/www.muyjujuy.com\/#organization","name":"Muy Jujuy","url":"https:\/\/www.muyjujuy.com\/","logo":{"@type":"ImageObject","inLanguage":"es-AR","@id":"https:\/\/www.muyjujuy.com\/#\/schema\/logo\/image\/","url":"http:\/\/www.muyjujuy.com\/wp-content\/uploads\/2022\/05\/logo-mobil-jujuy.png","contentUrl":"http:\/\/www.muyjujuy.com\/wp-content\/uploads\/2022\/05\/logo-mobil-jujuy.png","width":174,"height":81,"caption":"Muy Jujuy"},"image":{"@id":"https:\/\/www.muyjujuy.com\/#\/schema\/logo\/image\/"},"sameAs":["https:\/\/www.facebook.com\/muyjujuycom","https:\/\/x.com\/muyjujuy","https:\/\/www.instagram.com\/muyjujuycom"]},{"@type":"Person","@id":"https:\/\/www.muyjujuy.com\/#\/schema\/person\/1d0f6e223ccea9e3f9034c1a5b683bf2","name":"Redacci\u00f3n Muy Jujuy","image":{"@type":"ImageObject","inLanguage":"es-AR","@id":"https:\/\/secure.gravatar.com\/avatar\/fec5f6f1893d741ed5eecccff109ce43e67a855411202a3212a058cb8e5c27d4?s=96&d=mm&r=g","url":"https:\/\/secure.gravatar.com\/avatar\/fec5f6f1893d741ed5eecccff109ce43e67a855411202a3212a058cb8e5c27d4?s=96&d=mm&r=g","contentUrl":"https:\/\/secure.gravatar.com\/avatar\/fec5f6f1893d741ed5eecccff109ce43e67a855411202a3212a058cb8e5c27d4?s=96&d=mm&r=g","caption":"Redacci\u00f3n Muy Jujuy"},"url":"https:\/\/www.muyjujuy.com\/index.php\/author\/editor\/"}]}},"_links":{"self":[{"href":"https:\/\/www.muyjujuy.com\/index.php\/wp-json\/wp\/v2\/posts\/1772","targetHints":{"allow":["GET"]}}],"collection":[{"href":"https:\/\/www.muyjujuy.com\/index.php\/wp-json\/wp\/v2\/posts"}],"about":[{"href":"https:\/\/www.muyjujuy.com\/index.php\/wp-json\/wp\/v2\/types\/post"}],"author":[{"embeddable":true,"href":"https:\/\/www.muyjujuy.com\/index.php\/wp-json\/wp\/v2\/users\/3"}],"replies":[{"embeddable":true,"href":"https:\/\/www.muyjujuy.com\/index.php\/wp-json\/wp\/v2\/comments?post=1772"}],"version-history":[{"count":1,"href":"https:\/\/www.muyjujuy.com\/index.php\/wp-json\/wp\/v2\/posts\/1772\/revisions"}],"predecessor-version":[{"id":1774,"href":"https:\/\/www.muyjujuy.com\/index.php\/wp-json\/wp\/v2\/posts\/1772\/revisions\/1774"}],"wp:featuredmedia":[{"embeddable":true,"href":"https:\/\/www.muyjujuy.com\/index.php\/wp-json\/wp\/v2\/media\/1773"}],"wp:attachment":[{"href":"https:\/\/www.muyjujuy.com\/index.php\/wp-json\/wp\/v2\/media?parent=1772"}],"wp:term":[{"taxonomy":"category","embeddable":true,"href":"https:\/\/www.muyjujuy.com\/index.php\/wp-json\/wp\/v2\/categories?post=1772"},{"taxonomy":"post_tag","embeddable":true,"href":"https:\/\/www.muyjujuy.com\/index.php\/wp-json\/wp\/v2\/tags?post=1772"}],"curies":[{"name":"wp","href":"https:\/\/api.w.org\/{rel}","templated":true}]}}