{"id":1781,"date":"2022-10-17T12:33:15","date_gmt":"2022-10-17T15:33:15","guid":{"rendered":"https:\/\/www.muyjujuy.com\/?p=1781"},"modified":"2022-10-17T12:33:16","modified_gmt":"2022-10-17T15:33:16","slug":"jujuy-firmo-un-convenio-con-el-que-aspira-a-ingresar-al-mercado-de-bonos-de-carbono","status":"publish","type":"post","link":"https:\/\/www.muyjujuy.com\/index.php\/2022\/10\/17\/jujuy-firmo-un-convenio-con-el-que-aspira-a-ingresar-al-mercado-de-bonos-de-carbono\/","title":{"rendered":"Jujuy firm\u00f3 un convenio con el que aspira a ingresar al mercado de bonos de carbono"},"content":{"rendered":"\n<p id=\"titulo_cable\"><em>El Gobierno provincial firm\u00f3 el convenio con la desarrolladora internacional Allcot para ingresar al mercado de bonos de carbono.<\/em><\/p>\n\n\n\n<p>El Gobierno de Jujuy suscribi\u00f3 un convenio con la desarrolladora internacional <strong>Allcot para potenciar proyectos que califiquen en el mercado de bonos de carbono <\/strong>y financien la protecci\u00f3n a los bosques nativos. Fue en el marco de la estrategia de Jujuy Verde Carbono Neutral 2050.<\/p>\n\n\n\n<p>El acuerdo, rubricado por la ministra de Ambiente de Jujuy, <strong>Mar\u00eda In\u00e9s Zigar\u00e1n<\/strong>, y el CEO y fundador de Allcot, <strong>Alexis Leroy<\/strong>, reafirma la pol\u00edtica de alcanzar las metas de Jujuy Verde Carbono Neutral 2050, mediante la conservaci\u00f3n de los bosques a trav\u00e9s de financiamiento internacional.<\/p>\n\n\n\n<h2 class=\"wp-block-heading\"><strong>Detalles del convenio<\/strong><\/h2>\n\n\n\n<p>Las partes acordaron <strong>&#8220;aunar esfuerzos para lograr la eventual implementaci\u00f3n, desarrollo, validaci\u00f3n y verificaci\u00f3n de un proyecto agrupado con metodolog\u00eda espec\u00edfica Verra<\/strong>.  Estar\u00e1 situado en la provincia de Jujuy a fin de implementar acciones orientadas a gestionar la conservaci\u00f3n y restauraci\u00f3n de ecosistemas boscosos juje\u00f1os&#8221;.<\/p>\n\n\n\n<p>Se apunta a que <strong>&#8220;los beneficiarios de la Ley de Bosques, es decir quienes tienen en propiedad tierras con \u00e1reas boscosas <\/strong>en alg\u00fan nivel de conservaci\u00f3n, puedan presentar proyectos para calificar en el mercado de bonos de carbono que ser\u00e1n desarrollados por Allcot y les permitan acceder a financiamiento internacional para gestionar mejor los bosques para la adaptaci\u00f3n al cambio clim\u00e1tico y reducir las vulnerabilidades frente a los incendios forestales&#8221;.<\/p>\n\n\n\n<p>De esta manera, se<strong> &#8220;propiciar\u00e1 el aumento de almacenamiento de carbono y lograr la emisi\u00f3n y comercializaci\u00f3n de unidades de carbono verificadas<\/strong>&#8220;.<\/p>\n\n\n\n<p>Finalmente, especific\u00f3 que Allcot es una desarrolladora de proyectos reconocida mundialmente por sus resultados, conocimiento, experiencia y gesti\u00f3n en iniciativas de reducci\u00f3n de emisi\u00f3n de gases de efecto invernadero (GEI) para combatir activamente la crisis clim\u00e1tica bajo el Art\u00edculo 6 del Acuerdo de Par\u00eds y aline\u00e1ndose con la Agenda 2030 y sus 17 Objetivos de Desarrollo Sostenible (ODS).<\/p>\n","protected":false},"excerpt":{"rendered":"<p>El Gobierno provincial firm\u00f3 el convenio con la desarrolladora internacional Allcot para ingresar al mercado de bonos de carbono. El Gobierno de Jujuy suscribi\u00f3 un convenio con la desarrolladora internacional Allcot para potenciar proyectos que califiquen en el mercado de bonos de carbono y financien la protecci\u00f3n a los bosques nativos. Fue en el marco [&hellip;]<\/p>\n","protected":false},"author":3,"featured_media":1782,"comment_status":"open","ping_status":"open","sticky":false,"template":"","format":"standard","meta":{"footnotes":""},"categories":[25],"tags":[5,8],"class_list":{"0":"post-1781","1":"post","2":"type-post","3":"status-publish","4":"format-standard","5":"has-post-thumbnail","7":"category-sociedad","8":"tag-gerardo-morales","9":"tag-jujuy"},"yoast_head":"<!-- This site is optimized with the Yoast SEO plugin v27.5 - https:\/\/yoast.com\/product\/yoast-seo-wordpress\/ -->\n<title>Jujuy firm\u00f3 un convenio con el que aspira a ingresar al mercado de bonos de carbono - Muy Jujuy<\/title>\n<meta name=\"description\" content=\"El Gobierno provincial firm\u00f3 el convenio con la desarrolladora internacional Allcot para ingresar al mercado de bonos de carbono.\" \/>\n<meta name=\"robots\" content=\"index, follow, max-snippet:-1, max-image-preview:large, max-video-preview:-1\" \/>\n<link rel=\"canonical\" href=\"https:\/\/www.muyjujuy.com\/index.php\/2022\/10\/17\/jujuy-firmo-un-convenio-con-el-que-aspira-a-ingresar-al-mercado-de-bonos-de-carbono\/\" \/>\n<meta property=\"og:locale\" content=\"es_ES\" \/>\n<meta property=\"og:type\" content=\"article\" \/>\n<meta property=\"og:title\" content=\"Jujuy firm\u00f3 un convenio con el que aspira a ingresar al mercado de bonos de carbono - Muy Jujuy\" \/>\n<meta property=\"og:description\" content=\"El Gobierno provincial firm\u00f3 el convenio con la desarrolladora internacional Allcot para ingresar al mercado de bonos de carbono.\" \/>\n<meta property=\"og:url\" content=\"https:\/\/www.muyjujuy.com\/index.php\/2022\/10\/17\/jujuy-firmo-un-convenio-con-el-que-aspira-a-ingresar-al-mercado-de-bonos-de-carbono\/\" \/>\n<meta property=\"og:site_name\" content=\"Muy Jujuy\" \/>\n<meta property=\"article:publisher\" content=\"https:\/\/www.facebook.com\/muyjujuycom\" \/>\n<meta property=\"article:published_time\" content=\"2022-10-17T15:33:15+00:00\" \/>\n<meta property=\"article:modified_time\" content=\"2022-10-17T15:33:16+00:00\" \/>\n<meta property=\"og:image\" content=\"https:\/\/www.muyjujuy.com\/wp-content\/uploads\/2022\/10\/WhatsApp-Image-2022-10-17-at-12.32.10.jpeg\" \/>\n\t<meta property=\"og:image:width\" content=\"1024\" \/>\n\t<meta property=\"og:image:height\" content=\"585\" \/>\n\t<meta property=\"og:image:type\" content=\"image\/jpeg\" \/>\n<meta name=\"author\" content=\"Redacci\u00f3n Muy Jujuy\" \/>\n<meta name=\"twitter:card\" content=\"summary_large_image\" \/>\n<meta name=\"twitter:creator\" content=\"@muyjujuy\" \/>\n<meta name=\"twitter:site\" content=\"@muyjujuy\" \/>\n<meta name=\"twitter:label1\" content=\"Escrito por\" \/>\n\t<meta name=\"twitter:data1\" content=\"Redacci\u00f3n Muy Jujuy\" \/>\n\t<meta name=\"twitter:label2\" content=\"Tiempo de lectura\" \/>\n\t<meta name=\"twitter:data2\" content=\"2 minutos\" \/>\n<script type=\"application\/ld+json\" class=\"yoast-schema-graph\">{\"@context\":\"https:\\\/\\\/schema.org\",\"@graph\":[{\"@type\":\"Article\",\"@id\":\"https:\\\/\\\/www.muyjujuy.com\\\/index.php\\\/2022\\\/10\\\/17\\\/jujuy-firmo-un-convenio-con-el-que-aspira-a-ingresar-al-mercado-de-bonos-de-carbono\\\/#article\",\"isPartOf\":{\"@id\":\"https:\\\/\\\/www.muyjujuy.com\\\/index.php\\\/2022\\\/10\\\/17\\\/jujuy-firmo-un-convenio-con-el-que-aspira-a-ingresar-al-mercado-de-bonos-de-carbono\\\/\"},\"author\":{\"name\":\"Redacci\u00f3n Muy Jujuy\",\"@id\":\"https:\\\/\\\/www.muyjujuy.com\\\/#\\\/schema\\\/person\\\/1d0f6e223ccea9e3f9034c1a5b683bf2\"},\"headline\":\"Jujuy firm\u00f3 un convenio con el que aspira a ingresar al mercado de bonos de carbono\",\"datePublished\":\"2022-10-17T15:33:15+00:00\",\"dateModified\":\"2022-10-17T15:33:16+00:00\",\"mainEntityOfPage\":{\"@id\":\"https:\\\/\\\/www.muyjujuy.com\\\/index.php\\\/2022\\\/10\\\/17\\\/jujuy-firmo-un-convenio-con-el-que-aspira-a-ingresar-al-mercado-de-bonos-de-carbono\\\/\"},\"wordCount\":348,\"commentCount\":0,\"publisher\":{\"@id\":\"https:\\\/\\\/www.muyjujuy.com\\\/#organization\"},\"image\":{\"@id\":\"https:\\\/\\\/www.muyjujuy.com\\\/index.php\\\/2022\\\/10\\\/17\\\/jujuy-firmo-un-convenio-con-el-que-aspira-a-ingresar-al-mercado-de-bonos-de-carbono\\\/#primaryimage\"},\"thumbnailUrl\":\"https:\\\/\\\/www.muyjujuy.com\\\/wp-content\\\/uploads\\\/2022\\\/10\\\/WhatsApp-Image-2022-10-17-at-12.32.10.jpeg\",\"keywords\":[\"Gerardo Morales\",\"Jujuy\"],\"articleSection\":[\"Sociedad\"],\"inLanguage\":\"es-AR\",\"potentialAction\":[{\"@type\":\"CommentAction\",\"name\":\"Comment\",\"target\":[\"https:\\\/\\\/www.muyjujuy.com\\\/index.php\\\/2022\\\/10\\\/17\\\/jujuy-firmo-un-convenio-con-el-que-aspira-a-ingresar-al-mercado-de-bonos-de-carbono\\\/#respond\"]}]},{\"@type\":\"WebPage\",\"@id\":\"https:\\\/\\\/www.muyjujuy.com\\\/index.php\\\/2022\\\/10\\\/17\\\/jujuy-firmo-un-convenio-con-el-que-aspira-a-ingresar-al-mercado-de-bonos-de-carbono\\\/\",\"url\":\"https:\\\/\\\/www.muyjujuy.com\\\/index.php\\\/2022\\\/10\\\/17\\\/jujuy-firmo-un-convenio-con-el-que-aspira-a-ingresar-al-mercado-de-bonos-de-carbono\\\/\",\"name\":\"Jujuy firm\u00f3 un convenio con el que aspira a ingresar al mercado de bonos de carbono - Muy Jujuy\",\"isPartOf\":{\"@id\":\"https:\\\/\\\/www.muyjujuy.com\\\/#website\"},\"primaryImageOfPage\":{\"@id\":\"https:\\\/\\\/www.muyjujuy.com\\\/index.php\\\/2022\\\/10\\\/17\\\/jujuy-firmo-un-convenio-con-el-que-aspira-a-ingresar-al-mercado-de-bonos-de-carbono\\\/#primaryimage\"},\"image\":{\"@id\":\"https:\\\/\\\/www.muyjujuy.com\\\/index.php\\\/2022\\\/10\\\/17\\\/jujuy-firmo-un-convenio-con-el-que-aspira-a-ingresar-al-mercado-de-bonos-de-carbono\\\/#primaryimage\"},\"thumbnailUrl\":\"https:\\\/\\\/www.muyjujuy.com\\\/wp-content\\\/uploads\\\/2022\\\/10\\\/WhatsApp-Image-2022-10-17-at-12.32.10.jpeg\",\"datePublished\":\"2022-10-17T15:33:15+00:00\",\"dateModified\":\"2022-10-17T15:33:16+00:00\",\"description\":\"El Gobierno provincial firm\u00f3 el convenio con la desarrolladora internacional Allcot para ingresar al mercado de bonos de carbono.\",\"breadcrumb\":{\"@id\":\"https:\\\/\\\/www.muyjujuy.com\\\/index.php\\\/2022\\\/10\\\/17\\\/jujuy-firmo-un-convenio-con-el-que-aspira-a-ingresar-al-mercado-de-bonos-de-carbono\\\/#breadcrumb\"},\"inLanguage\":\"es-AR\",\"potentialAction\":[{\"@type\":\"ReadAction\",\"target\":[\"https:\\\/\\\/www.muyjujuy.com\\\/index.php\\\/2022\\\/10\\\/17\\\/jujuy-firmo-un-convenio-con-el-que-aspira-a-ingresar-al-mercado-de-bonos-de-carbono\\\/\"]}]},{\"@type\":\"ImageObject\",\"inLanguage\":\"es-AR\",\"@id\":\"https:\\\/\\\/www.muyjujuy.com\\\/index.php\\\/2022\\\/10\\\/17\\\/jujuy-firmo-un-convenio-con-el-que-aspira-a-ingresar-al-mercado-de-bonos-de-carbono\\\/#primaryimage\",\"url\":\"https:\\\/\\\/www.muyjujuy.com\\\/wp-content\\\/uploads\\\/2022\\\/10\\\/WhatsApp-Image-2022-10-17-at-12.32.10.jpeg\",\"contentUrl\":\"https:\\\/\\\/www.muyjujuy.com\\\/wp-content\\\/uploads\\\/2022\\\/10\\\/WhatsApp-Image-2022-10-17-at-12.32.10.jpeg\",\"width\":1024,\"height\":585},{\"@type\":\"BreadcrumbList\",\"@id\":\"https:\\\/\\\/www.muyjujuy.com\\\/index.php\\\/2022\\\/10\\\/17\\\/jujuy-firmo-un-convenio-con-el-que-aspira-a-ingresar-al-mercado-de-bonos-de-carbono\\\/#breadcrumb\",\"itemListElement\":[{\"@type\":\"ListItem\",\"position\":1,\"name\":\"Inicio\",\"item\":\"https:\\\/\\\/www.muyjujuy.com\\\/\"},{\"@type\":\"ListItem\",\"position\":2,\"name\":\"Jujuy firm\u00f3 un convenio con el que aspira a ingresar al mercado de bonos de carbono\"}]},{\"@type\":\"WebSite\",\"@id\":\"https:\\\/\\\/www.muyjujuy.com\\\/#website\",\"url\":\"https:\\\/\\\/www.muyjujuy.com\\\/\",\"name\":\"Muy Jujuy\",\"description\":\"\",\"publisher\":{\"@id\":\"https:\\\/\\\/www.muyjujuy.com\\\/#organization\"},\"potentialAction\":[{\"@type\":\"SearchAction\",\"target\":{\"@type\":\"EntryPoint\",\"urlTemplate\":\"https:\\\/\\\/www.muyjujuy.com\\\/?s={search_term_string}\"},\"query-input\":{\"@type\":\"PropertyValueSpecification\",\"valueRequired\":true,\"valueName\":\"search_term_string\"}}],\"inLanguage\":\"es-AR\"},{\"@type\":\"Organization\",\"@id\":\"https:\\\/\\\/www.muyjujuy.com\\\/#organization\",\"name\":\"Muy Jujuy\",\"url\":\"https:\\\/\\\/www.muyjujuy.com\\\/\",\"logo\":{\"@type\":\"ImageObject\",\"inLanguage\":\"es-AR\",\"@id\":\"https:\\\/\\\/www.muyjujuy.com\\\/#\\\/schema\\\/logo\\\/image\\\/\",\"url\":\"http:\\\/\\\/www.muyjujuy.com\\\/wp-content\\\/uploads\\\/2022\\\/05\\\/logo-mobil-jujuy.png\",\"contentUrl\":\"http:\\\/\\\/www.muyjujuy.com\\\/wp-content\\\/uploads\\\/2022\\\/05\\\/logo-mobil-jujuy.png\",\"width\":174,\"height\":81,\"caption\":\"Muy Jujuy\"},\"image\":{\"@id\":\"https:\\\/\\\/www.muyjujuy.com\\\/#\\\/schema\\\/logo\\\/image\\\/\"},\"sameAs\":[\"https:\\\/\\\/www.facebook.com\\\/muyjujuycom\",\"https:\\\/\\\/x.com\\\/muyjujuy\",\"https:\\\/\\\/www.instagram.com\\\/muyjujuycom\"]},{\"@type\":\"Person\",\"@id\":\"https:\\\/\\\/www.muyjujuy.com\\\/#\\\/schema\\\/person\\\/1d0f6e223ccea9e3f9034c1a5b683bf2\",\"name\":\"Redacci\u00f3n Muy Jujuy\",\"image\":{\"@type\":\"ImageObject\",\"inLanguage\":\"es-AR\",\"@id\":\"https:\\\/\\\/secure.gravatar.com\\\/avatar\\\/fec5f6f1893d741ed5eecccff109ce43e67a855411202a3212a058cb8e5c27d4?s=96&d=mm&r=g\",\"url\":\"https:\\\/\\\/secure.gravatar.com\\\/avatar\\\/fec5f6f1893d741ed5eecccff109ce43e67a855411202a3212a058cb8e5c27d4?s=96&d=mm&r=g\",\"contentUrl\":\"https:\\\/\\\/secure.gravatar.com\\\/avatar\\\/fec5f6f1893d741ed5eecccff109ce43e67a855411202a3212a058cb8e5c27d4?s=96&d=mm&r=g\",\"caption\":\"Redacci\u00f3n Muy Jujuy\"},\"url\":\"https:\\\/\\\/www.muyjujuy.com\\\/index.php\\\/author\\\/editor\\\/\"}]}<\/script>\n<!-- \/ Yoast SEO plugin. -->","yoast_head_json":{"title":"Jujuy firm\u00f3 un convenio con el que aspira a ingresar al mercado de bonos de carbono - Muy Jujuy","description":"El Gobierno provincial firm\u00f3 el convenio con la desarrolladora internacional Allcot para ingresar al mercado de bonos de carbono.","robots":{"index":"index","follow":"follow","max-snippet":"max-snippet:-1","max-image-preview":"max-image-preview:large","max-video-preview":"max-video-preview:-1"},"canonical":"https:\/\/www.muyjujuy.com\/index.php\/2022\/10\/17\/jujuy-firmo-un-convenio-con-el-que-aspira-a-ingresar-al-mercado-de-bonos-de-carbono\/","og_locale":"es_ES","og_type":"article","og_title":"Jujuy firm\u00f3 un convenio con el que aspira a ingresar al mercado de bonos de carbono - Muy Jujuy","og_description":"El Gobierno provincial firm\u00f3 el convenio con la desarrolladora internacional Allcot para ingresar al mercado de bonos de carbono.","og_url":"https:\/\/www.muyjujuy.com\/index.php\/2022\/10\/17\/jujuy-firmo-un-convenio-con-el-que-aspira-a-ingresar-al-mercado-de-bonos-de-carbono\/","og_site_name":"Muy Jujuy","article_publisher":"https:\/\/www.facebook.com\/muyjujuycom","article_published_time":"2022-10-17T15:33:15+00:00","article_modified_time":"2022-10-17T15:33:16+00:00","og_image":[{"width":1024,"height":585,"url":"https:\/\/www.muyjujuy.com\/wp-content\/uploads\/2022\/10\/WhatsApp-Image-2022-10-17-at-12.32.10.jpeg","type":"image\/jpeg"}],"author":"Redacci\u00f3n Muy Jujuy","twitter_card":"summary_large_image","twitter_creator":"@muyjujuy","twitter_site":"@muyjujuy","twitter_misc":{"Escrito por":"Redacci\u00f3n Muy Jujuy","Tiempo de lectura":"2 minutos"},"schema":{"@context":"https:\/\/schema.org","@graph":[{"@type":"Article","@id":"https:\/\/www.muyjujuy.com\/index.php\/2022\/10\/17\/jujuy-firmo-un-convenio-con-el-que-aspira-a-ingresar-al-mercado-de-bonos-de-carbono\/#article","isPartOf":{"@id":"https:\/\/www.muyjujuy.com\/index.php\/2022\/10\/17\/jujuy-firmo-un-convenio-con-el-que-aspira-a-ingresar-al-mercado-de-bonos-de-carbono\/"},"author":{"name":"Redacci\u00f3n Muy Jujuy","@id":"https:\/\/www.muyjujuy.com\/#\/schema\/person\/1d0f6e223ccea9e3f9034c1a5b683bf2"},"headline":"Jujuy firm\u00f3 un convenio con el que aspira a ingresar al mercado de bonos de carbono","datePublished":"2022-10-17T15:33:15+00:00","dateModified":"2022-10-17T15:33:16+00:00","mainEntityOfPage":{"@id":"https:\/\/www.muyjujuy.com\/index.php\/2022\/10\/17\/jujuy-firmo-un-convenio-con-el-que-aspira-a-ingresar-al-mercado-de-bonos-de-carbono\/"},"wordCount":348,"commentCount":0,"publisher":{"@id":"https:\/\/www.muyjujuy.com\/#organization"},"image":{"@id":"https:\/\/www.muyjujuy.com\/index.php\/2022\/10\/17\/jujuy-firmo-un-convenio-con-el-que-aspira-a-ingresar-al-mercado-de-bonos-de-carbono\/#primaryimage"},"thumbnailUrl":"https:\/\/www.muyjujuy.com\/wp-content\/uploads\/2022\/10\/WhatsApp-Image-2022-10-17-at-12.32.10.jpeg","keywords":["Gerardo Morales","Jujuy"],"articleSection":["Sociedad"],"inLanguage":"es-AR","potentialAction":[{"@type":"CommentAction","name":"Comment","target":["https:\/\/www.muyjujuy.com\/index.php\/2022\/10\/17\/jujuy-firmo-un-convenio-con-el-que-aspira-a-ingresar-al-mercado-de-bonos-de-carbono\/#respond"]}]},{"@type":"WebPage","@id":"https:\/\/www.muyjujuy.com\/index.php\/2022\/10\/17\/jujuy-firmo-un-convenio-con-el-que-aspira-a-ingresar-al-mercado-de-bonos-de-carbono\/","url":"https:\/\/www.muyjujuy.com\/index.php\/2022\/10\/17\/jujuy-firmo-un-convenio-con-el-que-aspira-a-ingresar-al-mercado-de-bonos-de-carbono\/","name":"Jujuy firm\u00f3 un convenio con el que aspira a ingresar al mercado de bonos de carbono - Muy Jujuy","isPartOf":{"@id":"https:\/\/www.muyjujuy.com\/#website"},"primaryImageOfPage":{"@id":"https:\/\/www.muyjujuy.com\/index.php\/2022\/10\/17\/jujuy-firmo-un-convenio-con-el-que-aspira-a-ingresar-al-mercado-de-bonos-de-carbono\/#primaryimage"},"image":{"@id":"https:\/\/www.muyjujuy.com\/index.php\/2022\/10\/17\/jujuy-firmo-un-convenio-con-el-que-aspira-a-ingresar-al-mercado-de-bonos-de-carbono\/#primaryimage"},"thumbnailUrl":"https:\/\/www.muyjujuy.com\/wp-content\/uploads\/2022\/10\/WhatsApp-Image-2022-10-17-at-12.32.10.jpeg","datePublished":"2022-10-17T15:33:15+00:00","dateModified":"2022-10-17T15:33:16+00:00","description":"El Gobierno provincial firm\u00f3 el convenio con la desarrolladora internacional Allcot para ingresar al mercado de bonos de carbono.","breadcrumb":{"@id":"https:\/\/www.muyjujuy.com\/index.php\/2022\/10\/17\/jujuy-firmo-un-convenio-con-el-que-aspira-a-ingresar-al-mercado-de-bonos-de-carbono\/#breadcrumb"},"inLanguage":"es-AR","potentialAction":[{"@type":"ReadAction","target":["https:\/\/www.muyjujuy.com\/index.php\/2022\/10\/17\/jujuy-firmo-un-convenio-con-el-que-aspira-a-ingresar-al-mercado-de-bonos-de-carbono\/"]}]},{"@type":"ImageObject","inLanguage":"es-AR","@id":"https:\/\/www.muyjujuy.com\/index.php\/2022\/10\/17\/jujuy-firmo-un-convenio-con-el-que-aspira-a-ingresar-al-mercado-de-bonos-de-carbono\/#primaryimage","url":"https:\/\/www.muyjujuy.com\/wp-content\/uploads\/2022\/10\/WhatsApp-Image-2022-10-17-at-12.32.10.jpeg","contentUrl":"https:\/\/www.muyjujuy.com\/wp-content\/uploads\/2022\/10\/WhatsApp-Image-2022-10-17-at-12.32.10.jpeg","width":1024,"height":585},{"@type":"BreadcrumbList","@id":"https:\/\/www.muyjujuy.com\/index.php\/2022\/10\/17\/jujuy-firmo-un-convenio-con-el-que-aspira-a-ingresar-al-mercado-de-bonos-de-carbono\/#breadcrumb","itemListElement":[{"@type":"ListItem","position":1,"name":"Inicio","item":"https:\/\/www.muyjujuy.com\/"},{"@type":"ListItem","position":2,"name":"Jujuy firm\u00f3 un convenio con el que aspira a ingresar al mercado de bonos de carbono"}]},{"@type":"WebSite","@id":"https:\/\/www.muyjujuy.com\/#website","url":"https:\/\/www.muyjujuy.com\/","name":"Muy Jujuy","description":"","publisher":{"@id":"https:\/\/www.muyjujuy.com\/#organization"},"potentialAction":[{"@type":"SearchAction","target":{"@type":"EntryPoint","urlTemplate":"https:\/\/www.muyjujuy.com\/?s={search_term_string}"},"query-input":{"@type":"PropertyValueSpecification","valueRequired":true,"valueName":"search_term_string"}}],"inLanguage":"es-AR"},{"@type":"Organization","@id":"https:\/\/www.muyjujuy.com\/#organization","name":"Muy Jujuy","url":"https:\/\/www.muyjujuy.com\/","logo":{"@type":"ImageObject","inLanguage":"es-AR","@id":"https:\/\/www.muyjujuy.com\/#\/schema\/logo\/image\/","url":"http:\/\/www.muyjujuy.com\/wp-content\/uploads\/2022\/05\/logo-mobil-jujuy.png","contentUrl":"http:\/\/www.muyjujuy.com\/wp-content\/uploads\/2022\/05\/logo-mobil-jujuy.png","width":174,"height":81,"caption":"Muy Jujuy"},"image":{"@id":"https:\/\/www.muyjujuy.com\/#\/schema\/logo\/image\/"},"sameAs":["https:\/\/www.facebook.com\/muyjujuycom","https:\/\/x.com\/muyjujuy","https:\/\/www.instagram.com\/muyjujuycom"]},{"@type":"Person","@id":"https:\/\/www.muyjujuy.com\/#\/schema\/person\/1d0f6e223ccea9e3f9034c1a5b683bf2","name":"Redacci\u00f3n Muy Jujuy","image":{"@type":"ImageObject","inLanguage":"es-AR","@id":"https:\/\/secure.gravatar.com\/avatar\/fec5f6f1893d741ed5eecccff109ce43e67a855411202a3212a058cb8e5c27d4?s=96&d=mm&r=g","url":"https:\/\/secure.gravatar.com\/avatar\/fec5f6f1893d741ed5eecccff109ce43e67a855411202a3212a058cb8e5c27d4?s=96&d=mm&r=g","contentUrl":"https:\/\/secure.gravatar.com\/avatar\/fec5f6f1893d741ed5eecccff109ce43e67a855411202a3212a058cb8e5c27d4?s=96&d=mm&r=g","caption":"Redacci\u00f3n Muy Jujuy"},"url":"https:\/\/www.muyjujuy.com\/index.php\/author\/editor\/"}]}},"_links":{"self":[{"href":"https:\/\/www.muyjujuy.com\/index.php\/wp-json\/wp\/v2\/posts\/1781","targetHints":{"allow":["GET"]}}],"collection":[{"href":"https:\/\/www.muyjujuy.com\/index.php\/wp-json\/wp\/v2\/posts"}],"about":[{"href":"https:\/\/www.muyjujuy.com\/index.php\/wp-json\/wp\/v2\/types\/post"}],"author":[{"embeddable":true,"href":"https:\/\/www.muyjujuy.com\/index.php\/wp-json\/wp\/v2\/users\/3"}],"replies":[{"embeddable":true,"href":"https:\/\/www.muyjujuy.com\/index.php\/wp-json\/wp\/v2\/comments?post=1781"}],"version-history":[{"count":1,"href":"https:\/\/www.muyjujuy.com\/index.php\/wp-json\/wp\/v2\/posts\/1781\/revisions"}],"predecessor-version":[{"id":1783,"href":"https:\/\/www.muyjujuy.com\/index.php\/wp-json\/wp\/v2\/posts\/1781\/revisions\/1783"}],"wp:featuredmedia":[{"embeddable":true,"href":"https:\/\/www.muyjujuy.com\/index.php\/wp-json\/wp\/v2\/media\/1782"}],"wp:attachment":[{"href":"https:\/\/www.muyjujuy.com\/index.php\/wp-json\/wp\/v2\/media?parent=1781"}],"wp:term":[{"taxonomy":"category","embeddable":true,"href":"https:\/\/www.muyjujuy.com\/index.php\/wp-json\/wp\/v2\/categories?post=1781"},{"taxonomy":"post_tag","embeddable":true,"href":"https:\/\/www.muyjujuy.com\/index.php\/wp-json\/wp\/v2\/tags?post=1781"}],"curies":[{"name":"wp","href":"https:\/\/api.w.org\/{rel}","templated":true}]}}