{"id":1784,"date":"2022-10-17T12:41:43","date_gmt":"2022-10-17T15:41:43","guid":{"rendered":"https:\/\/www.muyjujuy.com\/?p=1784"},"modified":"2022-10-18T15:21:00","modified_gmt":"2022-10-18T18:21:00","slug":"transito-se-reportaorn-mas-de-170-actas-por-alcoholemia-positiva-en-jujuy","status":"publish","type":"post","link":"https:\/\/www.muyjujuy.com\/index.php\/2022\/10\/17\/transito-se-reportaorn-mas-de-170-actas-por-alcoholemia-positiva-en-jujuy\/","title":{"rendered":"Tr\u00e1nsito: se reportaron m\u00e1s de 170 actas por alcoholemia positiva en Jujuy"},"content":{"rendered":"\n<p><em>El Gobierno de Jujuy llev\u00f3 adelante los controles de tr\u00e1nsito en la provincia y registr\u00f3 170 casos de alcoholemia el fin de semana.<\/em><\/p>\n\n\n\n<p>La <strong>Secretar\u00eda de Seguridad Vial<\/strong> comunic\u00f3 un nuevo reporte estad\u00edstico de siniestralidad semanal generado por el Observatorio Vial Provincial. Durante el fin de semana, se reportaron m\u00e1s de 170 actas de alcoholemia positiva.<br><br>Seg\u00fan el detalle del informe, se registraron 63 hechos de tr\u00e1nsito con <strong>un saldo de 2 personas fallecidas.<\/strong><br><br>Con respecto a las infracciones viales,<strong> de un total de 8949 veh\u00edculos controlados, 170 fueron por velocidad<\/strong> y 836 por contravenciones varias como falta de seguro, revisi\u00f3n t\u00e9cnica, sin licencia de conducir entre otras.<br><br>En cuanto a <strong>los resultados de alcoholemia se informa que 170 <\/strong>personas dieron positivos.<\/p>\n\n\n\n<p> Cabe indicar que el reporte estad\u00edstico de siniestralidad semanal es generado por el Observatorio Vial Provincial de acuerdo a las tareas de fiscalizaci\u00f3n que realizan los agentes del cuerpo de la Direcci\u00f3n de Tr\u00e1nsito y Seguridad Vial y Cuerpo Caminera dependientes de la Secretar\u00eda de Seguridad Vial.<\/p>\n","protected":false},"excerpt":{"rendered":"<p>El Gobierno de Jujuy llev\u00f3 adelante los controles de tr\u00e1nsito en la provincia y registr\u00f3 170 casos de alcoholemia el fin de semana. La Secretar\u00eda de Seguridad Vial comunic\u00f3 un nuevo reporte estad\u00edstico de siniestralidad semanal generado por el Observatorio Vial Provincial. Durante el fin de semana, se reportaron m\u00e1s de 170 actas de alcoholemia [&hellip;]<\/p>\n","protected":false},"author":3,"featured_media":1785,"comment_status":"open","ping_status":"open","sticky":false,"template":"","format":"standard","meta":{"footnotes":""},"categories":[25],"tags":[8,753],"class_list":{"0":"post-1784","1":"post","2":"type-post","3":"status-publish","4":"format-standard","5":"has-post-thumbnail","7":"category-sociedad","8":"tag-jujuy","9":"tag-transito-2"},"yoast_head":"<!-- This site is optimized with the Yoast SEO plugin v27.5 - https:\/\/yoast.com\/product\/yoast-seo-wordpress\/ -->\n<title>Tr\u00e1nsito: se reportaron m\u00e1s de 170 actas por alcoholemia positiva en Jujuy - Muy Jujuy<\/title>\n<meta name=\"description\" content=\"El Gobierno de Jujuy llev\u00f3 adelante los controles de tr\u00e1nsito en la provincia y registr\u00f3 170 casos de alcoholemia el fin de semana.\" \/>\n<meta name=\"robots\" content=\"index, follow, max-snippet:-1, max-image-preview:large, max-video-preview:-1\" \/>\n<link rel=\"canonical\" href=\"https:\/\/www.muyjujuy.com\/index.php\/2022\/10\/17\/transito-se-reportaorn-mas-de-170-actas-por-alcoholemia-positiva-en-jujuy\/\" \/>\n<meta property=\"og:locale\" content=\"es_ES\" \/>\n<meta property=\"og:type\" content=\"article\" \/>\n<meta property=\"og:title\" content=\"Tr\u00e1nsito: se reportaron m\u00e1s de 170 actas por alcoholemia positiva en Jujuy - Muy Jujuy\" \/>\n<meta property=\"og:description\" content=\"El Gobierno de Jujuy llev\u00f3 adelante los controles de tr\u00e1nsito en la provincia y registr\u00f3 170 casos de alcoholemia el fin de semana.\" \/>\n<meta property=\"og:url\" content=\"https:\/\/www.muyjujuy.com\/index.php\/2022\/10\/17\/transito-se-reportaorn-mas-de-170-actas-por-alcoholemia-positiva-en-jujuy\/\" \/>\n<meta property=\"og:site_name\" content=\"Muy Jujuy\" \/>\n<meta property=\"article:publisher\" content=\"https:\/\/www.facebook.com\/muyjujuycom\" \/>\n<meta property=\"article:published_time\" content=\"2022-10-17T15:41:43+00:00\" \/>\n<meta property=\"article:modified_time\" content=\"2022-10-18T18:21:00+00:00\" \/>\n<meta property=\"og:image\" content=\"https:\/\/www.muyjujuy.com\/wp-content\/uploads\/2022\/10\/WhatsApp-Image-2022-10-17-at-12.35.25.jpeg\" \/>\n\t<meta property=\"og:image:width\" content=\"1000\" \/>\n\t<meta property=\"og:image:height\" content=\"654\" \/>\n\t<meta property=\"og:image:type\" content=\"image\/jpeg\" \/>\n<meta name=\"author\" content=\"Redacci\u00f3n Muy Jujuy\" \/>\n<meta name=\"twitter:card\" content=\"summary_large_image\" \/>\n<meta name=\"twitter:creator\" content=\"@muyjujuy\" \/>\n<meta name=\"twitter:site\" content=\"@muyjujuy\" \/>\n<meta name=\"twitter:label1\" content=\"Escrito por\" \/>\n\t<meta name=\"twitter:data1\" content=\"Redacci\u00f3n Muy Jujuy\" \/>\n\t<meta name=\"twitter:label2\" content=\"Tiempo de lectura\" \/>\n\t<meta name=\"twitter:data2\" content=\"1 minuto\" \/>\n<script type=\"application\/ld+json\" class=\"yoast-schema-graph\">{\"@context\":\"https:\\\/\\\/schema.org\",\"@graph\":[{\"@type\":\"Article\",\"@id\":\"https:\\\/\\\/www.muyjujuy.com\\\/index.php\\\/2022\\\/10\\\/17\\\/transito-se-reportaorn-mas-de-170-actas-por-alcoholemia-positiva-en-jujuy\\\/#article\",\"isPartOf\":{\"@id\":\"https:\\\/\\\/www.muyjujuy.com\\\/index.php\\\/2022\\\/10\\\/17\\\/transito-se-reportaorn-mas-de-170-actas-por-alcoholemia-positiva-en-jujuy\\\/\"},\"author\":{\"name\":\"Redacci\u00f3n Muy Jujuy\",\"@id\":\"https:\\\/\\\/www.muyjujuy.com\\\/#\\\/schema\\\/person\\\/1d0f6e223ccea9e3f9034c1a5b683bf2\"},\"headline\":\"Tr\u00e1nsito: se reportaron m\u00e1s de 170 actas por alcoholemia positiva en Jujuy\",\"datePublished\":\"2022-10-17T15:41:43+00:00\",\"dateModified\":\"2022-10-18T18:21:00+00:00\",\"mainEntityOfPage\":{\"@id\":\"https:\\\/\\\/www.muyjujuy.com\\\/index.php\\\/2022\\\/10\\\/17\\\/transito-se-reportaorn-mas-de-170-actas-por-alcoholemia-positiva-en-jujuy\\\/\"},\"wordCount\":188,\"commentCount\":0,\"publisher\":{\"@id\":\"https:\\\/\\\/www.muyjujuy.com\\\/#organization\"},\"image\":{\"@id\":\"https:\\\/\\\/www.muyjujuy.com\\\/index.php\\\/2022\\\/10\\\/17\\\/transito-se-reportaorn-mas-de-170-actas-por-alcoholemia-positiva-en-jujuy\\\/#primaryimage\"},\"thumbnailUrl\":\"https:\\\/\\\/www.muyjujuy.com\\\/wp-content\\\/uploads\\\/2022\\\/10\\\/WhatsApp-Image-2022-10-17-at-12.35.25.jpeg\",\"keywords\":[\"Jujuy\",\"Tr\u00e1nsito\"],\"articleSection\":[\"Sociedad\"],\"inLanguage\":\"es-AR\",\"potentialAction\":[{\"@type\":\"CommentAction\",\"name\":\"Comment\",\"target\":[\"https:\\\/\\\/www.muyjujuy.com\\\/index.php\\\/2022\\\/10\\\/17\\\/transito-se-reportaorn-mas-de-170-actas-por-alcoholemia-positiva-en-jujuy\\\/#respond\"]}]},{\"@type\":\"WebPage\",\"@id\":\"https:\\\/\\\/www.muyjujuy.com\\\/index.php\\\/2022\\\/10\\\/17\\\/transito-se-reportaorn-mas-de-170-actas-por-alcoholemia-positiva-en-jujuy\\\/\",\"url\":\"https:\\\/\\\/www.muyjujuy.com\\\/index.php\\\/2022\\\/10\\\/17\\\/transito-se-reportaorn-mas-de-170-actas-por-alcoholemia-positiva-en-jujuy\\\/\",\"name\":\"Tr\u00e1nsito: se reportaron m\u00e1s de 170 actas por alcoholemia positiva en Jujuy - Muy Jujuy\",\"isPartOf\":{\"@id\":\"https:\\\/\\\/www.muyjujuy.com\\\/#website\"},\"primaryImageOfPage\":{\"@id\":\"https:\\\/\\\/www.muyjujuy.com\\\/index.php\\\/2022\\\/10\\\/17\\\/transito-se-reportaorn-mas-de-170-actas-por-alcoholemia-positiva-en-jujuy\\\/#primaryimage\"},\"image\":{\"@id\":\"https:\\\/\\\/www.muyjujuy.com\\\/index.php\\\/2022\\\/10\\\/17\\\/transito-se-reportaorn-mas-de-170-actas-por-alcoholemia-positiva-en-jujuy\\\/#primaryimage\"},\"thumbnailUrl\":\"https:\\\/\\\/www.muyjujuy.com\\\/wp-content\\\/uploads\\\/2022\\\/10\\\/WhatsApp-Image-2022-10-17-at-12.35.25.jpeg\",\"datePublished\":\"2022-10-17T15:41:43+00:00\",\"dateModified\":\"2022-10-18T18:21:00+00:00\",\"description\":\"El Gobierno de Jujuy llev\u00f3 adelante los controles de tr\u00e1nsito en la provincia y registr\u00f3 170 casos de alcoholemia el fin de semana.\",\"breadcrumb\":{\"@id\":\"https:\\\/\\\/www.muyjujuy.com\\\/index.php\\\/2022\\\/10\\\/17\\\/transito-se-reportaorn-mas-de-170-actas-por-alcoholemia-positiva-en-jujuy\\\/#breadcrumb\"},\"inLanguage\":\"es-AR\",\"potentialAction\":[{\"@type\":\"ReadAction\",\"target\":[\"https:\\\/\\\/www.muyjujuy.com\\\/index.php\\\/2022\\\/10\\\/17\\\/transito-se-reportaorn-mas-de-170-actas-por-alcoholemia-positiva-en-jujuy\\\/\"]}]},{\"@type\":\"ImageObject\",\"inLanguage\":\"es-AR\",\"@id\":\"https:\\\/\\\/www.muyjujuy.com\\\/index.php\\\/2022\\\/10\\\/17\\\/transito-se-reportaorn-mas-de-170-actas-por-alcoholemia-positiva-en-jujuy\\\/#primaryimage\",\"url\":\"https:\\\/\\\/www.muyjujuy.com\\\/wp-content\\\/uploads\\\/2022\\\/10\\\/WhatsApp-Image-2022-10-17-at-12.35.25.jpeg\",\"contentUrl\":\"https:\\\/\\\/www.muyjujuy.com\\\/wp-content\\\/uploads\\\/2022\\\/10\\\/WhatsApp-Image-2022-10-17-at-12.35.25.jpeg\",\"width\":1000,\"height\":654},{\"@type\":\"BreadcrumbList\",\"@id\":\"https:\\\/\\\/www.muyjujuy.com\\\/index.php\\\/2022\\\/10\\\/17\\\/transito-se-reportaorn-mas-de-170-actas-por-alcoholemia-positiva-en-jujuy\\\/#breadcrumb\",\"itemListElement\":[{\"@type\":\"ListItem\",\"position\":1,\"name\":\"Inicio\",\"item\":\"https:\\\/\\\/www.muyjujuy.com\\\/\"},{\"@type\":\"ListItem\",\"position\":2,\"name\":\"Tr\u00e1nsito: se reportaron m\u00e1s de 170 actas por alcoholemia positiva en Jujuy\"}]},{\"@type\":\"WebSite\",\"@id\":\"https:\\\/\\\/www.muyjujuy.com\\\/#website\",\"url\":\"https:\\\/\\\/www.muyjujuy.com\\\/\",\"name\":\"Muy Jujuy\",\"description\":\"\",\"publisher\":{\"@id\":\"https:\\\/\\\/www.muyjujuy.com\\\/#organization\"},\"potentialAction\":[{\"@type\":\"SearchAction\",\"target\":{\"@type\":\"EntryPoint\",\"urlTemplate\":\"https:\\\/\\\/www.muyjujuy.com\\\/?s={search_term_string}\"},\"query-input\":{\"@type\":\"PropertyValueSpecification\",\"valueRequired\":true,\"valueName\":\"search_term_string\"}}],\"inLanguage\":\"es-AR\"},{\"@type\":\"Organization\",\"@id\":\"https:\\\/\\\/www.muyjujuy.com\\\/#organization\",\"name\":\"Muy Jujuy\",\"url\":\"https:\\\/\\\/www.muyjujuy.com\\\/\",\"logo\":{\"@type\":\"ImageObject\",\"inLanguage\":\"es-AR\",\"@id\":\"https:\\\/\\\/www.muyjujuy.com\\\/#\\\/schema\\\/logo\\\/image\\\/\",\"url\":\"http:\\\/\\\/www.muyjujuy.com\\\/wp-content\\\/uploads\\\/2022\\\/05\\\/logo-mobil-jujuy.png\",\"contentUrl\":\"http:\\\/\\\/www.muyjujuy.com\\\/wp-content\\\/uploads\\\/2022\\\/05\\\/logo-mobil-jujuy.png\",\"width\":174,\"height\":81,\"caption\":\"Muy Jujuy\"},\"image\":{\"@id\":\"https:\\\/\\\/www.muyjujuy.com\\\/#\\\/schema\\\/logo\\\/image\\\/\"},\"sameAs\":[\"https:\\\/\\\/www.facebook.com\\\/muyjujuycom\",\"https:\\\/\\\/x.com\\\/muyjujuy\",\"https:\\\/\\\/www.instagram.com\\\/muyjujuycom\"]},{\"@type\":\"Person\",\"@id\":\"https:\\\/\\\/www.muyjujuy.com\\\/#\\\/schema\\\/person\\\/1d0f6e223ccea9e3f9034c1a5b683bf2\",\"name\":\"Redacci\u00f3n Muy Jujuy\",\"image\":{\"@type\":\"ImageObject\",\"inLanguage\":\"es-AR\",\"@id\":\"https:\\\/\\\/secure.gravatar.com\\\/avatar\\\/fec5f6f1893d741ed5eecccff109ce43e67a855411202a3212a058cb8e5c27d4?s=96&d=mm&r=g\",\"url\":\"https:\\\/\\\/secure.gravatar.com\\\/avatar\\\/fec5f6f1893d741ed5eecccff109ce43e67a855411202a3212a058cb8e5c27d4?s=96&d=mm&r=g\",\"contentUrl\":\"https:\\\/\\\/secure.gravatar.com\\\/avatar\\\/fec5f6f1893d741ed5eecccff109ce43e67a855411202a3212a058cb8e5c27d4?s=96&d=mm&r=g\",\"caption\":\"Redacci\u00f3n Muy Jujuy\"},\"url\":\"https:\\\/\\\/www.muyjujuy.com\\\/index.php\\\/author\\\/editor\\\/\"}]}<\/script>\n<!-- \/ Yoast SEO plugin. -->","yoast_head_json":{"title":"Tr\u00e1nsito: se reportaron m\u00e1s de 170 actas por alcoholemia positiva en Jujuy - Muy Jujuy","description":"El Gobierno de Jujuy llev\u00f3 adelante los controles de tr\u00e1nsito en la provincia y registr\u00f3 170 casos de alcoholemia el fin de semana.","robots":{"index":"index","follow":"follow","max-snippet":"max-snippet:-1","max-image-preview":"max-image-preview:large","max-video-preview":"max-video-preview:-1"},"canonical":"https:\/\/www.muyjujuy.com\/index.php\/2022\/10\/17\/transito-se-reportaorn-mas-de-170-actas-por-alcoholemia-positiva-en-jujuy\/","og_locale":"es_ES","og_type":"article","og_title":"Tr\u00e1nsito: se reportaron m\u00e1s de 170 actas por alcoholemia positiva en Jujuy - Muy Jujuy","og_description":"El Gobierno de Jujuy llev\u00f3 adelante los controles de tr\u00e1nsito en la provincia y registr\u00f3 170 casos de alcoholemia el fin de semana.","og_url":"https:\/\/www.muyjujuy.com\/index.php\/2022\/10\/17\/transito-se-reportaorn-mas-de-170-actas-por-alcoholemia-positiva-en-jujuy\/","og_site_name":"Muy Jujuy","article_publisher":"https:\/\/www.facebook.com\/muyjujuycom","article_published_time":"2022-10-17T15:41:43+00:00","article_modified_time":"2022-10-18T18:21:00+00:00","og_image":[{"width":1000,"height":654,"url":"https:\/\/www.muyjujuy.com\/wp-content\/uploads\/2022\/10\/WhatsApp-Image-2022-10-17-at-12.35.25.jpeg","type":"image\/jpeg"}],"author":"Redacci\u00f3n Muy Jujuy","twitter_card":"summary_large_image","twitter_creator":"@muyjujuy","twitter_site":"@muyjujuy","twitter_misc":{"Escrito por":"Redacci\u00f3n Muy Jujuy","Tiempo de lectura":"1 minuto"},"schema":{"@context":"https:\/\/schema.org","@graph":[{"@type":"Article","@id":"https:\/\/www.muyjujuy.com\/index.php\/2022\/10\/17\/transito-se-reportaorn-mas-de-170-actas-por-alcoholemia-positiva-en-jujuy\/#article","isPartOf":{"@id":"https:\/\/www.muyjujuy.com\/index.php\/2022\/10\/17\/transito-se-reportaorn-mas-de-170-actas-por-alcoholemia-positiva-en-jujuy\/"},"author":{"name":"Redacci\u00f3n Muy Jujuy","@id":"https:\/\/www.muyjujuy.com\/#\/schema\/person\/1d0f6e223ccea9e3f9034c1a5b683bf2"},"headline":"Tr\u00e1nsito: se reportaron m\u00e1s de 170 actas por alcoholemia positiva en Jujuy","datePublished":"2022-10-17T15:41:43+00:00","dateModified":"2022-10-18T18:21:00+00:00","mainEntityOfPage":{"@id":"https:\/\/www.muyjujuy.com\/index.php\/2022\/10\/17\/transito-se-reportaorn-mas-de-170-actas-por-alcoholemia-positiva-en-jujuy\/"},"wordCount":188,"commentCount":0,"publisher":{"@id":"https:\/\/www.muyjujuy.com\/#organization"},"image":{"@id":"https:\/\/www.muyjujuy.com\/index.php\/2022\/10\/17\/transito-se-reportaorn-mas-de-170-actas-por-alcoholemia-positiva-en-jujuy\/#primaryimage"},"thumbnailUrl":"https:\/\/www.muyjujuy.com\/wp-content\/uploads\/2022\/10\/WhatsApp-Image-2022-10-17-at-12.35.25.jpeg","keywords":["Jujuy","Tr\u00e1nsito"],"articleSection":["Sociedad"],"inLanguage":"es-AR","potentialAction":[{"@type":"CommentAction","name":"Comment","target":["https:\/\/www.muyjujuy.com\/index.php\/2022\/10\/17\/transito-se-reportaorn-mas-de-170-actas-por-alcoholemia-positiva-en-jujuy\/#respond"]}]},{"@type":"WebPage","@id":"https:\/\/www.muyjujuy.com\/index.php\/2022\/10\/17\/transito-se-reportaorn-mas-de-170-actas-por-alcoholemia-positiva-en-jujuy\/","url":"https:\/\/www.muyjujuy.com\/index.php\/2022\/10\/17\/transito-se-reportaorn-mas-de-170-actas-por-alcoholemia-positiva-en-jujuy\/","name":"Tr\u00e1nsito: se reportaron m\u00e1s de 170 actas por alcoholemia positiva en Jujuy - Muy Jujuy","isPartOf":{"@id":"https:\/\/www.muyjujuy.com\/#website"},"primaryImageOfPage":{"@id":"https:\/\/www.muyjujuy.com\/index.php\/2022\/10\/17\/transito-se-reportaorn-mas-de-170-actas-por-alcoholemia-positiva-en-jujuy\/#primaryimage"},"image":{"@id":"https:\/\/www.muyjujuy.com\/index.php\/2022\/10\/17\/transito-se-reportaorn-mas-de-170-actas-por-alcoholemia-positiva-en-jujuy\/#primaryimage"},"thumbnailUrl":"https:\/\/www.muyjujuy.com\/wp-content\/uploads\/2022\/10\/WhatsApp-Image-2022-10-17-at-12.35.25.jpeg","datePublished":"2022-10-17T15:41:43+00:00","dateModified":"2022-10-18T18:21:00+00:00","description":"El Gobierno de Jujuy llev\u00f3 adelante los controles de tr\u00e1nsito en la provincia y registr\u00f3 170 casos de alcoholemia el fin de semana.","breadcrumb":{"@id":"https:\/\/www.muyjujuy.com\/index.php\/2022\/10\/17\/transito-se-reportaorn-mas-de-170-actas-por-alcoholemia-positiva-en-jujuy\/#breadcrumb"},"inLanguage":"es-AR","potentialAction":[{"@type":"ReadAction","target":["https:\/\/www.muyjujuy.com\/index.php\/2022\/10\/17\/transito-se-reportaorn-mas-de-170-actas-por-alcoholemia-positiva-en-jujuy\/"]}]},{"@type":"ImageObject","inLanguage":"es-AR","@id":"https:\/\/www.muyjujuy.com\/index.php\/2022\/10\/17\/transito-se-reportaorn-mas-de-170-actas-por-alcoholemia-positiva-en-jujuy\/#primaryimage","url":"https:\/\/www.muyjujuy.com\/wp-content\/uploads\/2022\/10\/WhatsApp-Image-2022-10-17-at-12.35.25.jpeg","contentUrl":"https:\/\/www.muyjujuy.com\/wp-content\/uploads\/2022\/10\/WhatsApp-Image-2022-10-17-at-12.35.25.jpeg","width":1000,"height":654},{"@type":"BreadcrumbList","@id":"https:\/\/www.muyjujuy.com\/index.php\/2022\/10\/17\/transito-se-reportaorn-mas-de-170-actas-por-alcoholemia-positiva-en-jujuy\/#breadcrumb","itemListElement":[{"@type":"ListItem","position":1,"name":"Inicio","item":"https:\/\/www.muyjujuy.com\/"},{"@type":"ListItem","position":2,"name":"Tr\u00e1nsito: se reportaron m\u00e1s de 170 actas por alcoholemia positiva en Jujuy"}]},{"@type":"WebSite","@id":"https:\/\/www.muyjujuy.com\/#website","url":"https:\/\/www.muyjujuy.com\/","name":"Muy Jujuy","description":"","publisher":{"@id":"https:\/\/www.muyjujuy.com\/#organization"},"potentialAction":[{"@type":"SearchAction","target":{"@type":"EntryPoint","urlTemplate":"https:\/\/www.muyjujuy.com\/?s={search_term_string}"},"query-input":{"@type":"PropertyValueSpecification","valueRequired":true,"valueName":"search_term_string"}}],"inLanguage":"es-AR"},{"@type":"Organization","@id":"https:\/\/www.muyjujuy.com\/#organization","name":"Muy Jujuy","url":"https:\/\/www.muyjujuy.com\/","logo":{"@type":"ImageObject","inLanguage":"es-AR","@id":"https:\/\/www.muyjujuy.com\/#\/schema\/logo\/image\/","url":"http:\/\/www.muyjujuy.com\/wp-content\/uploads\/2022\/05\/logo-mobil-jujuy.png","contentUrl":"http:\/\/www.muyjujuy.com\/wp-content\/uploads\/2022\/05\/logo-mobil-jujuy.png","width":174,"height":81,"caption":"Muy Jujuy"},"image":{"@id":"https:\/\/www.muyjujuy.com\/#\/schema\/logo\/image\/"},"sameAs":["https:\/\/www.facebook.com\/muyjujuycom","https:\/\/x.com\/muyjujuy","https:\/\/www.instagram.com\/muyjujuycom"]},{"@type":"Person","@id":"https:\/\/www.muyjujuy.com\/#\/schema\/person\/1d0f6e223ccea9e3f9034c1a5b683bf2","name":"Redacci\u00f3n Muy Jujuy","image":{"@type":"ImageObject","inLanguage":"es-AR","@id":"https:\/\/secure.gravatar.com\/avatar\/fec5f6f1893d741ed5eecccff109ce43e67a855411202a3212a058cb8e5c27d4?s=96&d=mm&r=g","url":"https:\/\/secure.gravatar.com\/avatar\/fec5f6f1893d741ed5eecccff109ce43e67a855411202a3212a058cb8e5c27d4?s=96&d=mm&r=g","contentUrl":"https:\/\/secure.gravatar.com\/avatar\/fec5f6f1893d741ed5eecccff109ce43e67a855411202a3212a058cb8e5c27d4?s=96&d=mm&r=g","caption":"Redacci\u00f3n Muy Jujuy"},"url":"https:\/\/www.muyjujuy.com\/index.php\/author\/editor\/"}]}},"_links":{"self":[{"href":"https:\/\/www.muyjujuy.com\/index.php\/wp-json\/wp\/v2\/posts\/1784","targetHints":{"allow":["GET"]}}],"collection":[{"href":"https:\/\/www.muyjujuy.com\/index.php\/wp-json\/wp\/v2\/posts"}],"about":[{"href":"https:\/\/www.muyjujuy.com\/index.php\/wp-json\/wp\/v2\/types\/post"}],"author":[{"embeddable":true,"href":"https:\/\/www.muyjujuy.com\/index.php\/wp-json\/wp\/v2\/users\/3"}],"replies":[{"embeddable":true,"href":"https:\/\/www.muyjujuy.com\/index.php\/wp-json\/wp\/v2\/comments?post=1784"}],"version-history":[{"count":2,"href":"https:\/\/www.muyjujuy.com\/index.php\/wp-json\/wp\/v2\/posts\/1784\/revisions"}],"predecessor-version":[{"id":1796,"href":"https:\/\/www.muyjujuy.com\/index.php\/wp-json\/wp\/v2\/posts\/1784\/revisions\/1796"}],"wp:featuredmedia":[{"embeddable":true,"href":"https:\/\/www.muyjujuy.com\/index.php\/wp-json\/wp\/v2\/media\/1785"}],"wp:attachment":[{"href":"https:\/\/www.muyjujuy.com\/index.php\/wp-json\/wp\/v2\/media?parent=1784"}],"wp:term":[{"taxonomy":"category","embeddable":true,"href":"https:\/\/www.muyjujuy.com\/index.php\/wp-json\/wp\/v2\/categories?post=1784"},{"taxonomy":"post_tag","embeddable":true,"href":"https:\/\/www.muyjujuy.com\/index.php\/wp-json\/wp\/v2\/tags?post=1784"}],"curies":[{"name":"wp","href":"https:\/\/api.w.org\/{rel}","templated":true}]}}