{"id":1787,"date":"2022-10-17T12:49:40","date_gmt":"2022-10-17T15:49:40","guid":{"rendered":"https:\/\/www.muyjujuy.com\/?p=1787"},"modified":"2022-10-17T12:49:42","modified_gmt":"2022-10-17T15:49:42","slug":"el-espectacular-cierre-de-jujuy-argentina-fashion-week-en-las-salinas","status":"publish","type":"post","link":"https:\/\/www.muyjujuy.com\/index.php\/2022\/10\/17\/el-espectacular-cierre-de-jujuy-argentina-fashion-week-en-las-salinas\/","title":{"rendered":"El espectacular cierre de Jujuy Argentina Fashion Week en las Salinas"},"content":{"rendered":"\n<p><em>El domingo cerr\u00f3 el evento Fashion Week con un gran espect\u00e1culo en Las Salida de Jujuy que deslumbr\u00f3 a los presentes.<\/em><\/p>\n\n\n\n<p><strong><a href=\"https:\/\/www.muyjujuy.com\/index.php\/2022\/10\/14\/deslumbrante-inicio-de-jujuy-argentina-fashion-week-en-ciudad-cultural\/\">Jujuy Argentina Fashion Week<\/a> <\/strong>cerr\u00f3 con un espectacular desfile en las Salinas. El deslumbrante evento de moda fue organizado por Vidal Rivas Producciones, bajo la direcci\u00f3n de Tulia Snopek y H\u00e9ctor Vidal Rivas. <\/p>\n\n\n\n<p>Cont\u00f3 con la presencia del gobernador Gerardo Morales, fue Gabriel Lage, uno de los grandes referentes de la alta costura, quien le puso el broche de oro a la \u00faltima jornada del Jujuy Argentina Fashion Week.<\/p>\n\n\n\n<p><strong>El lugar escogido para el cierre de la semana de la moda en Jujuy, emocion\u00f3 y cautiv\u00f3 las miradas de muchos,<\/strong> ya que es elegido como uno de los paisajes m\u00e1s bellos de la Argentina. <\/p>\n\n\n\n<p>Sobre ese escenario de blanco de cristal, Tulia Snopek vestida con una chaqueta en tejido de telar con un lam\u00e9 incorporado, dise\u00f1ado exclusivamente a medida por Gabriel Lage, expres\u00f3: <strong>\u201cEs un honor tenerlo ac\u00e1 en nuestras Salinas y que muestre sus dise\u00f1os ic\u00f3nicos al mundo junto a nuestro hermoso paisaje\u201d.<br><\/strong><br>Desde el 13 de octubre, Jujuy fue protagonista de la Moda Argentina. Snopek agradeci\u00f3 a H\u00e9ctor Vidal Rivas <strong>por \u201cponer sus ojos en Jujuy y que nuestros artesanos, emprendedores y dise\u00f1adores salgan al mundo\u201d.<\/strong><br><br>En estas l\u00edneas, expres\u00f3 que <strong>&#8220;fue incre\u00edble la emoci\u00f3n que vivieron en estos d\u00edas, muchos nunca se imaginaron tener esa vidriera, por eso cuando se habla de moda se habla de trabajo, de un medio de vida\u201d. <\/strong><\/p>\n\n\n\n<p>Asimismo, manifest\u00f3 que \u201catr\u00e1s de cada uno de sus dise\u00f1os, hab\u00edan horas de trabajo, con sus alegr\u00edas y tristezas, pero es tan valioso porque con cada trabajo le llevan el pan a sus hijos\u201d.<\/p>\n","protected":false},"excerpt":{"rendered":"<p>El domingo cerr\u00f3 el evento Fashion Week con un gran espect\u00e1culo en Las Salida de Jujuy que deslumbr\u00f3 a los presentes. Jujuy Argentina Fashion Week cerr\u00f3 con un espectacular desfile en las Salinas. El deslumbrante evento de moda fue organizado por Vidal Rivas Producciones, bajo la direcci\u00f3n de Tulia Snopek y H\u00e9ctor Vidal Rivas. Cont\u00f3 [&hellip;]<\/p>\n","protected":false},"author":3,"featured_media":1788,"comment_status":"open","ping_status":"open","sticky":false,"template":"","format":"standard","meta":{"footnotes":""},"categories":[25],"tags":[5,8],"class_list":{"0":"post-1787","1":"post","2":"type-post","3":"status-publish","4":"format-standard","5":"has-post-thumbnail","7":"category-sociedad","8":"tag-gerardo-morales","9":"tag-jujuy"},"yoast_head":"<!-- This site is optimized with the Yoast SEO plugin v27.4 - https:\/\/yoast.com\/product\/yoast-seo-wordpress\/ -->\n<title>El espectacular cierre de Jujuy Argentina Fashion Week en las Salinas - Muy Jujuy<\/title>\n<meta name=\"description\" content=\"El domingo cerr\u00f3 el evento Fashion Week con un gran espect\u00e1culo en Las Salida de Jujuy que deslumbr\u00f3 a los presentes.\" \/>\n<meta name=\"robots\" content=\"index, follow, max-snippet:-1, max-image-preview:large, max-video-preview:-1\" \/>\n<link rel=\"canonical\" href=\"https:\/\/www.muyjujuy.com\/index.php\/2022\/10\/17\/el-espectacular-cierre-de-jujuy-argentina-fashion-week-en-las-salinas\/\" \/>\n<meta property=\"og:locale\" content=\"es_ES\" \/>\n<meta property=\"og:type\" content=\"article\" \/>\n<meta property=\"og:title\" content=\"El espectacular cierre de Jujuy Argentina Fashion Week en las Salinas - Muy Jujuy\" \/>\n<meta property=\"og:description\" content=\"El domingo cerr\u00f3 el evento Fashion Week con un gran espect\u00e1culo en Las Salida de Jujuy que deslumbr\u00f3 a los presentes.\" \/>\n<meta property=\"og:url\" content=\"https:\/\/www.muyjujuy.com\/index.php\/2022\/10\/17\/el-espectacular-cierre-de-jujuy-argentina-fashion-week-en-las-salinas\/\" \/>\n<meta property=\"og:site_name\" content=\"Muy Jujuy\" \/>\n<meta property=\"article:publisher\" content=\"https:\/\/www.facebook.com\/muyjujuycom\" \/>\n<meta property=\"article:published_time\" content=\"2022-10-17T15:49:40+00:00\" \/>\n<meta property=\"article:modified_time\" content=\"2022-10-17T15:49:42+00:00\" \/>\n<meta property=\"og:image\" content=\"https:\/\/www.muyjujuy.com\/wp-content\/uploads\/2022\/10\/WhatsApp-Image-2022-10-17-at-12.43.17.jpeg\" \/>\n\t<meta property=\"og:image:width\" content=\"1200\" \/>\n\t<meta property=\"og:image:height\" content=\"910\" \/>\n\t<meta property=\"og:image:type\" content=\"image\/jpeg\" \/>\n<meta name=\"author\" content=\"Redacci\u00f3n Muy Jujuy\" \/>\n<meta name=\"twitter:card\" content=\"summary_large_image\" \/>\n<meta name=\"twitter:creator\" content=\"@muyjujuy\" \/>\n<meta name=\"twitter:site\" content=\"@muyjujuy\" \/>\n<meta name=\"twitter:label1\" content=\"Escrito por\" \/>\n\t<meta name=\"twitter:data1\" content=\"Redacci\u00f3n Muy Jujuy\" \/>\n\t<meta name=\"twitter:label2\" content=\"Tiempo de lectura\" \/>\n\t<meta name=\"twitter:data2\" content=\"2 minutos\" \/>\n<script type=\"application\/ld+json\" class=\"yoast-schema-graph\">{\"@context\":\"https:\\\/\\\/schema.org\",\"@graph\":[{\"@type\":\"Article\",\"@id\":\"https:\\\/\\\/www.muyjujuy.com\\\/index.php\\\/2022\\\/10\\\/17\\\/el-espectacular-cierre-de-jujuy-argentina-fashion-week-en-las-salinas\\\/#article\",\"isPartOf\":{\"@id\":\"https:\\\/\\\/www.muyjujuy.com\\\/index.php\\\/2022\\\/10\\\/17\\\/el-espectacular-cierre-de-jujuy-argentina-fashion-week-en-las-salinas\\\/\"},\"author\":{\"name\":\"Redacci\u00f3n Muy Jujuy\",\"@id\":\"https:\\\/\\\/www.muyjujuy.com\\\/#\\\/schema\\\/person\\\/1d0f6e223ccea9e3f9034c1a5b683bf2\"},\"headline\":\"El espectacular cierre de Jujuy Argentina Fashion Week en las Salinas\",\"datePublished\":\"2022-10-17T15:49:40+00:00\",\"dateModified\":\"2022-10-17T15:49:42+00:00\",\"mainEntityOfPage\":{\"@id\":\"https:\\\/\\\/www.muyjujuy.com\\\/index.php\\\/2022\\\/10\\\/17\\\/el-espectacular-cierre-de-jujuy-argentina-fashion-week-en-las-salinas\\\/\"},\"wordCount\":307,\"commentCount\":0,\"publisher\":{\"@id\":\"https:\\\/\\\/www.muyjujuy.com\\\/#organization\"},\"image\":{\"@id\":\"https:\\\/\\\/www.muyjujuy.com\\\/index.php\\\/2022\\\/10\\\/17\\\/el-espectacular-cierre-de-jujuy-argentina-fashion-week-en-las-salinas\\\/#primaryimage\"},\"thumbnailUrl\":\"https:\\\/\\\/www.muyjujuy.com\\\/wp-content\\\/uploads\\\/2022\\\/10\\\/WhatsApp-Image-2022-10-17-at-12.43.17.jpeg\",\"keywords\":[\"Gerardo Morales\",\"Jujuy\"],\"articleSection\":[\"Sociedad\"],\"inLanguage\":\"es-AR\",\"potentialAction\":[{\"@type\":\"CommentAction\",\"name\":\"Comment\",\"target\":[\"https:\\\/\\\/www.muyjujuy.com\\\/index.php\\\/2022\\\/10\\\/17\\\/el-espectacular-cierre-de-jujuy-argentina-fashion-week-en-las-salinas\\\/#respond\"]}]},{\"@type\":\"WebPage\",\"@id\":\"https:\\\/\\\/www.muyjujuy.com\\\/index.php\\\/2022\\\/10\\\/17\\\/el-espectacular-cierre-de-jujuy-argentina-fashion-week-en-las-salinas\\\/\",\"url\":\"https:\\\/\\\/www.muyjujuy.com\\\/index.php\\\/2022\\\/10\\\/17\\\/el-espectacular-cierre-de-jujuy-argentina-fashion-week-en-las-salinas\\\/\",\"name\":\"El espectacular cierre de Jujuy Argentina Fashion Week en las Salinas - Muy Jujuy\",\"isPartOf\":{\"@id\":\"https:\\\/\\\/www.muyjujuy.com\\\/#website\"},\"primaryImageOfPage\":{\"@id\":\"https:\\\/\\\/www.muyjujuy.com\\\/index.php\\\/2022\\\/10\\\/17\\\/el-espectacular-cierre-de-jujuy-argentina-fashion-week-en-las-salinas\\\/#primaryimage\"},\"image\":{\"@id\":\"https:\\\/\\\/www.muyjujuy.com\\\/index.php\\\/2022\\\/10\\\/17\\\/el-espectacular-cierre-de-jujuy-argentina-fashion-week-en-las-salinas\\\/#primaryimage\"},\"thumbnailUrl\":\"https:\\\/\\\/www.muyjujuy.com\\\/wp-content\\\/uploads\\\/2022\\\/10\\\/WhatsApp-Image-2022-10-17-at-12.43.17.jpeg\",\"datePublished\":\"2022-10-17T15:49:40+00:00\",\"dateModified\":\"2022-10-17T15:49:42+00:00\",\"description\":\"El domingo cerr\u00f3 el evento Fashion Week con un gran espect\u00e1culo en Las Salida de Jujuy que deslumbr\u00f3 a los presentes.\",\"breadcrumb\":{\"@id\":\"https:\\\/\\\/www.muyjujuy.com\\\/index.php\\\/2022\\\/10\\\/17\\\/el-espectacular-cierre-de-jujuy-argentina-fashion-week-en-las-salinas\\\/#breadcrumb\"},\"inLanguage\":\"es-AR\",\"potentialAction\":[{\"@type\":\"ReadAction\",\"target\":[\"https:\\\/\\\/www.muyjujuy.com\\\/index.php\\\/2022\\\/10\\\/17\\\/el-espectacular-cierre-de-jujuy-argentina-fashion-week-en-las-salinas\\\/\"]}]},{\"@type\":\"ImageObject\",\"inLanguage\":\"es-AR\",\"@id\":\"https:\\\/\\\/www.muyjujuy.com\\\/index.php\\\/2022\\\/10\\\/17\\\/el-espectacular-cierre-de-jujuy-argentina-fashion-week-en-las-salinas\\\/#primaryimage\",\"url\":\"https:\\\/\\\/www.muyjujuy.com\\\/wp-content\\\/uploads\\\/2022\\\/10\\\/WhatsApp-Image-2022-10-17-at-12.43.17.jpeg\",\"contentUrl\":\"https:\\\/\\\/www.muyjujuy.com\\\/wp-content\\\/uploads\\\/2022\\\/10\\\/WhatsApp-Image-2022-10-17-at-12.43.17.jpeg\",\"width\":1200,\"height\":910},{\"@type\":\"BreadcrumbList\",\"@id\":\"https:\\\/\\\/www.muyjujuy.com\\\/index.php\\\/2022\\\/10\\\/17\\\/el-espectacular-cierre-de-jujuy-argentina-fashion-week-en-las-salinas\\\/#breadcrumb\",\"itemListElement\":[{\"@type\":\"ListItem\",\"position\":1,\"name\":\"Inicio\",\"item\":\"https:\\\/\\\/www.muyjujuy.com\\\/\"},{\"@type\":\"ListItem\",\"position\":2,\"name\":\"El espectacular cierre de Jujuy Argentina Fashion Week en las Salinas\"}]},{\"@type\":\"WebSite\",\"@id\":\"https:\\\/\\\/www.muyjujuy.com\\\/#website\",\"url\":\"https:\\\/\\\/www.muyjujuy.com\\\/\",\"name\":\"Muy Jujuy\",\"description\":\"\",\"publisher\":{\"@id\":\"https:\\\/\\\/www.muyjujuy.com\\\/#organization\"},\"potentialAction\":[{\"@type\":\"SearchAction\",\"target\":{\"@type\":\"EntryPoint\",\"urlTemplate\":\"https:\\\/\\\/www.muyjujuy.com\\\/?s={search_term_string}\"},\"query-input\":{\"@type\":\"PropertyValueSpecification\",\"valueRequired\":true,\"valueName\":\"search_term_string\"}}],\"inLanguage\":\"es-AR\"},{\"@type\":\"Organization\",\"@id\":\"https:\\\/\\\/www.muyjujuy.com\\\/#organization\",\"name\":\"Muy Jujuy\",\"url\":\"https:\\\/\\\/www.muyjujuy.com\\\/\",\"logo\":{\"@type\":\"ImageObject\",\"inLanguage\":\"es-AR\",\"@id\":\"https:\\\/\\\/www.muyjujuy.com\\\/#\\\/schema\\\/logo\\\/image\\\/\",\"url\":\"http:\\\/\\\/www.muyjujuy.com\\\/wp-content\\\/uploads\\\/2022\\\/05\\\/logo-mobil-jujuy.png\",\"contentUrl\":\"http:\\\/\\\/www.muyjujuy.com\\\/wp-content\\\/uploads\\\/2022\\\/05\\\/logo-mobil-jujuy.png\",\"width\":174,\"height\":81,\"caption\":\"Muy Jujuy\"},\"image\":{\"@id\":\"https:\\\/\\\/www.muyjujuy.com\\\/#\\\/schema\\\/logo\\\/image\\\/\"},\"sameAs\":[\"https:\\\/\\\/www.facebook.com\\\/muyjujuycom\",\"https:\\\/\\\/x.com\\\/muyjujuy\",\"https:\\\/\\\/www.instagram.com\\\/muyjujuycom\"]},{\"@type\":\"Person\",\"@id\":\"https:\\\/\\\/www.muyjujuy.com\\\/#\\\/schema\\\/person\\\/1d0f6e223ccea9e3f9034c1a5b683bf2\",\"name\":\"Redacci\u00f3n Muy Jujuy\",\"image\":{\"@type\":\"ImageObject\",\"inLanguage\":\"es-AR\",\"@id\":\"https:\\\/\\\/secure.gravatar.com\\\/avatar\\\/fec5f6f1893d741ed5eecccff109ce43e67a855411202a3212a058cb8e5c27d4?s=96&d=mm&r=g\",\"url\":\"https:\\\/\\\/secure.gravatar.com\\\/avatar\\\/fec5f6f1893d741ed5eecccff109ce43e67a855411202a3212a058cb8e5c27d4?s=96&d=mm&r=g\",\"contentUrl\":\"https:\\\/\\\/secure.gravatar.com\\\/avatar\\\/fec5f6f1893d741ed5eecccff109ce43e67a855411202a3212a058cb8e5c27d4?s=96&d=mm&r=g\",\"caption\":\"Redacci\u00f3n Muy Jujuy\"},\"url\":\"https:\\\/\\\/www.muyjujuy.com\\\/index.php\\\/author\\\/editor\\\/\"}]}<\/script>\n<!-- \/ Yoast SEO plugin. -->","yoast_head_json":{"title":"El espectacular cierre de Jujuy Argentina Fashion Week en las Salinas - Muy Jujuy","description":"El domingo cerr\u00f3 el evento Fashion Week con un gran espect\u00e1culo en Las Salida de Jujuy que deslumbr\u00f3 a los presentes.","robots":{"index":"index","follow":"follow","max-snippet":"max-snippet:-1","max-image-preview":"max-image-preview:large","max-video-preview":"max-video-preview:-1"},"canonical":"https:\/\/www.muyjujuy.com\/index.php\/2022\/10\/17\/el-espectacular-cierre-de-jujuy-argentina-fashion-week-en-las-salinas\/","og_locale":"es_ES","og_type":"article","og_title":"El espectacular cierre de Jujuy Argentina Fashion Week en las Salinas - Muy Jujuy","og_description":"El domingo cerr\u00f3 el evento Fashion Week con un gran espect\u00e1culo en Las Salida de Jujuy que deslumbr\u00f3 a los presentes.","og_url":"https:\/\/www.muyjujuy.com\/index.php\/2022\/10\/17\/el-espectacular-cierre-de-jujuy-argentina-fashion-week-en-las-salinas\/","og_site_name":"Muy Jujuy","article_publisher":"https:\/\/www.facebook.com\/muyjujuycom","article_published_time":"2022-10-17T15:49:40+00:00","article_modified_time":"2022-10-17T15:49:42+00:00","og_image":[{"width":1200,"height":910,"url":"https:\/\/www.muyjujuy.com\/wp-content\/uploads\/2022\/10\/WhatsApp-Image-2022-10-17-at-12.43.17.jpeg","type":"image\/jpeg"}],"author":"Redacci\u00f3n Muy Jujuy","twitter_card":"summary_large_image","twitter_creator":"@muyjujuy","twitter_site":"@muyjujuy","twitter_misc":{"Escrito por":"Redacci\u00f3n Muy Jujuy","Tiempo de lectura":"2 minutos"},"schema":{"@context":"https:\/\/schema.org","@graph":[{"@type":"Article","@id":"https:\/\/www.muyjujuy.com\/index.php\/2022\/10\/17\/el-espectacular-cierre-de-jujuy-argentina-fashion-week-en-las-salinas\/#article","isPartOf":{"@id":"https:\/\/www.muyjujuy.com\/index.php\/2022\/10\/17\/el-espectacular-cierre-de-jujuy-argentina-fashion-week-en-las-salinas\/"},"author":{"name":"Redacci\u00f3n Muy Jujuy","@id":"https:\/\/www.muyjujuy.com\/#\/schema\/person\/1d0f6e223ccea9e3f9034c1a5b683bf2"},"headline":"El espectacular cierre de Jujuy Argentina Fashion Week en las Salinas","datePublished":"2022-10-17T15:49:40+00:00","dateModified":"2022-10-17T15:49:42+00:00","mainEntityOfPage":{"@id":"https:\/\/www.muyjujuy.com\/index.php\/2022\/10\/17\/el-espectacular-cierre-de-jujuy-argentina-fashion-week-en-las-salinas\/"},"wordCount":307,"commentCount":0,"publisher":{"@id":"https:\/\/www.muyjujuy.com\/#organization"},"image":{"@id":"https:\/\/www.muyjujuy.com\/index.php\/2022\/10\/17\/el-espectacular-cierre-de-jujuy-argentina-fashion-week-en-las-salinas\/#primaryimage"},"thumbnailUrl":"https:\/\/www.muyjujuy.com\/wp-content\/uploads\/2022\/10\/WhatsApp-Image-2022-10-17-at-12.43.17.jpeg","keywords":["Gerardo Morales","Jujuy"],"articleSection":["Sociedad"],"inLanguage":"es-AR","potentialAction":[{"@type":"CommentAction","name":"Comment","target":["https:\/\/www.muyjujuy.com\/index.php\/2022\/10\/17\/el-espectacular-cierre-de-jujuy-argentina-fashion-week-en-las-salinas\/#respond"]}]},{"@type":"WebPage","@id":"https:\/\/www.muyjujuy.com\/index.php\/2022\/10\/17\/el-espectacular-cierre-de-jujuy-argentina-fashion-week-en-las-salinas\/","url":"https:\/\/www.muyjujuy.com\/index.php\/2022\/10\/17\/el-espectacular-cierre-de-jujuy-argentina-fashion-week-en-las-salinas\/","name":"El espectacular cierre de Jujuy Argentina Fashion Week en las Salinas - Muy Jujuy","isPartOf":{"@id":"https:\/\/www.muyjujuy.com\/#website"},"primaryImageOfPage":{"@id":"https:\/\/www.muyjujuy.com\/index.php\/2022\/10\/17\/el-espectacular-cierre-de-jujuy-argentina-fashion-week-en-las-salinas\/#primaryimage"},"image":{"@id":"https:\/\/www.muyjujuy.com\/index.php\/2022\/10\/17\/el-espectacular-cierre-de-jujuy-argentina-fashion-week-en-las-salinas\/#primaryimage"},"thumbnailUrl":"https:\/\/www.muyjujuy.com\/wp-content\/uploads\/2022\/10\/WhatsApp-Image-2022-10-17-at-12.43.17.jpeg","datePublished":"2022-10-17T15:49:40+00:00","dateModified":"2022-10-17T15:49:42+00:00","description":"El domingo cerr\u00f3 el evento Fashion Week con un gran espect\u00e1culo en Las Salida de Jujuy que deslumbr\u00f3 a los presentes.","breadcrumb":{"@id":"https:\/\/www.muyjujuy.com\/index.php\/2022\/10\/17\/el-espectacular-cierre-de-jujuy-argentina-fashion-week-en-las-salinas\/#breadcrumb"},"inLanguage":"es-AR","potentialAction":[{"@type":"ReadAction","target":["https:\/\/www.muyjujuy.com\/index.php\/2022\/10\/17\/el-espectacular-cierre-de-jujuy-argentina-fashion-week-en-las-salinas\/"]}]},{"@type":"ImageObject","inLanguage":"es-AR","@id":"https:\/\/www.muyjujuy.com\/index.php\/2022\/10\/17\/el-espectacular-cierre-de-jujuy-argentina-fashion-week-en-las-salinas\/#primaryimage","url":"https:\/\/www.muyjujuy.com\/wp-content\/uploads\/2022\/10\/WhatsApp-Image-2022-10-17-at-12.43.17.jpeg","contentUrl":"https:\/\/www.muyjujuy.com\/wp-content\/uploads\/2022\/10\/WhatsApp-Image-2022-10-17-at-12.43.17.jpeg","width":1200,"height":910},{"@type":"BreadcrumbList","@id":"https:\/\/www.muyjujuy.com\/index.php\/2022\/10\/17\/el-espectacular-cierre-de-jujuy-argentina-fashion-week-en-las-salinas\/#breadcrumb","itemListElement":[{"@type":"ListItem","position":1,"name":"Inicio","item":"https:\/\/www.muyjujuy.com\/"},{"@type":"ListItem","position":2,"name":"El espectacular cierre de Jujuy Argentina Fashion Week en las Salinas"}]},{"@type":"WebSite","@id":"https:\/\/www.muyjujuy.com\/#website","url":"https:\/\/www.muyjujuy.com\/","name":"Muy Jujuy","description":"","publisher":{"@id":"https:\/\/www.muyjujuy.com\/#organization"},"potentialAction":[{"@type":"SearchAction","target":{"@type":"EntryPoint","urlTemplate":"https:\/\/www.muyjujuy.com\/?s={search_term_string}"},"query-input":{"@type":"PropertyValueSpecification","valueRequired":true,"valueName":"search_term_string"}}],"inLanguage":"es-AR"},{"@type":"Organization","@id":"https:\/\/www.muyjujuy.com\/#organization","name":"Muy Jujuy","url":"https:\/\/www.muyjujuy.com\/","logo":{"@type":"ImageObject","inLanguage":"es-AR","@id":"https:\/\/www.muyjujuy.com\/#\/schema\/logo\/image\/","url":"http:\/\/www.muyjujuy.com\/wp-content\/uploads\/2022\/05\/logo-mobil-jujuy.png","contentUrl":"http:\/\/www.muyjujuy.com\/wp-content\/uploads\/2022\/05\/logo-mobil-jujuy.png","width":174,"height":81,"caption":"Muy Jujuy"},"image":{"@id":"https:\/\/www.muyjujuy.com\/#\/schema\/logo\/image\/"},"sameAs":["https:\/\/www.facebook.com\/muyjujuycom","https:\/\/x.com\/muyjujuy","https:\/\/www.instagram.com\/muyjujuycom"]},{"@type":"Person","@id":"https:\/\/www.muyjujuy.com\/#\/schema\/person\/1d0f6e223ccea9e3f9034c1a5b683bf2","name":"Redacci\u00f3n Muy Jujuy","image":{"@type":"ImageObject","inLanguage":"es-AR","@id":"https:\/\/secure.gravatar.com\/avatar\/fec5f6f1893d741ed5eecccff109ce43e67a855411202a3212a058cb8e5c27d4?s=96&d=mm&r=g","url":"https:\/\/secure.gravatar.com\/avatar\/fec5f6f1893d741ed5eecccff109ce43e67a855411202a3212a058cb8e5c27d4?s=96&d=mm&r=g","contentUrl":"https:\/\/secure.gravatar.com\/avatar\/fec5f6f1893d741ed5eecccff109ce43e67a855411202a3212a058cb8e5c27d4?s=96&d=mm&r=g","caption":"Redacci\u00f3n Muy Jujuy"},"url":"https:\/\/www.muyjujuy.com\/index.php\/author\/editor\/"}]}},"_links":{"self":[{"href":"https:\/\/www.muyjujuy.com\/index.php\/wp-json\/wp\/v2\/posts\/1787","targetHints":{"allow":["GET"]}}],"collection":[{"href":"https:\/\/www.muyjujuy.com\/index.php\/wp-json\/wp\/v2\/posts"}],"about":[{"href":"https:\/\/www.muyjujuy.com\/index.php\/wp-json\/wp\/v2\/types\/post"}],"author":[{"embeddable":true,"href":"https:\/\/www.muyjujuy.com\/index.php\/wp-json\/wp\/v2\/users\/3"}],"replies":[{"embeddable":true,"href":"https:\/\/www.muyjujuy.com\/index.php\/wp-json\/wp\/v2\/comments?post=1787"}],"version-history":[{"count":1,"href":"https:\/\/www.muyjujuy.com\/index.php\/wp-json\/wp\/v2\/posts\/1787\/revisions"}],"predecessor-version":[{"id":1789,"href":"https:\/\/www.muyjujuy.com\/index.php\/wp-json\/wp\/v2\/posts\/1787\/revisions\/1789"}],"wp:featuredmedia":[{"embeddable":true,"href":"https:\/\/www.muyjujuy.com\/index.php\/wp-json\/wp\/v2\/media\/1788"}],"wp:attachment":[{"href":"https:\/\/www.muyjujuy.com\/index.php\/wp-json\/wp\/v2\/media?parent=1787"}],"wp:term":[{"taxonomy":"category","embeddable":true,"href":"https:\/\/www.muyjujuy.com\/index.php\/wp-json\/wp\/v2\/categories?post=1787"},{"taxonomy":"post_tag","embeddable":true,"href":"https:\/\/www.muyjujuy.com\/index.php\/wp-json\/wp\/v2\/tags?post=1787"}],"curies":[{"name":"wp","href":"https:\/\/api.w.org\/{rel}","templated":true}]}}