{"id":1793,"date":"2022-10-18T12:02:14","date_gmt":"2022-10-18T15:02:14","guid":{"rendered":"https:\/\/www.muyjujuy.com\/?p=1793"},"modified":"2022-10-18T12:02:16","modified_gmt":"2022-10-18T15:02:16","slug":"aseguran-que-se-detuvo-el-avance-de-incendios-forestales-en-las-yungas-jujenas","status":"publish","type":"post","link":"https:\/\/www.muyjujuy.com\/index.php\/2022\/10\/18\/aseguran-que-se-detuvo-el-avance-de-incendios-forestales-en-las-yungas-jujenas\/","title":{"rendered":"Aseguran que se detuvo el avance de incendios forestales en las Yungas juje\u00f1as"},"content":{"rendered":"\n<p><em>Desde el Gobierno provincial destacaron el trabajo de brigadistas y aseguraron que el incendio en las Yungas se detuvo.<\/em><\/p>\n\n\n\n<p><strong>Los dos incendios que se registran en la regi\u00f3n de <a href=\"https:\/\/www.muyjujuy.com\/index.php\/2022\/10\/11\/jujuy-el-incendio-en-las-yungas-lleva-dos-semanas-sin-avance\/\">las Yungas <\/a>juje\u00f1as fueron contenidos <\/strong>y no avanzaron sobre nuevas hect\u00e1reas. Esto se debe al trabajo de brigadistas y las condiciones del tiempo con lluvias aisladas en la zona.<\/p>\n\n\n\n<p><strong>Se trata de los focos de incendios m\u00e1s grandes denominados<\/strong> el \u201cPiroman\u00edaco\u201d en Caimancito y \u201cOperativo\u201d en un margen del R\u00edo San Lorenzo, los cuales se encuentran \u201ccontrolados\u201d. En tanto, <strong>contin\u00faan los trabajos en los puntos calientes que dej\u00f3 el fuego.<\/strong><\/p>\n\n\n\n<p>La ministra de Ambiente y Cambio Clim\u00e1tico de Jujuy, Mar\u00eda In\u00e9s Zigar\u00e1n, detall\u00f3 que desde la primera semana de septiembre hasta el momento el incendio Piroman\u00edaco<strong> \u201cconsumi\u00f3 aproximadamente 7812 hect\u00e1reas, de las cuales 1000 hect\u00e1reas corresponden al Parque Nacional Calilegua\u201d.<\/strong><\/p>\n\n\n\n<p><strong>\u201cEste incendio desde hace 20 d\u00edas, por los esfuerzos y tareas realizadas en terreno por aviones, maquinaria pesada, y sobre todo por el trabajo manual de los brigadistas, dej\u00f3 de avanzar\u201d,<\/strong> asegur\u00f3.<\/p>\n\n\n\n<h2 class=\"wp-block-heading\"><strong>Incendios forestales<\/strong><\/h2>\n\n\n\n<p>En relaci\u00f3n al incendio &#8220;Operativo,&#8221; que inici\u00f3 la semana pasada<strong>, \u201cen pocos d\u00edas, con un gran despliegue, tambi\u00e9n logr\u00f3 confinarlo<\/strong>. <strong>Hoy se encuentra activo, pero contenido sin avance, consumiendo aproximadamente 152 hect\u00e1reas&#8221;<\/strong>.<\/p>\n\n\n\n<p>Por otro lado, manifest\u00f3 que los incendios en la zona de La Vi\u00f1a y de la Ruta 1 \u201cpudieron ser atendidos y extinguidos en tiempo r\u00e9cord\u201d. Aaunque expres\u00f3 su preocupaci\u00f3n por <strong>\u201cel constante uso del fuego en actividades hoy prohibidas en Jujuy por el decreto N\u00b0 6573 y penadas legalmente\u201d.<\/strong><\/p>\n\n\n\n<p>Asimismo, mencion\u00f3 el incendio que se desarrolla en Colonia Santa Rosa, el cual se encuentra \u201cfuera de control, consumi\u00f3 3.500 hect\u00e1reas en 5 d\u00edas\u201d. Y por su cercan\u00eda a la Reserva del Pantanoso <strong>\u201cgener\u00f3 preocupaci\u00f3n en la provincia de Jujuy ya que est\u00e1 contiguo al Parque Nacional Calilegua\u201d.<\/strong><\/p>\n","protected":false},"excerpt":{"rendered":"<p>Desde el Gobierno provincial destacaron el trabajo de brigadistas y aseguraron que el incendio en las Yungas se detuvo. Los dos incendios que se registran en la regi\u00f3n de las Yungas juje\u00f1as fueron contenidos y no avanzaron sobre nuevas hect\u00e1reas. Esto se debe al trabajo de brigadistas y las condiciones del tiempo con lluvias aisladas [&hellip;]<\/p>\n","protected":false},"author":3,"featured_media":748,"comment_status":"open","ping_status":"open","sticky":false,"template":"","format":"standard","meta":{"footnotes":""},"categories":[25],"tags":[735,8,755],"class_list":{"0":"post-1793","1":"post","2":"type-post","3":"status-publish","4":"format-standard","5":"has-post-thumbnail","7":"category-sociedad","8":"tag-incendios-forestales","9":"tag-jujuy","10":"tag-yungas"},"yoast_head":"<!-- This site is optimized with the Yoast SEO plugin v27.5 - https:\/\/yoast.com\/product\/yoast-seo-wordpress\/ -->\n<title>Aseguran que se detuvo el avance de incendios forestales en las Yungas juje\u00f1as - Muy Jujuy<\/title>\n<meta name=\"description\" content=\"Desde el Gobierno provincial destacaron el trabajo de brigadistas y aseguraron que el incendio en las Yungas se detuvo.\" \/>\n<meta name=\"robots\" content=\"index, follow, max-snippet:-1, max-image-preview:large, max-video-preview:-1\" \/>\n<link rel=\"canonical\" href=\"https:\/\/www.muyjujuy.com\/index.php\/2022\/10\/18\/aseguran-que-se-detuvo-el-avance-de-incendios-forestales-en-las-yungas-jujenas\/\" \/>\n<meta property=\"og:locale\" content=\"es_ES\" \/>\n<meta property=\"og:type\" content=\"article\" \/>\n<meta property=\"og:title\" content=\"Aseguran que se detuvo el avance de incendios forestales en las Yungas juje\u00f1as - Muy Jujuy\" \/>\n<meta property=\"og:description\" content=\"Desde el Gobierno provincial destacaron el trabajo de brigadistas y aseguraron que el incendio en las Yungas se detuvo.\" \/>\n<meta property=\"og:url\" content=\"https:\/\/www.muyjujuy.com\/index.php\/2022\/10\/18\/aseguran-que-se-detuvo-el-avance-de-incendios-forestales-en-las-yungas-jujenas\/\" \/>\n<meta property=\"og:site_name\" content=\"Muy Jujuy\" \/>\n<meta property=\"article:publisher\" content=\"https:\/\/www.facebook.com\/muyjujuycom\" \/>\n<meta property=\"article:published_time\" content=\"2022-10-18T15:02:14+00:00\" \/>\n<meta property=\"article:modified_time\" content=\"2022-10-18T15:02:16+00:00\" \/>\n<meta property=\"og:image\" content=\"https:\/\/www.muyjujuy.com\/wp-content\/uploads\/2022\/06\/incendio-abra-pampa.jpg\" \/>\n\t<meta property=\"og:image:width\" content=\"990\" \/>\n\t<meta property=\"og:image:height\" content=\"610\" \/>\n\t<meta property=\"og:image:type\" content=\"image\/jpeg\" \/>\n<meta name=\"author\" content=\"Redacci\u00f3n Muy Jujuy\" \/>\n<meta name=\"twitter:card\" content=\"summary_large_image\" \/>\n<meta name=\"twitter:creator\" content=\"@muyjujuy\" \/>\n<meta name=\"twitter:site\" content=\"@muyjujuy\" \/>\n<meta name=\"twitter:label1\" content=\"Escrito por\" \/>\n\t<meta name=\"twitter:data1\" content=\"Redacci\u00f3n Muy Jujuy\" \/>\n\t<meta name=\"twitter:label2\" content=\"Tiempo de lectura\" \/>\n\t<meta name=\"twitter:data2\" content=\"2 minutos\" \/>\n<script type=\"application\/ld+json\" class=\"yoast-schema-graph\">{\"@context\":\"https:\\\/\\\/schema.org\",\"@graph\":[{\"@type\":\"Article\",\"@id\":\"https:\\\/\\\/www.muyjujuy.com\\\/index.php\\\/2022\\\/10\\\/18\\\/aseguran-que-se-detuvo-el-avance-de-incendios-forestales-en-las-yungas-jujenas\\\/#article\",\"isPartOf\":{\"@id\":\"https:\\\/\\\/www.muyjujuy.com\\\/index.php\\\/2022\\\/10\\\/18\\\/aseguran-que-se-detuvo-el-avance-de-incendios-forestales-en-las-yungas-jujenas\\\/\"},\"author\":{\"name\":\"Redacci\u00f3n Muy Jujuy\",\"@id\":\"https:\\\/\\\/www.muyjujuy.com\\\/#\\\/schema\\\/person\\\/1d0f6e223ccea9e3f9034c1a5b683bf2\"},\"headline\":\"Aseguran que se detuvo el avance de incendios forestales en las Yungas juje\u00f1as\",\"datePublished\":\"2022-10-18T15:02:14+00:00\",\"dateModified\":\"2022-10-18T15:02:16+00:00\",\"mainEntityOfPage\":{\"@id\":\"https:\\\/\\\/www.muyjujuy.com\\\/index.php\\\/2022\\\/10\\\/18\\\/aseguran-que-se-detuvo-el-avance-de-incendios-forestales-en-las-yungas-jujenas\\\/\"},\"wordCount\":335,\"commentCount\":0,\"publisher\":{\"@id\":\"https:\\\/\\\/www.muyjujuy.com\\\/#organization\"},\"image\":{\"@id\":\"https:\\\/\\\/www.muyjujuy.com\\\/index.php\\\/2022\\\/10\\\/18\\\/aseguran-que-se-detuvo-el-avance-de-incendios-forestales-en-las-yungas-jujenas\\\/#primaryimage\"},\"thumbnailUrl\":\"https:\\\/\\\/www.muyjujuy.com\\\/wp-content\\\/uploads\\\/2022\\\/06\\\/incendio-abra-pampa.jpg\",\"keywords\":[\"Incendios forestales\",\"Jujuy\",\"Yungas\"],\"articleSection\":[\"Sociedad\"],\"inLanguage\":\"es-AR\",\"potentialAction\":[{\"@type\":\"CommentAction\",\"name\":\"Comment\",\"target\":[\"https:\\\/\\\/www.muyjujuy.com\\\/index.php\\\/2022\\\/10\\\/18\\\/aseguran-que-se-detuvo-el-avance-de-incendios-forestales-en-las-yungas-jujenas\\\/#respond\"]}]},{\"@type\":\"WebPage\",\"@id\":\"https:\\\/\\\/www.muyjujuy.com\\\/index.php\\\/2022\\\/10\\\/18\\\/aseguran-que-se-detuvo-el-avance-de-incendios-forestales-en-las-yungas-jujenas\\\/\",\"url\":\"https:\\\/\\\/www.muyjujuy.com\\\/index.php\\\/2022\\\/10\\\/18\\\/aseguran-que-se-detuvo-el-avance-de-incendios-forestales-en-las-yungas-jujenas\\\/\",\"name\":\"Aseguran que se detuvo el avance de incendios forestales en las Yungas juje\u00f1as - Muy Jujuy\",\"isPartOf\":{\"@id\":\"https:\\\/\\\/www.muyjujuy.com\\\/#website\"},\"primaryImageOfPage\":{\"@id\":\"https:\\\/\\\/www.muyjujuy.com\\\/index.php\\\/2022\\\/10\\\/18\\\/aseguran-que-se-detuvo-el-avance-de-incendios-forestales-en-las-yungas-jujenas\\\/#primaryimage\"},\"image\":{\"@id\":\"https:\\\/\\\/www.muyjujuy.com\\\/index.php\\\/2022\\\/10\\\/18\\\/aseguran-que-se-detuvo-el-avance-de-incendios-forestales-en-las-yungas-jujenas\\\/#primaryimage\"},\"thumbnailUrl\":\"https:\\\/\\\/www.muyjujuy.com\\\/wp-content\\\/uploads\\\/2022\\\/06\\\/incendio-abra-pampa.jpg\",\"datePublished\":\"2022-10-18T15:02:14+00:00\",\"dateModified\":\"2022-10-18T15:02:16+00:00\",\"description\":\"Desde el Gobierno provincial destacaron el trabajo de brigadistas y aseguraron que el incendio en las Yungas se detuvo.\",\"breadcrumb\":{\"@id\":\"https:\\\/\\\/www.muyjujuy.com\\\/index.php\\\/2022\\\/10\\\/18\\\/aseguran-que-se-detuvo-el-avance-de-incendios-forestales-en-las-yungas-jujenas\\\/#breadcrumb\"},\"inLanguage\":\"es-AR\",\"potentialAction\":[{\"@type\":\"ReadAction\",\"target\":[\"https:\\\/\\\/www.muyjujuy.com\\\/index.php\\\/2022\\\/10\\\/18\\\/aseguran-que-se-detuvo-el-avance-de-incendios-forestales-en-las-yungas-jujenas\\\/\"]}]},{\"@type\":\"ImageObject\",\"inLanguage\":\"es-AR\",\"@id\":\"https:\\\/\\\/www.muyjujuy.com\\\/index.php\\\/2022\\\/10\\\/18\\\/aseguran-que-se-detuvo-el-avance-de-incendios-forestales-en-las-yungas-jujenas\\\/#primaryimage\",\"url\":\"https:\\\/\\\/www.muyjujuy.com\\\/wp-content\\\/uploads\\\/2022\\\/06\\\/incendio-abra-pampa.jpg\",\"contentUrl\":\"https:\\\/\\\/www.muyjujuy.com\\\/wp-content\\\/uploads\\\/2022\\\/06\\\/incendio-abra-pampa.jpg\",\"width\":990,\"height\":610},{\"@type\":\"BreadcrumbList\",\"@id\":\"https:\\\/\\\/www.muyjujuy.com\\\/index.php\\\/2022\\\/10\\\/18\\\/aseguran-que-se-detuvo-el-avance-de-incendios-forestales-en-las-yungas-jujenas\\\/#breadcrumb\",\"itemListElement\":[{\"@type\":\"ListItem\",\"position\":1,\"name\":\"Inicio\",\"item\":\"https:\\\/\\\/www.muyjujuy.com\\\/\"},{\"@type\":\"ListItem\",\"position\":2,\"name\":\"Aseguran que se detuvo el avance de incendios forestales en las Yungas juje\u00f1as\"}]},{\"@type\":\"WebSite\",\"@id\":\"https:\\\/\\\/www.muyjujuy.com\\\/#website\",\"url\":\"https:\\\/\\\/www.muyjujuy.com\\\/\",\"name\":\"Muy Jujuy\",\"description\":\"\",\"publisher\":{\"@id\":\"https:\\\/\\\/www.muyjujuy.com\\\/#organization\"},\"potentialAction\":[{\"@type\":\"SearchAction\",\"target\":{\"@type\":\"EntryPoint\",\"urlTemplate\":\"https:\\\/\\\/www.muyjujuy.com\\\/?s={search_term_string}\"},\"query-input\":{\"@type\":\"PropertyValueSpecification\",\"valueRequired\":true,\"valueName\":\"search_term_string\"}}],\"inLanguage\":\"es-AR\"},{\"@type\":\"Organization\",\"@id\":\"https:\\\/\\\/www.muyjujuy.com\\\/#organization\",\"name\":\"Muy Jujuy\",\"url\":\"https:\\\/\\\/www.muyjujuy.com\\\/\",\"logo\":{\"@type\":\"ImageObject\",\"inLanguage\":\"es-AR\",\"@id\":\"https:\\\/\\\/www.muyjujuy.com\\\/#\\\/schema\\\/logo\\\/image\\\/\",\"url\":\"http:\\\/\\\/www.muyjujuy.com\\\/wp-content\\\/uploads\\\/2022\\\/05\\\/logo-mobil-jujuy.png\",\"contentUrl\":\"http:\\\/\\\/www.muyjujuy.com\\\/wp-content\\\/uploads\\\/2022\\\/05\\\/logo-mobil-jujuy.png\",\"width\":174,\"height\":81,\"caption\":\"Muy Jujuy\"},\"image\":{\"@id\":\"https:\\\/\\\/www.muyjujuy.com\\\/#\\\/schema\\\/logo\\\/image\\\/\"},\"sameAs\":[\"https:\\\/\\\/www.facebook.com\\\/muyjujuycom\",\"https:\\\/\\\/x.com\\\/muyjujuy\",\"https:\\\/\\\/www.instagram.com\\\/muyjujuycom\"]},{\"@type\":\"Person\",\"@id\":\"https:\\\/\\\/www.muyjujuy.com\\\/#\\\/schema\\\/person\\\/1d0f6e223ccea9e3f9034c1a5b683bf2\",\"name\":\"Redacci\u00f3n Muy Jujuy\",\"image\":{\"@type\":\"ImageObject\",\"inLanguage\":\"es-AR\",\"@id\":\"https:\\\/\\\/secure.gravatar.com\\\/avatar\\\/fec5f6f1893d741ed5eecccff109ce43e67a855411202a3212a058cb8e5c27d4?s=96&d=mm&r=g\",\"url\":\"https:\\\/\\\/secure.gravatar.com\\\/avatar\\\/fec5f6f1893d741ed5eecccff109ce43e67a855411202a3212a058cb8e5c27d4?s=96&d=mm&r=g\",\"contentUrl\":\"https:\\\/\\\/secure.gravatar.com\\\/avatar\\\/fec5f6f1893d741ed5eecccff109ce43e67a855411202a3212a058cb8e5c27d4?s=96&d=mm&r=g\",\"caption\":\"Redacci\u00f3n Muy Jujuy\"},\"url\":\"https:\\\/\\\/www.muyjujuy.com\\\/index.php\\\/author\\\/editor\\\/\"}]}<\/script>\n<!-- \/ Yoast SEO plugin. -->","yoast_head_json":{"title":"Aseguran que se detuvo el avance de incendios forestales en las Yungas juje\u00f1as - Muy Jujuy","description":"Desde el Gobierno provincial destacaron el trabajo de brigadistas y aseguraron que el incendio en las Yungas se detuvo.","robots":{"index":"index","follow":"follow","max-snippet":"max-snippet:-1","max-image-preview":"max-image-preview:large","max-video-preview":"max-video-preview:-1"},"canonical":"https:\/\/www.muyjujuy.com\/index.php\/2022\/10\/18\/aseguran-que-se-detuvo-el-avance-de-incendios-forestales-en-las-yungas-jujenas\/","og_locale":"es_ES","og_type":"article","og_title":"Aseguran que se detuvo el avance de incendios forestales en las Yungas juje\u00f1as - Muy Jujuy","og_description":"Desde el Gobierno provincial destacaron el trabajo de brigadistas y aseguraron que el incendio en las Yungas se detuvo.","og_url":"https:\/\/www.muyjujuy.com\/index.php\/2022\/10\/18\/aseguran-que-se-detuvo-el-avance-de-incendios-forestales-en-las-yungas-jujenas\/","og_site_name":"Muy Jujuy","article_publisher":"https:\/\/www.facebook.com\/muyjujuycom","article_published_time":"2022-10-18T15:02:14+00:00","article_modified_time":"2022-10-18T15:02:16+00:00","og_image":[{"width":990,"height":610,"url":"https:\/\/www.muyjujuy.com\/wp-content\/uploads\/2022\/06\/incendio-abra-pampa.jpg","type":"image\/jpeg"}],"author":"Redacci\u00f3n Muy Jujuy","twitter_card":"summary_large_image","twitter_creator":"@muyjujuy","twitter_site":"@muyjujuy","twitter_misc":{"Escrito por":"Redacci\u00f3n Muy Jujuy","Tiempo de lectura":"2 minutos"},"schema":{"@context":"https:\/\/schema.org","@graph":[{"@type":"Article","@id":"https:\/\/www.muyjujuy.com\/index.php\/2022\/10\/18\/aseguran-que-se-detuvo-el-avance-de-incendios-forestales-en-las-yungas-jujenas\/#article","isPartOf":{"@id":"https:\/\/www.muyjujuy.com\/index.php\/2022\/10\/18\/aseguran-que-se-detuvo-el-avance-de-incendios-forestales-en-las-yungas-jujenas\/"},"author":{"name":"Redacci\u00f3n Muy Jujuy","@id":"https:\/\/www.muyjujuy.com\/#\/schema\/person\/1d0f6e223ccea9e3f9034c1a5b683bf2"},"headline":"Aseguran que se detuvo el avance de incendios forestales en las Yungas juje\u00f1as","datePublished":"2022-10-18T15:02:14+00:00","dateModified":"2022-10-18T15:02:16+00:00","mainEntityOfPage":{"@id":"https:\/\/www.muyjujuy.com\/index.php\/2022\/10\/18\/aseguran-que-se-detuvo-el-avance-de-incendios-forestales-en-las-yungas-jujenas\/"},"wordCount":335,"commentCount":0,"publisher":{"@id":"https:\/\/www.muyjujuy.com\/#organization"},"image":{"@id":"https:\/\/www.muyjujuy.com\/index.php\/2022\/10\/18\/aseguran-que-se-detuvo-el-avance-de-incendios-forestales-en-las-yungas-jujenas\/#primaryimage"},"thumbnailUrl":"https:\/\/www.muyjujuy.com\/wp-content\/uploads\/2022\/06\/incendio-abra-pampa.jpg","keywords":["Incendios forestales","Jujuy","Yungas"],"articleSection":["Sociedad"],"inLanguage":"es-AR","potentialAction":[{"@type":"CommentAction","name":"Comment","target":["https:\/\/www.muyjujuy.com\/index.php\/2022\/10\/18\/aseguran-que-se-detuvo-el-avance-de-incendios-forestales-en-las-yungas-jujenas\/#respond"]}]},{"@type":"WebPage","@id":"https:\/\/www.muyjujuy.com\/index.php\/2022\/10\/18\/aseguran-que-se-detuvo-el-avance-de-incendios-forestales-en-las-yungas-jujenas\/","url":"https:\/\/www.muyjujuy.com\/index.php\/2022\/10\/18\/aseguran-que-se-detuvo-el-avance-de-incendios-forestales-en-las-yungas-jujenas\/","name":"Aseguran que se detuvo el avance de incendios forestales en las Yungas juje\u00f1as - Muy Jujuy","isPartOf":{"@id":"https:\/\/www.muyjujuy.com\/#website"},"primaryImageOfPage":{"@id":"https:\/\/www.muyjujuy.com\/index.php\/2022\/10\/18\/aseguran-que-se-detuvo-el-avance-de-incendios-forestales-en-las-yungas-jujenas\/#primaryimage"},"image":{"@id":"https:\/\/www.muyjujuy.com\/index.php\/2022\/10\/18\/aseguran-que-se-detuvo-el-avance-de-incendios-forestales-en-las-yungas-jujenas\/#primaryimage"},"thumbnailUrl":"https:\/\/www.muyjujuy.com\/wp-content\/uploads\/2022\/06\/incendio-abra-pampa.jpg","datePublished":"2022-10-18T15:02:14+00:00","dateModified":"2022-10-18T15:02:16+00:00","description":"Desde el Gobierno provincial destacaron el trabajo de brigadistas y aseguraron que el incendio en las Yungas se detuvo.","breadcrumb":{"@id":"https:\/\/www.muyjujuy.com\/index.php\/2022\/10\/18\/aseguran-que-se-detuvo-el-avance-de-incendios-forestales-en-las-yungas-jujenas\/#breadcrumb"},"inLanguage":"es-AR","potentialAction":[{"@type":"ReadAction","target":["https:\/\/www.muyjujuy.com\/index.php\/2022\/10\/18\/aseguran-que-se-detuvo-el-avance-de-incendios-forestales-en-las-yungas-jujenas\/"]}]},{"@type":"ImageObject","inLanguage":"es-AR","@id":"https:\/\/www.muyjujuy.com\/index.php\/2022\/10\/18\/aseguran-que-se-detuvo-el-avance-de-incendios-forestales-en-las-yungas-jujenas\/#primaryimage","url":"https:\/\/www.muyjujuy.com\/wp-content\/uploads\/2022\/06\/incendio-abra-pampa.jpg","contentUrl":"https:\/\/www.muyjujuy.com\/wp-content\/uploads\/2022\/06\/incendio-abra-pampa.jpg","width":990,"height":610},{"@type":"BreadcrumbList","@id":"https:\/\/www.muyjujuy.com\/index.php\/2022\/10\/18\/aseguran-que-se-detuvo-el-avance-de-incendios-forestales-en-las-yungas-jujenas\/#breadcrumb","itemListElement":[{"@type":"ListItem","position":1,"name":"Inicio","item":"https:\/\/www.muyjujuy.com\/"},{"@type":"ListItem","position":2,"name":"Aseguran que se detuvo el avance de incendios forestales en las Yungas juje\u00f1as"}]},{"@type":"WebSite","@id":"https:\/\/www.muyjujuy.com\/#website","url":"https:\/\/www.muyjujuy.com\/","name":"Muy Jujuy","description":"","publisher":{"@id":"https:\/\/www.muyjujuy.com\/#organization"},"potentialAction":[{"@type":"SearchAction","target":{"@type":"EntryPoint","urlTemplate":"https:\/\/www.muyjujuy.com\/?s={search_term_string}"},"query-input":{"@type":"PropertyValueSpecification","valueRequired":true,"valueName":"search_term_string"}}],"inLanguage":"es-AR"},{"@type":"Organization","@id":"https:\/\/www.muyjujuy.com\/#organization","name":"Muy Jujuy","url":"https:\/\/www.muyjujuy.com\/","logo":{"@type":"ImageObject","inLanguage":"es-AR","@id":"https:\/\/www.muyjujuy.com\/#\/schema\/logo\/image\/","url":"http:\/\/www.muyjujuy.com\/wp-content\/uploads\/2022\/05\/logo-mobil-jujuy.png","contentUrl":"http:\/\/www.muyjujuy.com\/wp-content\/uploads\/2022\/05\/logo-mobil-jujuy.png","width":174,"height":81,"caption":"Muy Jujuy"},"image":{"@id":"https:\/\/www.muyjujuy.com\/#\/schema\/logo\/image\/"},"sameAs":["https:\/\/www.facebook.com\/muyjujuycom","https:\/\/x.com\/muyjujuy","https:\/\/www.instagram.com\/muyjujuycom"]},{"@type":"Person","@id":"https:\/\/www.muyjujuy.com\/#\/schema\/person\/1d0f6e223ccea9e3f9034c1a5b683bf2","name":"Redacci\u00f3n Muy Jujuy","image":{"@type":"ImageObject","inLanguage":"es-AR","@id":"https:\/\/secure.gravatar.com\/avatar\/fec5f6f1893d741ed5eecccff109ce43e67a855411202a3212a058cb8e5c27d4?s=96&d=mm&r=g","url":"https:\/\/secure.gravatar.com\/avatar\/fec5f6f1893d741ed5eecccff109ce43e67a855411202a3212a058cb8e5c27d4?s=96&d=mm&r=g","contentUrl":"https:\/\/secure.gravatar.com\/avatar\/fec5f6f1893d741ed5eecccff109ce43e67a855411202a3212a058cb8e5c27d4?s=96&d=mm&r=g","caption":"Redacci\u00f3n Muy Jujuy"},"url":"https:\/\/www.muyjujuy.com\/index.php\/author\/editor\/"}]}},"_links":{"self":[{"href":"https:\/\/www.muyjujuy.com\/index.php\/wp-json\/wp\/v2\/posts\/1793","targetHints":{"allow":["GET"]}}],"collection":[{"href":"https:\/\/www.muyjujuy.com\/index.php\/wp-json\/wp\/v2\/posts"}],"about":[{"href":"https:\/\/www.muyjujuy.com\/index.php\/wp-json\/wp\/v2\/types\/post"}],"author":[{"embeddable":true,"href":"https:\/\/www.muyjujuy.com\/index.php\/wp-json\/wp\/v2\/users\/3"}],"replies":[{"embeddable":true,"href":"https:\/\/www.muyjujuy.com\/index.php\/wp-json\/wp\/v2\/comments?post=1793"}],"version-history":[{"count":1,"href":"https:\/\/www.muyjujuy.com\/index.php\/wp-json\/wp\/v2\/posts\/1793\/revisions"}],"predecessor-version":[{"id":1794,"href":"https:\/\/www.muyjujuy.com\/index.php\/wp-json\/wp\/v2\/posts\/1793\/revisions\/1794"}],"wp:featuredmedia":[{"embeddable":true,"href":"https:\/\/www.muyjujuy.com\/index.php\/wp-json\/wp\/v2\/media\/748"}],"wp:attachment":[{"href":"https:\/\/www.muyjujuy.com\/index.php\/wp-json\/wp\/v2\/media?parent=1793"}],"wp:term":[{"taxonomy":"category","embeddable":true,"href":"https:\/\/www.muyjujuy.com\/index.php\/wp-json\/wp\/v2\/categories?post=1793"},{"taxonomy":"post_tag","embeddable":true,"href":"https:\/\/www.muyjujuy.com\/index.php\/wp-json\/wp\/v2\/tags?post=1793"}],"curies":[{"name":"wp","href":"https:\/\/api.w.org\/{rel}","templated":true}]}}