{"id":1795,"date":"2022-10-18T15:29:36","date_gmt":"2022-10-18T18:29:36","guid":{"rendered":"https:\/\/www.muyjujuy.com\/?p=1795"},"modified":"2022-10-18T15:29:40","modified_gmt":"2022-10-18T18:29:40","slug":"provincias-del-norte-grande-analizaran-en-jujuy-la-gestion-y-proteccion-del-patrimonio-en-la-region","status":"publish","type":"post","link":"https:\/\/www.muyjujuy.com\/index.php\/2022\/10\/18\/provincias-del-norte-grande-analizaran-en-jujuy-la-gestion-y-proteccion-del-patrimonio-en-la-region\/","title":{"rendered":"Provincias del Norte Grande analizar\u00e1n en Jujuy la gesti\u00f3n y protecci\u00f3n del patrimonio en la regi\u00f3n"},"content":{"rendered":"\n<p><em>Se llevar\u00e1 a cabo Primer Encuentro de Patrimonio del Norte Grande en la capital juje\u00f1a durante le jueves y viernes de esta semana.<\/em><\/p>\n\n\n\n<p>Jujuy ser\u00e1 sede del <strong>Primer Encuentro de Patrimonio del Norte Grande<\/strong> a concretarse este viernes y s\u00e1bado con el objetivo de generar pol\u00edticas p\u00fablicas a trav\u00e9s de un \u00e1mbito de di\u00e1logo que involucre a la regi\u00f3n sobre gesti\u00f3n integral y conservaci\u00f3n del patrimonio.<\/p>\n\n\n\n<p><strong>&#8220;Ser\u00e1n dos jornadas muy interesantes de trabajo en las que intervendr\u00e1n tambi\u00e9n las \u00e1reas de investigaci\u00f3n<\/strong>. Habr\u00e1 diferentes ponencias de las que participar\u00e1n referentes de las provincias y de las instituciones y \u00f3rganos de aplicaci\u00f3n vinculadas a la gesti\u00f3n del patrimonio&#8221;, indic\u00f3 <strong>Valentina Mill\u00f3n<\/strong>, la directora provincial de Patrimonio.<\/p>\n\n\n\n<h2 class=\"wp-block-heading\"><strong>Encuentro del Norte Grande<\/strong><\/h2>\n\n\n\n<p>Las reuniones se llevar\u00e1n a cabo desde las 8.30 en instalaciones del Cine Select de la capital juje\u00f1a.<strong> Los participantes deber\u00e1n completar el formulario de inscripci\u00f3n que se puede encontrar en la p\u00e1gina web de la Secretar\u00eda de Cultura de Jujuy.<\/strong><\/p>\n\n\n\n<p>Los actores participantes del encuentro, que fue presentado por funcionarios del Ministerio de Cultura podr\u00e1n compartir experiencias e impulsar el dise\u00f1o de pol\u00edticas p\u00fablicas para el fortalecer el patrimonio en la regi\u00f3n.<\/p>\n\n\n\n<p><strong>&#8220;No es lo mismo avanzar en una pol\u00edtica p\u00fablica que solo tenga que ver con un territorio acotado a una provincia que hacerlo como Norte Grande<\/strong> con acciones concretas para la conservaci\u00f3n del patrimonio y que se puedan mantener en el tiempo&#8221;, afirm\u00f3 Mill\u00f3n.<\/p>\n\n\n\n<p>Participar\u00e1n las \u00e1reas de gesti\u00f3n del patrimonio y secretarios de Cultura de las 10 provincias que integran el Norte Grande al que se sumar\u00e1n Mendoza y San Juan.<\/p>\n\n\n\n<p>&#8220;Jujuy es patrimonio, tenemos una riqueza cultural enorme que no podemos delimitarla m\u00e1s all\u00e1 de que podemos contar la cantidad de monumentos que tenemos declarados y de sitios de patrimonio mundial, y hay sitios arqueol\u00f3gicos que ni siquiera est\u00e1n descubiertos&#8221;, destac\u00f3.<\/p>\n","protected":false},"excerpt":{"rendered":"<p>Se llevar\u00e1 a cabo Primer Encuentro de Patrimonio del Norte Grande en la capital juje\u00f1a durante le jueves y viernes de esta semana. Jujuy ser\u00e1 sede del Primer Encuentro de Patrimonio del Norte Grande a concretarse este viernes y s\u00e1bado con el objetivo de generar pol\u00edticas p\u00fablicas a trav\u00e9s de un \u00e1mbito de di\u00e1logo que [&hellip;]<\/p>\n","protected":false},"author":3,"featured_media":1797,"comment_status":"open","ping_status":"open","sticky":false,"template":"","format":"standard","meta":{"footnotes":""},"categories":[24],"tags":[8,640],"class_list":{"0":"post-1795","1":"post","2":"type-post","3":"status-publish","4":"format-standard","5":"has-post-thumbnail","7":"category-politica","8":"tag-jujuy","9":"tag-san-salvador"},"yoast_head":"<!-- This site is optimized with the Yoast SEO plugin v27.5 - https:\/\/yoast.com\/product\/yoast-seo-wordpress\/ -->\n<title>Provincias del Norte Grande analizar\u00e1n en Jujuy la gesti\u00f3n y protecci\u00f3n del patrimonio en la regi\u00f3n - Muy Jujuy<\/title>\n<meta name=\"description\" content=\"Se llevar\u00e1 a cabo Primer Encuentro de Patrimonio del Norte Grande en la capital juje\u00f1a durante le jueves y viernes de esta semana.\" \/>\n<meta name=\"robots\" content=\"index, follow, max-snippet:-1, max-image-preview:large, max-video-preview:-1\" \/>\n<link rel=\"canonical\" href=\"https:\/\/www.muyjujuy.com\/index.php\/2022\/10\/18\/provincias-del-norte-grande-analizaran-en-jujuy-la-gestion-y-proteccion-del-patrimonio-en-la-region\/\" \/>\n<meta property=\"og:locale\" content=\"es_ES\" \/>\n<meta property=\"og:type\" content=\"article\" \/>\n<meta property=\"og:title\" content=\"Provincias del Norte Grande analizar\u00e1n en Jujuy la gesti\u00f3n y protecci\u00f3n del patrimonio en la regi\u00f3n - Muy Jujuy\" \/>\n<meta property=\"og:description\" content=\"Se llevar\u00e1 a cabo Primer Encuentro de Patrimonio del Norte Grande en la capital juje\u00f1a durante le jueves y viernes de esta semana.\" \/>\n<meta property=\"og:url\" content=\"https:\/\/www.muyjujuy.com\/index.php\/2022\/10\/18\/provincias-del-norte-grande-analizaran-en-jujuy-la-gestion-y-proteccion-del-patrimonio-en-la-region\/\" \/>\n<meta property=\"og:site_name\" content=\"Muy Jujuy\" \/>\n<meta property=\"article:publisher\" content=\"https:\/\/www.facebook.com\/muyjujuycom\" \/>\n<meta property=\"article:published_time\" content=\"2022-10-18T18:29:36+00:00\" \/>\n<meta property=\"article:modified_time\" content=\"2022-10-18T18:29:40+00:00\" \/>\n<meta property=\"og:image\" content=\"https:\/\/www.muyjujuy.com\/wp-content\/uploads\/2022\/10\/18-10-2022_seran_dos_jornadas_muy_interesantes-scaled.jpg\" \/>\n\t<meta property=\"og:image:width\" content=\"2560\" \/>\n\t<meta property=\"og:image:height\" content=\"1606\" \/>\n\t<meta property=\"og:image:type\" content=\"image\/jpeg\" \/>\n<meta name=\"author\" content=\"Redacci\u00f3n Muy Jujuy\" \/>\n<meta name=\"twitter:card\" content=\"summary_large_image\" \/>\n<meta name=\"twitter:creator\" content=\"@muyjujuy\" \/>\n<meta name=\"twitter:site\" content=\"@muyjujuy\" \/>\n<meta name=\"twitter:label1\" content=\"Escrito por\" \/>\n\t<meta name=\"twitter:data1\" content=\"Redacci\u00f3n Muy Jujuy\" \/>\n\t<meta name=\"twitter:label2\" content=\"Tiempo de lectura\" \/>\n\t<meta name=\"twitter:data2\" content=\"2 minutos\" \/>\n<script type=\"application\/ld+json\" class=\"yoast-schema-graph\">{\"@context\":\"https:\\\/\\\/schema.org\",\"@graph\":[{\"@type\":\"Article\",\"@id\":\"https:\\\/\\\/www.muyjujuy.com\\\/index.php\\\/2022\\\/10\\\/18\\\/provincias-del-norte-grande-analizaran-en-jujuy-la-gestion-y-proteccion-del-patrimonio-en-la-region\\\/#article\",\"isPartOf\":{\"@id\":\"https:\\\/\\\/www.muyjujuy.com\\\/index.php\\\/2022\\\/10\\\/18\\\/provincias-del-norte-grande-analizaran-en-jujuy-la-gestion-y-proteccion-del-patrimonio-en-la-region\\\/\"},\"author\":{\"name\":\"Redacci\u00f3n Muy Jujuy\",\"@id\":\"https:\\\/\\\/www.muyjujuy.com\\\/#\\\/schema\\\/person\\\/1d0f6e223ccea9e3f9034c1a5b683bf2\"},\"headline\":\"Provincias del Norte Grande analizar\u00e1n en Jujuy la gesti\u00f3n y protecci\u00f3n del patrimonio en la regi\u00f3n\",\"datePublished\":\"2022-10-18T18:29:36+00:00\",\"dateModified\":\"2022-10-18T18:29:40+00:00\",\"mainEntityOfPage\":{\"@id\":\"https:\\\/\\\/www.muyjujuy.com\\\/index.php\\\/2022\\\/10\\\/18\\\/provincias-del-norte-grande-analizaran-en-jujuy-la-gestion-y-proteccion-del-patrimonio-en-la-region\\\/\"},\"wordCount\":361,\"commentCount\":0,\"publisher\":{\"@id\":\"https:\\\/\\\/www.muyjujuy.com\\\/#organization\"},\"image\":{\"@id\":\"https:\\\/\\\/www.muyjujuy.com\\\/index.php\\\/2022\\\/10\\\/18\\\/provincias-del-norte-grande-analizaran-en-jujuy-la-gestion-y-proteccion-del-patrimonio-en-la-region\\\/#primaryimage\"},\"thumbnailUrl\":\"https:\\\/\\\/www.muyjujuy.com\\\/wp-content\\\/uploads\\\/2022\\\/10\\\/18-10-2022_seran_dos_jornadas_muy_interesantes-scaled.jpg\",\"keywords\":[\"Jujuy\",\"San Salvador\"],\"articleSection\":[\"Pol\u00edtica\"],\"inLanguage\":\"es-AR\",\"potentialAction\":[{\"@type\":\"CommentAction\",\"name\":\"Comment\",\"target\":[\"https:\\\/\\\/www.muyjujuy.com\\\/index.php\\\/2022\\\/10\\\/18\\\/provincias-del-norte-grande-analizaran-en-jujuy-la-gestion-y-proteccion-del-patrimonio-en-la-region\\\/#respond\"]}]},{\"@type\":\"WebPage\",\"@id\":\"https:\\\/\\\/www.muyjujuy.com\\\/index.php\\\/2022\\\/10\\\/18\\\/provincias-del-norte-grande-analizaran-en-jujuy-la-gestion-y-proteccion-del-patrimonio-en-la-region\\\/\",\"url\":\"https:\\\/\\\/www.muyjujuy.com\\\/index.php\\\/2022\\\/10\\\/18\\\/provincias-del-norte-grande-analizaran-en-jujuy-la-gestion-y-proteccion-del-patrimonio-en-la-region\\\/\",\"name\":\"Provincias del Norte Grande analizar\u00e1n en Jujuy la gesti\u00f3n y protecci\u00f3n del patrimonio en la regi\u00f3n - Muy Jujuy\",\"isPartOf\":{\"@id\":\"https:\\\/\\\/www.muyjujuy.com\\\/#website\"},\"primaryImageOfPage\":{\"@id\":\"https:\\\/\\\/www.muyjujuy.com\\\/index.php\\\/2022\\\/10\\\/18\\\/provincias-del-norte-grande-analizaran-en-jujuy-la-gestion-y-proteccion-del-patrimonio-en-la-region\\\/#primaryimage\"},\"image\":{\"@id\":\"https:\\\/\\\/www.muyjujuy.com\\\/index.php\\\/2022\\\/10\\\/18\\\/provincias-del-norte-grande-analizaran-en-jujuy-la-gestion-y-proteccion-del-patrimonio-en-la-region\\\/#primaryimage\"},\"thumbnailUrl\":\"https:\\\/\\\/www.muyjujuy.com\\\/wp-content\\\/uploads\\\/2022\\\/10\\\/18-10-2022_seran_dos_jornadas_muy_interesantes-scaled.jpg\",\"datePublished\":\"2022-10-18T18:29:36+00:00\",\"dateModified\":\"2022-10-18T18:29:40+00:00\",\"description\":\"Se llevar\u00e1 a cabo Primer Encuentro de Patrimonio del Norte Grande en la capital juje\u00f1a durante le jueves y viernes de esta semana.\",\"breadcrumb\":{\"@id\":\"https:\\\/\\\/www.muyjujuy.com\\\/index.php\\\/2022\\\/10\\\/18\\\/provincias-del-norte-grande-analizaran-en-jujuy-la-gestion-y-proteccion-del-patrimonio-en-la-region\\\/#breadcrumb\"},\"inLanguage\":\"es-AR\",\"potentialAction\":[{\"@type\":\"ReadAction\",\"target\":[\"https:\\\/\\\/www.muyjujuy.com\\\/index.php\\\/2022\\\/10\\\/18\\\/provincias-del-norte-grande-analizaran-en-jujuy-la-gestion-y-proteccion-del-patrimonio-en-la-region\\\/\"]}]},{\"@type\":\"ImageObject\",\"inLanguage\":\"es-AR\",\"@id\":\"https:\\\/\\\/www.muyjujuy.com\\\/index.php\\\/2022\\\/10\\\/18\\\/provincias-del-norte-grande-analizaran-en-jujuy-la-gestion-y-proteccion-del-patrimonio-en-la-region\\\/#primaryimage\",\"url\":\"https:\\\/\\\/www.muyjujuy.com\\\/wp-content\\\/uploads\\\/2022\\\/10\\\/18-10-2022_seran_dos_jornadas_muy_interesantes-scaled.jpg\",\"contentUrl\":\"https:\\\/\\\/www.muyjujuy.com\\\/wp-content\\\/uploads\\\/2022\\\/10\\\/18-10-2022_seran_dos_jornadas_muy_interesantes-scaled.jpg\",\"width\":2560,\"height\":1606},{\"@type\":\"BreadcrumbList\",\"@id\":\"https:\\\/\\\/www.muyjujuy.com\\\/index.php\\\/2022\\\/10\\\/18\\\/provincias-del-norte-grande-analizaran-en-jujuy-la-gestion-y-proteccion-del-patrimonio-en-la-region\\\/#breadcrumb\",\"itemListElement\":[{\"@type\":\"ListItem\",\"position\":1,\"name\":\"Inicio\",\"item\":\"https:\\\/\\\/www.muyjujuy.com\\\/\"},{\"@type\":\"ListItem\",\"position\":2,\"name\":\"Provincias del Norte Grande analizar\u00e1n en Jujuy la gesti\u00f3n y protecci\u00f3n del patrimonio en la regi\u00f3n\"}]},{\"@type\":\"WebSite\",\"@id\":\"https:\\\/\\\/www.muyjujuy.com\\\/#website\",\"url\":\"https:\\\/\\\/www.muyjujuy.com\\\/\",\"name\":\"Muy Jujuy\",\"description\":\"\",\"publisher\":{\"@id\":\"https:\\\/\\\/www.muyjujuy.com\\\/#organization\"},\"potentialAction\":[{\"@type\":\"SearchAction\",\"target\":{\"@type\":\"EntryPoint\",\"urlTemplate\":\"https:\\\/\\\/www.muyjujuy.com\\\/?s={search_term_string}\"},\"query-input\":{\"@type\":\"PropertyValueSpecification\",\"valueRequired\":true,\"valueName\":\"search_term_string\"}}],\"inLanguage\":\"es-AR\"},{\"@type\":\"Organization\",\"@id\":\"https:\\\/\\\/www.muyjujuy.com\\\/#organization\",\"name\":\"Muy Jujuy\",\"url\":\"https:\\\/\\\/www.muyjujuy.com\\\/\",\"logo\":{\"@type\":\"ImageObject\",\"inLanguage\":\"es-AR\",\"@id\":\"https:\\\/\\\/www.muyjujuy.com\\\/#\\\/schema\\\/logo\\\/image\\\/\",\"url\":\"http:\\\/\\\/www.muyjujuy.com\\\/wp-content\\\/uploads\\\/2022\\\/05\\\/logo-mobil-jujuy.png\",\"contentUrl\":\"http:\\\/\\\/www.muyjujuy.com\\\/wp-content\\\/uploads\\\/2022\\\/05\\\/logo-mobil-jujuy.png\",\"width\":174,\"height\":81,\"caption\":\"Muy Jujuy\"},\"image\":{\"@id\":\"https:\\\/\\\/www.muyjujuy.com\\\/#\\\/schema\\\/logo\\\/image\\\/\"},\"sameAs\":[\"https:\\\/\\\/www.facebook.com\\\/muyjujuycom\",\"https:\\\/\\\/x.com\\\/muyjujuy\",\"https:\\\/\\\/www.instagram.com\\\/muyjujuycom\"]},{\"@type\":\"Person\",\"@id\":\"https:\\\/\\\/www.muyjujuy.com\\\/#\\\/schema\\\/person\\\/1d0f6e223ccea9e3f9034c1a5b683bf2\",\"name\":\"Redacci\u00f3n Muy Jujuy\",\"image\":{\"@type\":\"ImageObject\",\"inLanguage\":\"es-AR\",\"@id\":\"https:\\\/\\\/secure.gravatar.com\\\/avatar\\\/fec5f6f1893d741ed5eecccff109ce43e67a855411202a3212a058cb8e5c27d4?s=96&d=mm&r=g\",\"url\":\"https:\\\/\\\/secure.gravatar.com\\\/avatar\\\/fec5f6f1893d741ed5eecccff109ce43e67a855411202a3212a058cb8e5c27d4?s=96&d=mm&r=g\",\"contentUrl\":\"https:\\\/\\\/secure.gravatar.com\\\/avatar\\\/fec5f6f1893d741ed5eecccff109ce43e67a855411202a3212a058cb8e5c27d4?s=96&d=mm&r=g\",\"caption\":\"Redacci\u00f3n Muy Jujuy\"},\"url\":\"https:\\\/\\\/www.muyjujuy.com\\\/index.php\\\/author\\\/editor\\\/\"}]}<\/script>\n<!-- \/ Yoast SEO plugin. -->","yoast_head_json":{"title":"Provincias del Norte Grande analizar\u00e1n en Jujuy la gesti\u00f3n y protecci\u00f3n del patrimonio en la regi\u00f3n - Muy Jujuy","description":"Se llevar\u00e1 a cabo Primer Encuentro de Patrimonio del Norte Grande en la capital juje\u00f1a durante le jueves y viernes de esta semana.","robots":{"index":"index","follow":"follow","max-snippet":"max-snippet:-1","max-image-preview":"max-image-preview:large","max-video-preview":"max-video-preview:-1"},"canonical":"https:\/\/www.muyjujuy.com\/index.php\/2022\/10\/18\/provincias-del-norte-grande-analizaran-en-jujuy-la-gestion-y-proteccion-del-patrimonio-en-la-region\/","og_locale":"es_ES","og_type":"article","og_title":"Provincias del Norte Grande analizar\u00e1n en Jujuy la gesti\u00f3n y protecci\u00f3n del patrimonio en la regi\u00f3n - Muy Jujuy","og_description":"Se llevar\u00e1 a cabo Primer Encuentro de Patrimonio del Norte Grande en la capital juje\u00f1a durante le jueves y viernes de esta semana.","og_url":"https:\/\/www.muyjujuy.com\/index.php\/2022\/10\/18\/provincias-del-norte-grande-analizaran-en-jujuy-la-gestion-y-proteccion-del-patrimonio-en-la-region\/","og_site_name":"Muy Jujuy","article_publisher":"https:\/\/www.facebook.com\/muyjujuycom","article_published_time":"2022-10-18T18:29:36+00:00","article_modified_time":"2022-10-18T18:29:40+00:00","og_image":[{"width":2560,"height":1606,"url":"https:\/\/www.muyjujuy.com\/wp-content\/uploads\/2022\/10\/18-10-2022_seran_dos_jornadas_muy_interesantes-scaled.jpg","type":"image\/jpeg"}],"author":"Redacci\u00f3n Muy Jujuy","twitter_card":"summary_large_image","twitter_creator":"@muyjujuy","twitter_site":"@muyjujuy","twitter_misc":{"Escrito por":"Redacci\u00f3n Muy Jujuy","Tiempo de lectura":"2 minutos"},"schema":{"@context":"https:\/\/schema.org","@graph":[{"@type":"Article","@id":"https:\/\/www.muyjujuy.com\/index.php\/2022\/10\/18\/provincias-del-norte-grande-analizaran-en-jujuy-la-gestion-y-proteccion-del-patrimonio-en-la-region\/#article","isPartOf":{"@id":"https:\/\/www.muyjujuy.com\/index.php\/2022\/10\/18\/provincias-del-norte-grande-analizaran-en-jujuy-la-gestion-y-proteccion-del-patrimonio-en-la-region\/"},"author":{"name":"Redacci\u00f3n Muy Jujuy","@id":"https:\/\/www.muyjujuy.com\/#\/schema\/person\/1d0f6e223ccea9e3f9034c1a5b683bf2"},"headline":"Provincias del Norte Grande analizar\u00e1n en Jujuy la gesti\u00f3n y protecci\u00f3n del patrimonio en la regi\u00f3n","datePublished":"2022-10-18T18:29:36+00:00","dateModified":"2022-10-18T18:29:40+00:00","mainEntityOfPage":{"@id":"https:\/\/www.muyjujuy.com\/index.php\/2022\/10\/18\/provincias-del-norte-grande-analizaran-en-jujuy-la-gestion-y-proteccion-del-patrimonio-en-la-region\/"},"wordCount":361,"commentCount":0,"publisher":{"@id":"https:\/\/www.muyjujuy.com\/#organization"},"image":{"@id":"https:\/\/www.muyjujuy.com\/index.php\/2022\/10\/18\/provincias-del-norte-grande-analizaran-en-jujuy-la-gestion-y-proteccion-del-patrimonio-en-la-region\/#primaryimage"},"thumbnailUrl":"https:\/\/www.muyjujuy.com\/wp-content\/uploads\/2022\/10\/18-10-2022_seran_dos_jornadas_muy_interesantes-scaled.jpg","keywords":["Jujuy","San Salvador"],"articleSection":["Pol\u00edtica"],"inLanguage":"es-AR","potentialAction":[{"@type":"CommentAction","name":"Comment","target":["https:\/\/www.muyjujuy.com\/index.php\/2022\/10\/18\/provincias-del-norte-grande-analizaran-en-jujuy-la-gestion-y-proteccion-del-patrimonio-en-la-region\/#respond"]}]},{"@type":"WebPage","@id":"https:\/\/www.muyjujuy.com\/index.php\/2022\/10\/18\/provincias-del-norte-grande-analizaran-en-jujuy-la-gestion-y-proteccion-del-patrimonio-en-la-region\/","url":"https:\/\/www.muyjujuy.com\/index.php\/2022\/10\/18\/provincias-del-norte-grande-analizaran-en-jujuy-la-gestion-y-proteccion-del-patrimonio-en-la-region\/","name":"Provincias del Norte Grande analizar\u00e1n en Jujuy la gesti\u00f3n y protecci\u00f3n del patrimonio en la regi\u00f3n - Muy Jujuy","isPartOf":{"@id":"https:\/\/www.muyjujuy.com\/#website"},"primaryImageOfPage":{"@id":"https:\/\/www.muyjujuy.com\/index.php\/2022\/10\/18\/provincias-del-norte-grande-analizaran-en-jujuy-la-gestion-y-proteccion-del-patrimonio-en-la-region\/#primaryimage"},"image":{"@id":"https:\/\/www.muyjujuy.com\/index.php\/2022\/10\/18\/provincias-del-norte-grande-analizaran-en-jujuy-la-gestion-y-proteccion-del-patrimonio-en-la-region\/#primaryimage"},"thumbnailUrl":"https:\/\/www.muyjujuy.com\/wp-content\/uploads\/2022\/10\/18-10-2022_seran_dos_jornadas_muy_interesantes-scaled.jpg","datePublished":"2022-10-18T18:29:36+00:00","dateModified":"2022-10-18T18:29:40+00:00","description":"Se llevar\u00e1 a cabo Primer Encuentro de Patrimonio del Norte Grande en la capital juje\u00f1a durante le jueves y viernes de esta semana.","breadcrumb":{"@id":"https:\/\/www.muyjujuy.com\/index.php\/2022\/10\/18\/provincias-del-norte-grande-analizaran-en-jujuy-la-gestion-y-proteccion-del-patrimonio-en-la-region\/#breadcrumb"},"inLanguage":"es-AR","potentialAction":[{"@type":"ReadAction","target":["https:\/\/www.muyjujuy.com\/index.php\/2022\/10\/18\/provincias-del-norte-grande-analizaran-en-jujuy-la-gestion-y-proteccion-del-patrimonio-en-la-region\/"]}]},{"@type":"ImageObject","inLanguage":"es-AR","@id":"https:\/\/www.muyjujuy.com\/index.php\/2022\/10\/18\/provincias-del-norte-grande-analizaran-en-jujuy-la-gestion-y-proteccion-del-patrimonio-en-la-region\/#primaryimage","url":"https:\/\/www.muyjujuy.com\/wp-content\/uploads\/2022\/10\/18-10-2022_seran_dos_jornadas_muy_interesantes-scaled.jpg","contentUrl":"https:\/\/www.muyjujuy.com\/wp-content\/uploads\/2022\/10\/18-10-2022_seran_dos_jornadas_muy_interesantes-scaled.jpg","width":2560,"height":1606},{"@type":"BreadcrumbList","@id":"https:\/\/www.muyjujuy.com\/index.php\/2022\/10\/18\/provincias-del-norte-grande-analizaran-en-jujuy-la-gestion-y-proteccion-del-patrimonio-en-la-region\/#breadcrumb","itemListElement":[{"@type":"ListItem","position":1,"name":"Inicio","item":"https:\/\/www.muyjujuy.com\/"},{"@type":"ListItem","position":2,"name":"Provincias del Norte Grande analizar\u00e1n en Jujuy la gesti\u00f3n y protecci\u00f3n del patrimonio en la regi\u00f3n"}]},{"@type":"WebSite","@id":"https:\/\/www.muyjujuy.com\/#website","url":"https:\/\/www.muyjujuy.com\/","name":"Muy Jujuy","description":"","publisher":{"@id":"https:\/\/www.muyjujuy.com\/#organization"},"potentialAction":[{"@type":"SearchAction","target":{"@type":"EntryPoint","urlTemplate":"https:\/\/www.muyjujuy.com\/?s={search_term_string}"},"query-input":{"@type":"PropertyValueSpecification","valueRequired":true,"valueName":"search_term_string"}}],"inLanguage":"es-AR"},{"@type":"Organization","@id":"https:\/\/www.muyjujuy.com\/#organization","name":"Muy Jujuy","url":"https:\/\/www.muyjujuy.com\/","logo":{"@type":"ImageObject","inLanguage":"es-AR","@id":"https:\/\/www.muyjujuy.com\/#\/schema\/logo\/image\/","url":"http:\/\/www.muyjujuy.com\/wp-content\/uploads\/2022\/05\/logo-mobil-jujuy.png","contentUrl":"http:\/\/www.muyjujuy.com\/wp-content\/uploads\/2022\/05\/logo-mobil-jujuy.png","width":174,"height":81,"caption":"Muy Jujuy"},"image":{"@id":"https:\/\/www.muyjujuy.com\/#\/schema\/logo\/image\/"},"sameAs":["https:\/\/www.facebook.com\/muyjujuycom","https:\/\/x.com\/muyjujuy","https:\/\/www.instagram.com\/muyjujuycom"]},{"@type":"Person","@id":"https:\/\/www.muyjujuy.com\/#\/schema\/person\/1d0f6e223ccea9e3f9034c1a5b683bf2","name":"Redacci\u00f3n Muy Jujuy","image":{"@type":"ImageObject","inLanguage":"es-AR","@id":"https:\/\/secure.gravatar.com\/avatar\/fec5f6f1893d741ed5eecccff109ce43e67a855411202a3212a058cb8e5c27d4?s=96&d=mm&r=g","url":"https:\/\/secure.gravatar.com\/avatar\/fec5f6f1893d741ed5eecccff109ce43e67a855411202a3212a058cb8e5c27d4?s=96&d=mm&r=g","contentUrl":"https:\/\/secure.gravatar.com\/avatar\/fec5f6f1893d741ed5eecccff109ce43e67a855411202a3212a058cb8e5c27d4?s=96&d=mm&r=g","caption":"Redacci\u00f3n Muy Jujuy"},"url":"https:\/\/www.muyjujuy.com\/index.php\/author\/editor\/"}]}},"_links":{"self":[{"href":"https:\/\/www.muyjujuy.com\/index.php\/wp-json\/wp\/v2\/posts\/1795","targetHints":{"allow":["GET"]}}],"collection":[{"href":"https:\/\/www.muyjujuy.com\/index.php\/wp-json\/wp\/v2\/posts"}],"about":[{"href":"https:\/\/www.muyjujuy.com\/index.php\/wp-json\/wp\/v2\/types\/post"}],"author":[{"embeddable":true,"href":"https:\/\/www.muyjujuy.com\/index.php\/wp-json\/wp\/v2\/users\/3"}],"replies":[{"embeddable":true,"href":"https:\/\/www.muyjujuy.com\/index.php\/wp-json\/wp\/v2\/comments?post=1795"}],"version-history":[{"count":1,"href":"https:\/\/www.muyjujuy.com\/index.php\/wp-json\/wp\/v2\/posts\/1795\/revisions"}],"predecessor-version":[{"id":1798,"href":"https:\/\/www.muyjujuy.com\/index.php\/wp-json\/wp\/v2\/posts\/1795\/revisions\/1798"}],"wp:featuredmedia":[{"embeddable":true,"href":"https:\/\/www.muyjujuy.com\/index.php\/wp-json\/wp\/v2\/media\/1797"}],"wp:attachment":[{"href":"https:\/\/www.muyjujuy.com\/index.php\/wp-json\/wp\/v2\/media?parent=1795"}],"wp:term":[{"taxonomy":"category","embeddable":true,"href":"https:\/\/www.muyjujuy.com\/index.php\/wp-json\/wp\/v2\/categories?post=1795"},{"taxonomy":"post_tag","embeddable":true,"href":"https:\/\/www.muyjujuy.com\/index.php\/wp-json\/wp\/v2\/tags?post=1795"}],"curies":[{"name":"wp","href":"https:\/\/api.w.org\/{rel}","templated":true}]}}