{"id":1812,"date":"2022-10-19T12:59:24","date_gmt":"2022-10-19T15:59:24","guid":{"rendered":"https:\/\/www.muyjujuy.com\/?p=1812"},"modified":"2022-10-19T12:59:27","modified_gmt":"2022-10-19T15:59:27","slug":"morales-y-gobernadores-del-norte-le-pidieron-a-massa-mayor-subsidio-para-transporte-y-financiamiento-de-obras","status":"publish","type":"post","link":"https:\/\/www.muyjujuy.com\/index.php\/2022\/10\/19\/morales-y-gobernadores-del-norte-le-pidieron-a-massa-mayor-subsidio-para-transporte-y-financiamiento-de-obras\/","title":{"rendered":"Morales y gobernadores del Norte le pidieron a Massa mayor subsidio para transporte y financiamiento de obras"},"content":{"rendered":"\n<p><em>Gobernadores del Norte Grande se reunieron con Massa y funcionarios en Santiago Del Estero.<\/em><\/p>\n\n\n\n<p>El gobernador de Jujuy, <strong><a href=\"https:\/\/twitter.com\/GerardoMorales\/status\/1582512700118413313\">Gerardo Morales<\/a>,<\/strong> se reuni\u00f3 con los gobernadores del Norte Grande y con el ministro de Econom\u00eda, <strong>Sergio Massa,<\/strong> para reclamar un <strong>mayor subsidio de transporte.<\/strong> Tambi\u00e9n,<strong> exigieron financiamiento de obras y mayor partida presupuestaria.<\/strong><\/p>\n\n\n\n<p>El encuentro se llev\u00f3 a cabo en Santiago del Estero <strong>con el objetivo de abordar en conjunto una agenda de temas prioritarios y neur\u00e1lgicos para el futuro de la regi\u00f3n.<\/strong><br><br>En este contexto, los gobernadores <strong>plantearon actualizar y aumentar el subsidio al transporte de modo de garantizar una distribuci\u00f3n equilibrada a nivel federal<\/strong>. Tambi\u00e9n, <strong>pidieron asegurar una mayor participaci\u00f3n de la regi\u00f3n en las operatorias de cr\u00e9dito gestionadas ante organismos multilaterales <\/strong>para infraestructura productiva y estrat\u00e9gica y revisar las partidas contempladas para el Norte Grande en el Presupuesto 2023.<\/p>\n\n\n\n<figure class=\"wp-block-embed is-type-rich is-provider-twitter wp-block-embed-twitter\"><div class=\"wp-block-embed__wrapper\">\n<blockquote class=\"twitter-tweet\" data-width=\"550\" data-dnt=\"true\"><p lang=\"es\" dir=\"ltr\">Junto a los gobernadores del <a href=\"https:\/\/twitter.com\/nortegrande_ar?ref_src=twsrc%5Etfw\">@nortegrande_ar<\/a>, nos reunimos en Santiago del Estero con el ministro <a href=\"https:\/\/twitter.com\/SergioMassa?ref_src=twsrc%5Etfw\">@SergioMassa<\/a>.<br><br>Abordamos temas esenciales para corregir las asimetr\u00edas que existen con respecto a subsidios en el transporte, financiamiento de obras y partidas presupuestarias. <a href=\"https:\/\/t.co\/gInaSGdYXY\">pic.twitter.com\/gInaSGdYXY<\/a><\/p>&mdash; Gerardo Morales (@GerardoMorales) <a href=\"https:\/\/twitter.com\/GerardoMorales\/status\/1582512700118413313?ref_src=twsrc%5Etfw\">October 18, 2022<\/a><\/blockquote><script async src=\"https:\/\/platform.twitter.com\/widgets.js\" charset=\"utf-8\"><\/script>\n<\/div><\/figure>\n\n\n\n<p>&#8220;Propiciamos un incremento del subsidio al transporte p\u00fablico de pasajeros en el proyecto de presupuesto 2023&#8221;, apunt\u00f3 Morales<\/p>\n\n\n\n<p> <\/p>\n\n\n\n<h2 class=\"wp-block-heading\"><strong>Reuni\u00f3n de Massa con gobernadores del Norte<\/strong><\/h2>\n\n\n\n<p>Y destac\u00f3 que <strong>&#8220;mediante una reasignaci\u00f3n de las partidas presupuestarias previstas<\/strong>, se establecer\u00e1 un piso de 85.000 millones de pesos para el ejercicio fiscal 2023, con un sendero destinado a corregir las asimetr\u00edas entre jurisdicciones, mediante la universalizaci\u00f3n del uso de la tarjeta SUBE, contemplando la evoluci\u00f3n de la demanda&#8221;.<br><br>&#8220;Para corregir estas asimetr\u00edas, entendemos la necesidad de conformar un Consejo Federal de Administraci\u00f3n para la aplicaci\u00f3n de la tarjeta SUBE. Tambi\u00e9n, la implementaci\u00f3n de los subsidios por jurisdicci\u00f3n&#8221;, detall\u00f3.<\/p>\n\n\n\n<p>Estuvieron presentes los de Misiones, <strong>Oscar Herrera Ahuad<\/strong>; Chaco, <strong>Jorge Capitanich<\/strong>; Formosa, <strong>Gildo Insfr\u00e1n<\/strong>; La Rioja, <strong>Ricardo Quintela<\/strong>; Tucum\u00e1n, <strong>Osvaldo Jaldo<\/strong>; Salta, <strong>Gustavo S\u00e1enz<\/strong>; y de Catamarca, <strong>Ra\u00fal Jalil<\/strong>.<\/p>\n\n\n\n<p>Tambi\u00e9n particip\u00f3 el secretario de Industria, <strong>Jos\u00e9 Ignacio De Mendiguren<\/strong>; y funcionarios.<\/p>\n","protected":false},"excerpt":{"rendered":"<p>Gobernadores del Norte Grande se reunieron con Massa y funcionarios en Santiago Del Estero. El gobernador de Jujuy, Gerardo Morales, se reuni\u00f3 con los gobernadores del Norte Grande y con el ministro de Econom\u00eda, Sergio Massa, para reclamar un mayor subsidio de transporte. Tambi\u00e9n, exigieron financiamiento de obras y mayor partida presupuestaria. El encuentro se [&hellip;]<\/p>\n","protected":false},"author":3,"featured_media":1813,"comment_status":"open","ping_status":"open","sticky":false,"template":"","format":"standard","meta":{"footnotes":""},"categories":[24],"tags":[5,8,762],"class_list":{"0":"post-1812","1":"post","2":"type-post","3":"status-publish","4":"format-standard","5":"has-post-thumbnail","7":"category-politica","8":"tag-gerardo-morales","9":"tag-jujuy","10":"tag-sergio-massa"},"yoast_head":"<!-- This site is optimized with the Yoast SEO plugin v27.5 - https:\/\/yoast.com\/product\/yoast-seo-wordpress\/ -->\n<title>Morales y gobernadores del Norte le pidieron a Massa mayor subsidio para transporte y financiamiento de obras - Muy Jujuy<\/title>\n<meta name=\"description\" content=\"Gobernadores del Norte Grande se reunieron con Massa y funcionarios en Santiago Del Estero. Se abord\u00f3 una agenda de trabajo.\" \/>\n<meta name=\"robots\" content=\"index, follow, max-snippet:-1, max-image-preview:large, max-video-preview:-1\" \/>\n<link rel=\"canonical\" href=\"https:\/\/www.muyjujuy.com\/index.php\/2022\/10\/19\/morales-y-gobernadores-del-norte-le-pidieron-a-massa-mayor-subsidio-para-transporte-y-financiamiento-de-obras\/\" \/>\n<meta property=\"og:locale\" content=\"es_ES\" \/>\n<meta property=\"og:type\" content=\"article\" \/>\n<meta property=\"og:title\" content=\"Morales y gobernadores del Norte le pidieron a Massa mayor subsidio para transporte y financiamiento de obras - Muy Jujuy\" \/>\n<meta property=\"og:description\" content=\"Gobernadores del Norte Grande se reunieron con Massa y funcionarios en Santiago Del Estero. Se abord\u00f3 una agenda de trabajo.\" \/>\n<meta property=\"og:url\" content=\"https:\/\/www.muyjujuy.com\/index.php\/2022\/10\/19\/morales-y-gobernadores-del-norte-le-pidieron-a-massa-mayor-subsidio-para-transporte-y-financiamiento-de-obras\/\" \/>\n<meta property=\"og:site_name\" content=\"Muy Jujuy\" \/>\n<meta property=\"article:publisher\" content=\"https:\/\/www.facebook.com\/muyjujuycom\" \/>\n<meta property=\"article:published_time\" content=\"2022-10-19T15:59:24+00:00\" \/>\n<meta property=\"article:modified_time\" content=\"2022-10-19T15:59:27+00:00\" \/>\n<meta property=\"og:image\" content=\"https:\/\/www.muyjujuy.com\/wp-content\/uploads\/2022\/10\/FfY26a-XEAQmJLc.jpg\" \/>\n\t<meta property=\"og:image:width\" content=\"680\" \/>\n\t<meta property=\"og:image:height\" content=\"453\" \/>\n\t<meta property=\"og:image:type\" content=\"image\/jpeg\" \/>\n<meta name=\"author\" content=\"Redacci\u00f3n Muy Jujuy\" \/>\n<meta name=\"twitter:card\" content=\"summary_large_image\" \/>\n<meta name=\"twitter:creator\" content=\"@muyjujuy\" \/>\n<meta name=\"twitter:site\" content=\"@muyjujuy\" \/>\n<meta name=\"twitter:label1\" content=\"Escrito por\" \/>\n\t<meta name=\"twitter:data1\" content=\"Redacci\u00f3n Muy Jujuy\" \/>\n\t<meta name=\"twitter:label2\" content=\"Tiempo de lectura\" \/>\n\t<meta name=\"twitter:data2\" content=\"2 minutos\" \/>\n<script type=\"application\/ld+json\" class=\"yoast-schema-graph\">{\"@context\":\"https:\\\/\\\/schema.org\",\"@graph\":[{\"@type\":\"Article\",\"@id\":\"https:\\\/\\\/www.muyjujuy.com\\\/index.php\\\/2022\\\/10\\\/19\\\/morales-y-gobernadores-del-norte-le-pidieron-a-massa-mayor-subsidio-para-transporte-y-financiamiento-de-obras\\\/#article\",\"isPartOf\":{\"@id\":\"https:\\\/\\\/www.muyjujuy.com\\\/index.php\\\/2022\\\/10\\\/19\\\/morales-y-gobernadores-del-norte-le-pidieron-a-massa-mayor-subsidio-para-transporte-y-financiamiento-de-obras\\\/\"},\"author\":{\"name\":\"Redacci\u00f3n Muy Jujuy\",\"@id\":\"https:\\\/\\\/www.muyjujuy.com\\\/#\\\/schema\\\/person\\\/1d0f6e223ccea9e3f9034c1a5b683bf2\"},\"headline\":\"Morales y gobernadores del Norte le pidieron a Massa mayor subsidio para transporte y financiamiento de obras\",\"datePublished\":\"2022-10-19T15:59:24+00:00\",\"dateModified\":\"2022-10-19T15:59:27+00:00\",\"mainEntityOfPage\":{\"@id\":\"https:\\\/\\\/www.muyjujuy.com\\\/index.php\\\/2022\\\/10\\\/19\\\/morales-y-gobernadores-del-norte-le-pidieron-a-massa-mayor-subsidio-para-transporte-y-financiamiento-de-obras\\\/\"},\"wordCount\":332,\"commentCount\":0,\"publisher\":{\"@id\":\"https:\\\/\\\/www.muyjujuy.com\\\/#organization\"},\"image\":{\"@id\":\"https:\\\/\\\/www.muyjujuy.com\\\/index.php\\\/2022\\\/10\\\/19\\\/morales-y-gobernadores-del-norte-le-pidieron-a-massa-mayor-subsidio-para-transporte-y-financiamiento-de-obras\\\/#primaryimage\"},\"thumbnailUrl\":\"https:\\\/\\\/www.muyjujuy.com\\\/wp-content\\\/uploads\\\/2022\\\/10\\\/FfY26a-XEAQmJLc.jpg\",\"keywords\":[\"Gerardo Morales\",\"Jujuy\",\"Sergio Massa\"],\"articleSection\":[\"Pol\u00edtica\"],\"inLanguage\":\"es-AR\",\"potentialAction\":[{\"@type\":\"CommentAction\",\"name\":\"Comment\",\"target\":[\"https:\\\/\\\/www.muyjujuy.com\\\/index.php\\\/2022\\\/10\\\/19\\\/morales-y-gobernadores-del-norte-le-pidieron-a-massa-mayor-subsidio-para-transporte-y-financiamiento-de-obras\\\/#respond\"]}]},{\"@type\":\"WebPage\",\"@id\":\"https:\\\/\\\/www.muyjujuy.com\\\/index.php\\\/2022\\\/10\\\/19\\\/morales-y-gobernadores-del-norte-le-pidieron-a-massa-mayor-subsidio-para-transporte-y-financiamiento-de-obras\\\/\",\"url\":\"https:\\\/\\\/www.muyjujuy.com\\\/index.php\\\/2022\\\/10\\\/19\\\/morales-y-gobernadores-del-norte-le-pidieron-a-massa-mayor-subsidio-para-transporte-y-financiamiento-de-obras\\\/\",\"name\":\"Morales y gobernadores del Norte le pidieron a Massa mayor subsidio para transporte y financiamiento de obras - Muy Jujuy\",\"isPartOf\":{\"@id\":\"https:\\\/\\\/www.muyjujuy.com\\\/#website\"},\"primaryImageOfPage\":{\"@id\":\"https:\\\/\\\/www.muyjujuy.com\\\/index.php\\\/2022\\\/10\\\/19\\\/morales-y-gobernadores-del-norte-le-pidieron-a-massa-mayor-subsidio-para-transporte-y-financiamiento-de-obras\\\/#primaryimage\"},\"image\":{\"@id\":\"https:\\\/\\\/www.muyjujuy.com\\\/index.php\\\/2022\\\/10\\\/19\\\/morales-y-gobernadores-del-norte-le-pidieron-a-massa-mayor-subsidio-para-transporte-y-financiamiento-de-obras\\\/#primaryimage\"},\"thumbnailUrl\":\"https:\\\/\\\/www.muyjujuy.com\\\/wp-content\\\/uploads\\\/2022\\\/10\\\/FfY26a-XEAQmJLc.jpg\",\"datePublished\":\"2022-10-19T15:59:24+00:00\",\"dateModified\":\"2022-10-19T15:59:27+00:00\",\"description\":\"Gobernadores del Norte Grande se reunieron con Massa y funcionarios en Santiago Del Estero. Se abord\u00f3 una agenda de trabajo.\",\"breadcrumb\":{\"@id\":\"https:\\\/\\\/www.muyjujuy.com\\\/index.php\\\/2022\\\/10\\\/19\\\/morales-y-gobernadores-del-norte-le-pidieron-a-massa-mayor-subsidio-para-transporte-y-financiamiento-de-obras\\\/#breadcrumb\"},\"inLanguage\":\"es-AR\",\"potentialAction\":[{\"@type\":\"ReadAction\",\"target\":[\"https:\\\/\\\/www.muyjujuy.com\\\/index.php\\\/2022\\\/10\\\/19\\\/morales-y-gobernadores-del-norte-le-pidieron-a-massa-mayor-subsidio-para-transporte-y-financiamiento-de-obras\\\/\"]}]},{\"@type\":\"ImageObject\",\"inLanguage\":\"es-AR\",\"@id\":\"https:\\\/\\\/www.muyjujuy.com\\\/index.php\\\/2022\\\/10\\\/19\\\/morales-y-gobernadores-del-norte-le-pidieron-a-massa-mayor-subsidio-para-transporte-y-financiamiento-de-obras\\\/#primaryimage\",\"url\":\"https:\\\/\\\/www.muyjujuy.com\\\/wp-content\\\/uploads\\\/2022\\\/10\\\/FfY26a-XEAQmJLc.jpg\",\"contentUrl\":\"https:\\\/\\\/www.muyjujuy.com\\\/wp-content\\\/uploads\\\/2022\\\/10\\\/FfY26a-XEAQmJLc.jpg\",\"width\":680,\"height\":453},{\"@type\":\"BreadcrumbList\",\"@id\":\"https:\\\/\\\/www.muyjujuy.com\\\/index.php\\\/2022\\\/10\\\/19\\\/morales-y-gobernadores-del-norte-le-pidieron-a-massa-mayor-subsidio-para-transporte-y-financiamiento-de-obras\\\/#breadcrumb\",\"itemListElement\":[{\"@type\":\"ListItem\",\"position\":1,\"name\":\"Inicio\",\"item\":\"https:\\\/\\\/www.muyjujuy.com\\\/\"},{\"@type\":\"ListItem\",\"position\":2,\"name\":\"Morales y gobernadores del Norte le pidieron a Massa mayor subsidio para transporte y financiamiento de obras\"}]},{\"@type\":\"WebSite\",\"@id\":\"https:\\\/\\\/www.muyjujuy.com\\\/#website\",\"url\":\"https:\\\/\\\/www.muyjujuy.com\\\/\",\"name\":\"Muy Jujuy\",\"description\":\"\",\"publisher\":{\"@id\":\"https:\\\/\\\/www.muyjujuy.com\\\/#organization\"},\"potentialAction\":[{\"@type\":\"SearchAction\",\"target\":{\"@type\":\"EntryPoint\",\"urlTemplate\":\"https:\\\/\\\/www.muyjujuy.com\\\/?s={search_term_string}\"},\"query-input\":{\"@type\":\"PropertyValueSpecification\",\"valueRequired\":true,\"valueName\":\"search_term_string\"}}],\"inLanguage\":\"es-AR\"},{\"@type\":\"Organization\",\"@id\":\"https:\\\/\\\/www.muyjujuy.com\\\/#organization\",\"name\":\"Muy Jujuy\",\"url\":\"https:\\\/\\\/www.muyjujuy.com\\\/\",\"logo\":{\"@type\":\"ImageObject\",\"inLanguage\":\"es-AR\",\"@id\":\"https:\\\/\\\/www.muyjujuy.com\\\/#\\\/schema\\\/logo\\\/image\\\/\",\"url\":\"http:\\\/\\\/www.muyjujuy.com\\\/wp-content\\\/uploads\\\/2022\\\/05\\\/logo-mobil-jujuy.png\",\"contentUrl\":\"http:\\\/\\\/www.muyjujuy.com\\\/wp-content\\\/uploads\\\/2022\\\/05\\\/logo-mobil-jujuy.png\",\"width\":174,\"height\":81,\"caption\":\"Muy Jujuy\"},\"image\":{\"@id\":\"https:\\\/\\\/www.muyjujuy.com\\\/#\\\/schema\\\/logo\\\/image\\\/\"},\"sameAs\":[\"https:\\\/\\\/www.facebook.com\\\/muyjujuycom\",\"https:\\\/\\\/x.com\\\/muyjujuy\",\"https:\\\/\\\/www.instagram.com\\\/muyjujuycom\"]},{\"@type\":\"Person\",\"@id\":\"https:\\\/\\\/www.muyjujuy.com\\\/#\\\/schema\\\/person\\\/1d0f6e223ccea9e3f9034c1a5b683bf2\",\"name\":\"Redacci\u00f3n Muy Jujuy\",\"image\":{\"@type\":\"ImageObject\",\"inLanguage\":\"es-AR\",\"@id\":\"https:\\\/\\\/secure.gravatar.com\\\/avatar\\\/fec5f6f1893d741ed5eecccff109ce43e67a855411202a3212a058cb8e5c27d4?s=96&d=mm&r=g\",\"url\":\"https:\\\/\\\/secure.gravatar.com\\\/avatar\\\/fec5f6f1893d741ed5eecccff109ce43e67a855411202a3212a058cb8e5c27d4?s=96&d=mm&r=g\",\"contentUrl\":\"https:\\\/\\\/secure.gravatar.com\\\/avatar\\\/fec5f6f1893d741ed5eecccff109ce43e67a855411202a3212a058cb8e5c27d4?s=96&d=mm&r=g\",\"caption\":\"Redacci\u00f3n Muy Jujuy\"},\"url\":\"https:\\\/\\\/www.muyjujuy.com\\\/index.php\\\/author\\\/editor\\\/\"}]}<\/script>\n<!-- \/ Yoast SEO plugin. -->","yoast_head_json":{"title":"Morales y gobernadores del Norte le pidieron a Massa mayor subsidio para transporte y financiamiento de obras - Muy Jujuy","description":"Gobernadores del Norte Grande se reunieron con Massa y funcionarios en Santiago Del Estero. Se abord\u00f3 una agenda de trabajo.","robots":{"index":"index","follow":"follow","max-snippet":"max-snippet:-1","max-image-preview":"max-image-preview:large","max-video-preview":"max-video-preview:-1"},"canonical":"https:\/\/www.muyjujuy.com\/index.php\/2022\/10\/19\/morales-y-gobernadores-del-norte-le-pidieron-a-massa-mayor-subsidio-para-transporte-y-financiamiento-de-obras\/","og_locale":"es_ES","og_type":"article","og_title":"Morales y gobernadores del Norte le pidieron a Massa mayor subsidio para transporte y financiamiento de obras - Muy Jujuy","og_description":"Gobernadores del Norte Grande se reunieron con Massa y funcionarios en Santiago Del Estero. Se abord\u00f3 una agenda de trabajo.","og_url":"https:\/\/www.muyjujuy.com\/index.php\/2022\/10\/19\/morales-y-gobernadores-del-norte-le-pidieron-a-massa-mayor-subsidio-para-transporte-y-financiamiento-de-obras\/","og_site_name":"Muy Jujuy","article_publisher":"https:\/\/www.facebook.com\/muyjujuycom","article_published_time":"2022-10-19T15:59:24+00:00","article_modified_time":"2022-10-19T15:59:27+00:00","og_image":[{"width":680,"height":453,"url":"https:\/\/www.muyjujuy.com\/wp-content\/uploads\/2022\/10\/FfY26a-XEAQmJLc.jpg","type":"image\/jpeg"}],"author":"Redacci\u00f3n Muy Jujuy","twitter_card":"summary_large_image","twitter_creator":"@muyjujuy","twitter_site":"@muyjujuy","twitter_misc":{"Escrito por":"Redacci\u00f3n Muy Jujuy","Tiempo de lectura":"2 minutos"},"schema":{"@context":"https:\/\/schema.org","@graph":[{"@type":"Article","@id":"https:\/\/www.muyjujuy.com\/index.php\/2022\/10\/19\/morales-y-gobernadores-del-norte-le-pidieron-a-massa-mayor-subsidio-para-transporte-y-financiamiento-de-obras\/#article","isPartOf":{"@id":"https:\/\/www.muyjujuy.com\/index.php\/2022\/10\/19\/morales-y-gobernadores-del-norte-le-pidieron-a-massa-mayor-subsidio-para-transporte-y-financiamiento-de-obras\/"},"author":{"name":"Redacci\u00f3n Muy Jujuy","@id":"https:\/\/www.muyjujuy.com\/#\/schema\/person\/1d0f6e223ccea9e3f9034c1a5b683bf2"},"headline":"Morales y gobernadores del Norte le pidieron a Massa mayor subsidio para transporte y financiamiento de obras","datePublished":"2022-10-19T15:59:24+00:00","dateModified":"2022-10-19T15:59:27+00:00","mainEntityOfPage":{"@id":"https:\/\/www.muyjujuy.com\/index.php\/2022\/10\/19\/morales-y-gobernadores-del-norte-le-pidieron-a-massa-mayor-subsidio-para-transporte-y-financiamiento-de-obras\/"},"wordCount":332,"commentCount":0,"publisher":{"@id":"https:\/\/www.muyjujuy.com\/#organization"},"image":{"@id":"https:\/\/www.muyjujuy.com\/index.php\/2022\/10\/19\/morales-y-gobernadores-del-norte-le-pidieron-a-massa-mayor-subsidio-para-transporte-y-financiamiento-de-obras\/#primaryimage"},"thumbnailUrl":"https:\/\/www.muyjujuy.com\/wp-content\/uploads\/2022\/10\/FfY26a-XEAQmJLc.jpg","keywords":["Gerardo Morales","Jujuy","Sergio Massa"],"articleSection":["Pol\u00edtica"],"inLanguage":"es-AR","potentialAction":[{"@type":"CommentAction","name":"Comment","target":["https:\/\/www.muyjujuy.com\/index.php\/2022\/10\/19\/morales-y-gobernadores-del-norte-le-pidieron-a-massa-mayor-subsidio-para-transporte-y-financiamiento-de-obras\/#respond"]}]},{"@type":"WebPage","@id":"https:\/\/www.muyjujuy.com\/index.php\/2022\/10\/19\/morales-y-gobernadores-del-norte-le-pidieron-a-massa-mayor-subsidio-para-transporte-y-financiamiento-de-obras\/","url":"https:\/\/www.muyjujuy.com\/index.php\/2022\/10\/19\/morales-y-gobernadores-del-norte-le-pidieron-a-massa-mayor-subsidio-para-transporte-y-financiamiento-de-obras\/","name":"Morales y gobernadores del Norte le pidieron a Massa mayor subsidio para transporte y financiamiento de obras - Muy Jujuy","isPartOf":{"@id":"https:\/\/www.muyjujuy.com\/#website"},"primaryImageOfPage":{"@id":"https:\/\/www.muyjujuy.com\/index.php\/2022\/10\/19\/morales-y-gobernadores-del-norte-le-pidieron-a-massa-mayor-subsidio-para-transporte-y-financiamiento-de-obras\/#primaryimage"},"image":{"@id":"https:\/\/www.muyjujuy.com\/index.php\/2022\/10\/19\/morales-y-gobernadores-del-norte-le-pidieron-a-massa-mayor-subsidio-para-transporte-y-financiamiento-de-obras\/#primaryimage"},"thumbnailUrl":"https:\/\/www.muyjujuy.com\/wp-content\/uploads\/2022\/10\/FfY26a-XEAQmJLc.jpg","datePublished":"2022-10-19T15:59:24+00:00","dateModified":"2022-10-19T15:59:27+00:00","description":"Gobernadores del Norte Grande se reunieron con Massa y funcionarios en Santiago Del Estero. Se abord\u00f3 una agenda de trabajo.","breadcrumb":{"@id":"https:\/\/www.muyjujuy.com\/index.php\/2022\/10\/19\/morales-y-gobernadores-del-norte-le-pidieron-a-massa-mayor-subsidio-para-transporte-y-financiamiento-de-obras\/#breadcrumb"},"inLanguage":"es-AR","potentialAction":[{"@type":"ReadAction","target":["https:\/\/www.muyjujuy.com\/index.php\/2022\/10\/19\/morales-y-gobernadores-del-norte-le-pidieron-a-massa-mayor-subsidio-para-transporte-y-financiamiento-de-obras\/"]}]},{"@type":"ImageObject","inLanguage":"es-AR","@id":"https:\/\/www.muyjujuy.com\/index.php\/2022\/10\/19\/morales-y-gobernadores-del-norte-le-pidieron-a-massa-mayor-subsidio-para-transporte-y-financiamiento-de-obras\/#primaryimage","url":"https:\/\/www.muyjujuy.com\/wp-content\/uploads\/2022\/10\/FfY26a-XEAQmJLc.jpg","contentUrl":"https:\/\/www.muyjujuy.com\/wp-content\/uploads\/2022\/10\/FfY26a-XEAQmJLc.jpg","width":680,"height":453},{"@type":"BreadcrumbList","@id":"https:\/\/www.muyjujuy.com\/index.php\/2022\/10\/19\/morales-y-gobernadores-del-norte-le-pidieron-a-massa-mayor-subsidio-para-transporte-y-financiamiento-de-obras\/#breadcrumb","itemListElement":[{"@type":"ListItem","position":1,"name":"Inicio","item":"https:\/\/www.muyjujuy.com\/"},{"@type":"ListItem","position":2,"name":"Morales y gobernadores del Norte le pidieron a Massa mayor subsidio para transporte y financiamiento de obras"}]},{"@type":"WebSite","@id":"https:\/\/www.muyjujuy.com\/#website","url":"https:\/\/www.muyjujuy.com\/","name":"Muy Jujuy","description":"","publisher":{"@id":"https:\/\/www.muyjujuy.com\/#organization"},"potentialAction":[{"@type":"SearchAction","target":{"@type":"EntryPoint","urlTemplate":"https:\/\/www.muyjujuy.com\/?s={search_term_string}"},"query-input":{"@type":"PropertyValueSpecification","valueRequired":true,"valueName":"search_term_string"}}],"inLanguage":"es-AR"},{"@type":"Organization","@id":"https:\/\/www.muyjujuy.com\/#organization","name":"Muy Jujuy","url":"https:\/\/www.muyjujuy.com\/","logo":{"@type":"ImageObject","inLanguage":"es-AR","@id":"https:\/\/www.muyjujuy.com\/#\/schema\/logo\/image\/","url":"http:\/\/www.muyjujuy.com\/wp-content\/uploads\/2022\/05\/logo-mobil-jujuy.png","contentUrl":"http:\/\/www.muyjujuy.com\/wp-content\/uploads\/2022\/05\/logo-mobil-jujuy.png","width":174,"height":81,"caption":"Muy Jujuy"},"image":{"@id":"https:\/\/www.muyjujuy.com\/#\/schema\/logo\/image\/"},"sameAs":["https:\/\/www.facebook.com\/muyjujuycom","https:\/\/x.com\/muyjujuy","https:\/\/www.instagram.com\/muyjujuycom"]},{"@type":"Person","@id":"https:\/\/www.muyjujuy.com\/#\/schema\/person\/1d0f6e223ccea9e3f9034c1a5b683bf2","name":"Redacci\u00f3n Muy Jujuy","image":{"@type":"ImageObject","inLanguage":"es-AR","@id":"https:\/\/secure.gravatar.com\/avatar\/fec5f6f1893d741ed5eecccff109ce43e67a855411202a3212a058cb8e5c27d4?s=96&d=mm&r=g","url":"https:\/\/secure.gravatar.com\/avatar\/fec5f6f1893d741ed5eecccff109ce43e67a855411202a3212a058cb8e5c27d4?s=96&d=mm&r=g","contentUrl":"https:\/\/secure.gravatar.com\/avatar\/fec5f6f1893d741ed5eecccff109ce43e67a855411202a3212a058cb8e5c27d4?s=96&d=mm&r=g","caption":"Redacci\u00f3n Muy Jujuy"},"url":"https:\/\/www.muyjujuy.com\/index.php\/author\/editor\/"}]}},"_links":{"self":[{"href":"https:\/\/www.muyjujuy.com\/index.php\/wp-json\/wp\/v2\/posts\/1812","targetHints":{"allow":["GET"]}}],"collection":[{"href":"https:\/\/www.muyjujuy.com\/index.php\/wp-json\/wp\/v2\/posts"}],"about":[{"href":"https:\/\/www.muyjujuy.com\/index.php\/wp-json\/wp\/v2\/types\/post"}],"author":[{"embeddable":true,"href":"https:\/\/www.muyjujuy.com\/index.php\/wp-json\/wp\/v2\/users\/3"}],"replies":[{"embeddable":true,"href":"https:\/\/www.muyjujuy.com\/index.php\/wp-json\/wp\/v2\/comments?post=1812"}],"version-history":[{"count":1,"href":"https:\/\/www.muyjujuy.com\/index.php\/wp-json\/wp\/v2\/posts\/1812\/revisions"}],"predecessor-version":[{"id":1814,"href":"https:\/\/www.muyjujuy.com\/index.php\/wp-json\/wp\/v2\/posts\/1812\/revisions\/1814"}],"wp:featuredmedia":[{"embeddable":true,"href":"https:\/\/www.muyjujuy.com\/index.php\/wp-json\/wp\/v2\/media\/1813"}],"wp:attachment":[{"href":"https:\/\/www.muyjujuy.com\/index.php\/wp-json\/wp\/v2\/media?parent=1812"}],"wp:term":[{"taxonomy":"category","embeddable":true,"href":"https:\/\/www.muyjujuy.com\/index.php\/wp-json\/wp\/v2\/categories?post=1812"},{"taxonomy":"post_tag","embeddable":true,"href":"https:\/\/www.muyjujuy.com\/index.php\/wp-json\/wp\/v2\/tags?post=1812"}],"curies":[{"name":"wp","href":"https:\/\/api.w.org\/{rel}","templated":true}]}}