{"id":1815,"date":"2022-10-19T13:18:29","date_gmt":"2022-10-19T16:18:29","guid":{"rendered":"https:\/\/www.muyjujuy.com\/?p=1815"},"modified":"2022-10-19T13:18:31","modified_gmt":"2022-10-19T16:18:31","slug":"el-tantanakuy-infantil-y-juvenil-se-celebrara-este-jueves-en-humahuaca","status":"publish","type":"post","link":"https:\/\/www.muyjujuy.com\/index.php\/2022\/10\/19\/el-tantanakuy-infantil-y-juvenil-se-celebrara-este-jueves-en-humahuaca\/","title":{"rendered":"El &#8220;Tantanakuy infantil y juvenil&#8221; se celebrar\u00e1 este jueves en Humahuaca"},"content":{"rendered":"\n<p><em>Se llevar\u00e1 a cabo el encuentro Tantanakuy en Humahuaca en el  Centro Cultural Casa del Tantanakuy este jueves a partir de las 10.<\/em><\/p>\n\n\n\n<p><\/p>\n\n\n\n<p>La edici\u00f3n n\u00famero 40 del <strong>Tantanakuy infantil y juvenil<\/strong> ser\u00e1 festejada el jueves 20 de octubre a partir de las 10 de la ma\u00f1ana en el<strong> Centro Cultural Casa del Tantanakuy. <\/strong>El encuentro ser\u00e1 en Santa B\u00e1rbara en Humahuaca.<\/p>\n\n\n\n<p>Anualmente, el alumnado junto a sus maestros, <strong>dan lugar al encuentro con la danza, la copla y la m\u00fasica.<\/strong> La juntada infantil tiene como objetivo rescatar la memoria viva del legado ancestral y conservarlo a trav\u00e9s de manifestaciones art\u00edsticas y aut\u00f3ctonas desde temprana edad. <strong>Se alenta el encuentro de los ni\u00f1os, ni\u00f1as y adolescentes, su protagonismo y la valoraci\u00f3n de sus ra\u00edces.<\/strong><\/p>\n\n\n\n<h2 class=\"wp-block-heading\"><strong>\u00bfQu\u00e9 es Tantanakuy?<\/strong><\/h2>\n\n\n\n<p>\u201cTantanakuy\u201d -palabra de origen quechua que significa el \u201cencuentro\u201d comunitario- <strong>es una reuni\u00f3n de fiesta, alegr\u00eda y m\u00fasica<\/strong>. No tiene fines comerciales ni competitivos. <strong>El \u00fanico objetivo de potenciar las manifestaciones culturales que fortalecen la identidad cultural, regional y el intercambio de saberes.<\/strong><\/p>\n\n\n\n<p>El 40\u00b0 aniversario del \u201cTantanakuy infantil y juvenil\u201d cuenta con el apoyo de la Municipalidad de Humahuaca y fue declarado de Inter\u00e9s Cultural por el Ministerio de Cultura.<\/p>\n\n\n\n<p>Cada a\u00f1o los grupos infantiles participan en forma activa y abierta con coplas, poes\u00eda, danzas, interpretaci\u00f3n de instrumentos. <strong>Tambi\u00e9n habr\u00e1 exposici\u00f3n de artesan\u00edas y cualquier otra manifestaci\u00f3n art\u00edstica de car\u00e1cter aut\u00f3ctono.<\/strong><\/p>\n\n\n\n<p>Habr\u00e1 talleres de danzas folcl\u00f3ricas, construcci\u00f3n de instrumentos, cer\u00e1mica, mural colectivo, taller de literatura creativa, cine en 3D, ensamble coral de ni\u00f1os, ni\u00f1as y adolescentes.<\/p>\n","protected":false},"excerpt":{"rendered":"<p>Se llevar\u00e1 a cabo el encuentro Tantanakuy en Humahuaca en el Centro Cultural Casa del Tantanakuy este jueves a partir de las 10. La edici\u00f3n n\u00famero 40 del Tantanakuy infantil y juvenil ser\u00e1 festejada el jueves 20 de octubre a partir de las 10 de la ma\u00f1ana en el Centro Cultural Casa del Tantanakuy. El [&hellip;]<\/p>\n","protected":false},"author":3,"featured_media":1816,"comment_status":"open","ping_status":"open","sticky":false,"template":"","format":"standard","meta":{"footnotes":""},"categories":[25],"tags":[30,8],"class_list":{"0":"post-1815","1":"post","2":"type-post","3":"status-publish","4":"format-standard","5":"has-post-thumbnail","7":"category-sociedad","8":"tag-humahuaca","9":"tag-jujuy"},"yoast_head":"<!-- This site is optimized with the Yoast SEO plugin v27.5 - https:\/\/yoast.com\/product\/yoast-seo-wordpress\/ -->\n<title>El &quot;Tantanakuy infantil y juvenil&quot; se celebrar\u00e1 este jueves en Humahuaca - Muy Jujuy<\/title>\n<meta name=\"description\" content=\"Se llevar\u00e1 a cabo el encuentro Tantanakuy en Humahuaca en el Centro Cultural Casa del Tantanakuy este jueves a partir de las 10.\" \/>\n<meta name=\"robots\" content=\"index, follow, max-snippet:-1, max-image-preview:large, max-video-preview:-1\" \/>\n<link rel=\"canonical\" href=\"https:\/\/www.muyjujuy.com\/index.php\/2022\/10\/19\/el-tantanakuy-infantil-y-juvenil-se-celebrara-este-jueves-en-humahuaca\/\" \/>\n<meta property=\"og:locale\" content=\"es_ES\" \/>\n<meta property=\"og:type\" content=\"article\" \/>\n<meta property=\"og:title\" content=\"El &quot;Tantanakuy infantil y juvenil&quot; se celebrar\u00e1 este jueves en Humahuaca - Muy Jujuy\" \/>\n<meta property=\"og:description\" content=\"Se llevar\u00e1 a cabo el encuentro Tantanakuy en Humahuaca en el Centro Cultural Casa del Tantanakuy este jueves a partir de las 10.\" \/>\n<meta property=\"og:url\" content=\"https:\/\/www.muyjujuy.com\/index.php\/2022\/10\/19\/el-tantanakuy-infantil-y-juvenil-se-celebrara-este-jueves-en-humahuaca\/\" \/>\n<meta property=\"og:site_name\" content=\"Muy Jujuy\" \/>\n<meta property=\"article:publisher\" content=\"https:\/\/www.facebook.com\/muyjujuycom\" \/>\n<meta property=\"article:published_time\" content=\"2022-10-19T16:18:29+00:00\" \/>\n<meta property=\"article:modified_time\" content=\"2022-10-19T16:18:31+00:00\" \/>\n<meta property=\"og:image\" content=\"https:\/\/www.muyjujuy.com\/wp-content\/uploads\/2022\/10\/WhatsApp-Image-2022-10-19-at-12.59.51-1.jpeg\" \/>\n\t<meta property=\"og:image:width\" content=\"1024\" \/>\n\t<meta property=\"og:image:height\" content=\"585\" \/>\n\t<meta property=\"og:image:type\" content=\"image\/jpeg\" \/>\n<meta name=\"author\" content=\"Redacci\u00f3n Muy Jujuy\" \/>\n<meta name=\"twitter:card\" content=\"summary_large_image\" \/>\n<meta name=\"twitter:creator\" content=\"@muyjujuy\" \/>\n<meta name=\"twitter:site\" content=\"@muyjujuy\" \/>\n<meta name=\"twitter:label1\" content=\"Escrito por\" \/>\n\t<meta name=\"twitter:data1\" content=\"Redacci\u00f3n Muy Jujuy\" \/>\n\t<meta name=\"twitter:label2\" content=\"Tiempo de lectura\" \/>\n\t<meta name=\"twitter:data2\" content=\"2 minutos\" \/>\n<script type=\"application\/ld+json\" class=\"yoast-schema-graph\">{\"@context\":\"https:\\\/\\\/schema.org\",\"@graph\":[{\"@type\":\"Article\",\"@id\":\"https:\\\/\\\/www.muyjujuy.com\\\/index.php\\\/2022\\\/10\\\/19\\\/el-tantanakuy-infantil-y-juvenil-se-celebrara-este-jueves-en-humahuaca\\\/#article\",\"isPartOf\":{\"@id\":\"https:\\\/\\\/www.muyjujuy.com\\\/index.php\\\/2022\\\/10\\\/19\\\/el-tantanakuy-infantil-y-juvenil-se-celebrara-este-jueves-en-humahuaca\\\/\"},\"author\":{\"name\":\"Redacci\u00f3n Muy Jujuy\",\"@id\":\"https:\\\/\\\/www.muyjujuy.com\\\/#\\\/schema\\\/person\\\/1d0f6e223ccea9e3f9034c1a5b683bf2\"},\"headline\":\"El &#8220;Tantanakuy infantil y juvenil&#8221; se celebrar\u00e1 este jueves en Humahuaca\",\"datePublished\":\"2022-10-19T16:18:29+00:00\",\"dateModified\":\"2022-10-19T16:18:31+00:00\",\"mainEntityOfPage\":{\"@id\":\"https:\\\/\\\/www.muyjujuy.com\\\/index.php\\\/2022\\\/10\\\/19\\\/el-tantanakuy-infantil-y-juvenil-se-celebrara-este-jueves-en-humahuaca\\\/\"},\"wordCount\":291,\"commentCount\":0,\"publisher\":{\"@id\":\"https:\\\/\\\/www.muyjujuy.com\\\/#organization\"},\"image\":{\"@id\":\"https:\\\/\\\/www.muyjujuy.com\\\/index.php\\\/2022\\\/10\\\/19\\\/el-tantanakuy-infantil-y-juvenil-se-celebrara-este-jueves-en-humahuaca\\\/#primaryimage\"},\"thumbnailUrl\":\"https:\\\/\\\/www.muyjujuy.com\\\/wp-content\\\/uploads\\\/2022\\\/10\\\/WhatsApp-Image-2022-10-19-at-12.59.51-1.jpeg\",\"keywords\":[\"Humahuaca\",\"Jujuy\"],\"articleSection\":[\"Sociedad\"],\"inLanguage\":\"es-AR\",\"potentialAction\":[{\"@type\":\"CommentAction\",\"name\":\"Comment\",\"target\":[\"https:\\\/\\\/www.muyjujuy.com\\\/index.php\\\/2022\\\/10\\\/19\\\/el-tantanakuy-infantil-y-juvenil-se-celebrara-este-jueves-en-humahuaca\\\/#respond\"]}]},{\"@type\":\"WebPage\",\"@id\":\"https:\\\/\\\/www.muyjujuy.com\\\/index.php\\\/2022\\\/10\\\/19\\\/el-tantanakuy-infantil-y-juvenil-se-celebrara-este-jueves-en-humahuaca\\\/\",\"url\":\"https:\\\/\\\/www.muyjujuy.com\\\/index.php\\\/2022\\\/10\\\/19\\\/el-tantanakuy-infantil-y-juvenil-se-celebrara-este-jueves-en-humahuaca\\\/\",\"name\":\"El \\\"Tantanakuy infantil y juvenil\\\" se celebrar\u00e1 este jueves en Humahuaca - Muy Jujuy\",\"isPartOf\":{\"@id\":\"https:\\\/\\\/www.muyjujuy.com\\\/#website\"},\"primaryImageOfPage\":{\"@id\":\"https:\\\/\\\/www.muyjujuy.com\\\/index.php\\\/2022\\\/10\\\/19\\\/el-tantanakuy-infantil-y-juvenil-se-celebrara-este-jueves-en-humahuaca\\\/#primaryimage\"},\"image\":{\"@id\":\"https:\\\/\\\/www.muyjujuy.com\\\/index.php\\\/2022\\\/10\\\/19\\\/el-tantanakuy-infantil-y-juvenil-se-celebrara-este-jueves-en-humahuaca\\\/#primaryimage\"},\"thumbnailUrl\":\"https:\\\/\\\/www.muyjujuy.com\\\/wp-content\\\/uploads\\\/2022\\\/10\\\/WhatsApp-Image-2022-10-19-at-12.59.51-1.jpeg\",\"datePublished\":\"2022-10-19T16:18:29+00:00\",\"dateModified\":\"2022-10-19T16:18:31+00:00\",\"description\":\"Se llevar\u00e1 a cabo el encuentro Tantanakuy en Humahuaca en el Centro Cultural Casa del Tantanakuy este jueves a partir de las 10.\",\"breadcrumb\":{\"@id\":\"https:\\\/\\\/www.muyjujuy.com\\\/index.php\\\/2022\\\/10\\\/19\\\/el-tantanakuy-infantil-y-juvenil-se-celebrara-este-jueves-en-humahuaca\\\/#breadcrumb\"},\"inLanguage\":\"es-AR\",\"potentialAction\":[{\"@type\":\"ReadAction\",\"target\":[\"https:\\\/\\\/www.muyjujuy.com\\\/index.php\\\/2022\\\/10\\\/19\\\/el-tantanakuy-infantil-y-juvenil-se-celebrara-este-jueves-en-humahuaca\\\/\"]}]},{\"@type\":\"ImageObject\",\"inLanguage\":\"es-AR\",\"@id\":\"https:\\\/\\\/www.muyjujuy.com\\\/index.php\\\/2022\\\/10\\\/19\\\/el-tantanakuy-infantil-y-juvenil-se-celebrara-este-jueves-en-humahuaca\\\/#primaryimage\",\"url\":\"https:\\\/\\\/www.muyjujuy.com\\\/wp-content\\\/uploads\\\/2022\\\/10\\\/WhatsApp-Image-2022-10-19-at-12.59.51-1.jpeg\",\"contentUrl\":\"https:\\\/\\\/www.muyjujuy.com\\\/wp-content\\\/uploads\\\/2022\\\/10\\\/WhatsApp-Image-2022-10-19-at-12.59.51-1.jpeg\",\"width\":1024,\"height\":585},{\"@type\":\"BreadcrumbList\",\"@id\":\"https:\\\/\\\/www.muyjujuy.com\\\/index.php\\\/2022\\\/10\\\/19\\\/el-tantanakuy-infantil-y-juvenil-se-celebrara-este-jueves-en-humahuaca\\\/#breadcrumb\",\"itemListElement\":[{\"@type\":\"ListItem\",\"position\":1,\"name\":\"Inicio\",\"item\":\"https:\\\/\\\/www.muyjujuy.com\\\/\"},{\"@type\":\"ListItem\",\"position\":2,\"name\":\"El &#8220;Tantanakuy infantil y juvenil&#8221; se celebrar\u00e1 este jueves en Humahuaca\"}]},{\"@type\":\"WebSite\",\"@id\":\"https:\\\/\\\/www.muyjujuy.com\\\/#website\",\"url\":\"https:\\\/\\\/www.muyjujuy.com\\\/\",\"name\":\"Muy Jujuy\",\"description\":\"\",\"publisher\":{\"@id\":\"https:\\\/\\\/www.muyjujuy.com\\\/#organization\"},\"potentialAction\":[{\"@type\":\"SearchAction\",\"target\":{\"@type\":\"EntryPoint\",\"urlTemplate\":\"https:\\\/\\\/www.muyjujuy.com\\\/?s={search_term_string}\"},\"query-input\":{\"@type\":\"PropertyValueSpecification\",\"valueRequired\":true,\"valueName\":\"search_term_string\"}}],\"inLanguage\":\"es-AR\"},{\"@type\":\"Organization\",\"@id\":\"https:\\\/\\\/www.muyjujuy.com\\\/#organization\",\"name\":\"Muy Jujuy\",\"url\":\"https:\\\/\\\/www.muyjujuy.com\\\/\",\"logo\":{\"@type\":\"ImageObject\",\"inLanguage\":\"es-AR\",\"@id\":\"https:\\\/\\\/www.muyjujuy.com\\\/#\\\/schema\\\/logo\\\/image\\\/\",\"url\":\"http:\\\/\\\/www.muyjujuy.com\\\/wp-content\\\/uploads\\\/2022\\\/05\\\/logo-mobil-jujuy.png\",\"contentUrl\":\"http:\\\/\\\/www.muyjujuy.com\\\/wp-content\\\/uploads\\\/2022\\\/05\\\/logo-mobil-jujuy.png\",\"width\":174,\"height\":81,\"caption\":\"Muy Jujuy\"},\"image\":{\"@id\":\"https:\\\/\\\/www.muyjujuy.com\\\/#\\\/schema\\\/logo\\\/image\\\/\"},\"sameAs\":[\"https:\\\/\\\/www.facebook.com\\\/muyjujuycom\",\"https:\\\/\\\/x.com\\\/muyjujuy\",\"https:\\\/\\\/www.instagram.com\\\/muyjujuycom\"]},{\"@type\":\"Person\",\"@id\":\"https:\\\/\\\/www.muyjujuy.com\\\/#\\\/schema\\\/person\\\/1d0f6e223ccea9e3f9034c1a5b683bf2\",\"name\":\"Redacci\u00f3n Muy Jujuy\",\"image\":{\"@type\":\"ImageObject\",\"inLanguage\":\"es-AR\",\"@id\":\"https:\\\/\\\/secure.gravatar.com\\\/avatar\\\/fec5f6f1893d741ed5eecccff109ce43e67a855411202a3212a058cb8e5c27d4?s=96&d=mm&r=g\",\"url\":\"https:\\\/\\\/secure.gravatar.com\\\/avatar\\\/fec5f6f1893d741ed5eecccff109ce43e67a855411202a3212a058cb8e5c27d4?s=96&d=mm&r=g\",\"contentUrl\":\"https:\\\/\\\/secure.gravatar.com\\\/avatar\\\/fec5f6f1893d741ed5eecccff109ce43e67a855411202a3212a058cb8e5c27d4?s=96&d=mm&r=g\",\"caption\":\"Redacci\u00f3n Muy Jujuy\"},\"url\":\"https:\\\/\\\/www.muyjujuy.com\\\/index.php\\\/author\\\/editor\\\/\"}]}<\/script>\n<!-- \/ Yoast SEO plugin. -->","yoast_head_json":{"title":"El \"Tantanakuy infantil y juvenil\" se celebrar\u00e1 este jueves en Humahuaca - Muy Jujuy","description":"Se llevar\u00e1 a cabo el encuentro Tantanakuy en Humahuaca en el Centro Cultural Casa del Tantanakuy este jueves a partir de las 10.","robots":{"index":"index","follow":"follow","max-snippet":"max-snippet:-1","max-image-preview":"max-image-preview:large","max-video-preview":"max-video-preview:-1"},"canonical":"https:\/\/www.muyjujuy.com\/index.php\/2022\/10\/19\/el-tantanakuy-infantil-y-juvenil-se-celebrara-este-jueves-en-humahuaca\/","og_locale":"es_ES","og_type":"article","og_title":"El \"Tantanakuy infantil y juvenil\" se celebrar\u00e1 este jueves en Humahuaca - Muy Jujuy","og_description":"Se llevar\u00e1 a cabo el encuentro Tantanakuy en Humahuaca en el Centro Cultural Casa del Tantanakuy este jueves a partir de las 10.","og_url":"https:\/\/www.muyjujuy.com\/index.php\/2022\/10\/19\/el-tantanakuy-infantil-y-juvenil-se-celebrara-este-jueves-en-humahuaca\/","og_site_name":"Muy Jujuy","article_publisher":"https:\/\/www.facebook.com\/muyjujuycom","article_published_time":"2022-10-19T16:18:29+00:00","article_modified_time":"2022-10-19T16:18:31+00:00","og_image":[{"width":1024,"height":585,"url":"https:\/\/www.muyjujuy.com\/wp-content\/uploads\/2022\/10\/WhatsApp-Image-2022-10-19-at-12.59.51-1.jpeg","type":"image\/jpeg"}],"author":"Redacci\u00f3n Muy Jujuy","twitter_card":"summary_large_image","twitter_creator":"@muyjujuy","twitter_site":"@muyjujuy","twitter_misc":{"Escrito por":"Redacci\u00f3n Muy Jujuy","Tiempo de lectura":"2 minutos"},"schema":{"@context":"https:\/\/schema.org","@graph":[{"@type":"Article","@id":"https:\/\/www.muyjujuy.com\/index.php\/2022\/10\/19\/el-tantanakuy-infantil-y-juvenil-se-celebrara-este-jueves-en-humahuaca\/#article","isPartOf":{"@id":"https:\/\/www.muyjujuy.com\/index.php\/2022\/10\/19\/el-tantanakuy-infantil-y-juvenil-se-celebrara-este-jueves-en-humahuaca\/"},"author":{"name":"Redacci\u00f3n Muy Jujuy","@id":"https:\/\/www.muyjujuy.com\/#\/schema\/person\/1d0f6e223ccea9e3f9034c1a5b683bf2"},"headline":"El &#8220;Tantanakuy infantil y juvenil&#8221; se celebrar\u00e1 este jueves en Humahuaca","datePublished":"2022-10-19T16:18:29+00:00","dateModified":"2022-10-19T16:18:31+00:00","mainEntityOfPage":{"@id":"https:\/\/www.muyjujuy.com\/index.php\/2022\/10\/19\/el-tantanakuy-infantil-y-juvenil-se-celebrara-este-jueves-en-humahuaca\/"},"wordCount":291,"commentCount":0,"publisher":{"@id":"https:\/\/www.muyjujuy.com\/#organization"},"image":{"@id":"https:\/\/www.muyjujuy.com\/index.php\/2022\/10\/19\/el-tantanakuy-infantil-y-juvenil-se-celebrara-este-jueves-en-humahuaca\/#primaryimage"},"thumbnailUrl":"https:\/\/www.muyjujuy.com\/wp-content\/uploads\/2022\/10\/WhatsApp-Image-2022-10-19-at-12.59.51-1.jpeg","keywords":["Humahuaca","Jujuy"],"articleSection":["Sociedad"],"inLanguage":"es-AR","potentialAction":[{"@type":"CommentAction","name":"Comment","target":["https:\/\/www.muyjujuy.com\/index.php\/2022\/10\/19\/el-tantanakuy-infantil-y-juvenil-se-celebrara-este-jueves-en-humahuaca\/#respond"]}]},{"@type":"WebPage","@id":"https:\/\/www.muyjujuy.com\/index.php\/2022\/10\/19\/el-tantanakuy-infantil-y-juvenil-se-celebrara-este-jueves-en-humahuaca\/","url":"https:\/\/www.muyjujuy.com\/index.php\/2022\/10\/19\/el-tantanakuy-infantil-y-juvenil-se-celebrara-este-jueves-en-humahuaca\/","name":"El \"Tantanakuy infantil y juvenil\" se celebrar\u00e1 este jueves en Humahuaca - Muy Jujuy","isPartOf":{"@id":"https:\/\/www.muyjujuy.com\/#website"},"primaryImageOfPage":{"@id":"https:\/\/www.muyjujuy.com\/index.php\/2022\/10\/19\/el-tantanakuy-infantil-y-juvenil-se-celebrara-este-jueves-en-humahuaca\/#primaryimage"},"image":{"@id":"https:\/\/www.muyjujuy.com\/index.php\/2022\/10\/19\/el-tantanakuy-infantil-y-juvenil-se-celebrara-este-jueves-en-humahuaca\/#primaryimage"},"thumbnailUrl":"https:\/\/www.muyjujuy.com\/wp-content\/uploads\/2022\/10\/WhatsApp-Image-2022-10-19-at-12.59.51-1.jpeg","datePublished":"2022-10-19T16:18:29+00:00","dateModified":"2022-10-19T16:18:31+00:00","description":"Se llevar\u00e1 a cabo el encuentro Tantanakuy en Humahuaca en el Centro Cultural Casa del Tantanakuy este jueves a partir de las 10.","breadcrumb":{"@id":"https:\/\/www.muyjujuy.com\/index.php\/2022\/10\/19\/el-tantanakuy-infantil-y-juvenil-se-celebrara-este-jueves-en-humahuaca\/#breadcrumb"},"inLanguage":"es-AR","potentialAction":[{"@type":"ReadAction","target":["https:\/\/www.muyjujuy.com\/index.php\/2022\/10\/19\/el-tantanakuy-infantil-y-juvenil-se-celebrara-este-jueves-en-humahuaca\/"]}]},{"@type":"ImageObject","inLanguage":"es-AR","@id":"https:\/\/www.muyjujuy.com\/index.php\/2022\/10\/19\/el-tantanakuy-infantil-y-juvenil-se-celebrara-este-jueves-en-humahuaca\/#primaryimage","url":"https:\/\/www.muyjujuy.com\/wp-content\/uploads\/2022\/10\/WhatsApp-Image-2022-10-19-at-12.59.51-1.jpeg","contentUrl":"https:\/\/www.muyjujuy.com\/wp-content\/uploads\/2022\/10\/WhatsApp-Image-2022-10-19-at-12.59.51-1.jpeg","width":1024,"height":585},{"@type":"BreadcrumbList","@id":"https:\/\/www.muyjujuy.com\/index.php\/2022\/10\/19\/el-tantanakuy-infantil-y-juvenil-se-celebrara-este-jueves-en-humahuaca\/#breadcrumb","itemListElement":[{"@type":"ListItem","position":1,"name":"Inicio","item":"https:\/\/www.muyjujuy.com\/"},{"@type":"ListItem","position":2,"name":"El &#8220;Tantanakuy infantil y juvenil&#8221; se celebrar\u00e1 este jueves en Humahuaca"}]},{"@type":"WebSite","@id":"https:\/\/www.muyjujuy.com\/#website","url":"https:\/\/www.muyjujuy.com\/","name":"Muy Jujuy","description":"","publisher":{"@id":"https:\/\/www.muyjujuy.com\/#organization"},"potentialAction":[{"@type":"SearchAction","target":{"@type":"EntryPoint","urlTemplate":"https:\/\/www.muyjujuy.com\/?s={search_term_string}"},"query-input":{"@type":"PropertyValueSpecification","valueRequired":true,"valueName":"search_term_string"}}],"inLanguage":"es-AR"},{"@type":"Organization","@id":"https:\/\/www.muyjujuy.com\/#organization","name":"Muy Jujuy","url":"https:\/\/www.muyjujuy.com\/","logo":{"@type":"ImageObject","inLanguage":"es-AR","@id":"https:\/\/www.muyjujuy.com\/#\/schema\/logo\/image\/","url":"http:\/\/www.muyjujuy.com\/wp-content\/uploads\/2022\/05\/logo-mobil-jujuy.png","contentUrl":"http:\/\/www.muyjujuy.com\/wp-content\/uploads\/2022\/05\/logo-mobil-jujuy.png","width":174,"height":81,"caption":"Muy Jujuy"},"image":{"@id":"https:\/\/www.muyjujuy.com\/#\/schema\/logo\/image\/"},"sameAs":["https:\/\/www.facebook.com\/muyjujuycom","https:\/\/x.com\/muyjujuy","https:\/\/www.instagram.com\/muyjujuycom"]},{"@type":"Person","@id":"https:\/\/www.muyjujuy.com\/#\/schema\/person\/1d0f6e223ccea9e3f9034c1a5b683bf2","name":"Redacci\u00f3n Muy Jujuy","image":{"@type":"ImageObject","inLanguage":"es-AR","@id":"https:\/\/secure.gravatar.com\/avatar\/fec5f6f1893d741ed5eecccff109ce43e67a855411202a3212a058cb8e5c27d4?s=96&d=mm&r=g","url":"https:\/\/secure.gravatar.com\/avatar\/fec5f6f1893d741ed5eecccff109ce43e67a855411202a3212a058cb8e5c27d4?s=96&d=mm&r=g","contentUrl":"https:\/\/secure.gravatar.com\/avatar\/fec5f6f1893d741ed5eecccff109ce43e67a855411202a3212a058cb8e5c27d4?s=96&d=mm&r=g","caption":"Redacci\u00f3n Muy Jujuy"},"url":"https:\/\/www.muyjujuy.com\/index.php\/author\/editor\/"}]}},"_links":{"self":[{"href":"https:\/\/www.muyjujuy.com\/index.php\/wp-json\/wp\/v2\/posts\/1815","targetHints":{"allow":["GET"]}}],"collection":[{"href":"https:\/\/www.muyjujuy.com\/index.php\/wp-json\/wp\/v2\/posts"}],"about":[{"href":"https:\/\/www.muyjujuy.com\/index.php\/wp-json\/wp\/v2\/types\/post"}],"author":[{"embeddable":true,"href":"https:\/\/www.muyjujuy.com\/index.php\/wp-json\/wp\/v2\/users\/3"}],"replies":[{"embeddable":true,"href":"https:\/\/www.muyjujuy.com\/index.php\/wp-json\/wp\/v2\/comments?post=1815"}],"version-history":[{"count":1,"href":"https:\/\/www.muyjujuy.com\/index.php\/wp-json\/wp\/v2\/posts\/1815\/revisions"}],"predecessor-version":[{"id":1817,"href":"https:\/\/www.muyjujuy.com\/index.php\/wp-json\/wp\/v2\/posts\/1815\/revisions\/1817"}],"wp:featuredmedia":[{"embeddable":true,"href":"https:\/\/www.muyjujuy.com\/index.php\/wp-json\/wp\/v2\/media\/1816"}],"wp:attachment":[{"href":"https:\/\/www.muyjujuy.com\/index.php\/wp-json\/wp\/v2\/media?parent=1815"}],"wp:term":[{"taxonomy":"category","embeddable":true,"href":"https:\/\/www.muyjujuy.com\/index.php\/wp-json\/wp\/v2\/categories?post=1815"},{"taxonomy":"post_tag","embeddable":true,"href":"https:\/\/www.muyjujuy.com\/index.php\/wp-json\/wp\/v2\/tags?post=1815"}],"curies":[{"name":"wp","href":"https:\/\/api.w.org\/{rel}","templated":true}]}}