{"id":1821,"date":"2022-10-20T12:50:15","date_gmt":"2022-10-20T15:50:15","guid":{"rendered":"https:\/\/www.muyjujuy.com\/?p=1821"},"modified":"2022-10-20T12:50:17","modified_gmt":"2022-10-20T15:50:17","slug":"inauguraron-la-nueva-torre-de-control-del-aeropuerto-internacional-de-jujuy","status":"publish","type":"post","link":"https:\/\/www.muyjujuy.com\/index.php\/2022\/10\/20\/inauguraron-la-nueva-torre-de-control-del-aeropuerto-internacional-de-jujuy\/","title":{"rendered":"Inauguraron la nueva torre de control del aeropuerto internacional de Jujuy"},"content":{"rendered":"\n<p><em>Se inaugur\u00f3 una nueva torre de control para mejorar la funcionalidad del aeropuerto internacional de Jujuy que se encuentra en Perico.<\/em><\/p>\n\n\n\n<p id=\"titulo_cable\">El aeropuerto internacional de Jujuy inauguraron una nueva <strong>Torre de Control <\/strong>y un flamante edificio operativo de la Administraci\u00f3n Nacional de Aviaci\u00f3n Civil (ANAC). El aeropuerto cuenta con <strong>alrededor de 300 vuelos mensuales y un tr\u00e1fico de 40.000 pasajeras y pasajeros,<\/strong><\/p>\n\n\n\n<p><strong>La obra demand\u00f3 una inversi\u00f3n de 239 millones de pesos<\/strong> y fue realizada por el Organismo Regulador del Sistema Nacional de Aeropuertos (ORSNA) en conjunto con Aeropuertos Argentina 2000<strong>, con el objetivo de garantizar una mayor seguridad operacional y tecnol\u00f3gica, <\/strong>potenciar el turismo en la regi\u00f3n y mejorar las condiciones de trabajadores y usuarios, seg\u00fan se destac\u00f3.<\/p>\n\n\n\n<p><strong>&#8220;Hoy es un d\u00eda importante para Jujuy y para el gobierno nacional<\/strong>. Tenemos el desaf\u00edo como pa\u00eds, como pueblo, de seguir avanzando en el sistema aerocomercial de la Argentina. Este aeropuerto ya hace unos a\u00f1os se convirti\u00f3 en uno de los m\u00e1s importantes del Norte argentino\u201d, subray\u00f3 el ministro de Transporte, Alexis Guerrera, durante el acto de inauguraci\u00f3n.<\/p>\n\n\n\n<h2 class=\"wp-block-heading\"><strong>Aeropuerto de Jujuy<\/strong><\/h2>\n\n\n\n<p>El aeropuerto de Jujuy, ubicado en la localidad de Perico, <strong>a poco m\u00e1s de 30km de la capital provincial,<\/strong> es el tercer aeropuerto m\u00e1s importante del noroeste argentino, y recibe en promedio m\u00e1s de 300 vuelos mensuales y en lo que va del a\u00f1o 2022 recibi\u00f3 m\u00e1s de 2.700.<\/p>\n\n\n\n<p>La obra de la torre de control del Aeropuerto de Jujuy, con una altura de 30 metros (tres veces m\u00e1s que la anterior) fue iniciada por la gesti\u00f3n anterior, que, hacia fines de 2019, cort\u00f3 la cadena de pagos, dejando paralizadas las obras que hoy se inauguraron.<\/p>\n\n\n\n<p>El edificio posee 9 niveles que se dividen en \u00e1reas operativas y de servicios con espacio para descanso y \u00e1reas con equipamiento t\u00e9cnico. En el \u00faltimo piso se ubica la cabina conocida como fanal con capacidad para cinco puestos de trabajo.<\/p>\n","protected":false},"excerpt":{"rendered":"<p>Se inaugur\u00f3 una nueva torre de control para mejorar la funcionalidad del aeropuerto internacional de Jujuy que se encuentra en Perico. El aeropuerto internacional de Jujuy inauguraron una nueva Torre de Control y un flamante edificio operativo de la Administraci\u00f3n Nacional de Aviaci\u00f3n Civil (ANAC). El aeropuerto cuenta con alrededor de 300 vuelos mensuales y [&hellip;]<\/p>\n","protected":false},"author":3,"featured_media":1822,"comment_status":"open","ping_status":"open","sticky":false,"template":"","format":"standard","meta":{"footnotes":""},"categories":[25],"tags":[820,8],"class_list":{"0":"post-1821","1":"post","2":"type-post","3":"status-publish","4":"format-standard","5":"has-post-thumbnail","7":"category-sociedad","8":"tag-aeropuerto","9":"tag-jujuy"},"yoast_head":"<!-- This site is optimized with the Yoast SEO plugin v27.5 - https:\/\/yoast.com\/product\/yoast-seo-wordpress\/ -->\n<title>Inauguraron la nueva torre de control del aeropuerto internacional de Jujuy - Muy Jujuy<\/title>\n<meta name=\"description\" content=\"Se inaugur\u00f3 una nueva torre de control para mejorar la funcionalidad del aeropuerto internacional de Jujuy que se encuentra en Perico.\" \/>\n<meta name=\"robots\" content=\"index, follow, max-snippet:-1, max-image-preview:large, max-video-preview:-1\" \/>\n<link rel=\"canonical\" href=\"https:\/\/www.muyjujuy.com\/index.php\/2022\/10\/20\/inauguraron-la-nueva-torre-de-control-del-aeropuerto-internacional-de-jujuy\/\" \/>\n<meta property=\"og:locale\" content=\"es_ES\" \/>\n<meta property=\"og:type\" content=\"article\" \/>\n<meta property=\"og:title\" content=\"Inauguraron la nueva torre de control del aeropuerto internacional de Jujuy - Muy Jujuy\" \/>\n<meta property=\"og:description\" content=\"Se inaugur\u00f3 una nueva torre de control para mejorar la funcionalidad del aeropuerto internacional de Jujuy que se encuentra en Perico.\" \/>\n<meta property=\"og:url\" content=\"https:\/\/www.muyjujuy.com\/index.php\/2022\/10\/20\/inauguraron-la-nueva-torre-de-control-del-aeropuerto-internacional-de-jujuy\/\" \/>\n<meta property=\"og:site_name\" content=\"Muy Jujuy\" \/>\n<meta property=\"article:publisher\" content=\"https:\/\/www.facebook.com\/muyjujuycom\" \/>\n<meta property=\"article:published_time\" content=\"2022-10-20T15:50:15+00:00\" \/>\n<meta property=\"article:modified_time\" content=\"2022-10-20T15:50:17+00:00\" \/>\n<meta property=\"og:image\" content=\"https:\/\/www.muyjujuy.com\/wp-content\/uploads\/2022\/10\/WhatsApp-Image-2022-10-20-at-12.48.40.jpeg\" \/>\n\t<meta property=\"og:image:width\" content=\"970\" \/>\n\t<meta property=\"og:image:height\" content=\"546\" \/>\n\t<meta property=\"og:image:type\" content=\"image\/jpeg\" \/>\n<meta name=\"author\" content=\"Redacci\u00f3n Muy Jujuy\" \/>\n<meta name=\"twitter:card\" content=\"summary_large_image\" \/>\n<meta name=\"twitter:creator\" content=\"@muyjujuy\" \/>\n<meta name=\"twitter:site\" content=\"@muyjujuy\" \/>\n<meta name=\"twitter:label1\" content=\"Escrito por\" \/>\n\t<meta name=\"twitter:data1\" content=\"Redacci\u00f3n Muy Jujuy\" \/>\n\t<meta name=\"twitter:label2\" content=\"Tiempo de lectura\" \/>\n\t<meta name=\"twitter:data2\" content=\"2 minutos\" \/>\n<script type=\"application\/ld+json\" class=\"yoast-schema-graph\">{\"@context\":\"https:\\\/\\\/schema.org\",\"@graph\":[{\"@type\":\"Article\",\"@id\":\"https:\\\/\\\/www.muyjujuy.com\\\/index.php\\\/2022\\\/10\\\/20\\\/inauguraron-la-nueva-torre-de-control-del-aeropuerto-internacional-de-jujuy\\\/#article\",\"isPartOf\":{\"@id\":\"https:\\\/\\\/www.muyjujuy.com\\\/index.php\\\/2022\\\/10\\\/20\\\/inauguraron-la-nueva-torre-de-control-del-aeropuerto-internacional-de-jujuy\\\/\"},\"author\":{\"name\":\"Redacci\u00f3n Muy Jujuy\",\"@id\":\"https:\\\/\\\/www.muyjujuy.com\\\/#\\\/schema\\\/person\\\/1d0f6e223ccea9e3f9034c1a5b683bf2\"},\"headline\":\"Inauguraron la nueva torre de control del aeropuerto internacional de Jujuy\",\"datePublished\":\"2022-10-20T15:50:15+00:00\",\"dateModified\":\"2022-10-20T15:50:17+00:00\",\"mainEntityOfPage\":{\"@id\":\"https:\\\/\\\/www.muyjujuy.com\\\/index.php\\\/2022\\\/10\\\/20\\\/inauguraron-la-nueva-torre-de-control-del-aeropuerto-internacional-de-jujuy\\\/\"},\"wordCount\":339,\"commentCount\":0,\"publisher\":{\"@id\":\"https:\\\/\\\/www.muyjujuy.com\\\/#organization\"},\"image\":{\"@id\":\"https:\\\/\\\/www.muyjujuy.com\\\/index.php\\\/2022\\\/10\\\/20\\\/inauguraron-la-nueva-torre-de-control-del-aeropuerto-internacional-de-jujuy\\\/#primaryimage\"},\"thumbnailUrl\":\"https:\\\/\\\/www.muyjujuy.com\\\/wp-content\\\/uploads\\\/2022\\\/10\\\/WhatsApp-Image-2022-10-20-at-12.48.40.jpeg\",\"keywords\":[\"Aeropuerto\",\"Jujuy\"],\"articleSection\":[\"Sociedad\"],\"inLanguage\":\"es-AR\",\"potentialAction\":[{\"@type\":\"CommentAction\",\"name\":\"Comment\",\"target\":[\"https:\\\/\\\/www.muyjujuy.com\\\/index.php\\\/2022\\\/10\\\/20\\\/inauguraron-la-nueva-torre-de-control-del-aeropuerto-internacional-de-jujuy\\\/#respond\"]}]},{\"@type\":\"WebPage\",\"@id\":\"https:\\\/\\\/www.muyjujuy.com\\\/index.php\\\/2022\\\/10\\\/20\\\/inauguraron-la-nueva-torre-de-control-del-aeropuerto-internacional-de-jujuy\\\/\",\"url\":\"https:\\\/\\\/www.muyjujuy.com\\\/index.php\\\/2022\\\/10\\\/20\\\/inauguraron-la-nueva-torre-de-control-del-aeropuerto-internacional-de-jujuy\\\/\",\"name\":\"Inauguraron la nueva torre de control del aeropuerto internacional de Jujuy - Muy Jujuy\",\"isPartOf\":{\"@id\":\"https:\\\/\\\/www.muyjujuy.com\\\/#website\"},\"primaryImageOfPage\":{\"@id\":\"https:\\\/\\\/www.muyjujuy.com\\\/index.php\\\/2022\\\/10\\\/20\\\/inauguraron-la-nueva-torre-de-control-del-aeropuerto-internacional-de-jujuy\\\/#primaryimage\"},\"image\":{\"@id\":\"https:\\\/\\\/www.muyjujuy.com\\\/index.php\\\/2022\\\/10\\\/20\\\/inauguraron-la-nueva-torre-de-control-del-aeropuerto-internacional-de-jujuy\\\/#primaryimage\"},\"thumbnailUrl\":\"https:\\\/\\\/www.muyjujuy.com\\\/wp-content\\\/uploads\\\/2022\\\/10\\\/WhatsApp-Image-2022-10-20-at-12.48.40.jpeg\",\"datePublished\":\"2022-10-20T15:50:15+00:00\",\"dateModified\":\"2022-10-20T15:50:17+00:00\",\"description\":\"Se inaugur\u00f3 una nueva torre de control para mejorar la funcionalidad del aeropuerto internacional de Jujuy que se encuentra en Perico.\",\"breadcrumb\":{\"@id\":\"https:\\\/\\\/www.muyjujuy.com\\\/index.php\\\/2022\\\/10\\\/20\\\/inauguraron-la-nueva-torre-de-control-del-aeropuerto-internacional-de-jujuy\\\/#breadcrumb\"},\"inLanguage\":\"es-AR\",\"potentialAction\":[{\"@type\":\"ReadAction\",\"target\":[\"https:\\\/\\\/www.muyjujuy.com\\\/index.php\\\/2022\\\/10\\\/20\\\/inauguraron-la-nueva-torre-de-control-del-aeropuerto-internacional-de-jujuy\\\/\"]}]},{\"@type\":\"ImageObject\",\"inLanguage\":\"es-AR\",\"@id\":\"https:\\\/\\\/www.muyjujuy.com\\\/index.php\\\/2022\\\/10\\\/20\\\/inauguraron-la-nueva-torre-de-control-del-aeropuerto-internacional-de-jujuy\\\/#primaryimage\",\"url\":\"https:\\\/\\\/www.muyjujuy.com\\\/wp-content\\\/uploads\\\/2022\\\/10\\\/WhatsApp-Image-2022-10-20-at-12.48.40.jpeg\",\"contentUrl\":\"https:\\\/\\\/www.muyjujuy.com\\\/wp-content\\\/uploads\\\/2022\\\/10\\\/WhatsApp-Image-2022-10-20-at-12.48.40.jpeg\",\"width\":970,\"height\":546},{\"@type\":\"BreadcrumbList\",\"@id\":\"https:\\\/\\\/www.muyjujuy.com\\\/index.php\\\/2022\\\/10\\\/20\\\/inauguraron-la-nueva-torre-de-control-del-aeropuerto-internacional-de-jujuy\\\/#breadcrumb\",\"itemListElement\":[{\"@type\":\"ListItem\",\"position\":1,\"name\":\"Inicio\",\"item\":\"https:\\\/\\\/www.muyjujuy.com\\\/\"},{\"@type\":\"ListItem\",\"position\":2,\"name\":\"Inauguraron la nueva torre de control del aeropuerto internacional de Jujuy\"}]},{\"@type\":\"WebSite\",\"@id\":\"https:\\\/\\\/www.muyjujuy.com\\\/#website\",\"url\":\"https:\\\/\\\/www.muyjujuy.com\\\/\",\"name\":\"Muy Jujuy\",\"description\":\"\",\"publisher\":{\"@id\":\"https:\\\/\\\/www.muyjujuy.com\\\/#organization\"},\"potentialAction\":[{\"@type\":\"SearchAction\",\"target\":{\"@type\":\"EntryPoint\",\"urlTemplate\":\"https:\\\/\\\/www.muyjujuy.com\\\/?s={search_term_string}\"},\"query-input\":{\"@type\":\"PropertyValueSpecification\",\"valueRequired\":true,\"valueName\":\"search_term_string\"}}],\"inLanguage\":\"es-AR\"},{\"@type\":\"Organization\",\"@id\":\"https:\\\/\\\/www.muyjujuy.com\\\/#organization\",\"name\":\"Muy Jujuy\",\"url\":\"https:\\\/\\\/www.muyjujuy.com\\\/\",\"logo\":{\"@type\":\"ImageObject\",\"inLanguage\":\"es-AR\",\"@id\":\"https:\\\/\\\/www.muyjujuy.com\\\/#\\\/schema\\\/logo\\\/image\\\/\",\"url\":\"http:\\\/\\\/www.muyjujuy.com\\\/wp-content\\\/uploads\\\/2022\\\/05\\\/logo-mobil-jujuy.png\",\"contentUrl\":\"http:\\\/\\\/www.muyjujuy.com\\\/wp-content\\\/uploads\\\/2022\\\/05\\\/logo-mobil-jujuy.png\",\"width\":174,\"height\":81,\"caption\":\"Muy Jujuy\"},\"image\":{\"@id\":\"https:\\\/\\\/www.muyjujuy.com\\\/#\\\/schema\\\/logo\\\/image\\\/\"},\"sameAs\":[\"https:\\\/\\\/www.facebook.com\\\/muyjujuycom\",\"https:\\\/\\\/x.com\\\/muyjujuy\",\"https:\\\/\\\/www.instagram.com\\\/muyjujuycom\"]},{\"@type\":\"Person\",\"@id\":\"https:\\\/\\\/www.muyjujuy.com\\\/#\\\/schema\\\/person\\\/1d0f6e223ccea9e3f9034c1a5b683bf2\",\"name\":\"Redacci\u00f3n Muy Jujuy\",\"image\":{\"@type\":\"ImageObject\",\"inLanguage\":\"es-AR\",\"@id\":\"https:\\\/\\\/secure.gravatar.com\\\/avatar\\\/fec5f6f1893d741ed5eecccff109ce43e67a855411202a3212a058cb8e5c27d4?s=96&d=mm&r=g\",\"url\":\"https:\\\/\\\/secure.gravatar.com\\\/avatar\\\/fec5f6f1893d741ed5eecccff109ce43e67a855411202a3212a058cb8e5c27d4?s=96&d=mm&r=g\",\"contentUrl\":\"https:\\\/\\\/secure.gravatar.com\\\/avatar\\\/fec5f6f1893d741ed5eecccff109ce43e67a855411202a3212a058cb8e5c27d4?s=96&d=mm&r=g\",\"caption\":\"Redacci\u00f3n Muy Jujuy\"},\"url\":\"https:\\\/\\\/www.muyjujuy.com\\\/index.php\\\/author\\\/editor\\\/\"}]}<\/script>\n<!-- \/ Yoast SEO plugin. -->","yoast_head_json":{"title":"Inauguraron la nueva torre de control del aeropuerto internacional de Jujuy - Muy Jujuy","description":"Se inaugur\u00f3 una nueva torre de control para mejorar la funcionalidad del aeropuerto internacional de Jujuy que se encuentra en Perico.","robots":{"index":"index","follow":"follow","max-snippet":"max-snippet:-1","max-image-preview":"max-image-preview:large","max-video-preview":"max-video-preview:-1"},"canonical":"https:\/\/www.muyjujuy.com\/index.php\/2022\/10\/20\/inauguraron-la-nueva-torre-de-control-del-aeropuerto-internacional-de-jujuy\/","og_locale":"es_ES","og_type":"article","og_title":"Inauguraron la nueva torre de control del aeropuerto internacional de Jujuy - Muy Jujuy","og_description":"Se inaugur\u00f3 una nueva torre de control para mejorar la funcionalidad del aeropuerto internacional de Jujuy que se encuentra en Perico.","og_url":"https:\/\/www.muyjujuy.com\/index.php\/2022\/10\/20\/inauguraron-la-nueva-torre-de-control-del-aeropuerto-internacional-de-jujuy\/","og_site_name":"Muy Jujuy","article_publisher":"https:\/\/www.facebook.com\/muyjujuycom","article_published_time":"2022-10-20T15:50:15+00:00","article_modified_time":"2022-10-20T15:50:17+00:00","og_image":[{"width":970,"height":546,"url":"https:\/\/www.muyjujuy.com\/wp-content\/uploads\/2022\/10\/WhatsApp-Image-2022-10-20-at-12.48.40.jpeg","type":"image\/jpeg"}],"author":"Redacci\u00f3n Muy Jujuy","twitter_card":"summary_large_image","twitter_creator":"@muyjujuy","twitter_site":"@muyjujuy","twitter_misc":{"Escrito por":"Redacci\u00f3n Muy Jujuy","Tiempo de lectura":"2 minutos"},"schema":{"@context":"https:\/\/schema.org","@graph":[{"@type":"Article","@id":"https:\/\/www.muyjujuy.com\/index.php\/2022\/10\/20\/inauguraron-la-nueva-torre-de-control-del-aeropuerto-internacional-de-jujuy\/#article","isPartOf":{"@id":"https:\/\/www.muyjujuy.com\/index.php\/2022\/10\/20\/inauguraron-la-nueva-torre-de-control-del-aeropuerto-internacional-de-jujuy\/"},"author":{"name":"Redacci\u00f3n Muy Jujuy","@id":"https:\/\/www.muyjujuy.com\/#\/schema\/person\/1d0f6e223ccea9e3f9034c1a5b683bf2"},"headline":"Inauguraron la nueva torre de control del aeropuerto internacional de Jujuy","datePublished":"2022-10-20T15:50:15+00:00","dateModified":"2022-10-20T15:50:17+00:00","mainEntityOfPage":{"@id":"https:\/\/www.muyjujuy.com\/index.php\/2022\/10\/20\/inauguraron-la-nueva-torre-de-control-del-aeropuerto-internacional-de-jujuy\/"},"wordCount":339,"commentCount":0,"publisher":{"@id":"https:\/\/www.muyjujuy.com\/#organization"},"image":{"@id":"https:\/\/www.muyjujuy.com\/index.php\/2022\/10\/20\/inauguraron-la-nueva-torre-de-control-del-aeropuerto-internacional-de-jujuy\/#primaryimage"},"thumbnailUrl":"https:\/\/www.muyjujuy.com\/wp-content\/uploads\/2022\/10\/WhatsApp-Image-2022-10-20-at-12.48.40.jpeg","keywords":["Aeropuerto","Jujuy"],"articleSection":["Sociedad"],"inLanguage":"es-AR","potentialAction":[{"@type":"CommentAction","name":"Comment","target":["https:\/\/www.muyjujuy.com\/index.php\/2022\/10\/20\/inauguraron-la-nueva-torre-de-control-del-aeropuerto-internacional-de-jujuy\/#respond"]}]},{"@type":"WebPage","@id":"https:\/\/www.muyjujuy.com\/index.php\/2022\/10\/20\/inauguraron-la-nueva-torre-de-control-del-aeropuerto-internacional-de-jujuy\/","url":"https:\/\/www.muyjujuy.com\/index.php\/2022\/10\/20\/inauguraron-la-nueva-torre-de-control-del-aeropuerto-internacional-de-jujuy\/","name":"Inauguraron la nueva torre de control del aeropuerto internacional de Jujuy - Muy Jujuy","isPartOf":{"@id":"https:\/\/www.muyjujuy.com\/#website"},"primaryImageOfPage":{"@id":"https:\/\/www.muyjujuy.com\/index.php\/2022\/10\/20\/inauguraron-la-nueva-torre-de-control-del-aeropuerto-internacional-de-jujuy\/#primaryimage"},"image":{"@id":"https:\/\/www.muyjujuy.com\/index.php\/2022\/10\/20\/inauguraron-la-nueva-torre-de-control-del-aeropuerto-internacional-de-jujuy\/#primaryimage"},"thumbnailUrl":"https:\/\/www.muyjujuy.com\/wp-content\/uploads\/2022\/10\/WhatsApp-Image-2022-10-20-at-12.48.40.jpeg","datePublished":"2022-10-20T15:50:15+00:00","dateModified":"2022-10-20T15:50:17+00:00","description":"Se inaugur\u00f3 una nueva torre de control para mejorar la funcionalidad del aeropuerto internacional de Jujuy que se encuentra en Perico.","breadcrumb":{"@id":"https:\/\/www.muyjujuy.com\/index.php\/2022\/10\/20\/inauguraron-la-nueva-torre-de-control-del-aeropuerto-internacional-de-jujuy\/#breadcrumb"},"inLanguage":"es-AR","potentialAction":[{"@type":"ReadAction","target":["https:\/\/www.muyjujuy.com\/index.php\/2022\/10\/20\/inauguraron-la-nueva-torre-de-control-del-aeropuerto-internacional-de-jujuy\/"]}]},{"@type":"ImageObject","inLanguage":"es-AR","@id":"https:\/\/www.muyjujuy.com\/index.php\/2022\/10\/20\/inauguraron-la-nueva-torre-de-control-del-aeropuerto-internacional-de-jujuy\/#primaryimage","url":"https:\/\/www.muyjujuy.com\/wp-content\/uploads\/2022\/10\/WhatsApp-Image-2022-10-20-at-12.48.40.jpeg","contentUrl":"https:\/\/www.muyjujuy.com\/wp-content\/uploads\/2022\/10\/WhatsApp-Image-2022-10-20-at-12.48.40.jpeg","width":970,"height":546},{"@type":"BreadcrumbList","@id":"https:\/\/www.muyjujuy.com\/index.php\/2022\/10\/20\/inauguraron-la-nueva-torre-de-control-del-aeropuerto-internacional-de-jujuy\/#breadcrumb","itemListElement":[{"@type":"ListItem","position":1,"name":"Inicio","item":"https:\/\/www.muyjujuy.com\/"},{"@type":"ListItem","position":2,"name":"Inauguraron la nueva torre de control del aeropuerto internacional de Jujuy"}]},{"@type":"WebSite","@id":"https:\/\/www.muyjujuy.com\/#website","url":"https:\/\/www.muyjujuy.com\/","name":"Muy Jujuy","description":"","publisher":{"@id":"https:\/\/www.muyjujuy.com\/#organization"},"potentialAction":[{"@type":"SearchAction","target":{"@type":"EntryPoint","urlTemplate":"https:\/\/www.muyjujuy.com\/?s={search_term_string}"},"query-input":{"@type":"PropertyValueSpecification","valueRequired":true,"valueName":"search_term_string"}}],"inLanguage":"es-AR"},{"@type":"Organization","@id":"https:\/\/www.muyjujuy.com\/#organization","name":"Muy Jujuy","url":"https:\/\/www.muyjujuy.com\/","logo":{"@type":"ImageObject","inLanguage":"es-AR","@id":"https:\/\/www.muyjujuy.com\/#\/schema\/logo\/image\/","url":"http:\/\/www.muyjujuy.com\/wp-content\/uploads\/2022\/05\/logo-mobil-jujuy.png","contentUrl":"http:\/\/www.muyjujuy.com\/wp-content\/uploads\/2022\/05\/logo-mobil-jujuy.png","width":174,"height":81,"caption":"Muy Jujuy"},"image":{"@id":"https:\/\/www.muyjujuy.com\/#\/schema\/logo\/image\/"},"sameAs":["https:\/\/www.facebook.com\/muyjujuycom","https:\/\/x.com\/muyjujuy","https:\/\/www.instagram.com\/muyjujuycom"]},{"@type":"Person","@id":"https:\/\/www.muyjujuy.com\/#\/schema\/person\/1d0f6e223ccea9e3f9034c1a5b683bf2","name":"Redacci\u00f3n Muy Jujuy","image":{"@type":"ImageObject","inLanguage":"es-AR","@id":"https:\/\/secure.gravatar.com\/avatar\/fec5f6f1893d741ed5eecccff109ce43e67a855411202a3212a058cb8e5c27d4?s=96&d=mm&r=g","url":"https:\/\/secure.gravatar.com\/avatar\/fec5f6f1893d741ed5eecccff109ce43e67a855411202a3212a058cb8e5c27d4?s=96&d=mm&r=g","contentUrl":"https:\/\/secure.gravatar.com\/avatar\/fec5f6f1893d741ed5eecccff109ce43e67a855411202a3212a058cb8e5c27d4?s=96&d=mm&r=g","caption":"Redacci\u00f3n Muy Jujuy"},"url":"https:\/\/www.muyjujuy.com\/index.php\/author\/editor\/"}]}},"_links":{"self":[{"href":"https:\/\/www.muyjujuy.com\/index.php\/wp-json\/wp\/v2\/posts\/1821","targetHints":{"allow":["GET"]}}],"collection":[{"href":"https:\/\/www.muyjujuy.com\/index.php\/wp-json\/wp\/v2\/posts"}],"about":[{"href":"https:\/\/www.muyjujuy.com\/index.php\/wp-json\/wp\/v2\/types\/post"}],"author":[{"embeddable":true,"href":"https:\/\/www.muyjujuy.com\/index.php\/wp-json\/wp\/v2\/users\/3"}],"replies":[{"embeddable":true,"href":"https:\/\/www.muyjujuy.com\/index.php\/wp-json\/wp\/v2\/comments?post=1821"}],"version-history":[{"count":1,"href":"https:\/\/www.muyjujuy.com\/index.php\/wp-json\/wp\/v2\/posts\/1821\/revisions"}],"predecessor-version":[{"id":1823,"href":"https:\/\/www.muyjujuy.com\/index.php\/wp-json\/wp\/v2\/posts\/1821\/revisions\/1823"}],"wp:featuredmedia":[{"embeddable":true,"href":"https:\/\/www.muyjujuy.com\/index.php\/wp-json\/wp\/v2\/media\/1822"}],"wp:attachment":[{"href":"https:\/\/www.muyjujuy.com\/index.php\/wp-json\/wp\/v2\/media?parent=1821"}],"wp:term":[{"taxonomy":"category","embeddable":true,"href":"https:\/\/www.muyjujuy.com\/index.php\/wp-json\/wp\/v2\/categories?post=1821"},{"taxonomy":"post_tag","embeddable":true,"href":"https:\/\/www.muyjujuy.com\/index.php\/wp-json\/wp\/v2\/tags?post=1821"}],"curies":[{"name":"wp","href":"https:\/\/api.w.org\/{rel}","templated":true}]}}