{"id":1831,"date":"2022-10-20T13:42:58","date_gmt":"2022-10-20T16:42:58","guid":{"rendered":"https:\/\/www.muyjujuy.com\/?p=1831"},"modified":"2022-10-20T13:43:32","modified_gmt":"2022-10-20T16:43:32","slug":"jujuy-fue-elegida-para-presidir-el-consejo-federal-minero","status":"publish","type":"post","link":"https:\/\/www.muyjujuy.com\/index.php\/2022\/10\/20\/jujuy-fue-elegida-para-presidir-el-consejo-federal-minero\/","title":{"rendered":"Jujuy fue elegida para presidir el Consejo Federal Minero"},"content":{"rendered":"\n<p><em>El secretario de Miner\u00eda de Jujuy, <strong>Miguel Soler<\/strong>, ser\u00e1 el nuevo titular del Consejo Federal Minero y apost\u00f3 a profundizar el trabajo regional.<\/em><\/p>\n\n\n\n<p>El secretario de Miner\u00eda e Hidrocarburos de Jujuy, <strong>Miguel Soler<\/strong>, fue electo para dirigir el Consejo que asesora al Gobierno y trabaja en conjunto con la Secretar\u00eda de Miner\u00eda de la Naci\u00f3n. Adem\u00e1s, <strong>re\u00fane a las autoridades mineras de las 23 provincias argentinas.<\/strong><\/p>\n\n\n\n<p><strong>&#8220;Agradecido a todas las provincias por la confianza puesta en mi persona<\/strong>, apostando a la continuidad del trabajo que venimos realizando y sabiendo que <strong>el&nbsp;Consejo&nbsp;es fuerte en la medida en que todos los participantes aportemos con su conocimiento <\/strong>y buenas pr\u00e1cticas al debate pol\u00edtico y t\u00e9cnico, apostando al dialogo y a la construcci\u00f3n de consensos&#8221;, manifest\u00f3 al respecto Soler.<\/p>\n\n\n\n<p>Destac\u00f3 que en <strong>la Asamblea Ordinaria N\u00ba 37<\/strong>, que tuvo lugar en el Sal\u00f3n Federal del Ministerio de Econom\u00eda, eligi\u00f3 tambi\u00e9n a <strong>Federico Aguilera y Romina Sassarini<\/strong>, como vicepresidente primero y vicepresidente segundo, respectivamente. Adem\u00e1s, <strong>Aldo Bonalumi fue reelecto secretario ejecutivo.<\/strong><\/p>\n\n\n\n<p>Adem\u00e1s, <strong>se renovaron las autoridades de las Delegaciones Regionales, <\/strong>siendo electas como titular y alterno, las siguientes autoridades provinciales:<strong> Regi\u00f3n NOA<\/strong>:<strong> <\/strong>Sergio Reines Geria y Juan Jos\u00e9 Mart\u00ednez.<\/p>\n\n\n\n<p>Por la <strong>Regi\u00f3n NEA<\/strong>, Federico Tenorio y Gabriela Soto; <strong>Regi\u00f3n Nuevo Cuyo<\/strong>, Mar\u00eda Ivanna Guard\u00eda y Roberto Zenobi; <strong>Regi\u00f3n Centro<\/strong>, Rodolfo Bergamasco y Susana Acosta; y<strong> Regi\u00f3n Patagonia<\/strong>, Cristian Buss y Joaqu\u00edn Aberastain Oro.<\/p>\n\n\n\n<p><strong>&#8220;La idea es continuar asesorando y trabajando con el gobierno nacional <\/strong>y todas las provincias para el desarrollo pleno de la industria minera (minerales de primera, segunda y tercera categor\u00eda). Sabiendo que el trabajo lo tenemos que hacer entre todos los actores\u201d, ponder\u00f3.<\/p>\n\n\n\n<p>Soler destac\u00f3 el trabajo que realiza el COFEMIN y asegur\u00f3 <strong>&#8220;desde su normalizaci\u00f3n se puso en marcha una manera participativa de trabajar<\/strong>, cosa que todas las provincias respondieron en forma positiva e inmediata a lo que se les solicit\u00f3. <strong>Esto facilit\u00f3 el avance de dos a\u00f1os de gesti\u00f3n que incluy\u00f3 el ordenamiento y materializaci\u00f3n en temas fundamentales\u201d.&nbsp;<\/strong><\/p>\n\n\n\n<h2 class=\"wp-block-heading\"><strong>Lineamientos del Consejo Federal Minero<\/strong><\/h2>\n\n\n\n<p>En ese sentido, dijo que entre los principales temas llevados adelante por la administraci\u00f3n 2020\/2022 se pueden mencionar: <strong>la generaci\u00f3n de indicadores para vislumbrar las fortalezas <\/strong>y debilidades del funcionamiento de las autoridades mineras provinciales. <\/p>\n\n\n\n<p>Se extendi\u00f3 un importante puente entre la <strong>SECMIN y el COFEMIN<\/strong>, lo que facilit\u00f3 e increment\u00f3 el di\u00e1logo y trabajos articulados agilizando el contacto interinstitucional. Esto aport\u00f3 por ejemplo a debates de legislaci\u00f3n relacionada a la actividad minera en el Congreso de la Naci\u00f3n. <\/p>\n\n\n\n<p>Tambi\u00e9n hubo participaci\u00f3n nacional e internacional en la oferta minera argentina y en el tema de minerales cr\u00edticos y de importancia econ\u00f3mica estrat\u00e9gica;<strong> se firm\u00f3 un convenio y est\u00e1 en ejecuci\u00f3n actual con CONAE un proyecto sobre uso de im\u00e1genes sat\u00e9lites para monitoreo de la actividad minera en todas y cada una de las provincias, entre otros temas importantes.&nbsp;<\/strong><\/p>\n\n\n\n<p>A modo de cierre, el presidente asegur\u00f3 que la nueva administraci\u00f3n continuar\u00e1 con los trabajos que se ven\u00edan realizando. Tambi\u00e9n, se generar\u00e1n nuevos a partir de los requerimientos provinciales o de naci\u00f3n que surjan.<\/p>\n\n\n\n<p>&#8220;Se va a tener como base primordial el di\u00e1logo, el federalismo y la voluntad permanente de aportar a la construcci\u00f3n y <strong>ejecuci\u00f3n de las pol\u00edticas mineras de largo plazo<\/strong>. Las mismas son necesarias para lograr el pleno desarrollo de nuestra querida, y tan fundamental para al pa\u00eds y sus provincias, industria minera&#8221;, concluy\u00f3. <\/p>\n","protected":false},"excerpt":{"rendered":"<p>El secretario de Miner\u00eda de Jujuy, Miguel Soler, ser\u00e1 el nuevo titular del Consejo Federal Minero y apost\u00f3 a profundizar el trabajo regional. El secretario de Miner\u00eda e Hidrocarburos de Jujuy, Miguel Soler, fue electo para dirigir el Consejo que asesora al Gobierno y trabaja en conjunto con la Secretar\u00eda de Miner\u00eda de la Naci\u00f3n. [&hellip;]<\/p>\n","protected":false},"author":3,"featured_media":1833,"comment_status":"open","ping_status":"open","sticky":false,"template":"","format":"standard","meta":{"footnotes":""},"categories":[24],"tags":[8,654],"class_list":{"0":"post-1831","1":"post","2":"type-post","3":"status-publish","4":"format-standard","5":"has-post-thumbnail","7":"category-politica","8":"tag-jujuy","9":"tag-mineria"},"yoast_head":"<!-- This site is optimized with the Yoast SEO plugin v27.5 - https:\/\/yoast.com\/product\/yoast-seo-wordpress\/ -->\n<title>Jujuy fue elegida para presidir el Consejo Federal Minero - Muy Jujuy<\/title>\n<meta name=\"description\" content=\"El secretario de Miner\u00eda de Jujuy, Miguel Soler, ser\u00e1 el nuevo titular del Consejo Federal Minero y apost\u00f3 a profundizar el trabajo regional.\" \/>\n<meta name=\"robots\" content=\"index, follow, max-snippet:-1, max-image-preview:large, max-video-preview:-1\" \/>\n<link rel=\"canonical\" href=\"https:\/\/www.muyjujuy.com\/index.php\/2022\/10\/20\/jujuy-fue-elegida-para-presidir-el-consejo-federal-minero\/\" \/>\n<meta property=\"og:locale\" content=\"es_ES\" \/>\n<meta property=\"og:type\" content=\"article\" \/>\n<meta property=\"og:title\" content=\"Jujuy fue elegida para presidir el Consejo Federal Minero - Muy Jujuy\" \/>\n<meta property=\"og:description\" content=\"El secretario de Miner\u00eda de Jujuy, Miguel Soler, ser\u00e1 el nuevo titular del Consejo Federal Minero y apost\u00f3 a profundizar el trabajo regional.\" \/>\n<meta property=\"og:url\" content=\"https:\/\/www.muyjujuy.com\/index.php\/2022\/10\/20\/jujuy-fue-elegida-para-presidir-el-consejo-federal-minero\/\" \/>\n<meta property=\"og:site_name\" content=\"Muy Jujuy\" \/>\n<meta property=\"article:publisher\" content=\"https:\/\/www.facebook.com\/muyjujuycom\" \/>\n<meta property=\"article:published_time\" content=\"2022-10-20T16:42:58+00:00\" \/>\n<meta property=\"article:modified_time\" content=\"2022-10-20T16:43:32+00:00\" \/>\n<meta property=\"og:image\" content=\"https:\/\/www.muyjujuy.com\/wp-content\/uploads\/2022\/10\/WhatsApp-Image-2022-10-20-at-13.31.07.jpeg\" \/>\n\t<meta property=\"og:image:width\" content=\"1200\" \/>\n\t<meta property=\"og:image:height\" content=\"725\" \/>\n\t<meta property=\"og:image:type\" content=\"image\/jpeg\" \/>\n<meta name=\"author\" content=\"Redacci\u00f3n Muy Jujuy\" \/>\n<meta name=\"twitter:card\" content=\"summary_large_image\" \/>\n<meta name=\"twitter:creator\" content=\"@muyjujuy\" \/>\n<meta name=\"twitter:site\" content=\"@muyjujuy\" \/>\n<meta name=\"twitter:label1\" content=\"Escrito por\" \/>\n\t<meta name=\"twitter:data1\" content=\"Redacci\u00f3n Muy Jujuy\" \/>\n\t<meta name=\"twitter:label2\" content=\"Tiempo de lectura\" \/>\n\t<meta name=\"twitter:data2\" content=\"3 minutos\" \/>\n<script type=\"application\/ld+json\" class=\"yoast-schema-graph\">{\"@context\":\"https:\\\/\\\/schema.org\",\"@graph\":[{\"@type\":\"Article\",\"@id\":\"https:\\\/\\\/www.muyjujuy.com\\\/index.php\\\/2022\\\/10\\\/20\\\/jujuy-fue-elegida-para-presidir-el-consejo-federal-minero\\\/#article\",\"isPartOf\":{\"@id\":\"https:\\\/\\\/www.muyjujuy.com\\\/index.php\\\/2022\\\/10\\\/20\\\/jujuy-fue-elegida-para-presidir-el-consejo-federal-minero\\\/\"},\"author\":{\"name\":\"Redacci\u00f3n Muy Jujuy\",\"@id\":\"https:\\\/\\\/www.muyjujuy.com\\\/#\\\/schema\\\/person\\\/1d0f6e223ccea9e3f9034c1a5b683bf2\"},\"headline\":\"Jujuy fue elegida para presidir el Consejo Federal Minero\",\"datePublished\":\"2022-10-20T16:42:58+00:00\",\"dateModified\":\"2022-10-20T16:43:32+00:00\",\"mainEntityOfPage\":{\"@id\":\"https:\\\/\\\/www.muyjujuy.com\\\/index.php\\\/2022\\\/10\\\/20\\\/jujuy-fue-elegida-para-presidir-el-consejo-federal-minero\\\/\"},\"wordCount\":623,\"commentCount\":0,\"publisher\":{\"@id\":\"https:\\\/\\\/www.muyjujuy.com\\\/#organization\"},\"image\":{\"@id\":\"https:\\\/\\\/www.muyjujuy.com\\\/index.php\\\/2022\\\/10\\\/20\\\/jujuy-fue-elegida-para-presidir-el-consejo-federal-minero\\\/#primaryimage\"},\"thumbnailUrl\":\"https:\\\/\\\/www.muyjujuy.com\\\/wp-content\\\/uploads\\\/2022\\\/10\\\/WhatsApp-Image-2022-10-20-at-13.31.07.jpeg\",\"keywords\":[\"Jujuy\",\"Miner\u00eda\"],\"articleSection\":[\"Pol\u00edtica\"],\"inLanguage\":\"es-AR\",\"potentialAction\":[{\"@type\":\"CommentAction\",\"name\":\"Comment\",\"target\":[\"https:\\\/\\\/www.muyjujuy.com\\\/index.php\\\/2022\\\/10\\\/20\\\/jujuy-fue-elegida-para-presidir-el-consejo-federal-minero\\\/#respond\"]}]},{\"@type\":\"WebPage\",\"@id\":\"https:\\\/\\\/www.muyjujuy.com\\\/index.php\\\/2022\\\/10\\\/20\\\/jujuy-fue-elegida-para-presidir-el-consejo-federal-minero\\\/\",\"url\":\"https:\\\/\\\/www.muyjujuy.com\\\/index.php\\\/2022\\\/10\\\/20\\\/jujuy-fue-elegida-para-presidir-el-consejo-federal-minero\\\/\",\"name\":\"Jujuy fue elegida para presidir el Consejo Federal Minero - Muy Jujuy\",\"isPartOf\":{\"@id\":\"https:\\\/\\\/www.muyjujuy.com\\\/#website\"},\"primaryImageOfPage\":{\"@id\":\"https:\\\/\\\/www.muyjujuy.com\\\/index.php\\\/2022\\\/10\\\/20\\\/jujuy-fue-elegida-para-presidir-el-consejo-federal-minero\\\/#primaryimage\"},\"image\":{\"@id\":\"https:\\\/\\\/www.muyjujuy.com\\\/index.php\\\/2022\\\/10\\\/20\\\/jujuy-fue-elegida-para-presidir-el-consejo-federal-minero\\\/#primaryimage\"},\"thumbnailUrl\":\"https:\\\/\\\/www.muyjujuy.com\\\/wp-content\\\/uploads\\\/2022\\\/10\\\/WhatsApp-Image-2022-10-20-at-13.31.07.jpeg\",\"datePublished\":\"2022-10-20T16:42:58+00:00\",\"dateModified\":\"2022-10-20T16:43:32+00:00\",\"description\":\"El secretario de Miner\u00eda de Jujuy, Miguel Soler, ser\u00e1 el nuevo titular del Consejo Federal Minero y apost\u00f3 a profundizar el trabajo regional.\",\"breadcrumb\":{\"@id\":\"https:\\\/\\\/www.muyjujuy.com\\\/index.php\\\/2022\\\/10\\\/20\\\/jujuy-fue-elegida-para-presidir-el-consejo-federal-minero\\\/#breadcrumb\"},\"inLanguage\":\"es-AR\",\"potentialAction\":[{\"@type\":\"ReadAction\",\"target\":[\"https:\\\/\\\/www.muyjujuy.com\\\/index.php\\\/2022\\\/10\\\/20\\\/jujuy-fue-elegida-para-presidir-el-consejo-federal-minero\\\/\"]}]},{\"@type\":\"ImageObject\",\"inLanguage\":\"es-AR\",\"@id\":\"https:\\\/\\\/www.muyjujuy.com\\\/index.php\\\/2022\\\/10\\\/20\\\/jujuy-fue-elegida-para-presidir-el-consejo-federal-minero\\\/#primaryimage\",\"url\":\"https:\\\/\\\/www.muyjujuy.com\\\/wp-content\\\/uploads\\\/2022\\\/10\\\/WhatsApp-Image-2022-10-20-at-13.31.07.jpeg\",\"contentUrl\":\"https:\\\/\\\/www.muyjujuy.com\\\/wp-content\\\/uploads\\\/2022\\\/10\\\/WhatsApp-Image-2022-10-20-at-13.31.07.jpeg\",\"width\":1200,\"height\":725},{\"@type\":\"BreadcrumbList\",\"@id\":\"https:\\\/\\\/www.muyjujuy.com\\\/index.php\\\/2022\\\/10\\\/20\\\/jujuy-fue-elegida-para-presidir-el-consejo-federal-minero\\\/#breadcrumb\",\"itemListElement\":[{\"@type\":\"ListItem\",\"position\":1,\"name\":\"Inicio\",\"item\":\"https:\\\/\\\/www.muyjujuy.com\\\/\"},{\"@type\":\"ListItem\",\"position\":2,\"name\":\"Jujuy fue elegida para presidir el Consejo Federal Minero\"}]},{\"@type\":\"WebSite\",\"@id\":\"https:\\\/\\\/www.muyjujuy.com\\\/#website\",\"url\":\"https:\\\/\\\/www.muyjujuy.com\\\/\",\"name\":\"Muy Jujuy\",\"description\":\"\",\"publisher\":{\"@id\":\"https:\\\/\\\/www.muyjujuy.com\\\/#organization\"},\"potentialAction\":[{\"@type\":\"SearchAction\",\"target\":{\"@type\":\"EntryPoint\",\"urlTemplate\":\"https:\\\/\\\/www.muyjujuy.com\\\/?s={search_term_string}\"},\"query-input\":{\"@type\":\"PropertyValueSpecification\",\"valueRequired\":true,\"valueName\":\"search_term_string\"}}],\"inLanguage\":\"es-AR\"},{\"@type\":\"Organization\",\"@id\":\"https:\\\/\\\/www.muyjujuy.com\\\/#organization\",\"name\":\"Muy Jujuy\",\"url\":\"https:\\\/\\\/www.muyjujuy.com\\\/\",\"logo\":{\"@type\":\"ImageObject\",\"inLanguage\":\"es-AR\",\"@id\":\"https:\\\/\\\/www.muyjujuy.com\\\/#\\\/schema\\\/logo\\\/image\\\/\",\"url\":\"http:\\\/\\\/www.muyjujuy.com\\\/wp-content\\\/uploads\\\/2022\\\/05\\\/logo-mobil-jujuy.png\",\"contentUrl\":\"http:\\\/\\\/www.muyjujuy.com\\\/wp-content\\\/uploads\\\/2022\\\/05\\\/logo-mobil-jujuy.png\",\"width\":174,\"height\":81,\"caption\":\"Muy Jujuy\"},\"image\":{\"@id\":\"https:\\\/\\\/www.muyjujuy.com\\\/#\\\/schema\\\/logo\\\/image\\\/\"},\"sameAs\":[\"https:\\\/\\\/www.facebook.com\\\/muyjujuycom\",\"https:\\\/\\\/x.com\\\/muyjujuy\",\"https:\\\/\\\/www.instagram.com\\\/muyjujuycom\"]},{\"@type\":\"Person\",\"@id\":\"https:\\\/\\\/www.muyjujuy.com\\\/#\\\/schema\\\/person\\\/1d0f6e223ccea9e3f9034c1a5b683bf2\",\"name\":\"Redacci\u00f3n Muy Jujuy\",\"image\":{\"@type\":\"ImageObject\",\"inLanguage\":\"es-AR\",\"@id\":\"https:\\\/\\\/secure.gravatar.com\\\/avatar\\\/fec5f6f1893d741ed5eecccff109ce43e67a855411202a3212a058cb8e5c27d4?s=96&d=mm&r=g\",\"url\":\"https:\\\/\\\/secure.gravatar.com\\\/avatar\\\/fec5f6f1893d741ed5eecccff109ce43e67a855411202a3212a058cb8e5c27d4?s=96&d=mm&r=g\",\"contentUrl\":\"https:\\\/\\\/secure.gravatar.com\\\/avatar\\\/fec5f6f1893d741ed5eecccff109ce43e67a855411202a3212a058cb8e5c27d4?s=96&d=mm&r=g\",\"caption\":\"Redacci\u00f3n Muy Jujuy\"},\"url\":\"https:\\\/\\\/www.muyjujuy.com\\\/index.php\\\/author\\\/editor\\\/\"}]}<\/script>\n<!-- \/ Yoast SEO plugin. -->","yoast_head_json":{"title":"Jujuy fue elegida para presidir el Consejo Federal Minero - Muy Jujuy","description":"El secretario de Miner\u00eda de Jujuy, Miguel Soler, ser\u00e1 el nuevo titular del Consejo Federal Minero y apost\u00f3 a profundizar el trabajo regional.","robots":{"index":"index","follow":"follow","max-snippet":"max-snippet:-1","max-image-preview":"max-image-preview:large","max-video-preview":"max-video-preview:-1"},"canonical":"https:\/\/www.muyjujuy.com\/index.php\/2022\/10\/20\/jujuy-fue-elegida-para-presidir-el-consejo-federal-minero\/","og_locale":"es_ES","og_type":"article","og_title":"Jujuy fue elegida para presidir el Consejo Federal Minero - Muy Jujuy","og_description":"El secretario de Miner\u00eda de Jujuy, Miguel Soler, ser\u00e1 el nuevo titular del Consejo Federal Minero y apost\u00f3 a profundizar el trabajo regional.","og_url":"https:\/\/www.muyjujuy.com\/index.php\/2022\/10\/20\/jujuy-fue-elegida-para-presidir-el-consejo-federal-minero\/","og_site_name":"Muy Jujuy","article_publisher":"https:\/\/www.facebook.com\/muyjujuycom","article_published_time":"2022-10-20T16:42:58+00:00","article_modified_time":"2022-10-20T16:43:32+00:00","og_image":[{"width":1200,"height":725,"url":"https:\/\/www.muyjujuy.com\/wp-content\/uploads\/2022\/10\/WhatsApp-Image-2022-10-20-at-13.31.07.jpeg","type":"image\/jpeg"}],"author":"Redacci\u00f3n Muy Jujuy","twitter_card":"summary_large_image","twitter_creator":"@muyjujuy","twitter_site":"@muyjujuy","twitter_misc":{"Escrito por":"Redacci\u00f3n Muy Jujuy","Tiempo de lectura":"3 minutos"},"schema":{"@context":"https:\/\/schema.org","@graph":[{"@type":"Article","@id":"https:\/\/www.muyjujuy.com\/index.php\/2022\/10\/20\/jujuy-fue-elegida-para-presidir-el-consejo-federal-minero\/#article","isPartOf":{"@id":"https:\/\/www.muyjujuy.com\/index.php\/2022\/10\/20\/jujuy-fue-elegida-para-presidir-el-consejo-federal-minero\/"},"author":{"name":"Redacci\u00f3n Muy Jujuy","@id":"https:\/\/www.muyjujuy.com\/#\/schema\/person\/1d0f6e223ccea9e3f9034c1a5b683bf2"},"headline":"Jujuy fue elegida para presidir el Consejo Federal Minero","datePublished":"2022-10-20T16:42:58+00:00","dateModified":"2022-10-20T16:43:32+00:00","mainEntityOfPage":{"@id":"https:\/\/www.muyjujuy.com\/index.php\/2022\/10\/20\/jujuy-fue-elegida-para-presidir-el-consejo-federal-minero\/"},"wordCount":623,"commentCount":0,"publisher":{"@id":"https:\/\/www.muyjujuy.com\/#organization"},"image":{"@id":"https:\/\/www.muyjujuy.com\/index.php\/2022\/10\/20\/jujuy-fue-elegida-para-presidir-el-consejo-federal-minero\/#primaryimage"},"thumbnailUrl":"https:\/\/www.muyjujuy.com\/wp-content\/uploads\/2022\/10\/WhatsApp-Image-2022-10-20-at-13.31.07.jpeg","keywords":["Jujuy","Miner\u00eda"],"articleSection":["Pol\u00edtica"],"inLanguage":"es-AR","potentialAction":[{"@type":"CommentAction","name":"Comment","target":["https:\/\/www.muyjujuy.com\/index.php\/2022\/10\/20\/jujuy-fue-elegida-para-presidir-el-consejo-federal-minero\/#respond"]}]},{"@type":"WebPage","@id":"https:\/\/www.muyjujuy.com\/index.php\/2022\/10\/20\/jujuy-fue-elegida-para-presidir-el-consejo-federal-minero\/","url":"https:\/\/www.muyjujuy.com\/index.php\/2022\/10\/20\/jujuy-fue-elegida-para-presidir-el-consejo-federal-minero\/","name":"Jujuy fue elegida para presidir el Consejo Federal Minero - Muy Jujuy","isPartOf":{"@id":"https:\/\/www.muyjujuy.com\/#website"},"primaryImageOfPage":{"@id":"https:\/\/www.muyjujuy.com\/index.php\/2022\/10\/20\/jujuy-fue-elegida-para-presidir-el-consejo-federal-minero\/#primaryimage"},"image":{"@id":"https:\/\/www.muyjujuy.com\/index.php\/2022\/10\/20\/jujuy-fue-elegida-para-presidir-el-consejo-federal-minero\/#primaryimage"},"thumbnailUrl":"https:\/\/www.muyjujuy.com\/wp-content\/uploads\/2022\/10\/WhatsApp-Image-2022-10-20-at-13.31.07.jpeg","datePublished":"2022-10-20T16:42:58+00:00","dateModified":"2022-10-20T16:43:32+00:00","description":"El secretario de Miner\u00eda de Jujuy, Miguel Soler, ser\u00e1 el nuevo titular del Consejo Federal Minero y apost\u00f3 a profundizar el trabajo regional.","breadcrumb":{"@id":"https:\/\/www.muyjujuy.com\/index.php\/2022\/10\/20\/jujuy-fue-elegida-para-presidir-el-consejo-federal-minero\/#breadcrumb"},"inLanguage":"es-AR","potentialAction":[{"@type":"ReadAction","target":["https:\/\/www.muyjujuy.com\/index.php\/2022\/10\/20\/jujuy-fue-elegida-para-presidir-el-consejo-federal-minero\/"]}]},{"@type":"ImageObject","inLanguage":"es-AR","@id":"https:\/\/www.muyjujuy.com\/index.php\/2022\/10\/20\/jujuy-fue-elegida-para-presidir-el-consejo-federal-minero\/#primaryimage","url":"https:\/\/www.muyjujuy.com\/wp-content\/uploads\/2022\/10\/WhatsApp-Image-2022-10-20-at-13.31.07.jpeg","contentUrl":"https:\/\/www.muyjujuy.com\/wp-content\/uploads\/2022\/10\/WhatsApp-Image-2022-10-20-at-13.31.07.jpeg","width":1200,"height":725},{"@type":"BreadcrumbList","@id":"https:\/\/www.muyjujuy.com\/index.php\/2022\/10\/20\/jujuy-fue-elegida-para-presidir-el-consejo-federal-minero\/#breadcrumb","itemListElement":[{"@type":"ListItem","position":1,"name":"Inicio","item":"https:\/\/www.muyjujuy.com\/"},{"@type":"ListItem","position":2,"name":"Jujuy fue elegida para presidir el Consejo Federal Minero"}]},{"@type":"WebSite","@id":"https:\/\/www.muyjujuy.com\/#website","url":"https:\/\/www.muyjujuy.com\/","name":"Muy Jujuy","description":"","publisher":{"@id":"https:\/\/www.muyjujuy.com\/#organization"},"potentialAction":[{"@type":"SearchAction","target":{"@type":"EntryPoint","urlTemplate":"https:\/\/www.muyjujuy.com\/?s={search_term_string}"},"query-input":{"@type":"PropertyValueSpecification","valueRequired":true,"valueName":"search_term_string"}}],"inLanguage":"es-AR"},{"@type":"Organization","@id":"https:\/\/www.muyjujuy.com\/#organization","name":"Muy Jujuy","url":"https:\/\/www.muyjujuy.com\/","logo":{"@type":"ImageObject","inLanguage":"es-AR","@id":"https:\/\/www.muyjujuy.com\/#\/schema\/logo\/image\/","url":"http:\/\/www.muyjujuy.com\/wp-content\/uploads\/2022\/05\/logo-mobil-jujuy.png","contentUrl":"http:\/\/www.muyjujuy.com\/wp-content\/uploads\/2022\/05\/logo-mobil-jujuy.png","width":174,"height":81,"caption":"Muy Jujuy"},"image":{"@id":"https:\/\/www.muyjujuy.com\/#\/schema\/logo\/image\/"},"sameAs":["https:\/\/www.facebook.com\/muyjujuycom","https:\/\/x.com\/muyjujuy","https:\/\/www.instagram.com\/muyjujuycom"]},{"@type":"Person","@id":"https:\/\/www.muyjujuy.com\/#\/schema\/person\/1d0f6e223ccea9e3f9034c1a5b683bf2","name":"Redacci\u00f3n Muy Jujuy","image":{"@type":"ImageObject","inLanguage":"es-AR","@id":"https:\/\/secure.gravatar.com\/avatar\/fec5f6f1893d741ed5eecccff109ce43e67a855411202a3212a058cb8e5c27d4?s=96&d=mm&r=g","url":"https:\/\/secure.gravatar.com\/avatar\/fec5f6f1893d741ed5eecccff109ce43e67a855411202a3212a058cb8e5c27d4?s=96&d=mm&r=g","contentUrl":"https:\/\/secure.gravatar.com\/avatar\/fec5f6f1893d741ed5eecccff109ce43e67a855411202a3212a058cb8e5c27d4?s=96&d=mm&r=g","caption":"Redacci\u00f3n Muy Jujuy"},"url":"https:\/\/www.muyjujuy.com\/index.php\/author\/editor\/"}]}},"_links":{"self":[{"href":"https:\/\/www.muyjujuy.com\/index.php\/wp-json\/wp\/v2\/posts\/1831","targetHints":{"allow":["GET"]}}],"collection":[{"href":"https:\/\/www.muyjujuy.com\/index.php\/wp-json\/wp\/v2\/posts"}],"about":[{"href":"https:\/\/www.muyjujuy.com\/index.php\/wp-json\/wp\/v2\/types\/post"}],"author":[{"embeddable":true,"href":"https:\/\/www.muyjujuy.com\/index.php\/wp-json\/wp\/v2\/users\/3"}],"replies":[{"embeddable":true,"href":"https:\/\/www.muyjujuy.com\/index.php\/wp-json\/wp\/v2\/comments?post=1831"}],"version-history":[{"count":2,"href":"https:\/\/www.muyjujuy.com\/index.php\/wp-json\/wp\/v2\/posts\/1831\/revisions"}],"predecessor-version":[{"id":1835,"href":"https:\/\/www.muyjujuy.com\/index.php\/wp-json\/wp\/v2\/posts\/1831\/revisions\/1835"}],"wp:featuredmedia":[{"embeddable":true,"href":"https:\/\/www.muyjujuy.com\/index.php\/wp-json\/wp\/v2\/media\/1833"}],"wp:attachment":[{"href":"https:\/\/www.muyjujuy.com\/index.php\/wp-json\/wp\/v2\/media?parent=1831"}],"wp:term":[{"taxonomy":"category","embeddable":true,"href":"https:\/\/www.muyjujuy.com\/index.php\/wp-json\/wp\/v2\/categories?post=1831"},{"taxonomy":"post_tag","embeddable":true,"href":"https:\/\/www.muyjujuy.com\/index.php\/wp-json\/wp\/v2\/tags?post=1831"}],"curies":[{"name":"wp","href":"https:\/\/api.w.org\/{rel}","templated":true}]}}