{"id":1836,"date":"2022-10-21T14:13:06","date_gmt":"2022-10-21T17:13:06","guid":{"rendered":"https:\/\/www.muyjujuy.com\/?p=1836"},"modified":"2022-10-21T14:13:07","modified_gmt":"2022-10-21T17:13:07","slug":"gerardo-morales-reafirmo-el-protagonismo-de-jujuy-en-la-agenda-mundial","status":"publish","type":"post","link":"https:\/\/www.muyjujuy.com\/index.php\/2022\/10\/21\/gerardo-morales-reafirmo-el-protagonismo-de-jujuy-en-la-agenda-mundial\/","title":{"rendered":"Gerardo Morales reafirm\u00f3 el protagonismo de Jujuy en la agenda mundial"},"content":{"rendered":"\n<p><em>El gobernante habl\u00f3 sobre la matriz productiva y energ\u00e9tica que tiene Jujuy y que es clave para el futuro del pa\u00eds y de la regi\u00f3n.<\/em><\/p>\n\n\n\n<p><br>El gobernador de Jujuy, <strong>Gerardo Morales, <\/strong>particip\u00f3 de la <strong>XVII Cumbre Mundial de Comunicaci\u00f3n Pol\u00edtica <\/strong>que se celebra en la Ciudad de Buenos Aires y reafirm\u00f3 el rol protag\u00f3nico de la provincia. <\/p>\n\n\n\n<p>El gobernante expuso el modelo de <strong>desarrollo sustentable de Jujuy, basado en la producci\u00f3n de litio, generaci\u00f3n de energ\u00edas renovables<\/strong>, fabricaci\u00f3n local de bater\u00edas de litio, producci\u00f3n de cannabis con fines medicinales, turismo, agroalimentos, hidr\u00f3geno verde, desarrollo cient\u00edfico y tecnol\u00f3gico y econom\u00eda del conocimiento.<\/p>\n\n\n\n<p>Bajo el t\u00edtulo, &#8220;Jujuy: La agenda del futuro&#8221; el gobernante <strong>detall\u00f3 los pilares principales en que se afirma el modelo de desarrollo sustentable de Jujuy<\/strong>. A trav\u00e9s del cual se impulsa la producci\u00f3n de litio; la generaci\u00f3n de energ\u00eda solar con la planta fotovoltaica Cauchari de 300 Mw, que se ampliar\u00e1 a 500 Mw y que participa su renta a comunidades originarias. <\/p>\n\n\n\n<h2 class=\"wp-block-heading\"><strong>Jujuy sustentable<\/strong><\/h2>\n\n\n\n<p>Tambi\u00e9n<strong> el proyecto de fabricaci\u00f3n local de bater\u00edas de litio para atender la demanda que vendr\u00e1 de la mano de la movilidad el\u00e9ctrica;<\/strong> la producci\u00f3n de cannabis con fines cient\u00edficos y medicinales que lleva a disponer de c\u00e1\u00f1amo para destinar a biopl\u00e1stico y fibras textiles.<\/p>\n\n\n\n<p>La planta de energ\u00eda termo-fotovoltaica en alianza estrat\u00e9gica con INVAP;<strong> la iniciativa para producir hidr\u00f3geno verde; la creaci\u00f3n de pueblos solares; la producci\u00f3n de energ\u00eda renovable distribuida para consumir en Jujuy. <\/strong>Colocaci\u00f3n de un Bono Verde en el mercado internacional; el freno a la deforestaci\u00f3n; y el tratamiento integral de residuos s\u00f3lidos urbanos (GIRSU) para terminar con el problema de la basura y <strong>cerrar a fin de a\u00f1o 70 basurales a cielo abierto, dando inicio a los procesos de remediaci\u00f3n de los ya clausurados.<\/strong><\/p>\n\n\n\n<p>Morales subray\u00f3 que <strong>&#8220;estos logros son la consecuencia de la declaraci\u00f3n de Jujuy Provincia Verde&#8221;.<\/strong> &#8220;A partir del compromiso asumido de cara a la agenda global de lucha contra el cambio clim\u00e1tico y cuidado del planeta&#8221;, indic\u00f3.<\/p>\n\n\n\n<p><strong> \u201cEsta tiene que ser la plataforma de pol\u00edticas de estado lo antes posible\u201d,<\/strong> remarc\u00f3.<\/p>\n\n\n\n<p>Adem\u00e1s, traz\u00f3 un an\u00e1lisis del escenario geopol\u00edtico y remarc\u00f3 la importancia de las energ\u00edas limpias y litio. Tambi\u00e9n advirti\u00f3 sobre el cambio clim\u00e1tico.<\/p>\n\n\n\n<p>Morales profundiz\u00f3 sus conceptos y apunt\u00f3 a la situaci\u00f3n pol\u00edtica en Europa impulsa los procesos de transici\u00f3n de la matriz energ\u00e9tica a energ\u00edas renovables basados en litio.\u00a0<\/p>\n\n\n\n<p>Asever\u00f3 que este panorama resulta favorable la Argentina y en particular a Jujuy. En la provincia, <strong>solo en litio exportar\u00e1 3.000 millones de d\u00f3lares el a\u00f1o pr\u00f3ximo<\/strong>. Y como jurisdicci\u00f3n integrante del denominado <strong>\u201cTri\u00e1ngulo del Litio\u201d, <\/strong>con Salta y Catamarca en tres a\u00f1os se exportar\u00e1 9.000 millones de d\u00f3lares solamente en litio.\u00a0<\/p>\n","protected":false},"excerpt":{"rendered":"<p>El gobernante habl\u00f3 sobre la matriz productiva y energ\u00e9tica que tiene Jujuy y que es clave para el futuro del pa\u00eds y de la regi\u00f3n. El gobernador de Jujuy, Gerardo Morales, particip\u00f3 de la XVII Cumbre Mundial de Comunicaci\u00f3n Pol\u00edtica que se celebra en la Ciudad de Buenos Aires y reafirm\u00f3 el rol protag\u00f3nico de [&hellip;]<\/p>\n","protected":false},"author":3,"featured_media":1838,"comment_status":"open","ping_status":"open","sticky":false,"template":"","format":"standard","meta":{"footnotes":""},"categories":[24],"tags":[5,8,684],"class_list":{"0":"post-1836","1":"post","2":"type-post","3":"status-publish","4":"format-standard","5":"has-post-thumbnail","7":"category-politica","8":"tag-gerardo-morales","9":"tag-jujuy","10":"tag-litio"},"yoast_head":"<!-- This site is optimized with the Yoast SEO plugin v27.5 - https:\/\/yoast.com\/product\/yoast-seo-wordpress\/ -->\n<title>Gerardo Morales reafirm\u00f3 el protagonismo de Jujuy en la agenda mundial - Muy Jujuy<\/title>\n<meta name=\"description\" content=\"El gobernante habl\u00f3 sobre la matriz productiva y energ\u00e9tica que tiene Jujuy y que es clave para el futuro del pa\u00eds y de la regi\u00f3n.\" \/>\n<meta name=\"robots\" content=\"index, follow, max-snippet:-1, max-image-preview:large, max-video-preview:-1\" \/>\n<link rel=\"canonical\" href=\"https:\/\/www.muyjujuy.com\/index.php\/2022\/10\/21\/gerardo-morales-reafirmo-el-protagonismo-de-jujuy-en-la-agenda-mundial\/\" \/>\n<meta property=\"og:locale\" content=\"es_ES\" \/>\n<meta property=\"og:type\" content=\"article\" \/>\n<meta property=\"og:title\" content=\"Gerardo Morales reafirm\u00f3 el protagonismo de Jujuy en la agenda mundial - Muy Jujuy\" \/>\n<meta property=\"og:description\" content=\"El gobernante habl\u00f3 sobre la matriz productiva y energ\u00e9tica que tiene Jujuy y que es clave para el futuro del pa\u00eds y de la regi\u00f3n.\" \/>\n<meta property=\"og:url\" content=\"https:\/\/www.muyjujuy.com\/index.php\/2022\/10\/21\/gerardo-morales-reafirmo-el-protagonismo-de-jujuy-en-la-agenda-mundial\/\" \/>\n<meta property=\"og:site_name\" content=\"Muy Jujuy\" \/>\n<meta property=\"article:publisher\" content=\"https:\/\/www.facebook.com\/muyjujuycom\" \/>\n<meta property=\"article:published_time\" content=\"2022-10-21T17:13:06+00:00\" \/>\n<meta property=\"article:modified_time\" content=\"2022-10-21T17:13:07+00:00\" \/>\n<meta property=\"og:image\" content=\"https:\/\/www.muyjujuy.com\/wp-content\/uploads\/2022\/10\/morales-6.jpg\" \/>\n\t<meta property=\"og:image:width\" content=\"1107\" \/>\n\t<meta property=\"og:image:height\" content=\"601\" \/>\n\t<meta property=\"og:image:type\" content=\"image\/jpeg\" \/>\n<meta name=\"author\" content=\"Redacci\u00f3n Muy Jujuy\" \/>\n<meta name=\"twitter:card\" content=\"summary_large_image\" \/>\n<meta name=\"twitter:creator\" content=\"@muyjujuy\" \/>\n<meta name=\"twitter:site\" content=\"@muyjujuy\" \/>\n<meta name=\"twitter:label1\" content=\"Escrito por\" \/>\n\t<meta name=\"twitter:data1\" content=\"Redacci\u00f3n Muy Jujuy\" \/>\n\t<meta name=\"twitter:label2\" content=\"Tiempo de lectura\" \/>\n\t<meta name=\"twitter:data2\" content=\"3 minutos\" \/>\n<script type=\"application\/ld+json\" class=\"yoast-schema-graph\">{\"@context\":\"https:\\\/\\\/schema.org\",\"@graph\":[{\"@type\":\"Article\",\"@id\":\"https:\\\/\\\/www.muyjujuy.com\\\/index.php\\\/2022\\\/10\\\/21\\\/gerardo-morales-reafirmo-el-protagonismo-de-jujuy-en-la-agenda-mundial\\\/#article\",\"isPartOf\":{\"@id\":\"https:\\\/\\\/www.muyjujuy.com\\\/index.php\\\/2022\\\/10\\\/21\\\/gerardo-morales-reafirmo-el-protagonismo-de-jujuy-en-la-agenda-mundial\\\/\"},\"author\":{\"name\":\"Redacci\u00f3n Muy Jujuy\",\"@id\":\"https:\\\/\\\/www.muyjujuy.com\\\/#\\\/schema\\\/person\\\/1d0f6e223ccea9e3f9034c1a5b683bf2\"},\"headline\":\"Gerardo Morales reafirm\u00f3 el protagonismo de Jujuy en la agenda mundial\",\"datePublished\":\"2022-10-21T17:13:06+00:00\",\"dateModified\":\"2022-10-21T17:13:07+00:00\",\"mainEntityOfPage\":{\"@id\":\"https:\\\/\\\/www.muyjujuy.com\\\/index.php\\\/2022\\\/10\\\/21\\\/gerardo-morales-reafirmo-el-protagonismo-de-jujuy-en-la-agenda-mundial\\\/\"},\"wordCount\":514,\"commentCount\":0,\"publisher\":{\"@id\":\"https:\\\/\\\/www.muyjujuy.com\\\/#organization\"},\"image\":{\"@id\":\"https:\\\/\\\/www.muyjujuy.com\\\/index.php\\\/2022\\\/10\\\/21\\\/gerardo-morales-reafirmo-el-protagonismo-de-jujuy-en-la-agenda-mundial\\\/#primaryimage\"},\"thumbnailUrl\":\"https:\\\/\\\/www.muyjujuy.com\\\/wp-content\\\/uploads\\\/2022\\\/10\\\/morales-6.jpg\",\"keywords\":[\"Gerardo Morales\",\"Jujuy\",\"Litio\"],\"articleSection\":[\"Pol\u00edtica\"],\"inLanguage\":\"es-AR\",\"potentialAction\":[{\"@type\":\"CommentAction\",\"name\":\"Comment\",\"target\":[\"https:\\\/\\\/www.muyjujuy.com\\\/index.php\\\/2022\\\/10\\\/21\\\/gerardo-morales-reafirmo-el-protagonismo-de-jujuy-en-la-agenda-mundial\\\/#respond\"]}]},{\"@type\":\"WebPage\",\"@id\":\"https:\\\/\\\/www.muyjujuy.com\\\/index.php\\\/2022\\\/10\\\/21\\\/gerardo-morales-reafirmo-el-protagonismo-de-jujuy-en-la-agenda-mundial\\\/\",\"url\":\"https:\\\/\\\/www.muyjujuy.com\\\/index.php\\\/2022\\\/10\\\/21\\\/gerardo-morales-reafirmo-el-protagonismo-de-jujuy-en-la-agenda-mundial\\\/\",\"name\":\"Gerardo Morales reafirm\u00f3 el protagonismo de Jujuy en la agenda mundial - Muy Jujuy\",\"isPartOf\":{\"@id\":\"https:\\\/\\\/www.muyjujuy.com\\\/#website\"},\"primaryImageOfPage\":{\"@id\":\"https:\\\/\\\/www.muyjujuy.com\\\/index.php\\\/2022\\\/10\\\/21\\\/gerardo-morales-reafirmo-el-protagonismo-de-jujuy-en-la-agenda-mundial\\\/#primaryimage\"},\"image\":{\"@id\":\"https:\\\/\\\/www.muyjujuy.com\\\/index.php\\\/2022\\\/10\\\/21\\\/gerardo-morales-reafirmo-el-protagonismo-de-jujuy-en-la-agenda-mundial\\\/#primaryimage\"},\"thumbnailUrl\":\"https:\\\/\\\/www.muyjujuy.com\\\/wp-content\\\/uploads\\\/2022\\\/10\\\/morales-6.jpg\",\"datePublished\":\"2022-10-21T17:13:06+00:00\",\"dateModified\":\"2022-10-21T17:13:07+00:00\",\"description\":\"El gobernante habl\u00f3 sobre la matriz productiva y energ\u00e9tica que tiene Jujuy y que es clave para el futuro del pa\u00eds y de la regi\u00f3n.\",\"breadcrumb\":{\"@id\":\"https:\\\/\\\/www.muyjujuy.com\\\/index.php\\\/2022\\\/10\\\/21\\\/gerardo-morales-reafirmo-el-protagonismo-de-jujuy-en-la-agenda-mundial\\\/#breadcrumb\"},\"inLanguage\":\"es-AR\",\"potentialAction\":[{\"@type\":\"ReadAction\",\"target\":[\"https:\\\/\\\/www.muyjujuy.com\\\/index.php\\\/2022\\\/10\\\/21\\\/gerardo-morales-reafirmo-el-protagonismo-de-jujuy-en-la-agenda-mundial\\\/\"]}]},{\"@type\":\"ImageObject\",\"inLanguage\":\"es-AR\",\"@id\":\"https:\\\/\\\/www.muyjujuy.com\\\/index.php\\\/2022\\\/10\\\/21\\\/gerardo-morales-reafirmo-el-protagonismo-de-jujuy-en-la-agenda-mundial\\\/#primaryimage\",\"url\":\"https:\\\/\\\/www.muyjujuy.com\\\/wp-content\\\/uploads\\\/2022\\\/10\\\/morales-6.jpg\",\"contentUrl\":\"https:\\\/\\\/www.muyjujuy.com\\\/wp-content\\\/uploads\\\/2022\\\/10\\\/morales-6.jpg\",\"width\":1107,\"height\":601},{\"@type\":\"BreadcrumbList\",\"@id\":\"https:\\\/\\\/www.muyjujuy.com\\\/index.php\\\/2022\\\/10\\\/21\\\/gerardo-morales-reafirmo-el-protagonismo-de-jujuy-en-la-agenda-mundial\\\/#breadcrumb\",\"itemListElement\":[{\"@type\":\"ListItem\",\"position\":1,\"name\":\"Inicio\",\"item\":\"https:\\\/\\\/www.muyjujuy.com\\\/\"},{\"@type\":\"ListItem\",\"position\":2,\"name\":\"Gerardo Morales reafirm\u00f3 el protagonismo de Jujuy en la agenda mundial\"}]},{\"@type\":\"WebSite\",\"@id\":\"https:\\\/\\\/www.muyjujuy.com\\\/#website\",\"url\":\"https:\\\/\\\/www.muyjujuy.com\\\/\",\"name\":\"Muy Jujuy\",\"description\":\"\",\"publisher\":{\"@id\":\"https:\\\/\\\/www.muyjujuy.com\\\/#organization\"},\"potentialAction\":[{\"@type\":\"SearchAction\",\"target\":{\"@type\":\"EntryPoint\",\"urlTemplate\":\"https:\\\/\\\/www.muyjujuy.com\\\/?s={search_term_string}\"},\"query-input\":{\"@type\":\"PropertyValueSpecification\",\"valueRequired\":true,\"valueName\":\"search_term_string\"}}],\"inLanguage\":\"es-AR\"},{\"@type\":\"Organization\",\"@id\":\"https:\\\/\\\/www.muyjujuy.com\\\/#organization\",\"name\":\"Muy Jujuy\",\"url\":\"https:\\\/\\\/www.muyjujuy.com\\\/\",\"logo\":{\"@type\":\"ImageObject\",\"inLanguage\":\"es-AR\",\"@id\":\"https:\\\/\\\/www.muyjujuy.com\\\/#\\\/schema\\\/logo\\\/image\\\/\",\"url\":\"http:\\\/\\\/www.muyjujuy.com\\\/wp-content\\\/uploads\\\/2022\\\/05\\\/logo-mobil-jujuy.png\",\"contentUrl\":\"http:\\\/\\\/www.muyjujuy.com\\\/wp-content\\\/uploads\\\/2022\\\/05\\\/logo-mobil-jujuy.png\",\"width\":174,\"height\":81,\"caption\":\"Muy Jujuy\"},\"image\":{\"@id\":\"https:\\\/\\\/www.muyjujuy.com\\\/#\\\/schema\\\/logo\\\/image\\\/\"},\"sameAs\":[\"https:\\\/\\\/www.facebook.com\\\/muyjujuycom\",\"https:\\\/\\\/x.com\\\/muyjujuy\",\"https:\\\/\\\/www.instagram.com\\\/muyjujuycom\"]},{\"@type\":\"Person\",\"@id\":\"https:\\\/\\\/www.muyjujuy.com\\\/#\\\/schema\\\/person\\\/1d0f6e223ccea9e3f9034c1a5b683bf2\",\"name\":\"Redacci\u00f3n Muy Jujuy\",\"image\":{\"@type\":\"ImageObject\",\"inLanguage\":\"es-AR\",\"@id\":\"https:\\\/\\\/secure.gravatar.com\\\/avatar\\\/fec5f6f1893d741ed5eecccff109ce43e67a855411202a3212a058cb8e5c27d4?s=96&d=mm&r=g\",\"url\":\"https:\\\/\\\/secure.gravatar.com\\\/avatar\\\/fec5f6f1893d741ed5eecccff109ce43e67a855411202a3212a058cb8e5c27d4?s=96&d=mm&r=g\",\"contentUrl\":\"https:\\\/\\\/secure.gravatar.com\\\/avatar\\\/fec5f6f1893d741ed5eecccff109ce43e67a855411202a3212a058cb8e5c27d4?s=96&d=mm&r=g\",\"caption\":\"Redacci\u00f3n Muy Jujuy\"},\"url\":\"https:\\\/\\\/www.muyjujuy.com\\\/index.php\\\/author\\\/editor\\\/\"}]}<\/script>\n<!-- \/ Yoast SEO plugin. -->","yoast_head_json":{"title":"Gerardo Morales reafirm\u00f3 el protagonismo de Jujuy en la agenda mundial - Muy Jujuy","description":"El gobernante habl\u00f3 sobre la matriz productiva y energ\u00e9tica que tiene Jujuy y que es clave para el futuro del pa\u00eds y de la regi\u00f3n.","robots":{"index":"index","follow":"follow","max-snippet":"max-snippet:-1","max-image-preview":"max-image-preview:large","max-video-preview":"max-video-preview:-1"},"canonical":"https:\/\/www.muyjujuy.com\/index.php\/2022\/10\/21\/gerardo-morales-reafirmo-el-protagonismo-de-jujuy-en-la-agenda-mundial\/","og_locale":"es_ES","og_type":"article","og_title":"Gerardo Morales reafirm\u00f3 el protagonismo de Jujuy en la agenda mundial - Muy Jujuy","og_description":"El gobernante habl\u00f3 sobre la matriz productiva y energ\u00e9tica que tiene Jujuy y que es clave para el futuro del pa\u00eds y de la regi\u00f3n.","og_url":"https:\/\/www.muyjujuy.com\/index.php\/2022\/10\/21\/gerardo-morales-reafirmo-el-protagonismo-de-jujuy-en-la-agenda-mundial\/","og_site_name":"Muy Jujuy","article_publisher":"https:\/\/www.facebook.com\/muyjujuycom","article_published_time":"2022-10-21T17:13:06+00:00","article_modified_time":"2022-10-21T17:13:07+00:00","og_image":[{"width":1107,"height":601,"url":"https:\/\/www.muyjujuy.com\/wp-content\/uploads\/2022\/10\/morales-6.jpg","type":"image\/jpeg"}],"author":"Redacci\u00f3n Muy Jujuy","twitter_card":"summary_large_image","twitter_creator":"@muyjujuy","twitter_site":"@muyjujuy","twitter_misc":{"Escrito por":"Redacci\u00f3n Muy Jujuy","Tiempo de lectura":"3 minutos"},"schema":{"@context":"https:\/\/schema.org","@graph":[{"@type":"Article","@id":"https:\/\/www.muyjujuy.com\/index.php\/2022\/10\/21\/gerardo-morales-reafirmo-el-protagonismo-de-jujuy-en-la-agenda-mundial\/#article","isPartOf":{"@id":"https:\/\/www.muyjujuy.com\/index.php\/2022\/10\/21\/gerardo-morales-reafirmo-el-protagonismo-de-jujuy-en-la-agenda-mundial\/"},"author":{"name":"Redacci\u00f3n Muy Jujuy","@id":"https:\/\/www.muyjujuy.com\/#\/schema\/person\/1d0f6e223ccea9e3f9034c1a5b683bf2"},"headline":"Gerardo Morales reafirm\u00f3 el protagonismo de Jujuy en la agenda mundial","datePublished":"2022-10-21T17:13:06+00:00","dateModified":"2022-10-21T17:13:07+00:00","mainEntityOfPage":{"@id":"https:\/\/www.muyjujuy.com\/index.php\/2022\/10\/21\/gerardo-morales-reafirmo-el-protagonismo-de-jujuy-en-la-agenda-mundial\/"},"wordCount":514,"commentCount":0,"publisher":{"@id":"https:\/\/www.muyjujuy.com\/#organization"},"image":{"@id":"https:\/\/www.muyjujuy.com\/index.php\/2022\/10\/21\/gerardo-morales-reafirmo-el-protagonismo-de-jujuy-en-la-agenda-mundial\/#primaryimage"},"thumbnailUrl":"https:\/\/www.muyjujuy.com\/wp-content\/uploads\/2022\/10\/morales-6.jpg","keywords":["Gerardo Morales","Jujuy","Litio"],"articleSection":["Pol\u00edtica"],"inLanguage":"es-AR","potentialAction":[{"@type":"CommentAction","name":"Comment","target":["https:\/\/www.muyjujuy.com\/index.php\/2022\/10\/21\/gerardo-morales-reafirmo-el-protagonismo-de-jujuy-en-la-agenda-mundial\/#respond"]}]},{"@type":"WebPage","@id":"https:\/\/www.muyjujuy.com\/index.php\/2022\/10\/21\/gerardo-morales-reafirmo-el-protagonismo-de-jujuy-en-la-agenda-mundial\/","url":"https:\/\/www.muyjujuy.com\/index.php\/2022\/10\/21\/gerardo-morales-reafirmo-el-protagonismo-de-jujuy-en-la-agenda-mundial\/","name":"Gerardo Morales reafirm\u00f3 el protagonismo de Jujuy en la agenda mundial - Muy Jujuy","isPartOf":{"@id":"https:\/\/www.muyjujuy.com\/#website"},"primaryImageOfPage":{"@id":"https:\/\/www.muyjujuy.com\/index.php\/2022\/10\/21\/gerardo-morales-reafirmo-el-protagonismo-de-jujuy-en-la-agenda-mundial\/#primaryimage"},"image":{"@id":"https:\/\/www.muyjujuy.com\/index.php\/2022\/10\/21\/gerardo-morales-reafirmo-el-protagonismo-de-jujuy-en-la-agenda-mundial\/#primaryimage"},"thumbnailUrl":"https:\/\/www.muyjujuy.com\/wp-content\/uploads\/2022\/10\/morales-6.jpg","datePublished":"2022-10-21T17:13:06+00:00","dateModified":"2022-10-21T17:13:07+00:00","description":"El gobernante habl\u00f3 sobre la matriz productiva y energ\u00e9tica que tiene Jujuy y que es clave para el futuro del pa\u00eds y de la regi\u00f3n.","breadcrumb":{"@id":"https:\/\/www.muyjujuy.com\/index.php\/2022\/10\/21\/gerardo-morales-reafirmo-el-protagonismo-de-jujuy-en-la-agenda-mundial\/#breadcrumb"},"inLanguage":"es-AR","potentialAction":[{"@type":"ReadAction","target":["https:\/\/www.muyjujuy.com\/index.php\/2022\/10\/21\/gerardo-morales-reafirmo-el-protagonismo-de-jujuy-en-la-agenda-mundial\/"]}]},{"@type":"ImageObject","inLanguage":"es-AR","@id":"https:\/\/www.muyjujuy.com\/index.php\/2022\/10\/21\/gerardo-morales-reafirmo-el-protagonismo-de-jujuy-en-la-agenda-mundial\/#primaryimage","url":"https:\/\/www.muyjujuy.com\/wp-content\/uploads\/2022\/10\/morales-6.jpg","contentUrl":"https:\/\/www.muyjujuy.com\/wp-content\/uploads\/2022\/10\/morales-6.jpg","width":1107,"height":601},{"@type":"BreadcrumbList","@id":"https:\/\/www.muyjujuy.com\/index.php\/2022\/10\/21\/gerardo-morales-reafirmo-el-protagonismo-de-jujuy-en-la-agenda-mundial\/#breadcrumb","itemListElement":[{"@type":"ListItem","position":1,"name":"Inicio","item":"https:\/\/www.muyjujuy.com\/"},{"@type":"ListItem","position":2,"name":"Gerardo Morales reafirm\u00f3 el protagonismo de Jujuy en la agenda mundial"}]},{"@type":"WebSite","@id":"https:\/\/www.muyjujuy.com\/#website","url":"https:\/\/www.muyjujuy.com\/","name":"Muy Jujuy","description":"","publisher":{"@id":"https:\/\/www.muyjujuy.com\/#organization"},"potentialAction":[{"@type":"SearchAction","target":{"@type":"EntryPoint","urlTemplate":"https:\/\/www.muyjujuy.com\/?s={search_term_string}"},"query-input":{"@type":"PropertyValueSpecification","valueRequired":true,"valueName":"search_term_string"}}],"inLanguage":"es-AR"},{"@type":"Organization","@id":"https:\/\/www.muyjujuy.com\/#organization","name":"Muy Jujuy","url":"https:\/\/www.muyjujuy.com\/","logo":{"@type":"ImageObject","inLanguage":"es-AR","@id":"https:\/\/www.muyjujuy.com\/#\/schema\/logo\/image\/","url":"http:\/\/www.muyjujuy.com\/wp-content\/uploads\/2022\/05\/logo-mobil-jujuy.png","contentUrl":"http:\/\/www.muyjujuy.com\/wp-content\/uploads\/2022\/05\/logo-mobil-jujuy.png","width":174,"height":81,"caption":"Muy Jujuy"},"image":{"@id":"https:\/\/www.muyjujuy.com\/#\/schema\/logo\/image\/"},"sameAs":["https:\/\/www.facebook.com\/muyjujuycom","https:\/\/x.com\/muyjujuy","https:\/\/www.instagram.com\/muyjujuycom"]},{"@type":"Person","@id":"https:\/\/www.muyjujuy.com\/#\/schema\/person\/1d0f6e223ccea9e3f9034c1a5b683bf2","name":"Redacci\u00f3n Muy Jujuy","image":{"@type":"ImageObject","inLanguage":"es-AR","@id":"https:\/\/secure.gravatar.com\/avatar\/fec5f6f1893d741ed5eecccff109ce43e67a855411202a3212a058cb8e5c27d4?s=96&d=mm&r=g","url":"https:\/\/secure.gravatar.com\/avatar\/fec5f6f1893d741ed5eecccff109ce43e67a855411202a3212a058cb8e5c27d4?s=96&d=mm&r=g","contentUrl":"https:\/\/secure.gravatar.com\/avatar\/fec5f6f1893d741ed5eecccff109ce43e67a855411202a3212a058cb8e5c27d4?s=96&d=mm&r=g","caption":"Redacci\u00f3n Muy Jujuy"},"url":"https:\/\/www.muyjujuy.com\/index.php\/author\/editor\/"}]}},"_links":{"self":[{"href":"https:\/\/www.muyjujuy.com\/index.php\/wp-json\/wp\/v2\/posts\/1836","targetHints":{"allow":["GET"]}}],"collection":[{"href":"https:\/\/www.muyjujuy.com\/index.php\/wp-json\/wp\/v2\/posts"}],"about":[{"href":"https:\/\/www.muyjujuy.com\/index.php\/wp-json\/wp\/v2\/types\/post"}],"author":[{"embeddable":true,"href":"https:\/\/www.muyjujuy.com\/index.php\/wp-json\/wp\/v2\/users\/3"}],"replies":[{"embeddable":true,"href":"https:\/\/www.muyjujuy.com\/index.php\/wp-json\/wp\/v2\/comments?post=1836"}],"version-history":[{"count":1,"href":"https:\/\/www.muyjujuy.com\/index.php\/wp-json\/wp\/v2\/posts\/1836\/revisions"}],"predecessor-version":[{"id":1839,"href":"https:\/\/www.muyjujuy.com\/index.php\/wp-json\/wp\/v2\/posts\/1836\/revisions\/1839"}],"wp:featuredmedia":[{"embeddable":true,"href":"https:\/\/www.muyjujuy.com\/index.php\/wp-json\/wp\/v2\/media\/1838"}],"wp:attachment":[{"href":"https:\/\/www.muyjujuy.com\/index.php\/wp-json\/wp\/v2\/media?parent=1836"}],"wp:term":[{"taxonomy":"category","embeddable":true,"href":"https:\/\/www.muyjujuy.com\/index.php\/wp-json\/wp\/v2\/categories?post=1836"},{"taxonomy":"post_tag","embeddable":true,"href":"https:\/\/www.muyjujuy.com\/index.php\/wp-json\/wp\/v2\/tags?post=1836"}],"curies":[{"name":"wp","href":"https:\/\/api.w.org\/{rel}","templated":true}]}}