{"id":1840,"date":"2022-10-21T14:37:20","date_gmt":"2022-10-21T17:37:20","guid":{"rendered":"https:\/\/www.muyjujuy.com\/?p=1840"},"modified":"2022-10-21T14:37:23","modified_gmt":"2022-10-21T17:37:23","slug":"femicidio-en-chalican-la-joven-murio-por-multiples-golpes-en-el-rostro-y-cabeza","status":"publish","type":"post","link":"https:\/\/www.muyjujuy.com\/index.php\/2022\/10\/21\/femicidio-en-chalican-la-joven-murio-por-multiples-golpes-en-el-rostro-y-cabeza\/","title":{"rendered":"Femicidio en Chalic\u00e1n: la joven muri\u00f3 por m\u00faltiples golpes en el rostro y cabeza"},"content":{"rendered":"\n<p id=\"titulo_cable\"><em>Por el femicidio de la joven de 16 a\u00f1os hay un detenido que fue apresado el jueves. El fiscal pedir\u00e1 la prisi\u00f3n preventiva.<\/em><\/p>\n\n\n\n<p><a href=\"https:\/\/www.muyjujuy.com\/index.php\/2022\/10\/19\/hallan-asesinada-a-la-adolescente-que-era-buscada-en-chalican-hay-un-detenido-por-el-femicidio\/\">Evelin Marlene Farf\u00e1n C\u00e9spedes<\/a>, la adolescente de 16 a\u00f1os encontrada asesinada en un camino interno de la empresa Ledesma en Jujuy<strong>, muri\u00f3 a ra\u00edz de m\u00faltiples golpes en el rostro y la cabeza, seg\u00fan revel\u00f3 hoy la autopsia<\/strong>.<\/p>\n\n\n\n<p>&#8220;Tal como lo informa el cuerpo m\u00e9dico forense, la causa del deceso es por traumatismos enc\u00e9falo craneano graves, como consecuencia de <strong>los m\u00faltiples golpes que recibi\u00f3 la v\u00edctima en la zona del rostro y la cabeza&#8221;, <\/strong>se\u00f1al\u00f3 el fiscal a cargo de la investigaci\u00f3n, <strong>Jos\u00e9 Alfredo Blanco<\/strong>.<\/p>\n\n\n\n<p>Los golpes provocaron<strong> &#8220;la fractura de diversas partes maxilofacial y la base del cr\u00e1neo&#8221;<\/strong>, precis\u00f3 el funcionario judicial<strong>. Se estima que la adolescente falleci\u00f3 inmediatamente despu\u00e9s del ataque.<\/strong><\/p>\n\n\n\n<p>La v\u00edctima era buscada desde el viernes pasado cuando sali\u00f3 rumbo al colegio desde su casa de la localidad juje\u00f1a de Chalic\u00e1n. <strong>Fue encontrada un pozo de agua en inmediaciones un camino interno de la ciudad de Libertador General San Mart\u00edn.<\/strong><\/p>\n\n\n\n<p>Por el femicidio detuvieron luego un joven de 18 a\u00f1os, identificado como<strong> Jos\u00e9 Alejandro M\u00e9ndez.<\/strong><\/p>\n\n\n\n<p>En la zona donde se hall\u00f3 el cuerpo se secuestr\u00f3 un elemento contundente manchado de sangre con el que se cree que golpearon a Evelin.<\/p>\n\n\n\n<h2 class=\"wp-block-heading\"><strong>Un detenido<\/strong> <strong>por el femicidio<\/strong><\/h2>\n\n\n\n<p>Sobre el presunto autor del femicidio, el fiscal Blanco manifest\u00f3 que <strong>&#8220;se solicit\u00f3 la prisi\u00f3n preventiva&#8221;<\/strong>. En tanto, en la audiencia prevista para designar a su abogado defensor <strong>se conocer\u00e1n los hechos de la acusaci\u00f3n<\/strong>. La calificaci\u00f3n legal y tendr\u00e1 la posibilidad de declarar.<\/p>\n\n\n\n<p>La fiscal\u00eda lleg\u00f3 al sospechoso por medio de una pista que surgi\u00f3 el s\u00e1bado mediante el rastreo del tel\u00e9fono celular de la v\u00edctima.<\/p>\n\n\n\n<h2 class=\"wp-block-heading\"><strong>El caso<\/strong><\/h2>\n\n\n\n<p>Evelin hab\u00eda salido de su domicilio el viernes por la tarde para recuperar una actividad escolar en el colegio al que asist\u00eda. La escuela se encontraba en la ciudad de San Pedro. Como no regres\u00f3 a su casa, ese mismo d\u00eda,<strong> su pap\u00e1, Ariel Farf\u00e1n, la llam\u00f3 a su celular, aunque no obtuvo respuesta.<\/strong><\/p>\n\n\n\n<p>Las fuentes explicaron que, por medio de un familiar, el hombre se enter\u00f3 que <strong>Evelin hab\u00eda comprado el mismo viernes un pasaje para viajar a la ciudad de Libertador General San Mart\u00edn.<\/strong><\/p>\n","protected":false},"excerpt":{"rendered":"<p>Por el femicidio de la joven de 16 a\u00f1os hay un detenido que fue apresado el jueves. El fiscal pedir\u00e1 la prisi\u00f3n preventiva. Evelin Marlene Farf\u00e1n C\u00e9spedes, la adolescente de 16 a\u00f1os encontrada asesinada en un camino interno de la empresa Ledesma en Jujuy, muri\u00f3 a ra\u00edz de m\u00faltiples golpes en el rostro y la [&hellip;]<\/p>\n","protected":false},"author":3,"featured_media":1800,"comment_status":"open","ping_status":"open","sticky":false,"template":"","format":"standard","meta":{"footnotes":""},"categories":[25],"tags":[603,8],"class_list":{"0":"post-1840","1":"post","2":"type-post","3":"status-publish","4":"format-standard","5":"has-post-thumbnail","7":"category-sociedad","8":"tag-femicidio","9":"tag-jujuy"},"yoast_head":"<!-- This site is optimized with the Yoast SEO plugin v27.5 - https:\/\/yoast.com\/product\/yoast-seo-wordpress\/ -->\n<title>Femicidio en Chalic\u00e1n: la joven muri\u00f3 por m\u00faltiples golpes en el rostro y cabeza - Muy Jujuy<\/title>\n<meta name=\"description\" content=\"Por el femicidio de la joven de 16 a\u00f1os hay un detenido que fue apresado el jueves. El fiscal pedir\u00e1 la prisi\u00f3n preventiva.\" \/>\n<meta name=\"robots\" content=\"index, follow, max-snippet:-1, max-image-preview:large, max-video-preview:-1\" \/>\n<link rel=\"canonical\" href=\"https:\/\/www.muyjujuy.com\/index.php\/2022\/10\/21\/femicidio-en-chalican-la-joven-murio-por-multiples-golpes-en-el-rostro-y-cabeza\/\" \/>\n<meta property=\"og:locale\" content=\"es_ES\" \/>\n<meta property=\"og:type\" content=\"article\" \/>\n<meta property=\"og:title\" content=\"Femicidio en Chalic\u00e1n: la joven muri\u00f3 por m\u00faltiples golpes en el rostro y cabeza - Muy Jujuy\" \/>\n<meta property=\"og:description\" content=\"Por el femicidio de la joven de 16 a\u00f1os hay un detenido que fue apresado el jueves. El fiscal pedir\u00e1 la prisi\u00f3n preventiva.\" \/>\n<meta property=\"og:url\" content=\"https:\/\/www.muyjujuy.com\/index.php\/2022\/10\/21\/femicidio-en-chalican-la-joven-murio-por-multiples-golpes-en-el-rostro-y-cabeza\/\" \/>\n<meta property=\"og:site_name\" content=\"Muy Jujuy\" \/>\n<meta property=\"article:publisher\" content=\"https:\/\/www.facebook.com\/muyjujuycom\" \/>\n<meta property=\"article:published_time\" content=\"2022-10-21T17:37:20+00:00\" \/>\n<meta property=\"article:modified_time\" content=\"2022-10-21T17:37:23+00:00\" \/>\n<meta property=\"og:image\" content=\"https:\/\/www.muyjujuy.com\/wp-content\/uploads\/2022\/10\/WhatsApp-Image-2022-10-18-at-15.33.21.jpeg\" \/>\n\t<meta property=\"og:image:width\" content=\"990\" \/>\n\t<meta property=\"og:image:height\" content=\"610\" \/>\n\t<meta property=\"og:image:type\" content=\"image\/jpeg\" \/>\n<meta name=\"author\" content=\"Redacci\u00f3n Muy Jujuy\" \/>\n<meta name=\"twitter:card\" content=\"summary_large_image\" \/>\n<meta name=\"twitter:creator\" content=\"@muyjujuy\" \/>\n<meta name=\"twitter:site\" content=\"@muyjujuy\" \/>\n<meta name=\"twitter:label1\" content=\"Escrito por\" \/>\n\t<meta name=\"twitter:data1\" content=\"Redacci\u00f3n Muy Jujuy\" \/>\n\t<meta name=\"twitter:label2\" content=\"Tiempo de lectura\" \/>\n\t<meta name=\"twitter:data2\" content=\"2 minutos\" \/>\n<script type=\"application\/ld+json\" class=\"yoast-schema-graph\">{\"@context\":\"https:\\\/\\\/schema.org\",\"@graph\":[{\"@type\":\"Article\",\"@id\":\"https:\\\/\\\/www.muyjujuy.com\\\/index.php\\\/2022\\\/10\\\/21\\\/femicidio-en-chalican-la-joven-murio-por-multiples-golpes-en-el-rostro-y-cabeza\\\/#article\",\"isPartOf\":{\"@id\":\"https:\\\/\\\/www.muyjujuy.com\\\/index.php\\\/2022\\\/10\\\/21\\\/femicidio-en-chalican-la-joven-murio-por-multiples-golpes-en-el-rostro-y-cabeza\\\/\"},\"author\":{\"name\":\"Redacci\u00f3n Muy Jujuy\",\"@id\":\"https:\\\/\\\/www.muyjujuy.com\\\/#\\\/schema\\\/person\\\/1d0f6e223ccea9e3f9034c1a5b683bf2\"},\"headline\":\"Femicidio en Chalic\u00e1n: la joven muri\u00f3 por m\u00faltiples golpes en el rostro y cabeza\",\"datePublished\":\"2022-10-21T17:37:20+00:00\",\"dateModified\":\"2022-10-21T17:37:23+00:00\",\"mainEntityOfPage\":{\"@id\":\"https:\\\/\\\/www.muyjujuy.com\\\/index.php\\\/2022\\\/10\\\/21\\\/femicidio-en-chalican-la-joven-murio-por-multiples-golpes-en-el-rostro-y-cabeza\\\/\"},\"wordCount\":426,\"commentCount\":0,\"publisher\":{\"@id\":\"https:\\\/\\\/www.muyjujuy.com\\\/#organization\"},\"image\":{\"@id\":\"https:\\\/\\\/www.muyjujuy.com\\\/index.php\\\/2022\\\/10\\\/21\\\/femicidio-en-chalican-la-joven-murio-por-multiples-golpes-en-el-rostro-y-cabeza\\\/#primaryimage\"},\"thumbnailUrl\":\"https:\\\/\\\/www.muyjujuy.com\\\/wp-content\\\/uploads\\\/2022\\\/10\\\/WhatsApp-Image-2022-10-18-at-15.33.21.jpeg\",\"keywords\":[\"Femicidio\",\"Jujuy\"],\"articleSection\":[\"Sociedad\"],\"inLanguage\":\"es-AR\",\"potentialAction\":[{\"@type\":\"CommentAction\",\"name\":\"Comment\",\"target\":[\"https:\\\/\\\/www.muyjujuy.com\\\/index.php\\\/2022\\\/10\\\/21\\\/femicidio-en-chalican-la-joven-murio-por-multiples-golpes-en-el-rostro-y-cabeza\\\/#respond\"]}]},{\"@type\":\"WebPage\",\"@id\":\"https:\\\/\\\/www.muyjujuy.com\\\/index.php\\\/2022\\\/10\\\/21\\\/femicidio-en-chalican-la-joven-murio-por-multiples-golpes-en-el-rostro-y-cabeza\\\/\",\"url\":\"https:\\\/\\\/www.muyjujuy.com\\\/index.php\\\/2022\\\/10\\\/21\\\/femicidio-en-chalican-la-joven-murio-por-multiples-golpes-en-el-rostro-y-cabeza\\\/\",\"name\":\"Femicidio en Chalic\u00e1n: la joven muri\u00f3 por m\u00faltiples golpes en el rostro y cabeza - Muy Jujuy\",\"isPartOf\":{\"@id\":\"https:\\\/\\\/www.muyjujuy.com\\\/#website\"},\"primaryImageOfPage\":{\"@id\":\"https:\\\/\\\/www.muyjujuy.com\\\/index.php\\\/2022\\\/10\\\/21\\\/femicidio-en-chalican-la-joven-murio-por-multiples-golpes-en-el-rostro-y-cabeza\\\/#primaryimage\"},\"image\":{\"@id\":\"https:\\\/\\\/www.muyjujuy.com\\\/index.php\\\/2022\\\/10\\\/21\\\/femicidio-en-chalican-la-joven-murio-por-multiples-golpes-en-el-rostro-y-cabeza\\\/#primaryimage\"},\"thumbnailUrl\":\"https:\\\/\\\/www.muyjujuy.com\\\/wp-content\\\/uploads\\\/2022\\\/10\\\/WhatsApp-Image-2022-10-18-at-15.33.21.jpeg\",\"datePublished\":\"2022-10-21T17:37:20+00:00\",\"dateModified\":\"2022-10-21T17:37:23+00:00\",\"description\":\"Por el femicidio de la joven de 16 a\u00f1os hay un detenido que fue apresado el jueves. El fiscal pedir\u00e1 la prisi\u00f3n preventiva.\",\"breadcrumb\":{\"@id\":\"https:\\\/\\\/www.muyjujuy.com\\\/index.php\\\/2022\\\/10\\\/21\\\/femicidio-en-chalican-la-joven-murio-por-multiples-golpes-en-el-rostro-y-cabeza\\\/#breadcrumb\"},\"inLanguage\":\"es-AR\",\"potentialAction\":[{\"@type\":\"ReadAction\",\"target\":[\"https:\\\/\\\/www.muyjujuy.com\\\/index.php\\\/2022\\\/10\\\/21\\\/femicidio-en-chalican-la-joven-murio-por-multiples-golpes-en-el-rostro-y-cabeza\\\/\"]}]},{\"@type\":\"ImageObject\",\"inLanguage\":\"es-AR\",\"@id\":\"https:\\\/\\\/www.muyjujuy.com\\\/index.php\\\/2022\\\/10\\\/21\\\/femicidio-en-chalican-la-joven-murio-por-multiples-golpes-en-el-rostro-y-cabeza\\\/#primaryimage\",\"url\":\"https:\\\/\\\/www.muyjujuy.com\\\/wp-content\\\/uploads\\\/2022\\\/10\\\/WhatsApp-Image-2022-10-18-at-15.33.21.jpeg\",\"contentUrl\":\"https:\\\/\\\/www.muyjujuy.com\\\/wp-content\\\/uploads\\\/2022\\\/10\\\/WhatsApp-Image-2022-10-18-at-15.33.21.jpeg\",\"width\":990,\"height\":610},{\"@type\":\"BreadcrumbList\",\"@id\":\"https:\\\/\\\/www.muyjujuy.com\\\/index.php\\\/2022\\\/10\\\/21\\\/femicidio-en-chalican-la-joven-murio-por-multiples-golpes-en-el-rostro-y-cabeza\\\/#breadcrumb\",\"itemListElement\":[{\"@type\":\"ListItem\",\"position\":1,\"name\":\"Inicio\",\"item\":\"https:\\\/\\\/www.muyjujuy.com\\\/\"},{\"@type\":\"ListItem\",\"position\":2,\"name\":\"Femicidio en Chalic\u00e1n: la joven muri\u00f3 por m\u00faltiples golpes en el rostro y cabeza\"}]},{\"@type\":\"WebSite\",\"@id\":\"https:\\\/\\\/www.muyjujuy.com\\\/#website\",\"url\":\"https:\\\/\\\/www.muyjujuy.com\\\/\",\"name\":\"Muy Jujuy\",\"description\":\"\",\"publisher\":{\"@id\":\"https:\\\/\\\/www.muyjujuy.com\\\/#organization\"},\"potentialAction\":[{\"@type\":\"SearchAction\",\"target\":{\"@type\":\"EntryPoint\",\"urlTemplate\":\"https:\\\/\\\/www.muyjujuy.com\\\/?s={search_term_string}\"},\"query-input\":{\"@type\":\"PropertyValueSpecification\",\"valueRequired\":true,\"valueName\":\"search_term_string\"}}],\"inLanguage\":\"es-AR\"},{\"@type\":\"Organization\",\"@id\":\"https:\\\/\\\/www.muyjujuy.com\\\/#organization\",\"name\":\"Muy Jujuy\",\"url\":\"https:\\\/\\\/www.muyjujuy.com\\\/\",\"logo\":{\"@type\":\"ImageObject\",\"inLanguage\":\"es-AR\",\"@id\":\"https:\\\/\\\/www.muyjujuy.com\\\/#\\\/schema\\\/logo\\\/image\\\/\",\"url\":\"http:\\\/\\\/www.muyjujuy.com\\\/wp-content\\\/uploads\\\/2022\\\/05\\\/logo-mobil-jujuy.png\",\"contentUrl\":\"http:\\\/\\\/www.muyjujuy.com\\\/wp-content\\\/uploads\\\/2022\\\/05\\\/logo-mobil-jujuy.png\",\"width\":174,\"height\":81,\"caption\":\"Muy Jujuy\"},\"image\":{\"@id\":\"https:\\\/\\\/www.muyjujuy.com\\\/#\\\/schema\\\/logo\\\/image\\\/\"},\"sameAs\":[\"https:\\\/\\\/www.facebook.com\\\/muyjujuycom\",\"https:\\\/\\\/x.com\\\/muyjujuy\",\"https:\\\/\\\/www.instagram.com\\\/muyjujuycom\"]},{\"@type\":\"Person\",\"@id\":\"https:\\\/\\\/www.muyjujuy.com\\\/#\\\/schema\\\/person\\\/1d0f6e223ccea9e3f9034c1a5b683bf2\",\"name\":\"Redacci\u00f3n Muy Jujuy\",\"image\":{\"@type\":\"ImageObject\",\"inLanguage\":\"es-AR\",\"@id\":\"https:\\\/\\\/secure.gravatar.com\\\/avatar\\\/fec5f6f1893d741ed5eecccff109ce43e67a855411202a3212a058cb8e5c27d4?s=96&d=mm&r=g\",\"url\":\"https:\\\/\\\/secure.gravatar.com\\\/avatar\\\/fec5f6f1893d741ed5eecccff109ce43e67a855411202a3212a058cb8e5c27d4?s=96&d=mm&r=g\",\"contentUrl\":\"https:\\\/\\\/secure.gravatar.com\\\/avatar\\\/fec5f6f1893d741ed5eecccff109ce43e67a855411202a3212a058cb8e5c27d4?s=96&d=mm&r=g\",\"caption\":\"Redacci\u00f3n Muy Jujuy\"},\"url\":\"https:\\\/\\\/www.muyjujuy.com\\\/index.php\\\/author\\\/editor\\\/\"}]}<\/script>\n<!-- \/ Yoast SEO plugin. -->","yoast_head_json":{"title":"Femicidio en Chalic\u00e1n: la joven muri\u00f3 por m\u00faltiples golpes en el rostro y cabeza - Muy Jujuy","description":"Por el femicidio de la joven de 16 a\u00f1os hay un detenido que fue apresado el jueves. El fiscal pedir\u00e1 la prisi\u00f3n preventiva.","robots":{"index":"index","follow":"follow","max-snippet":"max-snippet:-1","max-image-preview":"max-image-preview:large","max-video-preview":"max-video-preview:-1"},"canonical":"https:\/\/www.muyjujuy.com\/index.php\/2022\/10\/21\/femicidio-en-chalican-la-joven-murio-por-multiples-golpes-en-el-rostro-y-cabeza\/","og_locale":"es_ES","og_type":"article","og_title":"Femicidio en Chalic\u00e1n: la joven muri\u00f3 por m\u00faltiples golpes en el rostro y cabeza - Muy Jujuy","og_description":"Por el femicidio de la joven de 16 a\u00f1os hay un detenido que fue apresado el jueves. El fiscal pedir\u00e1 la prisi\u00f3n preventiva.","og_url":"https:\/\/www.muyjujuy.com\/index.php\/2022\/10\/21\/femicidio-en-chalican-la-joven-murio-por-multiples-golpes-en-el-rostro-y-cabeza\/","og_site_name":"Muy Jujuy","article_publisher":"https:\/\/www.facebook.com\/muyjujuycom","article_published_time":"2022-10-21T17:37:20+00:00","article_modified_time":"2022-10-21T17:37:23+00:00","og_image":[{"width":990,"height":610,"url":"https:\/\/www.muyjujuy.com\/wp-content\/uploads\/2022\/10\/WhatsApp-Image-2022-10-18-at-15.33.21.jpeg","type":"image\/jpeg"}],"author":"Redacci\u00f3n Muy Jujuy","twitter_card":"summary_large_image","twitter_creator":"@muyjujuy","twitter_site":"@muyjujuy","twitter_misc":{"Escrito por":"Redacci\u00f3n Muy Jujuy","Tiempo de lectura":"2 minutos"},"schema":{"@context":"https:\/\/schema.org","@graph":[{"@type":"Article","@id":"https:\/\/www.muyjujuy.com\/index.php\/2022\/10\/21\/femicidio-en-chalican-la-joven-murio-por-multiples-golpes-en-el-rostro-y-cabeza\/#article","isPartOf":{"@id":"https:\/\/www.muyjujuy.com\/index.php\/2022\/10\/21\/femicidio-en-chalican-la-joven-murio-por-multiples-golpes-en-el-rostro-y-cabeza\/"},"author":{"name":"Redacci\u00f3n Muy Jujuy","@id":"https:\/\/www.muyjujuy.com\/#\/schema\/person\/1d0f6e223ccea9e3f9034c1a5b683bf2"},"headline":"Femicidio en Chalic\u00e1n: la joven muri\u00f3 por m\u00faltiples golpes en el rostro y cabeza","datePublished":"2022-10-21T17:37:20+00:00","dateModified":"2022-10-21T17:37:23+00:00","mainEntityOfPage":{"@id":"https:\/\/www.muyjujuy.com\/index.php\/2022\/10\/21\/femicidio-en-chalican-la-joven-murio-por-multiples-golpes-en-el-rostro-y-cabeza\/"},"wordCount":426,"commentCount":0,"publisher":{"@id":"https:\/\/www.muyjujuy.com\/#organization"},"image":{"@id":"https:\/\/www.muyjujuy.com\/index.php\/2022\/10\/21\/femicidio-en-chalican-la-joven-murio-por-multiples-golpes-en-el-rostro-y-cabeza\/#primaryimage"},"thumbnailUrl":"https:\/\/www.muyjujuy.com\/wp-content\/uploads\/2022\/10\/WhatsApp-Image-2022-10-18-at-15.33.21.jpeg","keywords":["Femicidio","Jujuy"],"articleSection":["Sociedad"],"inLanguage":"es-AR","potentialAction":[{"@type":"CommentAction","name":"Comment","target":["https:\/\/www.muyjujuy.com\/index.php\/2022\/10\/21\/femicidio-en-chalican-la-joven-murio-por-multiples-golpes-en-el-rostro-y-cabeza\/#respond"]}]},{"@type":"WebPage","@id":"https:\/\/www.muyjujuy.com\/index.php\/2022\/10\/21\/femicidio-en-chalican-la-joven-murio-por-multiples-golpes-en-el-rostro-y-cabeza\/","url":"https:\/\/www.muyjujuy.com\/index.php\/2022\/10\/21\/femicidio-en-chalican-la-joven-murio-por-multiples-golpes-en-el-rostro-y-cabeza\/","name":"Femicidio en Chalic\u00e1n: la joven muri\u00f3 por m\u00faltiples golpes en el rostro y cabeza - Muy Jujuy","isPartOf":{"@id":"https:\/\/www.muyjujuy.com\/#website"},"primaryImageOfPage":{"@id":"https:\/\/www.muyjujuy.com\/index.php\/2022\/10\/21\/femicidio-en-chalican-la-joven-murio-por-multiples-golpes-en-el-rostro-y-cabeza\/#primaryimage"},"image":{"@id":"https:\/\/www.muyjujuy.com\/index.php\/2022\/10\/21\/femicidio-en-chalican-la-joven-murio-por-multiples-golpes-en-el-rostro-y-cabeza\/#primaryimage"},"thumbnailUrl":"https:\/\/www.muyjujuy.com\/wp-content\/uploads\/2022\/10\/WhatsApp-Image-2022-10-18-at-15.33.21.jpeg","datePublished":"2022-10-21T17:37:20+00:00","dateModified":"2022-10-21T17:37:23+00:00","description":"Por el femicidio de la joven de 16 a\u00f1os hay un detenido que fue apresado el jueves. El fiscal pedir\u00e1 la prisi\u00f3n preventiva.","breadcrumb":{"@id":"https:\/\/www.muyjujuy.com\/index.php\/2022\/10\/21\/femicidio-en-chalican-la-joven-murio-por-multiples-golpes-en-el-rostro-y-cabeza\/#breadcrumb"},"inLanguage":"es-AR","potentialAction":[{"@type":"ReadAction","target":["https:\/\/www.muyjujuy.com\/index.php\/2022\/10\/21\/femicidio-en-chalican-la-joven-murio-por-multiples-golpes-en-el-rostro-y-cabeza\/"]}]},{"@type":"ImageObject","inLanguage":"es-AR","@id":"https:\/\/www.muyjujuy.com\/index.php\/2022\/10\/21\/femicidio-en-chalican-la-joven-murio-por-multiples-golpes-en-el-rostro-y-cabeza\/#primaryimage","url":"https:\/\/www.muyjujuy.com\/wp-content\/uploads\/2022\/10\/WhatsApp-Image-2022-10-18-at-15.33.21.jpeg","contentUrl":"https:\/\/www.muyjujuy.com\/wp-content\/uploads\/2022\/10\/WhatsApp-Image-2022-10-18-at-15.33.21.jpeg","width":990,"height":610},{"@type":"BreadcrumbList","@id":"https:\/\/www.muyjujuy.com\/index.php\/2022\/10\/21\/femicidio-en-chalican-la-joven-murio-por-multiples-golpes-en-el-rostro-y-cabeza\/#breadcrumb","itemListElement":[{"@type":"ListItem","position":1,"name":"Inicio","item":"https:\/\/www.muyjujuy.com\/"},{"@type":"ListItem","position":2,"name":"Femicidio en Chalic\u00e1n: la joven muri\u00f3 por m\u00faltiples golpes en el rostro y cabeza"}]},{"@type":"WebSite","@id":"https:\/\/www.muyjujuy.com\/#website","url":"https:\/\/www.muyjujuy.com\/","name":"Muy Jujuy","description":"","publisher":{"@id":"https:\/\/www.muyjujuy.com\/#organization"},"potentialAction":[{"@type":"SearchAction","target":{"@type":"EntryPoint","urlTemplate":"https:\/\/www.muyjujuy.com\/?s={search_term_string}"},"query-input":{"@type":"PropertyValueSpecification","valueRequired":true,"valueName":"search_term_string"}}],"inLanguage":"es-AR"},{"@type":"Organization","@id":"https:\/\/www.muyjujuy.com\/#organization","name":"Muy Jujuy","url":"https:\/\/www.muyjujuy.com\/","logo":{"@type":"ImageObject","inLanguage":"es-AR","@id":"https:\/\/www.muyjujuy.com\/#\/schema\/logo\/image\/","url":"http:\/\/www.muyjujuy.com\/wp-content\/uploads\/2022\/05\/logo-mobil-jujuy.png","contentUrl":"http:\/\/www.muyjujuy.com\/wp-content\/uploads\/2022\/05\/logo-mobil-jujuy.png","width":174,"height":81,"caption":"Muy Jujuy"},"image":{"@id":"https:\/\/www.muyjujuy.com\/#\/schema\/logo\/image\/"},"sameAs":["https:\/\/www.facebook.com\/muyjujuycom","https:\/\/x.com\/muyjujuy","https:\/\/www.instagram.com\/muyjujuycom"]},{"@type":"Person","@id":"https:\/\/www.muyjujuy.com\/#\/schema\/person\/1d0f6e223ccea9e3f9034c1a5b683bf2","name":"Redacci\u00f3n Muy Jujuy","image":{"@type":"ImageObject","inLanguage":"es-AR","@id":"https:\/\/secure.gravatar.com\/avatar\/fec5f6f1893d741ed5eecccff109ce43e67a855411202a3212a058cb8e5c27d4?s=96&d=mm&r=g","url":"https:\/\/secure.gravatar.com\/avatar\/fec5f6f1893d741ed5eecccff109ce43e67a855411202a3212a058cb8e5c27d4?s=96&d=mm&r=g","contentUrl":"https:\/\/secure.gravatar.com\/avatar\/fec5f6f1893d741ed5eecccff109ce43e67a855411202a3212a058cb8e5c27d4?s=96&d=mm&r=g","caption":"Redacci\u00f3n Muy Jujuy"},"url":"https:\/\/www.muyjujuy.com\/index.php\/author\/editor\/"}]}},"_links":{"self":[{"href":"https:\/\/www.muyjujuy.com\/index.php\/wp-json\/wp\/v2\/posts\/1840","targetHints":{"allow":["GET"]}}],"collection":[{"href":"https:\/\/www.muyjujuy.com\/index.php\/wp-json\/wp\/v2\/posts"}],"about":[{"href":"https:\/\/www.muyjujuy.com\/index.php\/wp-json\/wp\/v2\/types\/post"}],"author":[{"embeddable":true,"href":"https:\/\/www.muyjujuy.com\/index.php\/wp-json\/wp\/v2\/users\/3"}],"replies":[{"embeddable":true,"href":"https:\/\/www.muyjujuy.com\/index.php\/wp-json\/wp\/v2\/comments?post=1840"}],"version-history":[{"count":1,"href":"https:\/\/www.muyjujuy.com\/index.php\/wp-json\/wp\/v2\/posts\/1840\/revisions"}],"predecessor-version":[{"id":1841,"href":"https:\/\/www.muyjujuy.com\/index.php\/wp-json\/wp\/v2\/posts\/1840\/revisions\/1841"}],"wp:featuredmedia":[{"embeddable":true,"href":"https:\/\/www.muyjujuy.com\/index.php\/wp-json\/wp\/v2\/media\/1800"}],"wp:attachment":[{"href":"https:\/\/www.muyjujuy.com\/index.php\/wp-json\/wp\/v2\/media?parent=1840"}],"wp:term":[{"taxonomy":"category","embeddable":true,"href":"https:\/\/www.muyjujuy.com\/index.php\/wp-json\/wp\/v2\/categories?post=1840"},{"taxonomy":"post_tag","embeddable":true,"href":"https:\/\/www.muyjujuy.com\/index.php\/wp-json\/wp\/v2\/tags?post=1840"}],"curies":[{"name":"wp","href":"https:\/\/api.w.org\/{rel}","templated":true}]}}