{"id":1848,"date":"2022-10-24T12:41:02","date_gmt":"2022-10-24T15:41:02","guid":{"rendered":"https:\/\/www.muyjujuy.com\/?p=1848"},"modified":"2022-10-24T12:41:02","modified_gmt":"2022-10-24T15:41:02","slug":"brigadistas-realizaron-guardia-de-cenizas-tras-confinar-el-incendio-en-las-yungas-de-jujuy","status":"publish","type":"post","link":"https:\/\/www.muyjujuy.com\/index.php\/2022\/10\/24\/brigadistas-realizaron-guardia-de-cenizas-tras-confinar-el-incendio-en-las-yungas-de-jujuy\/","title":{"rendered":"Brigadistas realizaron guardia de cenizas tras confinar el incendio en las Yungas de Jujuy"},"content":{"rendered":"\n<p><em>Tras 46 d\u00edas de intento incendio, se logr\u00f3 confinar el fuego que consumi\u00f3 casi 8 mil hect\u00e1reas de las yungas de Jujuy.<\/em><\/p>\n\n\n\n<p><strong>Brigadistas juje\u00f1os y del Sistema Nacional de Manejo del Fuego <\/strong>(SNMF) lograron confinar <a href=\"https:\/\/www.muyjujuy.com\/index.php\/2022\/10\/21\/el-gobierno-provincial-multo-a-personas-que-causaron-incendios-forestales\/\">el incendio<\/a> en la regi\u00f3n de las Yungas tras 46 d\u00edas de intensa labor. A partir de ahora se trabaja con una guardia de cenizas, se inform\u00f3 hoy oficialmente.<\/p>\n\n\n\n<p><strong>&#8220;Los incendios siguen activos pero ya no avanzar\u00e1n<\/strong>. La tarea de guardia de cenizas estar\u00e1 a cargo de los brigadistas juje\u00f1os&#8221;, se indic\u00f3.<\/p>\n\n\n\n<p><strong>El fuego consumi\u00f3 aproximadamente 7.800 hect\u00e1reas de bosques y pastizales <\/strong>en la regi\u00f3n selv\u00e1ticas de las Yungas, de las que se estiman 1.000 hect\u00e1reas corresponden al Parque Nacional Calilegua. As\u00ed lo inform\u00f3 el Comit\u00e9 Operativo de Emergencias \u00cdgneas (COEI).<\/p>\n\n\n\n<h2 class=\"wp-block-heading\"><strong>Incendio en las Yungas<\/strong><\/h2>\n\n\n\n<p>Autoridades locales agradecieron el compromiso y <strong>el valor de la tarea realizada por los brigadistas del SNMF, que llegaron a la provincia cada vez que fueron requerido<\/strong>s.<\/p>\n\n\n\n<p>&#8220;En nombre del gobernador Jujuy, Gerardo Morales, del pueblo de Jujuy, queremos agradecerles el servicio p\u00fablico prestado estos 46 d\u00edas&#8221;, expres\u00f3 la ministra de Ambiente juje\u00f1a, <strong>Mar\u00eda In\u00e9s Zigar\u00e1n<\/strong>. A su vez, ponder\u00f3 la colaboraci\u00f3n del Ministerio de Ambiente de Naci\u00f3n y el apoyo de Parques Nacionales.<\/p>\n\n\n\n<p><strong>&#8220;Desde el principio de su gesti\u00f3n el gobernador puso como prioridad cuidar el ambiente y se generaron pol\u00edticas en funci\u00f3n de ello <\/strong>como el fortalecimiento del sistema provincial de manejo de fuego, la creaci\u00f3n de la diplomatura, la construcci\u00f3n de las dos nuevas bases en Humahuaca y Palma Sola&#8221;, resalt\u00f3.<\/p>\n\n\n\n<p>El s\u00e1bado fueron despedidos los \u00faltimos brigadistas que hab\u00edan llegado de refuerzo pertenecientes al SNMF. En la ocasi\u00f3n, las delegaciones recibieron un obsequio simb\u00f3lico en agradecimiento a su compromiso con el cuidado del ambiente y por su desempe\u00f1o.<\/p>\n\n\n\n<p>En las Yungas trabajaron 458 brigadistas durante 46 d\u00edas, con recambio de personal y abrieron una brecha de 77 kil\u00f3metros que logr\u00f3 confinar el incendio de vegetaci\u00f3n. <\/p>\n","protected":false},"excerpt":{"rendered":"<p>Tras 46 d\u00edas de intento incendio, se logr\u00f3 confinar el fuego que consumi\u00f3 casi 8 mil hect\u00e1reas de las yungas de Jujuy. Brigadistas juje\u00f1os y del Sistema Nacional de Manejo del Fuego (SNMF) lograron confinar el incendio en la regi\u00f3n de las Yungas tras 46 d\u00edas de intensa labor. A partir de ahora se trabaja [&hellip;]<\/p>\n","protected":false},"author":3,"featured_media":1779,"comment_status":"open","ping_status":"open","sticky":false,"template":"","format":"standard","meta":{"footnotes":""},"categories":[25],"tags":[735,8,755],"class_list":{"0":"post-1848","1":"post","2":"type-post","3":"status-publish","4":"format-standard","5":"has-post-thumbnail","7":"category-sociedad","8":"tag-incendios-forestales","9":"tag-jujuy","10":"tag-yungas"},"yoast_head":"<!-- This site is optimized with the Yoast SEO plugin v27.5 - https:\/\/yoast.com\/product\/yoast-seo-wordpress\/ -->\n<title>Brigadistas realizaron guardia de cenizas tras confinar el incendio en las Yungas de Jujuy - Muy Jujuy<\/title>\n<meta name=\"description\" content=\"Tras 46 d\u00edas de intento incendio, se logr\u00f3 confinar el fuego que consumi\u00f3 casi 8 mil hect\u00e1reas de las yungas de Jujuy.\" \/>\n<meta name=\"robots\" content=\"index, follow, max-snippet:-1, max-image-preview:large, max-video-preview:-1\" \/>\n<link rel=\"canonical\" href=\"https:\/\/www.muyjujuy.com\/index.php\/2022\/10\/24\/brigadistas-realizaron-guardia-de-cenizas-tras-confinar-el-incendio-en-las-yungas-de-jujuy\/\" \/>\n<meta property=\"og:locale\" content=\"es_ES\" \/>\n<meta property=\"og:type\" content=\"article\" \/>\n<meta property=\"og:title\" content=\"Brigadistas realizaron guardia de cenizas tras confinar el incendio en las Yungas de Jujuy - Muy Jujuy\" \/>\n<meta property=\"og:description\" content=\"Tras 46 d\u00edas de intento incendio, se logr\u00f3 confinar el fuego que consumi\u00f3 casi 8 mil hect\u00e1reas de las yungas de Jujuy.\" \/>\n<meta property=\"og:url\" content=\"https:\/\/www.muyjujuy.com\/index.php\/2022\/10\/24\/brigadistas-realizaron-guardia-de-cenizas-tras-confinar-el-incendio-en-las-yungas-de-jujuy\/\" \/>\n<meta property=\"og:site_name\" content=\"Muy Jujuy\" \/>\n<meta property=\"article:publisher\" content=\"https:\/\/www.facebook.com\/muyjujuycom\" \/>\n<meta property=\"article:published_time\" content=\"2022-10-24T15:41:02+00:00\" \/>\n<meta property=\"og:image\" content=\"https:\/\/www.muyjujuy.com\/wp-content\/uploads\/2022\/10\/WhatsApp-Image-2022-10-14-at-13.22.32.jpeg\" \/>\n\t<meta property=\"og:image:width\" content=\"990\" \/>\n\t<meta property=\"og:image:height\" content=\"610\" \/>\n\t<meta property=\"og:image:type\" content=\"image\/jpeg\" \/>\n<meta name=\"author\" content=\"Redacci\u00f3n Muy Jujuy\" \/>\n<meta name=\"twitter:card\" content=\"summary_large_image\" \/>\n<meta name=\"twitter:creator\" content=\"@muyjujuy\" \/>\n<meta name=\"twitter:site\" content=\"@muyjujuy\" \/>\n<meta name=\"twitter:label1\" content=\"Escrito por\" \/>\n\t<meta name=\"twitter:data1\" content=\"Redacci\u00f3n Muy Jujuy\" \/>\n\t<meta name=\"twitter:label2\" content=\"Tiempo de lectura\" \/>\n\t<meta name=\"twitter:data2\" content=\"2 minutos\" \/>\n<script type=\"application\/ld+json\" class=\"yoast-schema-graph\">{\"@context\":\"https:\\\/\\\/schema.org\",\"@graph\":[{\"@type\":\"Article\",\"@id\":\"https:\\\/\\\/www.muyjujuy.com\\\/index.php\\\/2022\\\/10\\\/24\\\/brigadistas-realizaron-guardia-de-cenizas-tras-confinar-el-incendio-en-las-yungas-de-jujuy\\\/#article\",\"isPartOf\":{\"@id\":\"https:\\\/\\\/www.muyjujuy.com\\\/index.php\\\/2022\\\/10\\\/24\\\/brigadistas-realizaron-guardia-de-cenizas-tras-confinar-el-incendio-en-las-yungas-de-jujuy\\\/\"},\"author\":{\"name\":\"Redacci\u00f3n Muy Jujuy\",\"@id\":\"https:\\\/\\\/www.muyjujuy.com\\\/#\\\/schema\\\/person\\\/1d0f6e223ccea9e3f9034c1a5b683bf2\"},\"headline\":\"Brigadistas realizaron guardia de cenizas tras confinar el incendio en las Yungas de Jujuy\",\"datePublished\":\"2022-10-24T15:41:02+00:00\",\"mainEntityOfPage\":{\"@id\":\"https:\\\/\\\/www.muyjujuy.com\\\/index.php\\\/2022\\\/10\\\/24\\\/brigadistas-realizaron-guardia-de-cenizas-tras-confinar-el-incendio-en-las-yungas-de-jujuy\\\/\"},\"wordCount\":356,\"commentCount\":0,\"publisher\":{\"@id\":\"https:\\\/\\\/www.muyjujuy.com\\\/#organization\"},\"image\":{\"@id\":\"https:\\\/\\\/www.muyjujuy.com\\\/index.php\\\/2022\\\/10\\\/24\\\/brigadistas-realizaron-guardia-de-cenizas-tras-confinar-el-incendio-en-las-yungas-de-jujuy\\\/#primaryimage\"},\"thumbnailUrl\":\"https:\\\/\\\/www.muyjujuy.com\\\/wp-content\\\/uploads\\\/2022\\\/10\\\/WhatsApp-Image-2022-10-14-at-13.22.32.jpeg\",\"keywords\":[\"Incendios forestales\",\"Jujuy\",\"Yungas\"],\"articleSection\":[\"Sociedad\"],\"inLanguage\":\"es-AR\",\"potentialAction\":[{\"@type\":\"CommentAction\",\"name\":\"Comment\",\"target\":[\"https:\\\/\\\/www.muyjujuy.com\\\/index.php\\\/2022\\\/10\\\/24\\\/brigadistas-realizaron-guardia-de-cenizas-tras-confinar-el-incendio-en-las-yungas-de-jujuy\\\/#respond\"]}]},{\"@type\":\"WebPage\",\"@id\":\"https:\\\/\\\/www.muyjujuy.com\\\/index.php\\\/2022\\\/10\\\/24\\\/brigadistas-realizaron-guardia-de-cenizas-tras-confinar-el-incendio-en-las-yungas-de-jujuy\\\/\",\"url\":\"https:\\\/\\\/www.muyjujuy.com\\\/index.php\\\/2022\\\/10\\\/24\\\/brigadistas-realizaron-guardia-de-cenizas-tras-confinar-el-incendio-en-las-yungas-de-jujuy\\\/\",\"name\":\"Brigadistas realizaron guardia de cenizas tras confinar el incendio en las Yungas de Jujuy - Muy Jujuy\",\"isPartOf\":{\"@id\":\"https:\\\/\\\/www.muyjujuy.com\\\/#website\"},\"primaryImageOfPage\":{\"@id\":\"https:\\\/\\\/www.muyjujuy.com\\\/index.php\\\/2022\\\/10\\\/24\\\/brigadistas-realizaron-guardia-de-cenizas-tras-confinar-el-incendio-en-las-yungas-de-jujuy\\\/#primaryimage\"},\"image\":{\"@id\":\"https:\\\/\\\/www.muyjujuy.com\\\/index.php\\\/2022\\\/10\\\/24\\\/brigadistas-realizaron-guardia-de-cenizas-tras-confinar-el-incendio-en-las-yungas-de-jujuy\\\/#primaryimage\"},\"thumbnailUrl\":\"https:\\\/\\\/www.muyjujuy.com\\\/wp-content\\\/uploads\\\/2022\\\/10\\\/WhatsApp-Image-2022-10-14-at-13.22.32.jpeg\",\"datePublished\":\"2022-10-24T15:41:02+00:00\",\"description\":\"Tras 46 d\u00edas de intento incendio, se logr\u00f3 confinar el fuego que consumi\u00f3 casi 8 mil hect\u00e1reas de las yungas de Jujuy.\",\"breadcrumb\":{\"@id\":\"https:\\\/\\\/www.muyjujuy.com\\\/index.php\\\/2022\\\/10\\\/24\\\/brigadistas-realizaron-guardia-de-cenizas-tras-confinar-el-incendio-en-las-yungas-de-jujuy\\\/#breadcrumb\"},\"inLanguage\":\"es-AR\",\"potentialAction\":[{\"@type\":\"ReadAction\",\"target\":[\"https:\\\/\\\/www.muyjujuy.com\\\/index.php\\\/2022\\\/10\\\/24\\\/brigadistas-realizaron-guardia-de-cenizas-tras-confinar-el-incendio-en-las-yungas-de-jujuy\\\/\"]}]},{\"@type\":\"ImageObject\",\"inLanguage\":\"es-AR\",\"@id\":\"https:\\\/\\\/www.muyjujuy.com\\\/index.php\\\/2022\\\/10\\\/24\\\/brigadistas-realizaron-guardia-de-cenizas-tras-confinar-el-incendio-en-las-yungas-de-jujuy\\\/#primaryimage\",\"url\":\"https:\\\/\\\/www.muyjujuy.com\\\/wp-content\\\/uploads\\\/2022\\\/10\\\/WhatsApp-Image-2022-10-14-at-13.22.32.jpeg\",\"contentUrl\":\"https:\\\/\\\/www.muyjujuy.com\\\/wp-content\\\/uploads\\\/2022\\\/10\\\/WhatsApp-Image-2022-10-14-at-13.22.32.jpeg\",\"width\":990,\"height\":610},{\"@type\":\"BreadcrumbList\",\"@id\":\"https:\\\/\\\/www.muyjujuy.com\\\/index.php\\\/2022\\\/10\\\/24\\\/brigadistas-realizaron-guardia-de-cenizas-tras-confinar-el-incendio-en-las-yungas-de-jujuy\\\/#breadcrumb\",\"itemListElement\":[{\"@type\":\"ListItem\",\"position\":1,\"name\":\"Inicio\",\"item\":\"https:\\\/\\\/www.muyjujuy.com\\\/\"},{\"@type\":\"ListItem\",\"position\":2,\"name\":\"Brigadistas realizaron guardia de cenizas tras confinar el incendio en las Yungas de Jujuy\"}]},{\"@type\":\"WebSite\",\"@id\":\"https:\\\/\\\/www.muyjujuy.com\\\/#website\",\"url\":\"https:\\\/\\\/www.muyjujuy.com\\\/\",\"name\":\"Muy Jujuy\",\"description\":\"\",\"publisher\":{\"@id\":\"https:\\\/\\\/www.muyjujuy.com\\\/#organization\"},\"potentialAction\":[{\"@type\":\"SearchAction\",\"target\":{\"@type\":\"EntryPoint\",\"urlTemplate\":\"https:\\\/\\\/www.muyjujuy.com\\\/?s={search_term_string}\"},\"query-input\":{\"@type\":\"PropertyValueSpecification\",\"valueRequired\":true,\"valueName\":\"search_term_string\"}}],\"inLanguage\":\"es-AR\"},{\"@type\":\"Organization\",\"@id\":\"https:\\\/\\\/www.muyjujuy.com\\\/#organization\",\"name\":\"Muy Jujuy\",\"url\":\"https:\\\/\\\/www.muyjujuy.com\\\/\",\"logo\":{\"@type\":\"ImageObject\",\"inLanguage\":\"es-AR\",\"@id\":\"https:\\\/\\\/www.muyjujuy.com\\\/#\\\/schema\\\/logo\\\/image\\\/\",\"url\":\"http:\\\/\\\/www.muyjujuy.com\\\/wp-content\\\/uploads\\\/2022\\\/05\\\/logo-mobil-jujuy.png\",\"contentUrl\":\"http:\\\/\\\/www.muyjujuy.com\\\/wp-content\\\/uploads\\\/2022\\\/05\\\/logo-mobil-jujuy.png\",\"width\":174,\"height\":81,\"caption\":\"Muy Jujuy\"},\"image\":{\"@id\":\"https:\\\/\\\/www.muyjujuy.com\\\/#\\\/schema\\\/logo\\\/image\\\/\"},\"sameAs\":[\"https:\\\/\\\/www.facebook.com\\\/muyjujuycom\",\"https:\\\/\\\/x.com\\\/muyjujuy\",\"https:\\\/\\\/www.instagram.com\\\/muyjujuycom\"]},{\"@type\":\"Person\",\"@id\":\"https:\\\/\\\/www.muyjujuy.com\\\/#\\\/schema\\\/person\\\/1d0f6e223ccea9e3f9034c1a5b683bf2\",\"name\":\"Redacci\u00f3n Muy Jujuy\",\"image\":{\"@type\":\"ImageObject\",\"inLanguage\":\"es-AR\",\"@id\":\"https:\\\/\\\/secure.gravatar.com\\\/avatar\\\/fec5f6f1893d741ed5eecccff109ce43e67a855411202a3212a058cb8e5c27d4?s=96&d=mm&r=g\",\"url\":\"https:\\\/\\\/secure.gravatar.com\\\/avatar\\\/fec5f6f1893d741ed5eecccff109ce43e67a855411202a3212a058cb8e5c27d4?s=96&d=mm&r=g\",\"contentUrl\":\"https:\\\/\\\/secure.gravatar.com\\\/avatar\\\/fec5f6f1893d741ed5eecccff109ce43e67a855411202a3212a058cb8e5c27d4?s=96&d=mm&r=g\",\"caption\":\"Redacci\u00f3n Muy Jujuy\"},\"url\":\"https:\\\/\\\/www.muyjujuy.com\\\/index.php\\\/author\\\/editor\\\/\"}]}<\/script>\n<!-- \/ Yoast SEO plugin. -->","yoast_head_json":{"title":"Brigadistas realizaron guardia de cenizas tras confinar el incendio en las Yungas de Jujuy - Muy Jujuy","description":"Tras 46 d\u00edas de intento incendio, se logr\u00f3 confinar el fuego que consumi\u00f3 casi 8 mil hect\u00e1reas de las yungas de Jujuy.","robots":{"index":"index","follow":"follow","max-snippet":"max-snippet:-1","max-image-preview":"max-image-preview:large","max-video-preview":"max-video-preview:-1"},"canonical":"https:\/\/www.muyjujuy.com\/index.php\/2022\/10\/24\/brigadistas-realizaron-guardia-de-cenizas-tras-confinar-el-incendio-en-las-yungas-de-jujuy\/","og_locale":"es_ES","og_type":"article","og_title":"Brigadistas realizaron guardia de cenizas tras confinar el incendio en las Yungas de Jujuy - Muy Jujuy","og_description":"Tras 46 d\u00edas de intento incendio, se logr\u00f3 confinar el fuego que consumi\u00f3 casi 8 mil hect\u00e1reas de las yungas de Jujuy.","og_url":"https:\/\/www.muyjujuy.com\/index.php\/2022\/10\/24\/brigadistas-realizaron-guardia-de-cenizas-tras-confinar-el-incendio-en-las-yungas-de-jujuy\/","og_site_name":"Muy Jujuy","article_publisher":"https:\/\/www.facebook.com\/muyjujuycom","article_published_time":"2022-10-24T15:41:02+00:00","og_image":[{"width":990,"height":610,"url":"https:\/\/www.muyjujuy.com\/wp-content\/uploads\/2022\/10\/WhatsApp-Image-2022-10-14-at-13.22.32.jpeg","type":"image\/jpeg"}],"author":"Redacci\u00f3n Muy Jujuy","twitter_card":"summary_large_image","twitter_creator":"@muyjujuy","twitter_site":"@muyjujuy","twitter_misc":{"Escrito por":"Redacci\u00f3n Muy Jujuy","Tiempo de lectura":"2 minutos"},"schema":{"@context":"https:\/\/schema.org","@graph":[{"@type":"Article","@id":"https:\/\/www.muyjujuy.com\/index.php\/2022\/10\/24\/brigadistas-realizaron-guardia-de-cenizas-tras-confinar-el-incendio-en-las-yungas-de-jujuy\/#article","isPartOf":{"@id":"https:\/\/www.muyjujuy.com\/index.php\/2022\/10\/24\/brigadistas-realizaron-guardia-de-cenizas-tras-confinar-el-incendio-en-las-yungas-de-jujuy\/"},"author":{"name":"Redacci\u00f3n Muy Jujuy","@id":"https:\/\/www.muyjujuy.com\/#\/schema\/person\/1d0f6e223ccea9e3f9034c1a5b683bf2"},"headline":"Brigadistas realizaron guardia de cenizas tras confinar el incendio en las Yungas de Jujuy","datePublished":"2022-10-24T15:41:02+00:00","mainEntityOfPage":{"@id":"https:\/\/www.muyjujuy.com\/index.php\/2022\/10\/24\/brigadistas-realizaron-guardia-de-cenizas-tras-confinar-el-incendio-en-las-yungas-de-jujuy\/"},"wordCount":356,"commentCount":0,"publisher":{"@id":"https:\/\/www.muyjujuy.com\/#organization"},"image":{"@id":"https:\/\/www.muyjujuy.com\/index.php\/2022\/10\/24\/brigadistas-realizaron-guardia-de-cenizas-tras-confinar-el-incendio-en-las-yungas-de-jujuy\/#primaryimage"},"thumbnailUrl":"https:\/\/www.muyjujuy.com\/wp-content\/uploads\/2022\/10\/WhatsApp-Image-2022-10-14-at-13.22.32.jpeg","keywords":["Incendios forestales","Jujuy","Yungas"],"articleSection":["Sociedad"],"inLanguage":"es-AR","potentialAction":[{"@type":"CommentAction","name":"Comment","target":["https:\/\/www.muyjujuy.com\/index.php\/2022\/10\/24\/brigadistas-realizaron-guardia-de-cenizas-tras-confinar-el-incendio-en-las-yungas-de-jujuy\/#respond"]}]},{"@type":"WebPage","@id":"https:\/\/www.muyjujuy.com\/index.php\/2022\/10\/24\/brigadistas-realizaron-guardia-de-cenizas-tras-confinar-el-incendio-en-las-yungas-de-jujuy\/","url":"https:\/\/www.muyjujuy.com\/index.php\/2022\/10\/24\/brigadistas-realizaron-guardia-de-cenizas-tras-confinar-el-incendio-en-las-yungas-de-jujuy\/","name":"Brigadistas realizaron guardia de cenizas tras confinar el incendio en las Yungas de Jujuy - Muy Jujuy","isPartOf":{"@id":"https:\/\/www.muyjujuy.com\/#website"},"primaryImageOfPage":{"@id":"https:\/\/www.muyjujuy.com\/index.php\/2022\/10\/24\/brigadistas-realizaron-guardia-de-cenizas-tras-confinar-el-incendio-en-las-yungas-de-jujuy\/#primaryimage"},"image":{"@id":"https:\/\/www.muyjujuy.com\/index.php\/2022\/10\/24\/brigadistas-realizaron-guardia-de-cenizas-tras-confinar-el-incendio-en-las-yungas-de-jujuy\/#primaryimage"},"thumbnailUrl":"https:\/\/www.muyjujuy.com\/wp-content\/uploads\/2022\/10\/WhatsApp-Image-2022-10-14-at-13.22.32.jpeg","datePublished":"2022-10-24T15:41:02+00:00","description":"Tras 46 d\u00edas de intento incendio, se logr\u00f3 confinar el fuego que consumi\u00f3 casi 8 mil hect\u00e1reas de las yungas de Jujuy.","breadcrumb":{"@id":"https:\/\/www.muyjujuy.com\/index.php\/2022\/10\/24\/brigadistas-realizaron-guardia-de-cenizas-tras-confinar-el-incendio-en-las-yungas-de-jujuy\/#breadcrumb"},"inLanguage":"es-AR","potentialAction":[{"@type":"ReadAction","target":["https:\/\/www.muyjujuy.com\/index.php\/2022\/10\/24\/brigadistas-realizaron-guardia-de-cenizas-tras-confinar-el-incendio-en-las-yungas-de-jujuy\/"]}]},{"@type":"ImageObject","inLanguage":"es-AR","@id":"https:\/\/www.muyjujuy.com\/index.php\/2022\/10\/24\/brigadistas-realizaron-guardia-de-cenizas-tras-confinar-el-incendio-en-las-yungas-de-jujuy\/#primaryimage","url":"https:\/\/www.muyjujuy.com\/wp-content\/uploads\/2022\/10\/WhatsApp-Image-2022-10-14-at-13.22.32.jpeg","contentUrl":"https:\/\/www.muyjujuy.com\/wp-content\/uploads\/2022\/10\/WhatsApp-Image-2022-10-14-at-13.22.32.jpeg","width":990,"height":610},{"@type":"BreadcrumbList","@id":"https:\/\/www.muyjujuy.com\/index.php\/2022\/10\/24\/brigadistas-realizaron-guardia-de-cenizas-tras-confinar-el-incendio-en-las-yungas-de-jujuy\/#breadcrumb","itemListElement":[{"@type":"ListItem","position":1,"name":"Inicio","item":"https:\/\/www.muyjujuy.com\/"},{"@type":"ListItem","position":2,"name":"Brigadistas realizaron guardia de cenizas tras confinar el incendio en las Yungas de Jujuy"}]},{"@type":"WebSite","@id":"https:\/\/www.muyjujuy.com\/#website","url":"https:\/\/www.muyjujuy.com\/","name":"Muy Jujuy","description":"","publisher":{"@id":"https:\/\/www.muyjujuy.com\/#organization"},"potentialAction":[{"@type":"SearchAction","target":{"@type":"EntryPoint","urlTemplate":"https:\/\/www.muyjujuy.com\/?s={search_term_string}"},"query-input":{"@type":"PropertyValueSpecification","valueRequired":true,"valueName":"search_term_string"}}],"inLanguage":"es-AR"},{"@type":"Organization","@id":"https:\/\/www.muyjujuy.com\/#organization","name":"Muy Jujuy","url":"https:\/\/www.muyjujuy.com\/","logo":{"@type":"ImageObject","inLanguage":"es-AR","@id":"https:\/\/www.muyjujuy.com\/#\/schema\/logo\/image\/","url":"http:\/\/www.muyjujuy.com\/wp-content\/uploads\/2022\/05\/logo-mobil-jujuy.png","contentUrl":"http:\/\/www.muyjujuy.com\/wp-content\/uploads\/2022\/05\/logo-mobil-jujuy.png","width":174,"height":81,"caption":"Muy Jujuy"},"image":{"@id":"https:\/\/www.muyjujuy.com\/#\/schema\/logo\/image\/"},"sameAs":["https:\/\/www.facebook.com\/muyjujuycom","https:\/\/x.com\/muyjujuy","https:\/\/www.instagram.com\/muyjujuycom"]},{"@type":"Person","@id":"https:\/\/www.muyjujuy.com\/#\/schema\/person\/1d0f6e223ccea9e3f9034c1a5b683bf2","name":"Redacci\u00f3n Muy Jujuy","image":{"@type":"ImageObject","inLanguage":"es-AR","@id":"https:\/\/secure.gravatar.com\/avatar\/fec5f6f1893d741ed5eecccff109ce43e67a855411202a3212a058cb8e5c27d4?s=96&d=mm&r=g","url":"https:\/\/secure.gravatar.com\/avatar\/fec5f6f1893d741ed5eecccff109ce43e67a855411202a3212a058cb8e5c27d4?s=96&d=mm&r=g","contentUrl":"https:\/\/secure.gravatar.com\/avatar\/fec5f6f1893d741ed5eecccff109ce43e67a855411202a3212a058cb8e5c27d4?s=96&d=mm&r=g","caption":"Redacci\u00f3n Muy Jujuy"},"url":"https:\/\/www.muyjujuy.com\/index.php\/author\/editor\/"}]}},"_links":{"self":[{"href":"https:\/\/www.muyjujuy.com\/index.php\/wp-json\/wp\/v2\/posts\/1848","targetHints":{"allow":["GET"]}}],"collection":[{"href":"https:\/\/www.muyjujuy.com\/index.php\/wp-json\/wp\/v2\/posts"}],"about":[{"href":"https:\/\/www.muyjujuy.com\/index.php\/wp-json\/wp\/v2\/types\/post"}],"author":[{"embeddable":true,"href":"https:\/\/www.muyjujuy.com\/index.php\/wp-json\/wp\/v2\/users\/3"}],"replies":[{"embeddable":true,"href":"https:\/\/www.muyjujuy.com\/index.php\/wp-json\/wp\/v2\/comments?post=1848"}],"version-history":[{"count":1,"href":"https:\/\/www.muyjujuy.com\/index.php\/wp-json\/wp\/v2\/posts\/1848\/revisions"}],"predecessor-version":[{"id":1849,"href":"https:\/\/www.muyjujuy.com\/index.php\/wp-json\/wp\/v2\/posts\/1848\/revisions\/1849"}],"wp:featuredmedia":[{"embeddable":true,"href":"https:\/\/www.muyjujuy.com\/index.php\/wp-json\/wp\/v2\/media\/1779"}],"wp:attachment":[{"href":"https:\/\/www.muyjujuy.com\/index.php\/wp-json\/wp\/v2\/media?parent=1848"}],"wp:term":[{"taxonomy":"category","embeddable":true,"href":"https:\/\/www.muyjujuy.com\/index.php\/wp-json\/wp\/v2\/categories?post=1848"},{"taxonomy":"post_tag","embeddable":true,"href":"https:\/\/www.muyjujuy.com\/index.php\/wp-json\/wp\/v2\/tags?post=1848"}],"curies":[{"name":"wp","href":"https:\/\/api.w.org\/{rel}","templated":true}]}}