{"id":1850,"date":"2022-10-24T12:51:00","date_gmt":"2022-10-24T15:51:00","guid":{"rendered":"https:\/\/www.muyjujuy.com\/?p=1850"},"modified":"2022-10-24T12:51:02","modified_gmt":"2022-10-24T15:51:02","slug":"dia-de-los-fieles-difuntos-habra-asueto-administrativo-y-escolar","status":"publish","type":"post","link":"https:\/\/www.muyjujuy.com\/index.php\/2022\/10\/24\/dia-de-los-fieles-difuntos-habra-asueto-administrativo-y-escolar\/","title":{"rendered":"D\u00eda de los Fieles Difuntos: habr\u00e1 asueto administrativo y escolar"},"content":{"rendered":"\n<p><em>La festividad por el D\u00eda de los Fieles Difuntos se celebrar\u00e1 el 2 de noviembre y ese d\u00eda ser\u00e1 asueto administrativo y escolar en toda la provincia.<\/em><\/p>\n\n\n\n<p>El <strong>D\u00eda de los Fieles Difuntos<\/strong> es una celebraci\u00f3n importante para Jujuy y por eso el Gobierno provincial decidi\u00f3 que el pr\u00f3ximo 2 de noviembre se declare asueto administrativo y escolar. <\/p>\n\n\n\n<p><strong>\u201cComo todos los a\u00f1os, el 2 de noviembre es un d\u00eda importante para los juje\u00f1os<\/strong> por lo que se resolvi\u00f3 que ser\u00e1 asueto para toda la administraci\u00f3n p\u00fablica y para todos aquellos que quieran sumarse. <strong>Ustedes saben que el D\u00eda de Todos los Santos y posteriormente el de los Fieles Difuntos hist\u00f3ricamente los juje\u00f1os nos plegamos a eso y rezamos por ellos\u201d<\/strong>, manifest\u00f3 el ministro de Gobierno, <strong>Normando \u00c1lvarez Garc\u00eda<\/strong>.\u00a0<\/p>\n\n\n\n<p>\u201cSe ha decidido firmar el decreto de asueto como todos los a\u00f1os\u201d, subray\u00f3.<\/p>\n\n\n\n<p>El asueto afecta a toda la administraci\u00f3n p\u00fablica provincial y los municipios dejando abierta la posibilidad de que se sume el sector privado, en tanto que el martes 1 de noviembre la actividad ser\u00e1 normal.<\/p>\n\n\n\n<h2 class=\"wp-block-heading\"><strong>D\u00eda de los Fieles Difuntos <\/strong><\/h2>\n\n\n\n<p><strong>La conmemoraci\u00f3n a los difuntos es un rito que se transmite de generaci\u00f3n en generaci\u00f3n<\/strong>. Es una tradici\u00f3n recordar a los muertos. Despu\u00e9s el cristianismo tambi\u00e9n se hizo parte para rezar por todas esas almas que hoy no est\u00e1n.<\/p>\n\n\n\n<p><strong>Se dice que en esta fecha las almas regresan a la tierra, a sus casas, por lo que las familias las esperan con mucho respeto, preparando una mesa de ofrendas.<\/strong> Estas ofrendas son panes salados y dulces con formas de escaleras, cruces, palomas, animales y \u00e1ngeles que representan el viaje del alma al cielo. Tambi\u00e9n se colocan bebidas y platos de comida que al difunto le gustaban.<\/p>\n\n\n\n<p>Se encienden velas y se colocan im\u00e1genes sagradas, rosarios, la foto del difunto y se adorna con flores y agua bendita. Esta mesa se prepara el 1 de noviembre para esperar que el alma baje y al d\u00eda siguiente, la familia levanta la mesa y reparte las ofrendas a familiares y amigos que los han acompa\u00f1ado en esta celebraci\u00f3n.<\/p>\n","protected":false},"excerpt":{"rendered":"<p>La festividad por el D\u00eda de los Fieles Difuntos se celebrar\u00e1 el 2 de noviembre y ese d\u00eda ser\u00e1 asueto administrativo y escolar en toda la provincia. El D\u00eda de los Fieles Difuntos es una celebraci\u00f3n importante para Jujuy y por eso el Gobierno provincial decidi\u00f3 que el pr\u00f3ximo 2 de noviembre se declare asueto [&hellip;]<\/p>\n","protected":false},"author":3,"featured_media":1851,"comment_status":"open","ping_status":"open","sticky":false,"template":"","format":"standard","meta":{"footnotes":""},"categories":[25],"tags":[821,8],"class_list":{"0":"post-1850","1":"post","2":"type-post","3":"status-publish","4":"format-standard","5":"has-post-thumbnail","7":"category-sociedad","8":"tag-dia-de-los-fieles-difuntos","9":"tag-jujuy"},"yoast_head":"<!-- This site is optimized with the Yoast SEO plugin v27.5 - https:\/\/yoast.com\/product\/yoast-seo-wordpress\/ -->\n<title>D\u00eda de los Fieles Difuntos: habr\u00e1 asueto administrativo y escolar - Muy Jujuy<\/title>\n<meta name=\"description\" content=\"La festividad por el D\u00eda de los Fieles Difuntos se celebrar\u00e1 el 2 de noviembre y ese d\u00eda ser\u00e1 asueto administrativo y escolar en toda la provincia.\" \/>\n<meta name=\"robots\" content=\"index, follow, max-snippet:-1, max-image-preview:large, max-video-preview:-1\" \/>\n<link rel=\"canonical\" href=\"https:\/\/www.muyjujuy.com\/index.php\/2022\/10\/24\/dia-de-los-fieles-difuntos-habra-asueto-administrativo-y-escolar\/\" \/>\n<meta property=\"og:locale\" content=\"es_ES\" \/>\n<meta property=\"og:type\" content=\"article\" \/>\n<meta property=\"og:title\" content=\"D\u00eda de los Fieles Difuntos: habr\u00e1 asueto administrativo y escolar - Muy Jujuy\" \/>\n<meta property=\"og:description\" content=\"La festividad por el D\u00eda de los Fieles Difuntos se celebrar\u00e1 el 2 de noviembre y ese d\u00eda ser\u00e1 asueto administrativo y escolar en toda la provincia.\" \/>\n<meta property=\"og:url\" content=\"https:\/\/www.muyjujuy.com\/index.php\/2022\/10\/24\/dia-de-los-fieles-difuntos-habra-asueto-administrativo-y-escolar\/\" \/>\n<meta property=\"og:site_name\" content=\"Muy Jujuy\" \/>\n<meta property=\"article:publisher\" content=\"https:\/\/www.facebook.com\/muyjujuycom\" \/>\n<meta property=\"article:published_time\" content=\"2022-10-24T15:51:00+00:00\" \/>\n<meta property=\"article:modified_time\" content=\"2022-10-24T15:51:02+00:00\" \/>\n<meta property=\"og:image\" content=\"https:\/\/www.muyjujuy.com\/wp-content\/uploads\/2022\/10\/WhatsApp-Image-2022-10-24-at-12.49.53.jpeg\" \/>\n\t<meta property=\"og:image:width\" content=\"993\" \/>\n\t<meta property=\"og:image:height\" content=\"610\" \/>\n\t<meta property=\"og:image:type\" content=\"image\/jpeg\" \/>\n<meta name=\"author\" content=\"Redacci\u00f3n Muy Jujuy\" \/>\n<meta name=\"twitter:card\" content=\"summary_large_image\" \/>\n<meta name=\"twitter:creator\" content=\"@muyjujuy\" \/>\n<meta name=\"twitter:site\" content=\"@muyjujuy\" \/>\n<meta name=\"twitter:label1\" content=\"Escrito por\" \/>\n\t<meta name=\"twitter:data1\" content=\"Redacci\u00f3n Muy Jujuy\" \/>\n\t<meta name=\"twitter:label2\" content=\"Tiempo de lectura\" \/>\n\t<meta name=\"twitter:data2\" content=\"2 minutos\" \/>\n<script type=\"application\/ld+json\" class=\"yoast-schema-graph\">{\"@context\":\"https:\\\/\\\/schema.org\",\"@graph\":[{\"@type\":\"Article\",\"@id\":\"https:\\\/\\\/www.muyjujuy.com\\\/index.php\\\/2022\\\/10\\\/24\\\/dia-de-los-fieles-difuntos-habra-asueto-administrativo-y-escolar\\\/#article\",\"isPartOf\":{\"@id\":\"https:\\\/\\\/www.muyjujuy.com\\\/index.php\\\/2022\\\/10\\\/24\\\/dia-de-los-fieles-difuntos-habra-asueto-administrativo-y-escolar\\\/\"},\"author\":{\"name\":\"Redacci\u00f3n Muy Jujuy\",\"@id\":\"https:\\\/\\\/www.muyjujuy.com\\\/#\\\/schema\\\/person\\\/1d0f6e223ccea9e3f9034c1a5b683bf2\"},\"headline\":\"D\u00eda de los Fieles Difuntos: habr\u00e1 asueto administrativo y escolar\",\"datePublished\":\"2022-10-24T15:51:00+00:00\",\"dateModified\":\"2022-10-24T15:51:02+00:00\",\"mainEntityOfPage\":{\"@id\":\"https:\\\/\\\/www.muyjujuy.com\\\/index.php\\\/2022\\\/10\\\/24\\\/dia-de-los-fieles-difuntos-habra-asueto-administrativo-y-escolar\\\/\"},\"wordCount\":382,\"commentCount\":0,\"publisher\":{\"@id\":\"https:\\\/\\\/www.muyjujuy.com\\\/#organization\"},\"image\":{\"@id\":\"https:\\\/\\\/www.muyjujuy.com\\\/index.php\\\/2022\\\/10\\\/24\\\/dia-de-los-fieles-difuntos-habra-asueto-administrativo-y-escolar\\\/#primaryimage\"},\"thumbnailUrl\":\"https:\\\/\\\/www.muyjujuy.com\\\/wp-content\\\/uploads\\\/2022\\\/10\\\/WhatsApp-Image-2022-10-24-at-12.49.53.jpeg\",\"keywords\":[\"D\u00eda de los Fieles Difuntos\",\"Jujuy\"],\"articleSection\":[\"Sociedad\"],\"inLanguage\":\"es-AR\",\"potentialAction\":[{\"@type\":\"CommentAction\",\"name\":\"Comment\",\"target\":[\"https:\\\/\\\/www.muyjujuy.com\\\/index.php\\\/2022\\\/10\\\/24\\\/dia-de-los-fieles-difuntos-habra-asueto-administrativo-y-escolar\\\/#respond\"]}]},{\"@type\":\"WebPage\",\"@id\":\"https:\\\/\\\/www.muyjujuy.com\\\/index.php\\\/2022\\\/10\\\/24\\\/dia-de-los-fieles-difuntos-habra-asueto-administrativo-y-escolar\\\/\",\"url\":\"https:\\\/\\\/www.muyjujuy.com\\\/index.php\\\/2022\\\/10\\\/24\\\/dia-de-los-fieles-difuntos-habra-asueto-administrativo-y-escolar\\\/\",\"name\":\"D\u00eda de los Fieles Difuntos: habr\u00e1 asueto administrativo y escolar - Muy Jujuy\",\"isPartOf\":{\"@id\":\"https:\\\/\\\/www.muyjujuy.com\\\/#website\"},\"primaryImageOfPage\":{\"@id\":\"https:\\\/\\\/www.muyjujuy.com\\\/index.php\\\/2022\\\/10\\\/24\\\/dia-de-los-fieles-difuntos-habra-asueto-administrativo-y-escolar\\\/#primaryimage\"},\"image\":{\"@id\":\"https:\\\/\\\/www.muyjujuy.com\\\/index.php\\\/2022\\\/10\\\/24\\\/dia-de-los-fieles-difuntos-habra-asueto-administrativo-y-escolar\\\/#primaryimage\"},\"thumbnailUrl\":\"https:\\\/\\\/www.muyjujuy.com\\\/wp-content\\\/uploads\\\/2022\\\/10\\\/WhatsApp-Image-2022-10-24-at-12.49.53.jpeg\",\"datePublished\":\"2022-10-24T15:51:00+00:00\",\"dateModified\":\"2022-10-24T15:51:02+00:00\",\"description\":\"La festividad por el D\u00eda de los Fieles Difuntos se celebrar\u00e1 el 2 de noviembre y ese d\u00eda ser\u00e1 asueto administrativo y escolar en toda la provincia.\",\"breadcrumb\":{\"@id\":\"https:\\\/\\\/www.muyjujuy.com\\\/index.php\\\/2022\\\/10\\\/24\\\/dia-de-los-fieles-difuntos-habra-asueto-administrativo-y-escolar\\\/#breadcrumb\"},\"inLanguage\":\"es-AR\",\"potentialAction\":[{\"@type\":\"ReadAction\",\"target\":[\"https:\\\/\\\/www.muyjujuy.com\\\/index.php\\\/2022\\\/10\\\/24\\\/dia-de-los-fieles-difuntos-habra-asueto-administrativo-y-escolar\\\/\"]}]},{\"@type\":\"ImageObject\",\"inLanguage\":\"es-AR\",\"@id\":\"https:\\\/\\\/www.muyjujuy.com\\\/index.php\\\/2022\\\/10\\\/24\\\/dia-de-los-fieles-difuntos-habra-asueto-administrativo-y-escolar\\\/#primaryimage\",\"url\":\"https:\\\/\\\/www.muyjujuy.com\\\/wp-content\\\/uploads\\\/2022\\\/10\\\/WhatsApp-Image-2022-10-24-at-12.49.53.jpeg\",\"contentUrl\":\"https:\\\/\\\/www.muyjujuy.com\\\/wp-content\\\/uploads\\\/2022\\\/10\\\/WhatsApp-Image-2022-10-24-at-12.49.53.jpeg\",\"width\":993,\"height\":610},{\"@type\":\"BreadcrumbList\",\"@id\":\"https:\\\/\\\/www.muyjujuy.com\\\/index.php\\\/2022\\\/10\\\/24\\\/dia-de-los-fieles-difuntos-habra-asueto-administrativo-y-escolar\\\/#breadcrumb\",\"itemListElement\":[{\"@type\":\"ListItem\",\"position\":1,\"name\":\"Inicio\",\"item\":\"https:\\\/\\\/www.muyjujuy.com\\\/\"},{\"@type\":\"ListItem\",\"position\":2,\"name\":\"D\u00eda de los Fieles Difuntos: habr\u00e1 asueto administrativo y escolar\"}]},{\"@type\":\"WebSite\",\"@id\":\"https:\\\/\\\/www.muyjujuy.com\\\/#website\",\"url\":\"https:\\\/\\\/www.muyjujuy.com\\\/\",\"name\":\"Muy Jujuy\",\"description\":\"\",\"publisher\":{\"@id\":\"https:\\\/\\\/www.muyjujuy.com\\\/#organization\"},\"potentialAction\":[{\"@type\":\"SearchAction\",\"target\":{\"@type\":\"EntryPoint\",\"urlTemplate\":\"https:\\\/\\\/www.muyjujuy.com\\\/?s={search_term_string}\"},\"query-input\":{\"@type\":\"PropertyValueSpecification\",\"valueRequired\":true,\"valueName\":\"search_term_string\"}}],\"inLanguage\":\"es-AR\"},{\"@type\":\"Organization\",\"@id\":\"https:\\\/\\\/www.muyjujuy.com\\\/#organization\",\"name\":\"Muy Jujuy\",\"url\":\"https:\\\/\\\/www.muyjujuy.com\\\/\",\"logo\":{\"@type\":\"ImageObject\",\"inLanguage\":\"es-AR\",\"@id\":\"https:\\\/\\\/www.muyjujuy.com\\\/#\\\/schema\\\/logo\\\/image\\\/\",\"url\":\"http:\\\/\\\/www.muyjujuy.com\\\/wp-content\\\/uploads\\\/2022\\\/05\\\/logo-mobil-jujuy.png\",\"contentUrl\":\"http:\\\/\\\/www.muyjujuy.com\\\/wp-content\\\/uploads\\\/2022\\\/05\\\/logo-mobil-jujuy.png\",\"width\":174,\"height\":81,\"caption\":\"Muy Jujuy\"},\"image\":{\"@id\":\"https:\\\/\\\/www.muyjujuy.com\\\/#\\\/schema\\\/logo\\\/image\\\/\"},\"sameAs\":[\"https:\\\/\\\/www.facebook.com\\\/muyjujuycom\",\"https:\\\/\\\/x.com\\\/muyjujuy\",\"https:\\\/\\\/www.instagram.com\\\/muyjujuycom\"]},{\"@type\":\"Person\",\"@id\":\"https:\\\/\\\/www.muyjujuy.com\\\/#\\\/schema\\\/person\\\/1d0f6e223ccea9e3f9034c1a5b683bf2\",\"name\":\"Redacci\u00f3n Muy Jujuy\",\"image\":{\"@type\":\"ImageObject\",\"inLanguage\":\"es-AR\",\"@id\":\"https:\\\/\\\/secure.gravatar.com\\\/avatar\\\/fec5f6f1893d741ed5eecccff109ce43e67a855411202a3212a058cb8e5c27d4?s=96&d=mm&r=g\",\"url\":\"https:\\\/\\\/secure.gravatar.com\\\/avatar\\\/fec5f6f1893d741ed5eecccff109ce43e67a855411202a3212a058cb8e5c27d4?s=96&d=mm&r=g\",\"contentUrl\":\"https:\\\/\\\/secure.gravatar.com\\\/avatar\\\/fec5f6f1893d741ed5eecccff109ce43e67a855411202a3212a058cb8e5c27d4?s=96&d=mm&r=g\",\"caption\":\"Redacci\u00f3n Muy Jujuy\"},\"url\":\"https:\\\/\\\/www.muyjujuy.com\\\/index.php\\\/author\\\/editor\\\/\"}]}<\/script>\n<!-- \/ Yoast SEO plugin. -->","yoast_head_json":{"title":"D\u00eda de los Fieles Difuntos: habr\u00e1 asueto administrativo y escolar - Muy Jujuy","description":"La festividad por el D\u00eda de los Fieles Difuntos se celebrar\u00e1 el 2 de noviembre y ese d\u00eda ser\u00e1 asueto administrativo y escolar en toda la provincia.","robots":{"index":"index","follow":"follow","max-snippet":"max-snippet:-1","max-image-preview":"max-image-preview:large","max-video-preview":"max-video-preview:-1"},"canonical":"https:\/\/www.muyjujuy.com\/index.php\/2022\/10\/24\/dia-de-los-fieles-difuntos-habra-asueto-administrativo-y-escolar\/","og_locale":"es_ES","og_type":"article","og_title":"D\u00eda de los Fieles Difuntos: habr\u00e1 asueto administrativo y escolar - Muy Jujuy","og_description":"La festividad por el D\u00eda de los Fieles Difuntos se celebrar\u00e1 el 2 de noviembre y ese d\u00eda ser\u00e1 asueto administrativo y escolar en toda la provincia.","og_url":"https:\/\/www.muyjujuy.com\/index.php\/2022\/10\/24\/dia-de-los-fieles-difuntos-habra-asueto-administrativo-y-escolar\/","og_site_name":"Muy Jujuy","article_publisher":"https:\/\/www.facebook.com\/muyjujuycom","article_published_time":"2022-10-24T15:51:00+00:00","article_modified_time":"2022-10-24T15:51:02+00:00","og_image":[{"width":993,"height":610,"url":"https:\/\/www.muyjujuy.com\/wp-content\/uploads\/2022\/10\/WhatsApp-Image-2022-10-24-at-12.49.53.jpeg","type":"image\/jpeg"}],"author":"Redacci\u00f3n Muy Jujuy","twitter_card":"summary_large_image","twitter_creator":"@muyjujuy","twitter_site":"@muyjujuy","twitter_misc":{"Escrito por":"Redacci\u00f3n Muy Jujuy","Tiempo de lectura":"2 minutos"},"schema":{"@context":"https:\/\/schema.org","@graph":[{"@type":"Article","@id":"https:\/\/www.muyjujuy.com\/index.php\/2022\/10\/24\/dia-de-los-fieles-difuntos-habra-asueto-administrativo-y-escolar\/#article","isPartOf":{"@id":"https:\/\/www.muyjujuy.com\/index.php\/2022\/10\/24\/dia-de-los-fieles-difuntos-habra-asueto-administrativo-y-escolar\/"},"author":{"name":"Redacci\u00f3n Muy Jujuy","@id":"https:\/\/www.muyjujuy.com\/#\/schema\/person\/1d0f6e223ccea9e3f9034c1a5b683bf2"},"headline":"D\u00eda de los Fieles Difuntos: habr\u00e1 asueto administrativo y escolar","datePublished":"2022-10-24T15:51:00+00:00","dateModified":"2022-10-24T15:51:02+00:00","mainEntityOfPage":{"@id":"https:\/\/www.muyjujuy.com\/index.php\/2022\/10\/24\/dia-de-los-fieles-difuntos-habra-asueto-administrativo-y-escolar\/"},"wordCount":382,"commentCount":0,"publisher":{"@id":"https:\/\/www.muyjujuy.com\/#organization"},"image":{"@id":"https:\/\/www.muyjujuy.com\/index.php\/2022\/10\/24\/dia-de-los-fieles-difuntos-habra-asueto-administrativo-y-escolar\/#primaryimage"},"thumbnailUrl":"https:\/\/www.muyjujuy.com\/wp-content\/uploads\/2022\/10\/WhatsApp-Image-2022-10-24-at-12.49.53.jpeg","keywords":["D\u00eda de los Fieles Difuntos","Jujuy"],"articleSection":["Sociedad"],"inLanguage":"es-AR","potentialAction":[{"@type":"CommentAction","name":"Comment","target":["https:\/\/www.muyjujuy.com\/index.php\/2022\/10\/24\/dia-de-los-fieles-difuntos-habra-asueto-administrativo-y-escolar\/#respond"]}]},{"@type":"WebPage","@id":"https:\/\/www.muyjujuy.com\/index.php\/2022\/10\/24\/dia-de-los-fieles-difuntos-habra-asueto-administrativo-y-escolar\/","url":"https:\/\/www.muyjujuy.com\/index.php\/2022\/10\/24\/dia-de-los-fieles-difuntos-habra-asueto-administrativo-y-escolar\/","name":"D\u00eda de los Fieles Difuntos: habr\u00e1 asueto administrativo y escolar - Muy Jujuy","isPartOf":{"@id":"https:\/\/www.muyjujuy.com\/#website"},"primaryImageOfPage":{"@id":"https:\/\/www.muyjujuy.com\/index.php\/2022\/10\/24\/dia-de-los-fieles-difuntos-habra-asueto-administrativo-y-escolar\/#primaryimage"},"image":{"@id":"https:\/\/www.muyjujuy.com\/index.php\/2022\/10\/24\/dia-de-los-fieles-difuntos-habra-asueto-administrativo-y-escolar\/#primaryimage"},"thumbnailUrl":"https:\/\/www.muyjujuy.com\/wp-content\/uploads\/2022\/10\/WhatsApp-Image-2022-10-24-at-12.49.53.jpeg","datePublished":"2022-10-24T15:51:00+00:00","dateModified":"2022-10-24T15:51:02+00:00","description":"La festividad por el D\u00eda de los Fieles Difuntos se celebrar\u00e1 el 2 de noviembre y ese d\u00eda ser\u00e1 asueto administrativo y escolar en toda la provincia.","breadcrumb":{"@id":"https:\/\/www.muyjujuy.com\/index.php\/2022\/10\/24\/dia-de-los-fieles-difuntos-habra-asueto-administrativo-y-escolar\/#breadcrumb"},"inLanguage":"es-AR","potentialAction":[{"@type":"ReadAction","target":["https:\/\/www.muyjujuy.com\/index.php\/2022\/10\/24\/dia-de-los-fieles-difuntos-habra-asueto-administrativo-y-escolar\/"]}]},{"@type":"ImageObject","inLanguage":"es-AR","@id":"https:\/\/www.muyjujuy.com\/index.php\/2022\/10\/24\/dia-de-los-fieles-difuntos-habra-asueto-administrativo-y-escolar\/#primaryimage","url":"https:\/\/www.muyjujuy.com\/wp-content\/uploads\/2022\/10\/WhatsApp-Image-2022-10-24-at-12.49.53.jpeg","contentUrl":"https:\/\/www.muyjujuy.com\/wp-content\/uploads\/2022\/10\/WhatsApp-Image-2022-10-24-at-12.49.53.jpeg","width":993,"height":610},{"@type":"BreadcrumbList","@id":"https:\/\/www.muyjujuy.com\/index.php\/2022\/10\/24\/dia-de-los-fieles-difuntos-habra-asueto-administrativo-y-escolar\/#breadcrumb","itemListElement":[{"@type":"ListItem","position":1,"name":"Inicio","item":"https:\/\/www.muyjujuy.com\/"},{"@type":"ListItem","position":2,"name":"D\u00eda de los Fieles Difuntos: habr\u00e1 asueto administrativo y escolar"}]},{"@type":"WebSite","@id":"https:\/\/www.muyjujuy.com\/#website","url":"https:\/\/www.muyjujuy.com\/","name":"Muy Jujuy","description":"","publisher":{"@id":"https:\/\/www.muyjujuy.com\/#organization"},"potentialAction":[{"@type":"SearchAction","target":{"@type":"EntryPoint","urlTemplate":"https:\/\/www.muyjujuy.com\/?s={search_term_string}"},"query-input":{"@type":"PropertyValueSpecification","valueRequired":true,"valueName":"search_term_string"}}],"inLanguage":"es-AR"},{"@type":"Organization","@id":"https:\/\/www.muyjujuy.com\/#organization","name":"Muy Jujuy","url":"https:\/\/www.muyjujuy.com\/","logo":{"@type":"ImageObject","inLanguage":"es-AR","@id":"https:\/\/www.muyjujuy.com\/#\/schema\/logo\/image\/","url":"http:\/\/www.muyjujuy.com\/wp-content\/uploads\/2022\/05\/logo-mobil-jujuy.png","contentUrl":"http:\/\/www.muyjujuy.com\/wp-content\/uploads\/2022\/05\/logo-mobil-jujuy.png","width":174,"height":81,"caption":"Muy Jujuy"},"image":{"@id":"https:\/\/www.muyjujuy.com\/#\/schema\/logo\/image\/"},"sameAs":["https:\/\/www.facebook.com\/muyjujuycom","https:\/\/x.com\/muyjujuy","https:\/\/www.instagram.com\/muyjujuycom"]},{"@type":"Person","@id":"https:\/\/www.muyjujuy.com\/#\/schema\/person\/1d0f6e223ccea9e3f9034c1a5b683bf2","name":"Redacci\u00f3n Muy Jujuy","image":{"@type":"ImageObject","inLanguage":"es-AR","@id":"https:\/\/secure.gravatar.com\/avatar\/fec5f6f1893d741ed5eecccff109ce43e67a855411202a3212a058cb8e5c27d4?s=96&d=mm&r=g","url":"https:\/\/secure.gravatar.com\/avatar\/fec5f6f1893d741ed5eecccff109ce43e67a855411202a3212a058cb8e5c27d4?s=96&d=mm&r=g","contentUrl":"https:\/\/secure.gravatar.com\/avatar\/fec5f6f1893d741ed5eecccff109ce43e67a855411202a3212a058cb8e5c27d4?s=96&d=mm&r=g","caption":"Redacci\u00f3n Muy Jujuy"},"url":"https:\/\/www.muyjujuy.com\/index.php\/author\/editor\/"}]}},"_links":{"self":[{"href":"https:\/\/www.muyjujuy.com\/index.php\/wp-json\/wp\/v2\/posts\/1850","targetHints":{"allow":["GET"]}}],"collection":[{"href":"https:\/\/www.muyjujuy.com\/index.php\/wp-json\/wp\/v2\/posts"}],"about":[{"href":"https:\/\/www.muyjujuy.com\/index.php\/wp-json\/wp\/v2\/types\/post"}],"author":[{"embeddable":true,"href":"https:\/\/www.muyjujuy.com\/index.php\/wp-json\/wp\/v2\/users\/3"}],"replies":[{"embeddable":true,"href":"https:\/\/www.muyjujuy.com\/index.php\/wp-json\/wp\/v2\/comments?post=1850"}],"version-history":[{"count":1,"href":"https:\/\/www.muyjujuy.com\/index.php\/wp-json\/wp\/v2\/posts\/1850\/revisions"}],"predecessor-version":[{"id":1852,"href":"https:\/\/www.muyjujuy.com\/index.php\/wp-json\/wp\/v2\/posts\/1850\/revisions\/1852"}],"wp:featuredmedia":[{"embeddable":true,"href":"https:\/\/www.muyjujuy.com\/index.php\/wp-json\/wp\/v2\/media\/1851"}],"wp:attachment":[{"href":"https:\/\/www.muyjujuy.com\/index.php\/wp-json\/wp\/v2\/media?parent=1850"}],"wp:term":[{"taxonomy":"category","embeddable":true,"href":"https:\/\/www.muyjujuy.com\/index.php\/wp-json\/wp\/v2\/categories?post=1850"},{"taxonomy":"post_tag","embeddable":true,"href":"https:\/\/www.muyjujuy.com\/index.php\/wp-json\/wp\/v2\/tags?post=1850"}],"curies":[{"name":"wp","href":"https:\/\/api.w.org\/{rel}","templated":true}]}}