{"id":1862,"date":"2022-10-25T13:01:42","date_gmt":"2022-10-25T16:01:42","guid":{"rendered":"https:\/\/www.muyjujuy.com\/?p=1862"},"modified":"2022-10-25T13:01:43","modified_gmt":"2022-10-25T16:01:43","slug":"provincia-entrego-subsidios-a-escuelas-tecnicas-que-participaran-en-la-competencia-de-ypf","status":"publish","type":"post","link":"https:\/\/www.muyjujuy.com\/index.php\/2022\/10\/25\/provincia-entrego-subsidios-a-escuelas-tecnicas-que-participaran-en-la-competencia-de-ypf\/","title":{"rendered":"Provincia entreg\u00f3 subsidios a escuelas t\u00e9cnicas que participar\u00e1n en la competencia de YPF"},"content":{"rendered":"\n<p><em>El Gobierno juje\u00f1o se har\u00e1 cargo de los gastos y del viaje de los alumnos que competir\u00e1n en una competencia de YPF en Bariloche.<\/em><\/p>\n\n\n\n<p>El gobernador de Jujuy, <strong>Gerardo Morales<\/strong>, encabez\u00f3 un encuentro con alumnos de las escuelas t\u00e9cnicas participantes de la competencia <strong>Desaf\u00edo ECO- YPF<\/strong>. Estuvieron estudiantes de establecimientos de <strong>Maimar\u00e1, Palpal\u00e1 y San Pedro, acompa\u00f1ados por directivos y profesores.<\/strong><\/p>\n\n\n\n<p><strong>Los alumnos juje\u00f1os viajar\u00e1n a Bariloche para participar del evento m\u00e1s popular en materia t\u00e9cnica<\/strong>, que se desarrollar\u00e1 del 2 al 4 de diciembre. <\/p>\n\n\n\n<p>El desaf\u00edo consiste en una competencia de autos el\u00e9ctricos dise\u00f1ados por alumnos de los establecimientos con modalidad t\u00e9cnica de todo el pa\u00eds.<strong> La prueba implica diferentes series de pruebas, de velocidad, de resistencia y de sprint, son determinantes en puntajes.<\/strong><\/p>\n\n\n\n<p>Al respecto, la secretaria de Gesti\u00f3n de la Gobernaci\u00f3n provincial, <strong>Anal\u00eda Ru\u00edz<\/strong>, detall\u00f3 la log\u00edstica desplegada para el viaje y estad\u00eda de los estudiantes y docentes en Bariloche<strong>. &#8220;Tres instituciones viajan a Bariloche a competir al reconocido certamen, como es ECO- YPF\u201d, <\/strong>enfatiz\u00f3.<\/p>\n\n\n\n<p><strong>\u201cEl a\u00f1o pasado la escuela t\u00e9cnica de Maimar\u00e1 particip\u00f3 y obtuvo buenos resultados y experiencias.<\/strong> El gobernador visit\u00f3 al estudiantado de la Quebrada y acompa\u00f1\u00f3 todo el proceso para que los chicos est\u00e9n en Tecn\u00f3polis\u201d, valor\u00f3.<\/p>\n\n\n\n<p>\u201cLa educaci\u00f3n es el futuro de nuestros chicos y el gobierno apuesta, porque debemos estar preparados para las nuevas demandas laborales\u201d, sostuvo Ru\u00edz.\u00a0<\/p>\n\n\n\n<h2 class=\"wp-block-heading\"><strong>Escuelas t\u00e9cnicas viajar\u00e1n para una competencia de YPF<\/strong><\/h2>\n\n\n\n<p>Ru\u00edz explic\u00f3 que <strong>\u201cel Gobierno se hace cargo de todos los gastos, tanto de transporte como estad\u00eda y comida&#8221; <\/strong>y destac\u00f3: &#8220;Queremos brindar lo mejor a nuestros defensores de la provincia\u201d.\u00a0<\/p>\n\n\n\n<p>&#8220;Lo que se viene es el litio, energ\u00eda renovable, paneles solares y todos los emprendimientos provinciales, van a necesitar mano de obra capacitada. <strong>Y para all\u00ed vamos, junto a nuestros chicos, que son el futuro de Jujuy\u201d<\/strong>, apunt\u00f3<\/p>\n\n\n\n<p>Por su parte, Claudio G\u00f3mez, Vicedirector de la Escuela T\u00e9cnica de Maimar\u00e1, manifest\u00f3: \u201cVamos con mucha esperanza y con experiencia en estos eventos. En nombre de los chicos y de la instituci\u00f3n estamos agradecidos con el gobernador Morales por su acompa\u00f1amiento\u201d.\u00a0<\/p>\n\n\n\n<p>Participaron el intendente de San Pedro, Julio Bravo; el presidente del Bloque Cambia Jujuy, Alberto Bernis; los legisladores provinciales Omar Guti\u00e9rrez, Gisela Bravo, Fabi\u00e1n Tejerina, Malena Amerise y Mariela Ortiz y comunidad educativa.<\/p>\n","protected":false},"excerpt":{"rendered":"<p>El Gobierno juje\u00f1o se har\u00e1 cargo de los gastos y del viaje de los alumnos que competir\u00e1n en una competencia de YPF en Bariloche. El gobernador de Jujuy, Gerardo Morales, encabez\u00f3 un encuentro con alumnos de las escuelas t\u00e9cnicas participantes de la competencia Desaf\u00edo ECO- YPF. Estuvieron estudiantes de establecimientos de Maimar\u00e1, Palpal\u00e1 y San [&hellip;]<\/p>\n","protected":false},"author":3,"featured_media":1863,"comment_status":"open","ping_status":"open","sticky":false,"template":"","format":"standard","meta":{"footnotes":""},"categories":[24],"tags":[5,8],"class_list":{"0":"post-1862","1":"post","2":"type-post","3":"status-publish","4":"format-standard","5":"has-post-thumbnail","7":"category-politica","8":"tag-gerardo-morales","9":"tag-jujuy"},"yoast_head":"<!-- This site is optimized with the Yoast SEO plugin v27.5 - https:\/\/yoast.com\/product\/yoast-seo-wordpress\/ -->\n<title>Provincia entreg\u00f3 subsidios a escuelas t\u00e9cnicas que participar\u00e1n en la competencia de YPF - Muy Jujuy<\/title>\n<meta name=\"description\" content=\"El Gobierno juje\u00f1o se har\u00e1 cargo de los gastos y del viaje de los alumnos que competir\u00e1n en una competencia de YPF en Bariloche.\" \/>\n<meta name=\"robots\" content=\"index, follow, max-snippet:-1, max-image-preview:large, max-video-preview:-1\" \/>\n<link rel=\"canonical\" href=\"https:\/\/www.muyjujuy.com\/index.php\/2022\/10\/25\/provincia-entrego-subsidios-a-escuelas-tecnicas-que-participaran-en-la-competencia-de-ypf\/\" \/>\n<meta property=\"og:locale\" content=\"es_ES\" \/>\n<meta property=\"og:type\" content=\"article\" \/>\n<meta property=\"og:title\" content=\"Provincia entreg\u00f3 subsidios a escuelas t\u00e9cnicas que participar\u00e1n en la competencia de YPF - Muy Jujuy\" \/>\n<meta property=\"og:description\" content=\"El Gobierno juje\u00f1o se har\u00e1 cargo de los gastos y del viaje de los alumnos que competir\u00e1n en una competencia de YPF en Bariloche.\" \/>\n<meta property=\"og:url\" content=\"https:\/\/www.muyjujuy.com\/index.php\/2022\/10\/25\/provincia-entrego-subsidios-a-escuelas-tecnicas-que-participaran-en-la-competencia-de-ypf\/\" \/>\n<meta property=\"og:site_name\" content=\"Muy Jujuy\" \/>\n<meta property=\"article:publisher\" content=\"https:\/\/www.facebook.com\/muyjujuycom\" \/>\n<meta property=\"article:published_time\" content=\"2022-10-25T16:01:42+00:00\" \/>\n<meta property=\"article:modified_time\" content=\"2022-10-25T16:01:43+00:00\" \/>\n<meta property=\"og:image\" content=\"https:\/\/www.muyjujuy.com\/wp-content\/uploads\/2022\/10\/WhatsApp-Image-2022-10-25-at-12.57.08.jpeg\" \/>\n\t<meta property=\"og:image:width\" content=\"1200\" \/>\n\t<meta property=\"og:image:height\" content=\"614\" \/>\n\t<meta property=\"og:image:type\" content=\"image\/jpeg\" \/>\n<meta name=\"author\" content=\"Redacci\u00f3n Muy Jujuy\" \/>\n<meta name=\"twitter:card\" content=\"summary_large_image\" \/>\n<meta name=\"twitter:creator\" content=\"@muyjujuy\" \/>\n<meta name=\"twitter:site\" content=\"@muyjujuy\" \/>\n<meta name=\"twitter:label1\" content=\"Escrito por\" \/>\n\t<meta name=\"twitter:data1\" content=\"Redacci\u00f3n Muy Jujuy\" \/>\n\t<meta name=\"twitter:label2\" content=\"Tiempo de lectura\" \/>\n\t<meta name=\"twitter:data2\" content=\"2 minutos\" \/>\n<script type=\"application\/ld+json\" class=\"yoast-schema-graph\">{\"@context\":\"https:\\\/\\\/schema.org\",\"@graph\":[{\"@type\":\"Article\",\"@id\":\"https:\\\/\\\/www.muyjujuy.com\\\/index.php\\\/2022\\\/10\\\/25\\\/provincia-entrego-subsidios-a-escuelas-tecnicas-que-participaran-en-la-competencia-de-ypf\\\/#article\",\"isPartOf\":{\"@id\":\"https:\\\/\\\/www.muyjujuy.com\\\/index.php\\\/2022\\\/10\\\/25\\\/provincia-entrego-subsidios-a-escuelas-tecnicas-que-participaran-en-la-competencia-de-ypf\\\/\"},\"author\":{\"name\":\"Redacci\u00f3n Muy Jujuy\",\"@id\":\"https:\\\/\\\/www.muyjujuy.com\\\/#\\\/schema\\\/person\\\/1d0f6e223ccea9e3f9034c1a5b683bf2\"},\"headline\":\"Provincia entreg\u00f3 subsidios a escuelas t\u00e9cnicas que participar\u00e1n en la competencia de YPF\",\"datePublished\":\"2022-10-25T16:01:42+00:00\",\"dateModified\":\"2022-10-25T16:01:43+00:00\",\"mainEntityOfPage\":{\"@id\":\"https:\\\/\\\/www.muyjujuy.com\\\/index.php\\\/2022\\\/10\\\/25\\\/provincia-entrego-subsidios-a-escuelas-tecnicas-que-participaran-en-la-competencia-de-ypf\\\/\"},\"wordCount\":428,\"commentCount\":0,\"publisher\":{\"@id\":\"https:\\\/\\\/www.muyjujuy.com\\\/#organization\"},\"image\":{\"@id\":\"https:\\\/\\\/www.muyjujuy.com\\\/index.php\\\/2022\\\/10\\\/25\\\/provincia-entrego-subsidios-a-escuelas-tecnicas-que-participaran-en-la-competencia-de-ypf\\\/#primaryimage\"},\"thumbnailUrl\":\"https:\\\/\\\/www.muyjujuy.com\\\/wp-content\\\/uploads\\\/2022\\\/10\\\/WhatsApp-Image-2022-10-25-at-12.57.08.jpeg\",\"keywords\":[\"Gerardo Morales\",\"Jujuy\"],\"articleSection\":[\"Pol\u00edtica\"],\"inLanguage\":\"es-AR\",\"potentialAction\":[{\"@type\":\"CommentAction\",\"name\":\"Comment\",\"target\":[\"https:\\\/\\\/www.muyjujuy.com\\\/index.php\\\/2022\\\/10\\\/25\\\/provincia-entrego-subsidios-a-escuelas-tecnicas-que-participaran-en-la-competencia-de-ypf\\\/#respond\"]}]},{\"@type\":\"WebPage\",\"@id\":\"https:\\\/\\\/www.muyjujuy.com\\\/index.php\\\/2022\\\/10\\\/25\\\/provincia-entrego-subsidios-a-escuelas-tecnicas-que-participaran-en-la-competencia-de-ypf\\\/\",\"url\":\"https:\\\/\\\/www.muyjujuy.com\\\/index.php\\\/2022\\\/10\\\/25\\\/provincia-entrego-subsidios-a-escuelas-tecnicas-que-participaran-en-la-competencia-de-ypf\\\/\",\"name\":\"Provincia entreg\u00f3 subsidios a escuelas t\u00e9cnicas que participar\u00e1n en la competencia de YPF - Muy Jujuy\",\"isPartOf\":{\"@id\":\"https:\\\/\\\/www.muyjujuy.com\\\/#website\"},\"primaryImageOfPage\":{\"@id\":\"https:\\\/\\\/www.muyjujuy.com\\\/index.php\\\/2022\\\/10\\\/25\\\/provincia-entrego-subsidios-a-escuelas-tecnicas-que-participaran-en-la-competencia-de-ypf\\\/#primaryimage\"},\"image\":{\"@id\":\"https:\\\/\\\/www.muyjujuy.com\\\/index.php\\\/2022\\\/10\\\/25\\\/provincia-entrego-subsidios-a-escuelas-tecnicas-que-participaran-en-la-competencia-de-ypf\\\/#primaryimage\"},\"thumbnailUrl\":\"https:\\\/\\\/www.muyjujuy.com\\\/wp-content\\\/uploads\\\/2022\\\/10\\\/WhatsApp-Image-2022-10-25-at-12.57.08.jpeg\",\"datePublished\":\"2022-10-25T16:01:42+00:00\",\"dateModified\":\"2022-10-25T16:01:43+00:00\",\"description\":\"El Gobierno juje\u00f1o se har\u00e1 cargo de los gastos y del viaje de los alumnos que competir\u00e1n en una competencia de YPF en Bariloche.\",\"breadcrumb\":{\"@id\":\"https:\\\/\\\/www.muyjujuy.com\\\/index.php\\\/2022\\\/10\\\/25\\\/provincia-entrego-subsidios-a-escuelas-tecnicas-que-participaran-en-la-competencia-de-ypf\\\/#breadcrumb\"},\"inLanguage\":\"es-AR\",\"potentialAction\":[{\"@type\":\"ReadAction\",\"target\":[\"https:\\\/\\\/www.muyjujuy.com\\\/index.php\\\/2022\\\/10\\\/25\\\/provincia-entrego-subsidios-a-escuelas-tecnicas-que-participaran-en-la-competencia-de-ypf\\\/\"]}]},{\"@type\":\"ImageObject\",\"inLanguage\":\"es-AR\",\"@id\":\"https:\\\/\\\/www.muyjujuy.com\\\/index.php\\\/2022\\\/10\\\/25\\\/provincia-entrego-subsidios-a-escuelas-tecnicas-que-participaran-en-la-competencia-de-ypf\\\/#primaryimage\",\"url\":\"https:\\\/\\\/www.muyjujuy.com\\\/wp-content\\\/uploads\\\/2022\\\/10\\\/WhatsApp-Image-2022-10-25-at-12.57.08.jpeg\",\"contentUrl\":\"https:\\\/\\\/www.muyjujuy.com\\\/wp-content\\\/uploads\\\/2022\\\/10\\\/WhatsApp-Image-2022-10-25-at-12.57.08.jpeg\",\"width\":1200,\"height\":614},{\"@type\":\"BreadcrumbList\",\"@id\":\"https:\\\/\\\/www.muyjujuy.com\\\/index.php\\\/2022\\\/10\\\/25\\\/provincia-entrego-subsidios-a-escuelas-tecnicas-que-participaran-en-la-competencia-de-ypf\\\/#breadcrumb\",\"itemListElement\":[{\"@type\":\"ListItem\",\"position\":1,\"name\":\"Inicio\",\"item\":\"https:\\\/\\\/www.muyjujuy.com\\\/\"},{\"@type\":\"ListItem\",\"position\":2,\"name\":\"Provincia entreg\u00f3 subsidios a escuelas t\u00e9cnicas que participar\u00e1n en la competencia de YPF\"}]},{\"@type\":\"WebSite\",\"@id\":\"https:\\\/\\\/www.muyjujuy.com\\\/#website\",\"url\":\"https:\\\/\\\/www.muyjujuy.com\\\/\",\"name\":\"Muy Jujuy\",\"description\":\"\",\"publisher\":{\"@id\":\"https:\\\/\\\/www.muyjujuy.com\\\/#organization\"},\"potentialAction\":[{\"@type\":\"SearchAction\",\"target\":{\"@type\":\"EntryPoint\",\"urlTemplate\":\"https:\\\/\\\/www.muyjujuy.com\\\/?s={search_term_string}\"},\"query-input\":{\"@type\":\"PropertyValueSpecification\",\"valueRequired\":true,\"valueName\":\"search_term_string\"}}],\"inLanguage\":\"es-AR\"},{\"@type\":\"Organization\",\"@id\":\"https:\\\/\\\/www.muyjujuy.com\\\/#organization\",\"name\":\"Muy Jujuy\",\"url\":\"https:\\\/\\\/www.muyjujuy.com\\\/\",\"logo\":{\"@type\":\"ImageObject\",\"inLanguage\":\"es-AR\",\"@id\":\"https:\\\/\\\/www.muyjujuy.com\\\/#\\\/schema\\\/logo\\\/image\\\/\",\"url\":\"http:\\\/\\\/www.muyjujuy.com\\\/wp-content\\\/uploads\\\/2022\\\/05\\\/logo-mobil-jujuy.png\",\"contentUrl\":\"http:\\\/\\\/www.muyjujuy.com\\\/wp-content\\\/uploads\\\/2022\\\/05\\\/logo-mobil-jujuy.png\",\"width\":174,\"height\":81,\"caption\":\"Muy Jujuy\"},\"image\":{\"@id\":\"https:\\\/\\\/www.muyjujuy.com\\\/#\\\/schema\\\/logo\\\/image\\\/\"},\"sameAs\":[\"https:\\\/\\\/www.facebook.com\\\/muyjujuycom\",\"https:\\\/\\\/x.com\\\/muyjujuy\",\"https:\\\/\\\/www.instagram.com\\\/muyjujuycom\"]},{\"@type\":\"Person\",\"@id\":\"https:\\\/\\\/www.muyjujuy.com\\\/#\\\/schema\\\/person\\\/1d0f6e223ccea9e3f9034c1a5b683bf2\",\"name\":\"Redacci\u00f3n Muy Jujuy\",\"image\":{\"@type\":\"ImageObject\",\"inLanguage\":\"es-AR\",\"@id\":\"https:\\\/\\\/secure.gravatar.com\\\/avatar\\\/fec5f6f1893d741ed5eecccff109ce43e67a855411202a3212a058cb8e5c27d4?s=96&d=mm&r=g\",\"url\":\"https:\\\/\\\/secure.gravatar.com\\\/avatar\\\/fec5f6f1893d741ed5eecccff109ce43e67a855411202a3212a058cb8e5c27d4?s=96&d=mm&r=g\",\"contentUrl\":\"https:\\\/\\\/secure.gravatar.com\\\/avatar\\\/fec5f6f1893d741ed5eecccff109ce43e67a855411202a3212a058cb8e5c27d4?s=96&d=mm&r=g\",\"caption\":\"Redacci\u00f3n Muy Jujuy\"},\"url\":\"https:\\\/\\\/www.muyjujuy.com\\\/index.php\\\/author\\\/editor\\\/\"}]}<\/script>\n<!-- \/ Yoast SEO plugin. -->","yoast_head_json":{"title":"Provincia entreg\u00f3 subsidios a escuelas t\u00e9cnicas que participar\u00e1n en la competencia de YPF - Muy Jujuy","description":"El Gobierno juje\u00f1o se har\u00e1 cargo de los gastos y del viaje de los alumnos que competir\u00e1n en una competencia de YPF en Bariloche.","robots":{"index":"index","follow":"follow","max-snippet":"max-snippet:-1","max-image-preview":"max-image-preview:large","max-video-preview":"max-video-preview:-1"},"canonical":"https:\/\/www.muyjujuy.com\/index.php\/2022\/10\/25\/provincia-entrego-subsidios-a-escuelas-tecnicas-que-participaran-en-la-competencia-de-ypf\/","og_locale":"es_ES","og_type":"article","og_title":"Provincia entreg\u00f3 subsidios a escuelas t\u00e9cnicas que participar\u00e1n en la competencia de YPF - Muy Jujuy","og_description":"El Gobierno juje\u00f1o se har\u00e1 cargo de los gastos y del viaje de los alumnos que competir\u00e1n en una competencia de YPF en Bariloche.","og_url":"https:\/\/www.muyjujuy.com\/index.php\/2022\/10\/25\/provincia-entrego-subsidios-a-escuelas-tecnicas-que-participaran-en-la-competencia-de-ypf\/","og_site_name":"Muy Jujuy","article_publisher":"https:\/\/www.facebook.com\/muyjujuycom","article_published_time":"2022-10-25T16:01:42+00:00","article_modified_time":"2022-10-25T16:01:43+00:00","og_image":[{"width":1200,"height":614,"url":"https:\/\/www.muyjujuy.com\/wp-content\/uploads\/2022\/10\/WhatsApp-Image-2022-10-25-at-12.57.08.jpeg","type":"image\/jpeg"}],"author":"Redacci\u00f3n Muy Jujuy","twitter_card":"summary_large_image","twitter_creator":"@muyjujuy","twitter_site":"@muyjujuy","twitter_misc":{"Escrito por":"Redacci\u00f3n Muy Jujuy","Tiempo de lectura":"2 minutos"},"schema":{"@context":"https:\/\/schema.org","@graph":[{"@type":"Article","@id":"https:\/\/www.muyjujuy.com\/index.php\/2022\/10\/25\/provincia-entrego-subsidios-a-escuelas-tecnicas-que-participaran-en-la-competencia-de-ypf\/#article","isPartOf":{"@id":"https:\/\/www.muyjujuy.com\/index.php\/2022\/10\/25\/provincia-entrego-subsidios-a-escuelas-tecnicas-que-participaran-en-la-competencia-de-ypf\/"},"author":{"name":"Redacci\u00f3n Muy Jujuy","@id":"https:\/\/www.muyjujuy.com\/#\/schema\/person\/1d0f6e223ccea9e3f9034c1a5b683bf2"},"headline":"Provincia entreg\u00f3 subsidios a escuelas t\u00e9cnicas que participar\u00e1n en la competencia de YPF","datePublished":"2022-10-25T16:01:42+00:00","dateModified":"2022-10-25T16:01:43+00:00","mainEntityOfPage":{"@id":"https:\/\/www.muyjujuy.com\/index.php\/2022\/10\/25\/provincia-entrego-subsidios-a-escuelas-tecnicas-que-participaran-en-la-competencia-de-ypf\/"},"wordCount":428,"commentCount":0,"publisher":{"@id":"https:\/\/www.muyjujuy.com\/#organization"},"image":{"@id":"https:\/\/www.muyjujuy.com\/index.php\/2022\/10\/25\/provincia-entrego-subsidios-a-escuelas-tecnicas-que-participaran-en-la-competencia-de-ypf\/#primaryimage"},"thumbnailUrl":"https:\/\/www.muyjujuy.com\/wp-content\/uploads\/2022\/10\/WhatsApp-Image-2022-10-25-at-12.57.08.jpeg","keywords":["Gerardo Morales","Jujuy"],"articleSection":["Pol\u00edtica"],"inLanguage":"es-AR","potentialAction":[{"@type":"CommentAction","name":"Comment","target":["https:\/\/www.muyjujuy.com\/index.php\/2022\/10\/25\/provincia-entrego-subsidios-a-escuelas-tecnicas-que-participaran-en-la-competencia-de-ypf\/#respond"]}]},{"@type":"WebPage","@id":"https:\/\/www.muyjujuy.com\/index.php\/2022\/10\/25\/provincia-entrego-subsidios-a-escuelas-tecnicas-que-participaran-en-la-competencia-de-ypf\/","url":"https:\/\/www.muyjujuy.com\/index.php\/2022\/10\/25\/provincia-entrego-subsidios-a-escuelas-tecnicas-que-participaran-en-la-competencia-de-ypf\/","name":"Provincia entreg\u00f3 subsidios a escuelas t\u00e9cnicas que participar\u00e1n en la competencia de YPF - Muy Jujuy","isPartOf":{"@id":"https:\/\/www.muyjujuy.com\/#website"},"primaryImageOfPage":{"@id":"https:\/\/www.muyjujuy.com\/index.php\/2022\/10\/25\/provincia-entrego-subsidios-a-escuelas-tecnicas-que-participaran-en-la-competencia-de-ypf\/#primaryimage"},"image":{"@id":"https:\/\/www.muyjujuy.com\/index.php\/2022\/10\/25\/provincia-entrego-subsidios-a-escuelas-tecnicas-que-participaran-en-la-competencia-de-ypf\/#primaryimage"},"thumbnailUrl":"https:\/\/www.muyjujuy.com\/wp-content\/uploads\/2022\/10\/WhatsApp-Image-2022-10-25-at-12.57.08.jpeg","datePublished":"2022-10-25T16:01:42+00:00","dateModified":"2022-10-25T16:01:43+00:00","description":"El Gobierno juje\u00f1o se har\u00e1 cargo de los gastos y del viaje de los alumnos que competir\u00e1n en una competencia de YPF en Bariloche.","breadcrumb":{"@id":"https:\/\/www.muyjujuy.com\/index.php\/2022\/10\/25\/provincia-entrego-subsidios-a-escuelas-tecnicas-que-participaran-en-la-competencia-de-ypf\/#breadcrumb"},"inLanguage":"es-AR","potentialAction":[{"@type":"ReadAction","target":["https:\/\/www.muyjujuy.com\/index.php\/2022\/10\/25\/provincia-entrego-subsidios-a-escuelas-tecnicas-que-participaran-en-la-competencia-de-ypf\/"]}]},{"@type":"ImageObject","inLanguage":"es-AR","@id":"https:\/\/www.muyjujuy.com\/index.php\/2022\/10\/25\/provincia-entrego-subsidios-a-escuelas-tecnicas-que-participaran-en-la-competencia-de-ypf\/#primaryimage","url":"https:\/\/www.muyjujuy.com\/wp-content\/uploads\/2022\/10\/WhatsApp-Image-2022-10-25-at-12.57.08.jpeg","contentUrl":"https:\/\/www.muyjujuy.com\/wp-content\/uploads\/2022\/10\/WhatsApp-Image-2022-10-25-at-12.57.08.jpeg","width":1200,"height":614},{"@type":"BreadcrumbList","@id":"https:\/\/www.muyjujuy.com\/index.php\/2022\/10\/25\/provincia-entrego-subsidios-a-escuelas-tecnicas-que-participaran-en-la-competencia-de-ypf\/#breadcrumb","itemListElement":[{"@type":"ListItem","position":1,"name":"Inicio","item":"https:\/\/www.muyjujuy.com\/"},{"@type":"ListItem","position":2,"name":"Provincia entreg\u00f3 subsidios a escuelas t\u00e9cnicas que participar\u00e1n en la competencia de YPF"}]},{"@type":"WebSite","@id":"https:\/\/www.muyjujuy.com\/#website","url":"https:\/\/www.muyjujuy.com\/","name":"Muy Jujuy","description":"","publisher":{"@id":"https:\/\/www.muyjujuy.com\/#organization"},"potentialAction":[{"@type":"SearchAction","target":{"@type":"EntryPoint","urlTemplate":"https:\/\/www.muyjujuy.com\/?s={search_term_string}"},"query-input":{"@type":"PropertyValueSpecification","valueRequired":true,"valueName":"search_term_string"}}],"inLanguage":"es-AR"},{"@type":"Organization","@id":"https:\/\/www.muyjujuy.com\/#organization","name":"Muy Jujuy","url":"https:\/\/www.muyjujuy.com\/","logo":{"@type":"ImageObject","inLanguage":"es-AR","@id":"https:\/\/www.muyjujuy.com\/#\/schema\/logo\/image\/","url":"http:\/\/www.muyjujuy.com\/wp-content\/uploads\/2022\/05\/logo-mobil-jujuy.png","contentUrl":"http:\/\/www.muyjujuy.com\/wp-content\/uploads\/2022\/05\/logo-mobil-jujuy.png","width":174,"height":81,"caption":"Muy Jujuy"},"image":{"@id":"https:\/\/www.muyjujuy.com\/#\/schema\/logo\/image\/"},"sameAs":["https:\/\/www.facebook.com\/muyjujuycom","https:\/\/x.com\/muyjujuy","https:\/\/www.instagram.com\/muyjujuycom"]},{"@type":"Person","@id":"https:\/\/www.muyjujuy.com\/#\/schema\/person\/1d0f6e223ccea9e3f9034c1a5b683bf2","name":"Redacci\u00f3n Muy Jujuy","image":{"@type":"ImageObject","inLanguage":"es-AR","@id":"https:\/\/secure.gravatar.com\/avatar\/fec5f6f1893d741ed5eecccff109ce43e67a855411202a3212a058cb8e5c27d4?s=96&d=mm&r=g","url":"https:\/\/secure.gravatar.com\/avatar\/fec5f6f1893d741ed5eecccff109ce43e67a855411202a3212a058cb8e5c27d4?s=96&d=mm&r=g","contentUrl":"https:\/\/secure.gravatar.com\/avatar\/fec5f6f1893d741ed5eecccff109ce43e67a855411202a3212a058cb8e5c27d4?s=96&d=mm&r=g","caption":"Redacci\u00f3n Muy Jujuy"},"url":"https:\/\/www.muyjujuy.com\/index.php\/author\/editor\/"}]}},"_links":{"self":[{"href":"https:\/\/www.muyjujuy.com\/index.php\/wp-json\/wp\/v2\/posts\/1862","targetHints":{"allow":["GET"]}}],"collection":[{"href":"https:\/\/www.muyjujuy.com\/index.php\/wp-json\/wp\/v2\/posts"}],"about":[{"href":"https:\/\/www.muyjujuy.com\/index.php\/wp-json\/wp\/v2\/types\/post"}],"author":[{"embeddable":true,"href":"https:\/\/www.muyjujuy.com\/index.php\/wp-json\/wp\/v2\/users\/3"}],"replies":[{"embeddable":true,"href":"https:\/\/www.muyjujuy.com\/index.php\/wp-json\/wp\/v2\/comments?post=1862"}],"version-history":[{"count":1,"href":"https:\/\/www.muyjujuy.com\/index.php\/wp-json\/wp\/v2\/posts\/1862\/revisions"}],"predecessor-version":[{"id":1864,"href":"https:\/\/www.muyjujuy.com\/index.php\/wp-json\/wp\/v2\/posts\/1862\/revisions\/1864"}],"wp:featuredmedia":[{"embeddable":true,"href":"https:\/\/www.muyjujuy.com\/index.php\/wp-json\/wp\/v2\/media\/1863"}],"wp:attachment":[{"href":"https:\/\/www.muyjujuy.com\/index.php\/wp-json\/wp\/v2\/media?parent=1862"}],"wp:term":[{"taxonomy":"category","embeddable":true,"href":"https:\/\/www.muyjujuy.com\/index.php\/wp-json\/wp\/v2\/categories?post=1862"},{"taxonomy":"post_tag","embeddable":true,"href":"https:\/\/www.muyjujuy.com\/index.php\/wp-json\/wp\/v2\/tags?post=1862"}],"curies":[{"name":"wp","href":"https:\/\/api.w.org\/{rel}","templated":true}]}}