{"id":1873,"date":"2022-10-26T13:15:38","date_gmt":"2022-10-26T16:15:38","guid":{"rendered":"https:\/\/www.muyjujuy.com\/?p=1873"},"modified":"2022-10-26T13:15:39","modified_gmt":"2022-10-26T16:15:39","slug":"proyectan-en-jujuy-produccion-de-fibra-de-vicuna-superior-a-800-kilos-para-este-ano","status":"publish","type":"post","link":"https:\/\/www.muyjujuy.com\/index.php\/2022\/10\/26\/proyectan-en-jujuy-produccion-de-fibra-de-vicuna-superior-a-800-kilos-para-este-ano\/","title":{"rendered":"Proyectan en Jujuy producci\u00f3n de fibra de vicu\u00f1a superior a 800 kilos para este a\u00f1o"},"content":{"rendered":"\n<p><em>Hasta el momento se recolectaron 500 kilos de fibra de vicu\u00f1as a trav\u00e9s de los chakus<\/em>.<\/p>\n\n\n\n<p>Las <strong>Comunidades Andinas Manejadoras de Vicu\u00f1as <\/strong>(CAMV) de <strong>Jujuy proyectan cerrar el a\u00f1o con un volumen superior a 800 kilos de fibra de ese animal.<\/strong><\/p>\n\n\n\n<p>Hasta el momento se recolectaron 500 kilos de fibra a trav\u00e9s de los chakus (arreo, captura, esquila y liberaci\u00f3n de las vicu\u00f1as). El mismo se realiz\u00f3 en distintas localidades de la regi\u00f3n de la Puna.<\/p>\n\n\n\n<p><strong>&#8220;En esta semana se est\u00e1 haciendo el chaku del Instituto Nacional de Tecnolog\u00eda Agropecuaria<\/strong> (INTA) trav\u00e9s de su estaci\u00f3n en Abra Pampa. Aall\u00ed se pueden llegar a cosechar 100 kilos m\u00e1s de fibra&#8221;, indic\u00f3 a T\u00e9lam el director de Protecci\u00f3n a la Biodiversidad y \u00c1reas Protegidas de Jujuy, <strong>Daniel Zen\u00f3n<\/strong>.<\/p>\n\n\n\n<p>La semana pasada <strong>se realizaron cuatro esquilas comunitarias<\/strong>. Una de ellos en Suripugio, cerca de Yavi, donde <strong>fueron esquiladas alrededor de 70 vicu\u00f1as para el aprovechamiento sustentable de su fibra<\/strong>.<\/p>\n\n\n\n<p>En Lagunillas de Farall\u00f3n, cerca del l\u00edmite con Bolivia, es otro de los lugares donde se realzaron los chakus este a\u00f1o. All\u00f3 participaron equipos de la Facultad de Ciencias Agrarias de la Universidad Nacional de Jujuy.<\/p>\n\n\n\n<p><strong>&#8220;Es todo un trabajo donde tambi\u00e9n se ve el cuidado de la vicu\u00f1<\/strong>a, para lo cual hay personal t\u00e9cnico que se ha capacitado y que son los que recorren, vigilan y observan la biolog\u00eda de la vicu\u00f1a, d\u00f3nde come, duerme, son los que conocen todo el manejo de la vicu\u00f1a. <strong>Ellos designan donde se van a hacer las capturas&#8221;,<\/strong> explic\u00f3 Zen\u00f3n.<\/p>\n\n\n\n<p>&#8220;El manejo que se les est\u00e1 dando es distinto a otras provincias y pa\u00edses porque el manejo ac\u00e1 es en silvestr\u00eda, se captura la vicu\u00f1a que est\u00e1 libre y en uno o dos d\u00edas se los libera. <strong>En otros lugares se los encierra en corral&#8221;,<\/strong> refiri\u00f3.<\/p>\n\n\n\n<h2 class=\"wp-block-heading\"><strong>Producci\u00f3n de fibra de vicu\u00f1a<\/strong><\/h2>\n\n\n\n<p>En Jujuy, de acuerdo al censo de 2016<strong>, el n\u00famero de vicu\u00f1as rondar\u00eda los 70 mil ejemplares <\/strong>y hay una proyecci\u00f3n estimada para este a\u00f1o de 150 mil.<\/p>\n\n\n\n<p>&#8220;Cada comunidad manejadora de vicu\u00f1a realiza un censo todos los a\u00f1os y con eso se tiene una estimaci\u00f3n de cu\u00e1ntos ejemplares hay en la provincia&#8221;, destac\u00f3 Zen\u00f3n.<\/p>\n\n\n\n<p>Un proceso del chaku abarca generalmente dos d\u00edas y los equipos de trabajo se trasladan a los puntos elevados del lugar o de la comunidad comandados por la CAMVI.<\/p>\n\n\n\n<p>Uno de los trabajos consiste en realizar un embudo a trav\u00e9s de una malla m\u00f3vil para guiar a las vicu\u00f1as al corral de encierro. El proceso que comienza con la captura de la vicu\u00f1a en el corral y una evaluaci\u00f3n de cada ejemplar para determinar si es apta o no para ser esquilada. <strong>Cada vell\u00f3n que se aprovecha tiene un n\u00famero de seguimiento para saber de qu\u00e9 vicu\u00f1a se proviene.<\/strong><\/p>\n","protected":false},"excerpt":{"rendered":"<p>Hasta el momento se recolectaron 500 kilos de fibra de vicu\u00f1as a trav\u00e9s de los chakus. Las Comunidades Andinas Manejadoras de Vicu\u00f1as (CAMV) de Jujuy proyectan cerrar el a\u00f1o con un volumen superior a 800 kilos de fibra de ese animal. Hasta el momento se recolectaron 500 kilos de fibra a trav\u00e9s de los chakus [&hellip;]<\/p>\n","protected":false},"author":3,"featured_media":1874,"comment_status":"open","ping_status":"open","sticky":false,"template":"","format":"standard","meta":{"footnotes":""},"categories":[25],"tags":[8,824],"class_list":{"0":"post-1873","1":"post","2":"type-post","3":"status-publish","4":"format-standard","5":"has-post-thumbnail","7":"category-sociedad","8":"tag-jujuy","9":"tag-vicunas"},"yoast_head":"<!-- This site is optimized with the Yoast SEO plugin v27.5 - https:\/\/yoast.com\/product\/yoast-seo-wordpress\/ -->\n<title>Proyectan en Jujuy producci\u00f3n de fibra de vicu\u00f1a superior a 800 kilos para este a\u00f1o - Muy Jujuy<\/title>\n<meta name=\"description\" content=\"Hasta el momento se recolectaron 500 kilos de fibra a trav\u00e9s de los chakus (arreo, captura, esquila y liberaci\u00f3n de las vicu\u00f1as).\" \/>\n<meta name=\"robots\" content=\"index, follow, max-snippet:-1, max-image-preview:large, max-video-preview:-1\" \/>\n<link rel=\"canonical\" href=\"https:\/\/www.muyjujuy.com\/index.php\/2022\/10\/26\/proyectan-en-jujuy-produccion-de-fibra-de-vicuna-superior-a-800-kilos-para-este-ano\/\" \/>\n<meta property=\"og:locale\" content=\"es_ES\" \/>\n<meta property=\"og:type\" content=\"article\" \/>\n<meta property=\"og:title\" content=\"Proyectan en Jujuy producci\u00f3n de fibra de vicu\u00f1a superior a 800 kilos para este a\u00f1o - Muy Jujuy\" \/>\n<meta property=\"og:description\" content=\"Hasta el momento se recolectaron 500 kilos de fibra a trav\u00e9s de los chakus (arreo, captura, esquila y liberaci\u00f3n de las vicu\u00f1as).\" \/>\n<meta property=\"og:url\" content=\"https:\/\/www.muyjujuy.com\/index.php\/2022\/10\/26\/proyectan-en-jujuy-produccion-de-fibra-de-vicuna-superior-a-800-kilos-para-este-ano\/\" \/>\n<meta property=\"og:site_name\" content=\"Muy Jujuy\" \/>\n<meta property=\"article:publisher\" content=\"https:\/\/www.facebook.com\/muyjujuycom\" \/>\n<meta property=\"article:published_time\" content=\"2022-10-26T16:15:38+00:00\" \/>\n<meta property=\"article:modified_time\" content=\"2022-10-26T16:15:39+00:00\" \/>\n<meta property=\"og:image\" content=\"https:\/\/www.muyjujuy.com\/wp-content\/uploads\/2022\/10\/WhatsApp-Image-2022-10-26-at-13.12.36.jpeg\" \/>\n\t<meta property=\"og:image:width\" content=\"400\" \/>\n\t<meta property=\"og:image:height\" content=\"300\" \/>\n\t<meta property=\"og:image:type\" content=\"image\/jpeg\" \/>\n<meta name=\"author\" content=\"Redacci\u00f3n Muy Jujuy\" \/>\n<meta name=\"twitter:card\" content=\"summary_large_image\" \/>\n<meta name=\"twitter:creator\" content=\"@muyjujuy\" \/>\n<meta name=\"twitter:site\" content=\"@muyjujuy\" \/>\n<meta name=\"twitter:label1\" content=\"Escrito por\" \/>\n\t<meta name=\"twitter:data1\" content=\"Redacci\u00f3n Muy Jujuy\" \/>\n\t<meta name=\"twitter:label2\" content=\"Tiempo de lectura\" \/>\n\t<meta name=\"twitter:data2\" content=\"3 minutos\" \/>\n<script type=\"application\/ld+json\" class=\"yoast-schema-graph\">{\"@context\":\"https:\\\/\\\/schema.org\",\"@graph\":[{\"@type\":\"Article\",\"@id\":\"https:\\\/\\\/www.muyjujuy.com\\\/index.php\\\/2022\\\/10\\\/26\\\/proyectan-en-jujuy-produccion-de-fibra-de-vicuna-superior-a-800-kilos-para-este-ano\\\/#article\",\"isPartOf\":{\"@id\":\"https:\\\/\\\/www.muyjujuy.com\\\/index.php\\\/2022\\\/10\\\/26\\\/proyectan-en-jujuy-produccion-de-fibra-de-vicuna-superior-a-800-kilos-para-este-ano\\\/\"},\"author\":{\"name\":\"Redacci\u00f3n Muy Jujuy\",\"@id\":\"https:\\\/\\\/www.muyjujuy.com\\\/#\\\/schema\\\/person\\\/1d0f6e223ccea9e3f9034c1a5b683bf2\"},\"headline\":\"Proyectan en Jujuy producci\u00f3n de fibra de vicu\u00f1a superior a 800 kilos para este a\u00f1o\",\"datePublished\":\"2022-10-26T16:15:38+00:00\",\"dateModified\":\"2022-10-26T16:15:39+00:00\",\"mainEntityOfPage\":{\"@id\":\"https:\\\/\\\/www.muyjujuy.com\\\/index.php\\\/2022\\\/10\\\/26\\\/proyectan-en-jujuy-produccion-de-fibra-de-vicuna-superior-a-800-kilos-para-este-ano\\\/\"},\"wordCount\":519,\"commentCount\":0,\"publisher\":{\"@id\":\"https:\\\/\\\/www.muyjujuy.com\\\/#organization\"},\"image\":{\"@id\":\"https:\\\/\\\/www.muyjujuy.com\\\/index.php\\\/2022\\\/10\\\/26\\\/proyectan-en-jujuy-produccion-de-fibra-de-vicuna-superior-a-800-kilos-para-este-ano\\\/#primaryimage\"},\"thumbnailUrl\":\"https:\\\/\\\/www.muyjujuy.com\\\/wp-content\\\/uploads\\\/2022\\\/10\\\/WhatsApp-Image-2022-10-26-at-13.12.36.jpeg\",\"keywords\":[\"Jujuy\",\"Vicu\u00f1as\"],\"articleSection\":[\"Sociedad\"],\"inLanguage\":\"es-AR\",\"potentialAction\":[{\"@type\":\"CommentAction\",\"name\":\"Comment\",\"target\":[\"https:\\\/\\\/www.muyjujuy.com\\\/index.php\\\/2022\\\/10\\\/26\\\/proyectan-en-jujuy-produccion-de-fibra-de-vicuna-superior-a-800-kilos-para-este-ano\\\/#respond\"]}]},{\"@type\":\"WebPage\",\"@id\":\"https:\\\/\\\/www.muyjujuy.com\\\/index.php\\\/2022\\\/10\\\/26\\\/proyectan-en-jujuy-produccion-de-fibra-de-vicuna-superior-a-800-kilos-para-este-ano\\\/\",\"url\":\"https:\\\/\\\/www.muyjujuy.com\\\/index.php\\\/2022\\\/10\\\/26\\\/proyectan-en-jujuy-produccion-de-fibra-de-vicuna-superior-a-800-kilos-para-este-ano\\\/\",\"name\":\"Proyectan en Jujuy producci\u00f3n de fibra de vicu\u00f1a superior a 800 kilos para este a\u00f1o - Muy Jujuy\",\"isPartOf\":{\"@id\":\"https:\\\/\\\/www.muyjujuy.com\\\/#website\"},\"primaryImageOfPage\":{\"@id\":\"https:\\\/\\\/www.muyjujuy.com\\\/index.php\\\/2022\\\/10\\\/26\\\/proyectan-en-jujuy-produccion-de-fibra-de-vicuna-superior-a-800-kilos-para-este-ano\\\/#primaryimage\"},\"image\":{\"@id\":\"https:\\\/\\\/www.muyjujuy.com\\\/index.php\\\/2022\\\/10\\\/26\\\/proyectan-en-jujuy-produccion-de-fibra-de-vicuna-superior-a-800-kilos-para-este-ano\\\/#primaryimage\"},\"thumbnailUrl\":\"https:\\\/\\\/www.muyjujuy.com\\\/wp-content\\\/uploads\\\/2022\\\/10\\\/WhatsApp-Image-2022-10-26-at-13.12.36.jpeg\",\"datePublished\":\"2022-10-26T16:15:38+00:00\",\"dateModified\":\"2022-10-26T16:15:39+00:00\",\"description\":\"Hasta el momento se recolectaron 500 kilos de fibra a trav\u00e9s de los chakus (arreo, captura, esquila y liberaci\u00f3n de las vicu\u00f1as).\",\"breadcrumb\":{\"@id\":\"https:\\\/\\\/www.muyjujuy.com\\\/index.php\\\/2022\\\/10\\\/26\\\/proyectan-en-jujuy-produccion-de-fibra-de-vicuna-superior-a-800-kilos-para-este-ano\\\/#breadcrumb\"},\"inLanguage\":\"es-AR\",\"potentialAction\":[{\"@type\":\"ReadAction\",\"target\":[\"https:\\\/\\\/www.muyjujuy.com\\\/index.php\\\/2022\\\/10\\\/26\\\/proyectan-en-jujuy-produccion-de-fibra-de-vicuna-superior-a-800-kilos-para-este-ano\\\/\"]}]},{\"@type\":\"ImageObject\",\"inLanguage\":\"es-AR\",\"@id\":\"https:\\\/\\\/www.muyjujuy.com\\\/index.php\\\/2022\\\/10\\\/26\\\/proyectan-en-jujuy-produccion-de-fibra-de-vicuna-superior-a-800-kilos-para-este-ano\\\/#primaryimage\",\"url\":\"https:\\\/\\\/www.muyjujuy.com\\\/wp-content\\\/uploads\\\/2022\\\/10\\\/WhatsApp-Image-2022-10-26-at-13.12.36.jpeg\",\"contentUrl\":\"https:\\\/\\\/www.muyjujuy.com\\\/wp-content\\\/uploads\\\/2022\\\/10\\\/WhatsApp-Image-2022-10-26-at-13.12.36.jpeg\",\"width\":400,\"height\":300},{\"@type\":\"BreadcrumbList\",\"@id\":\"https:\\\/\\\/www.muyjujuy.com\\\/index.php\\\/2022\\\/10\\\/26\\\/proyectan-en-jujuy-produccion-de-fibra-de-vicuna-superior-a-800-kilos-para-este-ano\\\/#breadcrumb\",\"itemListElement\":[{\"@type\":\"ListItem\",\"position\":1,\"name\":\"Inicio\",\"item\":\"https:\\\/\\\/www.muyjujuy.com\\\/\"},{\"@type\":\"ListItem\",\"position\":2,\"name\":\"Proyectan en Jujuy producci\u00f3n de fibra de vicu\u00f1a superior a 800 kilos para este a\u00f1o\"}]},{\"@type\":\"WebSite\",\"@id\":\"https:\\\/\\\/www.muyjujuy.com\\\/#website\",\"url\":\"https:\\\/\\\/www.muyjujuy.com\\\/\",\"name\":\"Muy Jujuy\",\"description\":\"\",\"publisher\":{\"@id\":\"https:\\\/\\\/www.muyjujuy.com\\\/#organization\"},\"potentialAction\":[{\"@type\":\"SearchAction\",\"target\":{\"@type\":\"EntryPoint\",\"urlTemplate\":\"https:\\\/\\\/www.muyjujuy.com\\\/?s={search_term_string}\"},\"query-input\":{\"@type\":\"PropertyValueSpecification\",\"valueRequired\":true,\"valueName\":\"search_term_string\"}}],\"inLanguage\":\"es-AR\"},{\"@type\":\"Organization\",\"@id\":\"https:\\\/\\\/www.muyjujuy.com\\\/#organization\",\"name\":\"Muy Jujuy\",\"url\":\"https:\\\/\\\/www.muyjujuy.com\\\/\",\"logo\":{\"@type\":\"ImageObject\",\"inLanguage\":\"es-AR\",\"@id\":\"https:\\\/\\\/www.muyjujuy.com\\\/#\\\/schema\\\/logo\\\/image\\\/\",\"url\":\"http:\\\/\\\/www.muyjujuy.com\\\/wp-content\\\/uploads\\\/2022\\\/05\\\/logo-mobil-jujuy.png\",\"contentUrl\":\"http:\\\/\\\/www.muyjujuy.com\\\/wp-content\\\/uploads\\\/2022\\\/05\\\/logo-mobil-jujuy.png\",\"width\":174,\"height\":81,\"caption\":\"Muy Jujuy\"},\"image\":{\"@id\":\"https:\\\/\\\/www.muyjujuy.com\\\/#\\\/schema\\\/logo\\\/image\\\/\"},\"sameAs\":[\"https:\\\/\\\/www.facebook.com\\\/muyjujuycom\",\"https:\\\/\\\/x.com\\\/muyjujuy\",\"https:\\\/\\\/www.instagram.com\\\/muyjujuycom\"]},{\"@type\":\"Person\",\"@id\":\"https:\\\/\\\/www.muyjujuy.com\\\/#\\\/schema\\\/person\\\/1d0f6e223ccea9e3f9034c1a5b683bf2\",\"name\":\"Redacci\u00f3n Muy Jujuy\",\"image\":{\"@type\":\"ImageObject\",\"inLanguage\":\"es-AR\",\"@id\":\"https:\\\/\\\/secure.gravatar.com\\\/avatar\\\/fec5f6f1893d741ed5eecccff109ce43e67a855411202a3212a058cb8e5c27d4?s=96&d=mm&r=g\",\"url\":\"https:\\\/\\\/secure.gravatar.com\\\/avatar\\\/fec5f6f1893d741ed5eecccff109ce43e67a855411202a3212a058cb8e5c27d4?s=96&d=mm&r=g\",\"contentUrl\":\"https:\\\/\\\/secure.gravatar.com\\\/avatar\\\/fec5f6f1893d741ed5eecccff109ce43e67a855411202a3212a058cb8e5c27d4?s=96&d=mm&r=g\",\"caption\":\"Redacci\u00f3n Muy Jujuy\"},\"url\":\"https:\\\/\\\/www.muyjujuy.com\\\/index.php\\\/author\\\/editor\\\/\"}]}<\/script>\n<!-- \/ Yoast SEO plugin. -->","yoast_head_json":{"title":"Proyectan en Jujuy producci\u00f3n de fibra de vicu\u00f1a superior a 800 kilos para este a\u00f1o - Muy Jujuy","description":"Hasta el momento se recolectaron 500 kilos de fibra a trav\u00e9s de los chakus (arreo, captura, esquila y liberaci\u00f3n de las vicu\u00f1as).","robots":{"index":"index","follow":"follow","max-snippet":"max-snippet:-1","max-image-preview":"max-image-preview:large","max-video-preview":"max-video-preview:-1"},"canonical":"https:\/\/www.muyjujuy.com\/index.php\/2022\/10\/26\/proyectan-en-jujuy-produccion-de-fibra-de-vicuna-superior-a-800-kilos-para-este-ano\/","og_locale":"es_ES","og_type":"article","og_title":"Proyectan en Jujuy producci\u00f3n de fibra de vicu\u00f1a superior a 800 kilos para este a\u00f1o - Muy Jujuy","og_description":"Hasta el momento se recolectaron 500 kilos de fibra a trav\u00e9s de los chakus (arreo, captura, esquila y liberaci\u00f3n de las vicu\u00f1as).","og_url":"https:\/\/www.muyjujuy.com\/index.php\/2022\/10\/26\/proyectan-en-jujuy-produccion-de-fibra-de-vicuna-superior-a-800-kilos-para-este-ano\/","og_site_name":"Muy Jujuy","article_publisher":"https:\/\/www.facebook.com\/muyjujuycom","article_published_time":"2022-10-26T16:15:38+00:00","article_modified_time":"2022-10-26T16:15:39+00:00","og_image":[{"width":400,"height":300,"url":"https:\/\/www.muyjujuy.com\/wp-content\/uploads\/2022\/10\/WhatsApp-Image-2022-10-26-at-13.12.36.jpeg","type":"image\/jpeg"}],"author":"Redacci\u00f3n Muy Jujuy","twitter_card":"summary_large_image","twitter_creator":"@muyjujuy","twitter_site":"@muyjujuy","twitter_misc":{"Escrito por":"Redacci\u00f3n Muy Jujuy","Tiempo de lectura":"3 minutos"},"schema":{"@context":"https:\/\/schema.org","@graph":[{"@type":"Article","@id":"https:\/\/www.muyjujuy.com\/index.php\/2022\/10\/26\/proyectan-en-jujuy-produccion-de-fibra-de-vicuna-superior-a-800-kilos-para-este-ano\/#article","isPartOf":{"@id":"https:\/\/www.muyjujuy.com\/index.php\/2022\/10\/26\/proyectan-en-jujuy-produccion-de-fibra-de-vicuna-superior-a-800-kilos-para-este-ano\/"},"author":{"name":"Redacci\u00f3n Muy Jujuy","@id":"https:\/\/www.muyjujuy.com\/#\/schema\/person\/1d0f6e223ccea9e3f9034c1a5b683bf2"},"headline":"Proyectan en Jujuy producci\u00f3n de fibra de vicu\u00f1a superior a 800 kilos para este a\u00f1o","datePublished":"2022-10-26T16:15:38+00:00","dateModified":"2022-10-26T16:15:39+00:00","mainEntityOfPage":{"@id":"https:\/\/www.muyjujuy.com\/index.php\/2022\/10\/26\/proyectan-en-jujuy-produccion-de-fibra-de-vicuna-superior-a-800-kilos-para-este-ano\/"},"wordCount":519,"commentCount":0,"publisher":{"@id":"https:\/\/www.muyjujuy.com\/#organization"},"image":{"@id":"https:\/\/www.muyjujuy.com\/index.php\/2022\/10\/26\/proyectan-en-jujuy-produccion-de-fibra-de-vicuna-superior-a-800-kilos-para-este-ano\/#primaryimage"},"thumbnailUrl":"https:\/\/www.muyjujuy.com\/wp-content\/uploads\/2022\/10\/WhatsApp-Image-2022-10-26-at-13.12.36.jpeg","keywords":["Jujuy","Vicu\u00f1as"],"articleSection":["Sociedad"],"inLanguage":"es-AR","potentialAction":[{"@type":"CommentAction","name":"Comment","target":["https:\/\/www.muyjujuy.com\/index.php\/2022\/10\/26\/proyectan-en-jujuy-produccion-de-fibra-de-vicuna-superior-a-800-kilos-para-este-ano\/#respond"]}]},{"@type":"WebPage","@id":"https:\/\/www.muyjujuy.com\/index.php\/2022\/10\/26\/proyectan-en-jujuy-produccion-de-fibra-de-vicuna-superior-a-800-kilos-para-este-ano\/","url":"https:\/\/www.muyjujuy.com\/index.php\/2022\/10\/26\/proyectan-en-jujuy-produccion-de-fibra-de-vicuna-superior-a-800-kilos-para-este-ano\/","name":"Proyectan en Jujuy producci\u00f3n de fibra de vicu\u00f1a superior a 800 kilos para este a\u00f1o - Muy Jujuy","isPartOf":{"@id":"https:\/\/www.muyjujuy.com\/#website"},"primaryImageOfPage":{"@id":"https:\/\/www.muyjujuy.com\/index.php\/2022\/10\/26\/proyectan-en-jujuy-produccion-de-fibra-de-vicuna-superior-a-800-kilos-para-este-ano\/#primaryimage"},"image":{"@id":"https:\/\/www.muyjujuy.com\/index.php\/2022\/10\/26\/proyectan-en-jujuy-produccion-de-fibra-de-vicuna-superior-a-800-kilos-para-este-ano\/#primaryimage"},"thumbnailUrl":"https:\/\/www.muyjujuy.com\/wp-content\/uploads\/2022\/10\/WhatsApp-Image-2022-10-26-at-13.12.36.jpeg","datePublished":"2022-10-26T16:15:38+00:00","dateModified":"2022-10-26T16:15:39+00:00","description":"Hasta el momento se recolectaron 500 kilos de fibra a trav\u00e9s de los chakus (arreo, captura, esquila y liberaci\u00f3n de las vicu\u00f1as).","breadcrumb":{"@id":"https:\/\/www.muyjujuy.com\/index.php\/2022\/10\/26\/proyectan-en-jujuy-produccion-de-fibra-de-vicuna-superior-a-800-kilos-para-este-ano\/#breadcrumb"},"inLanguage":"es-AR","potentialAction":[{"@type":"ReadAction","target":["https:\/\/www.muyjujuy.com\/index.php\/2022\/10\/26\/proyectan-en-jujuy-produccion-de-fibra-de-vicuna-superior-a-800-kilos-para-este-ano\/"]}]},{"@type":"ImageObject","inLanguage":"es-AR","@id":"https:\/\/www.muyjujuy.com\/index.php\/2022\/10\/26\/proyectan-en-jujuy-produccion-de-fibra-de-vicuna-superior-a-800-kilos-para-este-ano\/#primaryimage","url":"https:\/\/www.muyjujuy.com\/wp-content\/uploads\/2022\/10\/WhatsApp-Image-2022-10-26-at-13.12.36.jpeg","contentUrl":"https:\/\/www.muyjujuy.com\/wp-content\/uploads\/2022\/10\/WhatsApp-Image-2022-10-26-at-13.12.36.jpeg","width":400,"height":300},{"@type":"BreadcrumbList","@id":"https:\/\/www.muyjujuy.com\/index.php\/2022\/10\/26\/proyectan-en-jujuy-produccion-de-fibra-de-vicuna-superior-a-800-kilos-para-este-ano\/#breadcrumb","itemListElement":[{"@type":"ListItem","position":1,"name":"Inicio","item":"https:\/\/www.muyjujuy.com\/"},{"@type":"ListItem","position":2,"name":"Proyectan en Jujuy producci\u00f3n de fibra de vicu\u00f1a superior a 800 kilos para este a\u00f1o"}]},{"@type":"WebSite","@id":"https:\/\/www.muyjujuy.com\/#website","url":"https:\/\/www.muyjujuy.com\/","name":"Muy Jujuy","description":"","publisher":{"@id":"https:\/\/www.muyjujuy.com\/#organization"},"potentialAction":[{"@type":"SearchAction","target":{"@type":"EntryPoint","urlTemplate":"https:\/\/www.muyjujuy.com\/?s={search_term_string}"},"query-input":{"@type":"PropertyValueSpecification","valueRequired":true,"valueName":"search_term_string"}}],"inLanguage":"es-AR"},{"@type":"Organization","@id":"https:\/\/www.muyjujuy.com\/#organization","name":"Muy Jujuy","url":"https:\/\/www.muyjujuy.com\/","logo":{"@type":"ImageObject","inLanguage":"es-AR","@id":"https:\/\/www.muyjujuy.com\/#\/schema\/logo\/image\/","url":"http:\/\/www.muyjujuy.com\/wp-content\/uploads\/2022\/05\/logo-mobil-jujuy.png","contentUrl":"http:\/\/www.muyjujuy.com\/wp-content\/uploads\/2022\/05\/logo-mobil-jujuy.png","width":174,"height":81,"caption":"Muy Jujuy"},"image":{"@id":"https:\/\/www.muyjujuy.com\/#\/schema\/logo\/image\/"},"sameAs":["https:\/\/www.facebook.com\/muyjujuycom","https:\/\/x.com\/muyjujuy","https:\/\/www.instagram.com\/muyjujuycom"]},{"@type":"Person","@id":"https:\/\/www.muyjujuy.com\/#\/schema\/person\/1d0f6e223ccea9e3f9034c1a5b683bf2","name":"Redacci\u00f3n Muy Jujuy","image":{"@type":"ImageObject","inLanguage":"es-AR","@id":"https:\/\/secure.gravatar.com\/avatar\/fec5f6f1893d741ed5eecccff109ce43e67a855411202a3212a058cb8e5c27d4?s=96&d=mm&r=g","url":"https:\/\/secure.gravatar.com\/avatar\/fec5f6f1893d741ed5eecccff109ce43e67a855411202a3212a058cb8e5c27d4?s=96&d=mm&r=g","contentUrl":"https:\/\/secure.gravatar.com\/avatar\/fec5f6f1893d741ed5eecccff109ce43e67a855411202a3212a058cb8e5c27d4?s=96&d=mm&r=g","caption":"Redacci\u00f3n Muy Jujuy"},"url":"https:\/\/www.muyjujuy.com\/index.php\/author\/editor\/"}]}},"_links":{"self":[{"href":"https:\/\/www.muyjujuy.com\/index.php\/wp-json\/wp\/v2\/posts\/1873","targetHints":{"allow":["GET"]}}],"collection":[{"href":"https:\/\/www.muyjujuy.com\/index.php\/wp-json\/wp\/v2\/posts"}],"about":[{"href":"https:\/\/www.muyjujuy.com\/index.php\/wp-json\/wp\/v2\/types\/post"}],"author":[{"embeddable":true,"href":"https:\/\/www.muyjujuy.com\/index.php\/wp-json\/wp\/v2\/users\/3"}],"replies":[{"embeddable":true,"href":"https:\/\/www.muyjujuy.com\/index.php\/wp-json\/wp\/v2\/comments?post=1873"}],"version-history":[{"count":1,"href":"https:\/\/www.muyjujuy.com\/index.php\/wp-json\/wp\/v2\/posts\/1873\/revisions"}],"predecessor-version":[{"id":1875,"href":"https:\/\/www.muyjujuy.com\/index.php\/wp-json\/wp\/v2\/posts\/1873\/revisions\/1875"}],"wp:featuredmedia":[{"embeddable":true,"href":"https:\/\/www.muyjujuy.com\/index.php\/wp-json\/wp\/v2\/media\/1874"}],"wp:attachment":[{"href":"https:\/\/www.muyjujuy.com\/index.php\/wp-json\/wp\/v2\/media?parent=1873"}],"wp:term":[{"taxonomy":"category","embeddable":true,"href":"https:\/\/www.muyjujuy.com\/index.php\/wp-json\/wp\/v2\/categories?post=1873"},{"taxonomy":"post_tag","embeddable":true,"href":"https:\/\/www.muyjujuy.com\/index.php\/wp-json\/wp\/v2\/tags?post=1873"}],"curies":[{"name":"wp","href":"https:\/\/api.w.org\/{rel}","templated":true}]}}