{"id":1876,"date":"2022-10-26T13:20:37","date_gmt":"2022-10-26T16:20:37","guid":{"rendered":"https:\/\/www.muyjujuy.com\/?p=1876"},"modified":"2022-10-26T13:20:38","modified_gmt":"2022-10-26T16:20:38","slug":"dia-de-los-fieles-difuntos-no-habra-actividad-en-el-poder-judicial-de-jujuy","status":"publish","type":"post","link":"https:\/\/www.muyjujuy.com\/index.php\/2022\/10\/26\/dia-de-los-fieles-difuntos-no-habra-actividad-en-el-poder-judicial-de-jujuy\/","title":{"rendered":"D\u00eda de los Fieles Difuntos: no habr\u00e1 actividad en el Poder Judicial de Jujuy"},"content":{"rendered":"\n<p><em>Por el D\u00eda de los Difuntos tampoco habr\u00e1 actividad en el Poder Judicial de Jujuy y se adhiri\u00f3 al decreto provincial.<\/em><\/p>\n\n\n\n<p><a href=\"https:\/\/www.somosjujuy.com.ar\/jujuy\/el-miercoles-2-noviembre-habra-actividad-poder-judicial-jujuy-n64832#\"><br><\/a>El Poder Judicial de Jujuy no tendr\u00e1 actividad el 2 de noviembre por el D\u00eda de los Fieles Difuntos en el marco del <a href=\"https:\/\/www.muyjujuy.com\/index.php\/2022\/10\/24\/dia-de-los-fieles-difuntos-habra-asueto-administrativo-y-escolar\/\">asueto administrativo y escolar dispuesto por el Gobierno provincial<\/a>. <\/p>\n\n\n\n<p>El Superior Tribunal de Justicia, por Acordada N\u00ba 123\/2022,<strong> resolvi\u00f3 adherir al Decreto del Ejecutivo provincial y<\/strong> disponer asueto administrativo en todas las dependencias del Poder Judicial de la Provincia para el d\u00eda 2 de noviembre de 2022, d<strong>eclar\u00e1ndolo inh\u00e1bil a todos los efectos procesales por motivo de conmemorarse el \u201cD\u00eda de los Fieles Difuntos\u201d.\u00a0<\/strong><\/p>\n\n\n\n<p><strong>La decisi\u00f3n del Alto Tribunal fue adoptada en uso de las facultades de Superintendencia que le fueron conferidas por el inciso 6 del art\u00edculo 167 de la Constituci\u00f3n de la Provincia.<\/strong> Y el art\u00edculo 49\u00ba de la Ley N\u00ba 4055, Org\u00e1nica del Poder Judicial. La Acordada N\u00ba 123\/2022 puede ser consultada en la p\u00e1gina del Poder Judicial en Internet.\u00a0<\/p>\n\n\n\n<h2 class=\"wp-block-heading\"><strong>D\u00eda de los Fieles Difuntos<\/strong><\/h2>\n\n\n\n<p><strong>La conmemoraci\u00f3n a los difuntos es un rito que se transmite de generaci\u00f3n en generaci\u00f3n<\/strong>. Es una tradici\u00f3n recordar a los muertos. Despu\u00e9s el cristianismo tambi\u00e9n se hizo parte para rezar por todas esas almas que hoy no est\u00e1n.<\/p>\n\n\n\n<p><strong>Se dice que en esta fecha las almas regresan a la tierra, a sus casas, por lo que las familias las esperan con mucho respeto, preparando una mesa de ofrendas.<\/strong>&nbsp;Estas ofrendas son panes salados y dulces con formas de escaleras, cruces, palomas, animales y \u00e1ngeles que representan el viaje del alma al cielo. Tambi\u00e9n se colocan bebidas y platos de comida que al difunto le gustaban.<\/p>\n\n\n\n<p>Se encienden velas y se colocan im\u00e1genes sagradas, rosarios, la foto del difunto y se adorna con flores y agua bendita. Esta mesa se prepara el 1 de noviembre para esperar que el alma baje y al d\u00eda siguiente, la familia levanta la mesa y reparte las ofrendas a familiares y amigos que los han acompa\u00f1ado en esta celebraci\u00f3n.<\/p>\n","protected":false},"excerpt":{"rendered":"<p>Por el D\u00eda de los Difuntos tampoco habr\u00e1 actividad en el Poder Judicial de Jujuy y se adhiri\u00f3 al decreto provincial. El Poder Judicial de Jujuy no tendr\u00e1 actividad el 2 de noviembre por el D\u00eda de los Fieles Difuntos en el marco del asueto administrativo y escolar dispuesto por el Gobierno provincial. El Superior [&hellip;]<\/p>\n","protected":false},"author":3,"featured_media":1877,"comment_status":"open","ping_status":"open","sticky":false,"template":"","format":"standard","meta":{"footnotes":""},"categories":[25],"tags":[821,8],"class_list":{"0":"post-1876","1":"post","2":"type-post","3":"status-publish","4":"format-standard","5":"has-post-thumbnail","7":"category-sociedad","8":"tag-dia-de-los-fieles-difuntos","9":"tag-jujuy"},"yoast_head":"<!-- This site is optimized with the Yoast SEO plugin v27.5 - https:\/\/yoast.com\/product\/yoast-seo-wordpress\/ -->\n<title>D\u00eda de los Fieles Difuntos: no habr\u00e1 actividad en el Poder Judicial de Jujuy - Muy Jujuy<\/title>\n<meta name=\"description\" content=\"Por el D\u00eda de los Difuntos tampoco habr\u00e1 actividad en el Poder Judicial de Jujuy y se adhiri\u00f3 al decreto provincial.\" \/>\n<meta name=\"robots\" content=\"index, follow, max-snippet:-1, max-image-preview:large, max-video-preview:-1\" \/>\n<link rel=\"canonical\" href=\"https:\/\/www.muyjujuy.com\/index.php\/2022\/10\/26\/dia-de-los-fieles-difuntos-no-habra-actividad-en-el-poder-judicial-de-jujuy\/\" \/>\n<meta property=\"og:locale\" content=\"es_ES\" \/>\n<meta property=\"og:type\" content=\"article\" \/>\n<meta property=\"og:title\" content=\"D\u00eda de los Fieles Difuntos: no habr\u00e1 actividad en el Poder Judicial de Jujuy - Muy Jujuy\" \/>\n<meta property=\"og:description\" content=\"Por el D\u00eda de los Difuntos tampoco habr\u00e1 actividad en el Poder Judicial de Jujuy y se adhiri\u00f3 al decreto provincial.\" \/>\n<meta property=\"og:url\" content=\"https:\/\/www.muyjujuy.com\/index.php\/2022\/10\/26\/dia-de-los-fieles-difuntos-no-habra-actividad-en-el-poder-judicial-de-jujuy\/\" \/>\n<meta property=\"og:site_name\" content=\"Muy Jujuy\" \/>\n<meta property=\"article:publisher\" content=\"https:\/\/www.facebook.com\/muyjujuycom\" \/>\n<meta property=\"article:published_time\" content=\"2022-10-26T16:20:37+00:00\" \/>\n<meta property=\"article:modified_time\" content=\"2022-10-26T16:20:38+00:00\" \/>\n<meta property=\"og:image\" content=\"https:\/\/www.muyjujuy.com\/wp-content\/uploads\/2022\/10\/WhatsApp-Image-2022-10-26-at-13.19.30.jpeg\" \/>\n\t<meta property=\"og:image:width\" content=\"993\" \/>\n\t<meta property=\"og:image:height\" content=\"610\" \/>\n\t<meta property=\"og:image:type\" content=\"image\/jpeg\" \/>\n<meta name=\"author\" content=\"Redacci\u00f3n Muy Jujuy\" \/>\n<meta name=\"twitter:card\" content=\"summary_large_image\" \/>\n<meta name=\"twitter:creator\" content=\"@muyjujuy\" \/>\n<meta name=\"twitter:site\" content=\"@muyjujuy\" \/>\n<meta name=\"twitter:label1\" content=\"Escrito por\" \/>\n\t<meta name=\"twitter:data1\" content=\"Redacci\u00f3n Muy Jujuy\" \/>\n\t<meta name=\"twitter:label2\" content=\"Tiempo de lectura\" \/>\n\t<meta name=\"twitter:data2\" content=\"2 minutos\" \/>\n<script type=\"application\/ld+json\" class=\"yoast-schema-graph\">{\"@context\":\"https:\\\/\\\/schema.org\",\"@graph\":[{\"@type\":\"Article\",\"@id\":\"https:\\\/\\\/www.muyjujuy.com\\\/index.php\\\/2022\\\/10\\\/26\\\/dia-de-los-fieles-difuntos-no-habra-actividad-en-el-poder-judicial-de-jujuy\\\/#article\",\"isPartOf\":{\"@id\":\"https:\\\/\\\/www.muyjujuy.com\\\/index.php\\\/2022\\\/10\\\/26\\\/dia-de-los-fieles-difuntos-no-habra-actividad-en-el-poder-judicial-de-jujuy\\\/\"},\"author\":{\"name\":\"Redacci\u00f3n Muy Jujuy\",\"@id\":\"https:\\\/\\\/www.muyjujuy.com\\\/#\\\/schema\\\/person\\\/1d0f6e223ccea9e3f9034c1a5b683bf2\"},\"headline\":\"D\u00eda de los Fieles Difuntos: no habr\u00e1 actividad en el Poder Judicial de Jujuy\",\"datePublished\":\"2022-10-26T16:20:37+00:00\",\"dateModified\":\"2022-10-26T16:20:38+00:00\",\"mainEntityOfPage\":{\"@id\":\"https:\\\/\\\/www.muyjujuy.com\\\/index.php\\\/2022\\\/10\\\/26\\\/dia-de-los-fieles-difuntos-no-habra-actividad-en-el-poder-judicial-de-jujuy\\\/\"},\"wordCount\":368,\"commentCount\":0,\"publisher\":{\"@id\":\"https:\\\/\\\/www.muyjujuy.com\\\/#organization\"},\"image\":{\"@id\":\"https:\\\/\\\/www.muyjujuy.com\\\/index.php\\\/2022\\\/10\\\/26\\\/dia-de-los-fieles-difuntos-no-habra-actividad-en-el-poder-judicial-de-jujuy\\\/#primaryimage\"},\"thumbnailUrl\":\"https:\\\/\\\/www.muyjujuy.com\\\/wp-content\\\/uploads\\\/2022\\\/10\\\/WhatsApp-Image-2022-10-26-at-13.19.30.jpeg\",\"keywords\":[\"D\u00eda de los Fieles Difuntos\",\"Jujuy\"],\"articleSection\":[\"Sociedad\"],\"inLanguage\":\"es-AR\",\"potentialAction\":[{\"@type\":\"CommentAction\",\"name\":\"Comment\",\"target\":[\"https:\\\/\\\/www.muyjujuy.com\\\/index.php\\\/2022\\\/10\\\/26\\\/dia-de-los-fieles-difuntos-no-habra-actividad-en-el-poder-judicial-de-jujuy\\\/#respond\"]}]},{\"@type\":\"WebPage\",\"@id\":\"https:\\\/\\\/www.muyjujuy.com\\\/index.php\\\/2022\\\/10\\\/26\\\/dia-de-los-fieles-difuntos-no-habra-actividad-en-el-poder-judicial-de-jujuy\\\/\",\"url\":\"https:\\\/\\\/www.muyjujuy.com\\\/index.php\\\/2022\\\/10\\\/26\\\/dia-de-los-fieles-difuntos-no-habra-actividad-en-el-poder-judicial-de-jujuy\\\/\",\"name\":\"D\u00eda de los Fieles Difuntos: no habr\u00e1 actividad en el Poder Judicial de Jujuy - Muy Jujuy\",\"isPartOf\":{\"@id\":\"https:\\\/\\\/www.muyjujuy.com\\\/#website\"},\"primaryImageOfPage\":{\"@id\":\"https:\\\/\\\/www.muyjujuy.com\\\/index.php\\\/2022\\\/10\\\/26\\\/dia-de-los-fieles-difuntos-no-habra-actividad-en-el-poder-judicial-de-jujuy\\\/#primaryimage\"},\"image\":{\"@id\":\"https:\\\/\\\/www.muyjujuy.com\\\/index.php\\\/2022\\\/10\\\/26\\\/dia-de-los-fieles-difuntos-no-habra-actividad-en-el-poder-judicial-de-jujuy\\\/#primaryimage\"},\"thumbnailUrl\":\"https:\\\/\\\/www.muyjujuy.com\\\/wp-content\\\/uploads\\\/2022\\\/10\\\/WhatsApp-Image-2022-10-26-at-13.19.30.jpeg\",\"datePublished\":\"2022-10-26T16:20:37+00:00\",\"dateModified\":\"2022-10-26T16:20:38+00:00\",\"description\":\"Por el D\u00eda de los Difuntos tampoco habr\u00e1 actividad en el Poder Judicial de Jujuy y se adhiri\u00f3 al decreto provincial.\",\"breadcrumb\":{\"@id\":\"https:\\\/\\\/www.muyjujuy.com\\\/index.php\\\/2022\\\/10\\\/26\\\/dia-de-los-fieles-difuntos-no-habra-actividad-en-el-poder-judicial-de-jujuy\\\/#breadcrumb\"},\"inLanguage\":\"es-AR\",\"potentialAction\":[{\"@type\":\"ReadAction\",\"target\":[\"https:\\\/\\\/www.muyjujuy.com\\\/index.php\\\/2022\\\/10\\\/26\\\/dia-de-los-fieles-difuntos-no-habra-actividad-en-el-poder-judicial-de-jujuy\\\/\"]}]},{\"@type\":\"ImageObject\",\"inLanguage\":\"es-AR\",\"@id\":\"https:\\\/\\\/www.muyjujuy.com\\\/index.php\\\/2022\\\/10\\\/26\\\/dia-de-los-fieles-difuntos-no-habra-actividad-en-el-poder-judicial-de-jujuy\\\/#primaryimage\",\"url\":\"https:\\\/\\\/www.muyjujuy.com\\\/wp-content\\\/uploads\\\/2022\\\/10\\\/WhatsApp-Image-2022-10-26-at-13.19.30.jpeg\",\"contentUrl\":\"https:\\\/\\\/www.muyjujuy.com\\\/wp-content\\\/uploads\\\/2022\\\/10\\\/WhatsApp-Image-2022-10-26-at-13.19.30.jpeg\",\"width\":993,\"height\":610},{\"@type\":\"BreadcrumbList\",\"@id\":\"https:\\\/\\\/www.muyjujuy.com\\\/index.php\\\/2022\\\/10\\\/26\\\/dia-de-los-fieles-difuntos-no-habra-actividad-en-el-poder-judicial-de-jujuy\\\/#breadcrumb\",\"itemListElement\":[{\"@type\":\"ListItem\",\"position\":1,\"name\":\"Inicio\",\"item\":\"https:\\\/\\\/www.muyjujuy.com\\\/\"},{\"@type\":\"ListItem\",\"position\":2,\"name\":\"D\u00eda de los Fieles Difuntos: no habr\u00e1 actividad en el Poder Judicial de Jujuy\"}]},{\"@type\":\"WebSite\",\"@id\":\"https:\\\/\\\/www.muyjujuy.com\\\/#website\",\"url\":\"https:\\\/\\\/www.muyjujuy.com\\\/\",\"name\":\"Muy Jujuy\",\"description\":\"\",\"publisher\":{\"@id\":\"https:\\\/\\\/www.muyjujuy.com\\\/#organization\"},\"potentialAction\":[{\"@type\":\"SearchAction\",\"target\":{\"@type\":\"EntryPoint\",\"urlTemplate\":\"https:\\\/\\\/www.muyjujuy.com\\\/?s={search_term_string}\"},\"query-input\":{\"@type\":\"PropertyValueSpecification\",\"valueRequired\":true,\"valueName\":\"search_term_string\"}}],\"inLanguage\":\"es-AR\"},{\"@type\":\"Organization\",\"@id\":\"https:\\\/\\\/www.muyjujuy.com\\\/#organization\",\"name\":\"Muy Jujuy\",\"url\":\"https:\\\/\\\/www.muyjujuy.com\\\/\",\"logo\":{\"@type\":\"ImageObject\",\"inLanguage\":\"es-AR\",\"@id\":\"https:\\\/\\\/www.muyjujuy.com\\\/#\\\/schema\\\/logo\\\/image\\\/\",\"url\":\"http:\\\/\\\/www.muyjujuy.com\\\/wp-content\\\/uploads\\\/2022\\\/05\\\/logo-mobil-jujuy.png\",\"contentUrl\":\"http:\\\/\\\/www.muyjujuy.com\\\/wp-content\\\/uploads\\\/2022\\\/05\\\/logo-mobil-jujuy.png\",\"width\":174,\"height\":81,\"caption\":\"Muy Jujuy\"},\"image\":{\"@id\":\"https:\\\/\\\/www.muyjujuy.com\\\/#\\\/schema\\\/logo\\\/image\\\/\"},\"sameAs\":[\"https:\\\/\\\/www.facebook.com\\\/muyjujuycom\",\"https:\\\/\\\/x.com\\\/muyjujuy\",\"https:\\\/\\\/www.instagram.com\\\/muyjujuycom\"]},{\"@type\":\"Person\",\"@id\":\"https:\\\/\\\/www.muyjujuy.com\\\/#\\\/schema\\\/person\\\/1d0f6e223ccea9e3f9034c1a5b683bf2\",\"name\":\"Redacci\u00f3n Muy Jujuy\",\"image\":{\"@type\":\"ImageObject\",\"inLanguage\":\"es-AR\",\"@id\":\"https:\\\/\\\/secure.gravatar.com\\\/avatar\\\/fec5f6f1893d741ed5eecccff109ce43e67a855411202a3212a058cb8e5c27d4?s=96&d=mm&r=g\",\"url\":\"https:\\\/\\\/secure.gravatar.com\\\/avatar\\\/fec5f6f1893d741ed5eecccff109ce43e67a855411202a3212a058cb8e5c27d4?s=96&d=mm&r=g\",\"contentUrl\":\"https:\\\/\\\/secure.gravatar.com\\\/avatar\\\/fec5f6f1893d741ed5eecccff109ce43e67a855411202a3212a058cb8e5c27d4?s=96&d=mm&r=g\",\"caption\":\"Redacci\u00f3n Muy Jujuy\"},\"url\":\"https:\\\/\\\/www.muyjujuy.com\\\/index.php\\\/author\\\/editor\\\/\"}]}<\/script>\n<!-- \/ Yoast SEO plugin. -->","yoast_head_json":{"title":"D\u00eda de los Fieles Difuntos: no habr\u00e1 actividad en el Poder Judicial de Jujuy - Muy Jujuy","description":"Por el D\u00eda de los Difuntos tampoco habr\u00e1 actividad en el Poder Judicial de Jujuy y se adhiri\u00f3 al decreto provincial.","robots":{"index":"index","follow":"follow","max-snippet":"max-snippet:-1","max-image-preview":"max-image-preview:large","max-video-preview":"max-video-preview:-1"},"canonical":"https:\/\/www.muyjujuy.com\/index.php\/2022\/10\/26\/dia-de-los-fieles-difuntos-no-habra-actividad-en-el-poder-judicial-de-jujuy\/","og_locale":"es_ES","og_type":"article","og_title":"D\u00eda de los Fieles Difuntos: no habr\u00e1 actividad en el Poder Judicial de Jujuy - Muy Jujuy","og_description":"Por el D\u00eda de los Difuntos tampoco habr\u00e1 actividad en el Poder Judicial de Jujuy y se adhiri\u00f3 al decreto provincial.","og_url":"https:\/\/www.muyjujuy.com\/index.php\/2022\/10\/26\/dia-de-los-fieles-difuntos-no-habra-actividad-en-el-poder-judicial-de-jujuy\/","og_site_name":"Muy Jujuy","article_publisher":"https:\/\/www.facebook.com\/muyjujuycom","article_published_time":"2022-10-26T16:20:37+00:00","article_modified_time":"2022-10-26T16:20:38+00:00","og_image":[{"width":993,"height":610,"url":"https:\/\/www.muyjujuy.com\/wp-content\/uploads\/2022\/10\/WhatsApp-Image-2022-10-26-at-13.19.30.jpeg","type":"image\/jpeg"}],"author":"Redacci\u00f3n Muy Jujuy","twitter_card":"summary_large_image","twitter_creator":"@muyjujuy","twitter_site":"@muyjujuy","twitter_misc":{"Escrito por":"Redacci\u00f3n Muy Jujuy","Tiempo de lectura":"2 minutos"},"schema":{"@context":"https:\/\/schema.org","@graph":[{"@type":"Article","@id":"https:\/\/www.muyjujuy.com\/index.php\/2022\/10\/26\/dia-de-los-fieles-difuntos-no-habra-actividad-en-el-poder-judicial-de-jujuy\/#article","isPartOf":{"@id":"https:\/\/www.muyjujuy.com\/index.php\/2022\/10\/26\/dia-de-los-fieles-difuntos-no-habra-actividad-en-el-poder-judicial-de-jujuy\/"},"author":{"name":"Redacci\u00f3n Muy Jujuy","@id":"https:\/\/www.muyjujuy.com\/#\/schema\/person\/1d0f6e223ccea9e3f9034c1a5b683bf2"},"headline":"D\u00eda de los Fieles Difuntos: no habr\u00e1 actividad en el Poder Judicial de Jujuy","datePublished":"2022-10-26T16:20:37+00:00","dateModified":"2022-10-26T16:20:38+00:00","mainEntityOfPage":{"@id":"https:\/\/www.muyjujuy.com\/index.php\/2022\/10\/26\/dia-de-los-fieles-difuntos-no-habra-actividad-en-el-poder-judicial-de-jujuy\/"},"wordCount":368,"commentCount":0,"publisher":{"@id":"https:\/\/www.muyjujuy.com\/#organization"},"image":{"@id":"https:\/\/www.muyjujuy.com\/index.php\/2022\/10\/26\/dia-de-los-fieles-difuntos-no-habra-actividad-en-el-poder-judicial-de-jujuy\/#primaryimage"},"thumbnailUrl":"https:\/\/www.muyjujuy.com\/wp-content\/uploads\/2022\/10\/WhatsApp-Image-2022-10-26-at-13.19.30.jpeg","keywords":["D\u00eda de los Fieles Difuntos","Jujuy"],"articleSection":["Sociedad"],"inLanguage":"es-AR","potentialAction":[{"@type":"CommentAction","name":"Comment","target":["https:\/\/www.muyjujuy.com\/index.php\/2022\/10\/26\/dia-de-los-fieles-difuntos-no-habra-actividad-en-el-poder-judicial-de-jujuy\/#respond"]}]},{"@type":"WebPage","@id":"https:\/\/www.muyjujuy.com\/index.php\/2022\/10\/26\/dia-de-los-fieles-difuntos-no-habra-actividad-en-el-poder-judicial-de-jujuy\/","url":"https:\/\/www.muyjujuy.com\/index.php\/2022\/10\/26\/dia-de-los-fieles-difuntos-no-habra-actividad-en-el-poder-judicial-de-jujuy\/","name":"D\u00eda de los Fieles Difuntos: no habr\u00e1 actividad en el Poder Judicial de Jujuy - Muy Jujuy","isPartOf":{"@id":"https:\/\/www.muyjujuy.com\/#website"},"primaryImageOfPage":{"@id":"https:\/\/www.muyjujuy.com\/index.php\/2022\/10\/26\/dia-de-los-fieles-difuntos-no-habra-actividad-en-el-poder-judicial-de-jujuy\/#primaryimage"},"image":{"@id":"https:\/\/www.muyjujuy.com\/index.php\/2022\/10\/26\/dia-de-los-fieles-difuntos-no-habra-actividad-en-el-poder-judicial-de-jujuy\/#primaryimage"},"thumbnailUrl":"https:\/\/www.muyjujuy.com\/wp-content\/uploads\/2022\/10\/WhatsApp-Image-2022-10-26-at-13.19.30.jpeg","datePublished":"2022-10-26T16:20:37+00:00","dateModified":"2022-10-26T16:20:38+00:00","description":"Por el D\u00eda de los Difuntos tampoco habr\u00e1 actividad en el Poder Judicial de Jujuy y se adhiri\u00f3 al decreto provincial.","breadcrumb":{"@id":"https:\/\/www.muyjujuy.com\/index.php\/2022\/10\/26\/dia-de-los-fieles-difuntos-no-habra-actividad-en-el-poder-judicial-de-jujuy\/#breadcrumb"},"inLanguage":"es-AR","potentialAction":[{"@type":"ReadAction","target":["https:\/\/www.muyjujuy.com\/index.php\/2022\/10\/26\/dia-de-los-fieles-difuntos-no-habra-actividad-en-el-poder-judicial-de-jujuy\/"]}]},{"@type":"ImageObject","inLanguage":"es-AR","@id":"https:\/\/www.muyjujuy.com\/index.php\/2022\/10\/26\/dia-de-los-fieles-difuntos-no-habra-actividad-en-el-poder-judicial-de-jujuy\/#primaryimage","url":"https:\/\/www.muyjujuy.com\/wp-content\/uploads\/2022\/10\/WhatsApp-Image-2022-10-26-at-13.19.30.jpeg","contentUrl":"https:\/\/www.muyjujuy.com\/wp-content\/uploads\/2022\/10\/WhatsApp-Image-2022-10-26-at-13.19.30.jpeg","width":993,"height":610},{"@type":"BreadcrumbList","@id":"https:\/\/www.muyjujuy.com\/index.php\/2022\/10\/26\/dia-de-los-fieles-difuntos-no-habra-actividad-en-el-poder-judicial-de-jujuy\/#breadcrumb","itemListElement":[{"@type":"ListItem","position":1,"name":"Inicio","item":"https:\/\/www.muyjujuy.com\/"},{"@type":"ListItem","position":2,"name":"D\u00eda de los Fieles Difuntos: no habr\u00e1 actividad en el Poder Judicial de Jujuy"}]},{"@type":"WebSite","@id":"https:\/\/www.muyjujuy.com\/#website","url":"https:\/\/www.muyjujuy.com\/","name":"Muy Jujuy","description":"","publisher":{"@id":"https:\/\/www.muyjujuy.com\/#organization"},"potentialAction":[{"@type":"SearchAction","target":{"@type":"EntryPoint","urlTemplate":"https:\/\/www.muyjujuy.com\/?s={search_term_string}"},"query-input":{"@type":"PropertyValueSpecification","valueRequired":true,"valueName":"search_term_string"}}],"inLanguage":"es-AR"},{"@type":"Organization","@id":"https:\/\/www.muyjujuy.com\/#organization","name":"Muy Jujuy","url":"https:\/\/www.muyjujuy.com\/","logo":{"@type":"ImageObject","inLanguage":"es-AR","@id":"https:\/\/www.muyjujuy.com\/#\/schema\/logo\/image\/","url":"http:\/\/www.muyjujuy.com\/wp-content\/uploads\/2022\/05\/logo-mobil-jujuy.png","contentUrl":"http:\/\/www.muyjujuy.com\/wp-content\/uploads\/2022\/05\/logo-mobil-jujuy.png","width":174,"height":81,"caption":"Muy Jujuy"},"image":{"@id":"https:\/\/www.muyjujuy.com\/#\/schema\/logo\/image\/"},"sameAs":["https:\/\/www.facebook.com\/muyjujuycom","https:\/\/x.com\/muyjujuy","https:\/\/www.instagram.com\/muyjujuycom"]},{"@type":"Person","@id":"https:\/\/www.muyjujuy.com\/#\/schema\/person\/1d0f6e223ccea9e3f9034c1a5b683bf2","name":"Redacci\u00f3n Muy Jujuy","image":{"@type":"ImageObject","inLanguage":"es-AR","@id":"https:\/\/secure.gravatar.com\/avatar\/fec5f6f1893d741ed5eecccff109ce43e67a855411202a3212a058cb8e5c27d4?s=96&d=mm&r=g","url":"https:\/\/secure.gravatar.com\/avatar\/fec5f6f1893d741ed5eecccff109ce43e67a855411202a3212a058cb8e5c27d4?s=96&d=mm&r=g","contentUrl":"https:\/\/secure.gravatar.com\/avatar\/fec5f6f1893d741ed5eecccff109ce43e67a855411202a3212a058cb8e5c27d4?s=96&d=mm&r=g","caption":"Redacci\u00f3n Muy Jujuy"},"url":"https:\/\/www.muyjujuy.com\/index.php\/author\/editor\/"}]}},"_links":{"self":[{"href":"https:\/\/www.muyjujuy.com\/index.php\/wp-json\/wp\/v2\/posts\/1876","targetHints":{"allow":["GET"]}}],"collection":[{"href":"https:\/\/www.muyjujuy.com\/index.php\/wp-json\/wp\/v2\/posts"}],"about":[{"href":"https:\/\/www.muyjujuy.com\/index.php\/wp-json\/wp\/v2\/types\/post"}],"author":[{"embeddable":true,"href":"https:\/\/www.muyjujuy.com\/index.php\/wp-json\/wp\/v2\/users\/3"}],"replies":[{"embeddable":true,"href":"https:\/\/www.muyjujuy.com\/index.php\/wp-json\/wp\/v2\/comments?post=1876"}],"version-history":[{"count":1,"href":"https:\/\/www.muyjujuy.com\/index.php\/wp-json\/wp\/v2\/posts\/1876\/revisions"}],"predecessor-version":[{"id":1878,"href":"https:\/\/www.muyjujuy.com\/index.php\/wp-json\/wp\/v2\/posts\/1876\/revisions\/1878"}],"wp:featuredmedia":[{"embeddable":true,"href":"https:\/\/www.muyjujuy.com\/index.php\/wp-json\/wp\/v2\/media\/1877"}],"wp:attachment":[{"href":"https:\/\/www.muyjujuy.com\/index.php\/wp-json\/wp\/v2\/media?parent=1876"}],"wp:term":[{"taxonomy":"category","embeddable":true,"href":"https:\/\/www.muyjujuy.com\/index.php\/wp-json\/wp\/v2\/categories?post=1876"},{"taxonomy":"post_tag","embeddable":true,"href":"https:\/\/www.muyjujuy.com\/index.php\/wp-json\/wp\/v2\/tags?post=1876"}],"curies":[{"name":"wp","href":"https:\/\/api.w.org\/{rel}","templated":true}]}}