{"id":1879,"date":"2022-10-26T13:28:21","date_gmt":"2022-10-26T16:28:21","guid":{"rendered":"https:\/\/www.muyjujuy.com\/?p=1879"},"modified":"2022-10-26T13:28:22","modified_gmt":"2022-10-26T16:28:22","slug":"gerardo-morales-inauguro-un-jardin-de-infantes-en-santa-clara","status":"publish","type":"post","link":"https:\/\/www.muyjujuy.com\/index.php\/2022\/10\/26\/gerardo-morales-inauguro-un-jardin-de-infantes-en-santa-clara\/","title":{"rendered":"Gerardo Morales inaugur\u00f3 un jard\u00edn de infantes en Santa Clara"},"content":{"rendered":"\n<p><em>El gobernante destac\u00f3 la inversi\u00f3n en educaci\u00f3n en Santa Clara en el marco del PROMEDU que cuenta con financiamiento del BID.<\/em><\/p>\n\n\n\n<p>El gobernador de Jujuy, <strong><a href=\"https:\/\/www.muyjujuy.com\/?s=gerardo+morales\">Gerardo Morales<\/a>,<\/strong> encabez\u00f3 la inauguraci\u00f3n del jard\u00edn de infantes en Santa Clara y puso en relieve &#8220;el compromiso de la Provincia&#8221; con el distrito.<strong>&#8220;Da gusto ver c\u00f3mo creci\u00f3. Se hicieron obras de h\u00e1bitat para los vecinos y trajimos infraestructura educativa y municipal&#8221;, <\/strong>enfatiz\u00f3<\/p>\n\n\n\n<p>&#8220;Es gusto inaugurar otro establecimiento educativo m\u00e1s\u201d, expres\u00f3 el gobernante y explic\u00f3 que el flamante edificio del <strong>Jard\u00edn Independiente 53<\/strong> es producto de la gesti\u00f3n de la Provincia ante Naci\u00f3n para que <strong>se incluya a Jujuy en el Programa de Apoyo a la Pol\u00edtica de Mejoramiento de la Equidad Educativa IV <\/strong>(PROMEDU) que cuenta con financiamiento del <strong>BID.<\/strong><br><\/p>\n\n\n\n<p>La instituci\u00f3n de educaci\u00f3n inicial <strong>\u201cconforma un complejo educativo junto a la escuela primaria inaugurada recientemente que pagamos con la renta de Cauchari<\/strong>. Es de donde afrontamos en este desaf\u00edo para construir m\u00e1s edificios educativos\u201d. <\/p>\n\n\n\n<p>El gobernador estuvo acompa\u00f1ado por la ministra de Educaci\u00f3n,<strong> Mar\u00eda Teresa Bovi, <\/strong>y el intendente de Santa Clara, <strong>Luis Colque.<\/strong><\/p>\n\n\n\n<h2 class=\"wp-block-heading\"><strong>PROMACE<\/strong><\/h2>\n\n\n\n<p>En el marco del PROMACE, <strong>Morales adelant\u00f3 la licitaci\u00f3n, en breve, de las etapas 9 y 10 para la construcci\u00f3n de m\u00e1s edificios escolares con el que se llegar\u00e1 a \u201clas 101 escuelas iniciadas hasta fin de a\u00f1o\u201d.<\/strong><\/p>\n\n\n\n<p><strong>A\u00f1adi\u00f3 que para el pr\u00f3ximo a\u00f1o se proyecta el inicio de 100 obras de construcci\u00f3n y que \u201cal gobernador que venga le tocar\u00e1 terminar y llegar a las 258 escuelas\u201d<\/strong>.<\/p>\n\n\n\n<p> En lo que respecta a la refacci\u00f3n de edificios escolares, est\u00e1 en carpeta el Bachillerato 10 &#8220;Francisco Luna&#8221;, mientras que la escuela de Sauce Guacho est\u00e1 en un 83% de avance de obra.\u00a0<\/p>\n\n\n\n<p>\u201cEste ambicioso programa adem\u00e1s de infraestructura es conectividad\u201d, enfatiz\u00f3 Morales y\u00a0<strong>afirm\u00f3 que en las pr\u00f3ximas semanas iniciar\u00e1n las licitaciones para 2 mil kil\u00f3metros de fibra \u00f3ptica y el sistema de radio enlace para llegar a 140 establecimientos educativos dispersos<\/strong>. <\/p>\n\n\n\n<h2 class=\"wp-block-heading\"><strong>Nuevo jard\u00edn en Santa Clara<\/strong><\/h2>\n\n\n\n<p>La ministra Bovi remarc\u00f3 la importancia del nuevo jard\u00edn en Santa Clar<strong>a \u201cpor la alta demanda de matr\u00edcula en las salas de 3, 4 y 5\u201d<\/strong>. E hizo hincapi\u00e9 especialmente \u201cen los de obligatoriedad escolar\u201d.<\/p>\n\n\n\n<p><strong>&#8220;Estamos muy contentos, porque contamos con una matr\u00edcula de aproximadamente 225 ni\u00f1os y ni\u00f1as<\/strong>. Y todav\u00eda sigue habiendo m\u00e1s demanda\u201d, especific\u00f3. <\/p>\n\n\n\n<p>Destac\u00f3 que &#8220;el jard\u00edn se encuentra cercano a la escuela primaria que inauguramos recientemente en el marco del PROMACE\u201d.<\/p>\n\n\n\n<p>La construcci\u00f3n del edificio del Jard\u00edn 53 se ejecut\u00f3 en el marco del PROMEDU IV \u201centre Naci\u00f3n y Provincia\u201d, detall\u00f3 la ministra.<\/p>\n","protected":false},"excerpt":{"rendered":"<p>El gobernante destac\u00f3 la inversi\u00f3n en educaci\u00f3n en Santa Clara en el marco del PROMEDU que cuenta con financiamiento del BID. El gobernador de Jujuy, Gerardo Morales, encabez\u00f3 la inauguraci\u00f3n del jard\u00edn de infantes en Santa Clara y puso en relieve &#8220;el compromiso de la Provincia&#8221; con el distrito.&#8220;Da gusto ver c\u00f3mo creci\u00f3. Se hicieron [&hellip;]<\/p>\n","protected":false},"author":3,"featured_media":1880,"comment_status":"open","ping_status":"open","sticky":false,"template":"","format":"standard","meta":{"footnotes":""},"categories":[24],"tags":[5,8],"class_list":{"0":"post-1879","1":"post","2":"type-post","3":"status-publish","4":"format-standard","5":"has-post-thumbnail","7":"category-politica","8":"tag-gerardo-morales","9":"tag-jujuy"},"yoast_head":"<!-- This site is optimized with the Yoast SEO plugin v27.5 - https:\/\/yoast.com\/product\/yoast-seo-wordpress\/ -->\n<title>Gerardo Morales inaugur\u00f3 un jard\u00edn de infantes en Santa Clara - Muy Jujuy<\/title>\n<meta name=\"description\" content=\"El gobernante destac\u00f3 la inversi\u00f3n en educaci\u00f3n en Santa Clara en el marco del PROMEDU que cuenta con financiamiento del BID.\" \/>\n<meta name=\"robots\" content=\"index, follow, max-snippet:-1, max-image-preview:large, max-video-preview:-1\" \/>\n<link rel=\"canonical\" href=\"https:\/\/www.muyjujuy.com\/index.php\/2022\/10\/26\/gerardo-morales-inauguro-un-jardin-de-infantes-en-santa-clara\/\" \/>\n<meta property=\"og:locale\" content=\"es_ES\" \/>\n<meta property=\"og:type\" content=\"article\" \/>\n<meta property=\"og:title\" content=\"Gerardo Morales inaugur\u00f3 un jard\u00edn de infantes en Santa Clara - Muy Jujuy\" \/>\n<meta property=\"og:description\" content=\"El gobernante destac\u00f3 la inversi\u00f3n en educaci\u00f3n en Santa Clara en el marco del PROMEDU que cuenta con financiamiento del BID.\" \/>\n<meta property=\"og:url\" content=\"https:\/\/www.muyjujuy.com\/index.php\/2022\/10\/26\/gerardo-morales-inauguro-un-jardin-de-infantes-en-santa-clara\/\" \/>\n<meta property=\"og:site_name\" content=\"Muy Jujuy\" \/>\n<meta property=\"article:publisher\" content=\"https:\/\/www.facebook.com\/muyjujuycom\" \/>\n<meta property=\"article:published_time\" content=\"2022-10-26T16:28:21+00:00\" \/>\n<meta property=\"article:modified_time\" content=\"2022-10-26T16:28:22+00:00\" \/>\n<meta property=\"og:image\" content=\"https:\/\/www.muyjujuy.com\/wp-content\/uploads\/2022\/10\/WhatsApp-Image-2022-10-26-at-13.25.23.jpeg\" \/>\n\t<meta property=\"og:image:width\" content=\"1200\" \/>\n\t<meta property=\"og:image:height\" content=\"800\" \/>\n\t<meta property=\"og:image:type\" content=\"image\/jpeg\" \/>\n<meta name=\"author\" content=\"Redacci\u00f3n Muy Jujuy\" \/>\n<meta name=\"twitter:card\" content=\"summary_large_image\" \/>\n<meta name=\"twitter:creator\" content=\"@muyjujuy\" \/>\n<meta name=\"twitter:site\" content=\"@muyjujuy\" \/>\n<meta name=\"twitter:label1\" content=\"Escrito por\" \/>\n\t<meta name=\"twitter:data1\" content=\"Redacci\u00f3n Muy Jujuy\" \/>\n\t<meta name=\"twitter:label2\" content=\"Tiempo de lectura\" \/>\n\t<meta name=\"twitter:data2\" content=\"2 minutos\" \/>\n<script type=\"application\/ld+json\" class=\"yoast-schema-graph\">{\"@context\":\"https:\\\/\\\/schema.org\",\"@graph\":[{\"@type\":\"Article\",\"@id\":\"https:\\\/\\\/www.muyjujuy.com\\\/index.php\\\/2022\\\/10\\\/26\\\/gerardo-morales-inauguro-un-jardin-de-infantes-en-santa-clara\\\/#article\",\"isPartOf\":{\"@id\":\"https:\\\/\\\/www.muyjujuy.com\\\/index.php\\\/2022\\\/10\\\/26\\\/gerardo-morales-inauguro-un-jardin-de-infantes-en-santa-clara\\\/\"},\"author\":{\"name\":\"Redacci\u00f3n Muy Jujuy\",\"@id\":\"https:\\\/\\\/www.muyjujuy.com\\\/#\\\/schema\\\/person\\\/1d0f6e223ccea9e3f9034c1a5b683bf2\"},\"headline\":\"Gerardo Morales inaugur\u00f3 un jard\u00edn de infantes en Santa Clara\",\"datePublished\":\"2022-10-26T16:28:21+00:00\",\"dateModified\":\"2022-10-26T16:28:22+00:00\",\"mainEntityOfPage\":{\"@id\":\"https:\\\/\\\/www.muyjujuy.com\\\/index.php\\\/2022\\\/10\\\/26\\\/gerardo-morales-inauguro-un-jardin-de-infantes-en-santa-clara\\\/\"},\"wordCount\":465,\"commentCount\":0,\"publisher\":{\"@id\":\"https:\\\/\\\/www.muyjujuy.com\\\/#organization\"},\"image\":{\"@id\":\"https:\\\/\\\/www.muyjujuy.com\\\/index.php\\\/2022\\\/10\\\/26\\\/gerardo-morales-inauguro-un-jardin-de-infantes-en-santa-clara\\\/#primaryimage\"},\"thumbnailUrl\":\"https:\\\/\\\/www.muyjujuy.com\\\/wp-content\\\/uploads\\\/2022\\\/10\\\/WhatsApp-Image-2022-10-26-at-13.25.23.jpeg\",\"keywords\":[\"Gerardo Morales\",\"Jujuy\"],\"articleSection\":[\"Pol\u00edtica\"],\"inLanguage\":\"es-AR\",\"potentialAction\":[{\"@type\":\"CommentAction\",\"name\":\"Comment\",\"target\":[\"https:\\\/\\\/www.muyjujuy.com\\\/index.php\\\/2022\\\/10\\\/26\\\/gerardo-morales-inauguro-un-jardin-de-infantes-en-santa-clara\\\/#respond\"]}]},{\"@type\":\"WebPage\",\"@id\":\"https:\\\/\\\/www.muyjujuy.com\\\/index.php\\\/2022\\\/10\\\/26\\\/gerardo-morales-inauguro-un-jardin-de-infantes-en-santa-clara\\\/\",\"url\":\"https:\\\/\\\/www.muyjujuy.com\\\/index.php\\\/2022\\\/10\\\/26\\\/gerardo-morales-inauguro-un-jardin-de-infantes-en-santa-clara\\\/\",\"name\":\"Gerardo Morales inaugur\u00f3 un jard\u00edn de infantes en Santa Clara - Muy Jujuy\",\"isPartOf\":{\"@id\":\"https:\\\/\\\/www.muyjujuy.com\\\/#website\"},\"primaryImageOfPage\":{\"@id\":\"https:\\\/\\\/www.muyjujuy.com\\\/index.php\\\/2022\\\/10\\\/26\\\/gerardo-morales-inauguro-un-jardin-de-infantes-en-santa-clara\\\/#primaryimage\"},\"image\":{\"@id\":\"https:\\\/\\\/www.muyjujuy.com\\\/index.php\\\/2022\\\/10\\\/26\\\/gerardo-morales-inauguro-un-jardin-de-infantes-en-santa-clara\\\/#primaryimage\"},\"thumbnailUrl\":\"https:\\\/\\\/www.muyjujuy.com\\\/wp-content\\\/uploads\\\/2022\\\/10\\\/WhatsApp-Image-2022-10-26-at-13.25.23.jpeg\",\"datePublished\":\"2022-10-26T16:28:21+00:00\",\"dateModified\":\"2022-10-26T16:28:22+00:00\",\"description\":\"El gobernante destac\u00f3 la inversi\u00f3n en educaci\u00f3n en Santa Clara en el marco del PROMEDU que cuenta con financiamiento del BID.\",\"breadcrumb\":{\"@id\":\"https:\\\/\\\/www.muyjujuy.com\\\/index.php\\\/2022\\\/10\\\/26\\\/gerardo-morales-inauguro-un-jardin-de-infantes-en-santa-clara\\\/#breadcrumb\"},\"inLanguage\":\"es-AR\",\"potentialAction\":[{\"@type\":\"ReadAction\",\"target\":[\"https:\\\/\\\/www.muyjujuy.com\\\/index.php\\\/2022\\\/10\\\/26\\\/gerardo-morales-inauguro-un-jardin-de-infantes-en-santa-clara\\\/\"]}]},{\"@type\":\"ImageObject\",\"inLanguage\":\"es-AR\",\"@id\":\"https:\\\/\\\/www.muyjujuy.com\\\/index.php\\\/2022\\\/10\\\/26\\\/gerardo-morales-inauguro-un-jardin-de-infantes-en-santa-clara\\\/#primaryimage\",\"url\":\"https:\\\/\\\/www.muyjujuy.com\\\/wp-content\\\/uploads\\\/2022\\\/10\\\/WhatsApp-Image-2022-10-26-at-13.25.23.jpeg\",\"contentUrl\":\"https:\\\/\\\/www.muyjujuy.com\\\/wp-content\\\/uploads\\\/2022\\\/10\\\/WhatsApp-Image-2022-10-26-at-13.25.23.jpeg\",\"width\":1200,\"height\":800},{\"@type\":\"BreadcrumbList\",\"@id\":\"https:\\\/\\\/www.muyjujuy.com\\\/index.php\\\/2022\\\/10\\\/26\\\/gerardo-morales-inauguro-un-jardin-de-infantes-en-santa-clara\\\/#breadcrumb\",\"itemListElement\":[{\"@type\":\"ListItem\",\"position\":1,\"name\":\"Inicio\",\"item\":\"https:\\\/\\\/www.muyjujuy.com\\\/\"},{\"@type\":\"ListItem\",\"position\":2,\"name\":\"Gerardo Morales inaugur\u00f3 un jard\u00edn de infantes en Santa Clara\"}]},{\"@type\":\"WebSite\",\"@id\":\"https:\\\/\\\/www.muyjujuy.com\\\/#website\",\"url\":\"https:\\\/\\\/www.muyjujuy.com\\\/\",\"name\":\"Muy Jujuy\",\"description\":\"\",\"publisher\":{\"@id\":\"https:\\\/\\\/www.muyjujuy.com\\\/#organization\"},\"potentialAction\":[{\"@type\":\"SearchAction\",\"target\":{\"@type\":\"EntryPoint\",\"urlTemplate\":\"https:\\\/\\\/www.muyjujuy.com\\\/?s={search_term_string}\"},\"query-input\":{\"@type\":\"PropertyValueSpecification\",\"valueRequired\":true,\"valueName\":\"search_term_string\"}}],\"inLanguage\":\"es-AR\"},{\"@type\":\"Organization\",\"@id\":\"https:\\\/\\\/www.muyjujuy.com\\\/#organization\",\"name\":\"Muy Jujuy\",\"url\":\"https:\\\/\\\/www.muyjujuy.com\\\/\",\"logo\":{\"@type\":\"ImageObject\",\"inLanguage\":\"es-AR\",\"@id\":\"https:\\\/\\\/www.muyjujuy.com\\\/#\\\/schema\\\/logo\\\/image\\\/\",\"url\":\"http:\\\/\\\/www.muyjujuy.com\\\/wp-content\\\/uploads\\\/2022\\\/05\\\/logo-mobil-jujuy.png\",\"contentUrl\":\"http:\\\/\\\/www.muyjujuy.com\\\/wp-content\\\/uploads\\\/2022\\\/05\\\/logo-mobil-jujuy.png\",\"width\":174,\"height\":81,\"caption\":\"Muy Jujuy\"},\"image\":{\"@id\":\"https:\\\/\\\/www.muyjujuy.com\\\/#\\\/schema\\\/logo\\\/image\\\/\"},\"sameAs\":[\"https:\\\/\\\/www.facebook.com\\\/muyjujuycom\",\"https:\\\/\\\/x.com\\\/muyjujuy\",\"https:\\\/\\\/www.instagram.com\\\/muyjujuycom\"]},{\"@type\":\"Person\",\"@id\":\"https:\\\/\\\/www.muyjujuy.com\\\/#\\\/schema\\\/person\\\/1d0f6e223ccea9e3f9034c1a5b683bf2\",\"name\":\"Redacci\u00f3n Muy Jujuy\",\"image\":{\"@type\":\"ImageObject\",\"inLanguage\":\"es-AR\",\"@id\":\"https:\\\/\\\/secure.gravatar.com\\\/avatar\\\/fec5f6f1893d741ed5eecccff109ce43e67a855411202a3212a058cb8e5c27d4?s=96&d=mm&r=g\",\"url\":\"https:\\\/\\\/secure.gravatar.com\\\/avatar\\\/fec5f6f1893d741ed5eecccff109ce43e67a855411202a3212a058cb8e5c27d4?s=96&d=mm&r=g\",\"contentUrl\":\"https:\\\/\\\/secure.gravatar.com\\\/avatar\\\/fec5f6f1893d741ed5eecccff109ce43e67a855411202a3212a058cb8e5c27d4?s=96&d=mm&r=g\",\"caption\":\"Redacci\u00f3n Muy Jujuy\"},\"url\":\"https:\\\/\\\/www.muyjujuy.com\\\/index.php\\\/author\\\/editor\\\/\"}]}<\/script>\n<!-- \/ Yoast SEO plugin. -->","yoast_head_json":{"title":"Gerardo Morales inaugur\u00f3 un jard\u00edn de infantes en Santa Clara - Muy Jujuy","description":"El gobernante destac\u00f3 la inversi\u00f3n en educaci\u00f3n en Santa Clara en el marco del PROMEDU que cuenta con financiamiento del BID.","robots":{"index":"index","follow":"follow","max-snippet":"max-snippet:-1","max-image-preview":"max-image-preview:large","max-video-preview":"max-video-preview:-1"},"canonical":"https:\/\/www.muyjujuy.com\/index.php\/2022\/10\/26\/gerardo-morales-inauguro-un-jardin-de-infantes-en-santa-clara\/","og_locale":"es_ES","og_type":"article","og_title":"Gerardo Morales inaugur\u00f3 un jard\u00edn de infantes en Santa Clara - Muy Jujuy","og_description":"El gobernante destac\u00f3 la inversi\u00f3n en educaci\u00f3n en Santa Clara en el marco del PROMEDU que cuenta con financiamiento del BID.","og_url":"https:\/\/www.muyjujuy.com\/index.php\/2022\/10\/26\/gerardo-morales-inauguro-un-jardin-de-infantes-en-santa-clara\/","og_site_name":"Muy Jujuy","article_publisher":"https:\/\/www.facebook.com\/muyjujuycom","article_published_time":"2022-10-26T16:28:21+00:00","article_modified_time":"2022-10-26T16:28:22+00:00","og_image":[{"width":1200,"height":800,"url":"https:\/\/www.muyjujuy.com\/wp-content\/uploads\/2022\/10\/WhatsApp-Image-2022-10-26-at-13.25.23.jpeg","type":"image\/jpeg"}],"author":"Redacci\u00f3n Muy Jujuy","twitter_card":"summary_large_image","twitter_creator":"@muyjujuy","twitter_site":"@muyjujuy","twitter_misc":{"Escrito por":"Redacci\u00f3n Muy Jujuy","Tiempo de lectura":"2 minutos"},"schema":{"@context":"https:\/\/schema.org","@graph":[{"@type":"Article","@id":"https:\/\/www.muyjujuy.com\/index.php\/2022\/10\/26\/gerardo-morales-inauguro-un-jardin-de-infantes-en-santa-clara\/#article","isPartOf":{"@id":"https:\/\/www.muyjujuy.com\/index.php\/2022\/10\/26\/gerardo-morales-inauguro-un-jardin-de-infantes-en-santa-clara\/"},"author":{"name":"Redacci\u00f3n Muy Jujuy","@id":"https:\/\/www.muyjujuy.com\/#\/schema\/person\/1d0f6e223ccea9e3f9034c1a5b683bf2"},"headline":"Gerardo Morales inaugur\u00f3 un jard\u00edn de infantes en Santa Clara","datePublished":"2022-10-26T16:28:21+00:00","dateModified":"2022-10-26T16:28:22+00:00","mainEntityOfPage":{"@id":"https:\/\/www.muyjujuy.com\/index.php\/2022\/10\/26\/gerardo-morales-inauguro-un-jardin-de-infantes-en-santa-clara\/"},"wordCount":465,"commentCount":0,"publisher":{"@id":"https:\/\/www.muyjujuy.com\/#organization"},"image":{"@id":"https:\/\/www.muyjujuy.com\/index.php\/2022\/10\/26\/gerardo-morales-inauguro-un-jardin-de-infantes-en-santa-clara\/#primaryimage"},"thumbnailUrl":"https:\/\/www.muyjujuy.com\/wp-content\/uploads\/2022\/10\/WhatsApp-Image-2022-10-26-at-13.25.23.jpeg","keywords":["Gerardo Morales","Jujuy"],"articleSection":["Pol\u00edtica"],"inLanguage":"es-AR","potentialAction":[{"@type":"CommentAction","name":"Comment","target":["https:\/\/www.muyjujuy.com\/index.php\/2022\/10\/26\/gerardo-morales-inauguro-un-jardin-de-infantes-en-santa-clara\/#respond"]}]},{"@type":"WebPage","@id":"https:\/\/www.muyjujuy.com\/index.php\/2022\/10\/26\/gerardo-morales-inauguro-un-jardin-de-infantes-en-santa-clara\/","url":"https:\/\/www.muyjujuy.com\/index.php\/2022\/10\/26\/gerardo-morales-inauguro-un-jardin-de-infantes-en-santa-clara\/","name":"Gerardo Morales inaugur\u00f3 un jard\u00edn de infantes en Santa Clara - Muy Jujuy","isPartOf":{"@id":"https:\/\/www.muyjujuy.com\/#website"},"primaryImageOfPage":{"@id":"https:\/\/www.muyjujuy.com\/index.php\/2022\/10\/26\/gerardo-morales-inauguro-un-jardin-de-infantes-en-santa-clara\/#primaryimage"},"image":{"@id":"https:\/\/www.muyjujuy.com\/index.php\/2022\/10\/26\/gerardo-morales-inauguro-un-jardin-de-infantes-en-santa-clara\/#primaryimage"},"thumbnailUrl":"https:\/\/www.muyjujuy.com\/wp-content\/uploads\/2022\/10\/WhatsApp-Image-2022-10-26-at-13.25.23.jpeg","datePublished":"2022-10-26T16:28:21+00:00","dateModified":"2022-10-26T16:28:22+00:00","description":"El gobernante destac\u00f3 la inversi\u00f3n en educaci\u00f3n en Santa Clara en el marco del PROMEDU que cuenta con financiamiento del BID.","breadcrumb":{"@id":"https:\/\/www.muyjujuy.com\/index.php\/2022\/10\/26\/gerardo-morales-inauguro-un-jardin-de-infantes-en-santa-clara\/#breadcrumb"},"inLanguage":"es-AR","potentialAction":[{"@type":"ReadAction","target":["https:\/\/www.muyjujuy.com\/index.php\/2022\/10\/26\/gerardo-morales-inauguro-un-jardin-de-infantes-en-santa-clara\/"]}]},{"@type":"ImageObject","inLanguage":"es-AR","@id":"https:\/\/www.muyjujuy.com\/index.php\/2022\/10\/26\/gerardo-morales-inauguro-un-jardin-de-infantes-en-santa-clara\/#primaryimage","url":"https:\/\/www.muyjujuy.com\/wp-content\/uploads\/2022\/10\/WhatsApp-Image-2022-10-26-at-13.25.23.jpeg","contentUrl":"https:\/\/www.muyjujuy.com\/wp-content\/uploads\/2022\/10\/WhatsApp-Image-2022-10-26-at-13.25.23.jpeg","width":1200,"height":800},{"@type":"BreadcrumbList","@id":"https:\/\/www.muyjujuy.com\/index.php\/2022\/10\/26\/gerardo-morales-inauguro-un-jardin-de-infantes-en-santa-clara\/#breadcrumb","itemListElement":[{"@type":"ListItem","position":1,"name":"Inicio","item":"https:\/\/www.muyjujuy.com\/"},{"@type":"ListItem","position":2,"name":"Gerardo Morales inaugur\u00f3 un jard\u00edn de infantes en Santa Clara"}]},{"@type":"WebSite","@id":"https:\/\/www.muyjujuy.com\/#website","url":"https:\/\/www.muyjujuy.com\/","name":"Muy Jujuy","description":"","publisher":{"@id":"https:\/\/www.muyjujuy.com\/#organization"},"potentialAction":[{"@type":"SearchAction","target":{"@type":"EntryPoint","urlTemplate":"https:\/\/www.muyjujuy.com\/?s={search_term_string}"},"query-input":{"@type":"PropertyValueSpecification","valueRequired":true,"valueName":"search_term_string"}}],"inLanguage":"es-AR"},{"@type":"Organization","@id":"https:\/\/www.muyjujuy.com\/#organization","name":"Muy Jujuy","url":"https:\/\/www.muyjujuy.com\/","logo":{"@type":"ImageObject","inLanguage":"es-AR","@id":"https:\/\/www.muyjujuy.com\/#\/schema\/logo\/image\/","url":"http:\/\/www.muyjujuy.com\/wp-content\/uploads\/2022\/05\/logo-mobil-jujuy.png","contentUrl":"http:\/\/www.muyjujuy.com\/wp-content\/uploads\/2022\/05\/logo-mobil-jujuy.png","width":174,"height":81,"caption":"Muy Jujuy"},"image":{"@id":"https:\/\/www.muyjujuy.com\/#\/schema\/logo\/image\/"},"sameAs":["https:\/\/www.facebook.com\/muyjujuycom","https:\/\/x.com\/muyjujuy","https:\/\/www.instagram.com\/muyjujuycom"]},{"@type":"Person","@id":"https:\/\/www.muyjujuy.com\/#\/schema\/person\/1d0f6e223ccea9e3f9034c1a5b683bf2","name":"Redacci\u00f3n Muy Jujuy","image":{"@type":"ImageObject","inLanguage":"es-AR","@id":"https:\/\/secure.gravatar.com\/avatar\/fec5f6f1893d741ed5eecccff109ce43e67a855411202a3212a058cb8e5c27d4?s=96&d=mm&r=g","url":"https:\/\/secure.gravatar.com\/avatar\/fec5f6f1893d741ed5eecccff109ce43e67a855411202a3212a058cb8e5c27d4?s=96&d=mm&r=g","contentUrl":"https:\/\/secure.gravatar.com\/avatar\/fec5f6f1893d741ed5eecccff109ce43e67a855411202a3212a058cb8e5c27d4?s=96&d=mm&r=g","caption":"Redacci\u00f3n Muy Jujuy"},"url":"https:\/\/www.muyjujuy.com\/index.php\/author\/editor\/"}]}},"_links":{"self":[{"href":"https:\/\/www.muyjujuy.com\/index.php\/wp-json\/wp\/v2\/posts\/1879","targetHints":{"allow":["GET"]}}],"collection":[{"href":"https:\/\/www.muyjujuy.com\/index.php\/wp-json\/wp\/v2\/posts"}],"about":[{"href":"https:\/\/www.muyjujuy.com\/index.php\/wp-json\/wp\/v2\/types\/post"}],"author":[{"embeddable":true,"href":"https:\/\/www.muyjujuy.com\/index.php\/wp-json\/wp\/v2\/users\/3"}],"replies":[{"embeddable":true,"href":"https:\/\/www.muyjujuy.com\/index.php\/wp-json\/wp\/v2\/comments?post=1879"}],"version-history":[{"count":1,"href":"https:\/\/www.muyjujuy.com\/index.php\/wp-json\/wp\/v2\/posts\/1879\/revisions"}],"predecessor-version":[{"id":1881,"href":"https:\/\/www.muyjujuy.com\/index.php\/wp-json\/wp\/v2\/posts\/1879\/revisions\/1881"}],"wp:featuredmedia":[{"embeddable":true,"href":"https:\/\/www.muyjujuy.com\/index.php\/wp-json\/wp\/v2\/media\/1880"}],"wp:attachment":[{"href":"https:\/\/www.muyjujuy.com\/index.php\/wp-json\/wp\/v2\/media?parent=1879"}],"wp:term":[{"taxonomy":"category","embeddable":true,"href":"https:\/\/www.muyjujuy.com\/index.php\/wp-json\/wp\/v2\/categories?post=1879"},{"taxonomy":"post_tag","embeddable":true,"href":"https:\/\/www.muyjujuy.com\/index.php\/wp-json\/wp\/v2\/tags?post=1879"}],"curies":[{"name":"wp","href":"https:\/\/api.w.org\/{rel}","templated":true}]}}