{"id":1882,"date":"2022-10-26T13:35:03","date_gmt":"2022-10-26T16:35:03","guid":{"rendered":"https:\/\/www.muyjujuy.com\/?p=1882"},"modified":"2022-10-26T13:35:03","modified_gmt":"2022-10-26T16:35:03","slug":"provincia-impulsa-el-proyecto-multiproposito-rio-grande-inferior-para-abastecer-de-agua-al-ramal","status":"publish","type":"post","link":"https:\/\/www.muyjujuy.com\/index.php\/2022\/10\/26\/provincia-impulsa-el-proyecto-multiproposito-rio-grande-inferior-para-abastecer-de-agua-al-ramal\/","title":{"rendered":"Provincia impulsa el proyecto multiprop\u00f3sito R\u00edo Grande Inferior para abastecer de agua al ramal"},"content":{"rendered":"\n<p><em>El proyecto multiprop\u00f3sito R\u00edo Grande Inferior es de vital importancia para potenciar el abastecimiento de agua para consumo humano.<\/em><\/p>\n\n\n\n<p>El gobernador de Jujuy, <strong><a href=\"https:\/\/www.muyjujuy.com\/?s=gerardo+morales\">Gerardo Morales<\/a><\/strong>, recibi\u00f3 en el Sal\u00f3n Blanco de Casa de Gobierno al subsecretario de Planificaci\u00f3n y Gesti\u00f3n Operativa de Proyectos H\u00eddricos, <strong>Fernando Zarate<\/strong>, para avanzar en el proyecto multiprop\u00f3sito R\u00edo Grande Inferior. <\/p>\n\n\n\n<p>Tambi\u00e9n asistieron, el especialista principal de Agua y Saneamiento del BID, <strong>Henry Moreno<\/strong>; al titular de la Unidad Ejecutora Norte Grande, <strong>Sisto Ter\u00e1n<\/strong>y al titular de CoReBe, <strong>Edgardo Castellano<\/strong>.<\/p>\n\n\n\n<p>El objetivo <strong>potenciar el abastecimiento de agua para consumo humano <\/strong>y actividades productivas en la zona del ramal.<\/p>\n\n\n\n<p>Del encuentro fue parte el ministro de Infraestructura provincial, <strong>Carlos Stanic<\/strong>, quien destac\u00f3 los buenos t\u00e9rminos en los que trascurri\u00f3 la reuni\u00f3n. <strong>&#8220;Los representantes arribaron a Jujuy junto a sus equipos especialistas en ambiente, econom\u00eda y social para hacer una visita en el terreno&#8221;<\/strong>, indic\u00f3.<\/p>\n\n\n\n<h2 class=\"wp-block-heading\"><strong> Proyecto multiprop\u00f3sito R\u00edo Grande Inferior<\/strong><\/h2>\n\n\n\n<p><strong>\u201cLa idea es que el proyecto sea incluido en la cartera de cr\u00e9dito del BID para poder ejecutar en el 2023 la licitaci\u00f3n del proyecto\u201d, <\/strong>precis\u00f3 Stanic,<\/p>\n\n\n\n<p>Ponder\u00f3, adem\u00e1s, los alcances del proyecto multiprop\u00f3sito R\u00edo Grande Inferior. Destac\u00f3 que el proyecto \u201cdotar\u00e1 de agua potable y para riego y generaci\u00f3n de energ\u00eda en la zona del Ramal\u201d.<\/p>\n\n\n\n<p>El proyecto multiprop\u00f3sito R\u00edo Grande Inferior integra el Plan Maestro Plurianual de la provincia. Es encarado desde la Comisi\u00f3n Regional del R\u00edo Bermejo (CoReBe). <\/p>\n\n\n\n<p><\/p>\n\n\n\n<p>El objetivo de contribuir al abastecimiento de agua para el consumo humano y actividades productivas. Tambi\u00e9n, proveer generaci\u00f3n de energ\u00eda limpia y renovable. Y promover inversiones en el sector privado mediante la articulaci\u00f3n de diversos usos.<\/p>\n","protected":false},"excerpt":{"rendered":"<p>El proyecto multiprop\u00f3sito R\u00edo Grande Inferior es de vital importancia para potenciar el abastecimiento de agua para consumo humano. El gobernador de Jujuy, Gerardo Morales, recibi\u00f3 en el Sal\u00f3n Blanco de Casa de Gobierno al subsecretario de Planificaci\u00f3n y Gesti\u00f3n Operativa de Proyectos H\u00eddricos, Fernando Zarate, para avanzar en el proyecto multiprop\u00f3sito R\u00edo Grande Inferior. [&hellip;]<\/p>\n","protected":false},"author":3,"featured_media":1883,"comment_status":"open","ping_status":"open","sticky":false,"template":"","format":"standard","meta":{"footnotes":""},"categories":[24],"tags":[5,8],"class_list":{"0":"post-1882","1":"post","2":"type-post","3":"status-publish","4":"format-standard","5":"has-post-thumbnail","7":"category-politica","8":"tag-gerardo-morales","9":"tag-jujuy"},"yoast_head":"<!-- This site is optimized with the Yoast SEO plugin v27.5 - https:\/\/yoast.com\/product\/yoast-seo-wordpress\/ -->\n<title>Provincia impulsa el proyecto multiprop\u00f3sito R\u00edo Grande Inferior para abastecer de agua al ramal - Muy Jujuy<\/title>\n<meta name=\"description\" content=\"El proyecto multiprop\u00f3sito R\u00edo Grande Inferior es de vital importancia para potenciar el abastecimiento de agua para consumo humano.\" \/>\n<meta name=\"robots\" content=\"index, follow, max-snippet:-1, max-image-preview:large, max-video-preview:-1\" \/>\n<link rel=\"canonical\" href=\"https:\/\/www.muyjujuy.com\/index.php\/2022\/10\/26\/provincia-impulsa-el-proyecto-multiproposito-rio-grande-inferior-para-abastecer-de-agua-al-ramal\/\" \/>\n<meta property=\"og:locale\" content=\"es_ES\" \/>\n<meta property=\"og:type\" content=\"article\" \/>\n<meta property=\"og:title\" content=\"Provincia impulsa el proyecto multiprop\u00f3sito R\u00edo Grande Inferior para abastecer de agua al ramal - Muy Jujuy\" \/>\n<meta property=\"og:description\" content=\"El proyecto multiprop\u00f3sito R\u00edo Grande Inferior es de vital importancia para potenciar el abastecimiento de agua para consumo humano.\" \/>\n<meta property=\"og:url\" content=\"https:\/\/www.muyjujuy.com\/index.php\/2022\/10\/26\/provincia-impulsa-el-proyecto-multiproposito-rio-grande-inferior-para-abastecer-de-agua-al-ramal\/\" \/>\n<meta property=\"og:site_name\" content=\"Muy Jujuy\" \/>\n<meta property=\"article:publisher\" content=\"https:\/\/www.facebook.com\/muyjujuycom\" \/>\n<meta property=\"article:published_time\" content=\"2022-10-26T16:35:03+00:00\" \/>\n<meta property=\"og:image\" content=\"https:\/\/www.muyjujuy.com\/wp-content\/uploads\/2022\/10\/WhatsApp-Image-2022-10-26-at-13.29.18.jpeg\" \/>\n\t<meta property=\"og:image:width\" content=\"1200\" \/>\n\t<meta property=\"og:image:height\" content=\"800\" \/>\n\t<meta property=\"og:image:type\" content=\"image\/jpeg\" \/>\n<meta name=\"author\" content=\"Redacci\u00f3n Muy Jujuy\" \/>\n<meta name=\"twitter:card\" content=\"summary_large_image\" \/>\n<meta name=\"twitter:creator\" content=\"@muyjujuy\" \/>\n<meta name=\"twitter:site\" content=\"@muyjujuy\" \/>\n<meta name=\"twitter:label1\" content=\"Escrito por\" \/>\n\t<meta name=\"twitter:data1\" content=\"Redacci\u00f3n Muy Jujuy\" \/>\n\t<meta name=\"twitter:label2\" content=\"Tiempo de lectura\" \/>\n\t<meta name=\"twitter:data2\" content=\"2 minutos\" \/>\n<script type=\"application\/ld+json\" class=\"yoast-schema-graph\">{\"@context\":\"https:\\\/\\\/schema.org\",\"@graph\":[{\"@type\":\"Article\",\"@id\":\"https:\\\/\\\/www.muyjujuy.com\\\/index.php\\\/2022\\\/10\\\/26\\\/provincia-impulsa-el-proyecto-multiproposito-rio-grande-inferior-para-abastecer-de-agua-al-ramal\\\/#article\",\"isPartOf\":{\"@id\":\"https:\\\/\\\/www.muyjujuy.com\\\/index.php\\\/2022\\\/10\\\/26\\\/provincia-impulsa-el-proyecto-multiproposito-rio-grande-inferior-para-abastecer-de-agua-al-ramal\\\/\"},\"author\":{\"name\":\"Redacci\u00f3n Muy Jujuy\",\"@id\":\"https:\\\/\\\/www.muyjujuy.com\\\/#\\\/schema\\\/person\\\/1d0f6e223ccea9e3f9034c1a5b683bf2\"},\"headline\":\"Provincia impulsa el proyecto multiprop\u00f3sito R\u00edo Grande Inferior para abastecer de agua al ramal\",\"datePublished\":\"2022-10-26T16:35:03+00:00\",\"mainEntityOfPage\":{\"@id\":\"https:\\\/\\\/www.muyjujuy.com\\\/index.php\\\/2022\\\/10\\\/26\\\/provincia-impulsa-el-proyecto-multiproposito-rio-grande-inferior-para-abastecer-de-agua-al-ramal\\\/\"},\"wordCount\":314,\"commentCount\":0,\"publisher\":{\"@id\":\"https:\\\/\\\/www.muyjujuy.com\\\/#organization\"},\"image\":{\"@id\":\"https:\\\/\\\/www.muyjujuy.com\\\/index.php\\\/2022\\\/10\\\/26\\\/provincia-impulsa-el-proyecto-multiproposito-rio-grande-inferior-para-abastecer-de-agua-al-ramal\\\/#primaryimage\"},\"thumbnailUrl\":\"https:\\\/\\\/www.muyjujuy.com\\\/wp-content\\\/uploads\\\/2022\\\/10\\\/WhatsApp-Image-2022-10-26-at-13.29.18.jpeg\",\"keywords\":[\"Gerardo Morales\",\"Jujuy\"],\"articleSection\":[\"Pol\u00edtica\"],\"inLanguage\":\"es-AR\",\"potentialAction\":[{\"@type\":\"CommentAction\",\"name\":\"Comment\",\"target\":[\"https:\\\/\\\/www.muyjujuy.com\\\/index.php\\\/2022\\\/10\\\/26\\\/provincia-impulsa-el-proyecto-multiproposito-rio-grande-inferior-para-abastecer-de-agua-al-ramal\\\/#respond\"]}]},{\"@type\":\"WebPage\",\"@id\":\"https:\\\/\\\/www.muyjujuy.com\\\/index.php\\\/2022\\\/10\\\/26\\\/provincia-impulsa-el-proyecto-multiproposito-rio-grande-inferior-para-abastecer-de-agua-al-ramal\\\/\",\"url\":\"https:\\\/\\\/www.muyjujuy.com\\\/index.php\\\/2022\\\/10\\\/26\\\/provincia-impulsa-el-proyecto-multiproposito-rio-grande-inferior-para-abastecer-de-agua-al-ramal\\\/\",\"name\":\"Provincia impulsa el proyecto multiprop\u00f3sito R\u00edo Grande Inferior para abastecer de agua al ramal - Muy Jujuy\",\"isPartOf\":{\"@id\":\"https:\\\/\\\/www.muyjujuy.com\\\/#website\"},\"primaryImageOfPage\":{\"@id\":\"https:\\\/\\\/www.muyjujuy.com\\\/index.php\\\/2022\\\/10\\\/26\\\/provincia-impulsa-el-proyecto-multiproposito-rio-grande-inferior-para-abastecer-de-agua-al-ramal\\\/#primaryimage\"},\"image\":{\"@id\":\"https:\\\/\\\/www.muyjujuy.com\\\/index.php\\\/2022\\\/10\\\/26\\\/provincia-impulsa-el-proyecto-multiproposito-rio-grande-inferior-para-abastecer-de-agua-al-ramal\\\/#primaryimage\"},\"thumbnailUrl\":\"https:\\\/\\\/www.muyjujuy.com\\\/wp-content\\\/uploads\\\/2022\\\/10\\\/WhatsApp-Image-2022-10-26-at-13.29.18.jpeg\",\"datePublished\":\"2022-10-26T16:35:03+00:00\",\"description\":\"El proyecto multiprop\u00f3sito R\u00edo Grande Inferior es de vital importancia para potenciar el abastecimiento de agua para consumo humano.\",\"breadcrumb\":{\"@id\":\"https:\\\/\\\/www.muyjujuy.com\\\/index.php\\\/2022\\\/10\\\/26\\\/provincia-impulsa-el-proyecto-multiproposito-rio-grande-inferior-para-abastecer-de-agua-al-ramal\\\/#breadcrumb\"},\"inLanguage\":\"es-AR\",\"potentialAction\":[{\"@type\":\"ReadAction\",\"target\":[\"https:\\\/\\\/www.muyjujuy.com\\\/index.php\\\/2022\\\/10\\\/26\\\/provincia-impulsa-el-proyecto-multiproposito-rio-grande-inferior-para-abastecer-de-agua-al-ramal\\\/\"]}]},{\"@type\":\"ImageObject\",\"inLanguage\":\"es-AR\",\"@id\":\"https:\\\/\\\/www.muyjujuy.com\\\/index.php\\\/2022\\\/10\\\/26\\\/provincia-impulsa-el-proyecto-multiproposito-rio-grande-inferior-para-abastecer-de-agua-al-ramal\\\/#primaryimage\",\"url\":\"https:\\\/\\\/www.muyjujuy.com\\\/wp-content\\\/uploads\\\/2022\\\/10\\\/WhatsApp-Image-2022-10-26-at-13.29.18.jpeg\",\"contentUrl\":\"https:\\\/\\\/www.muyjujuy.com\\\/wp-content\\\/uploads\\\/2022\\\/10\\\/WhatsApp-Image-2022-10-26-at-13.29.18.jpeg\",\"width\":1200,\"height\":800},{\"@type\":\"BreadcrumbList\",\"@id\":\"https:\\\/\\\/www.muyjujuy.com\\\/index.php\\\/2022\\\/10\\\/26\\\/provincia-impulsa-el-proyecto-multiproposito-rio-grande-inferior-para-abastecer-de-agua-al-ramal\\\/#breadcrumb\",\"itemListElement\":[{\"@type\":\"ListItem\",\"position\":1,\"name\":\"Inicio\",\"item\":\"https:\\\/\\\/www.muyjujuy.com\\\/\"},{\"@type\":\"ListItem\",\"position\":2,\"name\":\"Provincia impulsa el proyecto multiprop\u00f3sito R\u00edo Grande Inferior para abastecer de agua al ramal\"}]},{\"@type\":\"WebSite\",\"@id\":\"https:\\\/\\\/www.muyjujuy.com\\\/#website\",\"url\":\"https:\\\/\\\/www.muyjujuy.com\\\/\",\"name\":\"Muy Jujuy\",\"description\":\"\",\"publisher\":{\"@id\":\"https:\\\/\\\/www.muyjujuy.com\\\/#organization\"},\"potentialAction\":[{\"@type\":\"SearchAction\",\"target\":{\"@type\":\"EntryPoint\",\"urlTemplate\":\"https:\\\/\\\/www.muyjujuy.com\\\/?s={search_term_string}\"},\"query-input\":{\"@type\":\"PropertyValueSpecification\",\"valueRequired\":true,\"valueName\":\"search_term_string\"}}],\"inLanguage\":\"es-AR\"},{\"@type\":\"Organization\",\"@id\":\"https:\\\/\\\/www.muyjujuy.com\\\/#organization\",\"name\":\"Muy Jujuy\",\"url\":\"https:\\\/\\\/www.muyjujuy.com\\\/\",\"logo\":{\"@type\":\"ImageObject\",\"inLanguage\":\"es-AR\",\"@id\":\"https:\\\/\\\/www.muyjujuy.com\\\/#\\\/schema\\\/logo\\\/image\\\/\",\"url\":\"http:\\\/\\\/www.muyjujuy.com\\\/wp-content\\\/uploads\\\/2022\\\/05\\\/logo-mobil-jujuy.png\",\"contentUrl\":\"http:\\\/\\\/www.muyjujuy.com\\\/wp-content\\\/uploads\\\/2022\\\/05\\\/logo-mobil-jujuy.png\",\"width\":174,\"height\":81,\"caption\":\"Muy Jujuy\"},\"image\":{\"@id\":\"https:\\\/\\\/www.muyjujuy.com\\\/#\\\/schema\\\/logo\\\/image\\\/\"},\"sameAs\":[\"https:\\\/\\\/www.facebook.com\\\/muyjujuycom\",\"https:\\\/\\\/x.com\\\/muyjujuy\",\"https:\\\/\\\/www.instagram.com\\\/muyjujuycom\"]},{\"@type\":\"Person\",\"@id\":\"https:\\\/\\\/www.muyjujuy.com\\\/#\\\/schema\\\/person\\\/1d0f6e223ccea9e3f9034c1a5b683bf2\",\"name\":\"Redacci\u00f3n Muy Jujuy\",\"image\":{\"@type\":\"ImageObject\",\"inLanguage\":\"es-AR\",\"@id\":\"https:\\\/\\\/secure.gravatar.com\\\/avatar\\\/fec5f6f1893d741ed5eecccff109ce43e67a855411202a3212a058cb8e5c27d4?s=96&d=mm&r=g\",\"url\":\"https:\\\/\\\/secure.gravatar.com\\\/avatar\\\/fec5f6f1893d741ed5eecccff109ce43e67a855411202a3212a058cb8e5c27d4?s=96&d=mm&r=g\",\"contentUrl\":\"https:\\\/\\\/secure.gravatar.com\\\/avatar\\\/fec5f6f1893d741ed5eecccff109ce43e67a855411202a3212a058cb8e5c27d4?s=96&d=mm&r=g\",\"caption\":\"Redacci\u00f3n Muy Jujuy\"},\"url\":\"https:\\\/\\\/www.muyjujuy.com\\\/index.php\\\/author\\\/editor\\\/\"}]}<\/script>\n<!-- \/ Yoast SEO plugin. -->","yoast_head_json":{"title":"Provincia impulsa el proyecto multiprop\u00f3sito R\u00edo Grande Inferior para abastecer de agua al ramal - Muy Jujuy","description":"El proyecto multiprop\u00f3sito R\u00edo Grande Inferior es de vital importancia para potenciar el abastecimiento de agua para consumo humano.","robots":{"index":"index","follow":"follow","max-snippet":"max-snippet:-1","max-image-preview":"max-image-preview:large","max-video-preview":"max-video-preview:-1"},"canonical":"https:\/\/www.muyjujuy.com\/index.php\/2022\/10\/26\/provincia-impulsa-el-proyecto-multiproposito-rio-grande-inferior-para-abastecer-de-agua-al-ramal\/","og_locale":"es_ES","og_type":"article","og_title":"Provincia impulsa el proyecto multiprop\u00f3sito R\u00edo Grande Inferior para abastecer de agua al ramal - Muy Jujuy","og_description":"El proyecto multiprop\u00f3sito R\u00edo Grande Inferior es de vital importancia para potenciar el abastecimiento de agua para consumo humano.","og_url":"https:\/\/www.muyjujuy.com\/index.php\/2022\/10\/26\/provincia-impulsa-el-proyecto-multiproposito-rio-grande-inferior-para-abastecer-de-agua-al-ramal\/","og_site_name":"Muy Jujuy","article_publisher":"https:\/\/www.facebook.com\/muyjujuycom","article_published_time":"2022-10-26T16:35:03+00:00","og_image":[{"width":1200,"height":800,"url":"https:\/\/www.muyjujuy.com\/wp-content\/uploads\/2022\/10\/WhatsApp-Image-2022-10-26-at-13.29.18.jpeg","type":"image\/jpeg"}],"author":"Redacci\u00f3n Muy Jujuy","twitter_card":"summary_large_image","twitter_creator":"@muyjujuy","twitter_site":"@muyjujuy","twitter_misc":{"Escrito por":"Redacci\u00f3n Muy Jujuy","Tiempo de lectura":"2 minutos"},"schema":{"@context":"https:\/\/schema.org","@graph":[{"@type":"Article","@id":"https:\/\/www.muyjujuy.com\/index.php\/2022\/10\/26\/provincia-impulsa-el-proyecto-multiproposito-rio-grande-inferior-para-abastecer-de-agua-al-ramal\/#article","isPartOf":{"@id":"https:\/\/www.muyjujuy.com\/index.php\/2022\/10\/26\/provincia-impulsa-el-proyecto-multiproposito-rio-grande-inferior-para-abastecer-de-agua-al-ramal\/"},"author":{"name":"Redacci\u00f3n Muy Jujuy","@id":"https:\/\/www.muyjujuy.com\/#\/schema\/person\/1d0f6e223ccea9e3f9034c1a5b683bf2"},"headline":"Provincia impulsa el proyecto multiprop\u00f3sito R\u00edo Grande Inferior para abastecer de agua al ramal","datePublished":"2022-10-26T16:35:03+00:00","mainEntityOfPage":{"@id":"https:\/\/www.muyjujuy.com\/index.php\/2022\/10\/26\/provincia-impulsa-el-proyecto-multiproposito-rio-grande-inferior-para-abastecer-de-agua-al-ramal\/"},"wordCount":314,"commentCount":0,"publisher":{"@id":"https:\/\/www.muyjujuy.com\/#organization"},"image":{"@id":"https:\/\/www.muyjujuy.com\/index.php\/2022\/10\/26\/provincia-impulsa-el-proyecto-multiproposito-rio-grande-inferior-para-abastecer-de-agua-al-ramal\/#primaryimage"},"thumbnailUrl":"https:\/\/www.muyjujuy.com\/wp-content\/uploads\/2022\/10\/WhatsApp-Image-2022-10-26-at-13.29.18.jpeg","keywords":["Gerardo Morales","Jujuy"],"articleSection":["Pol\u00edtica"],"inLanguage":"es-AR","potentialAction":[{"@type":"CommentAction","name":"Comment","target":["https:\/\/www.muyjujuy.com\/index.php\/2022\/10\/26\/provincia-impulsa-el-proyecto-multiproposito-rio-grande-inferior-para-abastecer-de-agua-al-ramal\/#respond"]}]},{"@type":"WebPage","@id":"https:\/\/www.muyjujuy.com\/index.php\/2022\/10\/26\/provincia-impulsa-el-proyecto-multiproposito-rio-grande-inferior-para-abastecer-de-agua-al-ramal\/","url":"https:\/\/www.muyjujuy.com\/index.php\/2022\/10\/26\/provincia-impulsa-el-proyecto-multiproposito-rio-grande-inferior-para-abastecer-de-agua-al-ramal\/","name":"Provincia impulsa el proyecto multiprop\u00f3sito R\u00edo Grande Inferior para abastecer de agua al ramal - Muy Jujuy","isPartOf":{"@id":"https:\/\/www.muyjujuy.com\/#website"},"primaryImageOfPage":{"@id":"https:\/\/www.muyjujuy.com\/index.php\/2022\/10\/26\/provincia-impulsa-el-proyecto-multiproposito-rio-grande-inferior-para-abastecer-de-agua-al-ramal\/#primaryimage"},"image":{"@id":"https:\/\/www.muyjujuy.com\/index.php\/2022\/10\/26\/provincia-impulsa-el-proyecto-multiproposito-rio-grande-inferior-para-abastecer-de-agua-al-ramal\/#primaryimage"},"thumbnailUrl":"https:\/\/www.muyjujuy.com\/wp-content\/uploads\/2022\/10\/WhatsApp-Image-2022-10-26-at-13.29.18.jpeg","datePublished":"2022-10-26T16:35:03+00:00","description":"El proyecto multiprop\u00f3sito R\u00edo Grande Inferior es de vital importancia para potenciar el abastecimiento de agua para consumo humano.","breadcrumb":{"@id":"https:\/\/www.muyjujuy.com\/index.php\/2022\/10\/26\/provincia-impulsa-el-proyecto-multiproposito-rio-grande-inferior-para-abastecer-de-agua-al-ramal\/#breadcrumb"},"inLanguage":"es-AR","potentialAction":[{"@type":"ReadAction","target":["https:\/\/www.muyjujuy.com\/index.php\/2022\/10\/26\/provincia-impulsa-el-proyecto-multiproposito-rio-grande-inferior-para-abastecer-de-agua-al-ramal\/"]}]},{"@type":"ImageObject","inLanguage":"es-AR","@id":"https:\/\/www.muyjujuy.com\/index.php\/2022\/10\/26\/provincia-impulsa-el-proyecto-multiproposito-rio-grande-inferior-para-abastecer-de-agua-al-ramal\/#primaryimage","url":"https:\/\/www.muyjujuy.com\/wp-content\/uploads\/2022\/10\/WhatsApp-Image-2022-10-26-at-13.29.18.jpeg","contentUrl":"https:\/\/www.muyjujuy.com\/wp-content\/uploads\/2022\/10\/WhatsApp-Image-2022-10-26-at-13.29.18.jpeg","width":1200,"height":800},{"@type":"BreadcrumbList","@id":"https:\/\/www.muyjujuy.com\/index.php\/2022\/10\/26\/provincia-impulsa-el-proyecto-multiproposito-rio-grande-inferior-para-abastecer-de-agua-al-ramal\/#breadcrumb","itemListElement":[{"@type":"ListItem","position":1,"name":"Inicio","item":"https:\/\/www.muyjujuy.com\/"},{"@type":"ListItem","position":2,"name":"Provincia impulsa el proyecto multiprop\u00f3sito R\u00edo Grande Inferior para abastecer de agua al ramal"}]},{"@type":"WebSite","@id":"https:\/\/www.muyjujuy.com\/#website","url":"https:\/\/www.muyjujuy.com\/","name":"Muy Jujuy","description":"","publisher":{"@id":"https:\/\/www.muyjujuy.com\/#organization"},"potentialAction":[{"@type":"SearchAction","target":{"@type":"EntryPoint","urlTemplate":"https:\/\/www.muyjujuy.com\/?s={search_term_string}"},"query-input":{"@type":"PropertyValueSpecification","valueRequired":true,"valueName":"search_term_string"}}],"inLanguage":"es-AR"},{"@type":"Organization","@id":"https:\/\/www.muyjujuy.com\/#organization","name":"Muy Jujuy","url":"https:\/\/www.muyjujuy.com\/","logo":{"@type":"ImageObject","inLanguage":"es-AR","@id":"https:\/\/www.muyjujuy.com\/#\/schema\/logo\/image\/","url":"http:\/\/www.muyjujuy.com\/wp-content\/uploads\/2022\/05\/logo-mobil-jujuy.png","contentUrl":"http:\/\/www.muyjujuy.com\/wp-content\/uploads\/2022\/05\/logo-mobil-jujuy.png","width":174,"height":81,"caption":"Muy Jujuy"},"image":{"@id":"https:\/\/www.muyjujuy.com\/#\/schema\/logo\/image\/"},"sameAs":["https:\/\/www.facebook.com\/muyjujuycom","https:\/\/x.com\/muyjujuy","https:\/\/www.instagram.com\/muyjujuycom"]},{"@type":"Person","@id":"https:\/\/www.muyjujuy.com\/#\/schema\/person\/1d0f6e223ccea9e3f9034c1a5b683bf2","name":"Redacci\u00f3n Muy Jujuy","image":{"@type":"ImageObject","inLanguage":"es-AR","@id":"https:\/\/secure.gravatar.com\/avatar\/fec5f6f1893d741ed5eecccff109ce43e67a855411202a3212a058cb8e5c27d4?s=96&d=mm&r=g","url":"https:\/\/secure.gravatar.com\/avatar\/fec5f6f1893d741ed5eecccff109ce43e67a855411202a3212a058cb8e5c27d4?s=96&d=mm&r=g","contentUrl":"https:\/\/secure.gravatar.com\/avatar\/fec5f6f1893d741ed5eecccff109ce43e67a855411202a3212a058cb8e5c27d4?s=96&d=mm&r=g","caption":"Redacci\u00f3n Muy Jujuy"},"url":"https:\/\/www.muyjujuy.com\/index.php\/author\/editor\/"}]}},"_links":{"self":[{"href":"https:\/\/www.muyjujuy.com\/index.php\/wp-json\/wp\/v2\/posts\/1882","targetHints":{"allow":["GET"]}}],"collection":[{"href":"https:\/\/www.muyjujuy.com\/index.php\/wp-json\/wp\/v2\/posts"}],"about":[{"href":"https:\/\/www.muyjujuy.com\/index.php\/wp-json\/wp\/v2\/types\/post"}],"author":[{"embeddable":true,"href":"https:\/\/www.muyjujuy.com\/index.php\/wp-json\/wp\/v2\/users\/3"}],"replies":[{"embeddable":true,"href":"https:\/\/www.muyjujuy.com\/index.php\/wp-json\/wp\/v2\/comments?post=1882"}],"version-history":[{"count":1,"href":"https:\/\/www.muyjujuy.com\/index.php\/wp-json\/wp\/v2\/posts\/1882\/revisions"}],"predecessor-version":[{"id":1884,"href":"https:\/\/www.muyjujuy.com\/index.php\/wp-json\/wp\/v2\/posts\/1882\/revisions\/1884"}],"wp:featuredmedia":[{"embeddable":true,"href":"https:\/\/www.muyjujuy.com\/index.php\/wp-json\/wp\/v2\/media\/1883"}],"wp:attachment":[{"href":"https:\/\/www.muyjujuy.com\/index.php\/wp-json\/wp\/v2\/media?parent=1882"}],"wp:term":[{"taxonomy":"category","embeddable":true,"href":"https:\/\/www.muyjujuy.com\/index.php\/wp-json\/wp\/v2\/categories?post=1882"},{"taxonomy":"post_tag","embeddable":true,"href":"https:\/\/www.muyjujuy.com\/index.php\/wp-json\/wp\/v2\/tags?post=1882"}],"curies":[{"name":"wp","href":"https:\/\/api.w.org\/{rel}","templated":true}]}}