{"id":1904,"date":"2022-10-28T15:04:01","date_gmt":"2022-10-28T18:04:01","guid":{"rendered":"https:\/\/www.muyjujuy.com\/?p=1904"},"modified":"2022-10-28T15:04:03","modified_gmt":"2022-10-28T18:04:03","slug":"covid-19-en-jujuy-comenzo-la-vacunacion-con-quinta-dosis","status":"publish","type":"post","link":"https:\/\/www.muyjujuy.com\/index.php\/2022\/10\/28\/covid-19-en-jujuy-comenzo-la-vacunacion-con-quinta-dosis\/","title":{"rendered":"Covid-19 en Jujuy: comenz\u00f3 la vacunaci\u00f3n con quinta dosis"},"content":{"rendered":"\n<p><em>El Ejecutivo provincial anunci\u00f3 que el martes 1 de noviembre comienza la vacunaci\u00f3n con la quinta dosis para Covid-19<\/em>.<\/p>\n\n\n\n<p>El Gobierno de Jujuy inform\u00f3 que <strong>desde el martes 1 de noviembre toda persona desde los 18 a\u00f1os de edad en adelante podr\u00e1 recibir el tercer refuerzo de vacunas en respuesta al Covid-19<\/strong>. Siempre y cuando hayan transcurrido 120 d\u00edas (4 meses) desde la aplicaci\u00f3n del segundo refuerzo.<\/p>\n\n\n\n<p>En tanto, en el caso de las personas que hayan cursado Covid-19 en el \u00faltimo tiempo <strong>se indica aguardar 90 d\u00edas (3 meses) desde el alta cl\u00ednica y epidemiol\u00f3gica para recibir la tercera dosis de refuerzo.<\/strong><\/p>\n\n\n\n<p>La vacunaci\u00f3n es una de las herramientas clave para contener la pandemia de Covid- 10. <strong>Permite reducir formas graves de la enfermedad, minimizar el n\u00famero de internaciones y con ello, los casos fatales. <\/strong>El acceso a las vacunas es gratuito y no requiere tr\u00e1mites previos, siendo un derecho imprescindible para el cuidado de la salud individual y colectiva.<\/p>\n\n\n\n<p>Para la vacunaci\u00f3n se debe concurrir a los vacunatorios habilitados en capital e interior con DNI en caso de primera dosis. En tanto para la segunda dosis, dosis adiciona y los refuerzos se debe asistir con DNI y carnet.<strong> Se debe cumplir con los intervalos m\u00ednimos recomendados.\u00a0<\/strong><\/p>\n\n\n\n<p>Asimismo se recuerda que las vacunas en respuesta al Covid-19 se indican en beb\u00e9s de 6 meses a 3 a\u00f1os, ni\u00f1as y ni\u00f1os de 3 a 11 a\u00f1os de edad, adolescentes de 12 a 17 a\u00f1os, mayores de 18 a\u00f1os en adelante, embarazadas en cualquier momento de la gestaci\u00f3n y personas con discapacidad.<\/p>\n\n\n\n<h3 class=\"wp-block-heading\"><strong>Plan Estrat\u00e9gico de vacunaci\u00f3n Covid-19<\/strong><\/h3>\n\n\n\n<p>La vacunaci\u00f3n frente al CCovid-19 se realiza de manera continua desde diciembre de 2020 en Jujuy. A la fecha, se aplicaron en total 1.811.731 dosis, siendo 701.650 las personas con esquema completo mientras suman 80.697 las que a\u00fan deben aplicarse segunda dosis.<\/p>\n\n\n\n<p> En tanto, 345.087 juje\u00f1as y juje\u00f1os cuentan ya con primer refuerzo y 80.665 con segundo refuerzo de las vacunas disponibles.<\/p>\n\n\n\n<p><\/p>\n","protected":false},"excerpt":{"rendered":"<p>El Ejecutivo provincial anunci\u00f3 que el martes 1 de noviembre comienza la vacunaci\u00f3n con la quinta dosis para Covid-19. El Gobierno de Jujuy inform\u00f3 que desde el martes 1 de noviembre toda persona desde los 18 a\u00f1os de edad en adelante podr\u00e1 recibir el tercer refuerzo de vacunas en respuesta al Covid-19. Siempre y cuando [&hellip;]<\/p>\n","protected":false},"author":3,"featured_media":1905,"comment_status":"open","ping_status":"open","sticky":false,"template":"","format":"standard","meta":{"footnotes":""},"categories":[25],"tags":[724,8],"class_list":{"0":"post-1904","1":"post","2":"type-post","3":"status-publish","4":"format-standard","5":"has-post-thumbnail","7":"category-sociedad","8":"tag-covid-19","9":"tag-jujuy"},"yoast_head":"<!-- This site is optimized with the Yoast SEO plugin v27.5 - https:\/\/yoast.com\/product\/yoast-seo-wordpress\/ -->\n<title>Covid-19 en Jujuy: comenz\u00f3 la vacunaci\u00f3n con quinta dosis - Muy Jujuy<\/title>\n<meta name=\"description\" content=\"El Ejecutivo provincial anunci\u00f3 que el martes 1 de noviembre comienza la vacunaci\u00f3n con la quinta dosis para Covid-19.\" \/>\n<meta name=\"robots\" content=\"index, follow, max-snippet:-1, max-image-preview:large, max-video-preview:-1\" \/>\n<link rel=\"canonical\" href=\"https:\/\/www.muyjujuy.com\/index.php\/2022\/10\/28\/covid-19-en-jujuy-comenzo-la-vacunacion-con-quinta-dosis\/\" \/>\n<meta property=\"og:locale\" content=\"es_ES\" \/>\n<meta property=\"og:type\" content=\"article\" \/>\n<meta property=\"og:title\" content=\"Covid-19 en Jujuy: comenz\u00f3 la vacunaci\u00f3n con quinta dosis - Muy Jujuy\" \/>\n<meta property=\"og:description\" content=\"El Ejecutivo provincial anunci\u00f3 que el martes 1 de noviembre comienza la vacunaci\u00f3n con la quinta dosis para Covid-19.\" \/>\n<meta property=\"og:url\" content=\"https:\/\/www.muyjujuy.com\/index.php\/2022\/10\/28\/covid-19-en-jujuy-comenzo-la-vacunacion-con-quinta-dosis\/\" \/>\n<meta property=\"og:site_name\" content=\"Muy Jujuy\" \/>\n<meta property=\"article:publisher\" content=\"https:\/\/www.facebook.com\/muyjujuycom\" \/>\n<meta property=\"article:published_time\" content=\"2022-10-28T18:04:01+00:00\" \/>\n<meta property=\"article:modified_time\" content=\"2022-10-28T18:04:03+00:00\" \/>\n<meta property=\"og:image\" content=\"https:\/\/www.muyjujuy.com\/wp-content\/uploads\/2022\/10\/vacunacion-covid-jujuy.jpg\" \/>\n\t<meta property=\"og:image:width\" content=\"1200\" \/>\n\t<meta property=\"og:image:height\" content=\"801\" \/>\n\t<meta property=\"og:image:type\" content=\"image\/jpeg\" \/>\n<meta name=\"author\" content=\"Redacci\u00f3n Muy Jujuy\" \/>\n<meta name=\"twitter:card\" content=\"summary_large_image\" \/>\n<meta name=\"twitter:creator\" content=\"@muyjujuy\" \/>\n<meta name=\"twitter:site\" content=\"@muyjujuy\" \/>\n<meta name=\"twitter:label1\" content=\"Escrito por\" \/>\n\t<meta name=\"twitter:data1\" content=\"Redacci\u00f3n Muy Jujuy\" \/>\n\t<meta name=\"twitter:label2\" content=\"Tiempo de lectura\" \/>\n\t<meta name=\"twitter:data2\" content=\"2 minutos\" \/>\n<script type=\"application\/ld+json\" class=\"yoast-schema-graph\">{\"@context\":\"https:\\\/\\\/schema.org\",\"@graph\":[{\"@type\":\"Article\",\"@id\":\"https:\\\/\\\/www.muyjujuy.com\\\/index.php\\\/2022\\\/10\\\/28\\\/covid-19-en-jujuy-comenzo-la-vacunacion-con-quinta-dosis\\\/#article\",\"isPartOf\":{\"@id\":\"https:\\\/\\\/www.muyjujuy.com\\\/index.php\\\/2022\\\/10\\\/28\\\/covid-19-en-jujuy-comenzo-la-vacunacion-con-quinta-dosis\\\/\"},\"author\":{\"name\":\"Redacci\u00f3n Muy Jujuy\",\"@id\":\"https:\\\/\\\/www.muyjujuy.com\\\/#\\\/schema\\\/person\\\/1d0f6e223ccea9e3f9034c1a5b683bf2\"},\"headline\":\"Covid-19 en Jujuy: comenz\u00f3 la vacunaci\u00f3n con quinta dosis\",\"datePublished\":\"2022-10-28T18:04:01+00:00\",\"dateModified\":\"2022-10-28T18:04:03+00:00\",\"mainEntityOfPage\":{\"@id\":\"https:\\\/\\\/www.muyjujuy.com\\\/index.php\\\/2022\\\/10\\\/28\\\/covid-19-en-jujuy-comenzo-la-vacunacion-con-quinta-dosis\\\/\"},\"wordCount\":343,\"commentCount\":0,\"publisher\":{\"@id\":\"https:\\\/\\\/www.muyjujuy.com\\\/#organization\"},\"image\":{\"@id\":\"https:\\\/\\\/www.muyjujuy.com\\\/index.php\\\/2022\\\/10\\\/28\\\/covid-19-en-jujuy-comenzo-la-vacunacion-con-quinta-dosis\\\/#primaryimage\"},\"thumbnailUrl\":\"https:\\\/\\\/www.muyjujuy.com\\\/wp-content\\\/uploads\\\/2022\\\/10\\\/vacunacion-covid-jujuy.jpg\",\"keywords\":[\"Covid-19\",\"Jujuy\"],\"articleSection\":[\"Sociedad\"],\"inLanguage\":\"es-AR\",\"potentialAction\":[{\"@type\":\"CommentAction\",\"name\":\"Comment\",\"target\":[\"https:\\\/\\\/www.muyjujuy.com\\\/index.php\\\/2022\\\/10\\\/28\\\/covid-19-en-jujuy-comenzo-la-vacunacion-con-quinta-dosis\\\/#respond\"]}]},{\"@type\":\"WebPage\",\"@id\":\"https:\\\/\\\/www.muyjujuy.com\\\/index.php\\\/2022\\\/10\\\/28\\\/covid-19-en-jujuy-comenzo-la-vacunacion-con-quinta-dosis\\\/\",\"url\":\"https:\\\/\\\/www.muyjujuy.com\\\/index.php\\\/2022\\\/10\\\/28\\\/covid-19-en-jujuy-comenzo-la-vacunacion-con-quinta-dosis\\\/\",\"name\":\"Covid-19 en Jujuy: comenz\u00f3 la vacunaci\u00f3n con quinta dosis - Muy Jujuy\",\"isPartOf\":{\"@id\":\"https:\\\/\\\/www.muyjujuy.com\\\/#website\"},\"primaryImageOfPage\":{\"@id\":\"https:\\\/\\\/www.muyjujuy.com\\\/index.php\\\/2022\\\/10\\\/28\\\/covid-19-en-jujuy-comenzo-la-vacunacion-con-quinta-dosis\\\/#primaryimage\"},\"image\":{\"@id\":\"https:\\\/\\\/www.muyjujuy.com\\\/index.php\\\/2022\\\/10\\\/28\\\/covid-19-en-jujuy-comenzo-la-vacunacion-con-quinta-dosis\\\/#primaryimage\"},\"thumbnailUrl\":\"https:\\\/\\\/www.muyjujuy.com\\\/wp-content\\\/uploads\\\/2022\\\/10\\\/vacunacion-covid-jujuy.jpg\",\"datePublished\":\"2022-10-28T18:04:01+00:00\",\"dateModified\":\"2022-10-28T18:04:03+00:00\",\"description\":\"El Ejecutivo provincial anunci\u00f3 que el martes 1 de noviembre comienza la vacunaci\u00f3n con la quinta dosis para Covid-19.\",\"breadcrumb\":{\"@id\":\"https:\\\/\\\/www.muyjujuy.com\\\/index.php\\\/2022\\\/10\\\/28\\\/covid-19-en-jujuy-comenzo-la-vacunacion-con-quinta-dosis\\\/#breadcrumb\"},\"inLanguage\":\"es-AR\",\"potentialAction\":[{\"@type\":\"ReadAction\",\"target\":[\"https:\\\/\\\/www.muyjujuy.com\\\/index.php\\\/2022\\\/10\\\/28\\\/covid-19-en-jujuy-comenzo-la-vacunacion-con-quinta-dosis\\\/\"]}]},{\"@type\":\"ImageObject\",\"inLanguage\":\"es-AR\",\"@id\":\"https:\\\/\\\/www.muyjujuy.com\\\/index.php\\\/2022\\\/10\\\/28\\\/covid-19-en-jujuy-comenzo-la-vacunacion-con-quinta-dosis\\\/#primaryimage\",\"url\":\"https:\\\/\\\/www.muyjujuy.com\\\/wp-content\\\/uploads\\\/2022\\\/10\\\/vacunacion-covid-jujuy.jpg\",\"contentUrl\":\"https:\\\/\\\/www.muyjujuy.com\\\/wp-content\\\/uploads\\\/2022\\\/10\\\/vacunacion-covid-jujuy.jpg\",\"width\":1200,\"height\":801},{\"@type\":\"BreadcrumbList\",\"@id\":\"https:\\\/\\\/www.muyjujuy.com\\\/index.php\\\/2022\\\/10\\\/28\\\/covid-19-en-jujuy-comenzo-la-vacunacion-con-quinta-dosis\\\/#breadcrumb\",\"itemListElement\":[{\"@type\":\"ListItem\",\"position\":1,\"name\":\"Inicio\",\"item\":\"https:\\\/\\\/www.muyjujuy.com\\\/\"},{\"@type\":\"ListItem\",\"position\":2,\"name\":\"Covid-19 en Jujuy: comenz\u00f3 la vacunaci\u00f3n con quinta dosis\"}]},{\"@type\":\"WebSite\",\"@id\":\"https:\\\/\\\/www.muyjujuy.com\\\/#website\",\"url\":\"https:\\\/\\\/www.muyjujuy.com\\\/\",\"name\":\"Muy Jujuy\",\"description\":\"\",\"publisher\":{\"@id\":\"https:\\\/\\\/www.muyjujuy.com\\\/#organization\"},\"potentialAction\":[{\"@type\":\"SearchAction\",\"target\":{\"@type\":\"EntryPoint\",\"urlTemplate\":\"https:\\\/\\\/www.muyjujuy.com\\\/?s={search_term_string}\"},\"query-input\":{\"@type\":\"PropertyValueSpecification\",\"valueRequired\":true,\"valueName\":\"search_term_string\"}}],\"inLanguage\":\"es-AR\"},{\"@type\":\"Organization\",\"@id\":\"https:\\\/\\\/www.muyjujuy.com\\\/#organization\",\"name\":\"Muy Jujuy\",\"url\":\"https:\\\/\\\/www.muyjujuy.com\\\/\",\"logo\":{\"@type\":\"ImageObject\",\"inLanguage\":\"es-AR\",\"@id\":\"https:\\\/\\\/www.muyjujuy.com\\\/#\\\/schema\\\/logo\\\/image\\\/\",\"url\":\"http:\\\/\\\/www.muyjujuy.com\\\/wp-content\\\/uploads\\\/2022\\\/05\\\/logo-mobil-jujuy.png\",\"contentUrl\":\"http:\\\/\\\/www.muyjujuy.com\\\/wp-content\\\/uploads\\\/2022\\\/05\\\/logo-mobil-jujuy.png\",\"width\":174,\"height\":81,\"caption\":\"Muy Jujuy\"},\"image\":{\"@id\":\"https:\\\/\\\/www.muyjujuy.com\\\/#\\\/schema\\\/logo\\\/image\\\/\"},\"sameAs\":[\"https:\\\/\\\/www.facebook.com\\\/muyjujuycom\",\"https:\\\/\\\/x.com\\\/muyjujuy\",\"https:\\\/\\\/www.instagram.com\\\/muyjujuycom\"]},{\"@type\":\"Person\",\"@id\":\"https:\\\/\\\/www.muyjujuy.com\\\/#\\\/schema\\\/person\\\/1d0f6e223ccea9e3f9034c1a5b683bf2\",\"name\":\"Redacci\u00f3n Muy Jujuy\",\"image\":{\"@type\":\"ImageObject\",\"inLanguage\":\"es-AR\",\"@id\":\"https:\\\/\\\/secure.gravatar.com\\\/avatar\\\/fec5f6f1893d741ed5eecccff109ce43e67a855411202a3212a058cb8e5c27d4?s=96&d=mm&r=g\",\"url\":\"https:\\\/\\\/secure.gravatar.com\\\/avatar\\\/fec5f6f1893d741ed5eecccff109ce43e67a855411202a3212a058cb8e5c27d4?s=96&d=mm&r=g\",\"contentUrl\":\"https:\\\/\\\/secure.gravatar.com\\\/avatar\\\/fec5f6f1893d741ed5eecccff109ce43e67a855411202a3212a058cb8e5c27d4?s=96&d=mm&r=g\",\"caption\":\"Redacci\u00f3n Muy Jujuy\"},\"url\":\"https:\\\/\\\/www.muyjujuy.com\\\/index.php\\\/author\\\/editor\\\/\"}]}<\/script>\n<!-- \/ Yoast SEO plugin. -->","yoast_head_json":{"title":"Covid-19 en Jujuy: comenz\u00f3 la vacunaci\u00f3n con quinta dosis - Muy Jujuy","description":"El Ejecutivo provincial anunci\u00f3 que el martes 1 de noviembre comienza la vacunaci\u00f3n con la quinta dosis para Covid-19.","robots":{"index":"index","follow":"follow","max-snippet":"max-snippet:-1","max-image-preview":"max-image-preview:large","max-video-preview":"max-video-preview:-1"},"canonical":"https:\/\/www.muyjujuy.com\/index.php\/2022\/10\/28\/covid-19-en-jujuy-comenzo-la-vacunacion-con-quinta-dosis\/","og_locale":"es_ES","og_type":"article","og_title":"Covid-19 en Jujuy: comenz\u00f3 la vacunaci\u00f3n con quinta dosis - Muy Jujuy","og_description":"El Ejecutivo provincial anunci\u00f3 que el martes 1 de noviembre comienza la vacunaci\u00f3n con la quinta dosis para Covid-19.","og_url":"https:\/\/www.muyjujuy.com\/index.php\/2022\/10\/28\/covid-19-en-jujuy-comenzo-la-vacunacion-con-quinta-dosis\/","og_site_name":"Muy Jujuy","article_publisher":"https:\/\/www.facebook.com\/muyjujuycom","article_published_time":"2022-10-28T18:04:01+00:00","article_modified_time":"2022-10-28T18:04:03+00:00","og_image":[{"width":1200,"height":801,"url":"https:\/\/www.muyjujuy.com\/wp-content\/uploads\/2022\/10\/vacunacion-covid-jujuy.jpg","type":"image\/jpeg"}],"author":"Redacci\u00f3n Muy Jujuy","twitter_card":"summary_large_image","twitter_creator":"@muyjujuy","twitter_site":"@muyjujuy","twitter_misc":{"Escrito por":"Redacci\u00f3n Muy Jujuy","Tiempo de lectura":"2 minutos"},"schema":{"@context":"https:\/\/schema.org","@graph":[{"@type":"Article","@id":"https:\/\/www.muyjujuy.com\/index.php\/2022\/10\/28\/covid-19-en-jujuy-comenzo-la-vacunacion-con-quinta-dosis\/#article","isPartOf":{"@id":"https:\/\/www.muyjujuy.com\/index.php\/2022\/10\/28\/covid-19-en-jujuy-comenzo-la-vacunacion-con-quinta-dosis\/"},"author":{"name":"Redacci\u00f3n Muy Jujuy","@id":"https:\/\/www.muyjujuy.com\/#\/schema\/person\/1d0f6e223ccea9e3f9034c1a5b683bf2"},"headline":"Covid-19 en Jujuy: comenz\u00f3 la vacunaci\u00f3n con quinta dosis","datePublished":"2022-10-28T18:04:01+00:00","dateModified":"2022-10-28T18:04:03+00:00","mainEntityOfPage":{"@id":"https:\/\/www.muyjujuy.com\/index.php\/2022\/10\/28\/covid-19-en-jujuy-comenzo-la-vacunacion-con-quinta-dosis\/"},"wordCount":343,"commentCount":0,"publisher":{"@id":"https:\/\/www.muyjujuy.com\/#organization"},"image":{"@id":"https:\/\/www.muyjujuy.com\/index.php\/2022\/10\/28\/covid-19-en-jujuy-comenzo-la-vacunacion-con-quinta-dosis\/#primaryimage"},"thumbnailUrl":"https:\/\/www.muyjujuy.com\/wp-content\/uploads\/2022\/10\/vacunacion-covid-jujuy.jpg","keywords":["Covid-19","Jujuy"],"articleSection":["Sociedad"],"inLanguage":"es-AR","potentialAction":[{"@type":"CommentAction","name":"Comment","target":["https:\/\/www.muyjujuy.com\/index.php\/2022\/10\/28\/covid-19-en-jujuy-comenzo-la-vacunacion-con-quinta-dosis\/#respond"]}]},{"@type":"WebPage","@id":"https:\/\/www.muyjujuy.com\/index.php\/2022\/10\/28\/covid-19-en-jujuy-comenzo-la-vacunacion-con-quinta-dosis\/","url":"https:\/\/www.muyjujuy.com\/index.php\/2022\/10\/28\/covid-19-en-jujuy-comenzo-la-vacunacion-con-quinta-dosis\/","name":"Covid-19 en Jujuy: comenz\u00f3 la vacunaci\u00f3n con quinta dosis - Muy Jujuy","isPartOf":{"@id":"https:\/\/www.muyjujuy.com\/#website"},"primaryImageOfPage":{"@id":"https:\/\/www.muyjujuy.com\/index.php\/2022\/10\/28\/covid-19-en-jujuy-comenzo-la-vacunacion-con-quinta-dosis\/#primaryimage"},"image":{"@id":"https:\/\/www.muyjujuy.com\/index.php\/2022\/10\/28\/covid-19-en-jujuy-comenzo-la-vacunacion-con-quinta-dosis\/#primaryimage"},"thumbnailUrl":"https:\/\/www.muyjujuy.com\/wp-content\/uploads\/2022\/10\/vacunacion-covid-jujuy.jpg","datePublished":"2022-10-28T18:04:01+00:00","dateModified":"2022-10-28T18:04:03+00:00","description":"El Ejecutivo provincial anunci\u00f3 que el martes 1 de noviembre comienza la vacunaci\u00f3n con la quinta dosis para Covid-19.","breadcrumb":{"@id":"https:\/\/www.muyjujuy.com\/index.php\/2022\/10\/28\/covid-19-en-jujuy-comenzo-la-vacunacion-con-quinta-dosis\/#breadcrumb"},"inLanguage":"es-AR","potentialAction":[{"@type":"ReadAction","target":["https:\/\/www.muyjujuy.com\/index.php\/2022\/10\/28\/covid-19-en-jujuy-comenzo-la-vacunacion-con-quinta-dosis\/"]}]},{"@type":"ImageObject","inLanguage":"es-AR","@id":"https:\/\/www.muyjujuy.com\/index.php\/2022\/10\/28\/covid-19-en-jujuy-comenzo-la-vacunacion-con-quinta-dosis\/#primaryimage","url":"https:\/\/www.muyjujuy.com\/wp-content\/uploads\/2022\/10\/vacunacion-covid-jujuy.jpg","contentUrl":"https:\/\/www.muyjujuy.com\/wp-content\/uploads\/2022\/10\/vacunacion-covid-jujuy.jpg","width":1200,"height":801},{"@type":"BreadcrumbList","@id":"https:\/\/www.muyjujuy.com\/index.php\/2022\/10\/28\/covid-19-en-jujuy-comenzo-la-vacunacion-con-quinta-dosis\/#breadcrumb","itemListElement":[{"@type":"ListItem","position":1,"name":"Inicio","item":"https:\/\/www.muyjujuy.com\/"},{"@type":"ListItem","position":2,"name":"Covid-19 en Jujuy: comenz\u00f3 la vacunaci\u00f3n con quinta dosis"}]},{"@type":"WebSite","@id":"https:\/\/www.muyjujuy.com\/#website","url":"https:\/\/www.muyjujuy.com\/","name":"Muy Jujuy","description":"","publisher":{"@id":"https:\/\/www.muyjujuy.com\/#organization"},"potentialAction":[{"@type":"SearchAction","target":{"@type":"EntryPoint","urlTemplate":"https:\/\/www.muyjujuy.com\/?s={search_term_string}"},"query-input":{"@type":"PropertyValueSpecification","valueRequired":true,"valueName":"search_term_string"}}],"inLanguage":"es-AR"},{"@type":"Organization","@id":"https:\/\/www.muyjujuy.com\/#organization","name":"Muy Jujuy","url":"https:\/\/www.muyjujuy.com\/","logo":{"@type":"ImageObject","inLanguage":"es-AR","@id":"https:\/\/www.muyjujuy.com\/#\/schema\/logo\/image\/","url":"http:\/\/www.muyjujuy.com\/wp-content\/uploads\/2022\/05\/logo-mobil-jujuy.png","contentUrl":"http:\/\/www.muyjujuy.com\/wp-content\/uploads\/2022\/05\/logo-mobil-jujuy.png","width":174,"height":81,"caption":"Muy Jujuy"},"image":{"@id":"https:\/\/www.muyjujuy.com\/#\/schema\/logo\/image\/"},"sameAs":["https:\/\/www.facebook.com\/muyjujuycom","https:\/\/x.com\/muyjujuy","https:\/\/www.instagram.com\/muyjujuycom"]},{"@type":"Person","@id":"https:\/\/www.muyjujuy.com\/#\/schema\/person\/1d0f6e223ccea9e3f9034c1a5b683bf2","name":"Redacci\u00f3n Muy Jujuy","image":{"@type":"ImageObject","inLanguage":"es-AR","@id":"https:\/\/secure.gravatar.com\/avatar\/fec5f6f1893d741ed5eecccff109ce43e67a855411202a3212a058cb8e5c27d4?s=96&d=mm&r=g","url":"https:\/\/secure.gravatar.com\/avatar\/fec5f6f1893d741ed5eecccff109ce43e67a855411202a3212a058cb8e5c27d4?s=96&d=mm&r=g","contentUrl":"https:\/\/secure.gravatar.com\/avatar\/fec5f6f1893d741ed5eecccff109ce43e67a855411202a3212a058cb8e5c27d4?s=96&d=mm&r=g","caption":"Redacci\u00f3n Muy Jujuy"},"url":"https:\/\/www.muyjujuy.com\/index.php\/author\/editor\/"}]}},"_links":{"self":[{"href":"https:\/\/www.muyjujuy.com\/index.php\/wp-json\/wp\/v2\/posts\/1904","targetHints":{"allow":["GET"]}}],"collection":[{"href":"https:\/\/www.muyjujuy.com\/index.php\/wp-json\/wp\/v2\/posts"}],"about":[{"href":"https:\/\/www.muyjujuy.com\/index.php\/wp-json\/wp\/v2\/types\/post"}],"author":[{"embeddable":true,"href":"https:\/\/www.muyjujuy.com\/index.php\/wp-json\/wp\/v2\/users\/3"}],"replies":[{"embeddable":true,"href":"https:\/\/www.muyjujuy.com\/index.php\/wp-json\/wp\/v2\/comments?post=1904"}],"version-history":[{"count":1,"href":"https:\/\/www.muyjujuy.com\/index.php\/wp-json\/wp\/v2\/posts\/1904\/revisions"}],"predecessor-version":[{"id":1906,"href":"https:\/\/www.muyjujuy.com\/index.php\/wp-json\/wp\/v2\/posts\/1904\/revisions\/1906"}],"wp:featuredmedia":[{"embeddable":true,"href":"https:\/\/www.muyjujuy.com\/index.php\/wp-json\/wp\/v2\/media\/1905"}],"wp:attachment":[{"href":"https:\/\/www.muyjujuy.com\/index.php\/wp-json\/wp\/v2\/media?parent=1904"}],"wp:term":[{"taxonomy":"category","embeddable":true,"href":"https:\/\/www.muyjujuy.com\/index.php\/wp-json\/wp\/v2\/categories?post=1904"},{"taxonomy":"post_tag","embeddable":true,"href":"https:\/\/www.muyjujuy.com\/index.php\/wp-json\/wp\/v2\/tags?post=1904"}],"curies":[{"name":"wp","href":"https:\/\/api.w.org\/{rel}","templated":true}]}}