{"id":1916,"date":"2022-10-31T17:45:44","date_gmt":"2022-10-31T20:45:44","guid":{"rendered":"https:\/\/www.muyjujuy.com\/?p=1916"},"modified":"2022-10-31T17:45:45","modified_gmt":"2022-10-31T20:45:45","slug":"morales-confirmo-que-jujuy-tendra-un-mayo-cupo-de-energia-electrica-subsidiada-en-verano","status":"publish","type":"post","link":"https:\/\/www.muyjujuy.com\/index.php\/2022\/10\/31\/morales-confirmo-que-jujuy-tendra-un-mayo-cupo-de-energia-electrica-subsidiada-en-verano\/","title":{"rendered":"Morales confirm\u00f3 que Jujuy tendr\u00e1 un mayor cupo de energ\u00eda el\u00e9ctrica subsidiada en verano"},"content":{"rendered":"\n<p><em>El Gobierno provincial confirm\u00f3 que la provincia va a tener un cupo mayor de energ\u00eda el\u00e9ctrica subsidiada en verano.<\/em><\/p>\n\n\n\n<p>El gobernador de Jujuy, <strong>Gerardo Morales,<\/strong> confirm\u00f3 que las jurisdicciones provinciales del Norte Grande acceder\u00e1n a un cupo mayor de energ\u00eda subsidiada en la temporada de verano. <\/p>\n\n\n\n<p>La medida fue adoptada por la <strong>Secretar\u00eda de Energ\u00eda<\/strong>, con posterioridad al contundente requerimiento formulado por los mandatarios provinciales de la regi\u00f3n ante el ministro de Econom\u00eda, <strong>Sergio Massa, <\/strong>en encuentro celebrado en Santiago del Estero.<br><br><strong>&#8220;Otro logro del Norte Grande&#8221;, <\/strong>enfatiz\u00f3 Morales al confirmar el objetivo cumplido por los gobernadores de Jujuy, Salta, Tucum\u00e1n, Santiago del Estero, Corrientes, Catamarca, Chaco, Formosa, San Juan, Misiones y La Rioja, de disponer de un cupo de energ\u00eda con subsidios mayor para usuarios de nivel 3 (N3) durante la temporada estival.<br><br>Tras ingentes gestiones cumplidas por los gobernadores del Norte Grande, la Secretar\u00eda de Energ\u00eda de la Naci\u00f3n emiti\u00f3 la Resoluci\u00f3n -2022-719-APN-SE#MEC, por la cual se avanza en concreto hacia la supresi\u00f3n de asimetr\u00edas que postergan el desarrollo de la regi\u00f3n, entre ellas los subsidios al servicio el\u00e9ctrico.<br><br>El prop\u00f3sito es morigerar el incremento de las tarifas en el curso de la temporada de verano que se aproxima, en especial del servicio el\u00e9ctrico. En consecuencia<strong>, el tope de consumo residencial para las provincias citadas, exclusivamente en los meses de noviembre de 2022 a febrero de 2023, incrementar\u00e1 a los consumos excedentes de 650 Kwh por mes.<\/strong><br><br>La disposici\u00f3n referida se plasm\u00f3 en un convenio que rubricaron los gobernadores de Jujuy, Gerardo Morales; Salta, Gustavo S\u00e1enz; Tucum\u00e1n, Osvaldo Jaldo; Catamarca, Ra\u00fal Jalil; Santiago del Estero, Gerardo Zamora; Misiones, Oscar Herrera Ahuad; Formosa, Gildo Insfr\u00e1n; de La Rioja, Ricardo Quintela; Corrientes, Gustavo Vald\u00e9s; Chaco, Jorge Capitanich; y a ellos se sum\u00f3 Sergio U\u00f1ac, de San Juan.<\/p>\n","protected":false},"excerpt":{"rendered":"<p>El Gobierno provincial confirm\u00f3 que la provincia va a tener un cupo mayor de energ\u00eda el\u00e9ctrica subsidiada en verano. El gobernador de Jujuy, Gerardo Morales, confirm\u00f3 que las jurisdicciones provinciales del Norte Grande acceder\u00e1n a un cupo mayor de energ\u00eda subsidiada en la temporada de verano. La medida fue adoptada por la Secretar\u00eda de Energ\u00eda, [&hellip;]<\/p>\n","protected":false},"author":3,"featured_media":1917,"comment_status":"open","ping_status":"open","sticky":false,"template":"","format":"standard","meta":{"footnotes":""},"categories":[24],"tags":[],"class_list":{"0":"post-1916","1":"post","2":"type-post","3":"status-publish","4":"format-standard","5":"has-post-thumbnail","7":"category-politica"},"yoast_head":"<!-- This site is optimized with the Yoast SEO plugin v27.5 - https:\/\/yoast.com\/product\/yoast-seo-wordpress\/ -->\n<title>Morales confirm\u00f3 que Jujuy tendr\u00e1 un mayor cupo de energ\u00eda el\u00e9ctrica subsidiada en verano - Muy Jujuy<\/title>\n<meta name=\"description\" content=\"El Gobierno provincial confirm\u00f3 que la provincia va a tener un cupo mayor de energ\u00eda el\u00e9ctrica subsidiada en verano.\" \/>\n<meta name=\"robots\" content=\"index, follow, max-snippet:-1, max-image-preview:large, max-video-preview:-1\" \/>\n<link rel=\"canonical\" href=\"https:\/\/www.muyjujuy.com\/index.php\/2022\/10\/31\/morales-confirmo-que-jujuy-tendra-un-mayo-cupo-de-energia-electrica-subsidiada-en-verano\/\" \/>\n<meta property=\"og:locale\" content=\"es_ES\" \/>\n<meta property=\"og:type\" content=\"article\" \/>\n<meta property=\"og:title\" content=\"Morales confirm\u00f3 que Jujuy tendr\u00e1 un mayor cupo de energ\u00eda el\u00e9ctrica subsidiada en verano - Muy Jujuy\" \/>\n<meta property=\"og:description\" content=\"El Gobierno provincial confirm\u00f3 que la provincia va a tener un cupo mayor de energ\u00eda el\u00e9ctrica subsidiada en verano.\" \/>\n<meta property=\"og:url\" content=\"https:\/\/www.muyjujuy.com\/index.php\/2022\/10\/31\/morales-confirmo-que-jujuy-tendra-un-mayo-cupo-de-energia-electrica-subsidiada-en-verano\/\" \/>\n<meta property=\"og:site_name\" content=\"Muy Jujuy\" \/>\n<meta property=\"article:publisher\" content=\"https:\/\/www.facebook.com\/muyjujuycom\" \/>\n<meta property=\"article:published_time\" content=\"2022-10-31T20:45:44+00:00\" \/>\n<meta property=\"article:modified_time\" content=\"2022-10-31T20:45:45+00:00\" \/>\n<meta property=\"og:image\" content=\"https:\/\/www.muyjujuy.com\/wp-content\/uploads\/2022\/10\/WhatsApp-Image-2022-10-31-at-17.44.07.jpeg\" \/>\n\t<meta property=\"og:image:width\" content=\"1200\" \/>\n\t<meta property=\"og:image:height\" content=\"800\" \/>\n\t<meta property=\"og:image:type\" content=\"image\/jpeg\" \/>\n<meta name=\"author\" content=\"Redacci\u00f3n Muy Jujuy\" \/>\n<meta name=\"twitter:card\" content=\"summary_large_image\" \/>\n<meta name=\"twitter:creator\" content=\"@muyjujuy\" \/>\n<meta name=\"twitter:site\" content=\"@muyjujuy\" \/>\n<meta name=\"twitter:label1\" content=\"Escrito por\" \/>\n\t<meta name=\"twitter:data1\" content=\"Redacci\u00f3n Muy Jujuy\" \/>\n\t<meta name=\"twitter:label2\" content=\"Tiempo de lectura\" \/>\n\t<meta name=\"twitter:data2\" content=\"2 minutos\" \/>\n<script type=\"application\/ld+json\" class=\"yoast-schema-graph\">{\"@context\":\"https:\\\/\\\/schema.org\",\"@graph\":[{\"@type\":\"Article\",\"@id\":\"https:\\\/\\\/www.muyjujuy.com\\\/index.php\\\/2022\\\/10\\\/31\\\/morales-confirmo-que-jujuy-tendra-un-mayo-cupo-de-energia-electrica-subsidiada-en-verano\\\/#article\",\"isPartOf\":{\"@id\":\"https:\\\/\\\/www.muyjujuy.com\\\/index.php\\\/2022\\\/10\\\/31\\\/morales-confirmo-que-jujuy-tendra-un-mayo-cupo-de-energia-electrica-subsidiada-en-verano\\\/\"},\"author\":{\"name\":\"Redacci\u00f3n Muy Jujuy\",\"@id\":\"https:\\\/\\\/www.muyjujuy.com\\\/#\\\/schema\\\/person\\\/1d0f6e223ccea9e3f9034c1a5b683bf2\"},\"headline\":\"Morales confirm\u00f3 que Jujuy tendr\u00e1 un mayor cupo de energ\u00eda el\u00e9ctrica subsidiada en verano\",\"datePublished\":\"2022-10-31T20:45:44+00:00\",\"dateModified\":\"2022-10-31T20:45:45+00:00\",\"mainEntityOfPage\":{\"@id\":\"https:\\\/\\\/www.muyjujuy.com\\\/index.php\\\/2022\\\/10\\\/31\\\/morales-confirmo-que-jujuy-tendra-un-mayo-cupo-de-energia-electrica-subsidiada-en-verano\\\/\"},\"wordCount\":339,\"commentCount\":0,\"publisher\":{\"@id\":\"https:\\\/\\\/www.muyjujuy.com\\\/#organization\"},\"image\":{\"@id\":\"https:\\\/\\\/www.muyjujuy.com\\\/index.php\\\/2022\\\/10\\\/31\\\/morales-confirmo-que-jujuy-tendra-un-mayo-cupo-de-energia-electrica-subsidiada-en-verano\\\/#primaryimage\"},\"thumbnailUrl\":\"https:\\\/\\\/www.muyjujuy.com\\\/wp-content\\\/uploads\\\/2022\\\/10\\\/WhatsApp-Image-2022-10-31-at-17.44.07.jpeg\",\"articleSection\":[\"Pol\u00edtica\"],\"inLanguage\":\"es-AR\",\"potentialAction\":[{\"@type\":\"CommentAction\",\"name\":\"Comment\",\"target\":[\"https:\\\/\\\/www.muyjujuy.com\\\/index.php\\\/2022\\\/10\\\/31\\\/morales-confirmo-que-jujuy-tendra-un-mayo-cupo-de-energia-electrica-subsidiada-en-verano\\\/#respond\"]}]},{\"@type\":\"WebPage\",\"@id\":\"https:\\\/\\\/www.muyjujuy.com\\\/index.php\\\/2022\\\/10\\\/31\\\/morales-confirmo-que-jujuy-tendra-un-mayo-cupo-de-energia-electrica-subsidiada-en-verano\\\/\",\"url\":\"https:\\\/\\\/www.muyjujuy.com\\\/index.php\\\/2022\\\/10\\\/31\\\/morales-confirmo-que-jujuy-tendra-un-mayo-cupo-de-energia-electrica-subsidiada-en-verano\\\/\",\"name\":\"Morales confirm\u00f3 que Jujuy tendr\u00e1 un mayor cupo de energ\u00eda el\u00e9ctrica subsidiada en verano - Muy Jujuy\",\"isPartOf\":{\"@id\":\"https:\\\/\\\/www.muyjujuy.com\\\/#website\"},\"primaryImageOfPage\":{\"@id\":\"https:\\\/\\\/www.muyjujuy.com\\\/index.php\\\/2022\\\/10\\\/31\\\/morales-confirmo-que-jujuy-tendra-un-mayo-cupo-de-energia-electrica-subsidiada-en-verano\\\/#primaryimage\"},\"image\":{\"@id\":\"https:\\\/\\\/www.muyjujuy.com\\\/index.php\\\/2022\\\/10\\\/31\\\/morales-confirmo-que-jujuy-tendra-un-mayo-cupo-de-energia-electrica-subsidiada-en-verano\\\/#primaryimage\"},\"thumbnailUrl\":\"https:\\\/\\\/www.muyjujuy.com\\\/wp-content\\\/uploads\\\/2022\\\/10\\\/WhatsApp-Image-2022-10-31-at-17.44.07.jpeg\",\"datePublished\":\"2022-10-31T20:45:44+00:00\",\"dateModified\":\"2022-10-31T20:45:45+00:00\",\"description\":\"El Gobierno provincial confirm\u00f3 que la provincia va a tener un cupo mayor de energ\u00eda el\u00e9ctrica subsidiada en verano.\",\"breadcrumb\":{\"@id\":\"https:\\\/\\\/www.muyjujuy.com\\\/index.php\\\/2022\\\/10\\\/31\\\/morales-confirmo-que-jujuy-tendra-un-mayo-cupo-de-energia-electrica-subsidiada-en-verano\\\/#breadcrumb\"},\"inLanguage\":\"es-AR\",\"potentialAction\":[{\"@type\":\"ReadAction\",\"target\":[\"https:\\\/\\\/www.muyjujuy.com\\\/index.php\\\/2022\\\/10\\\/31\\\/morales-confirmo-que-jujuy-tendra-un-mayo-cupo-de-energia-electrica-subsidiada-en-verano\\\/\"]}]},{\"@type\":\"ImageObject\",\"inLanguage\":\"es-AR\",\"@id\":\"https:\\\/\\\/www.muyjujuy.com\\\/index.php\\\/2022\\\/10\\\/31\\\/morales-confirmo-que-jujuy-tendra-un-mayo-cupo-de-energia-electrica-subsidiada-en-verano\\\/#primaryimage\",\"url\":\"https:\\\/\\\/www.muyjujuy.com\\\/wp-content\\\/uploads\\\/2022\\\/10\\\/WhatsApp-Image-2022-10-31-at-17.44.07.jpeg\",\"contentUrl\":\"https:\\\/\\\/www.muyjujuy.com\\\/wp-content\\\/uploads\\\/2022\\\/10\\\/WhatsApp-Image-2022-10-31-at-17.44.07.jpeg\",\"width\":1200,\"height\":800},{\"@type\":\"BreadcrumbList\",\"@id\":\"https:\\\/\\\/www.muyjujuy.com\\\/index.php\\\/2022\\\/10\\\/31\\\/morales-confirmo-que-jujuy-tendra-un-mayo-cupo-de-energia-electrica-subsidiada-en-verano\\\/#breadcrumb\",\"itemListElement\":[{\"@type\":\"ListItem\",\"position\":1,\"name\":\"Inicio\",\"item\":\"https:\\\/\\\/www.muyjujuy.com\\\/\"},{\"@type\":\"ListItem\",\"position\":2,\"name\":\"Morales confirm\u00f3 que Jujuy tendr\u00e1 un mayor cupo de energ\u00eda el\u00e9ctrica subsidiada en verano\"}]},{\"@type\":\"WebSite\",\"@id\":\"https:\\\/\\\/www.muyjujuy.com\\\/#website\",\"url\":\"https:\\\/\\\/www.muyjujuy.com\\\/\",\"name\":\"Muy Jujuy\",\"description\":\"\",\"publisher\":{\"@id\":\"https:\\\/\\\/www.muyjujuy.com\\\/#organization\"},\"potentialAction\":[{\"@type\":\"SearchAction\",\"target\":{\"@type\":\"EntryPoint\",\"urlTemplate\":\"https:\\\/\\\/www.muyjujuy.com\\\/?s={search_term_string}\"},\"query-input\":{\"@type\":\"PropertyValueSpecification\",\"valueRequired\":true,\"valueName\":\"search_term_string\"}}],\"inLanguage\":\"es-AR\"},{\"@type\":\"Organization\",\"@id\":\"https:\\\/\\\/www.muyjujuy.com\\\/#organization\",\"name\":\"Muy Jujuy\",\"url\":\"https:\\\/\\\/www.muyjujuy.com\\\/\",\"logo\":{\"@type\":\"ImageObject\",\"inLanguage\":\"es-AR\",\"@id\":\"https:\\\/\\\/www.muyjujuy.com\\\/#\\\/schema\\\/logo\\\/image\\\/\",\"url\":\"http:\\\/\\\/www.muyjujuy.com\\\/wp-content\\\/uploads\\\/2022\\\/05\\\/logo-mobil-jujuy.png\",\"contentUrl\":\"http:\\\/\\\/www.muyjujuy.com\\\/wp-content\\\/uploads\\\/2022\\\/05\\\/logo-mobil-jujuy.png\",\"width\":174,\"height\":81,\"caption\":\"Muy Jujuy\"},\"image\":{\"@id\":\"https:\\\/\\\/www.muyjujuy.com\\\/#\\\/schema\\\/logo\\\/image\\\/\"},\"sameAs\":[\"https:\\\/\\\/www.facebook.com\\\/muyjujuycom\",\"https:\\\/\\\/x.com\\\/muyjujuy\",\"https:\\\/\\\/www.instagram.com\\\/muyjujuycom\"]},{\"@type\":\"Person\",\"@id\":\"https:\\\/\\\/www.muyjujuy.com\\\/#\\\/schema\\\/person\\\/1d0f6e223ccea9e3f9034c1a5b683bf2\",\"name\":\"Redacci\u00f3n Muy Jujuy\",\"image\":{\"@type\":\"ImageObject\",\"inLanguage\":\"es-AR\",\"@id\":\"https:\\\/\\\/secure.gravatar.com\\\/avatar\\\/fec5f6f1893d741ed5eecccff109ce43e67a855411202a3212a058cb8e5c27d4?s=96&d=mm&r=g\",\"url\":\"https:\\\/\\\/secure.gravatar.com\\\/avatar\\\/fec5f6f1893d741ed5eecccff109ce43e67a855411202a3212a058cb8e5c27d4?s=96&d=mm&r=g\",\"contentUrl\":\"https:\\\/\\\/secure.gravatar.com\\\/avatar\\\/fec5f6f1893d741ed5eecccff109ce43e67a855411202a3212a058cb8e5c27d4?s=96&d=mm&r=g\",\"caption\":\"Redacci\u00f3n Muy Jujuy\"},\"url\":\"https:\\\/\\\/www.muyjujuy.com\\\/index.php\\\/author\\\/editor\\\/\"}]}<\/script>\n<!-- \/ Yoast SEO plugin. -->","yoast_head_json":{"title":"Morales confirm\u00f3 que Jujuy tendr\u00e1 un mayor cupo de energ\u00eda el\u00e9ctrica subsidiada en verano - Muy Jujuy","description":"El Gobierno provincial confirm\u00f3 que la provincia va a tener un cupo mayor de energ\u00eda el\u00e9ctrica subsidiada en verano.","robots":{"index":"index","follow":"follow","max-snippet":"max-snippet:-1","max-image-preview":"max-image-preview:large","max-video-preview":"max-video-preview:-1"},"canonical":"https:\/\/www.muyjujuy.com\/index.php\/2022\/10\/31\/morales-confirmo-que-jujuy-tendra-un-mayo-cupo-de-energia-electrica-subsidiada-en-verano\/","og_locale":"es_ES","og_type":"article","og_title":"Morales confirm\u00f3 que Jujuy tendr\u00e1 un mayor cupo de energ\u00eda el\u00e9ctrica subsidiada en verano - Muy Jujuy","og_description":"El Gobierno provincial confirm\u00f3 que la provincia va a tener un cupo mayor de energ\u00eda el\u00e9ctrica subsidiada en verano.","og_url":"https:\/\/www.muyjujuy.com\/index.php\/2022\/10\/31\/morales-confirmo-que-jujuy-tendra-un-mayo-cupo-de-energia-electrica-subsidiada-en-verano\/","og_site_name":"Muy Jujuy","article_publisher":"https:\/\/www.facebook.com\/muyjujuycom","article_published_time":"2022-10-31T20:45:44+00:00","article_modified_time":"2022-10-31T20:45:45+00:00","og_image":[{"width":1200,"height":800,"url":"https:\/\/www.muyjujuy.com\/wp-content\/uploads\/2022\/10\/WhatsApp-Image-2022-10-31-at-17.44.07.jpeg","type":"image\/jpeg"}],"author":"Redacci\u00f3n Muy Jujuy","twitter_card":"summary_large_image","twitter_creator":"@muyjujuy","twitter_site":"@muyjujuy","twitter_misc":{"Escrito por":"Redacci\u00f3n Muy Jujuy","Tiempo de lectura":"2 minutos"},"schema":{"@context":"https:\/\/schema.org","@graph":[{"@type":"Article","@id":"https:\/\/www.muyjujuy.com\/index.php\/2022\/10\/31\/morales-confirmo-que-jujuy-tendra-un-mayo-cupo-de-energia-electrica-subsidiada-en-verano\/#article","isPartOf":{"@id":"https:\/\/www.muyjujuy.com\/index.php\/2022\/10\/31\/morales-confirmo-que-jujuy-tendra-un-mayo-cupo-de-energia-electrica-subsidiada-en-verano\/"},"author":{"name":"Redacci\u00f3n Muy Jujuy","@id":"https:\/\/www.muyjujuy.com\/#\/schema\/person\/1d0f6e223ccea9e3f9034c1a5b683bf2"},"headline":"Morales confirm\u00f3 que Jujuy tendr\u00e1 un mayor cupo de energ\u00eda el\u00e9ctrica subsidiada en verano","datePublished":"2022-10-31T20:45:44+00:00","dateModified":"2022-10-31T20:45:45+00:00","mainEntityOfPage":{"@id":"https:\/\/www.muyjujuy.com\/index.php\/2022\/10\/31\/morales-confirmo-que-jujuy-tendra-un-mayo-cupo-de-energia-electrica-subsidiada-en-verano\/"},"wordCount":339,"commentCount":0,"publisher":{"@id":"https:\/\/www.muyjujuy.com\/#organization"},"image":{"@id":"https:\/\/www.muyjujuy.com\/index.php\/2022\/10\/31\/morales-confirmo-que-jujuy-tendra-un-mayo-cupo-de-energia-electrica-subsidiada-en-verano\/#primaryimage"},"thumbnailUrl":"https:\/\/www.muyjujuy.com\/wp-content\/uploads\/2022\/10\/WhatsApp-Image-2022-10-31-at-17.44.07.jpeg","articleSection":["Pol\u00edtica"],"inLanguage":"es-AR","potentialAction":[{"@type":"CommentAction","name":"Comment","target":["https:\/\/www.muyjujuy.com\/index.php\/2022\/10\/31\/morales-confirmo-que-jujuy-tendra-un-mayo-cupo-de-energia-electrica-subsidiada-en-verano\/#respond"]}]},{"@type":"WebPage","@id":"https:\/\/www.muyjujuy.com\/index.php\/2022\/10\/31\/morales-confirmo-que-jujuy-tendra-un-mayo-cupo-de-energia-electrica-subsidiada-en-verano\/","url":"https:\/\/www.muyjujuy.com\/index.php\/2022\/10\/31\/morales-confirmo-que-jujuy-tendra-un-mayo-cupo-de-energia-electrica-subsidiada-en-verano\/","name":"Morales confirm\u00f3 que Jujuy tendr\u00e1 un mayor cupo de energ\u00eda el\u00e9ctrica subsidiada en verano - Muy Jujuy","isPartOf":{"@id":"https:\/\/www.muyjujuy.com\/#website"},"primaryImageOfPage":{"@id":"https:\/\/www.muyjujuy.com\/index.php\/2022\/10\/31\/morales-confirmo-que-jujuy-tendra-un-mayo-cupo-de-energia-electrica-subsidiada-en-verano\/#primaryimage"},"image":{"@id":"https:\/\/www.muyjujuy.com\/index.php\/2022\/10\/31\/morales-confirmo-que-jujuy-tendra-un-mayo-cupo-de-energia-electrica-subsidiada-en-verano\/#primaryimage"},"thumbnailUrl":"https:\/\/www.muyjujuy.com\/wp-content\/uploads\/2022\/10\/WhatsApp-Image-2022-10-31-at-17.44.07.jpeg","datePublished":"2022-10-31T20:45:44+00:00","dateModified":"2022-10-31T20:45:45+00:00","description":"El Gobierno provincial confirm\u00f3 que la provincia va a tener un cupo mayor de energ\u00eda el\u00e9ctrica subsidiada en verano.","breadcrumb":{"@id":"https:\/\/www.muyjujuy.com\/index.php\/2022\/10\/31\/morales-confirmo-que-jujuy-tendra-un-mayo-cupo-de-energia-electrica-subsidiada-en-verano\/#breadcrumb"},"inLanguage":"es-AR","potentialAction":[{"@type":"ReadAction","target":["https:\/\/www.muyjujuy.com\/index.php\/2022\/10\/31\/morales-confirmo-que-jujuy-tendra-un-mayo-cupo-de-energia-electrica-subsidiada-en-verano\/"]}]},{"@type":"ImageObject","inLanguage":"es-AR","@id":"https:\/\/www.muyjujuy.com\/index.php\/2022\/10\/31\/morales-confirmo-que-jujuy-tendra-un-mayo-cupo-de-energia-electrica-subsidiada-en-verano\/#primaryimage","url":"https:\/\/www.muyjujuy.com\/wp-content\/uploads\/2022\/10\/WhatsApp-Image-2022-10-31-at-17.44.07.jpeg","contentUrl":"https:\/\/www.muyjujuy.com\/wp-content\/uploads\/2022\/10\/WhatsApp-Image-2022-10-31-at-17.44.07.jpeg","width":1200,"height":800},{"@type":"BreadcrumbList","@id":"https:\/\/www.muyjujuy.com\/index.php\/2022\/10\/31\/morales-confirmo-que-jujuy-tendra-un-mayo-cupo-de-energia-electrica-subsidiada-en-verano\/#breadcrumb","itemListElement":[{"@type":"ListItem","position":1,"name":"Inicio","item":"https:\/\/www.muyjujuy.com\/"},{"@type":"ListItem","position":2,"name":"Morales confirm\u00f3 que Jujuy tendr\u00e1 un mayor cupo de energ\u00eda el\u00e9ctrica subsidiada en verano"}]},{"@type":"WebSite","@id":"https:\/\/www.muyjujuy.com\/#website","url":"https:\/\/www.muyjujuy.com\/","name":"Muy Jujuy","description":"","publisher":{"@id":"https:\/\/www.muyjujuy.com\/#organization"},"potentialAction":[{"@type":"SearchAction","target":{"@type":"EntryPoint","urlTemplate":"https:\/\/www.muyjujuy.com\/?s={search_term_string}"},"query-input":{"@type":"PropertyValueSpecification","valueRequired":true,"valueName":"search_term_string"}}],"inLanguage":"es-AR"},{"@type":"Organization","@id":"https:\/\/www.muyjujuy.com\/#organization","name":"Muy Jujuy","url":"https:\/\/www.muyjujuy.com\/","logo":{"@type":"ImageObject","inLanguage":"es-AR","@id":"https:\/\/www.muyjujuy.com\/#\/schema\/logo\/image\/","url":"http:\/\/www.muyjujuy.com\/wp-content\/uploads\/2022\/05\/logo-mobil-jujuy.png","contentUrl":"http:\/\/www.muyjujuy.com\/wp-content\/uploads\/2022\/05\/logo-mobil-jujuy.png","width":174,"height":81,"caption":"Muy Jujuy"},"image":{"@id":"https:\/\/www.muyjujuy.com\/#\/schema\/logo\/image\/"},"sameAs":["https:\/\/www.facebook.com\/muyjujuycom","https:\/\/x.com\/muyjujuy","https:\/\/www.instagram.com\/muyjujuycom"]},{"@type":"Person","@id":"https:\/\/www.muyjujuy.com\/#\/schema\/person\/1d0f6e223ccea9e3f9034c1a5b683bf2","name":"Redacci\u00f3n Muy Jujuy","image":{"@type":"ImageObject","inLanguage":"es-AR","@id":"https:\/\/secure.gravatar.com\/avatar\/fec5f6f1893d741ed5eecccff109ce43e67a855411202a3212a058cb8e5c27d4?s=96&d=mm&r=g","url":"https:\/\/secure.gravatar.com\/avatar\/fec5f6f1893d741ed5eecccff109ce43e67a855411202a3212a058cb8e5c27d4?s=96&d=mm&r=g","contentUrl":"https:\/\/secure.gravatar.com\/avatar\/fec5f6f1893d741ed5eecccff109ce43e67a855411202a3212a058cb8e5c27d4?s=96&d=mm&r=g","caption":"Redacci\u00f3n Muy Jujuy"},"url":"https:\/\/www.muyjujuy.com\/index.php\/author\/editor\/"}]}},"_links":{"self":[{"href":"https:\/\/www.muyjujuy.com\/index.php\/wp-json\/wp\/v2\/posts\/1916","targetHints":{"allow":["GET"]}}],"collection":[{"href":"https:\/\/www.muyjujuy.com\/index.php\/wp-json\/wp\/v2\/posts"}],"about":[{"href":"https:\/\/www.muyjujuy.com\/index.php\/wp-json\/wp\/v2\/types\/post"}],"author":[{"embeddable":true,"href":"https:\/\/www.muyjujuy.com\/index.php\/wp-json\/wp\/v2\/users\/3"}],"replies":[{"embeddable":true,"href":"https:\/\/www.muyjujuy.com\/index.php\/wp-json\/wp\/v2\/comments?post=1916"}],"version-history":[{"count":1,"href":"https:\/\/www.muyjujuy.com\/index.php\/wp-json\/wp\/v2\/posts\/1916\/revisions"}],"predecessor-version":[{"id":1918,"href":"https:\/\/www.muyjujuy.com\/index.php\/wp-json\/wp\/v2\/posts\/1916\/revisions\/1918"}],"wp:featuredmedia":[{"embeddable":true,"href":"https:\/\/www.muyjujuy.com\/index.php\/wp-json\/wp\/v2\/media\/1917"}],"wp:attachment":[{"href":"https:\/\/www.muyjujuy.com\/index.php\/wp-json\/wp\/v2\/media?parent=1916"}],"wp:term":[{"taxonomy":"category","embeddable":true,"href":"https:\/\/www.muyjujuy.com\/index.php\/wp-json\/wp\/v2\/categories?post=1916"},{"taxonomy":"post_tag","embeddable":true,"href":"https:\/\/www.muyjujuy.com\/index.php\/wp-json\/wp\/v2\/tags?post=1916"}],"curies":[{"name":"wp","href":"https:\/\/api.w.org\/{rel}","templated":true}]}}