{"id":1924,"date":"2022-11-01T17:52:16","date_gmt":"2022-11-01T20:52:16","guid":{"rendered":"https:\/\/www.muyjujuy.com\/?p=1924"},"modified":"2022-11-01T17:52:18","modified_gmt":"2022-11-01T20:52:18","slug":"los-taxis-en-en-san-salvador-de-jujuy-aumentaran-otra-vez","status":"publish","type":"post","link":"https:\/\/www.muyjujuy.com\/index.php\/2022\/11\/01\/los-taxis-en-en-san-salvador-de-jujuy-aumentaran-otra-vez\/","title":{"rendered":"Los taxis en en San Salvador de Jujuy aumentar\u00e1n otra vez"},"content":{"rendered":"\n<p><em>El sector de los conductores de los taxistas anunci\u00f3 un nuevo aumento en las tarifas para lo que resta del a\u00f1o que entrar\u00e1 en vigencia desde noviembre.<\/em><\/p>\n\n\n\n<p>Los taxis de radiollamada (amarillos) y compartidos anunciaron un nuevo aumento en las tarifas para lo que resta de a\u00f1o. <strong>\u00a0<\/strong><\/p>\n\n\n\n<p><strong>Miguel Quiroga<\/strong>, presidente de la C\u00e1mara de Propietarios de Taxis de Jujuy, dialog\u00f3 con\u00a0<strong>Canal 7<\/strong>\u00a0y explic\u00f3 que elevaron un petitorio \u00a0al Concejo Deliberante de San Salvador de Jujuy solicitando la actualizaci\u00f3n de las tarifas.\u00a0<\/p>\n\n\n\n<p><strong>\u201cEstamos pidiendo la actualizaci\u00f3n de tarifa que ser\u00eda a partir de los \u00faltimos d\u00edas de noviembre o los primeros de diciembre\u201d<\/strong>, indic\u00f3 Quiroga.&nbsp;<\/p>\n\n\n\n<p>Luego el referente del sector explic\u00f3 que el pedido llega atento a que:<strong>&nbsp;\u201cComparando con las tarifas de la regi\u00f3n, estamos muy abajo; comparamos Salta, Tucum\u00e1n, Santiago del Estero. Adem\u00e1s sumamos el agravante de que nosotros tenemos el GNC m\u00e1s caro del pa\u00eds, los repuestos m\u00e1s caros y ya se nos hace insostenible. El GNC est\u00e1 a casi $90 el metro c\u00fabico\u201d.&nbsp;<\/strong><\/p>\n\n\n\n<h4 class=\"wp-block-heading\"><strong>Cuadro comparativo de tarifas de taxi de la regi\u00f3n noroeste<\/strong><\/h4>\n\n\n\n<ul class=\"wp-block-list\"><li><strong>Jujuy $80,50<\/strong><\/li><li>Salta $99<\/li><li>Tartagal $140,80<\/li><li>Tucum\u00e1n $90<\/li><li>La Rioja $115<\/li><li>Catamarca $100<\/li><\/ul>\n\n\n\n<p>Finalmente el Presidente de la C\u00e1mara de Propietarios de Taxis explic\u00f3:<strong>&nbsp;\u201cTenemos que mantener los veh\u00edculos y por ellos nos vemos obligados&nbsp; a pedir una actualizaci\u00f3n tarifaria que ser\u00eda en tres tramos. El primero ser\u00eda a fines de este a\u00f1o y los otros dos el a\u00f1o entrante\u201d.<\/strong><\/p>\n\n\n\n<p><strong>Cabe destacar que la bajada de bandera diurna actualmente se ubica en los $80,50 y con la actualizaci\u00f3n rondar\u00eda cerca de los $100.&nbsp;<\/strong>Como el pedido de actualizaci\u00f3n del cuadro tarifario plantea ser aplicado en tres tramos, los pr\u00f3ximos aumentos ser\u00edan en 2023 ubicando los montos en:&nbsp;<\/p>\n\n\n\n<h2 class=\"wp-block-heading\"><strong>Taxi de radio llamada&nbsp;<\/strong><\/h2>\n\n\n\n<h4 class=\"wp-block-heading\"><strong>A partir del 21 de noviembre de 2022:&nbsp;<\/strong>bajada de bandera<strong>&nbsp;<\/strong><\/h4>\n\n\n\n<ul class=\"wp-block-list\"><li>Diurna: $104,65 &#8211; ficha $11,51<\/li><li>Nocturna: $130 &#8211; ficha $13&nbsp;<\/li><\/ul>\n\n\n\n<h4 class=\"wp-block-heading\"><strong>A partir del 6 de marzo de 2023:&nbsp;<\/strong>bajada de bandera<strong>&nbsp;<\/strong><\/h4>\n\n\n\n<ul class=\"wp-block-list\"><li>Diurna: $136,05 &#8211; ficha $14,96<\/li><li>Nocturna: $169 &#8211; ficha $16,90<\/li><\/ul>\n\n\n\n<h4 class=\"wp-block-heading\"><strong>A partir del 7 de agosto de 2023:&nbsp;<\/strong>bajada de bandera<strong>&nbsp;<\/strong><\/h4>\n\n\n\n<ul class=\"wp-block-list\"><li>Diurna: $183,66 &#8211; ficha $20,19<\/li><li>Nocturna: $228,15 &#8211; ficha $22,81<\/li><\/ul>\n\n\n\n<h2 class=\"wp-block-heading\"><strong>Taxi compartido&nbsp;<\/strong><\/h2>\n\n\n\n<h4 class=\"wp-block-heading\"><strong>A partir del 21 de noviembre de 2022:&nbsp;<\/strong>bajada de bandera&nbsp;<\/h4>\n\n\n\n<ul class=\"wp-block-list\"><li>Diurna: $120<\/li><li>Nocturna: $130<\/li><\/ul>\n\n\n\n<h4 class=\"wp-block-heading\"><strong>A partir del 6 de marzo de 2023:&nbsp;<\/strong>bajada de bandera&nbsp;<\/h4>\n\n\n\n<ul class=\"wp-block-list\"><li>Diurna: $160<\/li><li>Nocturna: $170<\/li><\/ul>\n\n\n\n<h4 class=\"wp-block-heading\"><strong>A partir del 7 de agosto de 2023:&nbsp;<\/strong>bajada de bandera&nbsp;<\/h4>\n\n\n\n<ul class=\"wp-block-list\"><li>Diurna: $210<\/li><li>Nocturna: $230<\/li><\/ul>\n","protected":false},"excerpt":{"rendered":"<p>El sector de los conductores de los taxistas anunci\u00f3 un nuevo aumento en las tarifas para lo que resta del a\u00f1o que entrar\u00e1 en vigencia desde noviembre. Los taxis de radiollamada (amarillos) y compartidos anunciaron un nuevo aumento en las tarifas para lo que resta de a\u00f1o. \u00a0 Miguel Quiroga, presidente de la C\u00e1mara de [&hellip;]<\/p>\n","protected":false},"author":3,"featured_media":1925,"comment_status":"open","ping_status":"open","sticky":false,"template":"","format":"standard","meta":{"footnotes":""},"categories":[25],"tags":[],"class_list":{"0":"post-1924","1":"post","2":"type-post","3":"status-publish","4":"format-standard","5":"has-post-thumbnail","7":"category-sociedad"},"yoast_head":"<!-- This site is optimized with the Yoast SEO plugin v27.5 - https:\/\/yoast.com\/product\/yoast-seo-wordpress\/ -->\n<title>Los taxis en en San Salvador de Jujuy aumentar\u00e1n otra vez - Muy Jujuy<\/title>\n<meta name=\"description\" content=\"El sector de los conductores de los taxistas anunci\u00f3 un nuevo aumento en las tarifas para lo que resta del a\u00f1o que entrar\u00e1 en vigencia desde noviembre.\" \/>\n<meta name=\"robots\" content=\"index, follow, max-snippet:-1, max-image-preview:large, max-video-preview:-1\" \/>\n<link rel=\"canonical\" href=\"https:\/\/www.muyjujuy.com\/index.php\/2022\/11\/01\/los-taxis-en-en-san-salvador-de-jujuy-aumentaran-otra-vez\/\" \/>\n<meta property=\"og:locale\" content=\"es_ES\" \/>\n<meta property=\"og:type\" content=\"article\" \/>\n<meta property=\"og:title\" content=\"Los taxis en en San Salvador de Jujuy aumentar\u00e1n otra vez - Muy Jujuy\" \/>\n<meta property=\"og:description\" content=\"El sector de los conductores de los taxistas anunci\u00f3 un nuevo aumento en las tarifas para lo que resta del a\u00f1o que entrar\u00e1 en vigencia desde noviembre.\" \/>\n<meta property=\"og:url\" content=\"https:\/\/www.muyjujuy.com\/index.php\/2022\/11\/01\/los-taxis-en-en-san-salvador-de-jujuy-aumentaran-otra-vez\/\" \/>\n<meta property=\"og:site_name\" content=\"Muy Jujuy\" \/>\n<meta property=\"article:publisher\" content=\"https:\/\/www.facebook.com\/muyjujuycom\" \/>\n<meta property=\"article:published_time\" content=\"2022-11-01T20:52:16+00:00\" \/>\n<meta property=\"article:modified_time\" content=\"2022-11-01T20:52:18+00:00\" \/>\n<meta property=\"og:image\" content=\"https:\/\/www.muyjujuy.com\/wp-content\/uploads\/2022\/11\/WhatsApp-Image-2022-11-01-at-17.51.09.jpeg\" \/>\n\t<meta property=\"og:image:width\" content=\"993\" \/>\n\t<meta property=\"og:image:height\" content=\"610\" \/>\n\t<meta property=\"og:image:type\" content=\"image\/jpeg\" \/>\n<meta name=\"author\" content=\"Redacci\u00f3n Muy Jujuy\" \/>\n<meta name=\"twitter:card\" content=\"summary_large_image\" \/>\n<meta name=\"twitter:creator\" content=\"@muyjujuy\" \/>\n<meta name=\"twitter:site\" content=\"@muyjujuy\" \/>\n<meta name=\"twitter:label1\" content=\"Escrito por\" \/>\n\t<meta name=\"twitter:data1\" content=\"Redacci\u00f3n Muy Jujuy\" \/>\n\t<meta name=\"twitter:label2\" content=\"Tiempo de lectura\" \/>\n\t<meta name=\"twitter:data2\" content=\"2 minutos\" \/>\n<script type=\"application\/ld+json\" class=\"yoast-schema-graph\">{\"@context\":\"https:\\\/\\\/schema.org\",\"@graph\":[{\"@type\":\"Article\",\"@id\":\"https:\\\/\\\/www.muyjujuy.com\\\/index.php\\\/2022\\\/11\\\/01\\\/los-taxis-en-en-san-salvador-de-jujuy-aumentaran-otra-vez\\\/#article\",\"isPartOf\":{\"@id\":\"https:\\\/\\\/www.muyjujuy.com\\\/index.php\\\/2022\\\/11\\\/01\\\/los-taxis-en-en-san-salvador-de-jujuy-aumentaran-otra-vez\\\/\"},\"author\":{\"name\":\"Redacci\u00f3n Muy Jujuy\",\"@id\":\"https:\\\/\\\/www.muyjujuy.com\\\/#\\\/schema\\\/person\\\/1d0f6e223ccea9e3f9034c1a5b683bf2\"},\"headline\":\"Los taxis en en San Salvador de Jujuy aumentar\u00e1n otra vez\",\"datePublished\":\"2022-11-01T20:52:16+00:00\",\"dateModified\":\"2022-11-01T20:52:18+00:00\",\"mainEntityOfPage\":{\"@id\":\"https:\\\/\\\/www.muyjujuy.com\\\/index.php\\\/2022\\\/11\\\/01\\\/los-taxis-en-en-san-salvador-de-jujuy-aumentaran-otra-vez\\\/\"},\"wordCount\":420,\"commentCount\":0,\"publisher\":{\"@id\":\"https:\\\/\\\/www.muyjujuy.com\\\/#organization\"},\"image\":{\"@id\":\"https:\\\/\\\/www.muyjujuy.com\\\/index.php\\\/2022\\\/11\\\/01\\\/los-taxis-en-en-san-salvador-de-jujuy-aumentaran-otra-vez\\\/#primaryimage\"},\"thumbnailUrl\":\"https:\\\/\\\/www.muyjujuy.com\\\/wp-content\\\/uploads\\\/2022\\\/11\\\/WhatsApp-Image-2022-11-01-at-17.51.09.jpeg\",\"articleSection\":[\"Sociedad\"],\"inLanguage\":\"es-AR\",\"potentialAction\":[{\"@type\":\"CommentAction\",\"name\":\"Comment\",\"target\":[\"https:\\\/\\\/www.muyjujuy.com\\\/index.php\\\/2022\\\/11\\\/01\\\/los-taxis-en-en-san-salvador-de-jujuy-aumentaran-otra-vez\\\/#respond\"]}]},{\"@type\":\"WebPage\",\"@id\":\"https:\\\/\\\/www.muyjujuy.com\\\/index.php\\\/2022\\\/11\\\/01\\\/los-taxis-en-en-san-salvador-de-jujuy-aumentaran-otra-vez\\\/\",\"url\":\"https:\\\/\\\/www.muyjujuy.com\\\/index.php\\\/2022\\\/11\\\/01\\\/los-taxis-en-en-san-salvador-de-jujuy-aumentaran-otra-vez\\\/\",\"name\":\"Los taxis en en San Salvador de Jujuy aumentar\u00e1n otra vez - Muy Jujuy\",\"isPartOf\":{\"@id\":\"https:\\\/\\\/www.muyjujuy.com\\\/#website\"},\"primaryImageOfPage\":{\"@id\":\"https:\\\/\\\/www.muyjujuy.com\\\/index.php\\\/2022\\\/11\\\/01\\\/los-taxis-en-en-san-salvador-de-jujuy-aumentaran-otra-vez\\\/#primaryimage\"},\"image\":{\"@id\":\"https:\\\/\\\/www.muyjujuy.com\\\/index.php\\\/2022\\\/11\\\/01\\\/los-taxis-en-en-san-salvador-de-jujuy-aumentaran-otra-vez\\\/#primaryimage\"},\"thumbnailUrl\":\"https:\\\/\\\/www.muyjujuy.com\\\/wp-content\\\/uploads\\\/2022\\\/11\\\/WhatsApp-Image-2022-11-01-at-17.51.09.jpeg\",\"datePublished\":\"2022-11-01T20:52:16+00:00\",\"dateModified\":\"2022-11-01T20:52:18+00:00\",\"description\":\"El sector de los conductores de los taxistas anunci\u00f3 un nuevo aumento en las tarifas para lo que resta del a\u00f1o que entrar\u00e1 en vigencia desde noviembre.\",\"breadcrumb\":{\"@id\":\"https:\\\/\\\/www.muyjujuy.com\\\/index.php\\\/2022\\\/11\\\/01\\\/los-taxis-en-en-san-salvador-de-jujuy-aumentaran-otra-vez\\\/#breadcrumb\"},\"inLanguage\":\"es-AR\",\"potentialAction\":[{\"@type\":\"ReadAction\",\"target\":[\"https:\\\/\\\/www.muyjujuy.com\\\/index.php\\\/2022\\\/11\\\/01\\\/los-taxis-en-en-san-salvador-de-jujuy-aumentaran-otra-vez\\\/\"]}]},{\"@type\":\"ImageObject\",\"inLanguage\":\"es-AR\",\"@id\":\"https:\\\/\\\/www.muyjujuy.com\\\/index.php\\\/2022\\\/11\\\/01\\\/los-taxis-en-en-san-salvador-de-jujuy-aumentaran-otra-vez\\\/#primaryimage\",\"url\":\"https:\\\/\\\/www.muyjujuy.com\\\/wp-content\\\/uploads\\\/2022\\\/11\\\/WhatsApp-Image-2022-11-01-at-17.51.09.jpeg\",\"contentUrl\":\"https:\\\/\\\/www.muyjujuy.com\\\/wp-content\\\/uploads\\\/2022\\\/11\\\/WhatsApp-Image-2022-11-01-at-17.51.09.jpeg\",\"width\":993,\"height\":610},{\"@type\":\"BreadcrumbList\",\"@id\":\"https:\\\/\\\/www.muyjujuy.com\\\/index.php\\\/2022\\\/11\\\/01\\\/los-taxis-en-en-san-salvador-de-jujuy-aumentaran-otra-vez\\\/#breadcrumb\",\"itemListElement\":[{\"@type\":\"ListItem\",\"position\":1,\"name\":\"Inicio\",\"item\":\"https:\\\/\\\/www.muyjujuy.com\\\/\"},{\"@type\":\"ListItem\",\"position\":2,\"name\":\"Los taxis en en San Salvador de Jujuy aumentar\u00e1n otra vez\"}]},{\"@type\":\"WebSite\",\"@id\":\"https:\\\/\\\/www.muyjujuy.com\\\/#website\",\"url\":\"https:\\\/\\\/www.muyjujuy.com\\\/\",\"name\":\"Muy Jujuy\",\"description\":\"\",\"publisher\":{\"@id\":\"https:\\\/\\\/www.muyjujuy.com\\\/#organization\"},\"potentialAction\":[{\"@type\":\"SearchAction\",\"target\":{\"@type\":\"EntryPoint\",\"urlTemplate\":\"https:\\\/\\\/www.muyjujuy.com\\\/?s={search_term_string}\"},\"query-input\":{\"@type\":\"PropertyValueSpecification\",\"valueRequired\":true,\"valueName\":\"search_term_string\"}}],\"inLanguage\":\"es-AR\"},{\"@type\":\"Organization\",\"@id\":\"https:\\\/\\\/www.muyjujuy.com\\\/#organization\",\"name\":\"Muy Jujuy\",\"url\":\"https:\\\/\\\/www.muyjujuy.com\\\/\",\"logo\":{\"@type\":\"ImageObject\",\"inLanguage\":\"es-AR\",\"@id\":\"https:\\\/\\\/www.muyjujuy.com\\\/#\\\/schema\\\/logo\\\/image\\\/\",\"url\":\"http:\\\/\\\/www.muyjujuy.com\\\/wp-content\\\/uploads\\\/2022\\\/05\\\/logo-mobil-jujuy.png\",\"contentUrl\":\"http:\\\/\\\/www.muyjujuy.com\\\/wp-content\\\/uploads\\\/2022\\\/05\\\/logo-mobil-jujuy.png\",\"width\":174,\"height\":81,\"caption\":\"Muy Jujuy\"},\"image\":{\"@id\":\"https:\\\/\\\/www.muyjujuy.com\\\/#\\\/schema\\\/logo\\\/image\\\/\"},\"sameAs\":[\"https:\\\/\\\/www.facebook.com\\\/muyjujuycom\",\"https:\\\/\\\/x.com\\\/muyjujuy\",\"https:\\\/\\\/www.instagram.com\\\/muyjujuycom\"]},{\"@type\":\"Person\",\"@id\":\"https:\\\/\\\/www.muyjujuy.com\\\/#\\\/schema\\\/person\\\/1d0f6e223ccea9e3f9034c1a5b683bf2\",\"name\":\"Redacci\u00f3n Muy Jujuy\",\"image\":{\"@type\":\"ImageObject\",\"inLanguage\":\"es-AR\",\"@id\":\"https:\\\/\\\/secure.gravatar.com\\\/avatar\\\/fec5f6f1893d741ed5eecccff109ce43e67a855411202a3212a058cb8e5c27d4?s=96&d=mm&r=g\",\"url\":\"https:\\\/\\\/secure.gravatar.com\\\/avatar\\\/fec5f6f1893d741ed5eecccff109ce43e67a855411202a3212a058cb8e5c27d4?s=96&d=mm&r=g\",\"contentUrl\":\"https:\\\/\\\/secure.gravatar.com\\\/avatar\\\/fec5f6f1893d741ed5eecccff109ce43e67a855411202a3212a058cb8e5c27d4?s=96&d=mm&r=g\",\"caption\":\"Redacci\u00f3n Muy Jujuy\"},\"url\":\"https:\\\/\\\/www.muyjujuy.com\\\/index.php\\\/author\\\/editor\\\/\"}]}<\/script>\n<!-- \/ Yoast SEO plugin. -->","yoast_head_json":{"title":"Los taxis en en San Salvador de Jujuy aumentar\u00e1n otra vez - Muy Jujuy","description":"El sector de los conductores de los taxistas anunci\u00f3 un nuevo aumento en las tarifas para lo que resta del a\u00f1o que entrar\u00e1 en vigencia desde noviembre.","robots":{"index":"index","follow":"follow","max-snippet":"max-snippet:-1","max-image-preview":"max-image-preview:large","max-video-preview":"max-video-preview:-1"},"canonical":"https:\/\/www.muyjujuy.com\/index.php\/2022\/11\/01\/los-taxis-en-en-san-salvador-de-jujuy-aumentaran-otra-vez\/","og_locale":"es_ES","og_type":"article","og_title":"Los taxis en en San Salvador de Jujuy aumentar\u00e1n otra vez - Muy Jujuy","og_description":"El sector de los conductores de los taxistas anunci\u00f3 un nuevo aumento en las tarifas para lo que resta del a\u00f1o que entrar\u00e1 en vigencia desde noviembre.","og_url":"https:\/\/www.muyjujuy.com\/index.php\/2022\/11\/01\/los-taxis-en-en-san-salvador-de-jujuy-aumentaran-otra-vez\/","og_site_name":"Muy Jujuy","article_publisher":"https:\/\/www.facebook.com\/muyjujuycom","article_published_time":"2022-11-01T20:52:16+00:00","article_modified_time":"2022-11-01T20:52:18+00:00","og_image":[{"width":993,"height":610,"url":"https:\/\/www.muyjujuy.com\/wp-content\/uploads\/2022\/11\/WhatsApp-Image-2022-11-01-at-17.51.09.jpeg","type":"image\/jpeg"}],"author":"Redacci\u00f3n Muy Jujuy","twitter_card":"summary_large_image","twitter_creator":"@muyjujuy","twitter_site":"@muyjujuy","twitter_misc":{"Escrito por":"Redacci\u00f3n Muy Jujuy","Tiempo de lectura":"2 minutos"},"schema":{"@context":"https:\/\/schema.org","@graph":[{"@type":"Article","@id":"https:\/\/www.muyjujuy.com\/index.php\/2022\/11\/01\/los-taxis-en-en-san-salvador-de-jujuy-aumentaran-otra-vez\/#article","isPartOf":{"@id":"https:\/\/www.muyjujuy.com\/index.php\/2022\/11\/01\/los-taxis-en-en-san-salvador-de-jujuy-aumentaran-otra-vez\/"},"author":{"name":"Redacci\u00f3n Muy Jujuy","@id":"https:\/\/www.muyjujuy.com\/#\/schema\/person\/1d0f6e223ccea9e3f9034c1a5b683bf2"},"headline":"Los taxis en en San Salvador de Jujuy aumentar\u00e1n otra vez","datePublished":"2022-11-01T20:52:16+00:00","dateModified":"2022-11-01T20:52:18+00:00","mainEntityOfPage":{"@id":"https:\/\/www.muyjujuy.com\/index.php\/2022\/11\/01\/los-taxis-en-en-san-salvador-de-jujuy-aumentaran-otra-vez\/"},"wordCount":420,"commentCount":0,"publisher":{"@id":"https:\/\/www.muyjujuy.com\/#organization"},"image":{"@id":"https:\/\/www.muyjujuy.com\/index.php\/2022\/11\/01\/los-taxis-en-en-san-salvador-de-jujuy-aumentaran-otra-vez\/#primaryimage"},"thumbnailUrl":"https:\/\/www.muyjujuy.com\/wp-content\/uploads\/2022\/11\/WhatsApp-Image-2022-11-01-at-17.51.09.jpeg","articleSection":["Sociedad"],"inLanguage":"es-AR","potentialAction":[{"@type":"CommentAction","name":"Comment","target":["https:\/\/www.muyjujuy.com\/index.php\/2022\/11\/01\/los-taxis-en-en-san-salvador-de-jujuy-aumentaran-otra-vez\/#respond"]}]},{"@type":"WebPage","@id":"https:\/\/www.muyjujuy.com\/index.php\/2022\/11\/01\/los-taxis-en-en-san-salvador-de-jujuy-aumentaran-otra-vez\/","url":"https:\/\/www.muyjujuy.com\/index.php\/2022\/11\/01\/los-taxis-en-en-san-salvador-de-jujuy-aumentaran-otra-vez\/","name":"Los taxis en en San Salvador de Jujuy aumentar\u00e1n otra vez - Muy Jujuy","isPartOf":{"@id":"https:\/\/www.muyjujuy.com\/#website"},"primaryImageOfPage":{"@id":"https:\/\/www.muyjujuy.com\/index.php\/2022\/11\/01\/los-taxis-en-en-san-salvador-de-jujuy-aumentaran-otra-vez\/#primaryimage"},"image":{"@id":"https:\/\/www.muyjujuy.com\/index.php\/2022\/11\/01\/los-taxis-en-en-san-salvador-de-jujuy-aumentaran-otra-vez\/#primaryimage"},"thumbnailUrl":"https:\/\/www.muyjujuy.com\/wp-content\/uploads\/2022\/11\/WhatsApp-Image-2022-11-01-at-17.51.09.jpeg","datePublished":"2022-11-01T20:52:16+00:00","dateModified":"2022-11-01T20:52:18+00:00","description":"El sector de los conductores de los taxistas anunci\u00f3 un nuevo aumento en las tarifas para lo que resta del a\u00f1o que entrar\u00e1 en vigencia desde noviembre.","breadcrumb":{"@id":"https:\/\/www.muyjujuy.com\/index.php\/2022\/11\/01\/los-taxis-en-en-san-salvador-de-jujuy-aumentaran-otra-vez\/#breadcrumb"},"inLanguage":"es-AR","potentialAction":[{"@type":"ReadAction","target":["https:\/\/www.muyjujuy.com\/index.php\/2022\/11\/01\/los-taxis-en-en-san-salvador-de-jujuy-aumentaran-otra-vez\/"]}]},{"@type":"ImageObject","inLanguage":"es-AR","@id":"https:\/\/www.muyjujuy.com\/index.php\/2022\/11\/01\/los-taxis-en-en-san-salvador-de-jujuy-aumentaran-otra-vez\/#primaryimage","url":"https:\/\/www.muyjujuy.com\/wp-content\/uploads\/2022\/11\/WhatsApp-Image-2022-11-01-at-17.51.09.jpeg","contentUrl":"https:\/\/www.muyjujuy.com\/wp-content\/uploads\/2022\/11\/WhatsApp-Image-2022-11-01-at-17.51.09.jpeg","width":993,"height":610},{"@type":"BreadcrumbList","@id":"https:\/\/www.muyjujuy.com\/index.php\/2022\/11\/01\/los-taxis-en-en-san-salvador-de-jujuy-aumentaran-otra-vez\/#breadcrumb","itemListElement":[{"@type":"ListItem","position":1,"name":"Inicio","item":"https:\/\/www.muyjujuy.com\/"},{"@type":"ListItem","position":2,"name":"Los taxis en en San Salvador de Jujuy aumentar\u00e1n otra vez"}]},{"@type":"WebSite","@id":"https:\/\/www.muyjujuy.com\/#website","url":"https:\/\/www.muyjujuy.com\/","name":"Muy Jujuy","description":"","publisher":{"@id":"https:\/\/www.muyjujuy.com\/#organization"},"potentialAction":[{"@type":"SearchAction","target":{"@type":"EntryPoint","urlTemplate":"https:\/\/www.muyjujuy.com\/?s={search_term_string}"},"query-input":{"@type":"PropertyValueSpecification","valueRequired":true,"valueName":"search_term_string"}}],"inLanguage":"es-AR"},{"@type":"Organization","@id":"https:\/\/www.muyjujuy.com\/#organization","name":"Muy Jujuy","url":"https:\/\/www.muyjujuy.com\/","logo":{"@type":"ImageObject","inLanguage":"es-AR","@id":"https:\/\/www.muyjujuy.com\/#\/schema\/logo\/image\/","url":"http:\/\/www.muyjujuy.com\/wp-content\/uploads\/2022\/05\/logo-mobil-jujuy.png","contentUrl":"http:\/\/www.muyjujuy.com\/wp-content\/uploads\/2022\/05\/logo-mobil-jujuy.png","width":174,"height":81,"caption":"Muy Jujuy"},"image":{"@id":"https:\/\/www.muyjujuy.com\/#\/schema\/logo\/image\/"},"sameAs":["https:\/\/www.facebook.com\/muyjujuycom","https:\/\/x.com\/muyjujuy","https:\/\/www.instagram.com\/muyjujuycom"]},{"@type":"Person","@id":"https:\/\/www.muyjujuy.com\/#\/schema\/person\/1d0f6e223ccea9e3f9034c1a5b683bf2","name":"Redacci\u00f3n Muy Jujuy","image":{"@type":"ImageObject","inLanguage":"es-AR","@id":"https:\/\/secure.gravatar.com\/avatar\/fec5f6f1893d741ed5eecccff109ce43e67a855411202a3212a058cb8e5c27d4?s=96&d=mm&r=g","url":"https:\/\/secure.gravatar.com\/avatar\/fec5f6f1893d741ed5eecccff109ce43e67a855411202a3212a058cb8e5c27d4?s=96&d=mm&r=g","contentUrl":"https:\/\/secure.gravatar.com\/avatar\/fec5f6f1893d741ed5eecccff109ce43e67a855411202a3212a058cb8e5c27d4?s=96&d=mm&r=g","caption":"Redacci\u00f3n Muy Jujuy"},"url":"https:\/\/www.muyjujuy.com\/index.php\/author\/editor\/"}]}},"_links":{"self":[{"href":"https:\/\/www.muyjujuy.com\/index.php\/wp-json\/wp\/v2\/posts\/1924","targetHints":{"allow":["GET"]}}],"collection":[{"href":"https:\/\/www.muyjujuy.com\/index.php\/wp-json\/wp\/v2\/posts"}],"about":[{"href":"https:\/\/www.muyjujuy.com\/index.php\/wp-json\/wp\/v2\/types\/post"}],"author":[{"embeddable":true,"href":"https:\/\/www.muyjujuy.com\/index.php\/wp-json\/wp\/v2\/users\/3"}],"replies":[{"embeddable":true,"href":"https:\/\/www.muyjujuy.com\/index.php\/wp-json\/wp\/v2\/comments?post=1924"}],"version-history":[{"count":1,"href":"https:\/\/www.muyjujuy.com\/index.php\/wp-json\/wp\/v2\/posts\/1924\/revisions"}],"predecessor-version":[{"id":1926,"href":"https:\/\/www.muyjujuy.com\/index.php\/wp-json\/wp\/v2\/posts\/1924\/revisions\/1926"}],"wp:featuredmedia":[{"embeddable":true,"href":"https:\/\/www.muyjujuy.com\/index.php\/wp-json\/wp\/v2\/media\/1925"}],"wp:attachment":[{"href":"https:\/\/www.muyjujuy.com\/index.php\/wp-json\/wp\/v2\/media?parent=1924"}],"wp:term":[{"taxonomy":"category","embeddable":true,"href":"https:\/\/www.muyjujuy.com\/index.php\/wp-json\/wp\/v2\/categories?post=1924"},{"taxonomy":"post_tag","embeddable":true,"href":"https:\/\/www.muyjujuy.com\/index.php\/wp-json\/wp\/v2\/tags?post=1924"}],"curies":[{"name":"wp","href":"https:\/\/api.w.org\/{rel}","templated":true}]}}