{"id":1930,"date":"2022-11-01T18:25:36","date_gmt":"2022-11-01T21:25:36","guid":{"rendered":"https:\/\/www.muyjujuy.com\/?p=1930"},"modified":"2022-11-01T18:25:37","modified_gmt":"2022-11-01T21:25:37","slug":"tragedia-en-palpala-un-tractor-aplasto-y-mato-a-un-nino-de-6-anos","status":"publish","type":"post","link":"https:\/\/www.muyjujuy.com\/index.php\/2022\/11\/01\/tragedia-en-palpala-un-tractor-aplasto-y-mato-a-un-nino-de-6-anos\/","title":{"rendered":"Tragedia en Palpal\u00e1: un tractor aplast\u00f3 y mat\u00f3 a un ni\u00f1o de 6 a\u00f1os"},"content":{"rendered":"\n<p><em>El hecho ocurri\u00f3 este martes cuando un hombre con sus dos hijos circulaban en un tractor por la zona de Palpal\u00e1.<\/em><\/p>\n\n\n\n<p><strong>Un hombre iba arriba del tractor con sus dos hijos cuando uno de ellos perdi\u00f3 estabilidad, cay\u00f3 y fue aplastado por una de las ruedas del veh\u00edculo. <\/strong><\/p>\n\n\n\n<p>El peque\u00f1o de seis a\u00f1os de edad fue auxiliado inmediatamente. <strong>Personal de la Seccional 51 de Palpal\u00e1 llego hasta la zona del incidente<\/strong>. Tambi\u00e9n se hizo presente profesionales del SAME llegaron para intervenir, pero no pudieron salvarle la vida.<\/p>\n\n\n\n<p>Tanto el padre como el otro peque\u00f1o y la madre, recibieron asistencia en el lugar por profesionales especializados.<\/p>\n\n\n\n<p><\/p>\n","protected":false},"excerpt":{"rendered":"<p>El hecho ocurri\u00f3 este martes cuando un hombre con sus dos hijos circulaban en un tractor por la zona de Palpal\u00e1. Un hombre iba arriba del tractor con sus dos hijos cuando uno de ellos perdi\u00f3 estabilidad, cay\u00f3 y fue aplastado por una de las ruedas del veh\u00edculo. El peque\u00f1o de seis a\u00f1os de edad [&hellip;]<\/p>\n","protected":false},"author":3,"featured_media":1931,"comment_status":"open","ping_status":"open","sticky":false,"template":"","format":"standard","meta":{"footnotes":""},"categories":[25],"tags":[8,610],"class_list":{"0":"post-1930","1":"post","2":"type-post","3":"status-publish","4":"format-standard","5":"has-post-thumbnail","7":"category-sociedad","8":"tag-jujuy","9":"tag-palpala"},"yoast_head":"<!-- This site is optimized with the Yoast SEO plugin v27.5 - https:\/\/yoast.com\/product\/yoast-seo-wordpress\/ -->\n<title>Tragedia en Palpal\u00e1: un tractor aplast\u00f3 y mat\u00f3 a un ni\u00f1o de 6 a\u00f1os - Muy Jujuy<\/title>\n<meta name=\"description\" content=\"El hecho ocurri\u00f3 este martes cuando un hombre con sus dos hijos circulaban en un tractor por la zona de Palpal\u00e1.\" \/>\n<meta name=\"robots\" content=\"index, follow, max-snippet:-1, max-image-preview:large, max-video-preview:-1\" \/>\n<link rel=\"canonical\" href=\"https:\/\/www.muyjujuy.com\/index.php\/2022\/11\/01\/tragedia-en-palpala-un-tractor-aplasto-y-mato-a-un-nino-de-6-anos\/\" \/>\n<meta property=\"og:locale\" content=\"es_ES\" \/>\n<meta property=\"og:type\" content=\"article\" \/>\n<meta property=\"og:title\" content=\"Tragedia en Palpal\u00e1: un tractor aplast\u00f3 y mat\u00f3 a un ni\u00f1o de 6 a\u00f1os - Muy Jujuy\" \/>\n<meta property=\"og:description\" content=\"El hecho ocurri\u00f3 este martes cuando un hombre con sus dos hijos circulaban en un tractor por la zona de Palpal\u00e1.\" \/>\n<meta property=\"og:url\" content=\"https:\/\/www.muyjujuy.com\/index.php\/2022\/11\/01\/tragedia-en-palpala-un-tractor-aplasto-y-mato-a-un-nino-de-6-anos\/\" \/>\n<meta property=\"og:site_name\" content=\"Muy Jujuy\" \/>\n<meta property=\"article:publisher\" content=\"https:\/\/www.facebook.com\/muyjujuycom\" \/>\n<meta property=\"article:published_time\" content=\"2022-11-01T21:25:36+00:00\" \/>\n<meta property=\"article:modified_time\" content=\"2022-11-01T21:25:37+00:00\" \/>\n<meta property=\"og:image\" content=\"https:\/\/www.muyjujuy.com\/wp-content\/uploads\/2022\/11\/WhatsApp-Image-2022-11-01-at-18.07.30-1.jpeg\" \/>\n\t<meta property=\"og:image:width\" content=\"970\" \/>\n\t<meta property=\"og:image:height\" content=\"546\" \/>\n\t<meta property=\"og:image:type\" content=\"image\/jpeg\" \/>\n<meta name=\"author\" content=\"Redacci\u00f3n Muy Jujuy\" \/>\n<meta name=\"twitter:card\" content=\"summary_large_image\" \/>\n<meta name=\"twitter:creator\" content=\"@muyjujuy\" \/>\n<meta name=\"twitter:site\" content=\"@muyjujuy\" \/>\n<meta name=\"twitter:label1\" content=\"Escrito por\" \/>\n\t<meta name=\"twitter:data1\" content=\"Redacci\u00f3n Muy Jujuy\" \/>\n\t<meta name=\"twitter:label2\" content=\"Tiempo de lectura\" \/>\n\t<meta name=\"twitter:data2\" content=\"1 minuto\" \/>\n<script type=\"application\/ld+json\" class=\"yoast-schema-graph\">{\"@context\":\"https:\\\/\\\/schema.org\",\"@graph\":[{\"@type\":\"Article\",\"@id\":\"https:\\\/\\\/www.muyjujuy.com\\\/index.php\\\/2022\\\/11\\\/01\\\/tragedia-en-palpala-un-tractor-aplasto-y-mato-a-un-nino-de-6-anos\\\/#article\",\"isPartOf\":{\"@id\":\"https:\\\/\\\/www.muyjujuy.com\\\/index.php\\\/2022\\\/11\\\/01\\\/tragedia-en-palpala-un-tractor-aplasto-y-mato-a-un-nino-de-6-anos\\\/\"},\"author\":{\"name\":\"Redacci\u00f3n Muy Jujuy\",\"@id\":\"https:\\\/\\\/www.muyjujuy.com\\\/#\\\/schema\\\/person\\\/1d0f6e223ccea9e3f9034c1a5b683bf2\"},\"headline\":\"Tragedia en Palpal\u00e1: un tractor aplast\u00f3 y mat\u00f3 a un ni\u00f1o de 6 a\u00f1os\",\"datePublished\":\"2022-11-01T21:25:36+00:00\",\"dateModified\":\"2022-11-01T21:25:37+00:00\",\"mainEntityOfPage\":{\"@id\":\"https:\\\/\\\/www.muyjujuy.com\\\/index.php\\\/2022\\\/11\\\/01\\\/tragedia-en-palpala-un-tractor-aplasto-y-mato-a-un-nino-de-6-anos\\\/\"},\"wordCount\":124,\"commentCount\":0,\"publisher\":{\"@id\":\"https:\\\/\\\/www.muyjujuy.com\\\/#organization\"},\"image\":{\"@id\":\"https:\\\/\\\/www.muyjujuy.com\\\/index.php\\\/2022\\\/11\\\/01\\\/tragedia-en-palpala-un-tractor-aplasto-y-mato-a-un-nino-de-6-anos\\\/#primaryimage\"},\"thumbnailUrl\":\"https:\\\/\\\/www.muyjujuy.com\\\/wp-content\\\/uploads\\\/2022\\\/11\\\/WhatsApp-Image-2022-11-01-at-18.07.30-1.jpeg\",\"keywords\":[\"Jujuy\",\"Palpal\u00e1\"],\"articleSection\":[\"Sociedad\"],\"inLanguage\":\"es-AR\",\"potentialAction\":[{\"@type\":\"CommentAction\",\"name\":\"Comment\",\"target\":[\"https:\\\/\\\/www.muyjujuy.com\\\/index.php\\\/2022\\\/11\\\/01\\\/tragedia-en-palpala-un-tractor-aplasto-y-mato-a-un-nino-de-6-anos\\\/#respond\"]}]},{\"@type\":\"WebPage\",\"@id\":\"https:\\\/\\\/www.muyjujuy.com\\\/index.php\\\/2022\\\/11\\\/01\\\/tragedia-en-palpala-un-tractor-aplasto-y-mato-a-un-nino-de-6-anos\\\/\",\"url\":\"https:\\\/\\\/www.muyjujuy.com\\\/index.php\\\/2022\\\/11\\\/01\\\/tragedia-en-palpala-un-tractor-aplasto-y-mato-a-un-nino-de-6-anos\\\/\",\"name\":\"Tragedia en Palpal\u00e1: un tractor aplast\u00f3 y mat\u00f3 a un ni\u00f1o de 6 a\u00f1os - Muy Jujuy\",\"isPartOf\":{\"@id\":\"https:\\\/\\\/www.muyjujuy.com\\\/#website\"},\"primaryImageOfPage\":{\"@id\":\"https:\\\/\\\/www.muyjujuy.com\\\/index.php\\\/2022\\\/11\\\/01\\\/tragedia-en-palpala-un-tractor-aplasto-y-mato-a-un-nino-de-6-anos\\\/#primaryimage\"},\"image\":{\"@id\":\"https:\\\/\\\/www.muyjujuy.com\\\/index.php\\\/2022\\\/11\\\/01\\\/tragedia-en-palpala-un-tractor-aplasto-y-mato-a-un-nino-de-6-anos\\\/#primaryimage\"},\"thumbnailUrl\":\"https:\\\/\\\/www.muyjujuy.com\\\/wp-content\\\/uploads\\\/2022\\\/11\\\/WhatsApp-Image-2022-11-01-at-18.07.30-1.jpeg\",\"datePublished\":\"2022-11-01T21:25:36+00:00\",\"dateModified\":\"2022-11-01T21:25:37+00:00\",\"description\":\"El hecho ocurri\u00f3 este martes cuando un hombre con sus dos hijos circulaban en un tractor por la zona de Palpal\u00e1.\",\"breadcrumb\":{\"@id\":\"https:\\\/\\\/www.muyjujuy.com\\\/index.php\\\/2022\\\/11\\\/01\\\/tragedia-en-palpala-un-tractor-aplasto-y-mato-a-un-nino-de-6-anos\\\/#breadcrumb\"},\"inLanguage\":\"es-AR\",\"potentialAction\":[{\"@type\":\"ReadAction\",\"target\":[\"https:\\\/\\\/www.muyjujuy.com\\\/index.php\\\/2022\\\/11\\\/01\\\/tragedia-en-palpala-un-tractor-aplasto-y-mato-a-un-nino-de-6-anos\\\/\"]}]},{\"@type\":\"ImageObject\",\"inLanguage\":\"es-AR\",\"@id\":\"https:\\\/\\\/www.muyjujuy.com\\\/index.php\\\/2022\\\/11\\\/01\\\/tragedia-en-palpala-un-tractor-aplasto-y-mato-a-un-nino-de-6-anos\\\/#primaryimage\",\"url\":\"https:\\\/\\\/www.muyjujuy.com\\\/wp-content\\\/uploads\\\/2022\\\/11\\\/WhatsApp-Image-2022-11-01-at-18.07.30-1.jpeg\",\"contentUrl\":\"https:\\\/\\\/www.muyjujuy.com\\\/wp-content\\\/uploads\\\/2022\\\/11\\\/WhatsApp-Image-2022-11-01-at-18.07.30-1.jpeg\",\"width\":970,\"height\":546},{\"@type\":\"BreadcrumbList\",\"@id\":\"https:\\\/\\\/www.muyjujuy.com\\\/index.php\\\/2022\\\/11\\\/01\\\/tragedia-en-palpala-un-tractor-aplasto-y-mato-a-un-nino-de-6-anos\\\/#breadcrumb\",\"itemListElement\":[{\"@type\":\"ListItem\",\"position\":1,\"name\":\"Inicio\",\"item\":\"https:\\\/\\\/www.muyjujuy.com\\\/\"},{\"@type\":\"ListItem\",\"position\":2,\"name\":\"Tragedia en Palpal\u00e1: un tractor aplast\u00f3 y mat\u00f3 a un ni\u00f1o de 6 a\u00f1os\"}]},{\"@type\":\"WebSite\",\"@id\":\"https:\\\/\\\/www.muyjujuy.com\\\/#website\",\"url\":\"https:\\\/\\\/www.muyjujuy.com\\\/\",\"name\":\"Muy Jujuy\",\"description\":\"\",\"publisher\":{\"@id\":\"https:\\\/\\\/www.muyjujuy.com\\\/#organization\"},\"potentialAction\":[{\"@type\":\"SearchAction\",\"target\":{\"@type\":\"EntryPoint\",\"urlTemplate\":\"https:\\\/\\\/www.muyjujuy.com\\\/?s={search_term_string}\"},\"query-input\":{\"@type\":\"PropertyValueSpecification\",\"valueRequired\":true,\"valueName\":\"search_term_string\"}}],\"inLanguage\":\"es-AR\"},{\"@type\":\"Organization\",\"@id\":\"https:\\\/\\\/www.muyjujuy.com\\\/#organization\",\"name\":\"Muy Jujuy\",\"url\":\"https:\\\/\\\/www.muyjujuy.com\\\/\",\"logo\":{\"@type\":\"ImageObject\",\"inLanguage\":\"es-AR\",\"@id\":\"https:\\\/\\\/www.muyjujuy.com\\\/#\\\/schema\\\/logo\\\/image\\\/\",\"url\":\"http:\\\/\\\/www.muyjujuy.com\\\/wp-content\\\/uploads\\\/2022\\\/05\\\/logo-mobil-jujuy.png\",\"contentUrl\":\"http:\\\/\\\/www.muyjujuy.com\\\/wp-content\\\/uploads\\\/2022\\\/05\\\/logo-mobil-jujuy.png\",\"width\":174,\"height\":81,\"caption\":\"Muy Jujuy\"},\"image\":{\"@id\":\"https:\\\/\\\/www.muyjujuy.com\\\/#\\\/schema\\\/logo\\\/image\\\/\"},\"sameAs\":[\"https:\\\/\\\/www.facebook.com\\\/muyjujuycom\",\"https:\\\/\\\/x.com\\\/muyjujuy\",\"https:\\\/\\\/www.instagram.com\\\/muyjujuycom\"]},{\"@type\":\"Person\",\"@id\":\"https:\\\/\\\/www.muyjujuy.com\\\/#\\\/schema\\\/person\\\/1d0f6e223ccea9e3f9034c1a5b683bf2\",\"name\":\"Redacci\u00f3n Muy Jujuy\",\"image\":{\"@type\":\"ImageObject\",\"inLanguage\":\"es-AR\",\"@id\":\"https:\\\/\\\/secure.gravatar.com\\\/avatar\\\/fec5f6f1893d741ed5eecccff109ce43e67a855411202a3212a058cb8e5c27d4?s=96&d=mm&r=g\",\"url\":\"https:\\\/\\\/secure.gravatar.com\\\/avatar\\\/fec5f6f1893d741ed5eecccff109ce43e67a855411202a3212a058cb8e5c27d4?s=96&d=mm&r=g\",\"contentUrl\":\"https:\\\/\\\/secure.gravatar.com\\\/avatar\\\/fec5f6f1893d741ed5eecccff109ce43e67a855411202a3212a058cb8e5c27d4?s=96&d=mm&r=g\",\"caption\":\"Redacci\u00f3n Muy Jujuy\"},\"url\":\"https:\\\/\\\/www.muyjujuy.com\\\/index.php\\\/author\\\/editor\\\/\"}]}<\/script>\n<!-- \/ Yoast SEO plugin. -->","yoast_head_json":{"title":"Tragedia en Palpal\u00e1: un tractor aplast\u00f3 y mat\u00f3 a un ni\u00f1o de 6 a\u00f1os - Muy Jujuy","description":"El hecho ocurri\u00f3 este martes cuando un hombre con sus dos hijos circulaban en un tractor por la zona de Palpal\u00e1.","robots":{"index":"index","follow":"follow","max-snippet":"max-snippet:-1","max-image-preview":"max-image-preview:large","max-video-preview":"max-video-preview:-1"},"canonical":"https:\/\/www.muyjujuy.com\/index.php\/2022\/11\/01\/tragedia-en-palpala-un-tractor-aplasto-y-mato-a-un-nino-de-6-anos\/","og_locale":"es_ES","og_type":"article","og_title":"Tragedia en Palpal\u00e1: un tractor aplast\u00f3 y mat\u00f3 a un ni\u00f1o de 6 a\u00f1os - Muy Jujuy","og_description":"El hecho ocurri\u00f3 este martes cuando un hombre con sus dos hijos circulaban en un tractor por la zona de Palpal\u00e1.","og_url":"https:\/\/www.muyjujuy.com\/index.php\/2022\/11\/01\/tragedia-en-palpala-un-tractor-aplasto-y-mato-a-un-nino-de-6-anos\/","og_site_name":"Muy Jujuy","article_publisher":"https:\/\/www.facebook.com\/muyjujuycom","article_published_time":"2022-11-01T21:25:36+00:00","article_modified_time":"2022-11-01T21:25:37+00:00","og_image":[{"width":970,"height":546,"url":"https:\/\/www.muyjujuy.com\/wp-content\/uploads\/2022\/11\/WhatsApp-Image-2022-11-01-at-18.07.30-1.jpeg","type":"image\/jpeg"}],"author":"Redacci\u00f3n Muy Jujuy","twitter_card":"summary_large_image","twitter_creator":"@muyjujuy","twitter_site":"@muyjujuy","twitter_misc":{"Escrito por":"Redacci\u00f3n Muy Jujuy","Tiempo de lectura":"1 minuto"},"schema":{"@context":"https:\/\/schema.org","@graph":[{"@type":"Article","@id":"https:\/\/www.muyjujuy.com\/index.php\/2022\/11\/01\/tragedia-en-palpala-un-tractor-aplasto-y-mato-a-un-nino-de-6-anos\/#article","isPartOf":{"@id":"https:\/\/www.muyjujuy.com\/index.php\/2022\/11\/01\/tragedia-en-palpala-un-tractor-aplasto-y-mato-a-un-nino-de-6-anos\/"},"author":{"name":"Redacci\u00f3n Muy Jujuy","@id":"https:\/\/www.muyjujuy.com\/#\/schema\/person\/1d0f6e223ccea9e3f9034c1a5b683bf2"},"headline":"Tragedia en Palpal\u00e1: un tractor aplast\u00f3 y mat\u00f3 a un ni\u00f1o de 6 a\u00f1os","datePublished":"2022-11-01T21:25:36+00:00","dateModified":"2022-11-01T21:25:37+00:00","mainEntityOfPage":{"@id":"https:\/\/www.muyjujuy.com\/index.php\/2022\/11\/01\/tragedia-en-palpala-un-tractor-aplasto-y-mato-a-un-nino-de-6-anos\/"},"wordCount":124,"commentCount":0,"publisher":{"@id":"https:\/\/www.muyjujuy.com\/#organization"},"image":{"@id":"https:\/\/www.muyjujuy.com\/index.php\/2022\/11\/01\/tragedia-en-palpala-un-tractor-aplasto-y-mato-a-un-nino-de-6-anos\/#primaryimage"},"thumbnailUrl":"https:\/\/www.muyjujuy.com\/wp-content\/uploads\/2022\/11\/WhatsApp-Image-2022-11-01-at-18.07.30-1.jpeg","keywords":["Jujuy","Palpal\u00e1"],"articleSection":["Sociedad"],"inLanguage":"es-AR","potentialAction":[{"@type":"CommentAction","name":"Comment","target":["https:\/\/www.muyjujuy.com\/index.php\/2022\/11\/01\/tragedia-en-palpala-un-tractor-aplasto-y-mato-a-un-nino-de-6-anos\/#respond"]}]},{"@type":"WebPage","@id":"https:\/\/www.muyjujuy.com\/index.php\/2022\/11\/01\/tragedia-en-palpala-un-tractor-aplasto-y-mato-a-un-nino-de-6-anos\/","url":"https:\/\/www.muyjujuy.com\/index.php\/2022\/11\/01\/tragedia-en-palpala-un-tractor-aplasto-y-mato-a-un-nino-de-6-anos\/","name":"Tragedia en Palpal\u00e1: un tractor aplast\u00f3 y mat\u00f3 a un ni\u00f1o de 6 a\u00f1os - Muy Jujuy","isPartOf":{"@id":"https:\/\/www.muyjujuy.com\/#website"},"primaryImageOfPage":{"@id":"https:\/\/www.muyjujuy.com\/index.php\/2022\/11\/01\/tragedia-en-palpala-un-tractor-aplasto-y-mato-a-un-nino-de-6-anos\/#primaryimage"},"image":{"@id":"https:\/\/www.muyjujuy.com\/index.php\/2022\/11\/01\/tragedia-en-palpala-un-tractor-aplasto-y-mato-a-un-nino-de-6-anos\/#primaryimage"},"thumbnailUrl":"https:\/\/www.muyjujuy.com\/wp-content\/uploads\/2022\/11\/WhatsApp-Image-2022-11-01-at-18.07.30-1.jpeg","datePublished":"2022-11-01T21:25:36+00:00","dateModified":"2022-11-01T21:25:37+00:00","description":"El hecho ocurri\u00f3 este martes cuando un hombre con sus dos hijos circulaban en un tractor por la zona de Palpal\u00e1.","breadcrumb":{"@id":"https:\/\/www.muyjujuy.com\/index.php\/2022\/11\/01\/tragedia-en-palpala-un-tractor-aplasto-y-mato-a-un-nino-de-6-anos\/#breadcrumb"},"inLanguage":"es-AR","potentialAction":[{"@type":"ReadAction","target":["https:\/\/www.muyjujuy.com\/index.php\/2022\/11\/01\/tragedia-en-palpala-un-tractor-aplasto-y-mato-a-un-nino-de-6-anos\/"]}]},{"@type":"ImageObject","inLanguage":"es-AR","@id":"https:\/\/www.muyjujuy.com\/index.php\/2022\/11\/01\/tragedia-en-palpala-un-tractor-aplasto-y-mato-a-un-nino-de-6-anos\/#primaryimage","url":"https:\/\/www.muyjujuy.com\/wp-content\/uploads\/2022\/11\/WhatsApp-Image-2022-11-01-at-18.07.30-1.jpeg","contentUrl":"https:\/\/www.muyjujuy.com\/wp-content\/uploads\/2022\/11\/WhatsApp-Image-2022-11-01-at-18.07.30-1.jpeg","width":970,"height":546},{"@type":"BreadcrumbList","@id":"https:\/\/www.muyjujuy.com\/index.php\/2022\/11\/01\/tragedia-en-palpala-un-tractor-aplasto-y-mato-a-un-nino-de-6-anos\/#breadcrumb","itemListElement":[{"@type":"ListItem","position":1,"name":"Inicio","item":"https:\/\/www.muyjujuy.com\/"},{"@type":"ListItem","position":2,"name":"Tragedia en Palpal\u00e1: un tractor aplast\u00f3 y mat\u00f3 a un ni\u00f1o de 6 a\u00f1os"}]},{"@type":"WebSite","@id":"https:\/\/www.muyjujuy.com\/#website","url":"https:\/\/www.muyjujuy.com\/","name":"Muy Jujuy","description":"","publisher":{"@id":"https:\/\/www.muyjujuy.com\/#organization"},"potentialAction":[{"@type":"SearchAction","target":{"@type":"EntryPoint","urlTemplate":"https:\/\/www.muyjujuy.com\/?s={search_term_string}"},"query-input":{"@type":"PropertyValueSpecification","valueRequired":true,"valueName":"search_term_string"}}],"inLanguage":"es-AR"},{"@type":"Organization","@id":"https:\/\/www.muyjujuy.com\/#organization","name":"Muy Jujuy","url":"https:\/\/www.muyjujuy.com\/","logo":{"@type":"ImageObject","inLanguage":"es-AR","@id":"https:\/\/www.muyjujuy.com\/#\/schema\/logo\/image\/","url":"http:\/\/www.muyjujuy.com\/wp-content\/uploads\/2022\/05\/logo-mobil-jujuy.png","contentUrl":"http:\/\/www.muyjujuy.com\/wp-content\/uploads\/2022\/05\/logo-mobil-jujuy.png","width":174,"height":81,"caption":"Muy Jujuy"},"image":{"@id":"https:\/\/www.muyjujuy.com\/#\/schema\/logo\/image\/"},"sameAs":["https:\/\/www.facebook.com\/muyjujuycom","https:\/\/x.com\/muyjujuy","https:\/\/www.instagram.com\/muyjujuycom"]},{"@type":"Person","@id":"https:\/\/www.muyjujuy.com\/#\/schema\/person\/1d0f6e223ccea9e3f9034c1a5b683bf2","name":"Redacci\u00f3n Muy Jujuy","image":{"@type":"ImageObject","inLanguage":"es-AR","@id":"https:\/\/secure.gravatar.com\/avatar\/fec5f6f1893d741ed5eecccff109ce43e67a855411202a3212a058cb8e5c27d4?s=96&d=mm&r=g","url":"https:\/\/secure.gravatar.com\/avatar\/fec5f6f1893d741ed5eecccff109ce43e67a855411202a3212a058cb8e5c27d4?s=96&d=mm&r=g","contentUrl":"https:\/\/secure.gravatar.com\/avatar\/fec5f6f1893d741ed5eecccff109ce43e67a855411202a3212a058cb8e5c27d4?s=96&d=mm&r=g","caption":"Redacci\u00f3n Muy Jujuy"},"url":"https:\/\/www.muyjujuy.com\/index.php\/author\/editor\/"}]}},"_links":{"self":[{"href":"https:\/\/www.muyjujuy.com\/index.php\/wp-json\/wp\/v2\/posts\/1930","targetHints":{"allow":["GET"]}}],"collection":[{"href":"https:\/\/www.muyjujuy.com\/index.php\/wp-json\/wp\/v2\/posts"}],"about":[{"href":"https:\/\/www.muyjujuy.com\/index.php\/wp-json\/wp\/v2\/types\/post"}],"author":[{"embeddable":true,"href":"https:\/\/www.muyjujuy.com\/index.php\/wp-json\/wp\/v2\/users\/3"}],"replies":[{"embeddable":true,"href":"https:\/\/www.muyjujuy.com\/index.php\/wp-json\/wp\/v2\/comments?post=1930"}],"version-history":[{"count":1,"href":"https:\/\/www.muyjujuy.com\/index.php\/wp-json\/wp\/v2\/posts\/1930\/revisions"}],"predecessor-version":[{"id":1932,"href":"https:\/\/www.muyjujuy.com\/index.php\/wp-json\/wp\/v2\/posts\/1930\/revisions\/1932"}],"wp:featuredmedia":[{"embeddable":true,"href":"https:\/\/www.muyjujuy.com\/index.php\/wp-json\/wp\/v2\/media\/1931"}],"wp:attachment":[{"href":"https:\/\/www.muyjujuy.com\/index.php\/wp-json\/wp\/v2\/media?parent=1930"}],"wp:term":[{"taxonomy":"category","embeddable":true,"href":"https:\/\/www.muyjujuy.com\/index.php\/wp-json\/wp\/v2\/categories?post=1930"},{"taxonomy":"post_tag","embeddable":true,"href":"https:\/\/www.muyjujuy.com\/index.php\/wp-json\/wp\/v2\/tags?post=1930"}],"curies":[{"name":"wp","href":"https:\/\/api.w.org\/{rel}","templated":true}]}}