{"id":1936,"date":"2022-11-02T12:53:19","date_gmt":"2022-11-02T15:53:19","guid":{"rendered":"https:\/\/www.muyjujuy.com\/?p=1936"},"modified":"2022-11-02T12:53:21","modified_gmt":"2022-11-02T15:53:21","slug":"ninos-jujenos-personificaron-a-santos-y-entregan-estampitas-en-el-dia-de-los-muertos","status":"publish","type":"post","link":"https:\/\/www.muyjujuy.com\/index.php\/2022\/11\/02\/ninos-jujenos-personificaron-a-santos-y-entregan-estampitas-en-el-dia-de-los-muertos\/","title":{"rendered":"Ni\u00f1os juje\u00f1os personificaron a Santos y entregan estampitas en el Dia de los Muertos"},"content":{"rendered":"\n<p><em>Ni\u00f1os y ni\u00f1as de Jujuy personificaron a santos en el marco del D\u00eda de los Muertos en la provincia.<\/em><\/p>\n\n\n\n<p>La Virgen Mar\u00eda, San Expedito, la Madre Teresa de Calcuta, entre otros venerados por la iglesia cat\u00f3lica, fueron personificados por ni\u00f1as y ni\u00f1os juje\u00f1os que salieron a <strong>resignificar su pr\u00e9dica con la entrega de estampitas, <\/strong>todo como parte de una singular celebraci\u00f3n por el <strong><a href=\"https:\/\/www.muyjujuy.com\/index.php\/2022\/10\/24\/dia-de-los-fieles-difuntos-habra-asueto-administrativo-y-escolar\/\">D\u00eda de Todos los Santos.<\/a><\/strong><\/p>\n\n\n\n<p><strong>&#8220;Se trata de revalorizar nuestra propia cultura, <\/strong>igual que con el D\u00eda de los Fieles Difuntos. <strong>Revalorizar nuestra fe y los valores que ello implica<\/strong>, que queremos que no se pierdan\u201d, reflexion\u00f3 a <em>T\u00e9lam <\/em><strong>Mariana Garc\u00eda<\/strong>, directora del Hogar Nuestra Se\u00f1ora de Bel\u00e9n. Uno de los espacios desde donde hace siete a\u00f1os se busca replicar la iniciativa.<\/p>\n\n\n\n<p>Agreg\u00f3 que <strong>hay toda una preparaci\u00f3n durante d\u00edas previos <\/strong>en los que se comparte con los chicos sobre la vida de los santos.<\/p>\n\n\n\n<p><strong>&#8220;Ellos fueron personas tan humanas como nosotros, con debilidades, que por la gracia de Dios han salido adelante en este transitar del mundo y han podido llegar a la gloria del se\u00f1or\u201d, <\/strong>ponder\u00f3 sobre lo que apuestan a trasmitir, en su caso especialmente a Franchesca, su hija, de seis a\u00f1os, que personific\u00f3 a la Virgen del Carmen.<\/p>\n\n\n\n<p>Finalmente, Garc\u00eda indic\u00f3 que la jornada de celebraci\u00f3n <strong>se vive como un cumplea\u00f1os y los ni\u00f1os se divierten<\/strong>. Destac\u00f3 que la iniciativa se expandi\u00f3 con invitaciones desde la iglesia y otros m\u00faltiples espacios. <\/p>\n\n\n\n<p><strong>&#8220;Hay varias mam\u00e1s que estuvieron compartiendo con nosotros, les encant\u00f3 <\/strong>y hoy lo est\u00e1n replicando en sus barrios, inclusive en otras localidades&#8221;, enfatiz\u00f3. <\/p>\n\n\n\n<h2 class=\"wp-block-heading\"><strong>D\u00eda de los Muertos<\/strong><\/h2>\n\n\n\n<p>Junto a sus padres, son los mismos ni\u00f1os los que <strong>eligieron a quien personificar y muchas veces esa decisi\u00f3n tiene que ver con el santo en el que est\u00e1 inspirado su nombre <\/strong>o a gracias especiales que acompa\u00f1an la vida de la familia.<\/p>\n\n\n\n<p>En ese sentido se encontr\u00f3 relatando su participaci\u00f3n Valeria, mam\u00e1 de Elena, Sim\u00f3n y Juan Cruz, de 7,6 y 5 a\u00f1os, que se hallaron representando a Santa Elena, a San Juan de la Cruz, y a Pedro Ortiz de Z\u00e1rate, presb\u00edtero de Jujuy recientemente beatificado por el Papa Francisco.<\/p>\n\n\n\n<p>\u201cSomos una familia de fe y ellos conocen que tienen su santo protector vinculado a sus nombres, as\u00ed que dos eligieron venir represent\u00e1ndolos\u201d, cont\u00f3 Valeria a T\u00e9lam.<\/p>\n\n\n\n<p>\u201cEs muy lindo todo esto, mucho m\u00e1s que la celebraci\u00f3n de ayer, porque da la oportunidad de acercarse a la vida de la fe por medio de la experiencia que tuvieron los santos\u201d, destac\u00f3 finalmente Valeria sobre la iniciativa.<\/p>\n","protected":false},"excerpt":{"rendered":"<p>Ni\u00f1os y ni\u00f1as de Jujuy personificaron a santos en el marco del D\u00eda de los Muertos en la provincia. La Virgen Mar\u00eda, San Expedito, la Madre Teresa de Calcuta, entre otros venerados por la iglesia cat\u00f3lica, fueron personificados por ni\u00f1as y ni\u00f1os juje\u00f1os que salieron a resignificar su pr\u00e9dica con la entrega de estampitas, todo [&hellip;]<\/p>\n","protected":false},"author":3,"featured_media":1937,"comment_status":"open","ping_status":"open","sticky":false,"template":"","format":"standard","meta":{"footnotes":""},"categories":[25],"tags":[8],"class_list":{"0":"post-1936","1":"post","2":"type-post","3":"status-publish","4":"format-standard","5":"has-post-thumbnail","7":"category-sociedad","8":"tag-jujuy"},"yoast_head":"<!-- This site is optimized with the Yoast SEO plugin v27.5 - https:\/\/yoast.com\/product\/yoast-seo-wordpress\/ -->\n<title>Ni\u00f1os juje\u00f1os personificaron a Santos y entregan estampitas en el Dia de los Muertos - Muy Jujuy<\/title>\n<meta name=\"description\" content=\"Ni\u00f1os y ni\u00f1as de Jujuy personificaron a santos en el marco del D\u00eda de los Muertos en la provincia. &quot;Se trata de revalorizar la cultura&quot;.\" \/>\n<meta name=\"robots\" content=\"index, follow, max-snippet:-1, max-image-preview:large, max-video-preview:-1\" \/>\n<link rel=\"canonical\" href=\"https:\/\/www.muyjujuy.com\/index.php\/2022\/11\/02\/ninos-jujenos-personificaron-a-santos-y-entregan-estampitas-en-el-dia-de-los-muertos\/\" \/>\n<meta property=\"og:locale\" content=\"es_ES\" \/>\n<meta property=\"og:type\" content=\"article\" \/>\n<meta property=\"og:title\" content=\"Ni\u00f1os juje\u00f1os personificaron a Santos y entregan estampitas en el Dia de los Muertos - Muy Jujuy\" \/>\n<meta property=\"og:description\" content=\"Ni\u00f1os y ni\u00f1as de Jujuy personificaron a santos en el marco del D\u00eda de los Muertos en la provincia. &quot;Se trata de revalorizar la cultura&quot;.\" \/>\n<meta property=\"og:url\" content=\"https:\/\/www.muyjujuy.com\/index.php\/2022\/11\/02\/ninos-jujenos-personificaron-a-santos-y-entregan-estampitas-en-el-dia-de-los-muertos\/\" \/>\n<meta property=\"og:site_name\" content=\"Muy Jujuy\" \/>\n<meta property=\"article:publisher\" content=\"https:\/\/www.facebook.com\/muyjujuycom\" \/>\n<meta property=\"article:published_time\" content=\"2022-11-02T15:53:19+00:00\" \/>\n<meta property=\"article:modified_time\" content=\"2022-11-02T15:53:21+00:00\" \/>\n<meta property=\"og:image\" content=\"https:\/\/www.muyjujuy.com\/wp-content\/uploads\/2022\/11\/WhatsApp-Image-2022-11-02-at-12.52.10.jpeg\" \/>\n\t<meta property=\"og:image:width\" content=\"640\" \/>\n\t<meta property=\"og:image:height\" content=\"360\" \/>\n\t<meta property=\"og:image:type\" content=\"image\/jpeg\" \/>\n<meta name=\"author\" content=\"Redacci\u00f3n Muy Jujuy\" \/>\n<meta name=\"twitter:card\" content=\"summary_large_image\" \/>\n<meta name=\"twitter:creator\" content=\"@muyjujuy\" \/>\n<meta name=\"twitter:site\" content=\"@muyjujuy\" \/>\n<meta name=\"twitter:label1\" content=\"Escrito por\" \/>\n\t<meta name=\"twitter:data1\" content=\"Redacci\u00f3n Muy Jujuy\" \/>\n\t<meta name=\"twitter:label2\" content=\"Tiempo de lectura\" \/>\n\t<meta name=\"twitter:data2\" content=\"2 minutos\" \/>\n<script type=\"application\/ld+json\" class=\"yoast-schema-graph\">{\"@context\":\"https:\\\/\\\/schema.org\",\"@graph\":[{\"@type\":\"Article\",\"@id\":\"https:\\\/\\\/www.muyjujuy.com\\\/index.php\\\/2022\\\/11\\\/02\\\/ninos-jujenos-personificaron-a-santos-y-entregan-estampitas-en-el-dia-de-los-muertos\\\/#article\",\"isPartOf\":{\"@id\":\"https:\\\/\\\/www.muyjujuy.com\\\/index.php\\\/2022\\\/11\\\/02\\\/ninos-jujenos-personificaron-a-santos-y-entregan-estampitas-en-el-dia-de-los-muertos\\\/\"},\"author\":{\"name\":\"Redacci\u00f3n Muy Jujuy\",\"@id\":\"https:\\\/\\\/www.muyjujuy.com\\\/#\\\/schema\\\/person\\\/1d0f6e223ccea9e3f9034c1a5b683bf2\"},\"headline\":\"Ni\u00f1os juje\u00f1os personificaron a Santos y entregan estampitas en el Dia de los Muertos\",\"datePublished\":\"2022-11-02T15:53:19+00:00\",\"dateModified\":\"2022-11-02T15:53:21+00:00\",\"mainEntityOfPage\":{\"@id\":\"https:\\\/\\\/www.muyjujuy.com\\\/index.php\\\/2022\\\/11\\\/02\\\/ninos-jujenos-personificaron-a-santos-y-entregan-estampitas-en-el-dia-de-los-muertos\\\/\"},\"wordCount\":478,\"commentCount\":0,\"publisher\":{\"@id\":\"https:\\\/\\\/www.muyjujuy.com\\\/#organization\"},\"image\":{\"@id\":\"https:\\\/\\\/www.muyjujuy.com\\\/index.php\\\/2022\\\/11\\\/02\\\/ninos-jujenos-personificaron-a-santos-y-entregan-estampitas-en-el-dia-de-los-muertos\\\/#primaryimage\"},\"thumbnailUrl\":\"https:\\\/\\\/www.muyjujuy.com\\\/wp-content\\\/uploads\\\/2022\\\/11\\\/WhatsApp-Image-2022-11-02-at-12.52.10.jpeg\",\"keywords\":[\"Jujuy\"],\"articleSection\":[\"Sociedad\"],\"inLanguage\":\"es-AR\",\"potentialAction\":[{\"@type\":\"CommentAction\",\"name\":\"Comment\",\"target\":[\"https:\\\/\\\/www.muyjujuy.com\\\/index.php\\\/2022\\\/11\\\/02\\\/ninos-jujenos-personificaron-a-santos-y-entregan-estampitas-en-el-dia-de-los-muertos\\\/#respond\"]}]},{\"@type\":\"WebPage\",\"@id\":\"https:\\\/\\\/www.muyjujuy.com\\\/index.php\\\/2022\\\/11\\\/02\\\/ninos-jujenos-personificaron-a-santos-y-entregan-estampitas-en-el-dia-de-los-muertos\\\/\",\"url\":\"https:\\\/\\\/www.muyjujuy.com\\\/index.php\\\/2022\\\/11\\\/02\\\/ninos-jujenos-personificaron-a-santos-y-entregan-estampitas-en-el-dia-de-los-muertos\\\/\",\"name\":\"Ni\u00f1os juje\u00f1os personificaron a Santos y entregan estampitas en el Dia de los Muertos - Muy Jujuy\",\"isPartOf\":{\"@id\":\"https:\\\/\\\/www.muyjujuy.com\\\/#website\"},\"primaryImageOfPage\":{\"@id\":\"https:\\\/\\\/www.muyjujuy.com\\\/index.php\\\/2022\\\/11\\\/02\\\/ninos-jujenos-personificaron-a-santos-y-entregan-estampitas-en-el-dia-de-los-muertos\\\/#primaryimage\"},\"image\":{\"@id\":\"https:\\\/\\\/www.muyjujuy.com\\\/index.php\\\/2022\\\/11\\\/02\\\/ninos-jujenos-personificaron-a-santos-y-entregan-estampitas-en-el-dia-de-los-muertos\\\/#primaryimage\"},\"thumbnailUrl\":\"https:\\\/\\\/www.muyjujuy.com\\\/wp-content\\\/uploads\\\/2022\\\/11\\\/WhatsApp-Image-2022-11-02-at-12.52.10.jpeg\",\"datePublished\":\"2022-11-02T15:53:19+00:00\",\"dateModified\":\"2022-11-02T15:53:21+00:00\",\"description\":\"Ni\u00f1os y ni\u00f1as de Jujuy personificaron a santos en el marco del D\u00eda de los Muertos en la provincia. \\\"Se trata de revalorizar la cultura\\\".\",\"breadcrumb\":{\"@id\":\"https:\\\/\\\/www.muyjujuy.com\\\/index.php\\\/2022\\\/11\\\/02\\\/ninos-jujenos-personificaron-a-santos-y-entregan-estampitas-en-el-dia-de-los-muertos\\\/#breadcrumb\"},\"inLanguage\":\"es-AR\",\"potentialAction\":[{\"@type\":\"ReadAction\",\"target\":[\"https:\\\/\\\/www.muyjujuy.com\\\/index.php\\\/2022\\\/11\\\/02\\\/ninos-jujenos-personificaron-a-santos-y-entregan-estampitas-en-el-dia-de-los-muertos\\\/\"]}]},{\"@type\":\"ImageObject\",\"inLanguage\":\"es-AR\",\"@id\":\"https:\\\/\\\/www.muyjujuy.com\\\/index.php\\\/2022\\\/11\\\/02\\\/ninos-jujenos-personificaron-a-santos-y-entregan-estampitas-en-el-dia-de-los-muertos\\\/#primaryimage\",\"url\":\"https:\\\/\\\/www.muyjujuy.com\\\/wp-content\\\/uploads\\\/2022\\\/11\\\/WhatsApp-Image-2022-11-02-at-12.52.10.jpeg\",\"contentUrl\":\"https:\\\/\\\/www.muyjujuy.com\\\/wp-content\\\/uploads\\\/2022\\\/11\\\/WhatsApp-Image-2022-11-02-at-12.52.10.jpeg\",\"width\":640,\"height\":360},{\"@type\":\"BreadcrumbList\",\"@id\":\"https:\\\/\\\/www.muyjujuy.com\\\/index.php\\\/2022\\\/11\\\/02\\\/ninos-jujenos-personificaron-a-santos-y-entregan-estampitas-en-el-dia-de-los-muertos\\\/#breadcrumb\",\"itemListElement\":[{\"@type\":\"ListItem\",\"position\":1,\"name\":\"Inicio\",\"item\":\"https:\\\/\\\/www.muyjujuy.com\\\/\"},{\"@type\":\"ListItem\",\"position\":2,\"name\":\"Ni\u00f1os juje\u00f1os personificaron a Santos y entregan estampitas en el Dia de los Muertos\"}]},{\"@type\":\"WebSite\",\"@id\":\"https:\\\/\\\/www.muyjujuy.com\\\/#website\",\"url\":\"https:\\\/\\\/www.muyjujuy.com\\\/\",\"name\":\"Muy Jujuy\",\"description\":\"\",\"publisher\":{\"@id\":\"https:\\\/\\\/www.muyjujuy.com\\\/#organization\"},\"potentialAction\":[{\"@type\":\"SearchAction\",\"target\":{\"@type\":\"EntryPoint\",\"urlTemplate\":\"https:\\\/\\\/www.muyjujuy.com\\\/?s={search_term_string}\"},\"query-input\":{\"@type\":\"PropertyValueSpecification\",\"valueRequired\":true,\"valueName\":\"search_term_string\"}}],\"inLanguage\":\"es-AR\"},{\"@type\":\"Organization\",\"@id\":\"https:\\\/\\\/www.muyjujuy.com\\\/#organization\",\"name\":\"Muy Jujuy\",\"url\":\"https:\\\/\\\/www.muyjujuy.com\\\/\",\"logo\":{\"@type\":\"ImageObject\",\"inLanguage\":\"es-AR\",\"@id\":\"https:\\\/\\\/www.muyjujuy.com\\\/#\\\/schema\\\/logo\\\/image\\\/\",\"url\":\"http:\\\/\\\/www.muyjujuy.com\\\/wp-content\\\/uploads\\\/2022\\\/05\\\/logo-mobil-jujuy.png\",\"contentUrl\":\"http:\\\/\\\/www.muyjujuy.com\\\/wp-content\\\/uploads\\\/2022\\\/05\\\/logo-mobil-jujuy.png\",\"width\":174,\"height\":81,\"caption\":\"Muy Jujuy\"},\"image\":{\"@id\":\"https:\\\/\\\/www.muyjujuy.com\\\/#\\\/schema\\\/logo\\\/image\\\/\"},\"sameAs\":[\"https:\\\/\\\/www.facebook.com\\\/muyjujuycom\",\"https:\\\/\\\/x.com\\\/muyjujuy\",\"https:\\\/\\\/www.instagram.com\\\/muyjujuycom\"]},{\"@type\":\"Person\",\"@id\":\"https:\\\/\\\/www.muyjujuy.com\\\/#\\\/schema\\\/person\\\/1d0f6e223ccea9e3f9034c1a5b683bf2\",\"name\":\"Redacci\u00f3n Muy Jujuy\",\"image\":{\"@type\":\"ImageObject\",\"inLanguage\":\"es-AR\",\"@id\":\"https:\\\/\\\/secure.gravatar.com\\\/avatar\\\/fec5f6f1893d741ed5eecccff109ce43e67a855411202a3212a058cb8e5c27d4?s=96&d=mm&r=g\",\"url\":\"https:\\\/\\\/secure.gravatar.com\\\/avatar\\\/fec5f6f1893d741ed5eecccff109ce43e67a855411202a3212a058cb8e5c27d4?s=96&d=mm&r=g\",\"contentUrl\":\"https:\\\/\\\/secure.gravatar.com\\\/avatar\\\/fec5f6f1893d741ed5eecccff109ce43e67a855411202a3212a058cb8e5c27d4?s=96&d=mm&r=g\",\"caption\":\"Redacci\u00f3n Muy Jujuy\"},\"url\":\"https:\\\/\\\/www.muyjujuy.com\\\/index.php\\\/author\\\/editor\\\/\"}]}<\/script>\n<!-- \/ Yoast SEO plugin. -->","yoast_head_json":{"title":"Ni\u00f1os juje\u00f1os personificaron a Santos y entregan estampitas en el Dia de los Muertos - Muy Jujuy","description":"Ni\u00f1os y ni\u00f1as de Jujuy personificaron a santos en el marco del D\u00eda de los Muertos en la provincia. \"Se trata de revalorizar la cultura\".","robots":{"index":"index","follow":"follow","max-snippet":"max-snippet:-1","max-image-preview":"max-image-preview:large","max-video-preview":"max-video-preview:-1"},"canonical":"https:\/\/www.muyjujuy.com\/index.php\/2022\/11\/02\/ninos-jujenos-personificaron-a-santos-y-entregan-estampitas-en-el-dia-de-los-muertos\/","og_locale":"es_ES","og_type":"article","og_title":"Ni\u00f1os juje\u00f1os personificaron a Santos y entregan estampitas en el Dia de los Muertos - Muy Jujuy","og_description":"Ni\u00f1os y ni\u00f1as de Jujuy personificaron a santos en el marco del D\u00eda de los Muertos en la provincia. \"Se trata de revalorizar la cultura\".","og_url":"https:\/\/www.muyjujuy.com\/index.php\/2022\/11\/02\/ninos-jujenos-personificaron-a-santos-y-entregan-estampitas-en-el-dia-de-los-muertos\/","og_site_name":"Muy Jujuy","article_publisher":"https:\/\/www.facebook.com\/muyjujuycom","article_published_time":"2022-11-02T15:53:19+00:00","article_modified_time":"2022-11-02T15:53:21+00:00","og_image":[{"width":640,"height":360,"url":"https:\/\/www.muyjujuy.com\/wp-content\/uploads\/2022\/11\/WhatsApp-Image-2022-11-02-at-12.52.10.jpeg","type":"image\/jpeg"}],"author":"Redacci\u00f3n Muy Jujuy","twitter_card":"summary_large_image","twitter_creator":"@muyjujuy","twitter_site":"@muyjujuy","twitter_misc":{"Escrito por":"Redacci\u00f3n Muy Jujuy","Tiempo de lectura":"2 minutos"},"schema":{"@context":"https:\/\/schema.org","@graph":[{"@type":"Article","@id":"https:\/\/www.muyjujuy.com\/index.php\/2022\/11\/02\/ninos-jujenos-personificaron-a-santos-y-entregan-estampitas-en-el-dia-de-los-muertos\/#article","isPartOf":{"@id":"https:\/\/www.muyjujuy.com\/index.php\/2022\/11\/02\/ninos-jujenos-personificaron-a-santos-y-entregan-estampitas-en-el-dia-de-los-muertos\/"},"author":{"name":"Redacci\u00f3n Muy Jujuy","@id":"https:\/\/www.muyjujuy.com\/#\/schema\/person\/1d0f6e223ccea9e3f9034c1a5b683bf2"},"headline":"Ni\u00f1os juje\u00f1os personificaron a Santos y entregan estampitas en el Dia de los Muertos","datePublished":"2022-11-02T15:53:19+00:00","dateModified":"2022-11-02T15:53:21+00:00","mainEntityOfPage":{"@id":"https:\/\/www.muyjujuy.com\/index.php\/2022\/11\/02\/ninos-jujenos-personificaron-a-santos-y-entregan-estampitas-en-el-dia-de-los-muertos\/"},"wordCount":478,"commentCount":0,"publisher":{"@id":"https:\/\/www.muyjujuy.com\/#organization"},"image":{"@id":"https:\/\/www.muyjujuy.com\/index.php\/2022\/11\/02\/ninos-jujenos-personificaron-a-santos-y-entregan-estampitas-en-el-dia-de-los-muertos\/#primaryimage"},"thumbnailUrl":"https:\/\/www.muyjujuy.com\/wp-content\/uploads\/2022\/11\/WhatsApp-Image-2022-11-02-at-12.52.10.jpeg","keywords":["Jujuy"],"articleSection":["Sociedad"],"inLanguage":"es-AR","potentialAction":[{"@type":"CommentAction","name":"Comment","target":["https:\/\/www.muyjujuy.com\/index.php\/2022\/11\/02\/ninos-jujenos-personificaron-a-santos-y-entregan-estampitas-en-el-dia-de-los-muertos\/#respond"]}]},{"@type":"WebPage","@id":"https:\/\/www.muyjujuy.com\/index.php\/2022\/11\/02\/ninos-jujenos-personificaron-a-santos-y-entregan-estampitas-en-el-dia-de-los-muertos\/","url":"https:\/\/www.muyjujuy.com\/index.php\/2022\/11\/02\/ninos-jujenos-personificaron-a-santos-y-entregan-estampitas-en-el-dia-de-los-muertos\/","name":"Ni\u00f1os juje\u00f1os personificaron a Santos y entregan estampitas en el Dia de los Muertos - Muy Jujuy","isPartOf":{"@id":"https:\/\/www.muyjujuy.com\/#website"},"primaryImageOfPage":{"@id":"https:\/\/www.muyjujuy.com\/index.php\/2022\/11\/02\/ninos-jujenos-personificaron-a-santos-y-entregan-estampitas-en-el-dia-de-los-muertos\/#primaryimage"},"image":{"@id":"https:\/\/www.muyjujuy.com\/index.php\/2022\/11\/02\/ninos-jujenos-personificaron-a-santos-y-entregan-estampitas-en-el-dia-de-los-muertos\/#primaryimage"},"thumbnailUrl":"https:\/\/www.muyjujuy.com\/wp-content\/uploads\/2022\/11\/WhatsApp-Image-2022-11-02-at-12.52.10.jpeg","datePublished":"2022-11-02T15:53:19+00:00","dateModified":"2022-11-02T15:53:21+00:00","description":"Ni\u00f1os y ni\u00f1as de Jujuy personificaron a santos en el marco del D\u00eda de los Muertos en la provincia. \"Se trata de revalorizar la cultura\".","breadcrumb":{"@id":"https:\/\/www.muyjujuy.com\/index.php\/2022\/11\/02\/ninos-jujenos-personificaron-a-santos-y-entregan-estampitas-en-el-dia-de-los-muertos\/#breadcrumb"},"inLanguage":"es-AR","potentialAction":[{"@type":"ReadAction","target":["https:\/\/www.muyjujuy.com\/index.php\/2022\/11\/02\/ninos-jujenos-personificaron-a-santos-y-entregan-estampitas-en-el-dia-de-los-muertos\/"]}]},{"@type":"ImageObject","inLanguage":"es-AR","@id":"https:\/\/www.muyjujuy.com\/index.php\/2022\/11\/02\/ninos-jujenos-personificaron-a-santos-y-entregan-estampitas-en-el-dia-de-los-muertos\/#primaryimage","url":"https:\/\/www.muyjujuy.com\/wp-content\/uploads\/2022\/11\/WhatsApp-Image-2022-11-02-at-12.52.10.jpeg","contentUrl":"https:\/\/www.muyjujuy.com\/wp-content\/uploads\/2022\/11\/WhatsApp-Image-2022-11-02-at-12.52.10.jpeg","width":640,"height":360},{"@type":"BreadcrumbList","@id":"https:\/\/www.muyjujuy.com\/index.php\/2022\/11\/02\/ninos-jujenos-personificaron-a-santos-y-entregan-estampitas-en-el-dia-de-los-muertos\/#breadcrumb","itemListElement":[{"@type":"ListItem","position":1,"name":"Inicio","item":"https:\/\/www.muyjujuy.com\/"},{"@type":"ListItem","position":2,"name":"Ni\u00f1os juje\u00f1os personificaron a Santos y entregan estampitas en el Dia de los Muertos"}]},{"@type":"WebSite","@id":"https:\/\/www.muyjujuy.com\/#website","url":"https:\/\/www.muyjujuy.com\/","name":"Muy Jujuy","description":"","publisher":{"@id":"https:\/\/www.muyjujuy.com\/#organization"},"potentialAction":[{"@type":"SearchAction","target":{"@type":"EntryPoint","urlTemplate":"https:\/\/www.muyjujuy.com\/?s={search_term_string}"},"query-input":{"@type":"PropertyValueSpecification","valueRequired":true,"valueName":"search_term_string"}}],"inLanguage":"es-AR"},{"@type":"Organization","@id":"https:\/\/www.muyjujuy.com\/#organization","name":"Muy Jujuy","url":"https:\/\/www.muyjujuy.com\/","logo":{"@type":"ImageObject","inLanguage":"es-AR","@id":"https:\/\/www.muyjujuy.com\/#\/schema\/logo\/image\/","url":"http:\/\/www.muyjujuy.com\/wp-content\/uploads\/2022\/05\/logo-mobil-jujuy.png","contentUrl":"http:\/\/www.muyjujuy.com\/wp-content\/uploads\/2022\/05\/logo-mobil-jujuy.png","width":174,"height":81,"caption":"Muy Jujuy"},"image":{"@id":"https:\/\/www.muyjujuy.com\/#\/schema\/logo\/image\/"},"sameAs":["https:\/\/www.facebook.com\/muyjujuycom","https:\/\/x.com\/muyjujuy","https:\/\/www.instagram.com\/muyjujuycom"]},{"@type":"Person","@id":"https:\/\/www.muyjujuy.com\/#\/schema\/person\/1d0f6e223ccea9e3f9034c1a5b683bf2","name":"Redacci\u00f3n Muy Jujuy","image":{"@type":"ImageObject","inLanguage":"es-AR","@id":"https:\/\/secure.gravatar.com\/avatar\/fec5f6f1893d741ed5eecccff109ce43e67a855411202a3212a058cb8e5c27d4?s=96&d=mm&r=g","url":"https:\/\/secure.gravatar.com\/avatar\/fec5f6f1893d741ed5eecccff109ce43e67a855411202a3212a058cb8e5c27d4?s=96&d=mm&r=g","contentUrl":"https:\/\/secure.gravatar.com\/avatar\/fec5f6f1893d741ed5eecccff109ce43e67a855411202a3212a058cb8e5c27d4?s=96&d=mm&r=g","caption":"Redacci\u00f3n Muy Jujuy"},"url":"https:\/\/www.muyjujuy.com\/index.php\/author\/editor\/"}]}},"_links":{"self":[{"href":"https:\/\/www.muyjujuy.com\/index.php\/wp-json\/wp\/v2\/posts\/1936","targetHints":{"allow":["GET"]}}],"collection":[{"href":"https:\/\/www.muyjujuy.com\/index.php\/wp-json\/wp\/v2\/posts"}],"about":[{"href":"https:\/\/www.muyjujuy.com\/index.php\/wp-json\/wp\/v2\/types\/post"}],"author":[{"embeddable":true,"href":"https:\/\/www.muyjujuy.com\/index.php\/wp-json\/wp\/v2\/users\/3"}],"replies":[{"embeddable":true,"href":"https:\/\/www.muyjujuy.com\/index.php\/wp-json\/wp\/v2\/comments?post=1936"}],"version-history":[{"count":1,"href":"https:\/\/www.muyjujuy.com\/index.php\/wp-json\/wp\/v2\/posts\/1936\/revisions"}],"predecessor-version":[{"id":1938,"href":"https:\/\/www.muyjujuy.com\/index.php\/wp-json\/wp\/v2\/posts\/1936\/revisions\/1938"}],"wp:featuredmedia":[{"embeddable":true,"href":"https:\/\/www.muyjujuy.com\/index.php\/wp-json\/wp\/v2\/media\/1937"}],"wp:attachment":[{"href":"https:\/\/www.muyjujuy.com\/index.php\/wp-json\/wp\/v2\/media?parent=1936"}],"wp:term":[{"taxonomy":"category","embeddable":true,"href":"https:\/\/www.muyjujuy.com\/index.php\/wp-json\/wp\/v2\/categories?post=1936"},{"taxonomy":"post_tag","embeddable":true,"href":"https:\/\/www.muyjujuy.com\/index.php\/wp-json\/wp\/v2\/tags?post=1936"}],"curies":[{"name":"wp","href":"https:\/\/api.w.org\/{rel}","templated":true}]}}