{"id":1953,"date":"2022-11-03T18:33:14","date_gmt":"2022-11-03T21:33:14","guid":{"rendered":"https:\/\/www.muyjujuy.com\/?p=1953"},"modified":"2022-11-03T18:33:15","modified_gmt":"2022-11-03T21:33:15","slug":"morales-se-reunio-con-representantes-de-los-sindicatos-azucareros-de-la-esperanza-y-ledesma","status":"publish","type":"post","link":"https:\/\/www.muyjujuy.com\/index.php\/2022\/11\/03\/morales-se-reunio-con-representantes-de-los-sindicatos-azucareros-de-la-esperanza-y-ledesma\/","title":{"rendered":"Morales se reuni\u00f3 con representantes de los sindicatos azucareros de La Esperanza y Ledesma"},"content":{"rendered":"\n<p><em>El gobernador mantuvo una reuni\u00f3n con trabajadores de los azucareros de La Esperanza y Ledesma<\/em>.<\/p>\n\n\n\n<p>El gobernador de Jujuy, <strong>Gerardo Morales, <\/strong>se reuni\u00f3 con dirigentes de los sindicatos de <strong>Obreros y Empleados del Az\u00facar del Ingenio La Esperanza y de Ledesma<\/strong> para abordar la situaci\u00f3n de <strong>los trabajadores en la zona del Ramal. <\/strong>Escenario habitacional, prestaciones sanitarias e infraestructura en lotes y localidades donde habita la familia azucarera, fueron los temas abordados.<\/p>\n\n\n\n<p>El gobernante estuvo acompa\u00f1ado por el diputado <strong>Fabi\u00e1n Tejerina<\/strong>. En su despacho recibi\u00f3 al secretario general del Sindicato de Obreros y Empleados del Az\u00facar del Ingenio La Esperanza (SOEA), <strong>Sergio Ju\u00e1rez<\/strong>, para abordar temas inherentes a la actividad laboral de los trabajadores del grupo Budeguer.<\/p>\n\n\n\n<p><strong>&#8220;Se analiz\u00f3 la actividad azucarera en los diferentes puntos y localidades del ingenio La Esperanza y<\/strong> hablamos de la posibilidad de hacer un trabajo conjunto y articulado entre el Gobierno Provincial y el sindicato con el objeto de mejorar la situaci\u00f3n de los trabajadores en lo que respecta a lo habitacional&#8221;, se\u00f1al\u00f3 Tejerina.<\/p>\n\n\n\n<p>El legislador destac\u00f3 la pr\u00f3spera actualidad por la que atraviesa la f\u00e1brica azucarera &#8220;generando una situaci\u00f3n muy beneficiosa en toda la regi\u00f3n a partir de la reactivaci\u00f3n del ingenio La Esperanza\u201d. Asimismo, subray\u00f3 \u201cla muy buena proyecci\u00f3n a futuro\u201d en t\u00e9rminos productivos.<\/p>\n\n\n\n<p><strong>&#8220;Que los propios trabajadores est\u00e9n reconociendo esta situaci\u00f3n nos llena de satisfacci\u00f3n, pero m\u00e1s all\u00e1 de eso hay cuestiones que tenemos que ir resolviendo y para eso es la reuni\u00f3n de hoy\u201d,<\/strong> afirm\u00f3.<\/p>\n\n\n\n<p>Morales y Tejerina se reunieron con representantes del Sindicato de Obreros y Empleados del Az\u00facar del Ingenio Ledesma encabezados por el titular de su obra social, Miguel Guerra.<strong> \u201cLa salud de la familia azucarera es preocupaci\u00f3n del gobernador, especialmente en las zonas rurales como Vinalito, El Talar y El Piquete donde hay trabajadores del az\u00facar\u201d,<\/strong> indic\u00f3 el diputado.\u00a0<\/p>\n\n\n\n<p>Para finalizar, Tejerina destac\u00f3 los t\u00e9rminos en los que se desarrollaron sendas reuniones \u201cen las que se trataron temas ligados a la actividad, los niveles de empleo y productividad, y de c\u00f3mo impact\u00f3 la sequ\u00eda en la producci\u00f3n\u201d. El dialogo incluy\u00f3, adem\u00e1s, \u201clo referido a lo habitacional e infraestructura en lotes y localidades donde habitan las familias azucareras\u201d.<\/p>\n","protected":false},"excerpt":{"rendered":"<p>El gobernador mantuvo una reuni\u00f3n con trabajadores de los azucareros de La Esperanza y Ledesma. El gobernador de Jujuy, Gerardo Morales, se reuni\u00f3 con dirigentes de los sindicatos de Obreros y Empleados del Az\u00facar del Ingenio La Esperanza y de Ledesma para abordar la situaci\u00f3n de los trabajadores en la zona del Ramal. Escenario habitacional, [&hellip;]<\/p>\n","protected":false},"author":3,"featured_media":1954,"comment_status":"open","ping_status":"open","sticky":false,"template":"","format":"standard","meta":{"footnotes":""},"categories":[25],"tags":[5,8],"class_list":{"0":"post-1953","1":"post","2":"type-post","3":"status-publish","4":"format-standard","5":"has-post-thumbnail","7":"category-sociedad","8":"tag-gerardo-morales","9":"tag-jujuy"},"yoast_head":"<!-- This site is optimized with the Yoast SEO plugin v27.5 - https:\/\/yoast.com\/product\/yoast-seo-wordpress\/ -->\n<title>Morales se reuni\u00f3 con representantes de los sindicatos azucareros de La Esperanza y Ledesma - Muy Jujuy<\/title>\n<meta name=\"description\" content=\"El gobernador mantuvo una reuni\u00f3n con trabajadores de los azucareros de La Esperanza y Ledesma para abordar una agenda en conjunto.\" \/>\n<meta name=\"robots\" content=\"index, follow, max-snippet:-1, max-image-preview:large, max-video-preview:-1\" \/>\n<link rel=\"canonical\" href=\"https:\/\/www.muyjujuy.com\/index.php\/2022\/11\/03\/morales-se-reunio-con-representantes-de-los-sindicatos-azucareros-de-la-esperanza-y-ledesma\/\" \/>\n<meta property=\"og:locale\" content=\"es_ES\" \/>\n<meta property=\"og:type\" content=\"article\" \/>\n<meta property=\"og:title\" content=\"Morales se reuni\u00f3 con representantes de los sindicatos azucareros de La Esperanza y Ledesma - Muy Jujuy\" \/>\n<meta property=\"og:description\" content=\"El gobernador mantuvo una reuni\u00f3n con trabajadores de los azucareros de La Esperanza y Ledesma para abordar una agenda en conjunto.\" \/>\n<meta property=\"og:url\" content=\"https:\/\/www.muyjujuy.com\/index.php\/2022\/11\/03\/morales-se-reunio-con-representantes-de-los-sindicatos-azucareros-de-la-esperanza-y-ledesma\/\" \/>\n<meta property=\"og:site_name\" content=\"Muy Jujuy\" \/>\n<meta property=\"article:publisher\" content=\"https:\/\/www.facebook.com\/muyjujuycom\" \/>\n<meta property=\"article:published_time\" content=\"2022-11-03T21:33:14+00:00\" \/>\n<meta property=\"article:modified_time\" content=\"2022-11-03T21:33:15+00:00\" \/>\n<meta property=\"og:image\" content=\"https:\/\/www.muyjujuy.com\/wp-content\/uploads\/2022\/11\/WhatsApp-Image-2022-11-03-at-18.29.22.jpeg\" \/>\n\t<meta property=\"og:image:width\" content=\"1200\" \/>\n\t<meta property=\"og:image:height\" content=\"560\" \/>\n\t<meta property=\"og:image:type\" content=\"image\/jpeg\" \/>\n<meta name=\"author\" content=\"Redacci\u00f3n Muy Jujuy\" \/>\n<meta name=\"twitter:card\" content=\"summary_large_image\" \/>\n<meta name=\"twitter:creator\" content=\"@muyjujuy\" \/>\n<meta name=\"twitter:site\" content=\"@muyjujuy\" \/>\n<meta name=\"twitter:label1\" content=\"Escrito por\" \/>\n\t<meta name=\"twitter:data1\" content=\"Redacci\u00f3n Muy Jujuy\" \/>\n\t<meta name=\"twitter:label2\" content=\"Tiempo de lectura\" \/>\n\t<meta name=\"twitter:data2\" content=\"2 minutos\" \/>\n<script type=\"application\/ld+json\" class=\"yoast-schema-graph\">{\"@context\":\"https:\\\/\\\/schema.org\",\"@graph\":[{\"@type\":\"Article\",\"@id\":\"https:\\\/\\\/www.muyjujuy.com\\\/index.php\\\/2022\\\/11\\\/03\\\/morales-se-reunio-con-representantes-de-los-sindicatos-azucareros-de-la-esperanza-y-ledesma\\\/#article\",\"isPartOf\":{\"@id\":\"https:\\\/\\\/www.muyjujuy.com\\\/index.php\\\/2022\\\/11\\\/03\\\/morales-se-reunio-con-representantes-de-los-sindicatos-azucareros-de-la-esperanza-y-ledesma\\\/\"},\"author\":{\"name\":\"Redacci\u00f3n Muy Jujuy\",\"@id\":\"https:\\\/\\\/www.muyjujuy.com\\\/#\\\/schema\\\/person\\\/1d0f6e223ccea9e3f9034c1a5b683bf2\"},\"headline\":\"Morales se reuni\u00f3 con representantes de los sindicatos azucareros de La Esperanza y Ledesma\",\"datePublished\":\"2022-11-03T21:33:14+00:00\",\"dateModified\":\"2022-11-03T21:33:15+00:00\",\"mainEntityOfPage\":{\"@id\":\"https:\\\/\\\/www.muyjujuy.com\\\/index.php\\\/2022\\\/11\\\/03\\\/morales-se-reunio-con-representantes-de-los-sindicatos-azucareros-de-la-esperanza-y-ledesma\\\/\"},\"wordCount\":404,\"commentCount\":0,\"publisher\":{\"@id\":\"https:\\\/\\\/www.muyjujuy.com\\\/#organization\"},\"image\":{\"@id\":\"https:\\\/\\\/www.muyjujuy.com\\\/index.php\\\/2022\\\/11\\\/03\\\/morales-se-reunio-con-representantes-de-los-sindicatos-azucareros-de-la-esperanza-y-ledesma\\\/#primaryimage\"},\"thumbnailUrl\":\"https:\\\/\\\/www.muyjujuy.com\\\/wp-content\\\/uploads\\\/2022\\\/11\\\/WhatsApp-Image-2022-11-03-at-18.29.22.jpeg\",\"keywords\":[\"Gerardo Morales\",\"Jujuy\"],\"articleSection\":[\"Sociedad\"],\"inLanguage\":\"es-AR\",\"potentialAction\":[{\"@type\":\"CommentAction\",\"name\":\"Comment\",\"target\":[\"https:\\\/\\\/www.muyjujuy.com\\\/index.php\\\/2022\\\/11\\\/03\\\/morales-se-reunio-con-representantes-de-los-sindicatos-azucareros-de-la-esperanza-y-ledesma\\\/#respond\"]}]},{\"@type\":\"WebPage\",\"@id\":\"https:\\\/\\\/www.muyjujuy.com\\\/index.php\\\/2022\\\/11\\\/03\\\/morales-se-reunio-con-representantes-de-los-sindicatos-azucareros-de-la-esperanza-y-ledesma\\\/\",\"url\":\"https:\\\/\\\/www.muyjujuy.com\\\/index.php\\\/2022\\\/11\\\/03\\\/morales-se-reunio-con-representantes-de-los-sindicatos-azucareros-de-la-esperanza-y-ledesma\\\/\",\"name\":\"Morales se reuni\u00f3 con representantes de los sindicatos azucareros de La Esperanza y Ledesma - Muy Jujuy\",\"isPartOf\":{\"@id\":\"https:\\\/\\\/www.muyjujuy.com\\\/#website\"},\"primaryImageOfPage\":{\"@id\":\"https:\\\/\\\/www.muyjujuy.com\\\/index.php\\\/2022\\\/11\\\/03\\\/morales-se-reunio-con-representantes-de-los-sindicatos-azucareros-de-la-esperanza-y-ledesma\\\/#primaryimage\"},\"image\":{\"@id\":\"https:\\\/\\\/www.muyjujuy.com\\\/index.php\\\/2022\\\/11\\\/03\\\/morales-se-reunio-con-representantes-de-los-sindicatos-azucareros-de-la-esperanza-y-ledesma\\\/#primaryimage\"},\"thumbnailUrl\":\"https:\\\/\\\/www.muyjujuy.com\\\/wp-content\\\/uploads\\\/2022\\\/11\\\/WhatsApp-Image-2022-11-03-at-18.29.22.jpeg\",\"datePublished\":\"2022-11-03T21:33:14+00:00\",\"dateModified\":\"2022-11-03T21:33:15+00:00\",\"description\":\"El gobernador mantuvo una reuni\u00f3n con trabajadores de los azucareros de La Esperanza y Ledesma para abordar una agenda en conjunto.\",\"breadcrumb\":{\"@id\":\"https:\\\/\\\/www.muyjujuy.com\\\/index.php\\\/2022\\\/11\\\/03\\\/morales-se-reunio-con-representantes-de-los-sindicatos-azucareros-de-la-esperanza-y-ledesma\\\/#breadcrumb\"},\"inLanguage\":\"es-AR\",\"potentialAction\":[{\"@type\":\"ReadAction\",\"target\":[\"https:\\\/\\\/www.muyjujuy.com\\\/index.php\\\/2022\\\/11\\\/03\\\/morales-se-reunio-con-representantes-de-los-sindicatos-azucareros-de-la-esperanza-y-ledesma\\\/\"]}]},{\"@type\":\"ImageObject\",\"inLanguage\":\"es-AR\",\"@id\":\"https:\\\/\\\/www.muyjujuy.com\\\/index.php\\\/2022\\\/11\\\/03\\\/morales-se-reunio-con-representantes-de-los-sindicatos-azucareros-de-la-esperanza-y-ledesma\\\/#primaryimage\",\"url\":\"https:\\\/\\\/www.muyjujuy.com\\\/wp-content\\\/uploads\\\/2022\\\/11\\\/WhatsApp-Image-2022-11-03-at-18.29.22.jpeg\",\"contentUrl\":\"https:\\\/\\\/www.muyjujuy.com\\\/wp-content\\\/uploads\\\/2022\\\/11\\\/WhatsApp-Image-2022-11-03-at-18.29.22.jpeg\",\"width\":1200,\"height\":560},{\"@type\":\"BreadcrumbList\",\"@id\":\"https:\\\/\\\/www.muyjujuy.com\\\/index.php\\\/2022\\\/11\\\/03\\\/morales-se-reunio-con-representantes-de-los-sindicatos-azucareros-de-la-esperanza-y-ledesma\\\/#breadcrumb\",\"itemListElement\":[{\"@type\":\"ListItem\",\"position\":1,\"name\":\"Inicio\",\"item\":\"https:\\\/\\\/www.muyjujuy.com\\\/\"},{\"@type\":\"ListItem\",\"position\":2,\"name\":\"Morales se reuni\u00f3 con representantes de los sindicatos azucareros de La Esperanza y Ledesma\"}]},{\"@type\":\"WebSite\",\"@id\":\"https:\\\/\\\/www.muyjujuy.com\\\/#website\",\"url\":\"https:\\\/\\\/www.muyjujuy.com\\\/\",\"name\":\"Muy Jujuy\",\"description\":\"\",\"publisher\":{\"@id\":\"https:\\\/\\\/www.muyjujuy.com\\\/#organization\"},\"potentialAction\":[{\"@type\":\"SearchAction\",\"target\":{\"@type\":\"EntryPoint\",\"urlTemplate\":\"https:\\\/\\\/www.muyjujuy.com\\\/?s={search_term_string}\"},\"query-input\":{\"@type\":\"PropertyValueSpecification\",\"valueRequired\":true,\"valueName\":\"search_term_string\"}}],\"inLanguage\":\"es-AR\"},{\"@type\":\"Organization\",\"@id\":\"https:\\\/\\\/www.muyjujuy.com\\\/#organization\",\"name\":\"Muy Jujuy\",\"url\":\"https:\\\/\\\/www.muyjujuy.com\\\/\",\"logo\":{\"@type\":\"ImageObject\",\"inLanguage\":\"es-AR\",\"@id\":\"https:\\\/\\\/www.muyjujuy.com\\\/#\\\/schema\\\/logo\\\/image\\\/\",\"url\":\"http:\\\/\\\/www.muyjujuy.com\\\/wp-content\\\/uploads\\\/2022\\\/05\\\/logo-mobil-jujuy.png\",\"contentUrl\":\"http:\\\/\\\/www.muyjujuy.com\\\/wp-content\\\/uploads\\\/2022\\\/05\\\/logo-mobil-jujuy.png\",\"width\":174,\"height\":81,\"caption\":\"Muy Jujuy\"},\"image\":{\"@id\":\"https:\\\/\\\/www.muyjujuy.com\\\/#\\\/schema\\\/logo\\\/image\\\/\"},\"sameAs\":[\"https:\\\/\\\/www.facebook.com\\\/muyjujuycom\",\"https:\\\/\\\/x.com\\\/muyjujuy\",\"https:\\\/\\\/www.instagram.com\\\/muyjujuycom\"]},{\"@type\":\"Person\",\"@id\":\"https:\\\/\\\/www.muyjujuy.com\\\/#\\\/schema\\\/person\\\/1d0f6e223ccea9e3f9034c1a5b683bf2\",\"name\":\"Redacci\u00f3n Muy Jujuy\",\"image\":{\"@type\":\"ImageObject\",\"inLanguage\":\"es-AR\",\"@id\":\"https:\\\/\\\/secure.gravatar.com\\\/avatar\\\/fec5f6f1893d741ed5eecccff109ce43e67a855411202a3212a058cb8e5c27d4?s=96&d=mm&r=g\",\"url\":\"https:\\\/\\\/secure.gravatar.com\\\/avatar\\\/fec5f6f1893d741ed5eecccff109ce43e67a855411202a3212a058cb8e5c27d4?s=96&d=mm&r=g\",\"contentUrl\":\"https:\\\/\\\/secure.gravatar.com\\\/avatar\\\/fec5f6f1893d741ed5eecccff109ce43e67a855411202a3212a058cb8e5c27d4?s=96&d=mm&r=g\",\"caption\":\"Redacci\u00f3n Muy Jujuy\"},\"url\":\"https:\\\/\\\/www.muyjujuy.com\\\/index.php\\\/author\\\/editor\\\/\"}]}<\/script>\n<!-- \/ Yoast SEO plugin. -->","yoast_head_json":{"title":"Morales se reuni\u00f3 con representantes de los sindicatos azucareros de La Esperanza y Ledesma - Muy Jujuy","description":"El gobernador mantuvo una reuni\u00f3n con trabajadores de los azucareros de La Esperanza y Ledesma para abordar una agenda en conjunto.","robots":{"index":"index","follow":"follow","max-snippet":"max-snippet:-1","max-image-preview":"max-image-preview:large","max-video-preview":"max-video-preview:-1"},"canonical":"https:\/\/www.muyjujuy.com\/index.php\/2022\/11\/03\/morales-se-reunio-con-representantes-de-los-sindicatos-azucareros-de-la-esperanza-y-ledesma\/","og_locale":"es_ES","og_type":"article","og_title":"Morales se reuni\u00f3 con representantes de los sindicatos azucareros de La Esperanza y Ledesma - Muy Jujuy","og_description":"El gobernador mantuvo una reuni\u00f3n con trabajadores de los azucareros de La Esperanza y Ledesma para abordar una agenda en conjunto.","og_url":"https:\/\/www.muyjujuy.com\/index.php\/2022\/11\/03\/morales-se-reunio-con-representantes-de-los-sindicatos-azucareros-de-la-esperanza-y-ledesma\/","og_site_name":"Muy Jujuy","article_publisher":"https:\/\/www.facebook.com\/muyjujuycom","article_published_time":"2022-11-03T21:33:14+00:00","article_modified_time":"2022-11-03T21:33:15+00:00","og_image":[{"width":1200,"height":560,"url":"https:\/\/www.muyjujuy.com\/wp-content\/uploads\/2022\/11\/WhatsApp-Image-2022-11-03-at-18.29.22.jpeg","type":"image\/jpeg"}],"author":"Redacci\u00f3n Muy Jujuy","twitter_card":"summary_large_image","twitter_creator":"@muyjujuy","twitter_site":"@muyjujuy","twitter_misc":{"Escrito por":"Redacci\u00f3n Muy Jujuy","Tiempo de lectura":"2 minutos"},"schema":{"@context":"https:\/\/schema.org","@graph":[{"@type":"Article","@id":"https:\/\/www.muyjujuy.com\/index.php\/2022\/11\/03\/morales-se-reunio-con-representantes-de-los-sindicatos-azucareros-de-la-esperanza-y-ledesma\/#article","isPartOf":{"@id":"https:\/\/www.muyjujuy.com\/index.php\/2022\/11\/03\/morales-se-reunio-con-representantes-de-los-sindicatos-azucareros-de-la-esperanza-y-ledesma\/"},"author":{"name":"Redacci\u00f3n Muy Jujuy","@id":"https:\/\/www.muyjujuy.com\/#\/schema\/person\/1d0f6e223ccea9e3f9034c1a5b683bf2"},"headline":"Morales se reuni\u00f3 con representantes de los sindicatos azucareros de La Esperanza y Ledesma","datePublished":"2022-11-03T21:33:14+00:00","dateModified":"2022-11-03T21:33:15+00:00","mainEntityOfPage":{"@id":"https:\/\/www.muyjujuy.com\/index.php\/2022\/11\/03\/morales-se-reunio-con-representantes-de-los-sindicatos-azucareros-de-la-esperanza-y-ledesma\/"},"wordCount":404,"commentCount":0,"publisher":{"@id":"https:\/\/www.muyjujuy.com\/#organization"},"image":{"@id":"https:\/\/www.muyjujuy.com\/index.php\/2022\/11\/03\/morales-se-reunio-con-representantes-de-los-sindicatos-azucareros-de-la-esperanza-y-ledesma\/#primaryimage"},"thumbnailUrl":"https:\/\/www.muyjujuy.com\/wp-content\/uploads\/2022\/11\/WhatsApp-Image-2022-11-03-at-18.29.22.jpeg","keywords":["Gerardo Morales","Jujuy"],"articleSection":["Sociedad"],"inLanguage":"es-AR","potentialAction":[{"@type":"CommentAction","name":"Comment","target":["https:\/\/www.muyjujuy.com\/index.php\/2022\/11\/03\/morales-se-reunio-con-representantes-de-los-sindicatos-azucareros-de-la-esperanza-y-ledesma\/#respond"]}]},{"@type":"WebPage","@id":"https:\/\/www.muyjujuy.com\/index.php\/2022\/11\/03\/morales-se-reunio-con-representantes-de-los-sindicatos-azucareros-de-la-esperanza-y-ledesma\/","url":"https:\/\/www.muyjujuy.com\/index.php\/2022\/11\/03\/morales-se-reunio-con-representantes-de-los-sindicatos-azucareros-de-la-esperanza-y-ledesma\/","name":"Morales se reuni\u00f3 con representantes de los sindicatos azucareros de La Esperanza y Ledesma - Muy Jujuy","isPartOf":{"@id":"https:\/\/www.muyjujuy.com\/#website"},"primaryImageOfPage":{"@id":"https:\/\/www.muyjujuy.com\/index.php\/2022\/11\/03\/morales-se-reunio-con-representantes-de-los-sindicatos-azucareros-de-la-esperanza-y-ledesma\/#primaryimage"},"image":{"@id":"https:\/\/www.muyjujuy.com\/index.php\/2022\/11\/03\/morales-se-reunio-con-representantes-de-los-sindicatos-azucareros-de-la-esperanza-y-ledesma\/#primaryimage"},"thumbnailUrl":"https:\/\/www.muyjujuy.com\/wp-content\/uploads\/2022\/11\/WhatsApp-Image-2022-11-03-at-18.29.22.jpeg","datePublished":"2022-11-03T21:33:14+00:00","dateModified":"2022-11-03T21:33:15+00:00","description":"El gobernador mantuvo una reuni\u00f3n con trabajadores de los azucareros de La Esperanza y Ledesma para abordar una agenda en conjunto.","breadcrumb":{"@id":"https:\/\/www.muyjujuy.com\/index.php\/2022\/11\/03\/morales-se-reunio-con-representantes-de-los-sindicatos-azucareros-de-la-esperanza-y-ledesma\/#breadcrumb"},"inLanguage":"es-AR","potentialAction":[{"@type":"ReadAction","target":["https:\/\/www.muyjujuy.com\/index.php\/2022\/11\/03\/morales-se-reunio-con-representantes-de-los-sindicatos-azucareros-de-la-esperanza-y-ledesma\/"]}]},{"@type":"ImageObject","inLanguage":"es-AR","@id":"https:\/\/www.muyjujuy.com\/index.php\/2022\/11\/03\/morales-se-reunio-con-representantes-de-los-sindicatos-azucareros-de-la-esperanza-y-ledesma\/#primaryimage","url":"https:\/\/www.muyjujuy.com\/wp-content\/uploads\/2022\/11\/WhatsApp-Image-2022-11-03-at-18.29.22.jpeg","contentUrl":"https:\/\/www.muyjujuy.com\/wp-content\/uploads\/2022\/11\/WhatsApp-Image-2022-11-03-at-18.29.22.jpeg","width":1200,"height":560},{"@type":"BreadcrumbList","@id":"https:\/\/www.muyjujuy.com\/index.php\/2022\/11\/03\/morales-se-reunio-con-representantes-de-los-sindicatos-azucareros-de-la-esperanza-y-ledesma\/#breadcrumb","itemListElement":[{"@type":"ListItem","position":1,"name":"Inicio","item":"https:\/\/www.muyjujuy.com\/"},{"@type":"ListItem","position":2,"name":"Morales se reuni\u00f3 con representantes de los sindicatos azucareros de La Esperanza y Ledesma"}]},{"@type":"WebSite","@id":"https:\/\/www.muyjujuy.com\/#website","url":"https:\/\/www.muyjujuy.com\/","name":"Muy Jujuy","description":"","publisher":{"@id":"https:\/\/www.muyjujuy.com\/#organization"},"potentialAction":[{"@type":"SearchAction","target":{"@type":"EntryPoint","urlTemplate":"https:\/\/www.muyjujuy.com\/?s={search_term_string}"},"query-input":{"@type":"PropertyValueSpecification","valueRequired":true,"valueName":"search_term_string"}}],"inLanguage":"es-AR"},{"@type":"Organization","@id":"https:\/\/www.muyjujuy.com\/#organization","name":"Muy Jujuy","url":"https:\/\/www.muyjujuy.com\/","logo":{"@type":"ImageObject","inLanguage":"es-AR","@id":"https:\/\/www.muyjujuy.com\/#\/schema\/logo\/image\/","url":"http:\/\/www.muyjujuy.com\/wp-content\/uploads\/2022\/05\/logo-mobil-jujuy.png","contentUrl":"http:\/\/www.muyjujuy.com\/wp-content\/uploads\/2022\/05\/logo-mobil-jujuy.png","width":174,"height":81,"caption":"Muy Jujuy"},"image":{"@id":"https:\/\/www.muyjujuy.com\/#\/schema\/logo\/image\/"},"sameAs":["https:\/\/www.facebook.com\/muyjujuycom","https:\/\/x.com\/muyjujuy","https:\/\/www.instagram.com\/muyjujuycom"]},{"@type":"Person","@id":"https:\/\/www.muyjujuy.com\/#\/schema\/person\/1d0f6e223ccea9e3f9034c1a5b683bf2","name":"Redacci\u00f3n Muy Jujuy","image":{"@type":"ImageObject","inLanguage":"es-AR","@id":"https:\/\/secure.gravatar.com\/avatar\/fec5f6f1893d741ed5eecccff109ce43e67a855411202a3212a058cb8e5c27d4?s=96&d=mm&r=g","url":"https:\/\/secure.gravatar.com\/avatar\/fec5f6f1893d741ed5eecccff109ce43e67a855411202a3212a058cb8e5c27d4?s=96&d=mm&r=g","contentUrl":"https:\/\/secure.gravatar.com\/avatar\/fec5f6f1893d741ed5eecccff109ce43e67a855411202a3212a058cb8e5c27d4?s=96&d=mm&r=g","caption":"Redacci\u00f3n Muy Jujuy"},"url":"https:\/\/www.muyjujuy.com\/index.php\/author\/editor\/"}]}},"_links":{"self":[{"href":"https:\/\/www.muyjujuy.com\/index.php\/wp-json\/wp\/v2\/posts\/1953","targetHints":{"allow":["GET"]}}],"collection":[{"href":"https:\/\/www.muyjujuy.com\/index.php\/wp-json\/wp\/v2\/posts"}],"about":[{"href":"https:\/\/www.muyjujuy.com\/index.php\/wp-json\/wp\/v2\/types\/post"}],"author":[{"embeddable":true,"href":"https:\/\/www.muyjujuy.com\/index.php\/wp-json\/wp\/v2\/users\/3"}],"replies":[{"embeddable":true,"href":"https:\/\/www.muyjujuy.com\/index.php\/wp-json\/wp\/v2\/comments?post=1953"}],"version-history":[{"count":1,"href":"https:\/\/www.muyjujuy.com\/index.php\/wp-json\/wp\/v2\/posts\/1953\/revisions"}],"predecessor-version":[{"id":1955,"href":"https:\/\/www.muyjujuy.com\/index.php\/wp-json\/wp\/v2\/posts\/1953\/revisions\/1955"}],"wp:featuredmedia":[{"embeddable":true,"href":"https:\/\/www.muyjujuy.com\/index.php\/wp-json\/wp\/v2\/media\/1954"}],"wp:attachment":[{"href":"https:\/\/www.muyjujuy.com\/index.php\/wp-json\/wp\/v2\/media?parent=1953"}],"wp:term":[{"taxonomy":"category","embeddable":true,"href":"https:\/\/www.muyjujuy.com\/index.php\/wp-json\/wp\/v2\/categories?post=1953"},{"taxonomy":"post_tag","embeddable":true,"href":"https:\/\/www.muyjujuy.com\/index.php\/wp-json\/wp\/v2\/tags?post=1953"}],"curies":[{"name":"wp","href":"https:\/\/api.w.org\/{rel}","templated":true}]}}