{"id":1958,"date":"2022-11-04T13:37:43","date_gmt":"2022-11-04T16:37:43","guid":{"rendered":"https:\/\/www.muyjujuy.com\/?p=1958"},"modified":"2022-11-04T13:37:47","modified_gmt":"2022-11-04T16:37:47","slug":"vizzotti-destaco-la-campana-de-vacunacion-que-lleva-a-cabo-jujuy","status":"publish","type":"post","link":"https:\/\/www.muyjujuy.com\/index.php\/2022\/11\/04\/vizzotti-destaco-la-campana-de-vacunacion-que-lleva-a-cabo-jujuy\/","title":{"rendered":"Vizzotti destac\u00f3 la campa\u00f1a de vacunaci\u00f3n que lleva a cabo Jujuy"},"content":{"rendered":"\n<p><em>La ministra Vizzotti puso en valor el trabajo en materia sanitaria y de vacunaci\u00f3n que lleva a cabo el Gobierno de Jujuy.<\/em><\/p>\n\n\n\n<p>El gobernador de Jujuy, <strong>Gerardo Morales, <\/strong>recibi\u00f3 a la ministra de Salud, <strong>Carla Vizzotti, <\/strong>para dialogar sobre las acciones en materia sanitaria de Jujuy y las pol\u00edticas articuladas con naci\u00f3n. La funcionaria destac\u00f3 <strong>&#8220;el inmenso avance de la <a href=\"https:\/\/www.muyjujuy.com\/index.php\/2022\/10\/11\/vacunacion-frente-a-sarampion-rubeola-paperas-y-poliomielitis-jujuy-alcanzo-49-de-cobertura\/\">Campa\u00f1a Nacional de Vacunaci\u00f3n<\/a> en la provincia de Jujuy&#8221;.<\/strong><\/p>\n\n\n\n<p>Del encuentro particip\u00f3 ministro de Salud provincial, <strong>Antonio Buljibasich<\/strong>. Vizzotti felicit\u00f3 al gobernador Morales <strong>&#8220;por la campa\u00f1a de vacunaci\u00f3n encarada por la provincia&#8221;<\/strong> especialmente por lo trabajado durante la pandemia de Covid 19.<br><br>Vizzotti destac\u00f3 <strong>\u201cel inmenso avance de la Campa\u00f1a Nacional de Vacunaci\u00f3n en la provincia de Jujuy\u201d <\/strong>y agreg\u00f3: <strong>\u201cNo sorprende porque conocemos el trabajo, pero no deja de emocionar que despu\u00e9s de la pandemia y la vacunaci\u00f3n Covid 19 en Jujuy se haya avanzado tanto y tan bien en la campa\u00f1a de vacunaci\u00f3n\u201d.<br><\/strong><br>La funcionaria ponder\u00f3 que \u201cJujuy haya superado el 80%\u201d vacunados frente a sarampi\u00f3n, rub\u00e9ola, paperas y polio y a\u00f1adi\u00f3 que \u201cpor eso nos parec\u00eda muy importante venir y ponerlo en valor\u201d.<br><br>Durante el encuentro, la funcionaria reconoci\u00f3 al equipo del Ministerio de Salud encabezado por el ministro Antonio Buljubasich de quien destac\u00f3 \u201csu enorme tarea\u201d. <\/p>\n\n\n\n<p>Adem\u00e1s, ponder\u00f3 el proyecto de producci\u00f3n p\u00fablica de derivados medicinales de cannabis de Cannava S.E. Vizzotti visitar\u00e1 ma\u00f1ana Cannava S.E, posteriormente se dirigir\u00e1 a Volc\u00e1n donde visitar\u00e1 el puesto de salud. Por la tarde, conocer\u00e1 la Nueva Maternidad de Alto Comedero para finalizar su recorrido con la vista a un CAPS de San Salvador de Jujuy.<\/p>\n","protected":false},"excerpt":{"rendered":"<p>La ministra Vizzotti puso en valor el trabajo en materia sanitaria y de vacunaci\u00f3n que lleva a cabo el Gobierno de Jujuy. El gobernador de Jujuy, Gerardo Morales, recibi\u00f3 a la ministra de Salud, Carla Vizzotti, para dialogar sobre las acciones en materia sanitaria de Jujuy y las pol\u00edticas articuladas con naci\u00f3n. La funcionaria destac\u00f3 [&hellip;]<\/p>\n","protected":false},"author":3,"featured_media":1959,"comment_status":"open","ping_status":"open","sticky":false,"template":"","format":"standard","meta":{"footnotes":""},"categories":[24],"tags":[5,8],"class_list":{"0":"post-1958","1":"post","2":"type-post","3":"status-publish","4":"format-standard","5":"has-post-thumbnail","7":"category-politica","8":"tag-gerardo-morales","9":"tag-jujuy"},"yoast_head":"<!-- This site is optimized with the Yoast SEO plugin v27.5 - https:\/\/yoast.com\/product\/yoast-seo-wordpress\/ -->\n<title>Vizzotti destac\u00f3 la campa\u00f1a de vacunaci\u00f3n que lleva a cabo Jujuy - Muy Jujuy<\/title>\n<meta name=\"description\" content=\"La ministra Vizzotti puso en valor el trabajo en materia sanitaria y de vacunaci\u00f3n que lleva a cabo el Gobierno de Jujuy.\" \/>\n<meta name=\"robots\" content=\"index, follow, max-snippet:-1, max-image-preview:large, max-video-preview:-1\" \/>\n<link rel=\"canonical\" href=\"https:\/\/www.muyjujuy.com\/index.php\/2022\/11\/04\/vizzotti-destaco-la-campana-de-vacunacion-que-lleva-a-cabo-jujuy\/\" \/>\n<meta property=\"og:locale\" content=\"es_ES\" \/>\n<meta property=\"og:type\" content=\"article\" \/>\n<meta property=\"og:title\" content=\"Vizzotti destac\u00f3 la campa\u00f1a de vacunaci\u00f3n que lleva a cabo Jujuy - Muy Jujuy\" \/>\n<meta property=\"og:description\" content=\"La ministra Vizzotti puso en valor el trabajo en materia sanitaria y de vacunaci\u00f3n que lleva a cabo el Gobierno de Jujuy.\" \/>\n<meta property=\"og:url\" content=\"https:\/\/www.muyjujuy.com\/index.php\/2022\/11\/04\/vizzotti-destaco-la-campana-de-vacunacion-que-lleva-a-cabo-jujuy\/\" \/>\n<meta property=\"og:site_name\" content=\"Muy Jujuy\" \/>\n<meta property=\"article:publisher\" content=\"https:\/\/www.facebook.com\/muyjujuycom\" \/>\n<meta property=\"article:published_time\" content=\"2022-11-04T16:37:43+00:00\" \/>\n<meta property=\"article:modified_time\" content=\"2022-11-04T16:37:47+00:00\" \/>\n<meta property=\"og:image\" content=\"https:\/\/www.muyjujuy.com\/wp-content\/uploads\/2022\/11\/WhatsApp-Image-2022-11-04-at-13.31.58.jpeg\" \/>\n\t<meta property=\"og:image:width\" content=\"1016\" \/>\n\t<meta property=\"og:image:height\" content=\"675\" \/>\n\t<meta property=\"og:image:type\" content=\"image\/jpeg\" \/>\n<meta name=\"author\" content=\"Redacci\u00f3n Muy Jujuy\" \/>\n<meta name=\"twitter:card\" content=\"summary_large_image\" \/>\n<meta name=\"twitter:creator\" content=\"@muyjujuy\" \/>\n<meta name=\"twitter:site\" content=\"@muyjujuy\" \/>\n<meta name=\"twitter:label1\" content=\"Escrito por\" \/>\n\t<meta name=\"twitter:data1\" content=\"Redacci\u00f3n Muy Jujuy\" \/>\n\t<meta name=\"twitter:label2\" content=\"Tiempo de lectura\" \/>\n\t<meta name=\"twitter:data2\" content=\"2 minutos\" \/>\n<script type=\"application\/ld+json\" class=\"yoast-schema-graph\">{\"@context\":\"https:\\\/\\\/schema.org\",\"@graph\":[{\"@type\":\"Article\",\"@id\":\"https:\\\/\\\/www.muyjujuy.com\\\/index.php\\\/2022\\\/11\\\/04\\\/vizzotti-destaco-la-campana-de-vacunacion-que-lleva-a-cabo-jujuy\\\/#article\",\"isPartOf\":{\"@id\":\"https:\\\/\\\/www.muyjujuy.com\\\/index.php\\\/2022\\\/11\\\/04\\\/vizzotti-destaco-la-campana-de-vacunacion-que-lleva-a-cabo-jujuy\\\/\"},\"author\":{\"name\":\"Redacci\u00f3n Muy Jujuy\",\"@id\":\"https:\\\/\\\/www.muyjujuy.com\\\/#\\\/schema\\\/person\\\/1d0f6e223ccea9e3f9034c1a5b683bf2\"},\"headline\":\"Vizzotti destac\u00f3 la campa\u00f1a de vacunaci\u00f3n que lleva a cabo Jujuy\",\"datePublished\":\"2022-11-04T16:37:43+00:00\",\"dateModified\":\"2022-11-04T16:37:47+00:00\",\"mainEntityOfPage\":{\"@id\":\"https:\\\/\\\/www.muyjujuy.com\\\/index.php\\\/2022\\\/11\\\/04\\\/vizzotti-destaco-la-campana-de-vacunacion-que-lleva-a-cabo-jujuy\\\/\"},\"wordCount\":300,\"commentCount\":0,\"publisher\":{\"@id\":\"https:\\\/\\\/www.muyjujuy.com\\\/#organization\"},\"image\":{\"@id\":\"https:\\\/\\\/www.muyjujuy.com\\\/index.php\\\/2022\\\/11\\\/04\\\/vizzotti-destaco-la-campana-de-vacunacion-que-lleva-a-cabo-jujuy\\\/#primaryimage\"},\"thumbnailUrl\":\"https:\\\/\\\/www.muyjujuy.com\\\/wp-content\\\/uploads\\\/2022\\\/11\\\/WhatsApp-Image-2022-11-04-at-13.31.58.jpeg\",\"keywords\":[\"Gerardo Morales\",\"Jujuy\"],\"articleSection\":[\"Pol\u00edtica\"],\"inLanguage\":\"es-AR\",\"potentialAction\":[{\"@type\":\"CommentAction\",\"name\":\"Comment\",\"target\":[\"https:\\\/\\\/www.muyjujuy.com\\\/index.php\\\/2022\\\/11\\\/04\\\/vizzotti-destaco-la-campana-de-vacunacion-que-lleva-a-cabo-jujuy\\\/#respond\"]}]},{\"@type\":\"WebPage\",\"@id\":\"https:\\\/\\\/www.muyjujuy.com\\\/index.php\\\/2022\\\/11\\\/04\\\/vizzotti-destaco-la-campana-de-vacunacion-que-lleva-a-cabo-jujuy\\\/\",\"url\":\"https:\\\/\\\/www.muyjujuy.com\\\/index.php\\\/2022\\\/11\\\/04\\\/vizzotti-destaco-la-campana-de-vacunacion-que-lleva-a-cabo-jujuy\\\/\",\"name\":\"Vizzotti destac\u00f3 la campa\u00f1a de vacunaci\u00f3n que lleva a cabo Jujuy - Muy Jujuy\",\"isPartOf\":{\"@id\":\"https:\\\/\\\/www.muyjujuy.com\\\/#website\"},\"primaryImageOfPage\":{\"@id\":\"https:\\\/\\\/www.muyjujuy.com\\\/index.php\\\/2022\\\/11\\\/04\\\/vizzotti-destaco-la-campana-de-vacunacion-que-lleva-a-cabo-jujuy\\\/#primaryimage\"},\"image\":{\"@id\":\"https:\\\/\\\/www.muyjujuy.com\\\/index.php\\\/2022\\\/11\\\/04\\\/vizzotti-destaco-la-campana-de-vacunacion-que-lleva-a-cabo-jujuy\\\/#primaryimage\"},\"thumbnailUrl\":\"https:\\\/\\\/www.muyjujuy.com\\\/wp-content\\\/uploads\\\/2022\\\/11\\\/WhatsApp-Image-2022-11-04-at-13.31.58.jpeg\",\"datePublished\":\"2022-11-04T16:37:43+00:00\",\"dateModified\":\"2022-11-04T16:37:47+00:00\",\"description\":\"La ministra Vizzotti puso en valor el trabajo en materia sanitaria y de vacunaci\u00f3n que lleva a cabo el Gobierno de Jujuy.\",\"breadcrumb\":{\"@id\":\"https:\\\/\\\/www.muyjujuy.com\\\/index.php\\\/2022\\\/11\\\/04\\\/vizzotti-destaco-la-campana-de-vacunacion-que-lleva-a-cabo-jujuy\\\/#breadcrumb\"},\"inLanguage\":\"es-AR\",\"potentialAction\":[{\"@type\":\"ReadAction\",\"target\":[\"https:\\\/\\\/www.muyjujuy.com\\\/index.php\\\/2022\\\/11\\\/04\\\/vizzotti-destaco-la-campana-de-vacunacion-que-lleva-a-cabo-jujuy\\\/\"]}]},{\"@type\":\"ImageObject\",\"inLanguage\":\"es-AR\",\"@id\":\"https:\\\/\\\/www.muyjujuy.com\\\/index.php\\\/2022\\\/11\\\/04\\\/vizzotti-destaco-la-campana-de-vacunacion-que-lleva-a-cabo-jujuy\\\/#primaryimage\",\"url\":\"https:\\\/\\\/www.muyjujuy.com\\\/wp-content\\\/uploads\\\/2022\\\/11\\\/WhatsApp-Image-2022-11-04-at-13.31.58.jpeg\",\"contentUrl\":\"https:\\\/\\\/www.muyjujuy.com\\\/wp-content\\\/uploads\\\/2022\\\/11\\\/WhatsApp-Image-2022-11-04-at-13.31.58.jpeg\",\"width\":1016,\"height\":675},{\"@type\":\"BreadcrumbList\",\"@id\":\"https:\\\/\\\/www.muyjujuy.com\\\/index.php\\\/2022\\\/11\\\/04\\\/vizzotti-destaco-la-campana-de-vacunacion-que-lleva-a-cabo-jujuy\\\/#breadcrumb\",\"itemListElement\":[{\"@type\":\"ListItem\",\"position\":1,\"name\":\"Inicio\",\"item\":\"https:\\\/\\\/www.muyjujuy.com\\\/\"},{\"@type\":\"ListItem\",\"position\":2,\"name\":\"Vizzotti destac\u00f3 la campa\u00f1a de vacunaci\u00f3n que lleva a cabo Jujuy\"}]},{\"@type\":\"WebSite\",\"@id\":\"https:\\\/\\\/www.muyjujuy.com\\\/#website\",\"url\":\"https:\\\/\\\/www.muyjujuy.com\\\/\",\"name\":\"Muy Jujuy\",\"description\":\"\",\"publisher\":{\"@id\":\"https:\\\/\\\/www.muyjujuy.com\\\/#organization\"},\"potentialAction\":[{\"@type\":\"SearchAction\",\"target\":{\"@type\":\"EntryPoint\",\"urlTemplate\":\"https:\\\/\\\/www.muyjujuy.com\\\/?s={search_term_string}\"},\"query-input\":{\"@type\":\"PropertyValueSpecification\",\"valueRequired\":true,\"valueName\":\"search_term_string\"}}],\"inLanguage\":\"es-AR\"},{\"@type\":\"Organization\",\"@id\":\"https:\\\/\\\/www.muyjujuy.com\\\/#organization\",\"name\":\"Muy Jujuy\",\"url\":\"https:\\\/\\\/www.muyjujuy.com\\\/\",\"logo\":{\"@type\":\"ImageObject\",\"inLanguage\":\"es-AR\",\"@id\":\"https:\\\/\\\/www.muyjujuy.com\\\/#\\\/schema\\\/logo\\\/image\\\/\",\"url\":\"http:\\\/\\\/www.muyjujuy.com\\\/wp-content\\\/uploads\\\/2022\\\/05\\\/logo-mobil-jujuy.png\",\"contentUrl\":\"http:\\\/\\\/www.muyjujuy.com\\\/wp-content\\\/uploads\\\/2022\\\/05\\\/logo-mobil-jujuy.png\",\"width\":174,\"height\":81,\"caption\":\"Muy Jujuy\"},\"image\":{\"@id\":\"https:\\\/\\\/www.muyjujuy.com\\\/#\\\/schema\\\/logo\\\/image\\\/\"},\"sameAs\":[\"https:\\\/\\\/www.facebook.com\\\/muyjujuycom\",\"https:\\\/\\\/x.com\\\/muyjujuy\",\"https:\\\/\\\/www.instagram.com\\\/muyjujuycom\"]},{\"@type\":\"Person\",\"@id\":\"https:\\\/\\\/www.muyjujuy.com\\\/#\\\/schema\\\/person\\\/1d0f6e223ccea9e3f9034c1a5b683bf2\",\"name\":\"Redacci\u00f3n Muy Jujuy\",\"image\":{\"@type\":\"ImageObject\",\"inLanguage\":\"es-AR\",\"@id\":\"https:\\\/\\\/secure.gravatar.com\\\/avatar\\\/fec5f6f1893d741ed5eecccff109ce43e67a855411202a3212a058cb8e5c27d4?s=96&d=mm&r=g\",\"url\":\"https:\\\/\\\/secure.gravatar.com\\\/avatar\\\/fec5f6f1893d741ed5eecccff109ce43e67a855411202a3212a058cb8e5c27d4?s=96&d=mm&r=g\",\"contentUrl\":\"https:\\\/\\\/secure.gravatar.com\\\/avatar\\\/fec5f6f1893d741ed5eecccff109ce43e67a855411202a3212a058cb8e5c27d4?s=96&d=mm&r=g\",\"caption\":\"Redacci\u00f3n Muy Jujuy\"},\"url\":\"https:\\\/\\\/www.muyjujuy.com\\\/index.php\\\/author\\\/editor\\\/\"}]}<\/script>\n<!-- \/ Yoast SEO plugin. -->","yoast_head_json":{"title":"Vizzotti destac\u00f3 la campa\u00f1a de vacunaci\u00f3n que lleva a cabo Jujuy - Muy Jujuy","description":"La ministra Vizzotti puso en valor el trabajo en materia sanitaria y de vacunaci\u00f3n que lleva a cabo el Gobierno de Jujuy.","robots":{"index":"index","follow":"follow","max-snippet":"max-snippet:-1","max-image-preview":"max-image-preview:large","max-video-preview":"max-video-preview:-1"},"canonical":"https:\/\/www.muyjujuy.com\/index.php\/2022\/11\/04\/vizzotti-destaco-la-campana-de-vacunacion-que-lleva-a-cabo-jujuy\/","og_locale":"es_ES","og_type":"article","og_title":"Vizzotti destac\u00f3 la campa\u00f1a de vacunaci\u00f3n que lleva a cabo Jujuy - Muy Jujuy","og_description":"La ministra Vizzotti puso en valor el trabajo en materia sanitaria y de vacunaci\u00f3n que lleva a cabo el Gobierno de Jujuy.","og_url":"https:\/\/www.muyjujuy.com\/index.php\/2022\/11\/04\/vizzotti-destaco-la-campana-de-vacunacion-que-lleva-a-cabo-jujuy\/","og_site_name":"Muy Jujuy","article_publisher":"https:\/\/www.facebook.com\/muyjujuycom","article_published_time":"2022-11-04T16:37:43+00:00","article_modified_time":"2022-11-04T16:37:47+00:00","og_image":[{"width":1016,"height":675,"url":"https:\/\/www.muyjujuy.com\/wp-content\/uploads\/2022\/11\/WhatsApp-Image-2022-11-04-at-13.31.58.jpeg","type":"image\/jpeg"}],"author":"Redacci\u00f3n Muy Jujuy","twitter_card":"summary_large_image","twitter_creator":"@muyjujuy","twitter_site":"@muyjujuy","twitter_misc":{"Escrito por":"Redacci\u00f3n Muy Jujuy","Tiempo de lectura":"2 minutos"},"schema":{"@context":"https:\/\/schema.org","@graph":[{"@type":"Article","@id":"https:\/\/www.muyjujuy.com\/index.php\/2022\/11\/04\/vizzotti-destaco-la-campana-de-vacunacion-que-lleva-a-cabo-jujuy\/#article","isPartOf":{"@id":"https:\/\/www.muyjujuy.com\/index.php\/2022\/11\/04\/vizzotti-destaco-la-campana-de-vacunacion-que-lleva-a-cabo-jujuy\/"},"author":{"name":"Redacci\u00f3n Muy Jujuy","@id":"https:\/\/www.muyjujuy.com\/#\/schema\/person\/1d0f6e223ccea9e3f9034c1a5b683bf2"},"headline":"Vizzotti destac\u00f3 la campa\u00f1a de vacunaci\u00f3n que lleva a cabo Jujuy","datePublished":"2022-11-04T16:37:43+00:00","dateModified":"2022-11-04T16:37:47+00:00","mainEntityOfPage":{"@id":"https:\/\/www.muyjujuy.com\/index.php\/2022\/11\/04\/vizzotti-destaco-la-campana-de-vacunacion-que-lleva-a-cabo-jujuy\/"},"wordCount":300,"commentCount":0,"publisher":{"@id":"https:\/\/www.muyjujuy.com\/#organization"},"image":{"@id":"https:\/\/www.muyjujuy.com\/index.php\/2022\/11\/04\/vizzotti-destaco-la-campana-de-vacunacion-que-lleva-a-cabo-jujuy\/#primaryimage"},"thumbnailUrl":"https:\/\/www.muyjujuy.com\/wp-content\/uploads\/2022\/11\/WhatsApp-Image-2022-11-04-at-13.31.58.jpeg","keywords":["Gerardo Morales","Jujuy"],"articleSection":["Pol\u00edtica"],"inLanguage":"es-AR","potentialAction":[{"@type":"CommentAction","name":"Comment","target":["https:\/\/www.muyjujuy.com\/index.php\/2022\/11\/04\/vizzotti-destaco-la-campana-de-vacunacion-que-lleva-a-cabo-jujuy\/#respond"]}]},{"@type":"WebPage","@id":"https:\/\/www.muyjujuy.com\/index.php\/2022\/11\/04\/vizzotti-destaco-la-campana-de-vacunacion-que-lleva-a-cabo-jujuy\/","url":"https:\/\/www.muyjujuy.com\/index.php\/2022\/11\/04\/vizzotti-destaco-la-campana-de-vacunacion-que-lleva-a-cabo-jujuy\/","name":"Vizzotti destac\u00f3 la campa\u00f1a de vacunaci\u00f3n que lleva a cabo Jujuy - Muy Jujuy","isPartOf":{"@id":"https:\/\/www.muyjujuy.com\/#website"},"primaryImageOfPage":{"@id":"https:\/\/www.muyjujuy.com\/index.php\/2022\/11\/04\/vizzotti-destaco-la-campana-de-vacunacion-que-lleva-a-cabo-jujuy\/#primaryimage"},"image":{"@id":"https:\/\/www.muyjujuy.com\/index.php\/2022\/11\/04\/vizzotti-destaco-la-campana-de-vacunacion-que-lleva-a-cabo-jujuy\/#primaryimage"},"thumbnailUrl":"https:\/\/www.muyjujuy.com\/wp-content\/uploads\/2022\/11\/WhatsApp-Image-2022-11-04-at-13.31.58.jpeg","datePublished":"2022-11-04T16:37:43+00:00","dateModified":"2022-11-04T16:37:47+00:00","description":"La ministra Vizzotti puso en valor el trabajo en materia sanitaria y de vacunaci\u00f3n que lleva a cabo el Gobierno de Jujuy.","breadcrumb":{"@id":"https:\/\/www.muyjujuy.com\/index.php\/2022\/11\/04\/vizzotti-destaco-la-campana-de-vacunacion-que-lleva-a-cabo-jujuy\/#breadcrumb"},"inLanguage":"es-AR","potentialAction":[{"@type":"ReadAction","target":["https:\/\/www.muyjujuy.com\/index.php\/2022\/11\/04\/vizzotti-destaco-la-campana-de-vacunacion-que-lleva-a-cabo-jujuy\/"]}]},{"@type":"ImageObject","inLanguage":"es-AR","@id":"https:\/\/www.muyjujuy.com\/index.php\/2022\/11\/04\/vizzotti-destaco-la-campana-de-vacunacion-que-lleva-a-cabo-jujuy\/#primaryimage","url":"https:\/\/www.muyjujuy.com\/wp-content\/uploads\/2022\/11\/WhatsApp-Image-2022-11-04-at-13.31.58.jpeg","contentUrl":"https:\/\/www.muyjujuy.com\/wp-content\/uploads\/2022\/11\/WhatsApp-Image-2022-11-04-at-13.31.58.jpeg","width":1016,"height":675},{"@type":"BreadcrumbList","@id":"https:\/\/www.muyjujuy.com\/index.php\/2022\/11\/04\/vizzotti-destaco-la-campana-de-vacunacion-que-lleva-a-cabo-jujuy\/#breadcrumb","itemListElement":[{"@type":"ListItem","position":1,"name":"Inicio","item":"https:\/\/www.muyjujuy.com\/"},{"@type":"ListItem","position":2,"name":"Vizzotti destac\u00f3 la campa\u00f1a de vacunaci\u00f3n que lleva a cabo Jujuy"}]},{"@type":"WebSite","@id":"https:\/\/www.muyjujuy.com\/#website","url":"https:\/\/www.muyjujuy.com\/","name":"Muy Jujuy","description":"","publisher":{"@id":"https:\/\/www.muyjujuy.com\/#organization"},"potentialAction":[{"@type":"SearchAction","target":{"@type":"EntryPoint","urlTemplate":"https:\/\/www.muyjujuy.com\/?s={search_term_string}"},"query-input":{"@type":"PropertyValueSpecification","valueRequired":true,"valueName":"search_term_string"}}],"inLanguage":"es-AR"},{"@type":"Organization","@id":"https:\/\/www.muyjujuy.com\/#organization","name":"Muy Jujuy","url":"https:\/\/www.muyjujuy.com\/","logo":{"@type":"ImageObject","inLanguage":"es-AR","@id":"https:\/\/www.muyjujuy.com\/#\/schema\/logo\/image\/","url":"http:\/\/www.muyjujuy.com\/wp-content\/uploads\/2022\/05\/logo-mobil-jujuy.png","contentUrl":"http:\/\/www.muyjujuy.com\/wp-content\/uploads\/2022\/05\/logo-mobil-jujuy.png","width":174,"height":81,"caption":"Muy Jujuy"},"image":{"@id":"https:\/\/www.muyjujuy.com\/#\/schema\/logo\/image\/"},"sameAs":["https:\/\/www.facebook.com\/muyjujuycom","https:\/\/x.com\/muyjujuy","https:\/\/www.instagram.com\/muyjujuycom"]},{"@type":"Person","@id":"https:\/\/www.muyjujuy.com\/#\/schema\/person\/1d0f6e223ccea9e3f9034c1a5b683bf2","name":"Redacci\u00f3n Muy Jujuy","image":{"@type":"ImageObject","inLanguage":"es-AR","@id":"https:\/\/secure.gravatar.com\/avatar\/fec5f6f1893d741ed5eecccff109ce43e67a855411202a3212a058cb8e5c27d4?s=96&d=mm&r=g","url":"https:\/\/secure.gravatar.com\/avatar\/fec5f6f1893d741ed5eecccff109ce43e67a855411202a3212a058cb8e5c27d4?s=96&d=mm&r=g","contentUrl":"https:\/\/secure.gravatar.com\/avatar\/fec5f6f1893d741ed5eecccff109ce43e67a855411202a3212a058cb8e5c27d4?s=96&d=mm&r=g","caption":"Redacci\u00f3n Muy Jujuy"},"url":"https:\/\/www.muyjujuy.com\/index.php\/author\/editor\/"}]}},"_links":{"self":[{"href":"https:\/\/www.muyjujuy.com\/index.php\/wp-json\/wp\/v2\/posts\/1958","targetHints":{"allow":["GET"]}}],"collection":[{"href":"https:\/\/www.muyjujuy.com\/index.php\/wp-json\/wp\/v2\/posts"}],"about":[{"href":"https:\/\/www.muyjujuy.com\/index.php\/wp-json\/wp\/v2\/types\/post"}],"author":[{"embeddable":true,"href":"https:\/\/www.muyjujuy.com\/index.php\/wp-json\/wp\/v2\/users\/3"}],"replies":[{"embeddable":true,"href":"https:\/\/www.muyjujuy.com\/index.php\/wp-json\/wp\/v2\/comments?post=1958"}],"version-history":[{"count":1,"href":"https:\/\/www.muyjujuy.com\/index.php\/wp-json\/wp\/v2\/posts\/1958\/revisions"}],"predecessor-version":[{"id":1960,"href":"https:\/\/www.muyjujuy.com\/index.php\/wp-json\/wp\/v2\/posts\/1958\/revisions\/1960"}],"wp:featuredmedia":[{"embeddable":true,"href":"https:\/\/www.muyjujuy.com\/index.php\/wp-json\/wp\/v2\/media\/1959"}],"wp:attachment":[{"href":"https:\/\/www.muyjujuy.com\/index.php\/wp-json\/wp\/v2\/media?parent=1958"}],"wp:term":[{"taxonomy":"category","embeddable":true,"href":"https:\/\/www.muyjujuy.com\/index.php\/wp-json\/wp\/v2\/categories?post=1958"},{"taxonomy":"post_tag","embeddable":true,"href":"https:\/\/www.muyjujuy.com\/index.php\/wp-json\/wp\/v2\/tags?post=1958"}],"curies":[{"name":"wp","href":"https:\/\/api.w.org\/{rel}","templated":true}]}}