{"id":1961,"date":"2022-11-04T15:12:14","date_gmt":"2022-11-04T18:12:14","guid":{"rendered":"https:\/\/www.muyjujuy.com\/?p=1961"},"modified":"2022-11-04T15:12:17","modified_gmt":"2022-11-04T18:12:17","slug":"captaron-a-un-yaguarete-en-el-parque-nacional-calilegua","status":"publish","type":"post","link":"https:\/\/www.muyjujuy.com\/index.php\/2022\/11\/04\/captaron-a-un-yaguarete-en-el-parque-nacional-calilegua\/","title":{"rendered":"Captaron a un yaguaret\u00e9 en el Parque Nacional Calilegua"},"content":{"rendered":"\n<p id=\"titulo_cable\"><em>Las c\u00e1maras que se instalaron hace varios meses registraron a un ejemplar de yaguaret\u00e9, el felino que est\u00e1 en peligro de extinci\u00f3n. <\/em><\/p>\n\n\n\n<p>Un nuevo ejemplar de <strong><a href=\"https:\/\/www.muyjujuy.com\/index.php\/2022\/07\/08\/instalan-camaras-trampa-para-captar-imagenes-del-yaguarete-en-calilegua-y-baritu\/\">yaguaret\u00e9<\/a><\/strong>, el mayor felino del continente que se encuentra en <strong>&#8220;peligro cr\u00edtico de extinci\u00f3n&#8221; <\/strong>en el pa\u00eds, <strong>fue fotografiado en el Parque Nacional Calilegua<\/strong>. As\u00ed lo difundi\u00f3 en redes sociales la administraci\u00f3n del \u00e1rea natural protegida ubicada en la regi\u00f3n de las Yungas juje\u00f1as.<\/p>\n\n\n\n<p>Las im\u00e1genes surgen de un trabajo con c\u00e1maras trampa que lleva adelante la Administraci\u00f3n de Parques Nacionales (APN), enmarcado en el <strong>Plan de Monitoreo para el Monumento Natural Yaguaret\u00e9, <\/strong>que alcanza a \u00e1reas protegidas y zonas de amortiguamiento de las regiones de Yungas, Chaque\u00f1a y Selva Paranaense.<\/p>\n\n\n\n<p>Las tareas tienen por objetivo <strong>la obtenci\u00f3n de datos poblacionales del yaguaret\u00e9 <\/strong>(Panthera onca) y de otros mam\u00edferos medianos y grandes. <strong>Esto se realizan por medio de relevamientos con c\u00e1maras trampa ubicadas en sitios previamente seleccionados a partir de talleres.<\/strong><\/p>\n\n\n\n<p>Los datos ser\u00e1n utilizados para desarrollar medidas de manejo para sus poblaciones e instrumentos de planificaci\u00f3n para las \u00e1reas protegidas y los corredores biol\u00f3gicos que las conectan, en las cuales habita este depredador tope.<\/p>\n\n\n\n<h2 class=\"wp-block-heading\"><strong>Protecci\u00f3n del yaguaaret\u00e9 <\/strong><\/h2>\n\n\n\n<p>Entre los resultados esperados del proyecto se apunta a estimar variables como presencia, abundancia, distribuci\u00f3n espacio-temporal y sus variaciones interanuales. <strong>Todo lo que permita identificar nuevos sitios de importancia para su conservaci\u00f3n, seg\u00fan se puso en valor.<\/strong><\/p>\n\n\n\n<p>Los monitoreos se desarrollan a partir del trabajo articulado entre las <strong>Direcciones Nacionales de Conservaci\u00f3n y Operaciones<\/strong> de la APN junto al personal t\u00e9cnico de las Direcciones Regionales y agentes de cada \u00e1rea protegida involucrada. Tambi\u00e9n en vinculaci\u00f3n con autoridades provinciales y actores locales.<\/p>\n\n\n\n<p>Declarado \u201cmonumento natural nacional\u201d<strong>, el yaguaret\u00e9 es el felino m\u00e1s grande de Am\u00e9rica.<\/strong> Es un predador que est\u00e1 al tope de la cadena alimentaria y es carn\u00edvoro por excelencia.<\/p>\n\n\n\n<p>Necesita de grandes espacios para vivir y encontrar presas de gran tama\u00f1o, las cuales busca en la selva. Se estima que las Yungas es la regi\u00f3n de mayor h\u00e1bitat en el pa\u00eds de la especie en peligro de extinci\u00f3n, con alrededor de unos 200 individuos.<\/p>\n","protected":false},"excerpt":{"rendered":"<p>Las c\u00e1maras que se instalaron hace varios meses registraron a un ejemplar de yaguaret\u00e9, el felino que est\u00e1 en peligro de extinci\u00f3n. Un nuevo ejemplar de yaguaret\u00e9, el mayor felino del continente que se encuentra en &#8220;peligro cr\u00edtico de extinci\u00f3n&#8221; en el pa\u00eds, fue fotografiado en el Parque Nacional Calilegua. As\u00ed lo difundi\u00f3 en redes [&hellip;]<\/p>\n","protected":false},"author":3,"featured_media":1962,"comment_status":"open","ping_status":"open","sticky":false,"template":"","format":"standard","meta":{"footnotes":""},"categories":[25],"tags":[8],"class_list":{"0":"post-1961","1":"post","2":"type-post","3":"status-publish","4":"format-standard","5":"has-post-thumbnail","7":"category-sociedad","8":"tag-jujuy"},"yoast_head":"<!-- This site is optimized with the Yoast SEO plugin v27.5 - https:\/\/yoast.com\/product\/yoast-seo-wordpress\/ -->\n<title>Captaron a un yaguaret\u00e9 en el Parque Nacional Calilegua - Muy Jujuy<\/title>\n<meta name=\"description\" content=\"Las c\u00e1maras que se instalaron hace varios meses registraron a un ejemplar de yaguaret\u00e9, el felino que est\u00e1 en peligro de extinci\u00f3n.\" \/>\n<meta name=\"robots\" content=\"index, follow, max-snippet:-1, max-image-preview:large, max-video-preview:-1\" \/>\n<link rel=\"canonical\" href=\"https:\/\/www.muyjujuy.com\/index.php\/2022\/11\/04\/captaron-a-un-yaguarete-en-el-parque-nacional-calilegua\/\" \/>\n<meta property=\"og:locale\" content=\"es_ES\" \/>\n<meta property=\"og:type\" content=\"article\" \/>\n<meta property=\"og:title\" content=\"Captaron a un yaguaret\u00e9 en el Parque Nacional Calilegua - Muy Jujuy\" \/>\n<meta property=\"og:description\" content=\"Las c\u00e1maras que se instalaron hace varios meses registraron a un ejemplar de yaguaret\u00e9, el felino que est\u00e1 en peligro de extinci\u00f3n.\" \/>\n<meta property=\"og:url\" content=\"https:\/\/www.muyjujuy.com\/index.php\/2022\/11\/04\/captaron-a-un-yaguarete-en-el-parque-nacional-calilegua\/\" \/>\n<meta property=\"og:site_name\" content=\"Muy Jujuy\" \/>\n<meta property=\"article:publisher\" content=\"https:\/\/www.facebook.com\/muyjujuycom\" \/>\n<meta property=\"article:published_time\" content=\"2022-11-04T18:12:14+00:00\" \/>\n<meta property=\"article:modified_time\" content=\"2022-11-04T18:12:17+00:00\" \/>\n<meta property=\"og:image\" content=\"https:\/\/www.muyjujuy.com\/wp-content\/uploads\/2022\/11\/WhatsApp-Image-2022-11-04-at-15.02.13.jpeg\" \/>\n\t<meta property=\"og:image:width\" content=\"993\" \/>\n\t<meta property=\"og:image:height\" content=\"610\" \/>\n\t<meta property=\"og:image:type\" content=\"image\/jpeg\" \/>\n<meta name=\"author\" content=\"Redacci\u00f3n Muy Jujuy\" \/>\n<meta name=\"twitter:card\" content=\"summary_large_image\" \/>\n<meta name=\"twitter:creator\" content=\"@muyjujuy\" \/>\n<meta name=\"twitter:site\" content=\"@muyjujuy\" \/>\n<meta name=\"twitter:label1\" content=\"Escrito por\" \/>\n\t<meta name=\"twitter:data1\" content=\"Redacci\u00f3n Muy Jujuy\" \/>\n\t<meta name=\"twitter:label2\" content=\"Tiempo de lectura\" \/>\n\t<meta name=\"twitter:data2\" content=\"2 minutos\" \/>\n<script type=\"application\/ld+json\" class=\"yoast-schema-graph\">{\"@context\":\"https:\\\/\\\/schema.org\",\"@graph\":[{\"@type\":\"Article\",\"@id\":\"https:\\\/\\\/www.muyjujuy.com\\\/index.php\\\/2022\\\/11\\\/04\\\/captaron-a-un-yaguarete-en-el-parque-nacional-calilegua\\\/#article\",\"isPartOf\":{\"@id\":\"https:\\\/\\\/www.muyjujuy.com\\\/index.php\\\/2022\\\/11\\\/04\\\/captaron-a-un-yaguarete-en-el-parque-nacional-calilegua\\\/\"},\"author\":{\"name\":\"Redacci\u00f3n Muy Jujuy\",\"@id\":\"https:\\\/\\\/www.muyjujuy.com\\\/#\\\/schema\\\/person\\\/1d0f6e223ccea9e3f9034c1a5b683bf2\"},\"headline\":\"Captaron a un yaguaret\u00e9 en el Parque Nacional Calilegua\",\"datePublished\":\"2022-11-04T18:12:14+00:00\",\"dateModified\":\"2022-11-04T18:12:17+00:00\",\"mainEntityOfPage\":{\"@id\":\"https:\\\/\\\/www.muyjujuy.com\\\/index.php\\\/2022\\\/11\\\/04\\\/captaron-a-un-yaguarete-en-el-parque-nacional-calilegua\\\/\"},\"wordCount\":391,\"commentCount\":0,\"publisher\":{\"@id\":\"https:\\\/\\\/www.muyjujuy.com\\\/#organization\"},\"image\":{\"@id\":\"https:\\\/\\\/www.muyjujuy.com\\\/index.php\\\/2022\\\/11\\\/04\\\/captaron-a-un-yaguarete-en-el-parque-nacional-calilegua\\\/#primaryimage\"},\"thumbnailUrl\":\"https:\\\/\\\/www.muyjujuy.com\\\/wp-content\\\/uploads\\\/2022\\\/11\\\/WhatsApp-Image-2022-11-04-at-15.02.13.jpeg\",\"keywords\":[\"Jujuy\"],\"articleSection\":[\"Sociedad\"],\"inLanguage\":\"es-AR\",\"potentialAction\":[{\"@type\":\"CommentAction\",\"name\":\"Comment\",\"target\":[\"https:\\\/\\\/www.muyjujuy.com\\\/index.php\\\/2022\\\/11\\\/04\\\/captaron-a-un-yaguarete-en-el-parque-nacional-calilegua\\\/#respond\"]}]},{\"@type\":\"WebPage\",\"@id\":\"https:\\\/\\\/www.muyjujuy.com\\\/index.php\\\/2022\\\/11\\\/04\\\/captaron-a-un-yaguarete-en-el-parque-nacional-calilegua\\\/\",\"url\":\"https:\\\/\\\/www.muyjujuy.com\\\/index.php\\\/2022\\\/11\\\/04\\\/captaron-a-un-yaguarete-en-el-parque-nacional-calilegua\\\/\",\"name\":\"Captaron a un yaguaret\u00e9 en el Parque Nacional Calilegua - Muy Jujuy\",\"isPartOf\":{\"@id\":\"https:\\\/\\\/www.muyjujuy.com\\\/#website\"},\"primaryImageOfPage\":{\"@id\":\"https:\\\/\\\/www.muyjujuy.com\\\/index.php\\\/2022\\\/11\\\/04\\\/captaron-a-un-yaguarete-en-el-parque-nacional-calilegua\\\/#primaryimage\"},\"image\":{\"@id\":\"https:\\\/\\\/www.muyjujuy.com\\\/index.php\\\/2022\\\/11\\\/04\\\/captaron-a-un-yaguarete-en-el-parque-nacional-calilegua\\\/#primaryimage\"},\"thumbnailUrl\":\"https:\\\/\\\/www.muyjujuy.com\\\/wp-content\\\/uploads\\\/2022\\\/11\\\/WhatsApp-Image-2022-11-04-at-15.02.13.jpeg\",\"datePublished\":\"2022-11-04T18:12:14+00:00\",\"dateModified\":\"2022-11-04T18:12:17+00:00\",\"description\":\"Las c\u00e1maras que se instalaron hace varios meses registraron a un ejemplar de yaguaret\u00e9, el felino que est\u00e1 en peligro de extinci\u00f3n.\",\"breadcrumb\":{\"@id\":\"https:\\\/\\\/www.muyjujuy.com\\\/index.php\\\/2022\\\/11\\\/04\\\/captaron-a-un-yaguarete-en-el-parque-nacional-calilegua\\\/#breadcrumb\"},\"inLanguage\":\"es-AR\",\"potentialAction\":[{\"@type\":\"ReadAction\",\"target\":[\"https:\\\/\\\/www.muyjujuy.com\\\/index.php\\\/2022\\\/11\\\/04\\\/captaron-a-un-yaguarete-en-el-parque-nacional-calilegua\\\/\"]}]},{\"@type\":\"ImageObject\",\"inLanguage\":\"es-AR\",\"@id\":\"https:\\\/\\\/www.muyjujuy.com\\\/index.php\\\/2022\\\/11\\\/04\\\/captaron-a-un-yaguarete-en-el-parque-nacional-calilegua\\\/#primaryimage\",\"url\":\"https:\\\/\\\/www.muyjujuy.com\\\/wp-content\\\/uploads\\\/2022\\\/11\\\/WhatsApp-Image-2022-11-04-at-15.02.13.jpeg\",\"contentUrl\":\"https:\\\/\\\/www.muyjujuy.com\\\/wp-content\\\/uploads\\\/2022\\\/11\\\/WhatsApp-Image-2022-11-04-at-15.02.13.jpeg\",\"width\":993,\"height\":610},{\"@type\":\"BreadcrumbList\",\"@id\":\"https:\\\/\\\/www.muyjujuy.com\\\/index.php\\\/2022\\\/11\\\/04\\\/captaron-a-un-yaguarete-en-el-parque-nacional-calilegua\\\/#breadcrumb\",\"itemListElement\":[{\"@type\":\"ListItem\",\"position\":1,\"name\":\"Inicio\",\"item\":\"https:\\\/\\\/www.muyjujuy.com\\\/\"},{\"@type\":\"ListItem\",\"position\":2,\"name\":\"Captaron a un yaguaret\u00e9 en el Parque Nacional Calilegua\"}]},{\"@type\":\"WebSite\",\"@id\":\"https:\\\/\\\/www.muyjujuy.com\\\/#website\",\"url\":\"https:\\\/\\\/www.muyjujuy.com\\\/\",\"name\":\"Muy Jujuy\",\"description\":\"\",\"publisher\":{\"@id\":\"https:\\\/\\\/www.muyjujuy.com\\\/#organization\"},\"potentialAction\":[{\"@type\":\"SearchAction\",\"target\":{\"@type\":\"EntryPoint\",\"urlTemplate\":\"https:\\\/\\\/www.muyjujuy.com\\\/?s={search_term_string}\"},\"query-input\":{\"@type\":\"PropertyValueSpecification\",\"valueRequired\":true,\"valueName\":\"search_term_string\"}}],\"inLanguage\":\"es-AR\"},{\"@type\":\"Organization\",\"@id\":\"https:\\\/\\\/www.muyjujuy.com\\\/#organization\",\"name\":\"Muy Jujuy\",\"url\":\"https:\\\/\\\/www.muyjujuy.com\\\/\",\"logo\":{\"@type\":\"ImageObject\",\"inLanguage\":\"es-AR\",\"@id\":\"https:\\\/\\\/www.muyjujuy.com\\\/#\\\/schema\\\/logo\\\/image\\\/\",\"url\":\"http:\\\/\\\/www.muyjujuy.com\\\/wp-content\\\/uploads\\\/2022\\\/05\\\/logo-mobil-jujuy.png\",\"contentUrl\":\"http:\\\/\\\/www.muyjujuy.com\\\/wp-content\\\/uploads\\\/2022\\\/05\\\/logo-mobil-jujuy.png\",\"width\":174,\"height\":81,\"caption\":\"Muy Jujuy\"},\"image\":{\"@id\":\"https:\\\/\\\/www.muyjujuy.com\\\/#\\\/schema\\\/logo\\\/image\\\/\"},\"sameAs\":[\"https:\\\/\\\/www.facebook.com\\\/muyjujuycom\",\"https:\\\/\\\/x.com\\\/muyjujuy\",\"https:\\\/\\\/www.instagram.com\\\/muyjujuycom\"]},{\"@type\":\"Person\",\"@id\":\"https:\\\/\\\/www.muyjujuy.com\\\/#\\\/schema\\\/person\\\/1d0f6e223ccea9e3f9034c1a5b683bf2\",\"name\":\"Redacci\u00f3n Muy Jujuy\",\"image\":{\"@type\":\"ImageObject\",\"inLanguage\":\"es-AR\",\"@id\":\"https:\\\/\\\/secure.gravatar.com\\\/avatar\\\/fec5f6f1893d741ed5eecccff109ce43e67a855411202a3212a058cb8e5c27d4?s=96&d=mm&r=g\",\"url\":\"https:\\\/\\\/secure.gravatar.com\\\/avatar\\\/fec5f6f1893d741ed5eecccff109ce43e67a855411202a3212a058cb8e5c27d4?s=96&d=mm&r=g\",\"contentUrl\":\"https:\\\/\\\/secure.gravatar.com\\\/avatar\\\/fec5f6f1893d741ed5eecccff109ce43e67a855411202a3212a058cb8e5c27d4?s=96&d=mm&r=g\",\"caption\":\"Redacci\u00f3n Muy Jujuy\"},\"url\":\"https:\\\/\\\/www.muyjujuy.com\\\/index.php\\\/author\\\/editor\\\/\"}]}<\/script>\n<!-- \/ Yoast SEO plugin. -->","yoast_head_json":{"title":"Captaron a un yaguaret\u00e9 en el Parque Nacional Calilegua - Muy Jujuy","description":"Las c\u00e1maras que se instalaron hace varios meses registraron a un ejemplar de yaguaret\u00e9, el felino que est\u00e1 en peligro de extinci\u00f3n.","robots":{"index":"index","follow":"follow","max-snippet":"max-snippet:-1","max-image-preview":"max-image-preview:large","max-video-preview":"max-video-preview:-1"},"canonical":"https:\/\/www.muyjujuy.com\/index.php\/2022\/11\/04\/captaron-a-un-yaguarete-en-el-parque-nacional-calilegua\/","og_locale":"es_ES","og_type":"article","og_title":"Captaron a un yaguaret\u00e9 en el Parque Nacional Calilegua - Muy Jujuy","og_description":"Las c\u00e1maras que se instalaron hace varios meses registraron a un ejemplar de yaguaret\u00e9, el felino que est\u00e1 en peligro de extinci\u00f3n.","og_url":"https:\/\/www.muyjujuy.com\/index.php\/2022\/11\/04\/captaron-a-un-yaguarete-en-el-parque-nacional-calilegua\/","og_site_name":"Muy Jujuy","article_publisher":"https:\/\/www.facebook.com\/muyjujuycom","article_published_time":"2022-11-04T18:12:14+00:00","article_modified_time":"2022-11-04T18:12:17+00:00","og_image":[{"width":993,"height":610,"url":"https:\/\/www.muyjujuy.com\/wp-content\/uploads\/2022\/11\/WhatsApp-Image-2022-11-04-at-15.02.13.jpeg","type":"image\/jpeg"}],"author":"Redacci\u00f3n Muy Jujuy","twitter_card":"summary_large_image","twitter_creator":"@muyjujuy","twitter_site":"@muyjujuy","twitter_misc":{"Escrito por":"Redacci\u00f3n Muy Jujuy","Tiempo de lectura":"2 minutos"},"schema":{"@context":"https:\/\/schema.org","@graph":[{"@type":"Article","@id":"https:\/\/www.muyjujuy.com\/index.php\/2022\/11\/04\/captaron-a-un-yaguarete-en-el-parque-nacional-calilegua\/#article","isPartOf":{"@id":"https:\/\/www.muyjujuy.com\/index.php\/2022\/11\/04\/captaron-a-un-yaguarete-en-el-parque-nacional-calilegua\/"},"author":{"name":"Redacci\u00f3n Muy Jujuy","@id":"https:\/\/www.muyjujuy.com\/#\/schema\/person\/1d0f6e223ccea9e3f9034c1a5b683bf2"},"headline":"Captaron a un yaguaret\u00e9 en el Parque Nacional Calilegua","datePublished":"2022-11-04T18:12:14+00:00","dateModified":"2022-11-04T18:12:17+00:00","mainEntityOfPage":{"@id":"https:\/\/www.muyjujuy.com\/index.php\/2022\/11\/04\/captaron-a-un-yaguarete-en-el-parque-nacional-calilegua\/"},"wordCount":391,"commentCount":0,"publisher":{"@id":"https:\/\/www.muyjujuy.com\/#organization"},"image":{"@id":"https:\/\/www.muyjujuy.com\/index.php\/2022\/11\/04\/captaron-a-un-yaguarete-en-el-parque-nacional-calilegua\/#primaryimage"},"thumbnailUrl":"https:\/\/www.muyjujuy.com\/wp-content\/uploads\/2022\/11\/WhatsApp-Image-2022-11-04-at-15.02.13.jpeg","keywords":["Jujuy"],"articleSection":["Sociedad"],"inLanguage":"es-AR","potentialAction":[{"@type":"CommentAction","name":"Comment","target":["https:\/\/www.muyjujuy.com\/index.php\/2022\/11\/04\/captaron-a-un-yaguarete-en-el-parque-nacional-calilegua\/#respond"]}]},{"@type":"WebPage","@id":"https:\/\/www.muyjujuy.com\/index.php\/2022\/11\/04\/captaron-a-un-yaguarete-en-el-parque-nacional-calilegua\/","url":"https:\/\/www.muyjujuy.com\/index.php\/2022\/11\/04\/captaron-a-un-yaguarete-en-el-parque-nacional-calilegua\/","name":"Captaron a un yaguaret\u00e9 en el Parque Nacional Calilegua - Muy Jujuy","isPartOf":{"@id":"https:\/\/www.muyjujuy.com\/#website"},"primaryImageOfPage":{"@id":"https:\/\/www.muyjujuy.com\/index.php\/2022\/11\/04\/captaron-a-un-yaguarete-en-el-parque-nacional-calilegua\/#primaryimage"},"image":{"@id":"https:\/\/www.muyjujuy.com\/index.php\/2022\/11\/04\/captaron-a-un-yaguarete-en-el-parque-nacional-calilegua\/#primaryimage"},"thumbnailUrl":"https:\/\/www.muyjujuy.com\/wp-content\/uploads\/2022\/11\/WhatsApp-Image-2022-11-04-at-15.02.13.jpeg","datePublished":"2022-11-04T18:12:14+00:00","dateModified":"2022-11-04T18:12:17+00:00","description":"Las c\u00e1maras que se instalaron hace varios meses registraron a un ejemplar de yaguaret\u00e9, el felino que est\u00e1 en peligro de extinci\u00f3n.","breadcrumb":{"@id":"https:\/\/www.muyjujuy.com\/index.php\/2022\/11\/04\/captaron-a-un-yaguarete-en-el-parque-nacional-calilegua\/#breadcrumb"},"inLanguage":"es-AR","potentialAction":[{"@type":"ReadAction","target":["https:\/\/www.muyjujuy.com\/index.php\/2022\/11\/04\/captaron-a-un-yaguarete-en-el-parque-nacional-calilegua\/"]}]},{"@type":"ImageObject","inLanguage":"es-AR","@id":"https:\/\/www.muyjujuy.com\/index.php\/2022\/11\/04\/captaron-a-un-yaguarete-en-el-parque-nacional-calilegua\/#primaryimage","url":"https:\/\/www.muyjujuy.com\/wp-content\/uploads\/2022\/11\/WhatsApp-Image-2022-11-04-at-15.02.13.jpeg","contentUrl":"https:\/\/www.muyjujuy.com\/wp-content\/uploads\/2022\/11\/WhatsApp-Image-2022-11-04-at-15.02.13.jpeg","width":993,"height":610},{"@type":"BreadcrumbList","@id":"https:\/\/www.muyjujuy.com\/index.php\/2022\/11\/04\/captaron-a-un-yaguarete-en-el-parque-nacional-calilegua\/#breadcrumb","itemListElement":[{"@type":"ListItem","position":1,"name":"Inicio","item":"https:\/\/www.muyjujuy.com\/"},{"@type":"ListItem","position":2,"name":"Captaron a un yaguaret\u00e9 en el Parque Nacional Calilegua"}]},{"@type":"WebSite","@id":"https:\/\/www.muyjujuy.com\/#website","url":"https:\/\/www.muyjujuy.com\/","name":"Muy Jujuy","description":"","publisher":{"@id":"https:\/\/www.muyjujuy.com\/#organization"},"potentialAction":[{"@type":"SearchAction","target":{"@type":"EntryPoint","urlTemplate":"https:\/\/www.muyjujuy.com\/?s={search_term_string}"},"query-input":{"@type":"PropertyValueSpecification","valueRequired":true,"valueName":"search_term_string"}}],"inLanguage":"es-AR"},{"@type":"Organization","@id":"https:\/\/www.muyjujuy.com\/#organization","name":"Muy Jujuy","url":"https:\/\/www.muyjujuy.com\/","logo":{"@type":"ImageObject","inLanguage":"es-AR","@id":"https:\/\/www.muyjujuy.com\/#\/schema\/logo\/image\/","url":"http:\/\/www.muyjujuy.com\/wp-content\/uploads\/2022\/05\/logo-mobil-jujuy.png","contentUrl":"http:\/\/www.muyjujuy.com\/wp-content\/uploads\/2022\/05\/logo-mobil-jujuy.png","width":174,"height":81,"caption":"Muy Jujuy"},"image":{"@id":"https:\/\/www.muyjujuy.com\/#\/schema\/logo\/image\/"},"sameAs":["https:\/\/www.facebook.com\/muyjujuycom","https:\/\/x.com\/muyjujuy","https:\/\/www.instagram.com\/muyjujuycom"]},{"@type":"Person","@id":"https:\/\/www.muyjujuy.com\/#\/schema\/person\/1d0f6e223ccea9e3f9034c1a5b683bf2","name":"Redacci\u00f3n Muy Jujuy","image":{"@type":"ImageObject","inLanguage":"es-AR","@id":"https:\/\/secure.gravatar.com\/avatar\/fec5f6f1893d741ed5eecccff109ce43e67a855411202a3212a058cb8e5c27d4?s=96&d=mm&r=g","url":"https:\/\/secure.gravatar.com\/avatar\/fec5f6f1893d741ed5eecccff109ce43e67a855411202a3212a058cb8e5c27d4?s=96&d=mm&r=g","contentUrl":"https:\/\/secure.gravatar.com\/avatar\/fec5f6f1893d741ed5eecccff109ce43e67a855411202a3212a058cb8e5c27d4?s=96&d=mm&r=g","caption":"Redacci\u00f3n Muy Jujuy"},"url":"https:\/\/www.muyjujuy.com\/index.php\/author\/editor\/"}]}},"_links":{"self":[{"href":"https:\/\/www.muyjujuy.com\/index.php\/wp-json\/wp\/v2\/posts\/1961","targetHints":{"allow":["GET"]}}],"collection":[{"href":"https:\/\/www.muyjujuy.com\/index.php\/wp-json\/wp\/v2\/posts"}],"about":[{"href":"https:\/\/www.muyjujuy.com\/index.php\/wp-json\/wp\/v2\/types\/post"}],"author":[{"embeddable":true,"href":"https:\/\/www.muyjujuy.com\/index.php\/wp-json\/wp\/v2\/users\/3"}],"replies":[{"embeddable":true,"href":"https:\/\/www.muyjujuy.com\/index.php\/wp-json\/wp\/v2\/comments?post=1961"}],"version-history":[{"count":1,"href":"https:\/\/www.muyjujuy.com\/index.php\/wp-json\/wp\/v2\/posts\/1961\/revisions"}],"predecessor-version":[{"id":1963,"href":"https:\/\/www.muyjujuy.com\/index.php\/wp-json\/wp\/v2\/posts\/1961\/revisions\/1963"}],"wp:featuredmedia":[{"embeddable":true,"href":"https:\/\/www.muyjujuy.com\/index.php\/wp-json\/wp\/v2\/media\/1962"}],"wp:attachment":[{"href":"https:\/\/www.muyjujuy.com\/index.php\/wp-json\/wp\/v2\/media?parent=1961"}],"wp:term":[{"taxonomy":"category","embeddable":true,"href":"https:\/\/www.muyjujuy.com\/index.php\/wp-json\/wp\/v2\/categories?post=1961"},{"taxonomy":"post_tag","embeddable":true,"href":"https:\/\/www.muyjujuy.com\/index.php\/wp-json\/wp\/v2\/tags?post=1961"}],"curies":[{"name":"wp","href":"https:\/\/api.w.org\/{rel}","templated":true}]}}