{"id":1970,"date":"2022-11-07T11:47:19","date_gmt":"2022-11-07T14:47:19","guid":{"rendered":"https:\/\/www.muyjujuy.com\/?p=1970"},"modified":"2022-11-07T11:47:22","modified_gmt":"2022-11-07T14:47:22","slug":"se-confirmo-el-primer-caso-de-viruela-del-mono-en-jujuy","status":"publish","type":"post","link":"https:\/\/www.muyjujuy.com\/index.php\/2022\/11\/07\/se-confirmo-el-primer-caso-de-viruela-del-mono-en-jujuy\/","title":{"rendered":"Se confirm\u00f3 el primer caso de viruela del mono en Jujuy"},"content":{"rendered":"\n<p><em>El primer caso de la viruela del mono se trata de una persona mayor de edad que viaj\u00f3 a Santa Cruz de la Sierra en Bolivia. La persona se encuentra aislada.<\/em><\/p>\n\n\n\n<p>El Ministerio de Salud de Jujuy inform\u00f3 que <strong>se confirm\u00f3 el primer caso de <a href=\"https:\/\/www.muyjujuy.com\/index.php\/2022\/08\/31\/viruela-del-mono-en-jujuy-afirman-que-el-caso-sospechoso-no-tuvo-contacto-con-otras-personas\/\">Viruela S\u00edmica<\/a> <\/strong>en la provincia a partir de una muestra derivada al Instituto Malbr\u00e1n.<br><br>El caso positivo <strong>corresponde a una persona mayor de edad con antecedente de viaje a Santa Cruz de la Sierra<\/strong> en Bolivia. A la fecha cumple con el aislamiento correspondiente en internaci\u00f3n mientras evoluciona de manera favorable.<br><br>El 24 de octubre, la persona inici\u00f3 con fiebre superior a 38 grados, cefalea y exantema en miembros superiores e inferiores. Cinco d\u00edas despu\u00e9s, <strong>realiz\u00f3 la consulta m\u00e9dica en un hospital de la capital juje\u00f1a <\/strong>y qued\u00f3 internada para observaci\u00f3n, sin complicaciones. A partir del interrogatorio epidemiol\u00f3gico, <strong>el equipo toma conocimiento del contacto estrecho previo con un caso confirmado.<br><\/strong><br>Se llev\u00f3 a cabo el protocolo de vigencia y <strong>se indic\u00f3 aislamiento inmediato<\/strong>. Se efectu\u00f3 la toma de muestra para ser derivada y estudiada por PCR en el Instituto Nacional de Enfermedades Infecciosas (INEI) de la Administraci\u00f3n Nacional de Laboratorios e Institutos de Salud (ANLIS) \u201cDr. Carlos Malbr\u00e1n\u201d, resultando positiva.<\/p>\n\n\n\n<h2 class=\"wp-block-heading\"><strong>\u00bfQu\u00e9 es la viruela del mono?<\/strong><\/h2>\n\n\n\n<p>Es una enfermedad viral contagiosa, causada por el virus de la viruela s\u00edmica que se transmite de animales a humanos. Tambi\u00e9n <strong>de una persona a otra por contacto con la erupci\u00f3n o lesiones que se producen en la piel <\/strong>de la persona enferma, los l\u00edquidos corporales (como la saliva, y el l\u00edquido, pus o sangre de lesiones cut\u00e1neas), y las costras que se forman luego. <\/p>\n\n\n\n<p>El per\u00edodo de incubaci\u00f3n de la enfermedad suele ser de 6 a 13 d\u00edas pero puede oscilar entre 5 y 21 d\u00edas. Por lo general, la viruela s\u00edmica es autolimitada y los s\u00edntomas se resuelven espont\u00e1neamente dentro de los 14 a 21 d\u00edas.<\/p>\n\n\n\n<h2 class=\"wp-block-heading\"><strong>\u00bfCu\u00e1les son los s\u00edntomas?<\/strong><\/h2>\n\n\n\n<p>Se pueden desarrollar s\u00edntomas hasta 21 d\u00edas luego del contacto con alguien con viruela s\u00edmica y los m\u00e1s frecuentes son:<\/p>\n\n\n\n<ul class=\"wp-block-list\">\n<li>Lesiones en la piel, que pasan por distintos estadios hasta formar una costra que luego se cae. Las lesiones pueden ser planas o ligeramente elevadas, llenas de l\u00edquido claro o amarillento, y luego pueden formar costras, secarse y caerse. Suelen concentrarse en la cara, las palmas de las manos y las plantas de los pies. Tambi\u00e9n pueden presentarse en el \u00e1rea genital o perineal\/perianal. Suelen picar y\/o doler<\/li>\n\n\n\n<li>Fiebre<\/li>\n\n\n\n<li>Dolor de cabeza, muscular o de espalda<\/li>\n\n\n\n<li>Inflamaci\u00f3n de ganglios<\/li>\n\n\n\n<li>Cansancio<\/li>\n<\/ul>\n\n\n\n<p><strong>Importante<br><\/strong>Las lesiones siguen siendo contagiosas hasta que las costras se caen y hay una nueva capa de piel formada debajo. <br><\/p>\n","protected":false},"excerpt":{"rendered":"<p>El primer caso de la viruela del mono se trata de una persona mayor de edad que viaj\u00f3 a Santa Cruz de la Sierra en Bolivia. La persona se encuentra aislada. El Ministerio de Salud de Jujuy inform\u00f3 que se confirm\u00f3 el primer caso de Viruela S\u00edmica en la provincia a partir de una muestra [&hellip;]<\/p>\n","protected":false},"author":3,"featured_media":1971,"comment_status":"open","ping_status":"open","sticky":false,"template":"","format":"standard","meta":{"footnotes":""},"categories":[25],"tags":[8],"class_list":{"0":"post-1970","1":"post","2":"type-post","3":"status-publish","4":"format-standard","5":"has-post-thumbnail","7":"category-sociedad","8":"tag-jujuy"},"yoast_head":"<!-- This site is optimized with the Yoast SEO plugin v27.5 - https:\/\/yoast.com\/product\/yoast-seo-wordpress\/ -->\n<title>Se confirm\u00f3 el primer caso de viruela del mono en Jujuy - Muy Jujuy<\/title>\n<meta name=\"description\" content=\"El primer caso de la viruela del mono se trata de una persona mayor de edad que viaj\u00f3 a Santa Cruz de la Sierra en Bolivia. La persona se encuentra aislada.\" \/>\n<meta name=\"robots\" content=\"index, follow, max-snippet:-1, max-image-preview:large, max-video-preview:-1\" \/>\n<link rel=\"canonical\" href=\"https:\/\/www.muyjujuy.com\/index.php\/2022\/11\/07\/se-confirmo-el-primer-caso-de-viruela-del-mono-en-jujuy\/\" \/>\n<meta property=\"og:locale\" content=\"es_ES\" \/>\n<meta property=\"og:type\" content=\"article\" \/>\n<meta property=\"og:title\" content=\"Se confirm\u00f3 el primer caso de viruela del mono en Jujuy - Muy Jujuy\" \/>\n<meta property=\"og:description\" content=\"El primer caso de la viruela del mono se trata de una persona mayor de edad que viaj\u00f3 a Santa Cruz de la Sierra en Bolivia. La persona se encuentra aislada.\" \/>\n<meta property=\"og:url\" content=\"https:\/\/www.muyjujuy.com\/index.php\/2022\/11\/07\/se-confirmo-el-primer-caso-de-viruela-del-mono-en-jujuy\/\" \/>\n<meta property=\"og:site_name\" content=\"Muy Jujuy\" \/>\n<meta property=\"article:publisher\" content=\"https:\/\/www.facebook.com\/muyjujuycom\" \/>\n<meta property=\"article:published_time\" content=\"2022-11-07T14:47:19+00:00\" \/>\n<meta property=\"article:modified_time\" content=\"2022-11-07T14:47:22+00:00\" \/>\n<meta property=\"og:image\" content=\"https:\/\/www.muyjujuy.com\/wp-content\/uploads\/2022\/11\/WhatsApp-Image-2022-11-07-at-11.45.45.jpeg\" \/>\n\t<meta property=\"og:image:width\" content=\"1200\" \/>\n\t<meta property=\"og:image:height\" content=\"675\" \/>\n\t<meta property=\"og:image:type\" content=\"image\/jpeg\" \/>\n<meta name=\"author\" content=\"Redacci\u00f3n Muy Jujuy\" \/>\n<meta name=\"twitter:card\" content=\"summary_large_image\" \/>\n<meta name=\"twitter:creator\" content=\"@muyjujuy\" \/>\n<meta name=\"twitter:site\" content=\"@muyjujuy\" \/>\n<meta name=\"twitter:label1\" content=\"Escrito por\" \/>\n\t<meta name=\"twitter:data1\" content=\"Redacci\u00f3n Muy Jujuy\" \/>\n\t<meta name=\"twitter:label2\" content=\"Tiempo de lectura\" \/>\n\t<meta name=\"twitter:data2\" content=\"3 minutos\" \/>\n<script type=\"application\/ld+json\" class=\"yoast-schema-graph\">{\"@context\":\"https:\\\/\\\/schema.org\",\"@graph\":[{\"@type\":\"Article\",\"@id\":\"https:\\\/\\\/www.muyjujuy.com\\\/index.php\\\/2022\\\/11\\\/07\\\/se-confirmo-el-primer-caso-de-viruela-del-mono-en-jujuy\\\/#article\",\"isPartOf\":{\"@id\":\"https:\\\/\\\/www.muyjujuy.com\\\/index.php\\\/2022\\\/11\\\/07\\\/se-confirmo-el-primer-caso-de-viruela-del-mono-en-jujuy\\\/\"},\"author\":{\"name\":\"Redacci\u00f3n Muy Jujuy\",\"@id\":\"https:\\\/\\\/www.muyjujuy.com\\\/#\\\/schema\\\/person\\\/1d0f6e223ccea9e3f9034c1a5b683bf2\"},\"headline\":\"Se confirm\u00f3 el primer caso de viruela del mono en Jujuy\",\"datePublished\":\"2022-11-07T14:47:19+00:00\",\"dateModified\":\"2022-11-07T14:47:22+00:00\",\"mainEntityOfPage\":{\"@id\":\"https:\\\/\\\/www.muyjujuy.com\\\/index.php\\\/2022\\\/11\\\/07\\\/se-confirmo-el-primer-caso-de-viruela-del-mono-en-jujuy\\\/\"},\"wordCount\":482,\"commentCount\":0,\"publisher\":{\"@id\":\"https:\\\/\\\/www.muyjujuy.com\\\/#organization\"},\"image\":{\"@id\":\"https:\\\/\\\/www.muyjujuy.com\\\/index.php\\\/2022\\\/11\\\/07\\\/se-confirmo-el-primer-caso-de-viruela-del-mono-en-jujuy\\\/#primaryimage\"},\"thumbnailUrl\":\"https:\\\/\\\/www.muyjujuy.com\\\/wp-content\\\/uploads\\\/2022\\\/11\\\/WhatsApp-Image-2022-11-07-at-11.45.45.jpeg\",\"keywords\":[\"Jujuy\"],\"articleSection\":[\"Sociedad\"],\"inLanguage\":\"es-AR\",\"potentialAction\":[{\"@type\":\"CommentAction\",\"name\":\"Comment\",\"target\":[\"https:\\\/\\\/www.muyjujuy.com\\\/index.php\\\/2022\\\/11\\\/07\\\/se-confirmo-el-primer-caso-de-viruela-del-mono-en-jujuy\\\/#respond\"]}]},{\"@type\":\"WebPage\",\"@id\":\"https:\\\/\\\/www.muyjujuy.com\\\/index.php\\\/2022\\\/11\\\/07\\\/se-confirmo-el-primer-caso-de-viruela-del-mono-en-jujuy\\\/\",\"url\":\"https:\\\/\\\/www.muyjujuy.com\\\/index.php\\\/2022\\\/11\\\/07\\\/se-confirmo-el-primer-caso-de-viruela-del-mono-en-jujuy\\\/\",\"name\":\"Se confirm\u00f3 el primer caso de viruela del mono en Jujuy - Muy Jujuy\",\"isPartOf\":{\"@id\":\"https:\\\/\\\/www.muyjujuy.com\\\/#website\"},\"primaryImageOfPage\":{\"@id\":\"https:\\\/\\\/www.muyjujuy.com\\\/index.php\\\/2022\\\/11\\\/07\\\/se-confirmo-el-primer-caso-de-viruela-del-mono-en-jujuy\\\/#primaryimage\"},\"image\":{\"@id\":\"https:\\\/\\\/www.muyjujuy.com\\\/index.php\\\/2022\\\/11\\\/07\\\/se-confirmo-el-primer-caso-de-viruela-del-mono-en-jujuy\\\/#primaryimage\"},\"thumbnailUrl\":\"https:\\\/\\\/www.muyjujuy.com\\\/wp-content\\\/uploads\\\/2022\\\/11\\\/WhatsApp-Image-2022-11-07-at-11.45.45.jpeg\",\"datePublished\":\"2022-11-07T14:47:19+00:00\",\"dateModified\":\"2022-11-07T14:47:22+00:00\",\"description\":\"El primer caso de la viruela del mono se trata de una persona mayor de edad que viaj\u00f3 a Santa Cruz de la Sierra en Bolivia. La persona se encuentra aislada.\",\"breadcrumb\":{\"@id\":\"https:\\\/\\\/www.muyjujuy.com\\\/index.php\\\/2022\\\/11\\\/07\\\/se-confirmo-el-primer-caso-de-viruela-del-mono-en-jujuy\\\/#breadcrumb\"},\"inLanguage\":\"es-AR\",\"potentialAction\":[{\"@type\":\"ReadAction\",\"target\":[\"https:\\\/\\\/www.muyjujuy.com\\\/index.php\\\/2022\\\/11\\\/07\\\/se-confirmo-el-primer-caso-de-viruela-del-mono-en-jujuy\\\/\"]}]},{\"@type\":\"ImageObject\",\"inLanguage\":\"es-AR\",\"@id\":\"https:\\\/\\\/www.muyjujuy.com\\\/index.php\\\/2022\\\/11\\\/07\\\/se-confirmo-el-primer-caso-de-viruela-del-mono-en-jujuy\\\/#primaryimage\",\"url\":\"https:\\\/\\\/www.muyjujuy.com\\\/wp-content\\\/uploads\\\/2022\\\/11\\\/WhatsApp-Image-2022-11-07-at-11.45.45.jpeg\",\"contentUrl\":\"https:\\\/\\\/www.muyjujuy.com\\\/wp-content\\\/uploads\\\/2022\\\/11\\\/WhatsApp-Image-2022-11-07-at-11.45.45.jpeg\",\"width\":1200,\"height\":675},{\"@type\":\"BreadcrumbList\",\"@id\":\"https:\\\/\\\/www.muyjujuy.com\\\/index.php\\\/2022\\\/11\\\/07\\\/se-confirmo-el-primer-caso-de-viruela-del-mono-en-jujuy\\\/#breadcrumb\",\"itemListElement\":[{\"@type\":\"ListItem\",\"position\":1,\"name\":\"Inicio\",\"item\":\"https:\\\/\\\/www.muyjujuy.com\\\/\"},{\"@type\":\"ListItem\",\"position\":2,\"name\":\"Se confirm\u00f3 el primer caso de viruela del mono en Jujuy\"}]},{\"@type\":\"WebSite\",\"@id\":\"https:\\\/\\\/www.muyjujuy.com\\\/#website\",\"url\":\"https:\\\/\\\/www.muyjujuy.com\\\/\",\"name\":\"Muy Jujuy\",\"description\":\"\",\"publisher\":{\"@id\":\"https:\\\/\\\/www.muyjujuy.com\\\/#organization\"},\"potentialAction\":[{\"@type\":\"SearchAction\",\"target\":{\"@type\":\"EntryPoint\",\"urlTemplate\":\"https:\\\/\\\/www.muyjujuy.com\\\/?s={search_term_string}\"},\"query-input\":{\"@type\":\"PropertyValueSpecification\",\"valueRequired\":true,\"valueName\":\"search_term_string\"}}],\"inLanguage\":\"es-AR\"},{\"@type\":\"Organization\",\"@id\":\"https:\\\/\\\/www.muyjujuy.com\\\/#organization\",\"name\":\"Muy Jujuy\",\"url\":\"https:\\\/\\\/www.muyjujuy.com\\\/\",\"logo\":{\"@type\":\"ImageObject\",\"inLanguage\":\"es-AR\",\"@id\":\"https:\\\/\\\/www.muyjujuy.com\\\/#\\\/schema\\\/logo\\\/image\\\/\",\"url\":\"http:\\\/\\\/www.muyjujuy.com\\\/wp-content\\\/uploads\\\/2022\\\/05\\\/logo-mobil-jujuy.png\",\"contentUrl\":\"http:\\\/\\\/www.muyjujuy.com\\\/wp-content\\\/uploads\\\/2022\\\/05\\\/logo-mobil-jujuy.png\",\"width\":174,\"height\":81,\"caption\":\"Muy Jujuy\"},\"image\":{\"@id\":\"https:\\\/\\\/www.muyjujuy.com\\\/#\\\/schema\\\/logo\\\/image\\\/\"},\"sameAs\":[\"https:\\\/\\\/www.facebook.com\\\/muyjujuycom\",\"https:\\\/\\\/x.com\\\/muyjujuy\",\"https:\\\/\\\/www.instagram.com\\\/muyjujuycom\"]},{\"@type\":\"Person\",\"@id\":\"https:\\\/\\\/www.muyjujuy.com\\\/#\\\/schema\\\/person\\\/1d0f6e223ccea9e3f9034c1a5b683bf2\",\"name\":\"Redacci\u00f3n Muy Jujuy\",\"image\":{\"@type\":\"ImageObject\",\"inLanguage\":\"es-AR\",\"@id\":\"https:\\\/\\\/secure.gravatar.com\\\/avatar\\\/fec5f6f1893d741ed5eecccff109ce43e67a855411202a3212a058cb8e5c27d4?s=96&d=mm&r=g\",\"url\":\"https:\\\/\\\/secure.gravatar.com\\\/avatar\\\/fec5f6f1893d741ed5eecccff109ce43e67a855411202a3212a058cb8e5c27d4?s=96&d=mm&r=g\",\"contentUrl\":\"https:\\\/\\\/secure.gravatar.com\\\/avatar\\\/fec5f6f1893d741ed5eecccff109ce43e67a855411202a3212a058cb8e5c27d4?s=96&d=mm&r=g\",\"caption\":\"Redacci\u00f3n Muy Jujuy\"},\"url\":\"https:\\\/\\\/www.muyjujuy.com\\\/index.php\\\/author\\\/editor\\\/\"}]}<\/script>\n<!-- \/ Yoast SEO plugin. -->","yoast_head_json":{"title":"Se confirm\u00f3 el primer caso de viruela del mono en Jujuy - Muy Jujuy","description":"El primer caso de la viruela del mono se trata de una persona mayor de edad que viaj\u00f3 a Santa Cruz de la Sierra en Bolivia. La persona se encuentra aislada.","robots":{"index":"index","follow":"follow","max-snippet":"max-snippet:-1","max-image-preview":"max-image-preview:large","max-video-preview":"max-video-preview:-1"},"canonical":"https:\/\/www.muyjujuy.com\/index.php\/2022\/11\/07\/se-confirmo-el-primer-caso-de-viruela-del-mono-en-jujuy\/","og_locale":"es_ES","og_type":"article","og_title":"Se confirm\u00f3 el primer caso de viruela del mono en Jujuy - Muy Jujuy","og_description":"El primer caso de la viruela del mono se trata de una persona mayor de edad que viaj\u00f3 a Santa Cruz de la Sierra en Bolivia. La persona se encuentra aislada.","og_url":"https:\/\/www.muyjujuy.com\/index.php\/2022\/11\/07\/se-confirmo-el-primer-caso-de-viruela-del-mono-en-jujuy\/","og_site_name":"Muy Jujuy","article_publisher":"https:\/\/www.facebook.com\/muyjujuycom","article_published_time":"2022-11-07T14:47:19+00:00","article_modified_time":"2022-11-07T14:47:22+00:00","og_image":[{"width":1200,"height":675,"url":"https:\/\/www.muyjujuy.com\/wp-content\/uploads\/2022\/11\/WhatsApp-Image-2022-11-07-at-11.45.45.jpeg","type":"image\/jpeg"}],"author":"Redacci\u00f3n Muy Jujuy","twitter_card":"summary_large_image","twitter_creator":"@muyjujuy","twitter_site":"@muyjujuy","twitter_misc":{"Escrito por":"Redacci\u00f3n Muy Jujuy","Tiempo de lectura":"3 minutos"},"schema":{"@context":"https:\/\/schema.org","@graph":[{"@type":"Article","@id":"https:\/\/www.muyjujuy.com\/index.php\/2022\/11\/07\/se-confirmo-el-primer-caso-de-viruela-del-mono-en-jujuy\/#article","isPartOf":{"@id":"https:\/\/www.muyjujuy.com\/index.php\/2022\/11\/07\/se-confirmo-el-primer-caso-de-viruela-del-mono-en-jujuy\/"},"author":{"name":"Redacci\u00f3n Muy Jujuy","@id":"https:\/\/www.muyjujuy.com\/#\/schema\/person\/1d0f6e223ccea9e3f9034c1a5b683bf2"},"headline":"Se confirm\u00f3 el primer caso de viruela del mono en Jujuy","datePublished":"2022-11-07T14:47:19+00:00","dateModified":"2022-11-07T14:47:22+00:00","mainEntityOfPage":{"@id":"https:\/\/www.muyjujuy.com\/index.php\/2022\/11\/07\/se-confirmo-el-primer-caso-de-viruela-del-mono-en-jujuy\/"},"wordCount":482,"commentCount":0,"publisher":{"@id":"https:\/\/www.muyjujuy.com\/#organization"},"image":{"@id":"https:\/\/www.muyjujuy.com\/index.php\/2022\/11\/07\/se-confirmo-el-primer-caso-de-viruela-del-mono-en-jujuy\/#primaryimage"},"thumbnailUrl":"https:\/\/www.muyjujuy.com\/wp-content\/uploads\/2022\/11\/WhatsApp-Image-2022-11-07-at-11.45.45.jpeg","keywords":["Jujuy"],"articleSection":["Sociedad"],"inLanguage":"es-AR","potentialAction":[{"@type":"CommentAction","name":"Comment","target":["https:\/\/www.muyjujuy.com\/index.php\/2022\/11\/07\/se-confirmo-el-primer-caso-de-viruela-del-mono-en-jujuy\/#respond"]}]},{"@type":"WebPage","@id":"https:\/\/www.muyjujuy.com\/index.php\/2022\/11\/07\/se-confirmo-el-primer-caso-de-viruela-del-mono-en-jujuy\/","url":"https:\/\/www.muyjujuy.com\/index.php\/2022\/11\/07\/se-confirmo-el-primer-caso-de-viruela-del-mono-en-jujuy\/","name":"Se confirm\u00f3 el primer caso de viruela del mono en Jujuy - Muy Jujuy","isPartOf":{"@id":"https:\/\/www.muyjujuy.com\/#website"},"primaryImageOfPage":{"@id":"https:\/\/www.muyjujuy.com\/index.php\/2022\/11\/07\/se-confirmo-el-primer-caso-de-viruela-del-mono-en-jujuy\/#primaryimage"},"image":{"@id":"https:\/\/www.muyjujuy.com\/index.php\/2022\/11\/07\/se-confirmo-el-primer-caso-de-viruela-del-mono-en-jujuy\/#primaryimage"},"thumbnailUrl":"https:\/\/www.muyjujuy.com\/wp-content\/uploads\/2022\/11\/WhatsApp-Image-2022-11-07-at-11.45.45.jpeg","datePublished":"2022-11-07T14:47:19+00:00","dateModified":"2022-11-07T14:47:22+00:00","description":"El primer caso de la viruela del mono se trata de una persona mayor de edad que viaj\u00f3 a Santa Cruz de la Sierra en Bolivia. La persona se encuentra aislada.","breadcrumb":{"@id":"https:\/\/www.muyjujuy.com\/index.php\/2022\/11\/07\/se-confirmo-el-primer-caso-de-viruela-del-mono-en-jujuy\/#breadcrumb"},"inLanguage":"es-AR","potentialAction":[{"@type":"ReadAction","target":["https:\/\/www.muyjujuy.com\/index.php\/2022\/11\/07\/se-confirmo-el-primer-caso-de-viruela-del-mono-en-jujuy\/"]}]},{"@type":"ImageObject","inLanguage":"es-AR","@id":"https:\/\/www.muyjujuy.com\/index.php\/2022\/11\/07\/se-confirmo-el-primer-caso-de-viruela-del-mono-en-jujuy\/#primaryimage","url":"https:\/\/www.muyjujuy.com\/wp-content\/uploads\/2022\/11\/WhatsApp-Image-2022-11-07-at-11.45.45.jpeg","contentUrl":"https:\/\/www.muyjujuy.com\/wp-content\/uploads\/2022\/11\/WhatsApp-Image-2022-11-07-at-11.45.45.jpeg","width":1200,"height":675},{"@type":"BreadcrumbList","@id":"https:\/\/www.muyjujuy.com\/index.php\/2022\/11\/07\/se-confirmo-el-primer-caso-de-viruela-del-mono-en-jujuy\/#breadcrumb","itemListElement":[{"@type":"ListItem","position":1,"name":"Inicio","item":"https:\/\/www.muyjujuy.com\/"},{"@type":"ListItem","position":2,"name":"Se confirm\u00f3 el primer caso de viruela del mono en Jujuy"}]},{"@type":"WebSite","@id":"https:\/\/www.muyjujuy.com\/#website","url":"https:\/\/www.muyjujuy.com\/","name":"Muy Jujuy","description":"","publisher":{"@id":"https:\/\/www.muyjujuy.com\/#organization"},"potentialAction":[{"@type":"SearchAction","target":{"@type":"EntryPoint","urlTemplate":"https:\/\/www.muyjujuy.com\/?s={search_term_string}"},"query-input":{"@type":"PropertyValueSpecification","valueRequired":true,"valueName":"search_term_string"}}],"inLanguage":"es-AR"},{"@type":"Organization","@id":"https:\/\/www.muyjujuy.com\/#organization","name":"Muy Jujuy","url":"https:\/\/www.muyjujuy.com\/","logo":{"@type":"ImageObject","inLanguage":"es-AR","@id":"https:\/\/www.muyjujuy.com\/#\/schema\/logo\/image\/","url":"http:\/\/www.muyjujuy.com\/wp-content\/uploads\/2022\/05\/logo-mobil-jujuy.png","contentUrl":"http:\/\/www.muyjujuy.com\/wp-content\/uploads\/2022\/05\/logo-mobil-jujuy.png","width":174,"height":81,"caption":"Muy Jujuy"},"image":{"@id":"https:\/\/www.muyjujuy.com\/#\/schema\/logo\/image\/"},"sameAs":["https:\/\/www.facebook.com\/muyjujuycom","https:\/\/x.com\/muyjujuy","https:\/\/www.instagram.com\/muyjujuycom"]},{"@type":"Person","@id":"https:\/\/www.muyjujuy.com\/#\/schema\/person\/1d0f6e223ccea9e3f9034c1a5b683bf2","name":"Redacci\u00f3n Muy Jujuy","image":{"@type":"ImageObject","inLanguage":"es-AR","@id":"https:\/\/secure.gravatar.com\/avatar\/fec5f6f1893d741ed5eecccff109ce43e67a855411202a3212a058cb8e5c27d4?s=96&d=mm&r=g","url":"https:\/\/secure.gravatar.com\/avatar\/fec5f6f1893d741ed5eecccff109ce43e67a855411202a3212a058cb8e5c27d4?s=96&d=mm&r=g","contentUrl":"https:\/\/secure.gravatar.com\/avatar\/fec5f6f1893d741ed5eecccff109ce43e67a855411202a3212a058cb8e5c27d4?s=96&d=mm&r=g","caption":"Redacci\u00f3n Muy Jujuy"},"url":"https:\/\/www.muyjujuy.com\/index.php\/author\/editor\/"}]}},"_links":{"self":[{"href":"https:\/\/www.muyjujuy.com\/index.php\/wp-json\/wp\/v2\/posts\/1970","targetHints":{"allow":["GET"]}}],"collection":[{"href":"https:\/\/www.muyjujuy.com\/index.php\/wp-json\/wp\/v2\/posts"}],"about":[{"href":"https:\/\/www.muyjujuy.com\/index.php\/wp-json\/wp\/v2\/types\/post"}],"author":[{"embeddable":true,"href":"https:\/\/www.muyjujuy.com\/index.php\/wp-json\/wp\/v2\/users\/3"}],"replies":[{"embeddable":true,"href":"https:\/\/www.muyjujuy.com\/index.php\/wp-json\/wp\/v2\/comments?post=1970"}],"version-history":[{"count":1,"href":"https:\/\/www.muyjujuy.com\/index.php\/wp-json\/wp\/v2\/posts\/1970\/revisions"}],"predecessor-version":[{"id":1972,"href":"https:\/\/www.muyjujuy.com\/index.php\/wp-json\/wp\/v2\/posts\/1970\/revisions\/1972"}],"wp:featuredmedia":[{"embeddable":true,"href":"https:\/\/www.muyjujuy.com\/index.php\/wp-json\/wp\/v2\/media\/1971"}],"wp:attachment":[{"href":"https:\/\/www.muyjujuy.com\/index.php\/wp-json\/wp\/v2\/media?parent=1970"}],"wp:term":[{"taxonomy":"category","embeddable":true,"href":"https:\/\/www.muyjujuy.com\/index.php\/wp-json\/wp\/v2\/categories?post=1970"},{"taxonomy":"post_tag","embeddable":true,"href":"https:\/\/www.muyjujuy.com\/index.php\/wp-json\/wp\/v2\/tags?post=1970"}],"curies":[{"name":"wp","href":"https:\/\/api.w.org\/{rel}","templated":true}]}}