{"id":2020,"date":"2022-11-10T13:43:03","date_gmt":"2022-11-10T16:43:03","guid":{"rendered":"https:\/\/www.muyjujuy.com\/?p=2020"},"modified":"2022-11-10T13:43:44","modified_gmt":"2022-11-10T16:43:44","slug":"pronostivan-lluvias-para-el-viernes-y-confian-en-que-el-humos-se-disipe-en-jujuy","status":"publish","type":"post","link":"https:\/\/www.muyjujuy.com\/index.php\/2022\/11\/10\/pronostivan-lluvias-para-el-viernes-y-confian-en-que-el-humos-se-disipe-en-jujuy\/","title":{"rendered":"Pronostivan lluvias para el viernes y conf\u00edan en que el humos se disipe en Jujuy"},"content":{"rendered":"\n<p><em>Los incendios en Salta afectan la visibilidad en la provinica y esperan que este viernes llueva para as\u00ed se disipe el humo.<\/em><\/p>\n\n\n\n<p>El director de Incendios de Vegetaci\u00f3n y Emergencias Ambientales de Jujuy, <strong>Alejandro Cooke<\/strong>, estim\u00f3 que podr\u00eda llover este viernes, lo cual, ayudar\u00eda a <strong>disminuir la cantidad de humo en el aire y mejorar la visibilidad<\/strong> en la provincia-<\/p>\n\n\n\n<p><a href=\"https:\/\/www.muyjujuy.com\/index.php\/2022\/11\/07\/brigadistas-jujenos-trabajan-para-evitar-que-un-incendio-en-salta-alcance-a-las-yungas\/\">Los&nbsp;incendios contin\u00faan afectado a la provincia de Salta<\/a>, donde <strong>ya arras\u00f3 un total de 40 mil hect\u00e1reas<\/strong> y como consecuencia el humo no da tregua Jujuy. <\/p>\n\n\n\n<p>Seg\u00fan el pron\u00f3stico del tiempo, <strong>el alivio en cuanto a temperaturas y el pron\u00f3stico de lluvias llegar\u00eda el viernes en la noche <\/strong>donde se esperan valores de precipitaci\u00f3n de entre 6 a 9 mil\u00edmetros.<\/p>\n\n\n\n<p><strong>&#8220;Esa cantidad de agua no apagar\u00e1 los incendios, sino que necesitamos valores por encima de 35. Sin embargo, permitir\u00e1n enfriar los focos, limpiar un poco el humo y mejorar la visibilidad que afecta a las zonas de Valles, Yungas y partes de la Puna\u201d<\/strong>, remarc\u00f3.<\/p>\n\n\n\n<p>Cooke tambi\u00e9n hizo menci\u00f3n a las complicaciones que tienen los aviones hidrantes a la hora de apaciguar los incendios producto del humo en el aire.<\/p>\n\n\n\n<p>\u201c<strong>El humo no les permite a los aviones retardar el avance del incendio, deben sobrevolar a mayor altura y el l\u00edquido que arrojar no impacta de la misma manera como volar a baja altura,&nbsp;<\/strong>pero tampoco permite que los brigadistas puedan acelerar los trabajos en tierra&#8221;, advirti\u00f3.<\/p>\n\n\n\n<p>En ese sentido, sobre la presencia de humo en las zonas de mayor o menos intensidad explic\u00f3 que \u201cdepende de la direcci\u00f3n del viento\u201d, y recalc\u00f3 que por ese motivo en diferentes horarios del d\u00eda se observa mayor o menor cantidad, \u201cpuede haber m\u00e1s humo en la ma\u00f1ana y en la noche menos\u201d.<\/p>\n","protected":false},"excerpt":{"rendered":"<p>Los incendios en Salta afectan la visibilidad en la provinica y esperan que este viernes llueva para as\u00ed se disipe el humo. El director de Incendios de Vegetaci\u00f3n y Emergencias Ambientales de Jujuy, Alejandro Cooke, estim\u00f3 que podr\u00eda llover este viernes, lo cual, ayudar\u00eda a disminuir la cantidad de humo en el aire y mejorar [&hellip;]<\/p>\n","protected":false},"author":3,"featured_media":2023,"comment_status":"open","ping_status":"open","sticky":false,"template":"","format":"standard","meta":{"footnotes":""},"categories":[25],"tags":[735,8],"class_list":{"0":"post-2020","1":"post","2":"type-post","3":"status-publish","4":"format-standard","5":"has-post-thumbnail","7":"category-sociedad","8":"tag-incendios-forestales","9":"tag-jujuy"},"yoast_head":"<!-- This site is optimized with the Yoast SEO plugin v27.5 - https:\/\/yoast.com\/product\/yoast-seo-wordpress\/ -->\n<title>Pronostivan lluvias para el viernes y conf\u00edan en que el humos se disipe en Jujuy - Muy Jujuy<\/title>\n<meta name=\"description\" content=\"Los incendios en Salta afectan la visibilidad en la provinica y esperan que este viernes llueva para as\u00ed se disipe el humo.\" \/>\n<meta name=\"robots\" content=\"index, follow, max-snippet:-1, max-image-preview:large, max-video-preview:-1\" \/>\n<link rel=\"canonical\" href=\"https:\/\/www.muyjujuy.com\/index.php\/2022\/11\/10\/pronostivan-lluvias-para-el-viernes-y-confian-en-que-el-humos-se-disipe-en-jujuy\/\" \/>\n<meta property=\"og:locale\" content=\"es_ES\" \/>\n<meta property=\"og:type\" content=\"article\" \/>\n<meta property=\"og:title\" content=\"Pronostivan lluvias para el viernes y conf\u00edan en que el humos se disipe en Jujuy - Muy Jujuy\" \/>\n<meta property=\"og:description\" content=\"Los incendios en Salta afectan la visibilidad en la provinica y esperan que este viernes llueva para as\u00ed se disipe el humo.\" \/>\n<meta property=\"og:url\" content=\"https:\/\/www.muyjujuy.com\/index.php\/2022\/11\/10\/pronostivan-lluvias-para-el-viernes-y-confian-en-que-el-humos-se-disipe-en-jujuy\/\" \/>\n<meta property=\"og:site_name\" content=\"Muy Jujuy\" \/>\n<meta property=\"article:publisher\" content=\"https:\/\/www.facebook.com\/muyjujuycom\" \/>\n<meta property=\"article:published_time\" content=\"2022-11-10T16:43:03+00:00\" \/>\n<meta property=\"article:modified_time\" content=\"2022-11-10T16:43:44+00:00\" \/>\n<meta property=\"og:image\" content=\"https:\/\/www.muyjujuy.com\/wp-content\/uploads\/2022\/11\/WhatsApp-Image-2022-11-10-at-13.42.29.jpeg\" \/>\n\t<meta property=\"og:image:width\" content=\"993\" \/>\n\t<meta property=\"og:image:height\" content=\"610\" \/>\n\t<meta property=\"og:image:type\" content=\"image\/jpeg\" \/>\n<meta name=\"author\" content=\"Redacci\u00f3n Muy Jujuy\" \/>\n<meta name=\"twitter:card\" content=\"summary_large_image\" \/>\n<meta name=\"twitter:creator\" content=\"@muyjujuy\" \/>\n<meta name=\"twitter:site\" content=\"@muyjujuy\" \/>\n<meta name=\"twitter:label1\" content=\"Escrito por\" \/>\n\t<meta name=\"twitter:data1\" content=\"Redacci\u00f3n Muy Jujuy\" \/>\n\t<meta name=\"twitter:label2\" content=\"Tiempo de lectura\" \/>\n\t<meta name=\"twitter:data2\" content=\"2 minutos\" \/>\n<script type=\"application\/ld+json\" class=\"yoast-schema-graph\">{\"@context\":\"https:\\\/\\\/schema.org\",\"@graph\":[{\"@type\":\"Article\",\"@id\":\"https:\\\/\\\/www.muyjujuy.com\\\/index.php\\\/2022\\\/11\\\/10\\\/pronostivan-lluvias-para-el-viernes-y-confian-en-que-el-humos-se-disipe-en-jujuy\\\/#article\",\"isPartOf\":{\"@id\":\"https:\\\/\\\/www.muyjujuy.com\\\/index.php\\\/2022\\\/11\\\/10\\\/pronostivan-lluvias-para-el-viernes-y-confian-en-que-el-humos-se-disipe-en-jujuy\\\/\"},\"author\":{\"name\":\"Redacci\u00f3n Muy Jujuy\",\"@id\":\"https:\\\/\\\/www.muyjujuy.com\\\/#\\\/schema\\\/person\\\/1d0f6e223ccea9e3f9034c1a5b683bf2\"},\"headline\":\"Pronostivan lluvias para el viernes y conf\u00edan en que el humos se disipe en Jujuy\",\"datePublished\":\"2022-11-10T16:43:03+00:00\",\"dateModified\":\"2022-11-10T16:43:44+00:00\",\"mainEntityOfPage\":{\"@id\":\"https:\\\/\\\/www.muyjujuy.com\\\/index.php\\\/2022\\\/11\\\/10\\\/pronostivan-lluvias-para-el-viernes-y-confian-en-que-el-humos-se-disipe-en-jujuy\\\/\"},\"wordCount\":324,\"commentCount\":0,\"publisher\":{\"@id\":\"https:\\\/\\\/www.muyjujuy.com\\\/#organization\"},\"image\":{\"@id\":\"https:\\\/\\\/www.muyjujuy.com\\\/index.php\\\/2022\\\/11\\\/10\\\/pronostivan-lluvias-para-el-viernes-y-confian-en-que-el-humos-se-disipe-en-jujuy\\\/#primaryimage\"},\"thumbnailUrl\":\"https:\\\/\\\/www.muyjujuy.com\\\/wp-content\\\/uploads\\\/2022\\\/11\\\/WhatsApp-Image-2022-11-10-at-13.42.29.jpeg\",\"keywords\":[\"Incendios forestales\",\"Jujuy\"],\"articleSection\":[\"Sociedad\"],\"inLanguage\":\"es-AR\",\"potentialAction\":[{\"@type\":\"CommentAction\",\"name\":\"Comment\",\"target\":[\"https:\\\/\\\/www.muyjujuy.com\\\/index.php\\\/2022\\\/11\\\/10\\\/pronostivan-lluvias-para-el-viernes-y-confian-en-que-el-humos-se-disipe-en-jujuy\\\/#respond\"]}]},{\"@type\":\"WebPage\",\"@id\":\"https:\\\/\\\/www.muyjujuy.com\\\/index.php\\\/2022\\\/11\\\/10\\\/pronostivan-lluvias-para-el-viernes-y-confian-en-que-el-humos-se-disipe-en-jujuy\\\/\",\"url\":\"https:\\\/\\\/www.muyjujuy.com\\\/index.php\\\/2022\\\/11\\\/10\\\/pronostivan-lluvias-para-el-viernes-y-confian-en-que-el-humos-se-disipe-en-jujuy\\\/\",\"name\":\"Pronostivan lluvias para el viernes y conf\u00edan en que el humos se disipe en Jujuy - Muy Jujuy\",\"isPartOf\":{\"@id\":\"https:\\\/\\\/www.muyjujuy.com\\\/#website\"},\"primaryImageOfPage\":{\"@id\":\"https:\\\/\\\/www.muyjujuy.com\\\/index.php\\\/2022\\\/11\\\/10\\\/pronostivan-lluvias-para-el-viernes-y-confian-en-que-el-humos-se-disipe-en-jujuy\\\/#primaryimage\"},\"image\":{\"@id\":\"https:\\\/\\\/www.muyjujuy.com\\\/index.php\\\/2022\\\/11\\\/10\\\/pronostivan-lluvias-para-el-viernes-y-confian-en-que-el-humos-se-disipe-en-jujuy\\\/#primaryimage\"},\"thumbnailUrl\":\"https:\\\/\\\/www.muyjujuy.com\\\/wp-content\\\/uploads\\\/2022\\\/11\\\/WhatsApp-Image-2022-11-10-at-13.42.29.jpeg\",\"datePublished\":\"2022-11-10T16:43:03+00:00\",\"dateModified\":\"2022-11-10T16:43:44+00:00\",\"description\":\"Los incendios en Salta afectan la visibilidad en la provinica y esperan que este viernes llueva para as\u00ed se disipe el humo.\",\"breadcrumb\":{\"@id\":\"https:\\\/\\\/www.muyjujuy.com\\\/index.php\\\/2022\\\/11\\\/10\\\/pronostivan-lluvias-para-el-viernes-y-confian-en-que-el-humos-se-disipe-en-jujuy\\\/#breadcrumb\"},\"inLanguage\":\"es-AR\",\"potentialAction\":[{\"@type\":\"ReadAction\",\"target\":[\"https:\\\/\\\/www.muyjujuy.com\\\/index.php\\\/2022\\\/11\\\/10\\\/pronostivan-lluvias-para-el-viernes-y-confian-en-que-el-humos-se-disipe-en-jujuy\\\/\"]}]},{\"@type\":\"ImageObject\",\"inLanguage\":\"es-AR\",\"@id\":\"https:\\\/\\\/www.muyjujuy.com\\\/index.php\\\/2022\\\/11\\\/10\\\/pronostivan-lluvias-para-el-viernes-y-confian-en-que-el-humos-se-disipe-en-jujuy\\\/#primaryimage\",\"url\":\"https:\\\/\\\/www.muyjujuy.com\\\/wp-content\\\/uploads\\\/2022\\\/11\\\/WhatsApp-Image-2022-11-10-at-13.42.29.jpeg\",\"contentUrl\":\"https:\\\/\\\/www.muyjujuy.com\\\/wp-content\\\/uploads\\\/2022\\\/11\\\/WhatsApp-Image-2022-11-10-at-13.42.29.jpeg\",\"width\":993,\"height\":610},{\"@type\":\"BreadcrumbList\",\"@id\":\"https:\\\/\\\/www.muyjujuy.com\\\/index.php\\\/2022\\\/11\\\/10\\\/pronostivan-lluvias-para-el-viernes-y-confian-en-que-el-humos-se-disipe-en-jujuy\\\/#breadcrumb\",\"itemListElement\":[{\"@type\":\"ListItem\",\"position\":1,\"name\":\"Inicio\",\"item\":\"https:\\\/\\\/www.muyjujuy.com\\\/\"},{\"@type\":\"ListItem\",\"position\":2,\"name\":\"Pronostivan lluvias para el viernes y conf\u00edan en que el humos se disipe en Jujuy\"}]},{\"@type\":\"WebSite\",\"@id\":\"https:\\\/\\\/www.muyjujuy.com\\\/#website\",\"url\":\"https:\\\/\\\/www.muyjujuy.com\\\/\",\"name\":\"Muy Jujuy\",\"description\":\"\",\"publisher\":{\"@id\":\"https:\\\/\\\/www.muyjujuy.com\\\/#organization\"},\"potentialAction\":[{\"@type\":\"SearchAction\",\"target\":{\"@type\":\"EntryPoint\",\"urlTemplate\":\"https:\\\/\\\/www.muyjujuy.com\\\/?s={search_term_string}\"},\"query-input\":{\"@type\":\"PropertyValueSpecification\",\"valueRequired\":true,\"valueName\":\"search_term_string\"}}],\"inLanguage\":\"es-AR\"},{\"@type\":\"Organization\",\"@id\":\"https:\\\/\\\/www.muyjujuy.com\\\/#organization\",\"name\":\"Muy Jujuy\",\"url\":\"https:\\\/\\\/www.muyjujuy.com\\\/\",\"logo\":{\"@type\":\"ImageObject\",\"inLanguage\":\"es-AR\",\"@id\":\"https:\\\/\\\/www.muyjujuy.com\\\/#\\\/schema\\\/logo\\\/image\\\/\",\"url\":\"http:\\\/\\\/www.muyjujuy.com\\\/wp-content\\\/uploads\\\/2022\\\/05\\\/logo-mobil-jujuy.png\",\"contentUrl\":\"http:\\\/\\\/www.muyjujuy.com\\\/wp-content\\\/uploads\\\/2022\\\/05\\\/logo-mobil-jujuy.png\",\"width\":174,\"height\":81,\"caption\":\"Muy Jujuy\"},\"image\":{\"@id\":\"https:\\\/\\\/www.muyjujuy.com\\\/#\\\/schema\\\/logo\\\/image\\\/\"},\"sameAs\":[\"https:\\\/\\\/www.facebook.com\\\/muyjujuycom\",\"https:\\\/\\\/x.com\\\/muyjujuy\",\"https:\\\/\\\/www.instagram.com\\\/muyjujuycom\"]},{\"@type\":\"Person\",\"@id\":\"https:\\\/\\\/www.muyjujuy.com\\\/#\\\/schema\\\/person\\\/1d0f6e223ccea9e3f9034c1a5b683bf2\",\"name\":\"Redacci\u00f3n Muy Jujuy\",\"image\":{\"@type\":\"ImageObject\",\"inLanguage\":\"es-AR\",\"@id\":\"https:\\\/\\\/secure.gravatar.com\\\/avatar\\\/fec5f6f1893d741ed5eecccff109ce43e67a855411202a3212a058cb8e5c27d4?s=96&d=mm&r=g\",\"url\":\"https:\\\/\\\/secure.gravatar.com\\\/avatar\\\/fec5f6f1893d741ed5eecccff109ce43e67a855411202a3212a058cb8e5c27d4?s=96&d=mm&r=g\",\"contentUrl\":\"https:\\\/\\\/secure.gravatar.com\\\/avatar\\\/fec5f6f1893d741ed5eecccff109ce43e67a855411202a3212a058cb8e5c27d4?s=96&d=mm&r=g\",\"caption\":\"Redacci\u00f3n Muy Jujuy\"},\"url\":\"https:\\\/\\\/www.muyjujuy.com\\\/index.php\\\/author\\\/editor\\\/\"}]}<\/script>\n<!-- \/ Yoast SEO plugin. -->","yoast_head_json":{"title":"Pronostivan lluvias para el viernes y conf\u00edan en que el humos se disipe en Jujuy - Muy Jujuy","description":"Los incendios en Salta afectan la visibilidad en la provinica y esperan que este viernes llueva para as\u00ed se disipe el humo.","robots":{"index":"index","follow":"follow","max-snippet":"max-snippet:-1","max-image-preview":"max-image-preview:large","max-video-preview":"max-video-preview:-1"},"canonical":"https:\/\/www.muyjujuy.com\/index.php\/2022\/11\/10\/pronostivan-lluvias-para-el-viernes-y-confian-en-que-el-humos-se-disipe-en-jujuy\/","og_locale":"es_ES","og_type":"article","og_title":"Pronostivan lluvias para el viernes y conf\u00edan en que el humos se disipe en Jujuy - Muy Jujuy","og_description":"Los incendios en Salta afectan la visibilidad en la provinica y esperan que este viernes llueva para as\u00ed se disipe el humo.","og_url":"https:\/\/www.muyjujuy.com\/index.php\/2022\/11\/10\/pronostivan-lluvias-para-el-viernes-y-confian-en-que-el-humos-se-disipe-en-jujuy\/","og_site_name":"Muy Jujuy","article_publisher":"https:\/\/www.facebook.com\/muyjujuycom","article_published_time":"2022-11-10T16:43:03+00:00","article_modified_time":"2022-11-10T16:43:44+00:00","og_image":[{"width":993,"height":610,"url":"https:\/\/www.muyjujuy.com\/wp-content\/uploads\/2022\/11\/WhatsApp-Image-2022-11-10-at-13.42.29.jpeg","type":"image\/jpeg"}],"author":"Redacci\u00f3n Muy Jujuy","twitter_card":"summary_large_image","twitter_creator":"@muyjujuy","twitter_site":"@muyjujuy","twitter_misc":{"Escrito por":"Redacci\u00f3n Muy Jujuy","Tiempo de lectura":"2 minutos"},"schema":{"@context":"https:\/\/schema.org","@graph":[{"@type":"Article","@id":"https:\/\/www.muyjujuy.com\/index.php\/2022\/11\/10\/pronostivan-lluvias-para-el-viernes-y-confian-en-que-el-humos-se-disipe-en-jujuy\/#article","isPartOf":{"@id":"https:\/\/www.muyjujuy.com\/index.php\/2022\/11\/10\/pronostivan-lluvias-para-el-viernes-y-confian-en-que-el-humos-se-disipe-en-jujuy\/"},"author":{"name":"Redacci\u00f3n Muy Jujuy","@id":"https:\/\/www.muyjujuy.com\/#\/schema\/person\/1d0f6e223ccea9e3f9034c1a5b683bf2"},"headline":"Pronostivan lluvias para el viernes y conf\u00edan en que el humos se disipe en Jujuy","datePublished":"2022-11-10T16:43:03+00:00","dateModified":"2022-11-10T16:43:44+00:00","mainEntityOfPage":{"@id":"https:\/\/www.muyjujuy.com\/index.php\/2022\/11\/10\/pronostivan-lluvias-para-el-viernes-y-confian-en-que-el-humos-se-disipe-en-jujuy\/"},"wordCount":324,"commentCount":0,"publisher":{"@id":"https:\/\/www.muyjujuy.com\/#organization"},"image":{"@id":"https:\/\/www.muyjujuy.com\/index.php\/2022\/11\/10\/pronostivan-lluvias-para-el-viernes-y-confian-en-que-el-humos-se-disipe-en-jujuy\/#primaryimage"},"thumbnailUrl":"https:\/\/www.muyjujuy.com\/wp-content\/uploads\/2022\/11\/WhatsApp-Image-2022-11-10-at-13.42.29.jpeg","keywords":["Incendios forestales","Jujuy"],"articleSection":["Sociedad"],"inLanguage":"es-AR","potentialAction":[{"@type":"CommentAction","name":"Comment","target":["https:\/\/www.muyjujuy.com\/index.php\/2022\/11\/10\/pronostivan-lluvias-para-el-viernes-y-confian-en-que-el-humos-se-disipe-en-jujuy\/#respond"]}]},{"@type":"WebPage","@id":"https:\/\/www.muyjujuy.com\/index.php\/2022\/11\/10\/pronostivan-lluvias-para-el-viernes-y-confian-en-que-el-humos-se-disipe-en-jujuy\/","url":"https:\/\/www.muyjujuy.com\/index.php\/2022\/11\/10\/pronostivan-lluvias-para-el-viernes-y-confian-en-que-el-humos-se-disipe-en-jujuy\/","name":"Pronostivan lluvias para el viernes y conf\u00edan en que el humos se disipe en Jujuy - Muy Jujuy","isPartOf":{"@id":"https:\/\/www.muyjujuy.com\/#website"},"primaryImageOfPage":{"@id":"https:\/\/www.muyjujuy.com\/index.php\/2022\/11\/10\/pronostivan-lluvias-para-el-viernes-y-confian-en-que-el-humos-se-disipe-en-jujuy\/#primaryimage"},"image":{"@id":"https:\/\/www.muyjujuy.com\/index.php\/2022\/11\/10\/pronostivan-lluvias-para-el-viernes-y-confian-en-que-el-humos-se-disipe-en-jujuy\/#primaryimage"},"thumbnailUrl":"https:\/\/www.muyjujuy.com\/wp-content\/uploads\/2022\/11\/WhatsApp-Image-2022-11-10-at-13.42.29.jpeg","datePublished":"2022-11-10T16:43:03+00:00","dateModified":"2022-11-10T16:43:44+00:00","description":"Los incendios en Salta afectan la visibilidad en la provinica y esperan que este viernes llueva para as\u00ed se disipe el humo.","breadcrumb":{"@id":"https:\/\/www.muyjujuy.com\/index.php\/2022\/11\/10\/pronostivan-lluvias-para-el-viernes-y-confian-en-que-el-humos-se-disipe-en-jujuy\/#breadcrumb"},"inLanguage":"es-AR","potentialAction":[{"@type":"ReadAction","target":["https:\/\/www.muyjujuy.com\/index.php\/2022\/11\/10\/pronostivan-lluvias-para-el-viernes-y-confian-en-que-el-humos-se-disipe-en-jujuy\/"]}]},{"@type":"ImageObject","inLanguage":"es-AR","@id":"https:\/\/www.muyjujuy.com\/index.php\/2022\/11\/10\/pronostivan-lluvias-para-el-viernes-y-confian-en-que-el-humos-se-disipe-en-jujuy\/#primaryimage","url":"https:\/\/www.muyjujuy.com\/wp-content\/uploads\/2022\/11\/WhatsApp-Image-2022-11-10-at-13.42.29.jpeg","contentUrl":"https:\/\/www.muyjujuy.com\/wp-content\/uploads\/2022\/11\/WhatsApp-Image-2022-11-10-at-13.42.29.jpeg","width":993,"height":610},{"@type":"BreadcrumbList","@id":"https:\/\/www.muyjujuy.com\/index.php\/2022\/11\/10\/pronostivan-lluvias-para-el-viernes-y-confian-en-que-el-humos-se-disipe-en-jujuy\/#breadcrumb","itemListElement":[{"@type":"ListItem","position":1,"name":"Inicio","item":"https:\/\/www.muyjujuy.com\/"},{"@type":"ListItem","position":2,"name":"Pronostivan lluvias para el viernes y conf\u00edan en que el humos se disipe en Jujuy"}]},{"@type":"WebSite","@id":"https:\/\/www.muyjujuy.com\/#website","url":"https:\/\/www.muyjujuy.com\/","name":"Muy Jujuy","description":"","publisher":{"@id":"https:\/\/www.muyjujuy.com\/#organization"},"potentialAction":[{"@type":"SearchAction","target":{"@type":"EntryPoint","urlTemplate":"https:\/\/www.muyjujuy.com\/?s={search_term_string}"},"query-input":{"@type":"PropertyValueSpecification","valueRequired":true,"valueName":"search_term_string"}}],"inLanguage":"es-AR"},{"@type":"Organization","@id":"https:\/\/www.muyjujuy.com\/#organization","name":"Muy Jujuy","url":"https:\/\/www.muyjujuy.com\/","logo":{"@type":"ImageObject","inLanguage":"es-AR","@id":"https:\/\/www.muyjujuy.com\/#\/schema\/logo\/image\/","url":"http:\/\/www.muyjujuy.com\/wp-content\/uploads\/2022\/05\/logo-mobil-jujuy.png","contentUrl":"http:\/\/www.muyjujuy.com\/wp-content\/uploads\/2022\/05\/logo-mobil-jujuy.png","width":174,"height":81,"caption":"Muy Jujuy"},"image":{"@id":"https:\/\/www.muyjujuy.com\/#\/schema\/logo\/image\/"},"sameAs":["https:\/\/www.facebook.com\/muyjujuycom","https:\/\/x.com\/muyjujuy","https:\/\/www.instagram.com\/muyjujuycom"]},{"@type":"Person","@id":"https:\/\/www.muyjujuy.com\/#\/schema\/person\/1d0f6e223ccea9e3f9034c1a5b683bf2","name":"Redacci\u00f3n Muy Jujuy","image":{"@type":"ImageObject","inLanguage":"es-AR","@id":"https:\/\/secure.gravatar.com\/avatar\/fec5f6f1893d741ed5eecccff109ce43e67a855411202a3212a058cb8e5c27d4?s=96&d=mm&r=g","url":"https:\/\/secure.gravatar.com\/avatar\/fec5f6f1893d741ed5eecccff109ce43e67a855411202a3212a058cb8e5c27d4?s=96&d=mm&r=g","contentUrl":"https:\/\/secure.gravatar.com\/avatar\/fec5f6f1893d741ed5eecccff109ce43e67a855411202a3212a058cb8e5c27d4?s=96&d=mm&r=g","caption":"Redacci\u00f3n Muy Jujuy"},"url":"https:\/\/www.muyjujuy.com\/index.php\/author\/editor\/"}]}},"_links":{"self":[{"href":"https:\/\/www.muyjujuy.com\/index.php\/wp-json\/wp\/v2\/posts\/2020","targetHints":{"allow":["GET"]}}],"collection":[{"href":"https:\/\/www.muyjujuy.com\/index.php\/wp-json\/wp\/v2\/posts"}],"about":[{"href":"https:\/\/www.muyjujuy.com\/index.php\/wp-json\/wp\/v2\/types\/post"}],"author":[{"embeddable":true,"href":"https:\/\/www.muyjujuy.com\/index.php\/wp-json\/wp\/v2\/users\/3"}],"replies":[{"embeddable":true,"href":"https:\/\/www.muyjujuy.com\/index.php\/wp-json\/wp\/v2\/comments?post=2020"}],"version-history":[{"count":3,"href":"https:\/\/www.muyjujuy.com\/index.php\/wp-json\/wp\/v2\/posts\/2020\/revisions"}],"predecessor-version":[{"id":2024,"href":"https:\/\/www.muyjujuy.com\/index.php\/wp-json\/wp\/v2\/posts\/2020\/revisions\/2024"}],"wp:featuredmedia":[{"embeddable":true,"href":"https:\/\/www.muyjujuy.com\/index.php\/wp-json\/wp\/v2\/media\/2023"}],"wp:attachment":[{"href":"https:\/\/www.muyjujuy.com\/index.php\/wp-json\/wp\/v2\/media?parent=2020"}],"wp:term":[{"taxonomy":"category","embeddable":true,"href":"https:\/\/www.muyjujuy.com\/index.php\/wp-json\/wp\/v2\/categories?post=2020"},{"taxonomy":"post_tag","embeddable":true,"href":"https:\/\/www.muyjujuy.com\/index.php\/wp-json\/wp\/v2\/tags?post=2020"}],"curies":[{"name":"wp","href":"https:\/\/api.w.org\/{rel}","templated":true}]}}