{"id":2038,"date":"2022-11-11T17:55:46","date_gmt":"2022-11-11T20:55:46","guid":{"rendered":"https:\/\/www.muyjujuy.com\/?p=2038"},"modified":"2022-11-11T17:55:48","modified_gmt":"2022-11-11T20:55:48","slug":"morales-contra-los-piquetes-hay-que-terminar-con-la-joda-han-roto-la-cultura-del-esfuerzo","status":"publish","type":"post","link":"https:\/\/www.muyjujuy.com\/index.php\/2022\/11\/11\/morales-contra-los-piquetes-hay-que-terminar-con-la-joda-han-roto-la-cultura-del-esfuerzo\/","title":{"rendered":"Morales, contra los piquetes: &#8220;Hay que terminar con la joda, han roto la cultura del esfuerzo&#8221;"},"content":{"rendered":"\n<p><em>El gobernador Morales carg\u00f3 contra los piquetes que se llevan adelante desde los movimientos sociales en exigencia a m\u00e1s planes sociales.<\/em><\/p>\n\n\n\n<p>El gobernador de Jujuy, <strong>Gerardo Morales<\/strong>, carg\u00f3 contra los piquetes que se llevaron adelante el jueves en la Ciudad de Buenos Aires y \u00b4pidi\u00f3 &#8220;terminar con la joda&#8221; de los planes sociales. <\/p>\n\n\n\n<p>Fue en el marco de un panel que comparti\u00f3 con los gobernadores Arabela Carreras (R\u00edo Negro) y Sergio U\u00f1ac (San Juan) durante la 28\u00b0 Conferencia Industrial \u201cProducir transforma\u201d.<\/p>\n\n\n\n<p><strong>&#8220;El asistencialismo no resuelve la pobreza, la pol\u00edtica que resuelve la pobreza es la generaci\u00f3n de empleo<\/strong>. Tenemos mas del 40% de los argentinos que son informales o no tienen trabajo y est\u00e1n con los planes\u201d, asever\u00f3 Morales. Mientras las protestas para pedir ingresos a los planes sociales se agudizaban en la avenida 9 de Julio, frente al Ministerio de Desarrollo Social.<\/p>\n\n\n\n<p><strong>&#8220;Me siento con los ca\u00f1eros en mi provincia, los que tienen que cosechar lim\u00f3n y no consiguen trabajo.<\/strong> Quieren cobrar el bono de 45 mil pesos y no quieren ser trabajadores formales. Hay que terminar con la joda, han roto la cultura del esfuerzo. Hay que hacer cirug\u00eda mayor\u201d, sostuvo el mandatario provincial y presidente de la UCR.<\/p>\n\n\n\n<p>Morales, que en su discurso record\u00f3 que es \u201ccandidato a presidente\u201d, pidi\u00f3 desarrollar estructuralmente el pa\u00eds, con una menci\u00f3n al conurbano bonaerense. <\/p>\n\n\n\n<p>\u201cResolver los problemas de la estructura productiva del norte grande no es un problema del norte grande, es un problema del pa\u00eds. <strong>Resolver ese problema es parar el proceso migratorio que ha puesto al 40% de ciudadanos del interior en el conurbano,<\/strong> que no da m\u00e1s y es imposible de administrar para un gobernador de la provincia de Buenos Aires. Necesitamos un desarrollo arm\u00f3nico en el pa\u00eds\u201d, subray\u00f3.<\/p>\n\n\n\n<p>En su discurso, apoy\u00f3 tambi\u00e9n la obra del gasoducto N\u00e9stor Kirchner: \u201cTerminemos los ductos. Les dije a algunos amigos de Juntos por el Cambio: &#8216;Paren un poco, apoyemos que se haga el ducto N\u00e9stor Kirchner. Necesitamos el ducto al NOA, que le estamos usando el gas de Bolivia, que nos venden en 8 d\u00f3lares los diez millones de metros c\u00fabicos d\u00eda y 18 d\u00f3lares los cuatro millones adicionales\u201d.<\/p>\n","protected":false},"excerpt":{"rendered":"<p>El gobernador Morales carg\u00f3 contra los piquetes que se llevan adelante desde los movimientos sociales en exigencia a m\u00e1s planes sociales. El gobernador de Jujuy, Gerardo Morales, carg\u00f3 contra los piquetes que se llevaron adelante el jueves en la Ciudad de Buenos Aires y \u00b4pidi\u00f3 &#8220;terminar con la joda&#8221; de los planes sociales. Fue en [&hellip;]<\/p>\n","protected":false},"author":3,"featured_media":2039,"comment_status":"open","ping_status":"open","sticky":false,"template":"","format":"standard","meta":{"footnotes":""},"categories":[24],"tags":[5,8],"class_list":{"0":"post-2038","1":"post","2":"type-post","3":"status-publish","4":"format-standard","5":"has-post-thumbnail","7":"category-politica","8":"tag-gerardo-morales","9":"tag-jujuy"},"yoast_head":"<!-- This site is optimized with the Yoast SEO plugin v27.5 - https:\/\/yoast.com\/product\/yoast-seo-wordpress\/ -->\n<title>Morales, contra los piquetes: &quot;Hay que terminar con la joda, han roto la cultura del esfuerzo&quot; - Muy Jujuy<\/title>\n<meta name=\"description\" content=\"El gobernador Morales carg\u00f3 contra los piquetes que se llevan adelante desde los movimientos sociales en exigencia a m\u00e1s planes sociales.\" \/>\n<meta name=\"robots\" content=\"index, follow, max-snippet:-1, max-image-preview:large, max-video-preview:-1\" \/>\n<link rel=\"canonical\" href=\"https:\/\/www.muyjujuy.com\/index.php\/2022\/11\/11\/morales-contra-los-piquetes-hay-que-terminar-con-la-joda-han-roto-la-cultura-del-esfuerzo\/\" \/>\n<meta property=\"og:locale\" content=\"es_ES\" \/>\n<meta property=\"og:type\" content=\"article\" \/>\n<meta property=\"og:title\" content=\"Morales, contra los piquetes: &quot;Hay que terminar con la joda, han roto la cultura del esfuerzo&quot; - Muy Jujuy\" \/>\n<meta property=\"og:description\" content=\"El gobernador Morales carg\u00f3 contra los piquetes que se llevan adelante desde los movimientos sociales en exigencia a m\u00e1s planes sociales.\" \/>\n<meta property=\"og:url\" content=\"https:\/\/www.muyjujuy.com\/index.php\/2022\/11\/11\/morales-contra-los-piquetes-hay-que-terminar-con-la-joda-han-roto-la-cultura-del-esfuerzo\/\" \/>\n<meta property=\"og:site_name\" content=\"Muy Jujuy\" \/>\n<meta property=\"article:publisher\" content=\"https:\/\/www.facebook.com\/muyjujuycom\" \/>\n<meta property=\"article:published_time\" content=\"2022-11-11T20:55:46+00:00\" \/>\n<meta property=\"article:modified_time\" content=\"2022-11-11T20:55:48+00:00\" \/>\n<meta property=\"og:image\" content=\"https:\/\/www.muyjujuy.com\/wp-content\/uploads\/2022\/11\/gerardo-morales.jpg\" \/>\n\t<meta property=\"og:image:width\" content=\"700\" \/>\n\t<meta property=\"og:image:height\" content=\"466\" \/>\n\t<meta property=\"og:image:type\" content=\"image\/jpeg\" \/>\n<meta name=\"author\" content=\"Redacci\u00f3n Muy Jujuy\" \/>\n<meta name=\"twitter:card\" content=\"summary_large_image\" \/>\n<meta name=\"twitter:creator\" content=\"@muyjujuy\" \/>\n<meta name=\"twitter:site\" content=\"@muyjujuy\" \/>\n<meta name=\"twitter:label1\" content=\"Escrito por\" \/>\n\t<meta name=\"twitter:data1\" content=\"Redacci\u00f3n Muy Jujuy\" \/>\n\t<meta name=\"twitter:label2\" content=\"Tiempo de lectura\" \/>\n\t<meta name=\"twitter:data2\" content=\"2 minutos\" \/>\n<script type=\"application\/ld+json\" class=\"yoast-schema-graph\">{\"@context\":\"https:\\\/\\\/schema.org\",\"@graph\":[{\"@type\":\"Article\",\"@id\":\"https:\\\/\\\/www.muyjujuy.com\\\/index.php\\\/2022\\\/11\\\/11\\\/morales-contra-los-piquetes-hay-que-terminar-con-la-joda-han-roto-la-cultura-del-esfuerzo\\\/#article\",\"isPartOf\":{\"@id\":\"https:\\\/\\\/www.muyjujuy.com\\\/index.php\\\/2022\\\/11\\\/11\\\/morales-contra-los-piquetes-hay-que-terminar-con-la-joda-han-roto-la-cultura-del-esfuerzo\\\/\"},\"author\":{\"name\":\"Redacci\u00f3n Muy Jujuy\",\"@id\":\"https:\\\/\\\/www.muyjujuy.com\\\/#\\\/schema\\\/person\\\/1d0f6e223ccea9e3f9034c1a5b683bf2\"},\"headline\":\"Morales, contra los piquetes: &#8220;Hay que terminar con la joda, han roto la cultura del esfuerzo&#8221;\",\"datePublished\":\"2022-11-11T20:55:46+00:00\",\"dateModified\":\"2022-11-11T20:55:48+00:00\",\"mainEntityOfPage\":{\"@id\":\"https:\\\/\\\/www.muyjujuy.com\\\/index.php\\\/2022\\\/11\\\/11\\\/morales-contra-los-piquetes-hay-que-terminar-con-la-joda-han-roto-la-cultura-del-esfuerzo\\\/\"},\"wordCount\":390,\"commentCount\":0,\"publisher\":{\"@id\":\"https:\\\/\\\/www.muyjujuy.com\\\/#organization\"},\"image\":{\"@id\":\"https:\\\/\\\/www.muyjujuy.com\\\/index.php\\\/2022\\\/11\\\/11\\\/morales-contra-los-piquetes-hay-que-terminar-con-la-joda-han-roto-la-cultura-del-esfuerzo\\\/#primaryimage\"},\"thumbnailUrl\":\"https:\\\/\\\/www.muyjujuy.com\\\/wp-content\\\/uploads\\\/2022\\\/11\\\/gerardo-morales.jpg\",\"keywords\":[\"Gerardo Morales\",\"Jujuy\"],\"articleSection\":[\"Pol\u00edtica\"],\"inLanguage\":\"es-AR\",\"potentialAction\":[{\"@type\":\"CommentAction\",\"name\":\"Comment\",\"target\":[\"https:\\\/\\\/www.muyjujuy.com\\\/index.php\\\/2022\\\/11\\\/11\\\/morales-contra-los-piquetes-hay-que-terminar-con-la-joda-han-roto-la-cultura-del-esfuerzo\\\/#respond\"]}]},{\"@type\":\"WebPage\",\"@id\":\"https:\\\/\\\/www.muyjujuy.com\\\/index.php\\\/2022\\\/11\\\/11\\\/morales-contra-los-piquetes-hay-que-terminar-con-la-joda-han-roto-la-cultura-del-esfuerzo\\\/\",\"url\":\"https:\\\/\\\/www.muyjujuy.com\\\/index.php\\\/2022\\\/11\\\/11\\\/morales-contra-los-piquetes-hay-que-terminar-con-la-joda-han-roto-la-cultura-del-esfuerzo\\\/\",\"name\":\"Morales, contra los piquetes: \\\"Hay que terminar con la joda, han roto la cultura del esfuerzo\\\" - Muy Jujuy\",\"isPartOf\":{\"@id\":\"https:\\\/\\\/www.muyjujuy.com\\\/#website\"},\"primaryImageOfPage\":{\"@id\":\"https:\\\/\\\/www.muyjujuy.com\\\/index.php\\\/2022\\\/11\\\/11\\\/morales-contra-los-piquetes-hay-que-terminar-con-la-joda-han-roto-la-cultura-del-esfuerzo\\\/#primaryimage\"},\"image\":{\"@id\":\"https:\\\/\\\/www.muyjujuy.com\\\/index.php\\\/2022\\\/11\\\/11\\\/morales-contra-los-piquetes-hay-que-terminar-con-la-joda-han-roto-la-cultura-del-esfuerzo\\\/#primaryimage\"},\"thumbnailUrl\":\"https:\\\/\\\/www.muyjujuy.com\\\/wp-content\\\/uploads\\\/2022\\\/11\\\/gerardo-morales.jpg\",\"datePublished\":\"2022-11-11T20:55:46+00:00\",\"dateModified\":\"2022-11-11T20:55:48+00:00\",\"description\":\"El gobernador Morales carg\u00f3 contra los piquetes que se llevan adelante desde los movimientos sociales en exigencia a m\u00e1s planes sociales.\",\"breadcrumb\":{\"@id\":\"https:\\\/\\\/www.muyjujuy.com\\\/index.php\\\/2022\\\/11\\\/11\\\/morales-contra-los-piquetes-hay-que-terminar-con-la-joda-han-roto-la-cultura-del-esfuerzo\\\/#breadcrumb\"},\"inLanguage\":\"es-AR\",\"potentialAction\":[{\"@type\":\"ReadAction\",\"target\":[\"https:\\\/\\\/www.muyjujuy.com\\\/index.php\\\/2022\\\/11\\\/11\\\/morales-contra-los-piquetes-hay-que-terminar-con-la-joda-han-roto-la-cultura-del-esfuerzo\\\/\"]}]},{\"@type\":\"ImageObject\",\"inLanguage\":\"es-AR\",\"@id\":\"https:\\\/\\\/www.muyjujuy.com\\\/index.php\\\/2022\\\/11\\\/11\\\/morales-contra-los-piquetes-hay-que-terminar-con-la-joda-han-roto-la-cultura-del-esfuerzo\\\/#primaryimage\",\"url\":\"https:\\\/\\\/www.muyjujuy.com\\\/wp-content\\\/uploads\\\/2022\\\/11\\\/gerardo-morales.jpg\",\"contentUrl\":\"https:\\\/\\\/www.muyjujuy.com\\\/wp-content\\\/uploads\\\/2022\\\/11\\\/gerardo-morales.jpg\",\"width\":700,\"height\":466},{\"@type\":\"BreadcrumbList\",\"@id\":\"https:\\\/\\\/www.muyjujuy.com\\\/index.php\\\/2022\\\/11\\\/11\\\/morales-contra-los-piquetes-hay-que-terminar-con-la-joda-han-roto-la-cultura-del-esfuerzo\\\/#breadcrumb\",\"itemListElement\":[{\"@type\":\"ListItem\",\"position\":1,\"name\":\"Inicio\",\"item\":\"https:\\\/\\\/www.muyjujuy.com\\\/\"},{\"@type\":\"ListItem\",\"position\":2,\"name\":\"Morales, contra los piquetes: &#8220;Hay que terminar con la joda, han roto la cultura del esfuerzo&#8221;\"}]},{\"@type\":\"WebSite\",\"@id\":\"https:\\\/\\\/www.muyjujuy.com\\\/#website\",\"url\":\"https:\\\/\\\/www.muyjujuy.com\\\/\",\"name\":\"Muy Jujuy\",\"description\":\"\",\"publisher\":{\"@id\":\"https:\\\/\\\/www.muyjujuy.com\\\/#organization\"},\"potentialAction\":[{\"@type\":\"SearchAction\",\"target\":{\"@type\":\"EntryPoint\",\"urlTemplate\":\"https:\\\/\\\/www.muyjujuy.com\\\/?s={search_term_string}\"},\"query-input\":{\"@type\":\"PropertyValueSpecification\",\"valueRequired\":true,\"valueName\":\"search_term_string\"}}],\"inLanguage\":\"es-AR\"},{\"@type\":\"Organization\",\"@id\":\"https:\\\/\\\/www.muyjujuy.com\\\/#organization\",\"name\":\"Muy Jujuy\",\"url\":\"https:\\\/\\\/www.muyjujuy.com\\\/\",\"logo\":{\"@type\":\"ImageObject\",\"inLanguage\":\"es-AR\",\"@id\":\"https:\\\/\\\/www.muyjujuy.com\\\/#\\\/schema\\\/logo\\\/image\\\/\",\"url\":\"http:\\\/\\\/www.muyjujuy.com\\\/wp-content\\\/uploads\\\/2022\\\/05\\\/logo-mobil-jujuy.png\",\"contentUrl\":\"http:\\\/\\\/www.muyjujuy.com\\\/wp-content\\\/uploads\\\/2022\\\/05\\\/logo-mobil-jujuy.png\",\"width\":174,\"height\":81,\"caption\":\"Muy Jujuy\"},\"image\":{\"@id\":\"https:\\\/\\\/www.muyjujuy.com\\\/#\\\/schema\\\/logo\\\/image\\\/\"},\"sameAs\":[\"https:\\\/\\\/www.facebook.com\\\/muyjujuycom\",\"https:\\\/\\\/x.com\\\/muyjujuy\",\"https:\\\/\\\/www.instagram.com\\\/muyjujuycom\"]},{\"@type\":\"Person\",\"@id\":\"https:\\\/\\\/www.muyjujuy.com\\\/#\\\/schema\\\/person\\\/1d0f6e223ccea9e3f9034c1a5b683bf2\",\"name\":\"Redacci\u00f3n Muy Jujuy\",\"image\":{\"@type\":\"ImageObject\",\"inLanguage\":\"es-AR\",\"@id\":\"https:\\\/\\\/secure.gravatar.com\\\/avatar\\\/fec5f6f1893d741ed5eecccff109ce43e67a855411202a3212a058cb8e5c27d4?s=96&d=mm&r=g\",\"url\":\"https:\\\/\\\/secure.gravatar.com\\\/avatar\\\/fec5f6f1893d741ed5eecccff109ce43e67a855411202a3212a058cb8e5c27d4?s=96&d=mm&r=g\",\"contentUrl\":\"https:\\\/\\\/secure.gravatar.com\\\/avatar\\\/fec5f6f1893d741ed5eecccff109ce43e67a855411202a3212a058cb8e5c27d4?s=96&d=mm&r=g\",\"caption\":\"Redacci\u00f3n Muy Jujuy\"},\"url\":\"https:\\\/\\\/www.muyjujuy.com\\\/index.php\\\/author\\\/editor\\\/\"}]}<\/script>\n<!-- \/ Yoast SEO plugin. -->","yoast_head_json":{"title":"Morales, contra los piquetes: \"Hay que terminar con la joda, han roto la cultura del esfuerzo\" - Muy Jujuy","description":"El gobernador Morales carg\u00f3 contra los piquetes que se llevan adelante desde los movimientos sociales en exigencia a m\u00e1s planes sociales.","robots":{"index":"index","follow":"follow","max-snippet":"max-snippet:-1","max-image-preview":"max-image-preview:large","max-video-preview":"max-video-preview:-1"},"canonical":"https:\/\/www.muyjujuy.com\/index.php\/2022\/11\/11\/morales-contra-los-piquetes-hay-que-terminar-con-la-joda-han-roto-la-cultura-del-esfuerzo\/","og_locale":"es_ES","og_type":"article","og_title":"Morales, contra los piquetes: \"Hay que terminar con la joda, han roto la cultura del esfuerzo\" - Muy Jujuy","og_description":"El gobernador Morales carg\u00f3 contra los piquetes que se llevan adelante desde los movimientos sociales en exigencia a m\u00e1s planes sociales.","og_url":"https:\/\/www.muyjujuy.com\/index.php\/2022\/11\/11\/morales-contra-los-piquetes-hay-que-terminar-con-la-joda-han-roto-la-cultura-del-esfuerzo\/","og_site_name":"Muy Jujuy","article_publisher":"https:\/\/www.facebook.com\/muyjujuycom","article_published_time":"2022-11-11T20:55:46+00:00","article_modified_time":"2022-11-11T20:55:48+00:00","og_image":[{"width":700,"height":466,"url":"https:\/\/www.muyjujuy.com\/wp-content\/uploads\/2022\/11\/gerardo-morales.jpg","type":"image\/jpeg"}],"author":"Redacci\u00f3n Muy Jujuy","twitter_card":"summary_large_image","twitter_creator":"@muyjujuy","twitter_site":"@muyjujuy","twitter_misc":{"Escrito por":"Redacci\u00f3n Muy Jujuy","Tiempo de lectura":"2 minutos"},"schema":{"@context":"https:\/\/schema.org","@graph":[{"@type":"Article","@id":"https:\/\/www.muyjujuy.com\/index.php\/2022\/11\/11\/morales-contra-los-piquetes-hay-que-terminar-con-la-joda-han-roto-la-cultura-del-esfuerzo\/#article","isPartOf":{"@id":"https:\/\/www.muyjujuy.com\/index.php\/2022\/11\/11\/morales-contra-los-piquetes-hay-que-terminar-con-la-joda-han-roto-la-cultura-del-esfuerzo\/"},"author":{"name":"Redacci\u00f3n Muy Jujuy","@id":"https:\/\/www.muyjujuy.com\/#\/schema\/person\/1d0f6e223ccea9e3f9034c1a5b683bf2"},"headline":"Morales, contra los piquetes: &#8220;Hay que terminar con la joda, han roto la cultura del esfuerzo&#8221;","datePublished":"2022-11-11T20:55:46+00:00","dateModified":"2022-11-11T20:55:48+00:00","mainEntityOfPage":{"@id":"https:\/\/www.muyjujuy.com\/index.php\/2022\/11\/11\/morales-contra-los-piquetes-hay-que-terminar-con-la-joda-han-roto-la-cultura-del-esfuerzo\/"},"wordCount":390,"commentCount":0,"publisher":{"@id":"https:\/\/www.muyjujuy.com\/#organization"},"image":{"@id":"https:\/\/www.muyjujuy.com\/index.php\/2022\/11\/11\/morales-contra-los-piquetes-hay-que-terminar-con-la-joda-han-roto-la-cultura-del-esfuerzo\/#primaryimage"},"thumbnailUrl":"https:\/\/www.muyjujuy.com\/wp-content\/uploads\/2022\/11\/gerardo-morales.jpg","keywords":["Gerardo Morales","Jujuy"],"articleSection":["Pol\u00edtica"],"inLanguage":"es-AR","potentialAction":[{"@type":"CommentAction","name":"Comment","target":["https:\/\/www.muyjujuy.com\/index.php\/2022\/11\/11\/morales-contra-los-piquetes-hay-que-terminar-con-la-joda-han-roto-la-cultura-del-esfuerzo\/#respond"]}]},{"@type":"WebPage","@id":"https:\/\/www.muyjujuy.com\/index.php\/2022\/11\/11\/morales-contra-los-piquetes-hay-que-terminar-con-la-joda-han-roto-la-cultura-del-esfuerzo\/","url":"https:\/\/www.muyjujuy.com\/index.php\/2022\/11\/11\/morales-contra-los-piquetes-hay-que-terminar-con-la-joda-han-roto-la-cultura-del-esfuerzo\/","name":"Morales, contra los piquetes: \"Hay que terminar con la joda, han roto la cultura del esfuerzo\" - Muy Jujuy","isPartOf":{"@id":"https:\/\/www.muyjujuy.com\/#website"},"primaryImageOfPage":{"@id":"https:\/\/www.muyjujuy.com\/index.php\/2022\/11\/11\/morales-contra-los-piquetes-hay-que-terminar-con-la-joda-han-roto-la-cultura-del-esfuerzo\/#primaryimage"},"image":{"@id":"https:\/\/www.muyjujuy.com\/index.php\/2022\/11\/11\/morales-contra-los-piquetes-hay-que-terminar-con-la-joda-han-roto-la-cultura-del-esfuerzo\/#primaryimage"},"thumbnailUrl":"https:\/\/www.muyjujuy.com\/wp-content\/uploads\/2022\/11\/gerardo-morales.jpg","datePublished":"2022-11-11T20:55:46+00:00","dateModified":"2022-11-11T20:55:48+00:00","description":"El gobernador Morales carg\u00f3 contra los piquetes que se llevan adelante desde los movimientos sociales en exigencia a m\u00e1s planes sociales.","breadcrumb":{"@id":"https:\/\/www.muyjujuy.com\/index.php\/2022\/11\/11\/morales-contra-los-piquetes-hay-que-terminar-con-la-joda-han-roto-la-cultura-del-esfuerzo\/#breadcrumb"},"inLanguage":"es-AR","potentialAction":[{"@type":"ReadAction","target":["https:\/\/www.muyjujuy.com\/index.php\/2022\/11\/11\/morales-contra-los-piquetes-hay-que-terminar-con-la-joda-han-roto-la-cultura-del-esfuerzo\/"]}]},{"@type":"ImageObject","inLanguage":"es-AR","@id":"https:\/\/www.muyjujuy.com\/index.php\/2022\/11\/11\/morales-contra-los-piquetes-hay-que-terminar-con-la-joda-han-roto-la-cultura-del-esfuerzo\/#primaryimage","url":"https:\/\/www.muyjujuy.com\/wp-content\/uploads\/2022\/11\/gerardo-morales.jpg","contentUrl":"https:\/\/www.muyjujuy.com\/wp-content\/uploads\/2022\/11\/gerardo-morales.jpg","width":700,"height":466},{"@type":"BreadcrumbList","@id":"https:\/\/www.muyjujuy.com\/index.php\/2022\/11\/11\/morales-contra-los-piquetes-hay-que-terminar-con-la-joda-han-roto-la-cultura-del-esfuerzo\/#breadcrumb","itemListElement":[{"@type":"ListItem","position":1,"name":"Inicio","item":"https:\/\/www.muyjujuy.com\/"},{"@type":"ListItem","position":2,"name":"Morales, contra los piquetes: &#8220;Hay que terminar con la joda, han roto la cultura del esfuerzo&#8221;"}]},{"@type":"WebSite","@id":"https:\/\/www.muyjujuy.com\/#website","url":"https:\/\/www.muyjujuy.com\/","name":"Muy Jujuy","description":"","publisher":{"@id":"https:\/\/www.muyjujuy.com\/#organization"},"potentialAction":[{"@type":"SearchAction","target":{"@type":"EntryPoint","urlTemplate":"https:\/\/www.muyjujuy.com\/?s={search_term_string}"},"query-input":{"@type":"PropertyValueSpecification","valueRequired":true,"valueName":"search_term_string"}}],"inLanguage":"es-AR"},{"@type":"Organization","@id":"https:\/\/www.muyjujuy.com\/#organization","name":"Muy Jujuy","url":"https:\/\/www.muyjujuy.com\/","logo":{"@type":"ImageObject","inLanguage":"es-AR","@id":"https:\/\/www.muyjujuy.com\/#\/schema\/logo\/image\/","url":"http:\/\/www.muyjujuy.com\/wp-content\/uploads\/2022\/05\/logo-mobil-jujuy.png","contentUrl":"http:\/\/www.muyjujuy.com\/wp-content\/uploads\/2022\/05\/logo-mobil-jujuy.png","width":174,"height":81,"caption":"Muy Jujuy"},"image":{"@id":"https:\/\/www.muyjujuy.com\/#\/schema\/logo\/image\/"},"sameAs":["https:\/\/www.facebook.com\/muyjujuycom","https:\/\/x.com\/muyjujuy","https:\/\/www.instagram.com\/muyjujuycom"]},{"@type":"Person","@id":"https:\/\/www.muyjujuy.com\/#\/schema\/person\/1d0f6e223ccea9e3f9034c1a5b683bf2","name":"Redacci\u00f3n Muy Jujuy","image":{"@type":"ImageObject","inLanguage":"es-AR","@id":"https:\/\/secure.gravatar.com\/avatar\/fec5f6f1893d741ed5eecccff109ce43e67a855411202a3212a058cb8e5c27d4?s=96&d=mm&r=g","url":"https:\/\/secure.gravatar.com\/avatar\/fec5f6f1893d741ed5eecccff109ce43e67a855411202a3212a058cb8e5c27d4?s=96&d=mm&r=g","contentUrl":"https:\/\/secure.gravatar.com\/avatar\/fec5f6f1893d741ed5eecccff109ce43e67a855411202a3212a058cb8e5c27d4?s=96&d=mm&r=g","caption":"Redacci\u00f3n Muy Jujuy"},"url":"https:\/\/www.muyjujuy.com\/index.php\/author\/editor\/"}]}},"_links":{"self":[{"href":"https:\/\/www.muyjujuy.com\/index.php\/wp-json\/wp\/v2\/posts\/2038","targetHints":{"allow":["GET"]}}],"collection":[{"href":"https:\/\/www.muyjujuy.com\/index.php\/wp-json\/wp\/v2\/posts"}],"about":[{"href":"https:\/\/www.muyjujuy.com\/index.php\/wp-json\/wp\/v2\/types\/post"}],"author":[{"embeddable":true,"href":"https:\/\/www.muyjujuy.com\/index.php\/wp-json\/wp\/v2\/users\/3"}],"replies":[{"embeddable":true,"href":"https:\/\/www.muyjujuy.com\/index.php\/wp-json\/wp\/v2\/comments?post=2038"}],"version-history":[{"count":1,"href":"https:\/\/www.muyjujuy.com\/index.php\/wp-json\/wp\/v2\/posts\/2038\/revisions"}],"predecessor-version":[{"id":2040,"href":"https:\/\/www.muyjujuy.com\/index.php\/wp-json\/wp\/v2\/posts\/2038\/revisions\/2040"}],"wp:featuredmedia":[{"embeddable":true,"href":"https:\/\/www.muyjujuy.com\/index.php\/wp-json\/wp\/v2\/media\/2039"}],"wp:attachment":[{"href":"https:\/\/www.muyjujuy.com\/index.php\/wp-json\/wp\/v2\/media?parent=2038"}],"wp:term":[{"taxonomy":"category","embeddable":true,"href":"https:\/\/www.muyjujuy.com\/index.php\/wp-json\/wp\/v2\/categories?post=2038"},{"taxonomy":"post_tag","embeddable":true,"href":"https:\/\/www.muyjujuy.com\/index.php\/wp-json\/wp\/v2\/tags?post=2038"}],"curies":[{"name":"wp","href":"https:\/\/api.w.org\/{rel}","templated":true}]}}