{"id":2053,"date":"2022-11-15T15:22:34","date_gmt":"2022-11-15T18:22:34","guid":{"rendered":"https:\/\/www.muyjujuy.com\/?p=2053"},"modified":"2022-11-15T15:22:38","modified_gmt":"2022-11-15T18:22:38","slug":"iniciaron-las-jornadas-de-proteccion-del-patrimonio-cultural-y-natural-de-jujuy","status":"publish","type":"post","link":"https:\/\/www.muyjujuy.com\/index.php\/2022\/11\/15\/iniciaron-las-jornadas-de-proteccion-del-patrimonio-cultural-y-natural-de-jujuy\/","title":{"rendered":"Iniciaron las Jornadas de Protecci\u00f3n del Patrimonio Cultural y Natural de Jujuy"},"content":{"rendered":"\n<p><em>Las Jornadas de Protecci\u00f3n del Patrimonio Cultural y Natural de Jujuy iniciaron el lunes y concluyen el martes.<\/em><\/p>\n\n\n\n<p>Integrantes de fuerzas de seguridad, Conicet, juzgados y fiscal\u00edas de Jujuy participan de las segundas jornadas de <strong>Protecci\u00f3n del Patrimonio Cultural y Natural de Jujuy<\/strong>. Se abordar\u00e1n temas como el cuidado del patrimonio y el tr\u00e1fico de bienes culturales. El objetivo es fortalecer las acciones preventivas y administrativas frente a los delitos que afectan la regi\u00f3n.<\/p>\n\n\n\n<p>La provincia de Jujuy es una puerta de entrada y de salida del pa\u00eds y <strong>posee una gran riqueza en sus cuatro regiones a trav\u00e9s de sus paisajes, su flora, su fauna y sus recursos arqueol\u00f3gicos<\/strong> que requieren una debida protecci\u00f3n, destacaron los asistentes.<\/p>\n\n\n\n<p>&#8220;Los bienes arqueol\u00f3gicos y paleontol\u00f3gicos est\u00e1n protegidos por la Ley 25743 y est\u00e1 prohibida su venta. Muchas veces entramos a comprar muebles por internet y nos damos cuenta que venden una pieza arqueol\u00f3gica a 5 mil pesos o a 100 pesos&#8221;, expres\u00f3 la alf\u00e9rez Elizabeth Medina, de la divisi\u00f3n Patrimonio Cultural y Natural de la Agrupaci\u00f3n IX &#8220;Jujuy&#8221; de la Gendarmer\u00eda.<\/p>\n\n\n\n<p>Agreg\u00f3 que<strong> &#8220;la valuaci\u00f3n que se la da no es la valuaci\u00f3n econ\u00f3mica porque la identidad cultural no se vende<\/strong>. Hay ignorancia cuando le ponen valor a una punta de flecha, una vasija u otro bien cultural&#8221;.<\/p>\n\n\n\n<p>Medina, tambi\u00e9n, asegur\u00f3 que el NOA y Cuyo, lo mismo que en el sur del pa\u00eds, se conservan muchas piezas arqueol\u00f3gicas y que hay<strong> &#8220;una importante cantidad&#8221; <\/strong>de bienes culturales que salen de argentina.<\/p>\n\n\n\n<p>La capacitaci\u00f3n es organizada por la Agrupaci\u00f3n IX &#8220;Jujuy&#8221; de Gendarmer\u00eda y se realiza en el Sal\u00f3n Marcos Paz de la Legislatura provincial, con la participaci\u00f3n de funcionarios, profesionales e investigadores en la tem\u00e1tica del patrimonio.<\/p>\n","protected":false},"excerpt":{"rendered":"<p>Las Jornadas de Protecci\u00f3n del Patrimonio Cultural y Natural de Jujuy iniciaron el lunes y concluyen el martes. Integrantes de fuerzas de seguridad, Conicet, juzgados y fiscal\u00edas de Jujuy participan de las segundas jornadas de Protecci\u00f3n del Patrimonio Cultural y Natural de Jujuy. Se abordar\u00e1n temas como el cuidado del patrimonio y el tr\u00e1fico de [&hellip;]<\/p>\n","protected":false},"author":3,"featured_media":2056,"comment_status":"open","ping_status":"open","sticky":false,"template":"","format":"standard","meta":{"footnotes":""},"categories":[1],"tags":[8],"class_list":{"0":"post-2053","1":"post","2":"type-post","3":"status-publish","4":"format-standard","5":"has-post-thumbnail","7":"category-sin-categoria","8":"tag-jujuy"},"yoast_head":"<!-- This site is optimized with the Yoast SEO plugin v27.5 - https:\/\/yoast.com\/product\/yoast-seo-wordpress\/ -->\n<title>Iniciaron las Jornadas de Protecci\u00f3n del Patrimonio Cultural y Natural de Jujuy - Muy Jujuy<\/title>\n<meta name=\"description\" content=\"Las Jornadas de Protecci\u00f3n del Patrimonio Cultural y Natural de Jujuy iniciaron el lunes y concluyen el martes.\" \/>\n<meta name=\"robots\" content=\"index, follow, max-snippet:-1, max-image-preview:large, max-video-preview:-1\" \/>\n<link rel=\"canonical\" href=\"https:\/\/www.muyjujuy.com\/index.php\/2022\/11\/15\/iniciaron-las-jornadas-de-proteccion-del-patrimonio-cultural-y-natural-de-jujuy\/\" \/>\n<meta property=\"og:locale\" content=\"es_ES\" \/>\n<meta property=\"og:type\" content=\"article\" \/>\n<meta property=\"og:title\" content=\"Iniciaron las Jornadas de Protecci\u00f3n del Patrimonio Cultural y Natural de Jujuy - Muy Jujuy\" \/>\n<meta property=\"og:description\" content=\"Las Jornadas de Protecci\u00f3n del Patrimonio Cultural y Natural de Jujuy iniciaron el lunes y concluyen el martes.\" \/>\n<meta property=\"og:url\" content=\"https:\/\/www.muyjujuy.com\/index.php\/2022\/11\/15\/iniciaron-las-jornadas-de-proteccion-del-patrimonio-cultural-y-natural-de-jujuy\/\" \/>\n<meta property=\"og:site_name\" content=\"Muy Jujuy\" \/>\n<meta property=\"article:publisher\" content=\"https:\/\/www.facebook.com\/muyjujuycom\" \/>\n<meta property=\"article:published_time\" content=\"2022-11-15T18:22:34+00:00\" \/>\n<meta property=\"article:modified_time\" content=\"2022-11-15T18:22:38+00:00\" \/>\n<meta property=\"og:image\" content=\"https:\/\/www.muyjujuy.com\/wp-content\/uploads\/2022\/11\/WhatsApp-Image-2022-11-15-at-15.19.56.jpeg\" \/>\n\t<meta property=\"og:image:width\" content=\"960\" \/>\n\t<meta property=\"og:image:height\" content=\"720\" \/>\n\t<meta property=\"og:image:type\" content=\"image\/jpeg\" \/>\n<meta name=\"author\" content=\"Redacci\u00f3n Muy Jujuy\" \/>\n<meta name=\"twitter:card\" content=\"summary_large_image\" \/>\n<meta name=\"twitter:creator\" content=\"@muyjujuy\" \/>\n<meta name=\"twitter:site\" content=\"@muyjujuy\" \/>\n<meta name=\"twitter:label1\" content=\"Escrito por\" \/>\n\t<meta name=\"twitter:data1\" content=\"Redacci\u00f3n Muy Jujuy\" \/>\n\t<meta name=\"twitter:label2\" content=\"Tiempo de lectura\" \/>\n\t<meta name=\"twitter:data2\" content=\"2 minutos\" \/>\n<script type=\"application\/ld+json\" class=\"yoast-schema-graph\">{\"@context\":\"https:\\\/\\\/schema.org\",\"@graph\":[{\"@type\":\"Article\",\"@id\":\"https:\\\/\\\/www.muyjujuy.com\\\/index.php\\\/2022\\\/11\\\/15\\\/iniciaron-las-jornadas-de-proteccion-del-patrimonio-cultural-y-natural-de-jujuy\\\/#article\",\"isPartOf\":{\"@id\":\"https:\\\/\\\/www.muyjujuy.com\\\/index.php\\\/2022\\\/11\\\/15\\\/iniciaron-las-jornadas-de-proteccion-del-patrimonio-cultural-y-natural-de-jujuy\\\/\"},\"author\":{\"name\":\"Redacci\u00f3n Muy Jujuy\",\"@id\":\"https:\\\/\\\/www.muyjujuy.com\\\/#\\\/schema\\\/person\\\/1d0f6e223ccea9e3f9034c1a5b683bf2\"},\"headline\":\"Iniciaron las Jornadas de Protecci\u00f3n del Patrimonio Cultural y Natural de Jujuy\",\"datePublished\":\"2022-11-15T18:22:34+00:00\",\"dateModified\":\"2022-11-15T18:22:38+00:00\",\"mainEntityOfPage\":{\"@id\":\"https:\\\/\\\/www.muyjujuy.com\\\/index.php\\\/2022\\\/11\\\/15\\\/iniciaron-las-jornadas-de-proteccion-del-patrimonio-cultural-y-natural-de-jujuy\\\/\"},\"wordCount\":326,\"commentCount\":0,\"publisher\":{\"@id\":\"https:\\\/\\\/www.muyjujuy.com\\\/#organization\"},\"image\":{\"@id\":\"https:\\\/\\\/www.muyjujuy.com\\\/index.php\\\/2022\\\/11\\\/15\\\/iniciaron-las-jornadas-de-proteccion-del-patrimonio-cultural-y-natural-de-jujuy\\\/#primaryimage\"},\"thumbnailUrl\":\"https:\\\/\\\/www.muyjujuy.com\\\/wp-content\\\/uploads\\\/2022\\\/11\\\/WhatsApp-Image-2022-11-15-at-15.19.56.jpeg\",\"keywords\":[\"Jujuy\"],\"inLanguage\":\"es-AR\",\"potentialAction\":[{\"@type\":\"CommentAction\",\"name\":\"Comment\",\"target\":[\"https:\\\/\\\/www.muyjujuy.com\\\/index.php\\\/2022\\\/11\\\/15\\\/iniciaron-las-jornadas-de-proteccion-del-patrimonio-cultural-y-natural-de-jujuy\\\/#respond\"]}]},{\"@type\":\"WebPage\",\"@id\":\"https:\\\/\\\/www.muyjujuy.com\\\/index.php\\\/2022\\\/11\\\/15\\\/iniciaron-las-jornadas-de-proteccion-del-patrimonio-cultural-y-natural-de-jujuy\\\/\",\"url\":\"https:\\\/\\\/www.muyjujuy.com\\\/index.php\\\/2022\\\/11\\\/15\\\/iniciaron-las-jornadas-de-proteccion-del-patrimonio-cultural-y-natural-de-jujuy\\\/\",\"name\":\"Iniciaron las Jornadas de Protecci\u00f3n del Patrimonio Cultural y Natural de Jujuy - Muy Jujuy\",\"isPartOf\":{\"@id\":\"https:\\\/\\\/www.muyjujuy.com\\\/#website\"},\"primaryImageOfPage\":{\"@id\":\"https:\\\/\\\/www.muyjujuy.com\\\/index.php\\\/2022\\\/11\\\/15\\\/iniciaron-las-jornadas-de-proteccion-del-patrimonio-cultural-y-natural-de-jujuy\\\/#primaryimage\"},\"image\":{\"@id\":\"https:\\\/\\\/www.muyjujuy.com\\\/index.php\\\/2022\\\/11\\\/15\\\/iniciaron-las-jornadas-de-proteccion-del-patrimonio-cultural-y-natural-de-jujuy\\\/#primaryimage\"},\"thumbnailUrl\":\"https:\\\/\\\/www.muyjujuy.com\\\/wp-content\\\/uploads\\\/2022\\\/11\\\/WhatsApp-Image-2022-11-15-at-15.19.56.jpeg\",\"datePublished\":\"2022-11-15T18:22:34+00:00\",\"dateModified\":\"2022-11-15T18:22:38+00:00\",\"description\":\"Las Jornadas de Protecci\u00f3n del Patrimonio Cultural y Natural de Jujuy iniciaron el lunes y concluyen el martes.\",\"breadcrumb\":{\"@id\":\"https:\\\/\\\/www.muyjujuy.com\\\/index.php\\\/2022\\\/11\\\/15\\\/iniciaron-las-jornadas-de-proteccion-del-patrimonio-cultural-y-natural-de-jujuy\\\/#breadcrumb\"},\"inLanguage\":\"es-AR\",\"potentialAction\":[{\"@type\":\"ReadAction\",\"target\":[\"https:\\\/\\\/www.muyjujuy.com\\\/index.php\\\/2022\\\/11\\\/15\\\/iniciaron-las-jornadas-de-proteccion-del-patrimonio-cultural-y-natural-de-jujuy\\\/\"]}]},{\"@type\":\"ImageObject\",\"inLanguage\":\"es-AR\",\"@id\":\"https:\\\/\\\/www.muyjujuy.com\\\/index.php\\\/2022\\\/11\\\/15\\\/iniciaron-las-jornadas-de-proteccion-del-patrimonio-cultural-y-natural-de-jujuy\\\/#primaryimage\",\"url\":\"https:\\\/\\\/www.muyjujuy.com\\\/wp-content\\\/uploads\\\/2022\\\/11\\\/WhatsApp-Image-2022-11-15-at-15.19.56.jpeg\",\"contentUrl\":\"https:\\\/\\\/www.muyjujuy.com\\\/wp-content\\\/uploads\\\/2022\\\/11\\\/WhatsApp-Image-2022-11-15-at-15.19.56.jpeg\",\"width\":960,\"height\":720},{\"@type\":\"BreadcrumbList\",\"@id\":\"https:\\\/\\\/www.muyjujuy.com\\\/index.php\\\/2022\\\/11\\\/15\\\/iniciaron-las-jornadas-de-proteccion-del-patrimonio-cultural-y-natural-de-jujuy\\\/#breadcrumb\",\"itemListElement\":[{\"@type\":\"ListItem\",\"position\":1,\"name\":\"Inicio\",\"item\":\"https:\\\/\\\/www.muyjujuy.com\\\/\"},{\"@type\":\"ListItem\",\"position\":2,\"name\":\"Iniciaron las Jornadas de Protecci\u00f3n del Patrimonio Cultural y Natural de Jujuy\"}]},{\"@type\":\"WebSite\",\"@id\":\"https:\\\/\\\/www.muyjujuy.com\\\/#website\",\"url\":\"https:\\\/\\\/www.muyjujuy.com\\\/\",\"name\":\"Muy Jujuy\",\"description\":\"\",\"publisher\":{\"@id\":\"https:\\\/\\\/www.muyjujuy.com\\\/#organization\"},\"potentialAction\":[{\"@type\":\"SearchAction\",\"target\":{\"@type\":\"EntryPoint\",\"urlTemplate\":\"https:\\\/\\\/www.muyjujuy.com\\\/?s={search_term_string}\"},\"query-input\":{\"@type\":\"PropertyValueSpecification\",\"valueRequired\":true,\"valueName\":\"search_term_string\"}}],\"inLanguage\":\"es-AR\"},{\"@type\":\"Organization\",\"@id\":\"https:\\\/\\\/www.muyjujuy.com\\\/#organization\",\"name\":\"Muy Jujuy\",\"url\":\"https:\\\/\\\/www.muyjujuy.com\\\/\",\"logo\":{\"@type\":\"ImageObject\",\"inLanguage\":\"es-AR\",\"@id\":\"https:\\\/\\\/www.muyjujuy.com\\\/#\\\/schema\\\/logo\\\/image\\\/\",\"url\":\"http:\\\/\\\/www.muyjujuy.com\\\/wp-content\\\/uploads\\\/2022\\\/05\\\/logo-mobil-jujuy.png\",\"contentUrl\":\"http:\\\/\\\/www.muyjujuy.com\\\/wp-content\\\/uploads\\\/2022\\\/05\\\/logo-mobil-jujuy.png\",\"width\":174,\"height\":81,\"caption\":\"Muy Jujuy\"},\"image\":{\"@id\":\"https:\\\/\\\/www.muyjujuy.com\\\/#\\\/schema\\\/logo\\\/image\\\/\"},\"sameAs\":[\"https:\\\/\\\/www.facebook.com\\\/muyjujuycom\",\"https:\\\/\\\/x.com\\\/muyjujuy\",\"https:\\\/\\\/www.instagram.com\\\/muyjujuycom\"]},{\"@type\":\"Person\",\"@id\":\"https:\\\/\\\/www.muyjujuy.com\\\/#\\\/schema\\\/person\\\/1d0f6e223ccea9e3f9034c1a5b683bf2\",\"name\":\"Redacci\u00f3n Muy Jujuy\",\"image\":{\"@type\":\"ImageObject\",\"inLanguage\":\"es-AR\",\"@id\":\"https:\\\/\\\/secure.gravatar.com\\\/avatar\\\/fec5f6f1893d741ed5eecccff109ce43e67a855411202a3212a058cb8e5c27d4?s=96&d=mm&r=g\",\"url\":\"https:\\\/\\\/secure.gravatar.com\\\/avatar\\\/fec5f6f1893d741ed5eecccff109ce43e67a855411202a3212a058cb8e5c27d4?s=96&d=mm&r=g\",\"contentUrl\":\"https:\\\/\\\/secure.gravatar.com\\\/avatar\\\/fec5f6f1893d741ed5eecccff109ce43e67a855411202a3212a058cb8e5c27d4?s=96&d=mm&r=g\",\"caption\":\"Redacci\u00f3n Muy Jujuy\"},\"url\":\"https:\\\/\\\/www.muyjujuy.com\\\/index.php\\\/author\\\/editor\\\/\"}]}<\/script>\n<!-- \/ Yoast SEO plugin. -->","yoast_head_json":{"title":"Iniciaron las Jornadas de Protecci\u00f3n del Patrimonio Cultural y Natural de Jujuy - Muy Jujuy","description":"Las Jornadas de Protecci\u00f3n del Patrimonio Cultural y Natural de Jujuy iniciaron el lunes y concluyen el martes.","robots":{"index":"index","follow":"follow","max-snippet":"max-snippet:-1","max-image-preview":"max-image-preview:large","max-video-preview":"max-video-preview:-1"},"canonical":"https:\/\/www.muyjujuy.com\/index.php\/2022\/11\/15\/iniciaron-las-jornadas-de-proteccion-del-patrimonio-cultural-y-natural-de-jujuy\/","og_locale":"es_ES","og_type":"article","og_title":"Iniciaron las Jornadas de Protecci\u00f3n del Patrimonio Cultural y Natural de Jujuy - Muy Jujuy","og_description":"Las Jornadas de Protecci\u00f3n del Patrimonio Cultural y Natural de Jujuy iniciaron el lunes y concluyen el martes.","og_url":"https:\/\/www.muyjujuy.com\/index.php\/2022\/11\/15\/iniciaron-las-jornadas-de-proteccion-del-patrimonio-cultural-y-natural-de-jujuy\/","og_site_name":"Muy Jujuy","article_publisher":"https:\/\/www.facebook.com\/muyjujuycom","article_published_time":"2022-11-15T18:22:34+00:00","article_modified_time":"2022-11-15T18:22:38+00:00","og_image":[{"width":960,"height":720,"url":"https:\/\/www.muyjujuy.com\/wp-content\/uploads\/2022\/11\/WhatsApp-Image-2022-11-15-at-15.19.56.jpeg","type":"image\/jpeg"}],"author":"Redacci\u00f3n Muy Jujuy","twitter_card":"summary_large_image","twitter_creator":"@muyjujuy","twitter_site":"@muyjujuy","twitter_misc":{"Escrito por":"Redacci\u00f3n Muy Jujuy","Tiempo de lectura":"2 minutos"},"schema":{"@context":"https:\/\/schema.org","@graph":[{"@type":"Article","@id":"https:\/\/www.muyjujuy.com\/index.php\/2022\/11\/15\/iniciaron-las-jornadas-de-proteccion-del-patrimonio-cultural-y-natural-de-jujuy\/#article","isPartOf":{"@id":"https:\/\/www.muyjujuy.com\/index.php\/2022\/11\/15\/iniciaron-las-jornadas-de-proteccion-del-patrimonio-cultural-y-natural-de-jujuy\/"},"author":{"name":"Redacci\u00f3n Muy Jujuy","@id":"https:\/\/www.muyjujuy.com\/#\/schema\/person\/1d0f6e223ccea9e3f9034c1a5b683bf2"},"headline":"Iniciaron las Jornadas de Protecci\u00f3n del Patrimonio Cultural y Natural de Jujuy","datePublished":"2022-11-15T18:22:34+00:00","dateModified":"2022-11-15T18:22:38+00:00","mainEntityOfPage":{"@id":"https:\/\/www.muyjujuy.com\/index.php\/2022\/11\/15\/iniciaron-las-jornadas-de-proteccion-del-patrimonio-cultural-y-natural-de-jujuy\/"},"wordCount":326,"commentCount":0,"publisher":{"@id":"https:\/\/www.muyjujuy.com\/#organization"},"image":{"@id":"https:\/\/www.muyjujuy.com\/index.php\/2022\/11\/15\/iniciaron-las-jornadas-de-proteccion-del-patrimonio-cultural-y-natural-de-jujuy\/#primaryimage"},"thumbnailUrl":"https:\/\/www.muyjujuy.com\/wp-content\/uploads\/2022\/11\/WhatsApp-Image-2022-11-15-at-15.19.56.jpeg","keywords":["Jujuy"],"inLanguage":"es-AR","potentialAction":[{"@type":"CommentAction","name":"Comment","target":["https:\/\/www.muyjujuy.com\/index.php\/2022\/11\/15\/iniciaron-las-jornadas-de-proteccion-del-patrimonio-cultural-y-natural-de-jujuy\/#respond"]}]},{"@type":"WebPage","@id":"https:\/\/www.muyjujuy.com\/index.php\/2022\/11\/15\/iniciaron-las-jornadas-de-proteccion-del-patrimonio-cultural-y-natural-de-jujuy\/","url":"https:\/\/www.muyjujuy.com\/index.php\/2022\/11\/15\/iniciaron-las-jornadas-de-proteccion-del-patrimonio-cultural-y-natural-de-jujuy\/","name":"Iniciaron las Jornadas de Protecci\u00f3n del Patrimonio Cultural y Natural de Jujuy - Muy Jujuy","isPartOf":{"@id":"https:\/\/www.muyjujuy.com\/#website"},"primaryImageOfPage":{"@id":"https:\/\/www.muyjujuy.com\/index.php\/2022\/11\/15\/iniciaron-las-jornadas-de-proteccion-del-patrimonio-cultural-y-natural-de-jujuy\/#primaryimage"},"image":{"@id":"https:\/\/www.muyjujuy.com\/index.php\/2022\/11\/15\/iniciaron-las-jornadas-de-proteccion-del-patrimonio-cultural-y-natural-de-jujuy\/#primaryimage"},"thumbnailUrl":"https:\/\/www.muyjujuy.com\/wp-content\/uploads\/2022\/11\/WhatsApp-Image-2022-11-15-at-15.19.56.jpeg","datePublished":"2022-11-15T18:22:34+00:00","dateModified":"2022-11-15T18:22:38+00:00","description":"Las Jornadas de Protecci\u00f3n del Patrimonio Cultural y Natural de Jujuy iniciaron el lunes y concluyen el martes.","breadcrumb":{"@id":"https:\/\/www.muyjujuy.com\/index.php\/2022\/11\/15\/iniciaron-las-jornadas-de-proteccion-del-patrimonio-cultural-y-natural-de-jujuy\/#breadcrumb"},"inLanguage":"es-AR","potentialAction":[{"@type":"ReadAction","target":["https:\/\/www.muyjujuy.com\/index.php\/2022\/11\/15\/iniciaron-las-jornadas-de-proteccion-del-patrimonio-cultural-y-natural-de-jujuy\/"]}]},{"@type":"ImageObject","inLanguage":"es-AR","@id":"https:\/\/www.muyjujuy.com\/index.php\/2022\/11\/15\/iniciaron-las-jornadas-de-proteccion-del-patrimonio-cultural-y-natural-de-jujuy\/#primaryimage","url":"https:\/\/www.muyjujuy.com\/wp-content\/uploads\/2022\/11\/WhatsApp-Image-2022-11-15-at-15.19.56.jpeg","contentUrl":"https:\/\/www.muyjujuy.com\/wp-content\/uploads\/2022\/11\/WhatsApp-Image-2022-11-15-at-15.19.56.jpeg","width":960,"height":720},{"@type":"BreadcrumbList","@id":"https:\/\/www.muyjujuy.com\/index.php\/2022\/11\/15\/iniciaron-las-jornadas-de-proteccion-del-patrimonio-cultural-y-natural-de-jujuy\/#breadcrumb","itemListElement":[{"@type":"ListItem","position":1,"name":"Inicio","item":"https:\/\/www.muyjujuy.com\/"},{"@type":"ListItem","position":2,"name":"Iniciaron las Jornadas de Protecci\u00f3n del Patrimonio Cultural y Natural de Jujuy"}]},{"@type":"WebSite","@id":"https:\/\/www.muyjujuy.com\/#website","url":"https:\/\/www.muyjujuy.com\/","name":"Muy Jujuy","description":"","publisher":{"@id":"https:\/\/www.muyjujuy.com\/#organization"},"potentialAction":[{"@type":"SearchAction","target":{"@type":"EntryPoint","urlTemplate":"https:\/\/www.muyjujuy.com\/?s={search_term_string}"},"query-input":{"@type":"PropertyValueSpecification","valueRequired":true,"valueName":"search_term_string"}}],"inLanguage":"es-AR"},{"@type":"Organization","@id":"https:\/\/www.muyjujuy.com\/#organization","name":"Muy Jujuy","url":"https:\/\/www.muyjujuy.com\/","logo":{"@type":"ImageObject","inLanguage":"es-AR","@id":"https:\/\/www.muyjujuy.com\/#\/schema\/logo\/image\/","url":"http:\/\/www.muyjujuy.com\/wp-content\/uploads\/2022\/05\/logo-mobil-jujuy.png","contentUrl":"http:\/\/www.muyjujuy.com\/wp-content\/uploads\/2022\/05\/logo-mobil-jujuy.png","width":174,"height":81,"caption":"Muy Jujuy"},"image":{"@id":"https:\/\/www.muyjujuy.com\/#\/schema\/logo\/image\/"},"sameAs":["https:\/\/www.facebook.com\/muyjujuycom","https:\/\/x.com\/muyjujuy","https:\/\/www.instagram.com\/muyjujuycom"]},{"@type":"Person","@id":"https:\/\/www.muyjujuy.com\/#\/schema\/person\/1d0f6e223ccea9e3f9034c1a5b683bf2","name":"Redacci\u00f3n Muy Jujuy","image":{"@type":"ImageObject","inLanguage":"es-AR","@id":"https:\/\/secure.gravatar.com\/avatar\/fec5f6f1893d741ed5eecccff109ce43e67a855411202a3212a058cb8e5c27d4?s=96&d=mm&r=g","url":"https:\/\/secure.gravatar.com\/avatar\/fec5f6f1893d741ed5eecccff109ce43e67a855411202a3212a058cb8e5c27d4?s=96&d=mm&r=g","contentUrl":"https:\/\/secure.gravatar.com\/avatar\/fec5f6f1893d741ed5eecccff109ce43e67a855411202a3212a058cb8e5c27d4?s=96&d=mm&r=g","caption":"Redacci\u00f3n Muy Jujuy"},"url":"https:\/\/www.muyjujuy.com\/index.php\/author\/editor\/"}]}},"_links":{"self":[{"href":"https:\/\/www.muyjujuy.com\/index.php\/wp-json\/wp\/v2\/posts\/2053","targetHints":{"allow":["GET"]}}],"collection":[{"href":"https:\/\/www.muyjujuy.com\/index.php\/wp-json\/wp\/v2\/posts"}],"about":[{"href":"https:\/\/www.muyjujuy.com\/index.php\/wp-json\/wp\/v2\/types\/post"}],"author":[{"embeddable":true,"href":"https:\/\/www.muyjujuy.com\/index.php\/wp-json\/wp\/v2\/users\/3"}],"replies":[{"embeddable":true,"href":"https:\/\/www.muyjujuy.com\/index.php\/wp-json\/wp\/v2\/comments?post=2053"}],"version-history":[{"count":2,"href":"https:\/\/www.muyjujuy.com\/index.php\/wp-json\/wp\/v2\/posts\/2053\/revisions"}],"predecessor-version":[{"id":2057,"href":"https:\/\/www.muyjujuy.com\/index.php\/wp-json\/wp\/v2\/posts\/2053\/revisions\/2057"}],"wp:featuredmedia":[{"embeddable":true,"href":"https:\/\/www.muyjujuy.com\/index.php\/wp-json\/wp\/v2\/media\/2056"}],"wp:attachment":[{"href":"https:\/\/www.muyjujuy.com\/index.php\/wp-json\/wp\/v2\/media?parent=2053"}],"wp:term":[{"taxonomy":"category","embeddable":true,"href":"https:\/\/www.muyjujuy.com\/index.php\/wp-json\/wp\/v2\/categories?post=2053"},{"taxonomy":"post_tag","embeddable":true,"href":"https:\/\/www.muyjujuy.com\/index.php\/wp-json\/wp\/v2\/tags?post=2053"}],"curies":[{"name":"wp","href":"https:\/\/api.w.org\/{rel}","templated":true}]}}