{"id":2074,"date":"2022-11-16T13:31:49","date_gmt":"2022-11-16T16:31:49","guid":{"rendered":"https:\/\/www.muyjujuy.com\/?p=2074"},"modified":"2022-11-16T13:31:54","modified_gmt":"2022-11-16T16:31:54","slug":"jujuy-tendra-un-data-center-que-almacenara-toda-la-informacion-de-la-provincia","status":"publish","type":"post","link":"https:\/\/www.muyjujuy.com\/index.php\/2022\/11\/16\/jujuy-tendra-un-data-center-que-almacenara-toda-la-informacion-de-la-provincia\/","title":{"rendered":"Jujuy tendr\u00e1 un Data Center que almacenar\u00e1 toda la informaci\u00f3n de la Provincia"},"content":{"rendered":"\n<p><em>El gobernador encabez\u00f3 la inauguraci\u00f3n del Data Center que almacenar\u00e1 toda la informaci\u00f3n de la provincia de Jujuy.<\/em><\/p>\n\n\n\n<p>Un complejo tecnol\u00f3gico que busca optimizar<strong> el procesamiento, almacenamiento y resguardo digital de datos de toda la provincia de Jujuy<\/strong> fue inaugurado el martes. El objetivo es &#8220;agilizar pasos hacia la modernizaci\u00f3n&#8221;.<\/p>\n\n\n\n<p><strong>&#8220;El manejo de datos es toda una ciencia y tambi\u00e9n es clave para la toma de decisiones en materia de pol\u00edtica p\u00fablica&#8221;<\/strong>, sostuvo el gobernador Gerardo Morales, al encabezar la inauguraci\u00f3n del denominado Data Center, ubicado en el predio de la terminal de \u00f3mnibus de la capital provincial.<\/p>\n\n\n\n<p>Tras ponderar la concreci\u00f3n de<strong> una inversi\u00f3n de $500 millones,<\/strong> el mandatario provincial detall\u00f3 que el flamante dispositivo &#8220;ordenar\u00e1 la gesti\u00f3n de la informaci\u00f3n&#8221;, como as\u00ed tambi\u00e9n &#8220;definir\u00e1 un norte para cada unidad operativa&#8221;.<\/p>\n\n\n\n<p><strong>&#8220;Es un verdadero eje articulador de varios proyectos<\/strong>, por cuanto cabe la posibilidad de que esta nube de informaci\u00f3n propia sea compatible con otros servicios, como pudimos comprobar en Amazon y Space X&#8221;, apunt\u00f3 Morales.<\/p>\n\n\n\n<p>En este sentido, resalt\u00f3 las <strong>&#8220;oportunidades que se abren para el sistema 911 <\/strong>y otros desarrollos que se trabajan con Enacom en el campo de la conectividad&#8221;.<\/p>\n\n\n\n<p><strong>&#8220;En la medida que seamos inteligentes y trabajemos articuladamente<\/strong>, la informaci\u00f3n fluir\u00e1 y podremos tomar mejores decisiones para los juje\u00f1os&#8221;, resumi\u00f3 Morales sobre los objetivos de funcionamiento del complejo tecnol\u00f3gico.<\/p>\n\n\n\n<h2 class=\"wp-block-heading\"><strong>Data Center<\/strong><\/h2>\n\n\n\n<p>El sistema del centro cuenta con una elasticidad de almacenamiento y procesamiento que se constituyen en una \u201cnube de gobierno\u201d.<\/p>\n\n\n\n<p> Tiene capacidad de ser una extensi\u00f3n de nube p\u00fablica, convirti\u00e9ndose en una infraestructura h\u00edbrida, alcanzando al Estado provincial y una capacidad extendida de servicios.<\/p>\n","protected":false},"excerpt":{"rendered":"<p>El gobernador encabez\u00f3 la inauguraci\u00f3n del Data Center que almacenar\u00e1 toda la informaci\u00f3n de la provincia de Jujuy. Un complejo tecnol\u00f3gico que busca optimizar el procesamiento, almacenamiento y resguardo digital de datos de toda la provincia de Jujuy fue inaugurado el martes. El objetivo es &#8220;agilizar pasos hacia la modernizaci\u00f3n&#8221;. &#8220;El manejo de datos es [&hellip;]<\/p>\n","protected":false},"author":3,"featured_media":2075,"comment_status":"open","ping_status":"open","sticky":false,"template":"","format":"standard","meta":{"footnotes":""},"categories":[25],"tags":[5,8],"class_list":{"0":"post-2074","1":"post","2":"type-post","3":"status-publish","4":"format-standard","5":"has-post-thumbnail","7":"category-sociedad","8":"tag-gerardo-morales","9":"tag-jujuy"},"yoast_head":"<!-- This site is optimized with the Yoast SEO plugin v27.5 - https:\/\/yoast.com\/product\/yoast-seo-wordpress\/ -->\n<title>Jujuy tendr\u00e1 un Data Center que almacenar\u00e1 toda la informaci\u00f3n de la Provincia - Muy Jujuy<\/title>\n<meta name=\"description\" content=\"El gobernador encabez\u00f3 la inauguraci\u00f3n del Data Center que almacenar\u00e1 toda la informaci\u00f3n de la provincia de Jujuy.\" \/>\n<meta name=\"robots\" content=\"index, follow, max-snippet:-1, max-image-preview:large, max-video-preview:-1\" \/>\n<link rel=\"canonical\" href=\"https:\/\/www.muyjujuy.com\/index.php\/2022\/11\/16\/jujuy-tendra-un-data-center-que-almacenara-toda-la-informacion-de-la-provincia\/\" \/>\n<meta property=\"og:locale\" content=\"es_ES\" \/>\n<meta property=\"og:type\" content=\"article\" \/>\n<meta property=\"og:title\" content=\"Jujuy tendr\u00e1 un Data Center que almacenar\u00e1 toda la informaci\u00f3n de la Provincia - Muy Jujuy\" \/>\n<meta property=\"og:description\" content=\"El gobernador encabez\u00f3 la inauguraci\u00f3n del Data Center que almacenar\u00e1 toda la informaci\u00f3n de la provincia de Jujuy.\" \/>\n<meta property=\"og:url\" content=\"https:\/\/www.muyjujuy.com\/index.php\/2022\/11\/16\/jujuy-tendra-un-data-center-que-almacenara-toda-la-informacion-de-la-provincia\/\" \/>\n<meta property=\"og:site_name\" content=\"Muy Jujuy\" \/>\n<meta property=\"article:publisher\" content=\"https:\/\/www.facebook.com\/muyjujuycom\" \/>\n<meta property=\"article:published_time\" content=\"2022-11-16T16:31:49+00:00\" \/>\n<meta property=\"article:modified_time\" content=\"2022-11-16T16:31:54+00:00\" \/>\n<meta property=\"og:image\" content=\"https:\/\/www.muyjujuy.com\/wp-content\/uploads\/2022\/11\/WhatsApp-Image-2022-11-16-at-13.25.16.jpeg\" \/>\n\t<meta property=\"og:image:width\" content=\"1200\" \/>\n\t<meta property=\"og:image:height\" content=\"800\" \/>\n\t<meta property=\"og:image:type\" content=\"image\/jpeg\" \/>\n<meta name=\"author\" content=\"Redacci\u00f3n Muy Jujuy\" \/>\n<meta name=\"twitter:card\" content=\"summary_large_image\" \/>\n<meta name=\"twitter:creator\" content=\"@muyjujuy\" \/>\n<meta name=\"twitter:site\" content=\"@muyjujuy\" \/>\n<meta name=\"twitter:label1\" content=\"Escrito por\" \/>\n\t<meta name=\"twitter:data1\" content=\"Redacci\u00f3n Muy Jujuy\" \/>\n\t<meta name=\"twitter:label2\" content=\"Tiempo de lectura\" \/>\n\t<meta name=\"twitter:data2\" content=\"2 minutos\" \/>\n<script type=\"application\/ld+json\" class=\"yoast-schema-graph\">{\"@context\":\"https:\\\/\\\/schema.org\",\"@graph\":[{\"@type\":\"Article\",\"@id\":\"https:\\\/\\\/www.muyjujuy.com\\\/index.php\\\/2022\\\/11\\\/16\\\/jujuy-tendra-un-data-center-que-almacenara-toda-la-informacion-de-la-provincia\\\/#article\",\"isPartOf\":{\"@id\":\"https:\\\/\\\/www.muyjujuy.com\\\/index.php\\\/2022\\\/11\\\/16\\\/jujuy-tendra-un-data-center-que-almacenara-toda-la-informacion-de-la-provincia\\\/\"},\"author\":{\"name\":\"Redacci\u00f3n Muy Jujuy\",\"@id\":\"https:\\\/\\\/www.muyjujuy.com\\\/#\\\/schema\\\/person\\\/1d0f6e223ccea9e3f9034c1a5b683bf2\"},\"headline\":\"Jujuy tendr\u00e1 un Data Center que almacenar\u00e1 toda la informaci\u00f3n de la Provincia\",\"datePublished\":\"2022-11-16T16:31:49+00:00\",\"dateModified\":\"2022-11-16T16:31:54+00:00\",\"mainEntityOfPage\":{\"@id\":\"https:\\\/\\\/www.muyjujuy.com\\\/index.php\\\/2022\\\/11\\\/16\\\/jujuy-tendra-un-data-center-que-almacenara-toda-la-informacion-de-la-provincia\\\/\"},\"wordCount\":303,\"commentCount\":0,\"publisher\":{\"@id\":\"https:\\\/\\\/www.muyjujuy.com\\\/#organization\"},\"image\":{\"@id\":\"https:\\\/\\\/www.muyjujuy.com\\\/index.php\\\/2022\\\/11\\\/16\\\/jujuy-tendra-un-data-center-que-almacenara-toda-la-informacion-de-la-provincia\\\/#primaryimage\"},\"thumbnailUrl\":\"https:\\\/\\\/www.muyjujuy.com\\\/wp-content\\\/uploads\\\/2022\\\/11\\\/WhatsApp-Image-2022-11-16-at-13.25.16.jpeg\",\"keywords\":[\"Gerardo Morales\",\"Jujuy\"],\"articleSection\":[\"Sociedad\"],\"inLanguage\":\"es-AR\",\"potentialAction\":[{\"@type\":\"CommentAction\",\"name\":\"Comment\",\"target\":[\"https:\\\/\\\/www.muyjujuy.com\\\/index.php\\\/2022\\\/11\\\/16\\\/jujuy-tendra-un-data-center-que-almacenara-toda-la-informacion-de-la-provincia\\\/#respond\"]}]},{\"@type\":\"WebPage\",\"@id\":\"https:\\\/\\\/www.muyjujuy.com\\\/index.php\\\/2022\\\/11\\\/16\\\/jujuy-tendra-un-data-center-que-almacenara-toda-la-informacion-de-la-provincia\\\/\",\"url\":\"https:\\\/\\\/www.muyjujuy.com\\\/index.php\\\/2022\\\/11\\\/16\\\/jujuy-tendra-un-data-center-que-almacenara-toda-la-informacion-de-la-provincia\\\/\",\"name\":\"Jujuy tendr\u00e1 un Data Center que almacenar\u00e1 toda la informaci\u00f3n de la Provincia - Muy Jujuy\",\"isPartOf\":{\"@id\":\"https:\\\/\\\/www.muyjujuy.com\\\/#website\"},\"primaryImageOfPage\":{\"@id\":\"https:\\\/\\\/www.muyjujuy.com\\\/index.php\\\/2022\\\/11\\\/16\\\/jujuy-tendra-un-data-center-que-almacenara-toda-la-informacion-de-la-provincia\\\/#primaryimage\"},\"image\":{\"@id\":\"https:\\\/\\\/www.muyjujuy.com\\\/index.php\\\/2022\\\/11\\\/16\\\/jujuy-tendra-un-data-center-que-almacenara-toda-la-informacion-de-la-provincia\\\/#primaryimage\"},\"thumbnailUrl\":\"https:\\\/\\\/www.muyjujuy.com\\\/wp-content\\\/uploads\\\/2022\\\/11\\\/WhatsApp-Image-2022-11-16-at-13.25.16.jpeg\",\"datePublished\":\"2022-11-16T16:31:49+00:00\",\"dateModified\":\"2022-11-16T16:31:54+00:00\",\"description\":\"El gobernador encabez\u00f3 la inauguraci\u00f3n del Data Center que almacenar\u00e1 toda la informaci\u00f3n de la provincia de Jujuy.\",\"breadcrumb\":{\"@id\":\"https:\\\/\\\/www.muyjujuy.com\\\/index.php\\\/2022\\\/11\\\/16\\\/jujuy-tendra-un-data-center-que-almacenara-toda-la-informacion-de-la-provincia\\\/#breadcrumb\"},\"inLanguage\":\"es-AR\",\"potentialAction\":[{\"@type\":\"ReadAction\",\"target\":[\"https:\\\/\\\/www.muyjujuy.com\\\/index.php\\\/2022\\\/11\\\/16\\\/jujuy-tendra-un-data-center-que-almacenara-toda-la-informacion-de-la-provincia\\\/\"]}]},{\"@type\":\"ImageObject\",\"inLanguage\":\"es-AR\",\"@id\":\"https:\\\/\\\/www.muyjujuy.com\\\/index.php\\\/2022\\\/11\\\/16\\\/jujuy-tendra-un-data-center-que-almacenara-toda-la-informacion-de-la-provincia\\\/#primaryimage\",\"url\":\"https:\\\/\\\/www.muyjujuy.com\\\/wp-content\\\/uploads\\\/2022\\\/11\\\/WhatsApp-Image-2022-11-16-at-13.25.16.jpeg\",\"contentUrl\":\"https:\\\/\\\/www.muyjujuy.com\\\/wp-content\\\/uploads\\\/2022\\\/11\\\/WhatsApp-Image-2022-11-16-at-13.25.16.jpeg\",\"width\":1200,\"height\":800},{\"@type\":\"BreadcrumbList\",\"@id\":\"https:\\\/\\\/www.muyjujuy.com\\\/index.php\\\/2022\\\/11\\\/16\\\/jujuy-tendra-un-data-center-que-almacenara-toda-la-informacion-de-la-provincia\\\/#breadcrumb\",\"itemListElement\":[{\"@type\":\"ListItem\",\"position\":1,\"name\":\"Inicio\",\"item\":\"https:\\\/\\\/www.muyjujuy.com\\\/\"},{\"@type\":\"ListItem\",\"position\":2,\"name\":\"Jujuy tendr\u00e1 un Data Center que almacenar\u00e1 toda la informaci\u00f3n de la Provincia\"}]},{\"@type\":\"WebSite\",\"@id\":\"https:\\\/\\\/www.muyjujuy.com\\\/#website\",\"url\":\"https:\\\/\\\/www.muyjujuy.com\\\/\",\"name\":\"Muy Jujuy\",\"description\":\"\",\"publisher\":{\"@id\":\"https:\\\/\\\/www.muyjujuy.com\\\/#organization\"},\"potentialAction\":[{\"@type\":\"SearchAction\",\"target\":{\"@type\":\"EntryPoint\",\"urlTemplate\":\"https:\\\/\\\/www.muyjujuy.com\\\/?s={search_term_string}\"},\"query-input\":{\"@type\":\"PropertyValueSpecification\",\"valueRequired\":true,\"valueName\":\"search_term_string\"}}],\"inLanguage\":\"es-AR\"},{\"@type\":\"Organization\",\"@id\":\"https:\\\/\\\/www.muyjujuy.com\\\/#organization\",\"name\":\"Muy Jujuy\",\"url\":\"https:\\\/\\\/www.muyjujuy.com\\\/\",\"logo\":{\"@type\":\"ImageObject\",\"inLanguage\":\"es-AR\",\"@id\":\"https:\\\/\\\/www.muyjujuy.com\\\/#\\\/schema\\\/logo\\\/image\\\/\",\"url\":\"http:\\\/\\\/www.muyjujuy.com\\\/wp-content\\\/uploads\\\/2022\\\/05\\\/logo-mobil-jujuy.png\",\"contentUrl\":\"http:\\\/\\\/www.muyjujuy.com\\\/wp-content\\\/uploads\\\/2022\\\/05\\\/logo-mobil-jujuy.png\",\"width\":174,\"height\":81,\"caption\":\"Muy Jujuy\"},\"image\":{\"@id\":\"https:\\\/\\\/www.muyjujuy.com\\\/#\\\/schema\\\/logo\\\/image\\\/\"},\"sameAs\":[\"https:\\\/\\\/www.facebook.com\\\/muyjujuycom\",\"https:\\\/\\\/x.com\\\/muyjujuy\",\"https:\\\/\\\/www.instagram.com\\\/muyjujuycom\"]},{\"@type\":\"Person\",\"@id\":\"https:\\\/\\\/www.muyjujuy.com\\\/#\\\/schema\\\/person\\\/1d0f6e223ccea9e3f9034c1a5b683bf2\",\"name\":\"Redacci\u00f3n Muy Jujuy\",\"image\":{\"@type\":\"ImageObject\",\"inLanguage\":\"es-AR\",\"@id\":\"https:\\\/\\\/secure.gravatar.com\\\/avatar\\\/fec5f6f1893d741ed5eecccff109ce43e67a855411202a3212a058cb8e5c27d4?s=96&d=mm&r=g\",\"url\":\"https:\\\/\\\/secure.gravatar.com\\\/avatar\\\/fec5f6f1893d741ed5eecccff109ce43e67a855411202a3212a058cb8e5c27d4?s=96&d=mm&r=g\",\"contentUrl\":\"https:\\\/\\\/secure.gravatar.com\\\/avatar\\\/fec5f6f1893d741ed5eecccff109ce43e67a855411202a3212a058cb8e5c27d4?s=96&d=mm&r=g\",\"caption\":\"Redacci\u00f3n Muy Jujuy\"},\"url\":\"https:\\\/\\\/www.muyjujuy.com\\\/index.php\\\/author\\\/editor\\\/\"}]}<\/script>\n<!-- \/ Yoast SEO plugin. -->","yoast_head_json":{"title":"Jujuy tendr\u00e1 un Data Center que almacenar\u00e1 toda la informaci\u00f3n de la Provincia - Muy Jujuy","description":"El gobernador encabez\u00f3 la inauguraci\u00f3n del Data Center que almacenar\u00e1 toda la informaci\u00f3n de la provincia de Jujuy.","robots":{"index":"index","follow":"follow","max-snippet":"max-snippet:-1","max-image-preview":"max-image-preview:large","max-video-preview":"max-video-preview:-1"},"canonical":"https:\/\/www.muyjujuy.com\/index.php\/2022\/11\/16\/jujuy-tendra-un-data-center-que-almacenara-toda-la-informacion-de-la-provincia\/","og_locale":"es_ES","og_type":"article","og_title":"Jujuy tendr\u00e1 un Data Center que almacenar\u00e1 toda la informaci\u00f3n de la Provincia - Muy Jujuy","og_description":"El gobernador encabez\u00f3 la inauguraci\u00f3n del Data Center que almacenar\u00e1 toda la informaci\u00f3n de la provincia de Jujuy.","og_url":"https:\/\/www.muyjujuy.com\/index.php\/2022\/11\/16\/jujuy-tendra-un-data-center-que-almacenara-toda-la-informacion-de-la-provincia\/","og_site_name":"Muy Jujuy","article_publisher":"https:\/\/www.facebook.com\/muyjujuycom","article_published_time":"2022-11-16T16:31:49+00:00","article_modified_time":"2022-11-16T16:31:54+00:00","og_image":[{"width":1200,"height":800,"url":"https:\/\/www.muyjujuy.com\/wp-content\/uploads\/2022\/11\/WhatsApp-Image-2022-11-16-at-13.25.16.jpeg","type":"image\/jpeg"}],"author":"Redacci\u00f3n Muy Jujuy","twitter_card":"summary_large_image","twitter_creator":"@muyjujuy","twitter_site":"@muyjujuy","twitter_misc":{"Escrito por":"Redacci\u00f3n Muy Jujuy","Tiempo de lectura":"2 minutos"},"schema":{"@context":"https:\/\/schema.org","@graph":[{"@type":"Article","@id":"https:\/\/www.muyjujuy.com\/index.php\/2022\/11\/16\/jujuy-tendra-un-data-center-que-almacenara-toda-la-informacion-de-la-provincia\/#article","isPartOf":{"@id":"https:\/\/www.muyjujuy.com\/index.php\/2022\/11\/16\/jujuy-tendra-un-data-center-que-almacenara-toda-la-informacion-de-la-provincia\/"},"author":{"name":"Redacci\u00f3n Muy Jujuy","@id":"https:\/\/www.muyjujuy.com\/#\/schema\/person\/1d0f6e223ccea9e3f9034c1a5b683bf2"},"headline":"Jujuy tendr\u00e1 un Data Center que almacenar\u00e1 toda la informaci\u00f3n de la Provincia","datePublished":"2022-11-16T16:31:49+00:00","dateModified":"2022-11-16T16:31:54+00:00","mainEntityOfPage":{"@id":"https:\/\/www.muyjujuy.com\/index.php\/2022\/11\/16\/jujuy-tendra-un-data-center-que-almacenara-toda-la-informacion-de-la-provincia\/"},"wordCount":303,"commentCount":0,"publisher":{"@id":"https:\/\/www.muyjujuy.com\/#organization"},"image":{"@id":"https:\/\/www.muyjujuy.com\/index.php\/2022\/11\/16\/jujuy-tendra-un-data-center-que-almacenara-toda-la-informacion-de-la-provincia\/#primaryimage"},"thumbnailUrl":"https:\/\/www.muyjujuy.com\/wp-content\/uploads\/2022\/11\/WhatsApp-Image-2022-11-16-at-13.25.16.jpeg","keywords":["Gerardo Morales","Jujuy"],"articleSection":["Sociedad"],"inLanguage":"es-AR","potentialAction":[{"@type":"CommentAction","name":"Comment","target":["https:\/\/www.muyjujuy.com\/index.php\/2022\/11\/16\/jujuy-tendra-un-data-center-que-almacenara-toda-la-informacion-de-la-provincia\/#respond"]}]},{"@type":"WebPage","@id":"https:\/\/www.muyjujuy.com\/index.php\/2022\/11\/16\/jujuy-tendra-un-data-center-que-almacenara-toda-la-informacion-de-la-provincia\/","url":"https:\/\/www.muyjujuy.com\/index.php\/2022\/11\/16\/jujuy-tendra-un-data-center-que-almacenara-toda-la-informacion-de-la-provincia\/","name":"Jujuy tendr\u00e1 un Data Center que almacenar\u00e1 toda la informaci\u00f3n de la Provincia - Muy Jujuy","isPartOf":{"@id":"https:\/\/www.muyjujuy.com\/#website"},"primaryImageOfPage":{"@id":"https:\/\/www.muyjujuy.com\/index.php\/2022\/11\/16\/jujuy-tendra-un-data-center-que-almacenara-toda-la-informacion-de-la-provincia\/#primaryimage"},"image":{"@id":"https:\/\/www.muyjujuy.com\/index.php\/2022\/11\/16\/jujuy-tendra-un-data-center-que-almacenara-toda-la-informacion-de-la-provincia\/#primaryimage"},"thumbnailUrl":"https:\/\/www.muyjujuy.com\/wp-content\/uploads\/2022\/11\/WhatsApp-Image-2022-11-16-at-13.25.16.jpeg","datePublished":"2022-11-16T16:31:49+00:00","dateModified":"2022-11-16T16:31:54+00:00","description":"El gobernador encabez\u00f3 la inauguraci\u00f3n del Data Center que almacenar\u00e1 toda la informaci\u00f3n de la provincia de Jujuy.","breadcrumb":{"@id":"https:\/\/www.muyjujuy.com\/index.php\/2022\/11\/16\/jujuy-tendra-un-data-center-que-almacenara-toda-la-informacion-de-la-provincia\/#breadcrumb"},"inLanguage":"es-AR","potentialAction":[{"@type":"ReadAction","target":["https:\/\/www.muyjujuy.com\/index.php\/2022\/11\/16\/jujuy-tendra-un-data-center-que-almacenara-toda-la-informacion-de-la-provincia\/"]}]},{"@type":"ImageObject","inLanguage":"es-AR","@id":"https:\/\/www.muyjujuy.com\/index.php\/2022\/11\/16\/jujuy-tendra-un-data-center-que-almacenara-toda-la-informacion-de-la-provincia\/#primaryimage","url":"https:\/\/www.muyjujuy.com\/wp-content\/uploads\/2022\/11\/WhatsApp-Image-2022-11-16-at-13.25.16.jpeg","contentUrl":"https:\/\/www.muyjujuy.com\/wp-content\/uploads\/2022\/11\/WhatsApp-Image-2022-11-16-at-13.25.16.jpeg","width":1200,"height":800},{"@type":"BreadcrumbList","@id":"https:\/\/www.muyjujuy.com\/index.php\/2022\/11\/16\/jujuy-tendra-un-data-center-que-almacenara-toda-la-informacion-de-la-provincia\/#breadcrumb","itemListElement":[{"@type":"ListItem","position":1,"name":"Inicio","item":"https:\/\/www.muyjujuy.com\/"},{"@type":"ListItem","position":2,"name":"Jujuy tendr\u00e1 un Data Center que almacenar\u00e1 toda la informaci\u00f3n de la Provincia"}]},{"@type":"WebSite","@id":"https:\/\/www.muyjujuy.com\/#website","url":"https:\/\/www.muyjujuy.com\/","name":"Muy Jujuy","description":"","publisher":{"@id":"https:\/\/www.muyjujuy.com\/#organization"},"potentialAction":[{"@type":"SearchAction","target":{"@type":"EntryPoint","urlTemplate":"https:\/\/www.muyjujuy.com\/?s={search_term_string}"},"query-input":{"@type":"PropertyValueSpecification","valueRequired":true,"valueName":"search_term_string"}}],"inLanguage":"es-AR"},{"@type":"Organization","@id":"https:\/\/www.muyjujuy.com\/#organization","name":"Muy Jujuy","url":"https:\/\/www.muyjujuy.com\/","logo":{"@type":"ImageObject","inLanguage":"es-AR","@id":"https:\/\/www.muyjujuy.com\/#\/schema\/logo\/image\/","url":"http:\/\/www.muyjujuy.com\/wp-content\/uploads\/2022\/05\/logo-mobil-jujuy.png","contentUrl":"http:\/\/www.muyjujuy.com\/wp-content\/uploads\/2022\/05\/logo-mobil-jujuy.png","width":174,"height":81,"caption":"Muy Jujuy"},"image":{"@id":"https:\/\/www.muyjujuy.com\/#\/schema\/logo\/image\/"},"sameAs":["https:\/\/www.facebook.com\/muyjujuycom","https:\/\/x.com\/muyjujuy","https:\/\/www.instagram.com\/muyjujuycom"]},{"@type":"Person","@id":"https:\/\/www.muyjujuy.com\/#\/schema\/person\/1d0f6e223ccea9e3f9034c1a5b683bf2","name":"Redacci\u00f3n Muy Jujuy","image":{"@type":"ImageObject","inLanguage":"es-AR","@id":"https:\/\/secure.gravatar.com\/avatar\/fec5f6f1893d741ed5eecccff109ce43e67a855411202a3212a058cb8e5c27d4?s=96&d=mm&r=g","url":"https:\/\/secure.gravatar.com\/avatar\/fec5f6f1893d741ed5eecccff109ce43e67a855411202a3212a058cb8e5c27d4?s=96&d=mm&r=g","contentUrl":"https:\/\/secure.gravatar.com\/avatar\/fec5f6f1893d741ed5eecccff109ce43e67a855411202a3212a058cb8e5c27d4?s=96&d=mm&r=g","caption":"Redacci\u00f3n Muy Jujuy"},"url":"https:\/\/www.muyjujuy.com\/index.php\/author\/editor\/"}]}},"_links":{"self":[{"href":"https:\/\/www.muyjujuy.com\/index.php\/wp-json\/wp\/v2\/posts\/2074","targetHints":{"allow":["GET"]}}],"collection":[{"href":"https:\/\/www.muyjujuy.com\/index.php\/wp-json\/wp\/v2\/posts"}],"about":[{"href":"https:\/\/www.muyjujuy.com\/index.php\/wp-json\/wp\/v2\/types\/post"}],"author":[{"embeddable":true,"href":"https:\/\/www.muyjujuy.com\/index.php\/wp-json\/wp\/v2\/users\/3"}],"replies":[{"embeddable":true,"href":"https:\/\/www.muyjujuy.com\/index.php\/wp-json\/wp\/v2\/comments?post=2074"}],"version-history":[{"count":1,"href":"https:\/\/www.muyjujuy.com\/index.php\/wp-json\/wp\/v2\/posts\/2074\/revisions"}],"predecessor-version":[{"id":2076,"href":"https:\/\/www.muyjujuy.com\/index.php\/wp-json\/wp\/v2\/posts\/2074\/revisions\/2076"}],"wp:featuredmedia":[{"embeddable":true,"href":"https:\/\/www.muyjujuy.com\/index.php\/wp-json\/wp\/v2\/media\/2075"}],"wp:attachment":[{"href":"https:\/\/www.muyjujuy.com\/index.php\/wp-json\/wp\/v2\/media?parent=2074"}],"wp:term":[{"taxonomy":"category","embeddable":true,"href":"https:\/\/www.muyjujuy.com\/index.php\/wp-json\/wp\/v2\/categories?post=2074"},{"taxonomy":"post_tag","embeddable":true,"href":"https:\/\/www.muyjujuy.com\/index.php\/wp-json\/wp\/v2\/tags?post=2074"}],"curies":[{"name":"wp","href":"https:\/\/api.w.org\/{rel}","templated":true}]}}