{"id":2077,"date":"2022-11-16T13:37:12","date_gmt":"2022-11-16T16:37:12","guid":{"rendered":"https:\/\/www.muyjujuy.com\/?p=2077"},"modified":"2022-11-16T13:37:15","modified_gmt":"2022-11-16T16:37:15","slug":"jujuy-y-salta-continuan-con-focos-activos-de-incendios-forestales","status":"publish","type":"post","link":"https:\/\/www.muyjujuy.com\/index.php\/2022\/11\/16\/jujuy-y-salta-continuan-con-focos-activos-de-incendios-forestales\/","title":{"rendered":"Jujuy y Salta contin\u00faan con focos activos de incendios forestales"},"content":{"rendered":"\n<p><em>Los focos activos de incendios forestales contin\u00faan en la zona de Ledesma en Jujuy. En tanto, el fuego se encuentra controlado en Catamarca y C\u00f3rdoba.<\/em><\/p>\n\n\n\n<p><strong>Las provincias de<a href=\"https:\/\/www.muyjujuy.com\/index.php\/2022\/11\/14\/jujuy-y-salta-registran-incendios-forestales-activos\/\"> Jujuy y Salta<\/a> registraban este mi\u00e9rcoles incendios forestales activos. <\/strong>En tanto, los focos de Catamarca est\u00e1n controlados y los de C\u00f3rdoba contenidos, inform\u00f3 el Servicio Nacional de Manejo del Fuego (SNMF).<\/p>\n\n\n\n<p>Seg\u00fan el reporte del organismo, <strong>Salta era la provincia m\u00e1s afectada con tres focos activos <\/strong>en los departamentos de Or\u00e1n, Iruya y San Mart\u00edn.<\/p>\n\n\n\n<p>Asimismo, se encontraban &#8220;contenidos&#8221; los focos de la capital provincial, en el Cerro 20 de Febrero, y en Rosario de la Frontera, lo que significa que &#8220;<strong>el incendio mantiene su actividad pero, por los trabajos realizados, se detuvo el avance del fuego&#8221;,<\/strong> precis\u00f3 el SNMF.+<\/p>\n\n\n\n<h2 class=\"wp-block-heading\"><strong>Incendios forestales en Jujuy<\/strong><\/h2>\n\n\n\n<p>En tanto, e<strong>n Jujuy permanec\u00eda &#8220;activo&#8221; un \u00fanico foco en el departamento de Ledesm<\/strong>a, en la zona de Palo Blanco y Duquesa; mientras que se logr\u00f3 &#8220;contener&#8221; el de Piroman\u00edaco, tambi\u00e9n en Ledesma, y el de Puerta de Sala y Linterna, en Palpal\u00e1.<\/p>\n\n\n\n<p>A su vez, los bomberos &#8220;controlaron&#8221; el foco de Bracamonte y Tres Mosqueteros, en Ledesma, lo que significa que<strong> &#8220;la l\u00ednea de control ha quedado establecida definitivamente y se considera que no hay posibilidad de rebrotes&#8221;,<\/strong> detall\u00f3 el SNMF.<\/p>\n\n\n\n<p>Por \u00faltimo, el reporte inform\u00f3 que el Ministerio de Ambiente <strong>envi\u00f3 medios a\u00e9reos que se encuentran operativos y puso a disposici\u00f3n m\u00e1s recursos a\u00e9reos y personal para combatir el fuego en el caso de ser solicitados.<\/strong><\/p>\n\n\n\n<p>Por otra parte, en Salta se encontraban disponibles para operar dos aviones hidrantes, dos helic\u00f3pteros con helibalde del SNMF, un total de 130 brigadistas y personal de apoyo afectado al combate de incendios pertenecientes a la Brigada Nacional Sur, C\u00f3rdoba, Jujuy y Parques Nacionales.<\/p>\n\n\n\n<p>Y en Jujuy oper\u00f3 un avi\u00f3n hidrante perteneciente al SNMF y en el Delta del Paran\u00e1 estaba a disposici\u00f3n otro avi\u00f3n hidrante del SNMF y un helic\u00f3ptero para traslado de personal perteneciente al Ministerio de Defensa.<\/p>\n","protected":false},"excerpt":{"rendered":"<p>Los focos activos de incendios forestales contin\u00faan en la zona de Ledesma en Jujuy. En tanto, el fuego se encuentra controlado en Catamarca y C\u00f3rdoba. Las provincias de Jujuy y Salta registraban este mi\u00e9rcoles incendios forestales activos. En tanto, los focos de Catamarca est\u00e1n controlados y los de C\u00f3rdoba contenidos, inform\u00f3 el Servicio Nacional de [&hellip;]<\/p>\n","protected":false},"author":3,"featured_media":1846,"comment_status":"open","ping_status":"open","sticky":false,"template":"","format":"standard","meta":{"footnotes":""},"categories":[25],"tags":[735,8],"class_list":{"0":"post-2077","1":"post","2":"type-post","3":"status-publish","4":"format-standard","5":"has-post-thumbnail","7":"category-sociedad","8":"tag-incendios-forestales","9":"tag-jujuy"},"yoast_head":"<!-- This site is optimized with the Yoast SEO plugin v27.5 - https:\/\/yoast.com\/product\/yoast-seo-wordpress\/ -->\n<title>Jujuy y Salta contin\u00faan con focos activos de incendios forestales - Muy Jujuy<\/title>\n<meta name=\"description\" content=\"Los focos activos de incendios forestales contin\u00faan en la zona de Ledesma en Jujuy. En tanto, el fuego se encuentra controlado en Catamarca y C\u00f3rdoba.\" \/>\n<meta name=\"robots\" content=\"index, follow, max-snippet:-1, max-image-preview:large, max-video-preview:-1\" \/>\n<link rel=\"canonical\" href=\"https:\/\/www.muyjujuy.com\/index.php\/2022\/11\/16\/jujuy-y-salta-continuan-con-focos-activos-de-incendios-forestales\/\" \/>\n<meta property=\"og:locale\" content=\"es_ES\" \/>\n<meta property=\"og:type\" content=\"article\" \/>\n<meta property=\"og:title\" content=\"Jujuy y Salta contin\u00faan con focos activos de incendios forestales - Muy Jujuy\" \/>\n<meta property=\"og:description\" content=\"Los focos activos de incendios forestales contin\u00faan en la zona de Ledesma en Jujuy. En tanto, el fuego se encuentra controlado en Catamarca y C\u00f3rdoba.\" \/>\n<meta property=\"og:url\" content=\"https:\/\/www.muyjujuy.com\/index.php\/2022\/11\/16\/jujuy-y-salta-continuan-con-focos-activos-de-incendios-forestales\/\" \/>\n<meta property=\"og:site_name\" content=\"Muy Jujuy\" \/>\n<meta property=\"article:publisher\" content=\"https:\/\/www.facebook.com\/muyjujuycom\" \/>\n<meta property=\"article:published_time\" content=\"2022-11-16T16:37:12+00:00\" \/>\n<meta property=\"article:modified_time\" content=\"2022-11-16T16:37:15+00:00\" \/>\n<meta property=\"og:image\" content=\"https:\/\/www.muyjujuy.com\/wp-content\/uploads\/2022\/10\/incendios.jpg\" \/>\n\t<meta property=\"og:image:width\" content=\"1182\" \/>\n\t<meta property=\"og:image:height\" content=\"815\" \/>\n\t<meta property=\"og:image:type\" content=\"image\/jpeg\" \/>\n<meta name=\"author\" content=\"Redacci\u00f3n Muy Jujuy\" \/>\n<meta name=\"twitter:card\" content=\"summary_large_image\" \/>\n<meta name=\"twitter:creator\" content=\"@muyjujuy\" \/>\n<meta name=\"twitter:site\" content=\"@muyjujuy\" \/>\n<meta name=\"twitter:label1\" content=\"Escrito por\" \/>\n\t<meta name=\"twitter:data1\" content=\"Redacci\u00f3n Muy Jujuy\" \/>\n\t<meta name=\"twitter:label2\" content=\"Tiempo de lectura\" \/>\n\t<meta name=\"twitter:data2\" content=\"2 minutos\" \/>\n<script type=\"application\/ld+json\" class=\"yoast-schema-graph\">{\"@context\":\"https:\\\/\\\/schema.org\",\"@graph\":[{\"@type\":\"Article\",\"@id\":\"https:\\\/\\\/www.muyjujuy.com\\\/index.php\\\/2022\\\/11\\\/16\\\/jujuy-y-salta-continuan-con-focos-activos-de-incendios-forestales\\\/#article\",\"isPartOf\":{\"@id\":\"https:\\\/\\\/www.muyjujuy.com\\\/index.php\\\/2022\\\/11\\\/16\\\/jujuy-y-salta-continuan-con-focos-activos-de-incendios-forestales\\\/\"},\"author\":{\"name\":\"Redacci\u00f3n Muy Jujuy\",\"@id\":\"https:\\\/\\\/www.muyjujuy.com\\\/#\\\/schema\\\/person\\\/1d0f6e223ccea9e3f9034c1a5b683bf2\"},\"headline\":\"Jujuy y Salta contin\u00faan con focos activos de incendios forestales\",\"datePublished\":\"2022-11-16T16:37:12+00:00\",\"dateModified\":\"2022-11-16T16:37:15+00:00\",\"mainEntityOfPage\":{\"@id\":\"https:\\\/\\\/www.muyjujuy.com\\\/index.php\\\/2022\\\/11\\\/16\\\/jujuy-y-salta-continuan-con-focos-activos-de-incendios-forestales\\\/\"},\"wordCount\":362,\"commentCount\":0,\"publisher\":{\"@id\":\"https:\\\/\\\/www.muyjujuy.com\\\/#organization\"},\"image\":{\"@id\":\"https:\\\/\\\/www.muyjujuy.com\\\/index.php\\\/2022\\\/11\\\/16\\\/jujuy-y-salta-continuan-con-focos-activos-de-incendios-forestales\\\/#primaryimage\"},\"thumbnailUrl\":\"https:\\\/\\\/www.muyjujuy.com\\\/wp-content\\\/uploads\\\/2022\\\/10\\\/incendios.jpg\",\"keywords\":[\"Incendios forestales\",\"Jujuy\"],\"articleSection\":[\"Sociedad\"],\"inLanguage\":\"es-AR\",\"potentialAction\":[{\"@type\":\"CommentAction\",\"name\":\"Comment\",\"target\":[\"https:\\\/\\\/www.muyjujuy.com\\\/index.php\\\/2022\\\/11\\\/16\\\/jujuy-y-salta-continuan-con-focos-activos-de-incendios-forestales\\\/#respond\"]}]},{\"@type\":\"WebPage\",\"@id\":\"https:\\\/\\\/www.muyjujuy.com\\\/index.php\\\/2022\\\/11\\\/16\\\/jujuy-y-salta-continuan-con-focos-activos-de-incendios-forestales\\\/\",\"url\":\"https:\\\/\\\/www.muyjujuy.com\\\/index.php\\\/2022\\\/11\\\/16\\\/jujuy-y-salta-continuan-con-focos-activos-de-incendios-forestales\\\/\",\"name\":\"Jujuy y Salta contin\u00faan con focos activos de incendios forestales - Muy Jujuy\",\"isPartOf\":{\"@id\":\"https:\\\/\\\/www.muyjujuy.com\\\/#website\"},\"primaryImageOfPage\":{\"@id\":\"https:\\\/\\\/www.muyjujuy.com\\\/index.php\\\/2022\\\/11\\\/16\\\/jujuy-y-salta-continuan-con-focos-activos-de-incendios-forestales\\\/#primaryimage\"},\"image\":{\"@id\":\"https:\\\/\\\/www.muyjujuy.com\\\/index.php\\\/2022\\\/11\\\/16\\\/jujuy-y-salta-continuan-con-focos-activos-de-incendios-forestales\\\/#primaryimage\"},\"thumbnailUrl\":\"https:\\\/\\\/www.muyjujuy.com\\\/wp-content\\\/uploads\\\/2022\\\/10\\\/incendios.jpg\",\"datePublished\":\"2022-11-16T16:37:12+00:00\",\"dateModified\":\"2022-11-16T16:37:15+00:00\",\"description\":\"Los focos activos de incendios forestales contin\u00faan en la zona de Ledesma en Jujuy. En tanto, el fuego se encuentra controlado en Catamarca y C\u00f3rdoba.\",\"breadcrumb\":{\"@id\":\"https:\\\/\\\/www.muyjujuy.com\\\/index.php\\\/2022\\\/11\\\/16\\\/jujuy-y-salta-continuan-con-focos-activos-de-incendios-forestales\\\/#breadcrumb\"},\"inLanguage\":\"es-AR\",\"potentialAction\":[{\"@type\":\"ReadAction\",\"target\":[\"https:\\\/\\\/www.muyjujuy.com\\\/index.php\\\/2022\\\/11\\\/16\\\/jujuy-y-salta-continuan-con-focos-activos-de-incendios-forestales\\\/\"]}]},{\"@type\":\"ImageObject\",\"inLanguage\":\"es-AR\",\"@id\":\"https:\\\/\\\/www.muyjujuy.com\\\/index.php\\\/2022\\\/11\\\/16\\\/jujuy-y-salta-continuan-con-focos-activos-de-incendios-forestales\\\/#primaryimage\",\"url\":\"https:\\\/\\\/www.muyjujuy.com\\\/wp-content\\\/uploads\\\/2022\\\/10\\\/incendios.jpg\",\"contentUrl\":\"https:\\\/\\\/www.muyjujuy.com\\\/wp-content\\\/uploads\\\/2022\\\/10\\\/incendios.jpg\",\"width\":1182,\"height\":815},{\"@type\":\"BreadcrumbList\",\"@id\":\"https:\\\/\\\/www.muyjujuy.com\\\/index.php\\\/2022\\\/11\\\/16\\\/jujuy-y-salta-continuan-con-focos-activos-de-incendios-forestales\\\/#breadcrumb\",\"itemListElement\":[{\"@type\":\"ListItem\",\"position\":1,\"name\":\"Inicio\",\"item\":\"https:\\\/\\\/www.muyjujuy.com\\\/\"},{\"@type\":\"ListItem\",\"position\":2,\"name\":\"Jujuy y Salta contin\u00faan con focos activos de incendios forestales\"}]},{\"@type\":\"WebSite\",\"@id\":\"https:\\\/\\\/www.muyjujuy.com\\\/#website\",\"url\":\"https:\\\/\\\/www.muyjujuy.com\\\/\",\"name\":\"Muy Jujuy\",\"description\":\"\",\"publisher\":{\"@id\":\"https:\\\/\\\/www.muyjujuy.com\\\/#organization\"},\"potentialAction\":[{\"@type\":\"SearchAction\",\"target\":{\"@type\":\"EntryPoint\",\"urlTemplate\":\"https:\\\/\\\/www.muyjujuy.com\\\/?s={search_term_string}\"},\"query-input\":{\"@type\":\"PropertyValueSpecification\",\"valueRequired\":true,\"valueName\":\"search_term_string\"}}],\"inLanguage\":\"es-AR\"},{\"@type\":\"Organization\",\"@id\":\"https:\\\/\\\/www.muyjujuy.com\\\/#organization\",\"name\":\"Muy Jujuy\",\"url\":\"https:\\\/\\\/www.muyjujuy.com\\\/\",\"logo\":{\"@type\":\"ImageObject\",\"inLanguage\":\"es-AR\",\"@id\":\"https:\\\/\\\/www.muyjujuy.com\\\/#\\\/schema\\\/logo\\\/image\\\/\",\"url\":\"http:\\\/\\\/www.muyjujuy.com\\\/wp-content\\\/uploads\\\/2022\\\/05\\\/logo-mobil-jujuy.png\",\"contentUrl\":\"http:\\\/\\\/www.muyjujuy.com\\\/wp-content\\\/uploads\\\/2022\\\/05\\\/logo-mobil-jujuy.png\",\"width\":174,\"height\":81,\"caption\":\"Muy Jujuy\"},\"image\":{\"@id\":\"https:\\\/\\\/www.muyjujuy.com\\\/#\\\/schema\\\/logo\\\/image\\\/\"},\"sameAs\":[\"https:\\\/\\\/www.facebook.com\\\/muyjujuycom\",\"https:\\\/\\\/x.com\\\/muyjujuy\",\"https:\\\/\\\/www.instagram.com\\\/muyjujuycom\"]},{\"@type\":\"Person\",\"@id\":\"https:\\\/\\\/www.muyjujuy.com\\\/#\\\/schema\\\/person\\\/1d0f6e223ccea9e3f9034c1a5b683bf2\",\"name\":\"Redacci\u00f3n Muy Jujuy\",\"image\":{\"@type\":\"ImageObject\",\"inLanguage\":\"es-AR\",\"@id\":\"https:\\\/\\\/secure.gravatar.com\\\/avatar\\\/fec5f6f1893d741ed5eecccff109ce43e67a855411202a3212a058cb8e5c27d4?s=96&d=mm&r=g\",\"url\":\"https:\\\/\\\/secure.gravatar.com\\\/avatar\\\/fec5f6f1893d741ed5eecccff109ce43e67a855411202a3212a058cb8e5c27d4?s=96&d=mm&r=g\",\"contentUrl\":\"https:\\\/\\\/secure.gravatar.com\\\/avatar\\\/fec5f6f1893d741ed5eecccff109ce43e67a855411202a3212a058cb8e5c27d4?s=96&d=mm&r=g\",\"caption\":\"Redacci\u00f3n Muy Jujuy\"},\"url\":\"https:\\\/\\\/www.muyjujuy.com\\\/index.php\\\/author\\\/editor\\\/\"}]}<\/script>\n<!-- \/ Yoast SEO plugin. -->","yoast_head_json":{"title":"Jujuy y Salta contin\u00faan con focos activos de incendios forestales - Muy Jujuy","description":"Los focos activos de incendios forestales contin\u00faan en la zona de Ledesma en Jujuy. En tanto, el fuego se encuentra controlado en Catamarca y C\u00f3rdoba.","robots":{"index":"index","follow":"follow","max-snippet":"max-snippet:-1","max-image-preview":"max-image-preview:large","max-video-preview":"max-video-preview:-1"},"canonical":"https:\/\/www.muyjujuy.com\/index.php\/2022\/11\/16\/jujuy-y-salta-continuan-con-focos-activos-de-incendios-forestales\/","og_locale":"es_ES","og_type":"article","og_title":"Jujuy y Salta contin\u00faan con focos activos de incendios forestales - Muy Jujuy","og_description":"Los focos activos de incendios forestales contin\u00faan en la zona de Ledesma en Jujuy. En tanto, el fuego se encuentra controlado en Catamarca y C\u00f3rdoba.","og_url":"https:\/\/www.muyjujuy.com\/index.php\/2022\/11\/16\/jujuy-y-salta-continuan-con-focos-activos-de-incendios-forestales\/","og_site_name":"Muy Jujuy","article_publisher":"https:\/\/www.facebook.com\/muyjujuycom","article_published_time":"2022-11-16T16:37:12+00:00","article_modified_time":"2022-11-16T16:37:15+00:00","og_image":[{"width":1182,"height":815,"url":"https:\/\/www.muyjujuy.com\/wp-content\/uploads\/2022\/10\/incendios.jpg","type":"image\/jpeg"}],"author":"Redacci\u00f3n Muy Jujuy","twitter_card":"summary_large_image","twitter_creator":"@muyjujuy","twitter_site":"@muyjujuy","twitter_misc":{"Escrito por":"Redacci\u00f3n Muy Jujuy","Tiempo de lectura":"2 minutos"},"schema":{"@context":"https:\/\/schema.org","@graph":[{"@type":"Article","@id":"https:\/\/www.muyjujuy.com\/index.php\/2022\/11\/16\/jujuy-y-salta-continuan-con-focos-activos-de-incendios-forestales\/#article","isPartOf":{"@id":"https:\/\/www.muyjujuy.com\/index.php\/2022\/11\/16\/jujuy-y-salta-continuan-con-focos-activos-de-incendios-forestales\/"},"author":{"name":"Redacci\u00f3n Muy Jujuy","@id":"https:\/\/www.muyjujuy.com\/#\/schema\/person\/1d0f6e223ccea9e3f9034c1a5b683bf2"},"headline":"Jujuy y Salta contin\u00faan con focos activos de incendios forestales","datePublished":"2022-11-16T16:37:12+00:00","dateModified":"2022-11-16T16:37:15+00:00","mainEntityOfPage":{"@id":"https:\/\/www.muyjujuy.com\/index.php\/2022\/11\/16\/jujuy-y-salta-continuan-con-focos-activos-de-incendios-forestales\/"},"wordCount":362,"commentCount":0,"publisher":{"@id":"https:\/\/www.muyjujuy.com\/#organization"},"image":{"@id":"https:\/\/www.muyjujuy.com\/index.php\/2022\/11\/16\/jujuy-y-salta-continuan-con-focos-activos-de-incendios-forestales\/#primaryimage"},"thumbnailUrl":"https:\/\/www.muyjujuy.com\/wp-content\/uploads\/2022\/10\/incendios.jpg","keywords":["Incendios forestales","Jujuy"],"articleSection":["Sociedad"],"inLanguage":"es-AR","potentialAction":[{"@type":"CommentAction","name":"Comment","target":["https:\/\/www.muyjujuy.com\/index.php\/2022\/11\/16\/jujuy-y-salta-continuan-con-focos-activos-de-incendios-forestales\/#respond"]}]},{"@type":"WebPage","@id":"https:\/\/www.muyjujuy.com\/index.php\/2022\/11\/16\/jujuy-y-salta-continuan-con-focos-activos-de-incendios-forestales\/","url":"https:\/\/www.muyjujuy.com\/index.php\/2022\/11\/16\/jujuy-y-salta-continuan-con-focos-activos-de-incendios-forestales\/","name":"Jujuy y Salta contin\u00faan con focos activos de incendios forestales - Muy Jujuy","isPartOf":{"@id":"https:\/\/www.muyjujuy.com\/#website"},"primaryImageOfPage":{"@id":"https:\/\/www.muyjujuy.com\/index.php\/2022\/11\/16\/jujuy-y-salta-continuan-con-focos-activos-de-incendios-forestales\/#primaryimage"},"image":{"@id":"https:\/\/www.muyjujuy.com\/index.php\/2022\/11\/16\/jujuy-y-salta-continuan-con-focos-activos-de-incendios-forestales\/#primaryimage"},"thumbnailUrl":"https:\/\/www.muyjujuy.com\/wp-content\/uploads\/2022\/10\/incendios.jpg","datePublished":"2022-11-16T16:37:12+00:00","dateModified":"2022-11-16T16:37:15+00:00","description":"Los focos activos de incendios forestales contin\u00faan en la zona de Ledesma en Jujuy. En tanto, el fuego se encuentra controlado en Catamarca y C\u00f3rdoba.","breadcrumb":{"@id":"https:\/\/www.muyjujuy.com\/index.php\/2022\/11\/16\/jujuy-y-salta-continuan-con-focos-activos-de-incendios-forestales\/#breadcrumb"},"inLanguage":"es-AR","potentialAction":[{"@type":"ReadAction","target":["https:\/\/www.muyjujuy.com\/index.php\/2022\/11\/16\/jujuy-y-salta-continuan-con-focos-activos-de-incendios-forestales\/"]}]},{"@type":"ImageObject","inLanguage":"es-AR","@id":"https:\/\/www.muyjujuy.com\/index.php\/2022\/11\/16\/jujuy-y-salta-continuan-con-focos-activos-de-incendios-forestales\/#primaryimage","url":"https:\/\/www.muyjujuy.com\/wp-content\/uploads\/2022\/10\/incendios.jpg","contentUrl":"https:\/\/www.muyjujuy.com\/wp-content\/uploads\/2022\/10\/incendios.jpg","width":1182,"height":815},{"@type":"BreadcrumbList","@id":"https:\/\/www.muyjujuy.com\/index.php\/2022\/11\/16\/jujuy-y-salta-continuan-con-focos-activos-de-incendios-forestales\/#breadcrumb","itemListElement":[{"@type":"ListItem","position":1,"name":"Inicio","item":"https:\/\/www.muyjujuy.com\/"},{"@type":"ListItem","position":2,"name":"Jujuy y Salta contin\u00faan con focos activos de incendios forestales"}]},{"@type":"WebSite","@id":"https:\/\/www.muyjujuy.com\/#website","url":"https:\/\/www.muyjujuy.com\/","name":"Muy Jujuy","description":"","publisher":{"@id":"https:\/\/www.muyjujuy.com\/#organization"},"potentialAction":[{"@type":"SearchAction","target":{"@type":"EntryPoint","urlTemplate":"https:\/\/www.muyjujuy.com\/?s={search_term_string}"},"query-input":{"@type":"PropertyValueSpecification","valueRequired":true,"valueName":"search_term_string"}}],"inLanguage":"es-AR"},{"@type":"Organization","@id":"https:\/\/www.muyjujuy.com\/#organization","name":"Muy Jujuy","url":"https:\/\/www.muyjujuy.com\/","logo":{"@type":"ImageObject","inLanguage":"es-AR","@id":"https:\/\/www.muyjujuy.com\/#\/schema\/logo\/image\/","url":"http:\/\/www.muyjujuy.com\/wp-content\/uploads\/2022\/05\/logo-mobil-jujuy.png","contentUrl":"http:\/\/www.muyjujuy.com\/wp-content\/uploads\/2022\/05\/logo-mobil-jujuy.png","width":174,"height":81,"caption":"Muy Jujuy"},"image":{"@id":"https:\/\/www.muyjujuy.com\/#\/schema\/logo\/image\/"},"sameAs":["https:\/\/www.facebook.com\/muyjujuycom","https:\/\/x.com\/muyjujuy","https:\/\/www.instagram.com\/muyjujuycom"]},{"@type":"Person","@id":"https:\/\/www.muyjujuy.com\/#\/schema\/person\/1d0f6e223ccea9e3f9034c1a5b683bf2","name":"Redacci\u00f3n Muy Jujuy","image":{"@type":"ImageObject","inLanguage":"es-AR","@id":"https:\/\/secure.gravatar.com\/avatar\/fec5f6f1893d741ed5eecccff109ce43e67a855411202a3212a058cb8e5c27d4?s=96&d=mm&r=g","url":"https:\/\/secure.gravatar.com\/avatar\/fec5f6f1893d741ed5eecccff109ce43e67a855411202a3212a058cb8e5c27d4?s=96&d=mm&r=g","contentUrl":"https:\/\/secure.gravatar.com\/avatar\/fec5f6f1893d741ed5eecccff109ce43e67a855411202a3212a058cb8e5c27d4?s=96&d=mm&r=g","caption":"Redacci\u00f3n Muy Jujuy"},"url":"https:\/\/www.muyjujuy.com\/index.php\/author\/editor\/"}]}},"_links":{"self":[{"href":"https:\/\/www.muyjujuy.com\/index.php\/wp-json\/wp\/v2\/posts\/2077","targetHints":{"allow":["GET"]}}],"collection":[{"href":"https:\/\/www.muyjujuy.com\/index.php\/wp-json\/wp\/v2\/posts"}],"about":[{"href":"https:\/\/www.muyjujuy.com\/index.php\/wp-json\/wp\/v2\/types\/post"}],"author":[{"embeddable":true,"href":"https:\/\/www.muyjujuy.com\/index.php\/wp-json\/wp\/v2\/users\/3"}],"replies":[{"embeddable":true,"href":"https:\/\/www.muyjujuy.com\/index.php\/wp-json\/wp\/v2\/comments?post=2077"}],"version-history":[{"count":1,"href":"https:\/\/www.muyjujuy.com\/index.php\/wp-json\/wp\/v2\/posts\/2077\/revisions"}],"predecessor-version":[{"id":2078,"href":"https:\/\/www.muyjujuy.com\/index.php\/wp-json\/wp\/v2\/posts\/2077\/revisions\/2078"}],"wp:featuredmedia":[{"embeddable":true,"href":"https:\/\/www.muyjujuy.com\/index.php\/wp-json\/wp\/v2\/media\/1846"}],"wp:attachment":[{"href":"https:\/\/www.muyjujuy.com\/index.php\/wp-json\/wp\/v2\/media?parent=2077"}],"wp:term":[{"taxonomy":"category","embeddable":true,"href":"https:\/\/www.muyjujuy.com\/index.php\/wp-json\/wp\/v2\/categories?post=2077"},{"taxonomy":"post_tag","embeddable":true,"href":"https:\/\/www.muyjujuy.com\/index.php\/wp-json\/wp\/v2\/tags?post=2077"}],"curies":[{"name":"wp","href":"https:\/\/api.w.org\/{rel}","templated":true}]}}