{"id":2092,"date":"2022-11-17T14:06:56","date_gmt":"2022-11-17T17:06:56","guid":{"rendered":"https:\/\/www.muyjujuy.com\/?p=2092"},"modified":"2022-11-17T14:06:58","modified_gmt":"2022-11-17T17:06:58","slug":"el-festival-del-tamal-en-jujuy-unira-gastronomia-y-musica-folclorica","status":"publish","type":"post","link":"https:\/\/www.muyjujuy.com\/index.php\/2022\/11\/17\/el-festival-del-tamal-en-jujuy-unira-gastronomia-y-musica-folclorica\/","title":{"rendered":"El Festival del Tamal en Jujuy unir\u00e1 gastronom\u00eda y m\u00fasica folcl\u00f3rica"},"content":{"rendered":"\n<p><em>El Festival del Tamal se llevar\u00e1 a cabo el viernes en la localidad juje\u00f1a de Villa Jard\u00edn de Reyes.<\/em><\/p>\n\n\n\n<p>El <strong>Festival del Tamal 202<\/strong>2 se llevar\u00e1 a cabo el viernes en localidad juje\u00f1a de Villa Jard\u00edn de Reyes. La festividad <strong>propone unir la parte gastron\u00f3mica con m\u00fasica folcl\u00f3rica <\/strong>en un lugar que ofrece un gran potencial tur\u00edstico caracter\u00edstico de los Valles juje\u00f1os.<\/p>\n\n\n\n<p>El evento <strong>comenzar\u00e1 a las 11 en la Delegaci\u00f3n Municipal Villa Jard\u00edn de Reyes<\/strong>, a pocos kil\u00f3metros de San Salvador de Jujuy- Una zona dotada de infraestructura y servicios tur\u00edsticos.<\/p>\n\n\n\n<p><strong>&#8220;Es un festival que vuelve a realizarse en su formato tradicional despu\u00e9s de dos a\u00f1os a ra\u00edz de la pandemia, lo que nos pone muy contentos y porque habr\u00e1 once competidores<\/strong>, diez mujeres y un hombre por el premio al Mejor Tamal Elaborado&#8221;, indic\u00f3 el secretario de Cultura del municipio capitalino, <strong>Luciano C\u00f3rdoba<\/strong>.<\/p>\n\n\n\n<p>Entre los artistas que figuran en la grilla se encuentran Patricia Ramos, \u00c1lvaro Valdiviezo., Esteban &#8220;Pololo&#8221; Ranzoni, Daniela Salas, Juje\u00f1as, Salamanqueros, Becho Riveiro y Joaqu\u00edn L\u00f3pez como artista invitado.<\/p>\n\n\n\n<h2 class=\"wp-block-heading\"><strong>Festival del Tamal<\/strong><\/h2>\n\n\n\n<p><strong>El tamal es un plato ancestral de origen ind\u00edgena a base de masa de ma\u00edz rellena de carne picada,<\/strong> de charqui o de cabeza de vaca hervida y desmenuzada.<\/p>\n\n\n\n<p>Forma parte de las comidas t\u00edpicas y tradicionales del norte argentino que se puede conseguir en cualquier restaurante, paseo comercial o ferias, y as\u00ed la preparaci\u00f3n se repite en casi todas las culturas originarias del continente.<\/p>\n\n\n\n<p>A trav\u00e9s del festival, declarado de Inter\u00e9s Legislativo, se los busca poner en valor esta comida tradicional que integra el patrimonio gastron\u00f3mico de Jujuy por su origen, historia, sabor y aroma.<\/p>\n","protected":false},"excerpt":{"rendered":"<p>El Festival del Tamal se llevar\u00e1 a cabo el viernes en la localidad juje\u00f1a de Villa Jard\u00edn de Reyes. El Festival del Tamal 2022 se llevar\u00e1 a cabo el viernes en localidad juje\u00f1a de Villa Jard\u00edn de Reyes. La festividad propone unir la parte gastron\u00f3mica con m\u00fasica folcl\u00f3rica en un lugar que ofrece un gran [&hellip;]<\/p>\n","protected":false},"author":3,"featured_media":2093,"comment_status":"open","ping_status":"open","sticky":false,"template":"","format":"standard","meta":{"footnotes":""},"categories":[25],"tags":[829,8],"class_list":{"0":"post-2092","1":"post","2":"type-post","3":"status-publish","4":"format-standard","5":"has-post-thumbnail","7":"category-sociedad","8":"tag-cultura","9":"tag-jujuy"},"yoast_head":"<!-- This site is optimized with the Yoast SEO plugin v27.5 - https:\/\/yoast.com\/product\/yoast-seo-wordpress\/ -->\n<title>El Festival del Tamal en Jujuy unir\u00e1 gastronom\u00eda y m\u00fasica folcl\u00f3rica - Muy Jujuy<\/title>\n<meta name=\"description\" content=\"El Festival del Tamal se llevar\u00e1 a cabo el viernes en la localidad juje\u00f1a de Villa Jard\u00edn de Reyes. Se espera una importante convocatoria.\" \/>\n<meta name=\"robots\" content=\"index, follow, max-snippet:-1, max-image-preview:large, max-video-preview:-1\" \/>\n<link rel=\"canonical\" href=\"https:\/\/www.muyjujuy.com\/index.php\/2022\/11\/17\/el-festival-del-tamal-en-jujuy-unira-gastronomia-y-musica-folclorica\/\" \/>\n<meta property=\"og:locale\" content=\"es_ES\" \/>\n<meta property=\"og:type\" content=\"article\" \/>\n<meta property=\"og:title\" content=\"El Festival del Tamal en Jujuy unir\u00e1 gastronom\u00eda y m\u00fasica folcl\u00f3rica - Muy Jujuy\" \/>\n<meta property=\"og:description\" content=\"El Festival del Tamal se llevar\u00e1 a cabo el viernes en la localidad juje\u00f1a de Villa Jard\u00edn de Reyes. Se espera una importante convocatoria.\" \/>\n<meta property=\"og:url\" content=\"https:\/\/www.muyjujuy.com\/index.php\/2022\/11\/17\/el-festival-del-tamal-en-jujuy-unira-gastronomia-y-musica-folclorica\/\" \/>\n<meta property=\"og:site_name\" content=\"Muy Jujuy\" \/>\n<meta property=\"article:publisher\" content=\"https:\/\/www.facebook.com\/muyjujuycom\" \/>\n<meta property=\"article:published_time\" content=\"2022-11-17T17:06:56+00:00\" \/>\n<meta property=\"article:modified_time\" content=\"2022-11-17T17:06:58+00:00\" \/>\n<meta property=\"og:image\" content=\"https:\/\/www.muyjujuy.com\/wp-content\/uploads\/2022\/11\/WhatsApp-Image-2022-11-17-at-14.03.54.jpeg\" \/>\n\t<meta property=\"og:image:width\" content=\"617\" \/>\n\t<meta property=\"og:image:height\" content=\"339\" \/>\n\t<meta property=\"og:image:type\" content=\"image\/jpeg\" \/>\n<meta name=\"author\" content=\"Redacci\u00f3n Muy Jujuy\" \/>\n<meta name=\"twitter:card\" content=\"summary_large_image\" \/>\n<meta name=\"twitter:creator\" content=\"@muyjujuy\" \/>\n<meta name=\"twitter:site\" content=\"@muyjujuy\" \/>\n<meta name=\"twitter:label1\" content=\"Escrito por\" \/>\n\t<meta name=\"twitter:data1\" content=\"Redacci\u00f3n Muy Jujuy\" \/>\n\t<meta name=\"twitter:label2\" content=\"Tiempo de lectura\" \/>\n\t<meta name=\"twitter:data2\" content=\"2 minutos\" \/>\n<script type=\"application\/ld+json\" class=\"yoast-schema-graph\">{\"@context\":\"https:\\\/\\\/schema.org\",\"@graph\":[{\"@type\":\"Article\",\"@id\":\"https:\\\/\\\/www.muyjujuy.com\\\/index.php\\\/2022\\\/11\\\/17\\\/el-festival-del-tamal-en-jujuy-unira-gastronomia-y-musica-folclorica\\\/#article\",\"isPartOf\":{\"@id\":\"https:\\\/\\\/www.muyjujuy.com\\\/index.php\\\/2022\\\/11\\\/17\\\/el-festival-del-tamal-en-jujuy-unira-gastronomia-y-musica-folclorica\\\/\"},\"author\":{\"name\":\"Redacci\u00f3n Muy Jujuy\",\"@id\":\"https:\\\/\\\/www.muyjujuy.com\\\/#\\\/schema\\\/person\\\/1d0f6e223ccea9e3f9034c1a5b683bf2\"},\"headline\":\"El Festival del Tamal en Jujuy unir\u00e1 gastronom\u00eda y m\u00fasica folcl\u00f3rica\",\"datePublished\":\"2022-11-17T17:06:56+00:00\",\"dateModified\":\"2022-11-17T17:06:58+00:00\",\"mainEntityOfPage\":{\"@id\":\"https:\\\/\\\/www.muyjujuy.com\\\/index.php\\\/2022\\\/11\\\/17\\\/el-festival-del-tamal-en-jujuy-unira-gastronomia-y-musica-folclorica\\\/\"},\"wordCount\":313,\"commentCount\":0,\"publisher\":{\"@id\":\"https:\\\/\\\/www.muyjujuy.com\\\/#organization\"},\"image\":{\"@id\":\"https:\\\/\\\/www.muyjujuy.com\\\/index.php\\\/2022\\\/11\\\/17\\\/el-festival-del-tamal-en-jujuy-unira-gastronomia-y-musica-folclorica\\\/#primaryimage\"},\"thumbnailUrl\":\"https:\\\/\\\/www.muyjujuy.com\\\/wp-content\\\/uploads\\\/2022\\\/11\\\/WhatsApp-Image-2022-11-17-at-14.03.54.jpeg\",\"keywords\":[\"Cultura\",\"Jujuy\"],\"articleSection\":[\"Sociedad\"],\"inLanguage\":\"es-AR\",\"potentialAction\":[{\"@type\":\"CommentAction\",\"name\":\"Comment\",\"target\":[\"https:\\\/\\\/www.muyjujuy.com\\\/index.php\\\/2022\\\/11\\\/17\\\/el-festival-del-tamal-en-jujuy-unira-gastronomia-y-musica-folclorica\\\/#respond\"]}]},{\"@type\":\"WebPage\",\"@id\":\"https:\\\/\\\/www.muyjujuy.com\\\/index.php\\\/2022\\\/11\\\/17\\\/el-festival-del-tamal-en-jujuy-unira-gastronomia-y-musica-folclorica\\\/\",\"url\":\"https:\\\/\\\/www.muyjujuy.com\\\/index.php\\\/2022\\\/11\\\/17\\\/el-festival-del-tamal-en-jujuy-unira-gastronomia-y-musica-folclorica\\\/\",\"name\":\"El Festival del Tamal en Jujuy unir\u00e1 gastronom\u00eda y m\u00fasica folcl\u00f3rica - Muy Jujuy\",\"isPartOf\":{\"@id\":\"https:\\\/\\\/www.muyjujuy.com\\\/#website\"},\"primaryImageOfPage\":{\"@id\":\"https:\\\/\\\/www.muyjujuy.com\\\/index.php\\\/2022\\\/11\\\/17\\\/el-festival-del-tamal-en-jujuy-unira-gastronomia-y-musica-folclorica\\\/#primaryimage\"},\"image\":{\"@id\":\"https:\\\/\\\/www.muyjujuy.com\\\/index.php\\\/2022\\\/11\\\/17\\\/el-festival-del-tamal-en-jujuy-unira-gastronomia-y-musica-folclorica\\\/#primaryimage\"},\"thumbnailUrl\":\"https:\\\/\\\/www.muyjujuy.com\\\/wp-content\\\/uploads\\\/2022\\\/11\\\/WhatsApp-Image-2022-11-17-at-14.03.54.jpeg\",\"datePublished\":\"2022-11-17T17:06:56+00:00\",\"dateModified\":\"2022-11-17T17:06:58+00:00\",\"description\":\"El Festival del Tamal se llevar\u00e1 a cabo el viernes en la localidad juje\u00f1a de Villa Jard\u00edn de Reyes. Se espera una importante convocatoria.\",\"breadcrumb\":{\"@id\":\"https:\\\/\\\/www.muyjujuy.com\\\/index.php\\\/2022\\\/11\\\/17\\\/el-festival-del-tamal-en-jujuy-unira-gastronomia-y-musica-folclorica\\\/#breadcrumb\"},\"inLanguage\":\"es-AR\",\"potentialAction\":[{\"@type\":\"ReadAction\",\"target\":[\"https:\\\/\\\/www.muyjujuy.com\\\/index.php\\\/2022\\\/11\\\/17\\\/el-festival-del-tamal-en-jujuy-unira-gastronomia-y-musica-folclorica\\\/\"]}]},{\"@type\":\"ImageObject\",\"inLanguage\":\"es-AR\",\"@id\":\"https:\\\/\\\/www.muyjujuy.com\\\/index.php\\\/2022\\\/11\\\/17\\\/el-festival-del-tamal-en-jujuy-unira-gastronomia-y-musica-folclorica\\\/#primaryimage\",\"url\":\"https:\\\/\\\/www.muyjujuy.com\\\/wp-content\\\/uploads\\\/2022\\\/11\\\/WhatsApp-Image-2022-11-17-at-14.03.54.jpeg\",\"contentUrl\":\"https:\\\/\\\/www.muyjujuy.com\\\/wp-content\\\/uploads\\\/2022\\\/11\\\/WhatsApp-Image-2022-11-17-at-14.03.54.jpeg\",\"width\":617,\"height\":339},{\"@type\":\"BreadcrumbList\",\"@id\":\"https:\\\/\\\/www.muyjujuy.com\\\/index.php\\\/2022\\\/11\\\/17\\\/el-festival-del-tamal-en-jujuy-unira-gastronomia-y-musica-folclorica\\\/#breadcrumb\",\"itemListElement\":[{\"@type\":\"ListItem\",\"position\":1,\"name\":\"Inicio\",\"item\":\"https:\\\/\\\/www.muyjujuy.com\\\/\"},{\"@type\":\"ListItem\",\"position\":2,\"name\":\"El Festival del Tamal en Jujuy unir\u00e1 gastronom\u00eda y m\u00fasica folcl\u00f3rica\"}]},{\"@type\":\"WebSite\",\"@id\":\"https:\\\/\\\/www.muyjujuy.com\\\/#website\",\"url\":\"https:\\\/\\\/www.muyjujuy.com\\\/\",\"name\":\"Muy Jujuy\",\"description\":\"\",\"publisher\":{\"@id\":\"https:\\\/\\\/www.muyjujuy.com\\\/#organization\"},\"potentialAction\":[{\"@type\":\"SearchAction\",\"target\":{\"@type\":\"EntryPoint\",\"urlTemplate\":\"https:\\\/\\\/www.muyjujuy.com\\\/?s={search_term_string}\"},\"query-input\":{\"@type\":\"PropertyValueSpecification\",\"valueRequired\":true,\"valueName\":\"search_term_string\"}}],\"inLanguage\":\"es-AR\"},{\"@type\":\"Organization\",\"@id\":\"https:\\\/\\\/www.muyjujuy.com\\\/#organization\",\"name\":\"Muy Jujuy\",\"url\":\"https:\\\/\\\/www.muyjujuy.com\\\/\",\"logo\":{\"@type\":\"ImageObject\",\"inLanguage\":\"es-AR\",\"@id\":\"https:\\\/\\\/www.muyjujuy.com\\\/#\\\/schema\\\/logo\\\/image\\\/\",\"url\":\"http:\\\/\\\/www.muyjujuy.com\\\/wp-content\\\/uploads\\\/2022\\\/05\\\/logo-mobil-jujuy.png\",\"contentUrl\":\"http:\\\/\\\/www.muyjujuy.com\\\/wp-content\\\/uploads\\\/2022\\\/05\\\/logo-mobil-jujuy.png\",\"width\":174,\"height\":81,\"caption\":\"Muy Jujuy\"},\"image\":{\"@id\":\"https:\\\/\\\/www.muyjujuy.com\\\/#\\\/schema\\\/logo\\\/image\\\/\"},\"sameAs\":[\"https:\\\/\\\/www.facebook.com\\\/muyjujuycom\",\"https:\\\/\\\/x.com\\\/muyjujuy\",\"https:\\\/\\\/www.instagram.com\\\/muyjujuycom\"]},{\"@type\":\"Person\",\"@id\":\"https:\\\/\\\/www.muyjujuy.com\\\/#\\\/schema\\\/person\\\/1d0f6e223ccea9e3f9034c1a5b683bf2\",\"name\":\"Redacci\u00f3n Muy Jujuy\",\"image\":{\"@type\":\"ImageObject\",\"inLanguage\":\"es-AR\",\"@id\":\"https:\\\/\\\/secure.gravatar.com\\\/avatar\\\/fec5f6f1893d741ed5eecccff109ce43e67a855411202a3212a058cb8e5c27d4?s=96&d=mm&r=g\",\"url\":\"https:\\\/\\\/secure.gravatar.com\\\/avatar\\\/fec5f6f1893d741ed5eecccff109ce43e67a855411202a3212a058cb8e5c27d4?s=96&d=mm&r=g\",\"contentUrl\":\"https:\\\/\\\/secure.gravatar.com\\\/avatar\\\/fec5f6f1893d741ed5eecccff109ce43e67a855411202a3212a058cb8e5c27d4?s=96&d=mm&r=g\",\"caption\":\"Redacci\u00f3n Muy Jujuy\"},\"url\":\"https:\\\/\\\/www.muyjujuy.com\\\/index.php\\\/author\\\/editor\\\/\"}]}<\/script>\n<!-- \/ Yoast SEO plugin. -->","yoast_head_json":{"title":"El Festival del Tamal en Jujuy unir\u00e1 gastronom\u00eda y m\u00fasica folcl\u00f3rica - Muy Jujuy","description":"El Festival del Tamal se llevar\u00e1 a cabo el viernes en la localidad juje\u00f1a de Villa Jard\u00edn de Reyes. Se espera una importante convocatoria.","robots":{"index":"index","follow":"follow","max-snippet":"max-snippet:-1","max-image-preview":"max-image-preview:large","max-video-preview":"max-video-preview:-1"},"canonical":"https:\/\/www.muyjujuy.com\/index.php\/2022\/11\/17\/el-festival-del-tamal-en-jujuy-unira-gastronomia-y-musica-folclorica\/","og_locale":"es_ES","og_type":"article","og_title":"El Festival del Tamal en Jujuy unir\u00e1 gastronom\u00eda y m\u00fasica folcl\u00f3rica - Muy Jujuy","og_description":"El Festival del Tamal se llevar\u00e1 a cabo el viernes en la localidad juje\u00f1a de Villa Jard\u00edn de Reyes. Se espera una importante convocatoria.","og_url":"https:\/\/www.muyjujuy.com\/index.php\/2022\/11\/17\/el-festival-del-tamal-en-jujuy-unira-gastronomia-y-musica-folclorica\/","og_site_name":"Muy Jujuy","article_publisher":"https:\/\/www.facebook.com\/muyjujuycom","article_published_time":"2022-11-17T17:06:56+00:00","article_modified_time":"2022-11-17T17:06:58+00:00","og_image":[{"width":617,"height":339,"url":"https:\/\/www.muyjujuy.com\/wp-content\/uploads\/2022\/11\/WhatsApp-Image-2022-11-17-at-14.03.54.jpeg","type":"image\/jpeg"}],"author":"Redacci\u00f3n Muy Jujuy","twitter_card":"summary_large_image","twitter_creator":"@muyjujuy","twitter_site":"@muyjujuy","twitter_misc":{"Escrito por":"Redacci\u00f3n Muy Jujuy","Tiempo de lectura":"2 minutos"},"schema":{"@context":"https:\/\/schema.org","@graph":[{"@type":"Article","@id":"https:\/\/www.muyjujuy.com\/index.php\/2022\/11\/17\/el-festival-del-tamal-en-jujuy-unira-gastronomia-y-musica-folclorica\/#article","isPartOf":{"@id":"https:\/\/www.muyjujuy.com\/index.php\/2022\/11\/17\/el-festival-del-tamal-en-jujuy-unira-gastronomia-y-musica-folclorica\/"},"author":{"name":"Redacci\u00f3n Muy Jujuy","@id":"https:\/\/www.muyjujuy.com\/#\/schema\/person\/1d0f6e223ccea9e3f9034c1a5b683bf2"},"headline":"El Festival del Tamal en Jujuy unir\u00e1 gastronom\u00eda y m\u00fasica folcl\u00f3rica","datePublished":"2022-11-17T17:06:56+00:00","dateModified":"2022-11-17T17:06:58+00:00","mainEntityOfPage":{"@id":"https:\/\/www.muyjujuy.com\/index.php\/2022\/11\/17\/el-festival-del-tamal-en-jujuy-unira-gastronomia-y-musica-folclorica\/"},"wordCount":313,"commentCount":0,"publisher":{"@id":"https:\/\/www.muyjujuy.com\/#organization"},"image":{"@id":"https:\/\/www.muyjujuy.com\/index.php\/2022\/11\/17\/el-festival-del-tamal-en-jujuy-unira-gastronomia-y-musica-folclorica\/#primaryimage"},"thumbnailUrl":"https:\/\/www.muyjujuy.com\/wp-content\/uploads\/2022\/11\/WhatsApp-Image-2022-11-17-at-14.03.54.jpeg","keywords":["Cultura","Jujuy"],"articleSection":["Sociedad"],"inLanguage":"es-AR","potentialAction":[{"@type":"CommentAction","name":"Comment","target":["https:\/\/www.muyjujuy.com\/index.php\/2022\/11\/17\/el-festival-del-tamal-en-jujuy-unira-gastronomia-y-musica-folclorica\/#respond"]}]},{"@type":"WebPage","@id":"https:\/\/www.muyjujuy.com\/index.php\/2022\/11\/17\/el-festival-del-tamal-en-jujuy-unira-gastronomia-y-musica-folclorica\/","url":"https:\/\/www.muyjujuy.com\/index.php\/2022\/11\/17\/el-festival-del-tamal-en-jujuy-unira-gastronomia-y-musica-folclorica\/","name":"El Festival del Tamal en Jujuy unir\u00e1 gastronom\u00eda y m\u00fasica folcl\u00f3rica - Muy Jujuy","isPartOf":{"@id":"https:\/\/www.muyjujuy.com\/#website"},"primaryImageOfPage":{"@id":"https:\/\/www.muyjujuy.com\/index.php\/2022\/11\/17\/el-festival-del-tamal-en-jujuy-unira-gastronomia-y-musica-folclorica\/#primaryimage"},"image":{"@id":"https:\/\/www.muyjujuy.com\/index.php\/2022\/11\/17\/el-festival-del-tamal-en-jujuy-unira-gastronomia-y-musica-folclorica\/#primaryimage"},"thumbnailUrl":"https:\/\/www.muyjujuy.com\/wp-content\/uploads\/2022\/11\/WhatsApp-Image-2022-11-17-at-14.03.54.jpeg","datePublished":"2022-11-17T17:06:56+00:00","dateModified":"2022-11-17T17:06:58+00:00","description":"El Festival del Tamal se llevar\u00e1 a cabo el viernes en la localidad juje\u00f1a de Villa Jard\u00edn de Reyes. Se espera una importante convocatoria.","breadcrumb":{"@id":"https:\/\/www.muyjujuy.com\/index.php\/2022\/11\/17\/el-festival-del-tamal-en-jujuy-unira-gastronomia-y-musica-folclorica\/#breadcrumb"},"inLanguage":"es-AR","potentialAction":[{"@type":"ReadAction","target":["https:\/\/www.muyjujuy.com\/index.php\/2022\/11\/17\/el-festival-del-tamal-en-jujuy-unira-gastronomia-y-musica-folclorica\/"]}]},{"@type":"ImageObject","inLanguage":"es-AR","@id":"https:\/\/www.muyjujuy.com\/index.php\/2022\/11\/17\/el-festival-del-tamal-en-jujuy-unira-gastronomia-y-musica-folclorica\/#primaryimage","url":"https:\/\/www.muyjujuy.com\/wp-content\/uploads\/2022\/11\/WhatsApp-Image-2022-11-17-at-14.03.54.jpeg","contentUrl":"https:\/\/www.muyjujuy.com\/wp-content\/uploads\/2022\/11\/WhatsApp-Image-2022-11-17-at-14.03.54.jpeg","width":617,"height":339},{"@type":"BreadcrumbList","@id":"https:\/\/www.muyjujuy.com\/index.php\/2022\/11\/17\/el-festival-del-tamal-en-jujuy-unira-gastronomia-y-musica-folclorica\/#breadcrumb","itemListElement":[{"@type":"ListItem","position":1,"name":"Inicio","item":"https:\/\/www.muyjujuy.com\/"},{"@type":"ListItem","position":2,"name":"El Festival del Tamal en Jujuy unir\u00e1 gastronom\u00eda y m\u00fasica folcl\u00f3rica"}]},{"@type":"WebSite","@id":"https:\/\/www.muyjujuy.com\/#website","url":"https:\/\/www.muyjujuy.com\/","name":"Muy Jujuy","description":"","publisher":{"@id":"https:\/\/www.muyjujuy.com\/#organization"},"potentialAction":[{"@type":"SearchAction","target":{"@type":"EntryPoint","urlTemplate":"https:\/\/www.muyjujuy.com\/?s={search_term_string}"},"query-input":{"@type":"PropertyValueSpecification","valueRequired":true,"valueName":"search_term_string"}}],"inLanguage":"es-AR"},{"@type":"Organization","@id":"https:\/\/www.muyjujuy.com\/#organization","name":"Muy Jujuy","url":"https:\/\/www.muyjujuy.com\/","logo":{"@type":"ImageObject","inLanguage":"es-AR","@id":"https:\/\/www.muyjujuy.com\/#\/schema\/logo\/image\/","url":"http:\/\/www.muyjujuy.com\/wp-content\/uploads\/2022\/05\/logo-mobil-jujuy.png","contentUrl":"http:\/\/www.muyjujuy.com\/wp-content\/uploads\/2022\/05\/logo-mobil-jujuy.png","width":174,"height":81,"caption":"Muy Jujuy"},"image":{"@id":"https:\/\/www.muyjujuy.com\/#\/schema\/logo\/image\/"},"sameAs":["https:\/\/www.facebook.com\/muyjujuycom","https:\/\/x.com\/muyjujuy","https:\/\/www.instagram.com\/muyjujuycom"]},{"@type":"Person","@id":"https:\/\/www.muyjujuy.com\/#\/schema\/person\/1d0f6e223ccea9e3f9034c1a5b683bf2","name":"Redacci\u00f3n Muy Jujuy","image":{"@type":"ImageObject","inLanguage":"es-AR","@id":"https:\/\/secure.gravatar.com\/avatar\/fec5f6f1893d741ed5eecccff109ce43e67a855411202a3212a058cb8e5c27d4?s=96&d=mm&r=g","url":"https:\/\/secure.gravatar.com\/avatar\/fec5f6f1893d741ed5eecccff109ce43e67a855411202a3212a058cb8e5c27d4?s=96&d=mm&r=g","contentUrl":"https:\/\/secure.gravatar.com\/avatar\/fec5f6f1893d741ed5eecccff109ce43e67a855411202a3212a058cb8e5c27d4?s=96&d=mm&r=g","caption":"Redacci\u00f3n Muy Jujuy"},"url":"https:\/\/www.muyjujuy.com\/index.php\/author\/editor\/"}]}},"_links":{"self":[{"href":"https:\/\/www.muyjujuy.com\/index.php\/wp-json\/wp\/v2\/posts\/2092","targetHints":{"allow":["GET"]}}],"collection":[{"href":"https:\/\/www.muyjujuy.com\/index.php\/wp-json\/wp\/v2\/posts"}],"about":[{"href":"https:\/\/www.muyjujuy.com\/index.php\/wp-json\/wp\/v2\/types\/post"}],"author":[{"embeddable":true,"href":"https:\/\/www.muyjujuy.com\/index.php\/wp-json\/wp\/v2\/users\/3"}],"replies":[{"embeddable":true,"href":"https:\/\/www.muyjujuy.com\/index.php\/wp-json\/wp\/v2\/comments?post=2092"}],"version-history":[{"count":1,"href":"https:\/\/www.muyjujuy.com\/index.php\/wp-json\/wp\/v2\/posts\/2092\/revisions"}],"predecessor-version":[{"id":2094,"href":"https:\/\/www.muyjujuy.com\/index.php\/wp-json\/wp\/v2\/posts\/2092\/revisions\/2094"}],"wp:featuredmedia":[{"embeddable":true,"href":"https:\/\/www.muyjujuy.com\/index.php\/wp-json\/wp\/v2\/media\/2093"}],"wp:attachment":[{"href":"https:\/\/www.muyjujuy.com\/index.php\/wp-json\/wp\/v2\/media?parent=2092"}],"wp:term":[{"taxonomy":"category","embeddable":true,"href":"https:\/\/www.muyjujuy.com\/index.php\/wp-json\/wp\/v2\/categories?post=2092"},{"taxonomy":"post_tag","embeddable":true,"href":"https:\/\/www.muyjujuy.com\/index.php\/wp-json\/wp\/v2\/tags?post=2092"}],"curies":[{"name":"wp","href":"https:\/\/api.w.org\/{rel}","templated":true}]}}