{"id":2099,"date":"2022-11-18T13:36:27","date_gmt":"2022-11-18T16:36:27","guid":{"rendered":"https:\/\/www.muyjujuy.com\/?p=2099"},"modified":"2022-11-18T13:36:33","modified_gmt":"2022-11-18T16:36:33","slug":"el-gobierno-provincial-avanza-en-mejorar-la-gestion-de-frontera-con-chile","status":"publish","type":"post","link":"https:\/\/www.muyjujuy.com\/index.php\/2022\/11\/18\/el-gobierno-provincial-avanza-en-mejorar-la-gestion-de-frontera-con-chile\/","title":{"rendered":"El Gobierno provincial avanza en mejorar la gesti\u00f3n de frontera con Chile"},"content":{"rendered":"\n<p><em>Morales se reuni\u00f3 con la embajadora de Chile en Argentina para avanzar en mejorar la conectividad fronteriza entre la provincia y el pa\u00eds vecino.<\/em><\/p>\n\n\n\n<p>El gobernador de Jujuy, <strong>Gerardo Morales<\/strong>, se reuni\u00f3 con la <strong>Embajada de Chile <\/strong>para una mejor interacci\u00f3n de frontera. El objetivo es agilizar el transporte de equipos que arribar\u00e1n desde China a puertos del pa\u00eds vecino para su posterior traslado a la provincia, a fin de materializar la ampliaci\u00f3n del parque solar Cauchari<\/p>\n\n\n\n<p>El gobernante mantuvo un encuentro con la embajadora de Chile en Argentina, <strong>B\u00e1rbara Figueroa<\/strong>, con el fin de <strong>abordar una nutrida agenda <\/strong>que incluy\u00f3 la operatividad aduanera en el Paso de Jama. <strong>El transporte de cargas entre Jujuy y el pa\u00eds vecino, la integraci\u00f3n tur\u00edstica y operaciones de comercio exterior.<\/strong><\/p>\n\n\n\n<p>Morales reivindic\u00f3 el proceso de integraci\u00f3n regional que involucra a Chile como portal de acceso a los puertos profundos del Pac\u00edfico y v\u00eda directa de acceso a los mercados asi\u00e1ticos.<\/p>\n\n\n\n<p>En este contexto, <strong>Morales y Figueroa dialogaron sobre las capacidades oper\u00e1ticas <\/strong>del complejo fronterizo del Paso de Jama. El desarrollo de proyectos comunes enfocados en la actividad tur\u00edstica y la ampliaci\u00f3n de esquemas de comercializaci\u00f3n de productos locales.<\/p>\n\n\n\n<p>En la oportunidad,<strong> el mandatario hizo especial referencia a la necesidad de optimizar la gesti\u00f3n del transporte de cargas en la zona de frontera.<\/strong> En atenci\u00f3n a la actividad que se avecina con motivo de la ampliaci\u00f3n del complejo solar Cauchari, obra que se traducir\u00e1 en un flujo de 2.000 contenedores que llegar\u00e1n provenientes de China.\u00a0<\/p>\n\n\n\n<p>Para Morales, es menester \u201caceitar\u201d capacidades operativas, a fin de abreviar los tiempos de tramitaci\u00f3n fronteriza, como as\u00ed tambi\u00e9n de arribo e ingreso de cargas en los puertos de Chile.<\/p>\n\n\n\n<p><\/p>\n","protected":false},"excerpt":{"rendered":"<p>Morales se reuni\u00f3 con la embajadora de Chile en Argentina para avanzar en mejorar la conectividad fronteriza entre la provincia y el pa\u00eds vecino. El gobernador de Jujuy, Gerardo Morales, se reuni\u00f3 con la Embajada de Chile para una mejor interacci\u00f3n de frontera. El objetivo es agilizar el transporte de equipos que arribar\u00e1n desde China [&hellip;]<\/p>\n","protected":false},"author":3,"featured_media":2100,"comment_status":"open","ping_status":"open","sticky":false,"template":"","format":"standard","meta":{"footnotes":""},"categories":[24],"tags":[5,8],"class_list":{"0":"post-2099","1":"post","2":"type-post","3":"status-publish","4":"format-standard","5":"has-post-thumbnail","7":"category-politica","8":"tag-gerardo-morales","9":"tag-jujuy"},"yoast_head":"<!-- This site is optimized with the Yoast SEO plugin v27.5 - https:\/\/yoast.com\/product\/yoast-seo-wordpress\/ -->\n<title>El Gobierno provincial avanza en mejorar la gesti\u00f3n de frontera con Chile - Muy Jujuy<\/title>\n<meta name=\"description\" content=\"Morales se reuni\u00f3 con la embajadora de Chile en Argentina para avanzar en mejorar la conectividad fronteriza entre la provincia y el pa\u00eds vecino.\" \/>\n<meta name=\"robots\" content=\"index, follow, max-snippet:-1, max-image-preview:large, max-video-preview:-1\" \/>\n<link rel=\"canonical\" href=\"https:\/\/www.muyjujuy.com\/index.php\/2022\/11\/18\/el-gobierno-provincial-avanza-en-mejorar-la-gestion-de-frontera-con-chile\/\" \/>\n<meta property=\"og:locale\" content=\"es_ES\" \/>\n<meta property=\"og:type\" content=\"article\" \/>\n<meta property=\"og:title\" content=\"El Gobierno provincial avanza en mejorar la gesti\u00f3n de frontera con Chile - Muy Jujuy\" \/>\n<meta property=\"og:description\" content=\"Morales se reuni\u00f3 con la embajadora de Chile en Argentina para avanzar en mejorar la conectividad fronteriza entre la provincia y el pa\u00eds vecino.\" \/>\n<meta property=\"og:url\" content=\"https:\/\/www.muyjujuy.com\/index.php\/2022\/11\/18\/el-gobierno-provincial-avanza-en-mejorar-la-gestion-de-frontera-con-chile\/\" \/>\n<meta property=\"og:site_name\" content=\"Muy Jujuy\" \/>\n<meta property=\"article:publisher\" content=\"https:\/\/www.facebook.com\/muyjujuycom\" \/>\n<meta property=\"article:published_time\" content=\"2022-11-18T16:36:27+00:00\" \/>\n<meta property=\"article:modified_time\" content=\"2022-11-18T16:36:33+00:00\" \/>\n<meta property=\"og:image\" content=\"https:\/\/www.muyjujuy.com\/wp-content\/uploads\/2022\/11\/WhatsApp-Image-2022-11-18-at-13.34.14.jpeg\" \/>\n\t<meta property=\"og:image:width\" content=\"1200\" \/>\n\t<meta property=\"og:image:height\" content=\"927\" \/>\n\t<meta property=\"og:image:type\" content=\"image\/jpeg\" \/>\n<meta name=\"author\" content=\"Redacci\u00f3n Muy Jujuy\" \/>\n<meta name=\"twitter:card\" content=\"summary_large_image\" \/>\n<meta name=\"twitter:creator\" content=\"@muyjujuy\" \/>\n<meta name=\"twitter:site\" content=\"@muyjujuy\" \/>\n<meta name=\"twitter:label1\" content=\"Escrito por\" \/>\n\t<meta name=\"twitter:data1\" content=\"Redacci\u00f3n Muy Jujuy\" \/>\n\t<meta name=\"twitter:label2\" content=\"Tiempo de lectura\" \/>\n\t<meta name=\"twitter:data2\" content=\"2 minutos\" \/>\n<script type=\"application\/ld+json\" class=\"yoast-schema-graph\">{\"@context\":\"https:\\\/\\\/schema.org\",\"@graph\":[{\"@type\":\"Article\",\"@id\":\"https:\\\/\\\/www.muyjujuy.com\\\/index.php\\\/2022\\\/11\\\/18\\\/el-gobierno-provincial-avanza-en-mejorar-la-gestion-de-frontera-con-chile\\\/#article\",\"isPartOf\":{\"@id\":\"https:\\\/\\\/www.muyjujuy.com\\\/index.php\\\/2022\\\/11\\\/18\\\/el-gobierno-provincial-avanza-en-mejorar-la-gestion-de-frontera-con-chile\\\/\"},\"author\":{\"name\":\"Redacci\u00f3n Muy Jujuy\",\"@id\":\"https:\\\/\\\/www.muyjujuy.com\\\/#\\\/schema\\\/person\\\/1d0f6e223ccea9e3f9034c1a5b683bf2\"},\"headline\":\"El Gobierno provincial avanza en mejorar la gesti\u00f3n de frontera con Chile\",\"datePublished\":\"2022-11-18T16:36:27+00:00\",\"dateModified\":\"2022-11-18T16:36:33+00:00\",\"mainEntityOfPage\":{\"@id\":\"https:\\\/\\\/www.muyjujuy.com\\\/index.php\\\/2022\\\/11\\\/18\\\/el-gobierno-provincial-avanza-en-mejorar-la-gestion-de-frontera-con-chile\\\/\"},\"wordCount\":316,\"commentCount\":0,\"publisher\":{\"@id\":\"https:\\\/\\\/www.muyjujuy.com\\\/#organization\"},\"image\":{\"@id\":\"https:\\\/\\\/www.muyjujuy.com\\\/index.php\\\/2022\\\/11\\\/18\\\/el-gobierno-provincial-avanza-en-mejorar-la-gestion-de-frontera-con-chile\\\/#primaryimage\"},\"thumbnailUrl\":\"https:\\\/\\\/www.muyjujuy.com\\\/wp-content\\\/uploads\\\/2022\\\/11\\\/WhatsApp-Image-2022-11-18-at-13.34.14.jpeg\",\"keywords\":[\"Gerardo Morales\",\"Jujuy\"],\"articleSection\":[\"Pol\u00edtica\"],\"inLanguage\":\"es-AR\",\"potentialAction\":[{\"@type\":\"CommentAction\",\"name\":\"Comment\",\"target\":[\"https:\\\/\\\/www.muyjujuy.com\\\/index.php\\\/2022\\\/11\\\/18\\\/el-gobierno-provincial-avanza-en-mejorar-la-gestion-de-frontera-con-chile\\\/#respond\"]}]},{\"@type\":\"WebPage\",\"@id\":\"https:\\\/\\\/www.muyjujuy.com\\\/index.php\\\/2022\\\/11\\\/18\\\/el-gobierno-provincial-avanza-en-mejorar-la-gestion-de-frontera-con-chile\\\/\",\"url\":\"https:\\\/\\\/www.muyjujuy.com\\\/index.php\\\/2022\\\/11\\\/18\\\/el-gobierno-provincial-avanza-en-mejorar-la-gestion-de-frontera-con-chile\\\/\",\"name\":\"El Gobierno provincial avanza en mejorar la gesti\u00f3n de frontera con Chile - Muy Jujuy\",\"isPartOf\":{\"@id\":\"https:\\\/\\\/www.muyjujuy.com\\\/#website\"},\"primaryImageOfPage\":{\"@id\":\"https:\\\/\\\/www.muyjujuy.com\\\/index.php\\\/2022\\\/11\\\/18\\\/el-gobierno-provincial-avanza-en-mejorar-la-gestion-de-frontera-con-chile\\\/#primaryimage\"},\"image\":{\"@id\":\"https:\\\/\\\/www.muyjujuy.com\\\/index.php\\\/2022\\\/11\\\/18\\\/el-gobierno-provincial-avanza-en-mejorar-la-gestion-de-frontera-con-chile\\\/#primaryimage\"},\"thumbnailUrl\":\"https:\\\/\\\/www.muyjujuy.com\\\/wp-content\\\/uploads\\\/2022\\\/11\\\/WhatsApp-Image-2022-11-18-at-13.34.14.jpeg\",\"datePublished\":\"2022-11-18T16:36:27+00:00\",\"dateModified\":\"2022-11-18T16:36:33+00:00\",\"description\":\"Morales se reuni\u00f3 con la embajadora de Chile en Argentina para avanzar en mejorar la conectividad fronteriza entre la provincia y el pa\u00eds vecino.\",\"breadcrumb\":{\"@id\":\"https:\\\/\\\/www.muyjujuy.com\\\/index.php\\\/2022\\\/11\\\/18\\\/el-gobierno-provincial-avanza-en-mejorar-la-gestion-de-frontera-con-chile\\\/#breadcrumb\"},\"inLanguage\":\"es-AR\",\"potentialAction\":[{\"@type\":\"ReadAction\",\"target\":[\"https:\\\/\\\/www.muyjujuy.com\\\/index.php\\\/2022\\\/11\\\/18\\\/el-gobierno-provincial-avanza-en-mejorar-la-gestion-de-frontera-con-chile\\\/\"]}]},{\"@type\":\"ImageObject\",\"inLanguage\":\"es-AR\",\"@id\":\"https:\\\/\\\/www.muyjujuy.com\\\/index.php\\\/2022\\\/11\\\/18\\\/el-gobierno-provincial-avanza-en-mejorar-la-gestion-de-frontera-con-chile\\\/#primaryimage\",\"url\":\"https:\\\/\\\/www.muyjujuy.com\\\/wp-content\\\/uploads\\\/2022\\\/11\\\/WhatsApp-Image-2022-11-18-at-13.34.14.jpeg\",\"contentUrl\":\"https:\\\/\\\/www.muyjujuy.com\\\/wp-content\\\/uploads\\\/2022\\\/11\\\/WhatsApp-Image-2022-11-18-at-13.34.14.jpeg\",\"width\":1200,\"height\":927},{\"@type\":\"BreadcrumbList\",\"@id\":\"https:\\\/\\\/www.muyjujuy.com\\\/index.php\\\/2022\\\/11\\\/18\\\/el-gobierno-provincial-avanza-en-mejorar-la-gestion-de-frontera-con-chile\\\/#breadcrumb\",\"itemListElement\":[{\"@type\":\"ListItem\",\"position\":1,\"name\":\"Inicio\",\"item\":\"https:\\\/\\\/www.muyjujuy.com\\\/\"},{\"@type\":\"ListItem\",\"position\":2,\"name\":\"El Gobierno provincial avanza en mejorar la gesti\u00f3n de frontera con Chile\"}]},{\"@type\":\"WebSite\",\"@id\":\"https:\\\/\\\/www.muyjujuy.com\\\/#website\",\"url\":\"https:\\\/\\\/www.muyjujuy.com\\\/\",\"name\":\"Muy Jujuy\",\"description\":\"\",\"publisher\":{\"@id\":\"https:\\\/\\\/www.muyjujuy.com\\\/#organization\"},\"potentialAction\":[{\"@type\":\"SearchAction\",\"target\":{\"@type\":\"EntryPoint\",\"urlTemplate\":\"https:\\\/\\\/www.muyjujuy.com\\\/?s={search_term_string}\"},\"query-input\":{\"@type\":\"PropertyValueSpecification\",\"valueRequired\":true,\"valueName\":\"search_term_string\"}}],\"inLanguage\":\"es-AR\"},{\"@type\":\"Organization\",\"@id\":\"https:\\\/\\\/www.muyjujuy.com\\\/#organization\",\"name\":\"Muy Jujuy\",\"url\":\"https:\\\/\\\/www.muyjujuy.com\\\/\",\"logo\":{\"@type\":\"ImageObject\",\"inLanguage\":\"es-AR\",\"@id\":\"https:\\\/\\\/www.muyjujuy.com\\\/#\\\/schema\\\/logo\\\/image\\\/\",\"url\":\"http:\\\/\\\/www.muyjujuy.com\\\/wp-content\\\/uploads\\\/2022\\\/05\\\/logo-mobil-jujuy.png\",\"contentUrl\":\"http:\\\/\\\/www.muyjujuy.com\\\/wp-content\\\/uploads\\\/2022\\\/05\\\/logo-mobil-jujuy.png\",\"width\":174,\"height\":81,\"caption\":\"Muy Jujuy\"},\"image\":{\"@id\":\"https:\\\/\\\/www.muyjujuy.com\\\/#\\\/schema\\\/logo\\\/image\\\/\"},\"sameAs\":[\"https:\\\/\\\/www.facebook.com\\\/muyjujuycom\",\"https:\\\/\\\/x.com\\\/muyjujuy\",\"https:\\\/\\\/www.instagram.com\\\/muyjujuycom\"]},{\"@type\":\"Person\",\"@id\":\"https:\\\/\\\/www.muyjujuy.com\\\/#\\\/schema\\\/person\\\/1d0f6e223ccea9e3f9034c1a5b683bf2\",\"name\":\"Redacci\u00f3n Muy Jujuy\",\"image\":{\"@type\":\"ImageObject\",\"inLanguage\":\"es-AR\",\"@id\":\"https:\\\/\\\/secure.gravatar.com\\\/avatar\\\/fec5f6f1893d741ed5eecccff109ce43e67a855411202a3212a058cb8e5c27d4?s=96&d=mm&r=g\",\"url\":\"https:\\\/\\\/secure.gravatar.com\\\/avatar\\\/fec5f6f1893d741ed5eecccff109ce43e67a855411202a3212a058cb8e5c27d4?s=96&d=mm&r=g\",\"contentUrl\":\"https:\\\/\\\/secure.gravatar.com\\\/avatar\\\/fec5f6f1893d741ed5eecccff109ce43e67a855411202a3212a058cb8e5c27d4?s=96&d=mm&r=g\",\"caption\":\"Redacci\u00f3n Muy Jujuy\"},\"url\":\"https:\\\/\\\/www.muyjujuy.com\\\/index.php\\\/author\\\/editor\\\/\"}]}<\/script>\n<!-- \/ Yoast SEO plugin. -->","yoast_head_json":{"title":"El Gobierno provincial avanza en mejorar la gesti\u00f3n de frontera con Chile - Muy Jujuy","description":"Morales se reuni\u00f3 con la embajadora de Chile en Argentina para avanzar en mejorar la conectividad fronteriza entre la provincia y el pa\u00eds vecino.","robots":{"index":"index","follow":"follow","max-snippet":"max-snippet:-1","max-image-preview":"max-image-preview:large","max-video-preview":"max-video-preview:-1"},"canonical":"https:\/\/www.muyjujuy.com\/index.php\/2022\/11\/18\/el-gobierno-provincial-avanza-en-mejorar-la-gestion-de-frontera-con-chile\/","og_locale":"es_ES","og_type":"article","og_title":"El Gobierno provincial avanza en mejorar la gesti\u00f3n de frontera con Chile - Muy Jujuy","og_description":"Morales se reuni\u00f3 con la embajadora de Chile en Argentina para avanzar en mejorar la conectividad fronteriza entre la provincia y el pa\u00eds vecino.","og_url":"https:\/\/www.muyjujuy.com\/index.php\/2022\/11\/18\/el-gobierno-provincial-avanza-en-mejorar-la-gestion-de-frontera-con-chile\/","og_site_name":"Muy Jujuy","article_publisher":"https:\/\/www.facebook.com\/muyjujuycom","article_published_time":"2022-11-18T16:36:27+00:00","article_modified_time":"2022-11-18T16:36:33+00:00","og_image":[{"width":1200,"height":927,"url":"https:\/\/www.muyjujuy.com\/wp-content\/uploads\/2022\/11\/WhatsApp-Image-2022-11-18-at-13.34.14.jpeg","type":"image\/jpeg"}],"author":"Redacci\u00f3n Muy Jujuy","twitter_card":"summary_large_image","twitter_creator":"@muyjujuy","twitter_site":"@muyjujuy","twitter_misc":{"Escrito por":"Redacci\u00f3n Muy Jujuy","Tiempo de lectura":"2 minutos"},"schema":{"@context":"https:\/\/schema.org","@graph":[{"@type":"Article","@id":"https:\/\/www.muyjujuy.com\/index.php\/2022\/11\/18\/el-gobierno-provincial-avanza-en-mejorar-la-gestion-de-frontera-con-chile\/#article","isPartOf":{"@id":"https:\/\/www.muyjujuy.com\/index.php\/2022\/11\/18\/el-gobierno-provincial-avanza-en-mejorar-la-gestion-de-frontera-con-chile\/"},"author":{"name":"Redacci\u00f3n Muy Jujuy","@id":"https:\/\/www.muyjujuy.com\/#\/schema\/person\/1d0f6e223ccea9e3f9034c1a5b683bf2"},"headline":"El Gobierno provincial avanza en mejorar la gesti\u00f3n de frontera con Chile","datePublished":"2022-11-18T16:36:27+00:00","dateModified":"2022-11-18T16:36:33+00:00","mainEntityOfPage":{"@id":"https:\/\/www.muyjujuy.com\/index.php\/2022\/11\/18\/el-gobierno-provincial-avanza-en-mejorar-la-gestion-de-frontera-con-chile\/"},"wordCount":316,"commentCount":0,"publisher":{"@id":"https:\/\/www.muyjujuy.com\/#organization"},"image":{"@id":"https:\/\/www.muyjujuy.com\/index.php\/2022\/11\/18\/el-gobierno-provincial-avanza-en-mejorar-la-gestion-de-frontera-con-chile\/#primaryimage"},"thumbnailUrl":"https:\/\/www.muyjujuy.com\/wp-content\/uploads\/2022\/11\/WhatsApp-Image-2022-11-18-at-13.34.14.jpeg","keywords":["Gerardo Morales","Jujuy"],"articleSection":["Pol\u00edtica"],"inLanguage":"es-AR","potentialAction":[{"@type":"CommentAction","name":"Comment","target":["https:\/\/www.muyjujuy.com\/index.php\/2022\/11\/18\/el-gobierno-provincial-avanza-en-mejorar-la-gestion-de-frontera-con-chile\/#respond"]}]},{"@type":"WebPage","@id":"https:\/\/www.muyjujuy.com\/index.php\/2022\/11\/18\/el-gobierno-provincial-avanza-en-mejorar-la-gestion-de-frontera-con-chile\/","url":"https:\/\/www.muyjujuy.com\/index.php\/2022\/11\/18\/el-gobierno-provincial-avanza-en-mejorar-la-gestion-de-frontera-con-chile\/","name":"El Gobierno provincial avanza en mejorar la gesti\u00f3n de frontera con Chile - Muy Jujuy","isPartOf":{"@id":"https:\/\/www.muyjujuy.com\/#website"},"primaryImageOfPage":{"@id":"https:\/\/www.muyjujuy.com\/index.php\/2022\/11\/18\/el-gobierno-provincial-avanza-en-mejorar-la-gestion-de-frontera-con-chile\/#primaryimage"},"image":{"@id":"https:\/\/www.muyjujuy.com\/index.php\/2022\/11\/18\/el-gobierno-provincial-avanza-en-mejorar-la-gestion-de-frontera-con-chile\/#primaryimage"},"thumbnailUrl":"https:\/\/www.muyjujuy.com\/wp-content\/uploads\/2022\/11\/WhatsApp-Image-2022-11-18-at-13.34.14.jpeg","datePublished":"2022-11-18T16:36:27+00:00","dateModified":"2022-11-18T16:36:33+00:00","description":"Morales se reuni\u00f3 con la embajadora de Chile en Argentina para avanzar en mejorar la conectividad fronteriza entre la provincia y el pa\u00eds vecino.","breadcrumb":{"@id":"https:\/\/www.muyjujuy.com\/index.php\/2022\/11\/18\/el-gobierno-provincial-avanza-en-mejorar-la-gestion-de-frontera-con-chile\/#breadcrumb"},"inLanguage":"es-AR","potentialAction":[{"@type":"ReadAction","target":["https:\/\/www.muyjujuy.com\/index.php\/2022\/11\/18\/el-gobierno-provincial-avanza-en-mejorar-la-gestion-de-frontera-con-chile\/"]}]},{"@type":"ImageObject","inLanguage":"es-AR","@id":"https:\/\/www.muyjujuy.com\/index.php\/2022\/11\/18\/el-gobierno-provincial-avanza-en-mejorar-la-gestion-de-frontera-con-chile\/#primaryimage","url":"https:\/\/www.muyjujuy.com\/wp-content\/uploads\/2022\/11\/WhatsApp-Image-2022-11-18-at-13.34.14.jpeg","contentUrl":"https:\/\/www.muyjujuy.com\/wp-content\/uploads\/2022\/11\/WhatsApp-Image-2022-11-18-at-13.34.14.jpeg","width":1200,"height":927},{"@type":"BreadcrumbList","@id":"https:\/\/www.muyjujuy.com\/index.php\/2022\/11\/18\/el-gobierno-provincial-avanza-en-mejorar-la-gestion-de-frontera-con-chile\/#breadcrumb","itemListElement":[{"@type":"ListItem","position":1,"name":"Inicio","item":"https:\/\/www.muyjujuy.com\/"},{"@type":"ListItem","position":2,"name":"El Gobierno provincial avanza en mejorar la gesti\u00f3n de frontera con Chile"}]},{"@type":"WebSite","@id":"https:\/\/www.muyjujuy.com\/#website","url":"https:\/\/www.muyjujuy.com\/","name":"Muy Jujuy","description":"","publisher":{"@id":"https:\/\/www.muyjujuy.com\/#organization"},"potentialAction":[{"@type":"SearchAction","target":{"@type":"EntryPoint","urlTemplate":"https:\/\/www.muyjujuy.com\/?s={search_term_string}"},"query-input":{"@type":"PropertyValueSpecification","valueRequired":true,"valueName":"search_term_string"}}],"inLanguage":"es-AR"},{"@type":"Organization","@id":"https:\/\/www.muyjujuy.com\/#organization","name":"Muy Jujuy","url":"https:\/\/www.muyjujuy.com\/","logo":{"@type":"ImageObject","inLanguage":"es-AR","@id":"https:\/\/www.muyjujuy.com\/#\/schema\/logo\/image\/","url":"http:\/\/www.muyjujuy.com\/wp-content\/uploads\/2022\/05\/logo-mobil-jujuy.png","contentUrl":"http:\/\/www.muyjujuy.com\/wp-content\/uploads\/2022\/05\/logo-mobil-jujuy.png","width":174,"height":81,"caption":"Muy Jujuy"},"image":{"@id":"https:\/\/www.muyjujuy.com\/#\/schema\/logo\/image\/"},"sameAs":["https:\/\/www.facebook.com\/muyjujuycom","https:\/\/x.com\/muyjujuy","https:\/\/www.instagram.com\/muyjujuycom"]},{"@type":"Person","@id":"https:\/\/www.muyjujuy.com\/#\/schema\/person\/1d0f6e223ccea9e3f9034c1a5b683bf2","name":"Redacci\u00f3n Muy Jujuy","image":{"@type":"ImageObject","inLanguage":"es-AR","@id":"https:\/\/secure.gravatar.com\/avatar\/fec5f6f1893d741ed5eecccff109ce43e67a855411202a3212a058cb8e5c27d4?s=96&d=mm&r=g","url":"https:\/\/secure.gravatar.com\/avatar\/fec5f6f1893d741ed5eecccff109ce43e67a855411202a3212a058cb8e5c27d4?s=96&d=mm&r=g","contentUrl":"https:\/\/secure.gravatar.com\/avatar\/fec5f6f1893d741ed5eecccff109ce43e67a855411202a3212a058cb8e5c27d4?s=96&d=mm&r=g","caption":"Redacci\u00f3n Muy Jujuy"},"url":"https:\/\/www.muyjujuy.com\/index.php\/author\/editor\/"}]}},"_links":{"self":[{"href":"https:\/\/www.muyjujuy.com\/index.php\/wp-json\/wp\/v2\/posts\/2099","targetHints":{"allow":["GET"]}}],"collection":[{"href":"https:\/\/www.muyjujuy.com\/index.php\/wp-json\/wp\/v2\/posts"}],"about":[{"href":"https:\/\/www.muyjujuy.com\/index.php\/wp-json\/wp\/v2\/types\/post"}],"author":[{"embeddable":true,"href":"https:\/\/www.muyjujuy.com\/index.php\/wp-json\/wp\/v2\/users\/3"}],"replies":[{"embeddable":true,"href":"https:\/\/www.muyjujuy.com\/index.php\/wp-json\/wp\/v2\/comments?post=2099"}],"version-history":[{"count":1,"href":"https:\/\/www.muyjujuy.com\/index.php\/wp-json\/wp\/v2\/posts\/2099\/revisions"}],"predecessor-version":[{"id":2101,"href":"https:\/\/www.muyjujuy.com\/index.php\/wp-json\/wp\/v2\/posts\/2099\/revisions\/2101"}],"wp:featuredmedia":[{"embeddable":true,"href":"https:\/\/www.muyjujuy.com\/index.php\/wp-json\/wp\/v2\/media\/2100"}],"wp:attachment":[{"href":"https:\/\/www.muyjujuy.com\/index.php\/wp-json\/wp\/v2\/media?parent=2099"}],"wp:term":[{"taxonomy":"category","embeddable":true,"href":"https:\/\/www.muyjujuy.com\/index.php\/wp-json\/wp\/v2\/categories?post=2099"},{"taxonomy":"post_tag","embeddable":true,"href":"https:\/\/www.muyjujuy.com\/index.php\/wp-json\/wp\/v2\/tags?post=2099"}],"curies":[{"name":"wp","href":"https:\/\/api.w.org\/{rel}","templated":true}]}}