{"id":2115,"date":"2022-11-21T16:08:13","date_gmt":"2022-11-21T19:08:13","guid":{"rendered":"https:\/\/www.muyjujuy.com\/?p=2115"},"modified":"2022-11-21T16:08:15","modified_gmt":"2022-11-21T19:08:15","slug":"el-gobierno-de-jujuy-refuerza-los-trabajo-ante-los-incendios-en-salta","status":"publish","type":"post","link":"https:\/\/www.muyjujuy.com\/index.php\/2022\/11\/21\/el-gobierno-de-jujuy-refuerza-los-trabajo-ante-los-incendios-en-salta\/","title":{"rendered":"El Gobierno de Jujuy refuerza los trabajo ante los incendios en Salta"},"content":{"rendered":"\n<p><em>Morales encabez\u00f3 el encuentro con diferentes equipos de trabajo para combatir los incendios en la Provincia.<\/em><\/p>\n\n\n\n<p>El gobernador de Jujuy, <strong>Gerardo Morales,<\/strong> presidi\u00f3 una reuni\u00f3n plenaria donde <strong>se ratificaron las estrategias de trabajo ante los incendios que tiene la provincia en sus diferentes regiones. <\/strong>El principal el incendio proviene de Colonia Santa Rosa, Salta, que ingres\u00f3 en alarma nacional por su magnitud.<\/p>\n\n\n\n<p>En ese sentido, la ministra de Ambiente provincial, <strong>Mar\u00eda In\u00e9s Zigar\u00e1n<\/strong>, expres\u00f3 que en la reuni\u00f3n de gabinete su cartera present\u00f3 un informe sobre los diferentes incendios que hay en la provincia. En ese marco, Zigar\u00e1n acentu\u00f3 en la tarea y el operativo desplegados. <strong>\u201cHay un trabajo coordinado con los diferentes ministerios y estamos preparando una diversidad de acciones juntos\u201d, <\/strong>precis\u00f3.<\/p>\n\n\n\n<p>Ante la situaci\u00f3n de sequ\u00eda dijo que el panorama es<strong> &#8220;muy complejo, se viene profundizando y es una sequ\u00eda hist\u00f3rica\u201d,<\/strong> advirti\u00f3. Enfatiz\u00f3: &#8220;Hay un trabajo tit\u00e1nico de todo el cuerpo de gobierno para asistir a la poblaci\u00f3n frente a la eventualidad\u201d.<\/p>\n\n\n\n<p>Asimismo, solicit\u00f3 a la poblaci\u00f3n el uso responsable del fuego<strong>. \u201cNo utilicen el fuego en las \u00e1reas boscosas, en \u00e1reas de pastizales, no quemen basura\u201d,<\/strong> remarc\u00f3 la funcionaria.\u00a0<\/p>\n\n\n\n<h2 class=\"wp-block-heading\"><strong>Incendios en Salta<\/strong><\/h2>\n\n\n\n<p>En referencia al fuego que proviene de la vecina provincia de Salta, indic\u00f3 que <strong>&#8220;afect\u00f3 la Finca La Abandonada, la Finca La Iguana, <\/strong>por ello seguimos trabajando en la zona con nuestros brigadistas\u201d.\u00a0<\/p>\n\n\n\n<p>Con respecto a los diferentes focos que hay en Jujuy, detall\u00f3: <strong>&#8220;Estamos trabajando con nuestros brigadistas, bomberos voluntarios <\/strong>y con personal de los diferentes ministerios&#8221;.  Por lo cual es necesario mantener la tranquilidad, &#8220;ya que estamos trabajando desde el Gobierno de la Provincia, para reducir la ocurrencia, abordar los incendios existentes y garantizar la seguridad ciudadana, especialmente de la comunidad de El Bananal\u201d.\u00a0<\/p>\n\n\n\n<p>\u201cVamos a seguir trabajando para que el fuego no siga avanzando en zona de vegetaci\u00f3n, afectando la biodiversidad\u201d, concluy\u00f3 Zigar\u00e1n.&nbsp;<\/p>\n\n\n\n<p>En otro orden, el director de Incendios de Vegetaci\u00f3n y Emergencias Ambientales, Alejandro Cooke, indic\u00f3 que el incendio de Colonia Santa Rosa \u201cya salt\u00f3 el R\u00edo Piedra, ingres\u00f3 por tres puntos distintos que abarcan desde la Finca La Abandonada hasta la Finca La Iguana, pegadas a El Bananal\u201d, y agreg\u00f3 que \u201cnuestros brigadistas est\u00e1n protegiendo la zona de El Bananal, como tambi\u00e9n, lugares aleda\u00f1os, pero principalmente se protegen las viviendas. Hicimos una brecha, es decir un contrafuego para contrarrestar\u201d, expres\u00f3 Cooke.\u00a0<\/p>\n","protected":false},"excerpt":{"rendered":"<p>Morales encabez\u00f3 el encuentro con diferentes equipos de trabajo para combatir los incendios en la Provincia. El gobernador de Jujuy, Gerardo Morales, presidi\u00f3 una reuni\u00f3n plenaria donde se ratificaron las estrategias de trabajo ante los incendios que tiene la provincia en sus diferentes regiones. El principal el incendio proviene de Colonia Santa Rosa, Salta, que [&hellip;]<\/p>\n","protected":false},"author":3,"featured_media":2116,"comment_status":"open","ping_status":"open","sticky":false,"template":"","format":"standard","meta":{"footnotes":""},"categories":[24],"tags":[5,8],"class_list":{"0":"post-2115","1":"post","2":"type-post","3":"status-publish","4":"format-standard","5":"has-post-thumbnail","7":"category-politica","8":"tag-gerardo-morales","9":"tag-jujuy"},"yoast_head":"<!-- This site is optimized with the Yoast SEO plugin v27.5 - https:\/\/yoast.com\/product\/yoast-seo-wordpress\/ -->\n<title>El Gobierno de Jujuy refuerza los trabajo ante los incendios en Salta - Muy Jujuy<\/title>\n<meta name=\"description\" content=\"Morales encabez\u00f3 el encuentro con diferentes equipos de trabajo para combatir los incendios en la Provincia.\" \/>\n<meta name=\"robots\" content=\"index, follow, max-snippet:-1, max-image-preview:large, max-video-preview:-1\" \/>\n<link rel=\"canonical\" href=\"https:\/\/www.muyjujuy.com\/index.php\/2022\/11\/21\/el-gobierno-de-jujuy-refuerza-los-trabajo-ante-los-incendios-en-salta\/\" \/>\n<meta property=\"og:locale\" content=\"es_ES\" \/>\n<meta property=\"og:type\" content=\"article\" \/>\n<meta property=\"og:title\" content=\"El Gobierno de Jujuy refuerza los trabajo ante los incendios en Salta - Muy Jujuy\" \/>\n<meta property=\"og:description\" content=\"Morales encabez\u00f3 el encuentro con diferentes equipos de trabajo para combatir los incendios en la Provincia.\" \/>\n<meta property=\"og:url\" content=\"https:\/\/www.muyjujuy.com\/index.php\/2022\/11\/21\/el-gobierno-de-jujuy-refuerza-los-trabajo-ante-los-incendios-en-salta\/\" \/>\n<meta property=\"og:site_name\" content=\"Muy Jujuy\" \/>\n<meta property=\"article:publisher\" content=\"https:\/\/www.facebook.com\/muyjujuycom\" \/>\n<meta property=\"article:published_time\" content=\"2022-11-21T19:08:13+00:00\" \/>\n<meta property=\"article:modified_time\" content=\"2022-11-21T19:08:15+00:00\" \/>\n<meta property=\"og:image\" content=\"https:\/\/www.muyjujuy.com\/wp-content\/uploads\/2022\/11\/WhatsApp-Image-2022-11-21-at-15.56.55.jpeg\" \/>\n\t<meta property=\"og:image:width\" content=\"1200\" \/>\n\t<meta property=\"og:image:height\" content=\"675\" \/>\n\t<meta property=\"og:image:type\" content=\"image\/jpeg\" \/>\n<meta name=\"author\" content=\"Redacci\u00f3n Muy Jujuy\" \/>\n<meta name=\"twitter:card\" content=\"summary_large_image\" \/>\n<meta name=\"twitter:creator\" content=\"@muyjujuy\" \/>\n<meta name=\"twitter:site\" content=\"@muyjujuy\" \/>\n<meta name=\"twitter:label1\" content=\"Escrito por\" \/>\n\t<meta name=\"twitter:data1\" content=\"Redacci\u00f3n Muy Jujuy\" \/>\n\t<meta name=\"twitter:label2\" content=\"Tiempo de lectura\" \/>\n\t<meta name=\"twitter:data2\" content=\"2 minutos\" \/>\n<script type=\"application\/ld+json\" class=\"yoast-schema-graph\">{\"@context\":\"https:\\\/\\\/schema.org\",\"@graph\":[{\"@type\":\"Article\",\"@id\":\"https:\\\/\\\/www.muyjujuy.com\\\/index.php\\\/2022\\\/11\\\/21\\\/el-gobierno-de-jujuy-refuerza-los-trabajo-ante-los-incendios-en-salta\\\/#article\",\"isPartOf\":{\"@id\":\"https:\\\/\\\/www.muyjujuy.com\\\/index.php\\\/2022\\\/11\\\/21\\\/el-gobierno-de-jujuy-refuerza-los-trabajo-ante-los-incendios-en-salta\\\/\"},\"author\":{\"name\":\"Redacci\u00f3n Muy Jujuy\",\"@id\":\"https:\\\/\\\/www.muyjujuy.com\\\/#\\\/schema\\\/person\\\/1d0f6e223ccea9e3f9034c1a5b683bf2\"},\"headline\":\"El Gobierno de Jujuy refuerza los trabajo ante los incendios en Salta\",\"datePublished\":\"2022-11-21T19:08:13+00:00\",\"dateModified\":\"2022-11-21T19:08:15+00:00\",\"mainEntityOfPage\":{\"@id\":\"https:\\\/\\\/www.muyjujuy.com\\\/index.php\\\/2022\\\/11\\\/21\\\/el-gobierno-de-jujuy-refuerza-los-trabajo-ante-los-incendios-en-salta\\\/\"},\"wordCount\":425,\"commentCount\":0,\"publisher\":{\"@id\":\"https:\\\/\\\/www.muyjujuy.com\\\/#organization\"},\"image\":{\"@id\":\"https:\\\/\\\/www.muyjujuy.com\\\/index.php\\\/2022\\\/11\\\/21\\\/el-gobierno-de-jujuy-refuerza-los-trabajo-ante-los-incendios-en-salta\\\/#primaryimage\"},\"thumbnailUrl\":\"https:\\\/\\\/www.muyjujuy.com\\\/wp-content\\\/uploads\\\/2022\\\/11\\\/WhatsApp-Image-2022-11-21-at-15.56.55.jpeg\",\"keywords\":[\"Gerardo Morales\",\"Jujuy\"],\"articleSection\":[\"Pol\u00edtica\"],\"inLanguage\":\"es-AR\",\"potentialAction\":[{\"@type\":\"CommentAction\",\"name\":\"Comment\",\"target\":[\"https:\\\/\\\/www.muyjujuy.com\\\/index.php\\\/2022\\\/11\\\/21\\\/el-gobierno-de-jujuy-refuerza-los-trabajo-ante-los-incendios-en-salta\\\/#respond\"]}]},{\"@type\":\"WebPage\",\"@id\":\"https:\\\/\\\/www.muyjujuy.com\\\/index.php\\\/2022\\\/11\\\/21\\\/el-gobierno-de-jujuy-refuerza-los-trabajo-ante-los-incendios-en-salta\\\/\",\"url\":\"https:\\\/\\\/www.muyjujuy.com\\\/index.php\\\/2022\\\/11\\\/21\\\/el-gobierno-de-jujuy-refuerza-los-trabajo-ante-los-incendios-en-salta\\\/\",\"name\":\"El Gobierno de Jujuy refuerza los trabajo ante los incendios en Salta - Muy Jujuy\",\"isPartOf\":{\"@id\":\"https:\\\/\\\/www.muyjujuy.com\\\/#website\"},\"primaryImageOfPage\":{\"@id\":\"https:\\\/\\\/www.muyjujuy.com\\\/index.php\\\/2022\\\/11\\\/21\\\/el-gobierno-de-jujuy-refuerza-los-trabajo-ante-los-incendios-en-salta\\\/#primaryimage\"},\"image\":{\"@id\":\"https:\\\/\\\/www.muyjujuy.com\\\/index.php\\\/2022\\\/11\\\/21\\\/el-gobierno-de-jujuy-refuerza-los-trabajo-ante-los-incendios-en-salta\\\/#primaryimage\"},\"thumbnailUrl\":\"https:\\\/\\\/www.muyjujuy.com\\\/wp-content\\\/uploads\\\/2022\\\/11\\\/WhatsApp-Image-2022-11-21-at-15.56.55.jpeg\",\"datePublished\":\"2022-11-21T19:08:13+00:00\",\"dateModified\":\"2022-11-21T19:08:15+00:00\",\"description\":\"Morales encabez\u00f3 el encuentro con diferentes equipos de trabajo para combatir los incendios en la Provincia.\",\"breadcrumb\":{\"@id\":\"https:\\\/\\\/www.muyjujuy.com\\\/index.php\\\/2022\\\/11\\\/21\\\/el-gobierno-de-jujuy-refuerza-los-trabajo-ante-los-incendios-en-salta\\\/#breadcrumb\"},\"inLanguage\":\"es-AR\",\"potentialAction\":[{\"@type\":\"ReadAction\",\"target\":[\"https:\\\/\\\/www.muyjujuy.com\\\/index.php\\\/2022\\\/11\\\/21\\\/el-gobierno-de-jujuy-refuerza-los-trabajo-ante-los-incendios-en-salta\\\/\"]}]},{\"@type\":\"ImageObject\",\"inLanguage\":\"es-AR\",\"@id\":\"https:\\\/\\\/www.muyjujuy.com\\\/index.php\\\/2022\\\/11\\\/21\\\/el-gobierno-de-jujuy-refuerza-los-trabajo-ante-los-incendios-en-salta\\\/#primaryimage\",\"url\":\"https:\\\/\\\/www.muyjujuy.com\\\/wp-content\\\/uploads\\\/2022\\\/11\\\/WhatsApp-Image-2022-11-21-at-15.56.55.jpeg\",\"contentUrl\":\"https:\\\/\\\/www.muyjujuy.com\\\/wp-content\\\/uploads\\\/2022\\\/11\\\/WhatsApp-Image-2022-11-21-at-15.56.55.jpeg\",\"width\":1200,\"height\":675},{\"@type\":\"BreadcrumbList\",\"@id\":\"https:\\\/\\\/www.muyjujuy.com\\\/index.php\\\/2022\\\/11\\\/21\\\/el-gobierno-de-jujuy-refuerza-los-trabajo-ante-los-incendios-en-salta\\\/#breadcrumb\",\"itemListElement\":[{\"@type\":\"ListItem\",\"position\":1,\"name\":\"Inicio\",\"item\":\"https:\\\/\\\/www.muyjujuy.com\\\/\"},{\"@type\":\"ListItem\",\"position\":2,\"name\":\"El Gobierno de Jujuy refuerza los trabajo ante los incendios en Salta\"}]},{\"@type\":\"WebSite\",\"@id\":\"https:\\\/\\\/www.muyjujuy.com\\\/#website\",\"url\":\"https:\\\/\\\/www.muyjujuy.com\\\/\",\"name\":\"Muy Jujuy\",\"description\":\"\",\"publisher\":{\"@id\":\"https:\\\/\\\/www.muyjujuy.com\\\/#organization\"},\"potentialAction\":[{\"@type\":\"SearchAction\",\"target\":{\"@type\":\"EntryPoint\",\"urlTemplate\":\"https:\\\/\\\/www.muyjujuy.com\\\/?s={search_term_string}\"},\"query-input\":{\"@type\":\"PropertyValueSpecification\",\"valueRequired\":true,\"valueName\":\"search_term_string\"}}],\"inLanguage\":\"es-AR\"},{\"@type\":\"Organization\",\"@id\":\"https:\\\/\\\/www.muyjujuy.com\\\/#organization\",\"name\":\"Muy Jujuy\",\"url\":\"https:\\\/\\\/www.muyjujuy.com\\\/\",\"logo\":{\"@type\":\"ImageObject\",\"inLanguage\":\"es-AR\",\"@id\":\"https:\\\/\\\/www.muyjujuy.com\\\/#\\\/schema\\\/logo\\\/image\\\/\",\"url\":\"http:\\\/\\\/www.muyjujuy.com\\\/wp-content\\\/uploads\\\/2022\\\/05\\\/logo-mobil-jujuy.png\",\"contentUrl\":\"http:\\\/\\\/www.muyjujuy.com\\\/wp-content\\\/uploads\\\/2022\\\/05\\\/logo-mobil-jujuy.png\",\"width\":174,\"height\":81,\"caption\":\"Muy Jujuy\"},\"image\":{\"@id\":\"https:\\\/\\\/www.muyjujuy.com\\\/#\\\/schema\\\/logo\\\/image\\\/\"},\"sameAs\":[\"https:\\\/\\\/www.facebook.com\\\/muyjujuycom\",\"https:\\\/\\\/x.com\\\/muyjujuy\",\"https:\\\/\\\/www.instagram.com\\\/muyjujuycom\"]},{\"@type\":\"Person\",\"@id\":\"https:\\\/\\\/www.muyjujuy.com\\\/#\\\/schema\\\/person\\\/1d0f6e223ccea9e3f9034c1a5b683bf2\",\"name\":\"Redacci\u00f3n Muy Jujuy\",\"image\":{\"@type\":\"ImageObject\",\"inLanguage\":\"es-AR\",\"@id\":\"https:\\\/\\\/secure.gravatar.com\\\/avatar\\\/fec5f6f1893d741ed5eecccff109ce43e67a855411202a3212a058cb8e5c27d4?s=96&d=mm&r=g\",\"url\":\"https:\\\/\\\/secure.gravatar.com\\\/avatar\\\/fec5f6f1893d741ed5eecccff109ce43e67a855411202a3212a058cb8e5c27d4?s=96&d=mm&r=g\",\"contentUrl\":\"https:\\\/\\\/secure.gravatar.com\\\/avatar\\\/fec5f6f1893d741ed5eecccff109ce43e67a855411202a3212a058cb8e5c27d4?s=96&d=mm&r=g\",\"caption\":\"Redacci\u00f3n Muy Jujuy\"},\"url\":\"https:\\\/\\\/www.muyjujuy.com\\\/index.php\\\/author\\\/editor\\\/\"}]}<\/script>\n<!-- \/ Yoast SEO plugin. -->","yoast_head_json":{"title":"El Gobierno de Jujuy refuerza los trabajo ante los incendios en Salta - Muy Jujuy","description":"Morales encabez\u00f3 el encuentro con diferentes equipos de trabajo para combatir los incendios en la Provincia.","robots":{"index":"index","follow":"follow","max-snippet":"max-snippet:-1","max-image-preview":"max-image-preview:large","max-video-preview":"max-video-preview:-1"},"canonical":"https:\/\/www.muyjujuy.com\/index.php\/2022\/11\/21\/el-gobierno-de-jujuy-refuerza-los-trabajo-ante-los-incendios-en-salta\/","og_locale":"es_ES","og_type":"article","og_title":"El Gobierno de Jujuy refuerza los trabajo ante los incendios en Salta - Muy Jujuy","og_description":"Morales encabez\u00f3 el encuentro con diferentes equipos de trabajo para combatir los incendios en la Provincia.","og_url":"https:\/\/www.muyjujuy.com\/index.php\/2022\/11\/21\/el-gobierno-de-jujuy-refuerza-los-trabajo-ante-los-incendios-en-salta\/","og_site_name":"Muy Jujuy","article_publisher":"https:\/\/www.facebook.com\/muyjujuycom","article_published_time":"2022-11-21T19:08:13+00:00","article_modified_time":"2022-11-21T19:08:15+00:00","og_image":[{"width":1200,"height":675,"url":"https:\/\/www.muyjujuy.com\/wp-content\/uploads\/2022\/11\/WhatsApp-Image-2022-11-21-at-15.56.55.jpeg","type":"image\/jpeg"}],"author":"Redacci\u00f3n Muy Jujuy","twitter_card":"summary_large_image","twitter_creator":"@muyjujuy","twitter_site":"@muyjujuy","twitter_misc":{"Escrito por":"Redacci\u00f3n Muy Jujuy","Tiempo de lectura":"2 minutos"},"schema":{"@context":"https:\/\/schema.org","@graph":[{"@type":"Article","@id":"https:\/\/www.muyjujuy.com\/index.php\/2022\/11\/21\/el-gobierno-de-jujuy-refuerza-los-trabajo-ante-los-incendios-en-salta\/#article","isPartOf":{"@id":"https:\/\/www.muyjujuy.com\/index.php\/2022\/11\/21\/el-gobierno-de-jujuy-refuerza-los-trabajo-ante-los-incendios-en-salta\/"},"author":{"name":"Redacci\u00f3n Muy Jujuy","@id":"https:\/\/www.muyjujuy.com\/#\/schema\/person\/1d0f6e223ccea9e3f9034c1a5b683bf2"},"headline":"El Gobierno de Jujuy refuerza los trabajo ante los incendios en Salta","datePublished":"2022-11-21T19:08:13+00:00","dateModified":"2022-11-21T19:08:15+00:00","mainEntityOfPage":{"@id":"https:\/\/www.muyjujuy.com\/index.php\/2022\/11\/21\/el-gobierno-de-jujuy-refuerza-los-trabajo-ante-los-incendios-en-salta\/"},"wordCount":425,"commentCount":0,"publisher":{"@id":"https:\/\/www.muyjujuy.com\/#organization"},"image":{"@id":"https:\/\/www.muyjujuy.com\/index.php\/2022\/11\/21\/el-gobierno-de-jujuy-refuerza-los-trabajo-ante-los-incendios-en-salta\/#primaryimage"},"thumbnailUrl":"https:\/\/www.muyjujuy.com\/wp-content\/uploads\/2022\/11\/WhatsApp-Image-2022-11-21-at-15.56.55.jpeg","keywords":["Gerardo Morales","Jujuy"],"articleSection":["Pol\u00edtica"],"inLanguage":"es-AR","potentialAction":[{"@type":"CommentAction","name":"Comment","target":["https:\/\/www.muyjujuy.com\/index.php\/2022\/11\/21\/el-gobierno-de-jujuy-refuerza-los-trabajo-ante-los-incendios-en-salta\/#respond"]}]},{"@type":"WebPage","@id":"https:\/\/www.muyjujuy.com\/index.php\/2022\/11\/21\/el-gobierno-de-jujuy-refuerza-los-trabajo-ante-los-incendios-en-salta\/","url":"https:\/\/www.muyjujuy.com\/index.php\/2022\/11\/21\/el-gobierno-de-jujuy-refuerza-los-trabajo-ante-los-incendios-en-salta\/","name":"El Gobierno de Jujuy refuerza los trabajo ante los incendios en Salta - Muy Jujuy","isPartOf":{"@id":"https:\/\/www.muyjujuy.com\/#website"},"primaryImageOfPage":{"@id":"https:\/\/www.muyjujuy.com\/index.php\/2022\/11\/21\/el-gobierno-de-jujuy-refuerza-los-trabajo-ante-los-incendios-en-salta\/#primaryimage"},"image":{"@id":"https:\/\/www.muyjujuy.com\/index.php\/2022\/11\/21\/el-gobierno-de-jujuy-refuerza-los-trabajo-ante-los-incendios-en-salta\/#primaryimage"},"thumbnailUrl":"https:\/\/www.muyjujuy.com\/wp-content\/uploads\/2022\/11\/WhatsApp-Image-2022-11-21-at-15.56.55.jpeg","datePublished":"2022-11-21T19:08:13+00:00","dateModified":"2022-11-21T19:08:15+00:00","description":"Morales encabez\u00f3 el encuentro con diferentes equipos de trabajo para combatir los incendios en la Provincia.","breadcrumb":{"@id":"https:\/\/www.muyjujuy.com\/index.php\/2022\/11\/21\/el-gobierno-de-jujuy-refuerza-los-trabajo-ante-los-incendios-en-salta\/#breadcrumb"},"inLanguage":"es-AR","potentialAction":[{"@type":"ReadAction","target":["https:\/\/www.muyjujuy.com\/index.php\/2022\/11\/21\/el-gobierno-de-jujuy-refuerza-los-trabajo-ante-los-incendios-en-salta\/"]}]},{"@type":"ImageObject","inLanguage":"es-AR","@id":"https:\/\/www.muyjujuy.com\/index.php\/2022\/11\/21\/el-gobierno-de-jujuy-refuerza-los-trabajo-ante-los-incendios-en-salta\/#primaryimage","url":"https:\/\/www.muyjujuy.com\/wp-content\/uploads\/2022\/11\/WhatsApp-Image-2022-11-21-at-15.56.55.jpeg","contentUrl":"https:\/\/www.muyjujuy.com\/wp-content\/uploads\/2022\/11\/WhatsApp-Image-2022-11-21-at-15.56.55.jpeg","width":1200,"height":675},{"@type":"BreadcrumbList","@id":"https:\/\/www.muyjujuy.com\/index.php\/2022\/11\/21\/el-gobierno-de-jujuy-refuerza-los-trabajo-ante-los-incendios-en-salta\/#breadcrumb","itemListElement":[{"@type":"ListItem","position":1,"name":"Inicio","item":"https:\/\/www.muyjujuy.com\/"},{"@type":"ListItem","position":2,"name":"El Gobierno de Jujuy refuerza los trabajo ante los incendios en Salta"}]},{"@type":"WebSite","@id":"https:\/\/www.muyjujuy.com\/#website","url":"https:\/\/www.muyjujuy.com\/","name":"Muy Jujuy","description":"","publisher":{"@id":"https:\/\/www.muyjujuy.com\/#organization"},"potentialAction":[{"@type":"SearchAction","target":{"@type":"EntryPoint","urlTemplate":"https:\/\/www.muyjujuy.com\/?s={search_term_string}"},"query-input":{"@type":"PropertyValueSpecification","valueRequired":true,"valueName":"search_term_string"}}],"inLanguage":"es-AR"},{"@type":"Organization","@id":"https:\/\/www.muyjujuy.com\/#organization","name":"Muy Jujuy","url":"https:\/\/www.muyjujuy.com\/","logo":{"@type":"ImageObject","inLanguage":"es-AR","@id":"https:\/\/www.muyjujuy.com\/#\/schema\/logo\/image\/","url":"http:\/\/www.muyjujuy.com\/wp-content\/uploads\/2022\/05\/logo-mobil-jujuy.png","contentUrl":"http:\/\/www.muyjujuy.com\/wp-content\/uploads\/2022\/05\/logo-mobil-jujuy.png","width":174,"height":81,"caption":"Muy Jujuy"},"image":{"@id":"https:\/\/www.muyjujuy.com\/#\/schema\/logo\/image\/"},"sameAs":["https:\/\/www.facebook.com\/muyjujuycom","https:\/\/x.com\/muyjujuy","https:\/\/www.instagram.com\/muyjujuycom"]},{"@type":"Person","@id":"https:\/\/www.muyjujuy.com\/#\/schema\/person\/1d0f6e223ccea9e3f9034c1a5b683bf2","name":"Redacci\u00f3n Muy Jujuy","image":{"@type":"ImageObject","inLanguage":"es-AR","@id":"https:\/\/secure.gravatar.com\/avatar\/fec5f6f1893d741ed5eecccff109ce43e67a855411202a3212a058cb8e5c27d4?s=96&d=mm&r=g","url":"https:\/\/secure.gravatar.com\/avatar\/fec5f6f1893d741ed5eecccff109ce43e67a855411202a3212a058cb8e5c27d4?s=96&d=mm&r=g","contentUrl":"https:\/\/secure.gravatar.com\/avatar\/fec5f6f1893d741ed5eecccff109ce43e67a855411202a3212a058cb8e5c27d4?s=96&d=mm&r=g","caption":"Redacci\u00f3n Muy Jujuy"},"url":"https:\/\/www.muyjujuy.com\/index.php\/author\/editor\/"}]}},"_links":{"self":[{"href":"https:\/\/www.muyjujuy.com\/index.php\/wp-json\/wp\/v2\/posts\/2115","targetHints":{"allow":["GET"]}}],"collection":[{"href":"https:\/\/www.muyjujuy.com\/index.php\/wp-json\/wp\/v2\/posts"}],"about":[{"href":"https:\/\/www.muyjujuy.com\/index.php\/wp-json\/wp\/v2\/types\/post"}],"author":[{"embeddable":true,"href":"https:\/\/www.muyjujuy.com\/index.php\/wp-json\/wp\/v2\/users\/3"}],"replies":[{"embeddable":true,"href":"https:\/\/www.muyjujuy.com\/index.php\/wp-json\/wp\/v2\/comments?post=2115"}],"version-history":[{"count":1,"href":"https:\/\/www.muyjujuy.com\/index.php\/wp-json\/wp\/v2\/posts\/2115\/revisions"}],"predecessor-version":[{"id":2117,"href":"https:\/\/www.muyjujuy.com\/index.php\/wp-json\/wp\/v2\/posts\/2115\/revisions\/2117"}],"wp:featuredmedia":[{"embeddable":true,"href":"https:\/\/www.muyjujuy.com\/index.php\/wp-json\/wp\/v2\/media\/2116"}],"wp:attachment":[{"href":"https:\/\/www.muyjujuy.com\/index.php\/wp-json\/wp\/v2\/media?parent=2115"}],"wp:term":[{"taxonomy":"category","embeddable":true,"href":"https:\/\/www.muyjujuy.com\/index.php\/wp-json\/wp\/v2\/categories?post=2115"},{"taxonomy":"post_tag","embeddable":true,"href":"https:\/\/www.muyjujuy.com\/index.php\/wp-json\/wp\/v2\/tags?post=2115"}],"curies":[{"name":"wp","href":"https:\/\/api.w.org\/{rel}","templated":true}]}}