{"id":2118,"date":"2022-11-21T16:30:43","date_gmt":"2022-11-21T19:30:43","guid":{"rendered":"https:\/\/www.muyjujuy.com\/?p=2118"},"modified":"2022-11-21T16:30:44","modified_gmt":"2022-11-21T19:30:44","slug":"mas-de-16-mil-turistas-visitaron-jujuy-durante-el-fin-de-semana-largo","status":"publish","type":"post","link":"https:\/\/www.muyjujuy.com\/index.php\/2022\/11\/21\/mas-de-16-mil-turistas-visitaron-jujuy-durante-el-fin-de-semana-largo\/","title":{"rendered":"M\u00e1s de 16 mil turistas visitaron Jujuy durante el fin de semana largo"},"content":{"rendered":"\n<p><em>La provincia fue uno de los destinos m\u00e1s elegidos en el fin de semana largo con m\u00e1s de 16 mil turistas.<\/em><\/p>\n\n\n\n<p>Con el 87% de ocupaci\u00f3n promedio en la provincia durante el fin de semana largo<strong>, Jujuy marc\u00f3 un nuevo inter\u00e9s por los turistas en visitar la provincia. <\/strong>Fue uno de los destinos m\u00e1s elegidos a nivel pa\u00eds.<\/p>\n\n\n\n<p>Luego de haber transcurrido el fin de semana largo del mes de noviembre, <strong>el impacto econ\u00f3mico registrado por el turismo ascendi\u00f3 a $187.536.912, <\/strong>con una ocupaci\u00f3n promedio del 87 por ciento en todo el territorio.<\/p>\n\n\n\n<p>En este sentido, el ministro de Cultura y Turismo, <strong>Federico Posadas<\/strong>, indic\u00f3: <strong>&#8220;Tuvimos una ocupaci\u00f3n promedio casi del 90% como viene sucediendo durante todos los fines de semanas largos en Jujuy<\/strong>, con una mayor ocupaci\u00f3n en la Quebrada ya que tenemos el 70 por ciento de las camas en esa regi\u00f3n, lo cual hace que all\u00ed la ocupaci\u00f3n haya sido del 95%&#8221;.<\/p>\n\n\n\n<p>A lo largo del fin de semana largo, 1<strong>6686 turistas visitaron Jujuy, con un total de 29514 pernoctes y una estad\u00eda promedio de 1,77 noches.<\/strong><\/p>\n\n\n\n<p><strong>La regi\u00f3n con mayor demanda de turistas fue la Quebrada con un 95%<\/strong> de ocupaci\u00f3n, seguida de los Valles con un 84%, Puna Yungas 72% y Puna con el 66% de ocupaci\u00f3n. <\/p>\n\n\n\n<p>Al igual que en la temporada de invierno, y los fines de semanas largos anteriores;<strong> Purmamarca fue el destino mayor demandado con el 99%, seguido por Tilcara 97%, San Francisco 90%, Salvador de Jujuy 85% y Maimar\u00e1 84%.\u00a0<\/strong><\/p>\n","protected":false},"excerpt":{"rendered":"<p>La provincia fue uno de los destinos m\u00e1s elegidos en el fin de semana largo con m\u00e1s de 16 mil turistas. Con el 87% de ocupaci\u00f3n promedio en la provincia durante el fin de semana largo, Jujuy marc\u00f3 un nuevo inter\u00e9s por los turistas en visitar la provincia. Fue uno de los destinos m\u00e1s elegidos [&hellip;]<\/p>\n","protected":false},"author":3,"featured_media":2119,"comment_status":"open","ping_status":"open","sticky":false,"template":"","format":"standard","meta":{"footnotes":""},"categories":[25],"tags":[830,8],"class_list":{"0":"post-2118","1":"post","2":"type-post","3":"status-publish","4":"format-standard","5":"has-post-thumbnail","7":"category-sociedad","8":"tag-fin-de-semana","9":"tag-jujuy"},"yoast_head":"<!-- This site is optimized with the Yoast SEO plugin v27.5 - https:\/\/yoast.com\/product\/yoast-seo-wordpress\/ -->\n<title>M\u00e1s de 16 mil turistas visitaron Jujuy durante el fin de semana largo - Muy Jujuy<\/title>\n<meta name=\"description\" content=\"La provincia fue uno de los destinos m\u00e1s elegidos en el fin de semana largo con m\u00e1s de 16 mil turistas que visitaron Jujuy.\" \/>\n<meta name=\"robots\" content=\"index, follow, max-snippet:-1, max-image-preview:large, max-video-preview:-1\" \/>\n<link rel=\"canonical\" href=\"https:\/\/www.muyjujuy.com\/index.php\/2022\/11\/21\/mas-de-16-mil-turistas-visitaron-jujuy-durante-el-fin-de-semana-largo\/\" \/>\n<meta property=\"og:locale\" content=\"es_ES\" \/>\n<meta property=\"og:type\" content=\"article\" \/>\n<meta property=\"og:title\" content=\"M\u00e1s de 16 mil turistas visitaron Jujuy durante el fin de semana largo - Muy Jujuy\" \/>\n<meta property=\"og:description\" content=\"La provincia fue uno de los destinos m\u00e1s elegidos en el fin de semana largo con m\u00e1s de 16 mil turistas que visitaron Jujuy.\" \/>\n<meta property=\"og:url\" content=\"https:\/\/www.muyjujuy.com\/index.php\/2022\/11\/21\/mas-de-16-mil-turistas-visitaron-jujuy-durante-el-fin-de-semana-largo\/\" \/>\n<meta property=\"og:site_name\" content=\"Muy Jujuy\" \/>\n<meta property=\"article:publisher\" content=\"https:\/\/www.facebook.com\/muyjujuycom\" \/>\n<meta property=\"article:published_time\" content=\"2022-11-21T19:30:43+00:00\" \/>\n<meta property=\"article:modified_time\" content=\"2022-11-21T19:30:44+00:00\" \/>\n<meta property=\"og:image\" content=\"https:\/\/www.muyjujuy.com\/wp-content\/uploads\/2022\/11\/WhatsApp-Image-2022-11-21-at-16.28.41.jpeg\" \/>\n\t<meta property=\"og:image:width\" content=\"1200\" \/>\n\t<meta property=\"og:image:height\" content=\"675\" \/>\n\t<meta property=\"og:image:type\" content=\"image\/jpeg\" \/>\n<meta name=\"author\" content=\"Redacci\u00f3n Muy Jujuy\" \/>\n<meta name=\"twitter:card\" content=\"summary_large_image\" \/>\n<meta name=\"twitter:creator\" content=\"@muyjujuy\" \/>\n<meta name=\"twitter:site\" content=\"@muyjujuy\" \/>\n<meta name=\"twitter:label1\" content=\"Escrito por\" \/>\n\t<meta name=\"twitter:data1\" content=\"Redacci\u00f3n Muy Jujuy\" \/>\n\t<meta name=\"twitter:label2\" content=\"Tiempo de lectura\" \/>\n\t<meta name=\"twitter:data2\" content=\"2 minutos\" \/>\n<script type=\"application\/ld+json\" class=\"yoast-schema-graph\">{\"@context\":\"https:\\\/\\\/schema.org\",\"@graph\":[{\"@type\":\"Article\",\"@id\":\"https:\\\/\\\/www.muyjujuy.com\\\/index.php\\\/2022\\\/11\\\/21\\\/mas-de-16-mil-turistas-visitaron-jujuy-durante-el-fin-de-semana-largo\\\/#article\",\"isPartOf\":{\"@id\":\"https:\\\/\\\/www.muyjujuy.com\\\/index.php\\\/2022\\\/11\\\/21\\\/mas-de-16-mil-turistas-visitaron-jujuy-durante-el-fin-de-semana-largo\\\/\"},\"author\":{\"name\":\"Redacci\u00f3n Muy Jujuy\",\"@id\":\"https:\\\/\\\/www.muyjujuy.com\\\/#\\\/schema\\\/person\\\/1d0f6e223ccea9e3f9034c1a5b683bf2\"},\"headline\":\"M\u00e1s de 16 mil turistas visitaron Jujuy durante el fin de semana largo\",\"datePublished\":\"2022-11-21T19:30:43+00:00\",\"dateModified\":\"2022-11-21T19:30:44+00:00\",\"mainEntityOfPage\":{\"@id\":\"https:\\\/\\\/www.muyjujuy.com\\\/index.php\\\/2022\\\/11\\\/21\\\/mas-de-16-mil-turistas-visitaron-jujuy-durante-el-fin-de-semana-largo\\\/\"},\"wordCount\":260,\"commentCount\":0,\"publisher\":{\"@id\":\"https:\\\/\\\/www.muyjujuy.com\\\/#organization\"},\"image\":{\"@id\":\"https:\\\/\\\/www.muyjujuy.com\\\/index.php\\\/2022\\\/11\\\/21\\\/mas-de-16-mil-turistas-visitaron-jujuy-durante-el-fin-de-semana-largo\\\/#primaryimage\"},\"thumbnailUrl\":\"https:\\\/\\\/www.muyjujuy.com\\\/wp-content\\\/uploads\\\/2022\\\/11\\\/WhatsApp-Image-2022-11-21-at-16.28.41.jpeg\",\"keywords\":[\"Fin de semana\",\"Jujuy\"],\"articleSection\":[\"Sociedad\"],\"inLanguage\":\"es-AR\",\"potentialAction\":[{\"@type\":\"CommentAction\",\"name\":\"Comment\",\"target\":[\"https:\\\/\\\/www.muyjujuy.com\\\/index.php\\\/2022\\\/11\\\/21\\\/mas-de-16-mil-turistas-visitaron-jujuy-durante-el-fin-de-semana-largo\\\/#respond\"]}]},{\"@type\":\"WebPage\",\"@id\":\"https:\\\/\\\/www.muyjujuy.com\\\/index.php\\\/2022\\\/11\\\/21\\\/mas-de-16-mil-turistas-visitaron-jujuy-durante-el-fin-de-semana-largo\\\/\",\"url\":\"https:\\\/\\\/www.muyjujuy.com\\\/index.php\\\/2022\\\/11\\\/21\\\/mas-de-16-mil-turistas-visitaron-jujuy-durante-el-fin-de-semana-largo\\\/\",\"name\":\"M\u00e1s de 16 mil turistas visitaron Jujuy durante el fin de semana largo - Muy Jujuy\",\"isPartOf\":{\"@id\":\"https:\\\/\\\/www.muyjujuy.com\\\/#website\"},\"primaryImageOfPage\":{\"@id\":\"https:\\\/\\\/www.muyjujuy.com\\\/index.php\\\/2022\\\/11\\\/21\\\/mas-de-16-mil-turistas-visitaron-jujuy-durante-el-fin-de-semana-largo\\\/#primaryimage\"},\"image\":{\"@id\":\"https:\\\/\\\/www.muyjujuy.com\\\/index.php\\\/2022\\\/11\\\/21\\\/mas-de-16-mil-turistas-visitaron-jujuy-durante-el-fin-de-semana-largo\\\/#primaryimage\"},\"thumbnailUrl\":\"https:\\\/\\\/www.muyjujuy.com\\\/wp-content\\\/uploads\\\/2022\\\/11\\\/WhatsApp-Image-2022-11-21-at-16.28.41.jpeg\",\"datePublished\":\"2022-11-21T19:30:43+00:00\",\"dateModified\":\"2022-11-21T19:30:44+00:00\",\"description\":\"La provincia fue uno de los destinos m\u00e1s elegidos en el fin de semana largo con m\u00e1s de 16 mil turistas que visitaron Jujuy.\",\"breadcrumb\":{\"@id\":\"https:\\\/\\\/www.muyjujuy.com\\\/index.php\\\/2022\\\/11\\\/21\\\/mas-de-16-mil-turistas-visitaron-jujuy-durante-el-fin-de-semana-largo\\\/#breadcrumb\"},\"inLanguage\":\"es-AR\",\"potentialAction\":[{\"@type\":\"ReadAction\",\"target\":[\"https:\\\/\\\/www.muyjujuy.com\\\/index.php\\\/2022\\\/11\\\/21\\\/mas-de-16-mil-turistas-visitaron-jujuy-durante-el-fin-de-semana-largo\\\/\"]}]},{\"@type\":\"ImageObject\",\"inLanguage\":\"es-AR\",\"@id\":\"https:\\\/\\\/www.muyjujuy.com\\\/index.php\\\/2022\\\/11\\\/21\\\/mas-de-16-mil-turistas-visitaron-jujuy-durante-el-fin-de-semana-largo\\\/#primaryimage\",\"url\":\"https:\\\/\\\/www.muyjujuy.com\\\/wp-content\\\/uploads\\\/2022\\\/11\\\/WhatsApp-Image-2022-11-21-at-16.28.41.jpeg\",\"contentUrl\":\"https:\\\/\\\/www.muyjujuy.com\\\/wp-content\\\/uploads\\\/2022\\\/11\\\/WhatsApp-Image-2022-11-21-at-16.28.41.jpeg\",\"width\":1200,\"height\":675},{\"@type\":\"BreadcrumbList\",\"@id\":\"https:\\\/\\\/www.muyjujuy.com\\\/index.php\\\/2022\\\/11\\\/21\\\/mas-de-16-mil-turistas-visitaron-jujuy-durante-el-fin-de-semana-largo\\\/#breadcrumb\",\"itemListElement\":[{\"@type\":\"ListItem\",\"position\":1,\"name\":\"Inicio\",\"item\":\"https:\\\/\\\/www.muyjujuy.com\\\/\"},{\"@type\":\"ListItem\",\"position\":2,\"name\":\"M\u00e1s de 16 mil turistas visitaron Jujuy durante el fin de semana largo\"}]},{\"@type\":\"WebSite\",\"@id\":\"https:\\\/\\\/www.muyjujuy.com\\\/#website\",\"url\":\"https:\\\/\\\/www.muyjujuy.com\\\/\",\"name\":\"Muy Jujuy\",\"description\":\"\",\"publisher\":{\"@id\":\"https:\\\/\\\/www.muyjujuy.com\\\/#organization\"},\"potentialAction\":[{\"@type\":\"SearchAction\",\"target\":{\"@type\":\"EntryPoint\",\"urlTemplate\":\"https:\\\/\\\/www.muyjujuy.com\\\/?s={search_term_string}\"},\"query-input\":{\"@type\":\"PropertyValueSpecification\",\"valueRequired\":true,\"valueName\":\"search_term_string\"}}],\"inLanguage\":\"es-AR\"},{\"@type\":\"Organization\",\"@id\":\"https:\\\/\\\/www.muyjujuy.com\\\/#organization\",\"name\":\"Muy Jujuy\",\"url\":\"https:\\\/\\\/www.muyjujuy.com\\\/\",\"logo\":{\"@type\":\"ImageObject\",\"inLanguage\":\"es-AR\",\"@id\":\"https:\\\/\\\/www.muyjujuy.com\\\/#\\\/schema\\\/logo\\\/image\\\/\",\"url\":\"http:\\\/\\\/www.muyjujuy.com\\\/wp-content\\\/uploads\\\/2022\\\/05\\\/logo-mobil-jujuy.png\",\"contentUrl\":\"http:\\\/\\\/www.muyjujuy.com\\\/wp-content\\\/uploads\\\/2022\\\/05\\\/logo-mobil-jujuy.png\",\"width\":174,\"height\":81,\"caption\":\"Muy Jujuy\"},\"image\":{\"@id\":\"https:\\\/\\\/www.muyjujuy.com\\\/#\\\/schema\\\/logo\\\/image\\\/\"},\"sameAs\":[\"https:\\\/\\\/www.facebook.com\\\/muyjujuycom\",\"https:\\\/\\\/x.com\\\/muyjujuy\",\"https:\\\/\\\/www.instagram.com\\\/muyjujuycom\"]},{\"@type\":\"Person\",\"@id\":\"https:\\\/\\\/www.muyjujuy.com\\\/#\\\/schema\\\/person\\\/1d0f6e223ccea9e3f9034c1a5b683bf2\",\"name\":\"Redacci\u00f3n Muy Jujuy\",\"image\":{\"@type\":\"ImageObject\",\"inLanguage\":\"es-AR\",\"@id\":\"https:\\\/\\\/secure.gravatar.com\\\/avatar\\\/fec5f6f1893d741ed5eecccff109ce43e67a855411202a3212a058cb8e5c27d4?s=96&d=mm&r=g\",\"url\":\"https:\\\/\\\/secure.gravatar.com\\\/avatar\\\/fec5f6f1893d741ed5eecccff109ce43e67a855411202a3212a058cb8e5c27d4?s=96&d=mm&r=g\",\"contentUrl\":\"https:\\\/\\\/secure.gravatar.com\\\/avatar\\\/fec5f6f1893d741ed5eecccff109ce43e67a855411202a3212a058cb8e5c27d4?s=96&d=mm&r=g\",\"caption\":\"Redacci\u00f3n Muy Jujuy\"},\"url\":\"https:\\\/\\\/www.muyjujuy.com\\\/index.php\\\/author\\\/editor\\\/\"}]}<\/script>\n<!-- \/ Yoast SEO plugin. -->","yoast_head_json":{"title":"M\u00e1s de 16 mil turistas visitaron Jujuy durante el fin de semana largo - Muy Jujuy","description":"La provincia fue uno de los destinos m\u00e1s elegidos en el fin de semana largo con m\u00e1s de 16 mil turistas que visitaron Jujuy.","robots":{"index":"index","follow":"follow","max-snippet":"max-snippet:-1","max-image-preview":"max-image-preview:large","max-video-preview":"max-video-preview:-1"},"canonical":"https:\/\/www.muyjujuy.com\/index.php\/2022\/11\/21\/mas-de-16-mil-turistas-visitaron-jujuy-durante-el-fin-de-semana-largo\/","og_locale":"es_ES","og_type":"article","og_title":"M\u00e1s de 16 mil turistas visitaron Jujuy durante el fin de semana largo - Muy Jujuy","og_description":"La provincia fue uno de los destinos m\u00e1s elegidos en el fin de semana largo con m\u00e1s de 16 mil turistas que visitaron Jujuy.","og_url":"https:\/\/www.muyjujuy.com\/index.php\/2022\/11\/21\/mas-de-16-mil-turistas-visitaron-jujuy-durante-el-fin-de-semana-largo\/","og_site_name":"Muy Jujuy","article_publisher":"https:\/\/www.facebook.com\/muyjujuycom","article_published_time":"2022-11-21T19:30:43+00:00","article_modified_time":"2022-11-21T19:30:44+00:00","og_image":[{"width":1200,"height":675,"url":"https:\/\/www.muyjujuy.com\/wp-content\/uploads\/2022\/11\/WhatsApp-Image-2022-11-21-at-16.28.41.jpeg","type":"image\/jpeg"}],"author":"Redacci\u00f3n Muy Jujuy","twitter_card":"summary_large_image","twitter_creator":"@muyjujuy","twitter_site":"@muyjujuy","twitter_misc":{"Escrito por":"Redacci\u00f3n Muy Jujuy","Tiempo de lectura":"2 minutos"},"schema":{"@context":"https:\/\/schema.org","@graph":[{"@type":"Article","@id":"https:\/\/www.muyjujuy.com\/index.php\/2022\/11\/21\/mas-de-16-mil-turistas-visitaron-jujuy-durante-el-fin-de-semana-largo\/#article","isPartOf":{"@id":"https:\/\/www.muyjujuy.com\/index.php\/2022\/11\/21\/mas-de-16-mil-turistas-visitaron-jujuy-durante-el-fin-de-semana-largo\/"},"author":{"name":"Redacci\u00f3n Muy Jujuy","@id":"https:\/\/www.muyjujuy.com\/#\/schema\/person\/1d0f6e223ccea9e3f9034c1a5b683bf2"},"headline":"M\u00e1s de 16 mil turistas visitaron Jujuy durante el fin de semana largo","datePublished":"2022-11-21T19:30:43+00:00","dateModified":"2022-11-21T19:30:44+00:00","mainEntityOfPage":{"@id":"https:\/\/www.muyjujuy.com\/index.php\/2022\/11\/21\/mas-de-16-mil-turistas-visitaron-jujuy-durante-el-fin-de-semana-largo\/"},"wordCount":260,"commentCount":0,"publisher":{"@id":"https:\/\/www.muyjujuy.com\/#organization"},"image":{"@id":"https:\/\/www.muyjujuy.com\/index.php\/2022\/11\/21\/mas-de-16-mil-turistas-visitaron-jujuy-durante-el-fin-de-semana-largo\/#primaryimage"},"thumbnailUrl":"https:\/\/www.muyjujuy.com\/wp-content\/uploads\/2022\/11\/WhatsApp-Image-2022-11-21-at-16.28.41.jpeg","keywords":["Fin de semana","Jujuy"],"articleSection":["Sociedad"],"inLanguage":"es-AR","potentialAction":[{"@type":"CommentAction","name":"Comment","target":["https:\/\/www.muyjujuy.com\/index.php\/2022\/11\/21\/mas-de-16-mil-turistas-visitaron-jujuy-durante-el-fin-de-semana-largo\/#respond"]}]},{"@type":"WebPage","@id":"https:\/\/www.muyjujuy.com\/index.php\/2022\/11\/21\/mas-de-16-mil-turistas-visitaron-jujuy-durante-el-fin-de-semana-largo\/","url":"https:\/\/www.muyjujuy.com\/index.php\/2022\/11\/21\/mas-de-16-mil-turistas-visitaron-jujuy-durante-el-fin-de-semana-largo\/","name":"M\u00e1s de 16 mil turistas visitaron Jujuy durante el fin de semana largo - Muy Jujuy","isPartOf":{"@id":"https:\/\/www.muyjujuy.com\/#website"},"primaryImageOfPage":{"@id":"https:\/\/www.muyjujuy.com\/index.php\/2022\/11\/21\/mas-de-16-mil-turistas-visitaron-jujuy-durante-el-fin-de-semana-largo\/#primaryimage"},"image":{"@id":"https:\/\/www.muyjujuy.com\/index.php\/2022\/11\/21\/mas-de-16-mil-turistas-visitaron-jujuy-durante-el-fin-de-semana-largo\/#primaryimage"},"thumbnailUrl":"https:\/\/www.muyjujuy.com\/wp-content\/uploads\/2022\/11\/WhatsApp-Image-2022-11-21-at-16.28.41.jpeg","datePublished":"2022-11-21T19:30:43+00:00","dateModified":"2022-11-21T19:30:44+00:00","description":"La provincia fue uno de los destinos m\u00e1s elegidos en el fin de semana largo con m\u00e1s de 16 mil turistas que visitaron Jujuy.","breadcrumb":{"@id":"https:\/\/www.muyjujuy.com\/index.php\/2022\/11\/21\/mas-de-16-mil-turistas-visitaron-jujuy-durante-el-fin-de-semana-largo\/#breadcrumb"},"inLanguage":"es-AR","potentialAction":[{"@type":"ReadAction","target":["https:\/\/www.muyjujuy.com\/index.php\/2022\/11\/21\/mas-de-16-mil-turistas-visitaron-jujuy-durante-el-fin-de-semana-largo\/"]}]},{"@type":"ImageObject","inLanguage":"es-AR","@id":"https:\/\/www.muyjujuy.com\/index.php\/2022\/11\/21\/mas-de-16-mil-turistas-visitaron-jujuy-durante-el-fin-de-semana-largo\/#primaryimage","url":"https:\/\/www.muyjujuy.com\/wp-content\/uploads\/2022\/11\/WhatsApp-Image-2022-11-21-at-16.28.41.jpeg","contentUrl":"https:\/\/www.muyjujuy.com\/wp-content\/uploads\/2022\/11\/WhatsApp-Image-2022-11-21-at-16.28.41.jpeg","width":1200,"height":675},{"@type":"BreadcrumbList","@id":"https:\/\/www.muyjujuy.com\/index.php\/2022\/11\/21\/mas-de-16-mil-turistas-visitaron-jujuy-durante-el-fin-de-semana-largo\/#breadcrumb","itemListElement":[{"@type":"ListItem","position":1,"name":"Inicio","item":"https:\/\/www.muyjujuy.com\/"},{"@type":"ListItem","position":2,"name":"M\u00e1s de 16 mil turistas visitaron Jujuy durante el fin de semana largo"}]},{"@type":"WebSite","@id":"https:\/\/www.muyjujuy.com\/#website","url":"https:\/\/www.muyjujuy.com\/","name":"Muy Jujuy","description":"","publisher":{"@id":"https:\/\/www.muyjujuy.com\/#organization"},"potentialAction":[{"@type":"SearchAction","target":{"@type":"EntryPoint","urlTemplate":"https:\/\/www.muyjujuy.com\/?s={search_term_string}"},"query-input":{"@type":"PropertyValueSpecification","valueRequired":true,"valueName":"search_term_string"}}],"inLanguage":"es-AR"},{"@type":"Organization","@id":"https:\/\/www.muyjujuy.com\/#organization","name":"Muy Jujuy","url":"https:\/\/www.muyjujuy.com\/","logo":{"@type":"ImageObject","inLanguage":"es-AR","@id":"https:\/\/www.muyjujuy.com\/#\/schema\/logo\/image\/","url":"http:\/\/www.muyjujuy.com\/wp-content\/uploads\/2022\/05\/logo-mobil-jujuy.png","contentUrl":"http:\/\/www.muyjujuy.com\/wp-content\/uploads\/2022\/05\/logo-mobil-jujuy.png","width":174,"height":81,"caption":"Muy Jujuy"},"image":{"@id":"https:\/\/www.muyjujuy.com\/#\/schema\/logo\/image\/"},"sameAs":["https:\/\/www.facebook.com\/muyjujuycom","https:\/\/x.com\/muyjujuy","https:\/\/www.instagram.com\/muyjujuycom"]},{"@type":"Person","@id":"https:\/\/www.muyjujuy.com\/#\/schema\/person\/1d0f6e223ccea9e3f9034c1a5b683bf2","name":"Redacci\u00f3n Muy Jujuy","image":{"@type":"ImageObject","inLanguage":"es-AR","@id":"https:\/\/secure.gravatar.com\/avatar\/fec5f6f1893d741ed5eecccff109ce43e67a855411202a3212a058cb8e5c27d4?s=96&d=mm&r=g","url":"https:\/\/secure.gravatar.com\/avatar\/fec5f6f1893d741ed5eecccff109ce43e67a855411202a3212a058cb8e5c27d4?s=96&d=mm&r=g","contentUrl":"https:\/\/secure.gravatar.com\/avatar\/fec5f6f1893d741ed5eecccff109ce43e67a855411202a3212a058cb8e5c27d4?s=96&d=mm&r=g","caption":"Redacci\u00f3n Muy Jujuy"},"url":"https:\/\/www.muyjujuy.com\/index.php\/author\/editor\/"}]}},"_links":{"self":[{"href":"https:\/\/www.muyjujuy.com\/index.php\/wp-json\/wp\/v2\/posts\/2118","targetHints":{"allow":["GET"]}}],"collection":[{"href":"https:\/\/www.muyjujuy.com\/index.php\/wp-json\/wp\/v2\/posts"}],"about":[{"href":"https:\/\/www.muyjujuy.com\/index.php\/wp-json\/wp\/v2\/types\/post"}],"author":[{"embeddable":true,"href":"https:\/\/www.muyjujuy.com\/index.php\/wp-json\/wp\/v2\/users\/3"}],"replies":[{"embeddable":true,"href":"https:\/\/www.muyjujuy.com\/index.php\/wp-json\/wp\/v2\/comments?post=2118"}],"version-history":[{"count":1,"href":"https:\/\/www.muyjujuy.com\/index.php\/wp-json\/wp\/v2\/posts\/2118\/revisions"}],"predecessor-version":[{"id":2120,"href":"https:\/\/www.muyjujuy.com\/index.php\/wp-json\/wp\/v2\/posts\/2118\/revisions\/2120"}],"wp:featuredmedia":[{"embeddable":true,"href":"https:\/\/www.muyjujuy.com\/index.php\/wp-json\/wp\/v2\/media\/2119"}],"wp:attachment":[{"href":"https:\/\/www.muyjujuy.com\/index.php\/wp-json\/wp\/v2\/media?parent=2118"}],"wp:term":[{"taxonomy":"category","embeddable":true,"href":"https:\/\/www.muyjujuy.com\/index.php\/wp-json\/wp\/v2\/categories?post=2118"},{"taxonomy":"post_tag","embeddable":true,"href":"https:\/\/www.muyjujuy.com\/index.php\/wp-json\/wp\/v2\/tags?post=2118"}],"curies":[{"name":"wp","href":"https:\/\/api.w.org\/{rel}","templated":true}]}}