{"id":2136,"date":"2022-11-23T15:48:52","date_gmt":"2022-11-23T18:48:52","guid":{"rendered":"https:\/\/www.muyjujuy.com\/?p=2136"},"modified":"2022-11-23T15:48:54","modified_gmt":"2022-11-23T18:48:54","slug":"morales-inauguro-el-alto-multiespacio-para-expresiones-culturales-sociales-y-deportivas","status":"publish","type":"post","link":"https:\/\/www.muyjujuy.com\/index.php\/2022\/11\/23\/morales-inauguro-el-alto-multiespacio-para-expresiones-culturales-sociales-y-deportivas\/","title":{"rendered":"Morales inaugur\u00f3 el Alto Multiespacio para expresiones culturales, sociales y deportivas"},"content":{"rendered":"\n<p><em>El gobernador encabez\u00f3 la inauguraci\u00f3n del Alto Multiespacio en el barrio de Alto Comedero que es de importancia para la comunidad.<\/em><\/p>\n\n\n\n<p>El gobernador de Jujuy, <strong>Gerardo Morales<\/strong>, inaugru\u00f3 en el barrio de <strong>Alto Comedero <\/strong>el Alto Multiespacio que ser\u00e1 dedicado a eventos culturales, sociales y deportivos.<\/p>\n\n\n\n<p>El gobernante elogi\u00f3 la gesti\u00f3n del intendente <strong>Ra\u00fal Jorge <\/strong>y el acompa\u00f1amiento de los vecinos, al tiempo que asegur\u00f3 que &#8220;seguiremos apostando a Alto Comedero\u201d.<br><br>Asimismo, hizo alusi\u00f3n a las obras que se vienen para Alto Comedero e indi\u00f3:<strong> &#8220;Est\u00e1 previsto realizar cuatro aulas m\u00e1s para la Marina Vilte&#8221;<\/strong>. Adem\u00e1s, anticip\u00f3 que en diciembre se van a <strong>&#8220;cumplimentar con las obras del Materno Infantil, es m\u00e1s, habr\u00e1 internaci\u00f3n y consultorios con diferentes especialidades\u201d.<br><\/strong><br>En cuanto a la educaci\u00f3n superior, expres\u00f3: <strong>&#8220;Vamos a inaugurar en el barrio Tupac Amaru el Instituto de Educaci\u00f3n F\u00edsica\u201d <\/strong>y ratific\u00f3 que Alto Comedero &#8220;contar\u00e1 con un Complejo de Alto Rendimiento\u201d. <\/p>\n\n\n\n<p>Jorge, por su parte, agradeci\u00f3 la presencia del gobernador y su apoyo incondicional, para luego reivindicar<strong> &#8220;las decisiones del querido y eterno Hugo Conde&#8221; <\/strong>a favor de los vecinos de Alto Comedero. <\/p>\n\n\n\n<p><strong>&#8220;Esta obra que hoy inauguramos es parte del proyecto que so\u00f1amos en esta manzana.<\/strong> La idea es generar nuevas centralidades, principalmente en los lugares que necesitan urbanidad\u201d, sostuvo. <\/p>\n\n\n\n<p>Tambi\u00e9n participaron del acto de inauguraci\u00f3n, el ministro de Infraestructura, Carlos Stanic, legisladores provinciales, concejales capitalinos, instituciones educativas y vecinos en general.<\/p>\n","protected":false},"excerpt":{"rendered":"<p>El gobernador encabez\u00f3 la inauguraci\u00f3n del Alto Multiespacio en el barrio de Alto Comedero que es de importancia para la comunidad. El gobernador de Jujuy, Gerardo Morales, inaugru\u00f3 en el barrio de Alto Comedero el Alto Multiespacio que ser\u00e1 dedicado a eventos culturales, sociales y deportivos. El gobernante elogi\u00f3 la gesti\u00f3n del intendente Ra\u00fal Jorge [&hellip;]<\/p>\n","protected":false},"author":3,"featured_media":2137,"comment_status":"open","ping_status":"open","sticky":false,"template":"","format":"standard","meta":{"footnotes":""},"categories":[24],"tags":[647,5,8],"class_list":{"0":"post-2136","1":"post","2":"type-post","3":"status-publish","4":"format-standard","5":"has-post-thumbnail","7":"category-politica","8":"tag-alto-comedero","9":"tag-gerardo-morales","10":"tag-jujuy"},"yoast_head":"<!-- This site is optimized with the Yoast SEO plugin v27.5 - https:\/\/yoast.com\/product\/yoast-seo-wordpress\/ -->\n<title>Morales inaugur\u00f3 el Alto Multiespacio para expresiones culturales, sociales y deportivas - Muy Jujuy<\/title>\n<meta name=\"description\" content=\"El gobernador encabez\u00f3 la inauguraci\u00f3n del Alto Multiespacio en el barrio de Alto Comedero que es de importancia para la comunidad.\" \/>\n<meta name=\"robots\" content=\"index, follow, max-snippet:-1, max-image-preview:large, max-video-preview:-1\" \/>\n<link rel=\"canonical\" href=\"https:\/\/www.muyjujuy.com\/index.php\/2022\/11\/23\/morales-inauguro-el-alto-multiespacio-para-expresiones-culturales-sociales-y-deportivas\/\" \/>\n<meta property=\"og:locale\" content=\"es_ES\" \/>\n<meta property=\"og:type\" content=\"article\" \/>\n<meta property=\"og:title\" content=\"Morales inaugur\u00f3 el Alto Multiespacio para expresiones culturales, sociales y deportivas - Muy Jujuy\" \/>\n<meta property=\"og:description\" content=\"El gobernador encabez\u00f3 la inauguraci\u00f3n del Alto Multiespacio en el barrio de Alto Comedero que es de importancia para la comunidad.\" \/>\n<meta property=\"og:url\" content=\"https:\/\/www.muyjujuy.com\/index.php\/2022\/11\/23\/morales-inauguro-el-alto-multiespacio-para-expresiones-culturales-sociales-y-deportivas\/\" \/>\n<meta property=\"og:site_name\" content=\"Muy Jujuy\" \/>\n<meta property=\"article:publisher\" content=\"https:\/\/www.facebook.com\/muyjujuycom\" \/>\n<meta property=\"article:published_time\" content=\"2022-11-23T18:48:52+00:00\" \/>\n<meta property=\"article:modified_time\" content=\"2022-11-23T18:48:54+00:00\" \/>\n<meta property=\"og:image\" content=\"https:\/\/www.muyjujuy.com\/wp-content\/uploads\/2022\/11\/WhatsApp-Image-2022-11-23-at-15.33.52.jpeg\" \/>\n\t<meta property=\"og:image:width\" content=\"1012\" \/>\n\t<meta property=\"og:image:height\" content=\"675\" \/>\n\t<meta property=\"og:image:type\" content=\"image\/jpeg\" \/>\n<meta name=\"author\" content=\"Redacci\u00f3n Muy Jujuy\" \/>\n<meta name=\"twitter:card\" content=\"summary_large_image\" \/>\n<meta name=\"twitter:creator\" content=\"@muyjujuy\" \/>\n<meta name=\"twitter:site\" content=\"@muyjujuy\" \/>\n<meta name=\"twitter:label1\" content=\"Escrito por\" \/>\n\t<meta name=\"twitter:data1\" content=\"Redacci\u00f3n Muy Jujuy\" \/>\n\t<meta name=\"twitter:label2\" content=\"Tiempo de lectura\" \/>\n\t<meta name=\"twitter:data2\" content=\"2 minutos\" \/>\n<script type=\"application\/ld+json\" class=\"yoast-schema-graph\">{\"@context\":\"https:\\\/\\\/schema.org\",\"@graph\":[{\"@type\":\"Article\",\"@id\":\"https:\\\/\\\/www.muyjujuy.com\\\/index.php\\\/2022\\\/11\\\/23\\\/morales-inauguro-el-alto-multiespacio-para-expresiones-culturales-sociales-y-deportivas\\\/#article\",\"isPartOf\":{\"@id\":\"https:\\\/\\\/www.muyjujuy.com\\\/index.php\\\/2022\\\/11\\\/23\\\/morales-inauguro-el-alto-multiespacio-para-expresiones-culturales-sociales-y-deportivas\\\/\"},\"author\":{\"name\":\"Redacci\u00f3n Muy Jujuy\",\"@id\":\"https:\\\/\\\/www.muyjujuy.com\\\/#\\\/schema\\\/person\\\/1d0f6e223ccea9e3f9034c1a5b683bf2\"},\"headline\":\"Morales inaugur\u00f3 el Alto Multiespacio para expresiones culturales, sociales y deportivas\",\"datePublished\":\"2022-11-23T18:48:52+00:00\",\"dateModified\":\"2022-11-23T18:48:54+00:00\",\"mainEntityOfPage\":{\"@id\":\"https:\\\/\\\/www.muyjujuy.com\\\/index.php\\\/2022\\\/11\\\/23\\\/morales-inauguro-el-alto-multiespacio-para-expresiones-culturales-sociales-y-deportivas\\\/\"},\"wordCount\":259,\"commentCount\":0,\"publisher\":{\"@id\":\"https:\\\/\\\/www.muyjujuy.com\\\/#organization\"},\"image\":{\"@id\":\"https:\\\/\\\/www.muyjujuy.com\\\/index.php\\\/2022\\\/11\\\/23\\\/morales-inauguro-el-alto-multiespacio-para-expresiones-culturales-sociales-y-deportivas\\\/#primaryimage\"},\"thumbnailUrl\":\"https:\\\/\\\/www.muyjujuy.com\\\/wp-content\\\/uploads\\\/2022\\\/11\\\/WhatsApp-Image-2022-11-23-at-15.33.52.jpeg\",\"keywords\":[\"Alto Comedero\",\"Gerardo Morales\",\"Jujuy\"],\"articleSection\":[\"Pol\u00edtica\"],\"inLanguage\":\"es-AR\",\"potentialAction\":[{\"@type\":\"CommentAction\",\"name\":\"Comment\",\"target\":[\"https:\\\/\\\/www.muyjujuy.com\\\/index.php\\\/2022\\\/11\\\/23\\\/morales-inauguro-el-alto-multiespacio-para-expresiones-culturales-sociales-y-deportivas\\\/#respond\"]}]},{\"@type\":\"WebPage\",\"@id\":\"https:\\\/\\\/www.muyjujuy.com\\\/index.php\\\/2022\\\/11\\\/23\\\/morales-inauguro-el-alto-multiespacio-para-expresiones-culturales-sociales-y-deportivas\\\/\",\"url\":\"https:\\\/\\\/www.muyjujuy.com\\\/index.php\\\/2022\\\/11\\\/23\\\/morales-inauguro-el-alto-multiespacio-para-expresiones-culturales-sociales-y-deportivas\\\/\",\"name\":\"Morales inaugur\u00f3 el Alto Multiespacio para expresiones culturales, sociales y deportivas - Muy Jujuy\",\"isPartOf\":{\"@id\":\"https:\\\/\\\/www.muyjujuy.com\\\/#website\"},\"primaryImageOfPage\":{\"@id\":\"https:\\\/\\\/www.muyjujuy.com\\\/index.php\\\/2022\\\/11\\\/23\\\/morales-inauguro-el-alto-multiespacio-para-expresiones-culturales-sociales-y-deportivas\\\/#primaryimage\"},\"image\":{\"@id\":\"https:\\\/\\\/www.muyjujuy.com\\\/index.php\\\/2022\\\/11\\\/23\\\/morales-inauguro-el-alto-multiespacio-para-expresiones-culturales-sociales-y-deportivas\\\/#primaryimage\"},\"thumbnailUrl\":\"https:\\\/\\\/www.muyjujuy.com\\\/wp-content\\\/uploads\\\/2022\\\/11\\\/WhatsApp-Image-2022-11-23-at-15.33.52.jpeg\",\"datePublished\":\"2022-11-23T18:48:52+00:00\",\"dateModified\":\"2022-11-23T18:48:54+00:00\",\"description\":\"El gobernador encabez\u00f3 la inauguraci\u00f3n del Alto Multiespacio en el barrio de Alto Comedero que es de importancia para la comunidad.\",\"breadcrumb\":{\"@id\":\"https:\\\/\\\/www.muyjujuy.com\\\/index.php\\\/2022\\\/11\\\/23\\\/morales-inauguro-el-alto-multiespacio-para-expresiones-culturales-sociales-y-deportivas\\\/#breadcrumb\"},\"inLanguage\":\"es-AR\",\"potentialAction\":[{\"@type\":\"ReadAction\",\"target\":[\"https:\\\/\\\/www.muyjujuy.com\\\/index.php\\\/2022\\\/11\\\/23\\\/morales-inauguro-el-alto-multiespacio-para-expresiones-culturales-sociales-y-deportivas\\\/\"]}]},{\"@type\":\"ImageObject\",\"inLanguage\":\"es-AR\",\"@id\":\"https:\\\/\\\/www.muyjujuy.com\\\/index.php\\\/2022\\\/11\\\/23\\\/morales-inauguro-el-alto-multiespacio-para-expresiones-culturales-sociales-y-deportivas\\\/#primaryimage\",\"url\":\"https:\\\/\\\/www.muyjujuy.com\\\/wp-content\\\/uploads\\\/2022\\\/11\\\/WhatsApp-Image-2022-11-23-at-15.33.52.jpeg\",\"contentUrl\":\"https:\\\/\\\/www.muyjujuy.com\\\/wp-content\\\/uploads\\\/2022\\\/11\\\/WhatsApp-Image-2022-11-23-at-15.33.52.jpeg\",\"width\":1012,\"height\":675},{\"@type\":\"BreadcrumbList\",\"@id\":\"https:\\\/\\\/www.muyjujuy.com\\\/index.php\\\/2022\\\/11\\\/23\\\/morales-inauguro-el-alto-multiespacio-para-expresiones-culturales-sociales-y-deportivas\\\/#breadcrumb\",\"itemListElement\":[{\"@type\":\"ListItem\",\"position\":1,\"name\":\"Inicio\",\"item\":\"https:\\\/\\\/www.muyjujuy.com\\\/\"},{\"@type\":\"ListItem\",\"position\":2,\"name\":\"Morales inaugur\u00f3 el Alto Multiespacio para expresiones culturales, sociales y deportivas\"}]},{\"@type\":\"WebSite\",\"@id\":\"https:\\\/\\\/www.muyjujuy.com\\\/#website\",\"url\":\"https:\\\/\\\/www.muyjujuy.com\\\/\",\"name\":\"Muy Jujuy\",\"description\":\"\",\"publisher\":{\"@id\":\"https:\\\/\\\/www.muyjujuy.com\\\/#organization\"},\"potentialAction\":[{\"@type\":\"SearchAction\",\"target\":{\"@type\":\"EntryPoint\",\"urlTemplate\":\"https:\\\/\\\/www.muyjujuy.com\\\/?s={search_term_string}\"},\"query-input\":{\"@type\":\"PropertyValueSpecification\",\"valueRequired\":true,\"valueName\":\"search_term_string\"}}],\"inLanguage\":\"es-AR\"},{\"@type\":\"Organization\",\"@id\":\"https:\\\/\\\/www.muyjujuy.com\\\/#organization\",\"name\":\"Muy Jujuy\",\"url\":\"https:\\\/\\\/www.muyjujuy.com\\\/\",\"logo\":{\"@type\":\"ImageObject\",\"inLanguage\":\"es-AR\",\"@id\":\"https:\\\/\\\/www.muyjujuy.com\\\/#\\\/schema\\\/logo\\\/image\\\/\",\"url\":\"http:\\\/\\\/www.muyjujuy.com\\\/wp-content\\\/uploads\\\/2022\\\/05\\\/logo-mobil-jujuy.png\",\"contentUrl\":\"http:\\\/\\\/www.muyjujuy.com\\\/wp-content\\\/uploads\\\/2022\\\/05\\\/logo-mobil-jujuy.png\",\"width\":174,\"height\":81,\"caption\":\"Muy Jujuy\"},\"image\":{\"@id\":\"https:\\\/\\\/www.muyjujuy.com\\\/#\\\/schema\\\/logo\\\/image\\\/\"},\"sameAs\":[\"https:\\\/\\\/www.facebook.com\\\/muyjujuycom\",\"https:\\\/\\\/x.com\\\/muyjujuy\",\"https:\\\/\\\/www.instagram.com\\\/muyjujuycom\"]},{\"@type\":\"Person\",\"@id\":\"https:\\\/\\\/www.muyjujuy.com\\\/#\\\/schema\\\/person\\\/1d0f6e223ccea9e3f9034c1a5b683bf2\",\"name\":\"Redacci\u00f3n Muy Jujuy\",\"image\":{\"@type\":\"ImageObject\",\"inLanguage\":\"es-AR\",\"@id\":\"https:\\\/\\\/secure.gravatar.com\\\/avatar\\\/fec5f6f1893d741ed5eecccff109ce43e67a855411202a3212a058cb8e5c27d4?s=96&d=mm&r=g\",\"url\":\"https:\\\/\\\/secure.gravatar.com\\\/avatar\\\/fec5f6f1893d741ed5eecccff109ce43e67a855411202a3212a058cb8e5c27d4?s=96&d=mm&r=g\",\"contentUrl\":\"https:\\\/\\\/secure.gravatar.com\\\/avatar\\\/fec5f6f1893d741ed5eecccff109ce43e67a855411202a3212a058cb8e5c27d4?s=96&d=mm&r=g\",\"caption\":\"Redacci\u00f3n Muy Jujuy\"},\"url\":\"https:\\\/\\\/www.muyjujuy.com\\\/index.php\\\/author\\\/editor\\\/\"}]}<\/script>\n<!-- \/ Yoast SEO plugin. -->","yoast_head_json":{"title":"Morales inaugur\u00f3 el Alto Multiespacio para expresiones culturales, sociales y deportivas - Muy Jujuy","description":"El gobernador encabez\u00f3 la inauguraci\u00f3n del Alto Multiespacio en el barrio de Alto Comedero que es de importancia para la comunidad.","robots":{"index":"index","follow":"follow","max-snippet":"max-snippet:-1","max-image-preview":"max-image-preview:large","max-video-preview":"max-video-preview:-1"},"canonical":"https:\/\/www.muyjujuy.com\/index.php\/2022\/11\/23\/morales-inauguro-el-alto-multiespacio-para-expresiones-culturales-sociales-y-deportivas\/","og_locale":"es_ES","og_type":"article","og_title":"Morales inaugur\u00f3 el Alto Multiespacio para expresiones culturales, sociales y deportivas - Muy Jujuy","og_description":"El gobernador encabez\u00f3 la inauguraci\u00f3n del Alto Multiespacio en el barrio de Alto Comedero que es de importancia para la comunidad.","og_url":"https:\/\/www.muyjujuy.com\/index.php\/2022\/11\/23\/morales-inauguro-el-alto-multiespacio-para-expresiones-culturales-sociales-y-deportivas\/","og_site_name":"Muy Jujuy","article_publisher":"https:\/\/www.facebook.com\/muyjujuycom","article_published_time":"2022-11-23T18:48:52+00:00","article_modified_time":"2022-11-23T18:48:54+00:00","og_image":[{"width":1012,"height":675,"url":"https:\/\/www.muyjujuy.com\/wp-content\/uploads\/2022\/11\/WhatsApp-Image-2022-11-23-at-15.33.52.jpeg","type":"image\/jpeg"}],"author":"Redacci\u00f3n Muy Jujuy","twitter_card":"summary_large_image","twitter_creator":"@muyjujuy","twitter_site":"@muyjujuy","twitter_misc":{"Escrito por":"Redacci\u00f3n Muy Jujuy","Tiempo de lectura":"2 minutos"},"schema":{"@context":"https:\/\/schema.org","@graph":[{"@type":"Article","@id":"https:\/\/www.muyjujuy.com\/index.php\/2022\/11\/23\/morales-inauguro-el-alto-multiespacio-para-expresiones-culturales-sociales-y-deportivas\/#article","isPartOf":{"@id":"https:\/\/www.muyjujuy.com\/index.php\/2022\/11\/23\/morales-inauguro-el-alto-multiespacio-para-expresiones-culturales-sociales-y-deportivas\/"},"author":{"name":"Redacci\u00f3n Muy Jujuy","@id":"https:\/\/www.muyjujuy.com\/#\/schema\/person\/1d0f6e223ccea9e3f9034c1a5b683bf2"},"headline":"Morales inaugur\u00f3 el Alto Multiespacio para expresiones culturales, sociales y deportivas","datePublished":"2022-11-23T18:48:52+00:00","dateModified":"2022-11-23T18:48:54+00:00","mainEntityOfPage":{"@id":"https:\/\/www.muyjujuy.com\/index.php\/2022\/11\/23\/morales-inauguro-el-alto-multiespacio-para-expresiones-culturales-sociales-y-deportivas\/"},"wordCount":259,"commentCount":0,"publisher":{"@id":"https:\/\/www.muyjujuy.com\/#organization"},"image":{"@id":"https:\/\/www.muyjujuy.com\/index.php\/2022\/11\/23\/morales-inauguro-el-alto-multiespacio-para-expresiones-culturales-sociales-y-deportivas\/#primaryimage"},"thumbnailUrl":"https:\/\/www.muyjujuy.com\/wp-content\/uploads\/2022\/11\/WhatsApp-Image-2022-11-23-at-15.33.52.jpeg","keywords":["Alto Comedero","Gerardo Morales","Jujuy"],"articleSection":["Pol\u00edtica"],"inLanguage":"es-AR","potentialAction":[{"@type":"CommentAction","name":"Comment","target":["https:\/\/www.muyjujuy.com\/index.php\/2022\/11\/23\/morales-inauguro-el-alto-multiespacio-para-expresiones-culturales-sociales-y-deportivas\/#respond"]}]},{"@type":"WebPage","@id":"https:\/\/www.muyjujuy.com\/index.php\/2022\/11\/23\/morales-inauguro-el-alto-multiespacio-para-expresiones-culturales-sociales-y-deportivas\/","url":"https:\/\/www.muyjujuy.com\/index.php\/2022\/11\/23\/morales-inauguro-el-alto-multiespacio-para-expresiones-culturales-sociales-y-deportivas\/","name":"Morales inaugur\u00f3 el Alto Multiespacio para expresiones culturales, sociales y deportivas - Muy Jujuy","isPartOf":{"@id":"https:\/\/www.muyjujuy.com\/#website"},"primaryImageOfPage":{"@id":"https:\/\/www.muyjujuy.com\/index.php\/2022\/11\/23\/morales-inauguro-el-alto-multiespacio-para-expresiones-culturales-sociales-y-deportivas\/#primaryimage"},"image":{"@id":"https:\/\/www.muyjujuy.com\/index.php\/2022\/11\/23\/morales-inauguro-el-alto-multiespacio-para-expresiones-culturales-sociales-y-deportivas\/#primaryimage"},"thumbnailUrl":"https:\/\/www.muyjujuy.com\/wp-content\/uploads\/2022\/11\/WhatsApp-Image-2022-11-23-at-15.33.52.jpeg","datePublished":"2022-11-23T18:48:52+00:00","dateModified":"2022-11-23T18:48:54+00:00","description":"El gobernador encabez\u00f3 la inauguraci\u00f3n del Alto Multiespacio en el barrio de Alto Comedero que es de importancia para la comunidad.","breadcrumb":{"@id":"https:\/\/www.muyjujuy.com\/index.php\/2022\/11\/23\/morales-inauguro-el-alto-multiespacio-para-expresiones-culturales-sociales-y-deportivas\/#breadcrumb"},"inLanguage":"es-AR","potentialAction":[{"@type":"ReadAction","target":["https:\/\/www.muyjujuy.com\/index.php\/2022\/11\/23\/morales-inauguro-el-alto-multiespacio-para-expresiones-culturales-sociales-y-deportivas\/"]}]},{"@type":"ImageObject","inLanguage":"es-AR","@id":"https:\/\/www.muyjujuy.com\/index.php\/2022\/11\/23\/morales-inauguro-el-alto-multiespacio-para-expresiones-culturales-sociales-y-deportivas\/#primaryimage","url":"https:\/\/www.muyjujuy.com\/wp-content\/uploads\/2022\/11\/WhatsApp-Image-2022-11-23-at-15.33.52.jpeg","contentUrl":"https:\/\/www.muyjujuy.com\/wp-content\/uploads\/2022\/11\/WhatsApp-Image-2022-11-23-at-15.33.52.jpeg","width":1012,"height":675},{"@type":"BreadcrumbList","@id":"https:\/\/www.muyjujuy.com\/index.php\/2022\/11\/23\/morales-inauguro-el-alto-multiespacio-para-expresiones-culturales-sociales-y-deportivas\/#breadcrumb","itemListElement":[{"@type":"ListItem","position":1,"name":"Inicio","item":"https:\/\/www.muyjujuy.com\/"},{"@type":"ListItem","position":2,"name":"Morales inaugur\u00f3 el Alto Multiespacio para expresiones culturales, sociales y deportivas"}]},{"@type":"WebSite","@id":"https:\/\/www.muyjujuy.com\/#website","url":"https:\/\/www.muyjujuy.com\/","name":"Muy Jujuy","description":"","publisher":{"@id":"https:\/\/www.muyjujuy.com\/#organization"},"potentialAction":[{"@type":"SearchAction","target":{"@type":"EntryPoint","urlTemplate":"https:\/\/www.muyjujuy.com\/?s={search_term_string}"},"query-input":{"@type":"PropertyValueSpecification","valueRequired":true,"valueName":"search_term_string"}}],"inLanguage":"es-AR"},{"@type":"Organization","@id":"https:\/\/www.muyjujuy.com\/#organization","name":"Muy Jujuy","url":"https:\/\/www.muyjujuy.com\/","logo":{"@type":"ImageObject","inLanguage":"es-AR","@id":"https:\/\/www.muyjujuy.com\/#\/schema\/logo\/image\/","url":"http:\/\/www.muyjujuy.com\/wp-content\/uploads\/2022\/05\/logo-mobil-jujuy.png","contentUrl":"http:\/\/www.muyjujuy.com\/wp-content\/uploads\/2022\/05\/logo-mobil-jujuy.png","width":174,"height":81,"caption":"Muy Jujuy"},"image":{"@id":"https:\/\/www.muyjujuy.com\/#\/schema\/logo\/image\/"},"sameAs":["https:\/\/www.facebook.com\/muyjujuycom","https:\/\/x.com\/muyjujuy","https:\/\/www.instagram.com\/muyjujuycom"]},{"@type":"Person","@id":"https:\/\/www.muyjujuy.com\/#\/schema\/person\/1d0f6e223ccea9e3f9034c1a5b683bf2","name":"Redacci\u00f3n Muy Jujuy","image":{"@type":"ImageObject","inLanguage":"es-AR","@id":"https:\/\/secure.gravatar.com\/avatar\/fec5f6f1893d741ed5eecccff109ce43e67a855411202a3212a058cb8e5c27d4?s=96&d=mm&r=g","url":"https:\/\/secure.gravatar.com\/avatar\/fec5f6f1893d741ed5eecccff109ce43e67a855411202a3212a058cb8e5c27d4?s=96&d=mm&r=g","contentUrl":"https:\/\/secure.gravatar.com\/avatar\/fec5f6f1893d741ed5eecccff109ce43e67a855411202a3212a058cb8e5c27d4?s=96&d=mm&r=g","caption":"Redacci\u00f3n Muy Jujuy"},"url":"https:\/\/www.muyjujuy.com\/index.php\/author\/editor\/"}]}},"_links":{"self":[{"href":"https:\/\/www.muyjujuy.com\/index.php\/wp-json\/wp\/v2\/posts\/2136","targetHints":{"allow":["GET"]}}],"collection":[{"href":"https:\/\/www.muyjujuy.com\/index.php\/wp-json\/wp\/v2\/posts"}],"about":[{"href":"https:\/\/www.muyjujuy.com\/index.php\/wp-json\/wp\/v2\/types\/post"}],"author":[{"embeddable":true,"href":"https:\/\/www.muyjujuy.com\/index.php\/wp-json\/wp\/v2\/users\/3"}],"replies":[{"embeddable":true,"href":"https:\/\/www.muyjujuy.com\/index.php\/wp-json\/wp\/v2\/comments?post=2136"}],"version-history":[{"count":1,"href":"https:\/\/www.muyjujuy.com\/index.php\/wp-json\/wp\/v2\/posts\/2136\/revisions"}],"predecessor-version":[{"id":2138,"href":"https:\/\/www.muyjujuy.com\/index.php\/wp-json\/wp\/v2\/posts\/2136\/revisions\/2138"}],"wp:featuredmedia":[{"embeddable":true,"href":"https:\/\/www.muyjujuy.com\/index.php\/wp-json\/wp\/v2\/media\/2137"}],"wp:attachment":[{"href":"https:\/\/www.muyjujuy.com\/index.php\/wp-json\/wp\/v2\/media?parent=2136"}],"wp:term":[{"taxonomy":"category","embeddable":true,"href":"https:\/\/www.muyjujuy.com\/index.php\/wp-json\/wp\/v2\/categories?post=2136"},{"taxonomy":"post_tag","embeddable":true,"href":"https:\/\/www.muyjujuy.com\/index.php\/wp-json\/wp\/v2\/tags?post=2136"}],"curies":[{"name":"wp","href":"https:\/\/api.w.org\/{rel}","templated":true}]}}