{"id":2139,"date":"2022-11-23T19:27:39","date_gmt":"2022-11-23T22:27:39","guid":{"rendered":"https:\/\/www.muyjujuy.com\/?p=2139"},"modified":"2022-11-23T19:27:41","modified_gmt":"2022-11-23T22:27:41","slug":"fuerte-planteo-de-morales-por-el-desarrollo-de-las-energias-renovables-en-el-norte-grande","status":"publish","type":"post","link":"https:\/\/www.muyjujuy.com\/index.php\/2022\/11\/23\/fuerte-planteo-de-morales-por-el-desarrollo-de-las-energias-renovables-en-el-norte-grande\/","title":{"rendered":"Fuerte planteo de Morales por el desarrollo de las energ\u00edas renovables en el Norte Grande"},"content":{"rendered":"\n<p><em>El gobernador Morales particip\u00f3 de la nueva cumbre del Norte Grande con eje en la inversi\u00f3n en energ\u00edas renovables.<\/em><\/p>\n\n\n\n<p>El gobernador de Jujuy, <strong>Gerardo Morales<\/strong>, particip\u00f3 de la <strong>15\u00ba Asamblea de Gobernadores del Norte Grande <\/strong>que se celebr\u00f3 en Corrientes e hizo votos por la definici\u00f3n de paquete de obras con cr\u00e9dito de China para generar 1.000 Mw de energ\u00eda renovable. En este sentido, expuso la experiencia juje\u00f1a con la ejecuci\u00f3n del proyecto Cauchari que produce energ\u00eda solar y se financia mediante una operatoria del Eximbank.<\/p>\n\n\n\n<p>Asimismo, y para materializar este objetivo, plante\u00f3 la necesidad de<strong> &#8220;movernos r\u00e1pido&#8221; <\/strong>y <strong>&#8220;contar con un s\u00f3lido respaldo del Gobierno de la Naci\u00f3n&#8221;.<\/strong> <\/p>\n\n\n\n<p><strong>&#8220;En seis meses podr\u00edamos estar construyendo infraestructura energ\u00e9tica en las provincias del Norte Grande para la generaci\u00f3n de 100 Mw en cada una de ellas&#8221;<\/strong>, consider\u00f3.<\/p>\n\n\n\n<p>Adem\u00e1s, convoc\u00f3 a encaminar la regi\u00f3n y el pa\u00eds hacia el cumplimiento de los compromisos ambientales asumidos en Par\u00eds, haciendo de las provincias trincheras de lucha contra el cambio clim\u00e1tico y el calentamiento global.<\/p>\n\n\n\n<p>En esta l\u00ednea, s<strong>e pronunci\u00f3 en apoyo a la propuesta del gobierno nacional de canje de deuda a favor de los pa\u00edses que menos contaminan, entendiendo que &#8220;son los que m\u00e1s sufren las consecuencias del cambio clim\u00e1tico<\/strong> y son los que m\u00e1s se esfuerzan por cumplir las metas de Par\u00eds&#8221;.\u00a0<\/p>\n\n\n\n<p>Tambi\u00e9n estim\u00f3 oportuna la creaci\u00f3n de una comisi\u00f3n del Norte Grande para la lucha contra cambio clim\u00e1tico.\u00a0<\/p>\n\n\n\n<h2 class=\"wp-block-heading\"><strong>Cumbre Norte Grande<\/strong><\/h2>\n\n\n\n<p>Desde las provincias, arribaron los gobernadores de Jujuy,<strong> Gerardo Morales<\/strong>; de Chaco, <strong>Jorge Capitanich<\/strong>; de Catamarca, <strong>Ra\u00fal Jalil<\/strong>; de Formosa,<strong> Gildo Insfr\u00e1n<\/strong>; de Salta,<strong> Gustavo S\u00e1enz<\/strong>; de Tucum\u00e1n, <strong>Osvaldo Jaldo<\/strong>; de Misiones,<strong> Oscar Herrera Ahuad<\/strong>; de La Rioja,<strong> Ricardo Quintela<\/strong>; y de Santiago del Estero, <strong>Gerardo Zamora<\/strong>; y a ellos se sum\u00f3 el anfitri\u00f3n de Corrientes, <strong>Gustavo Vald\u00e9s.\u00a0<\/strong><\/p>\n\n\n\n<p>Cabe consignar, que estaba prevista la presencia del presidente Alberto Fern\u00e1ndez, sin embargo, por prescripci\u00f3n m\u00e9dica decidi\u00f3 no participar del encuentro en Corrientes. S\u00ed fueron parte de la asamblea de gobernadores, fueron el jefe de Gabinete de la Naci\u00f3n, Juan Manzur; y los ministros de Interior, Eduardo de Pedro; de Obras P\u00fablicas, Gabriel Katopodis; de Desarrollo Social, Victoria Tolosa Paz; y de Transporte, Santiago Maggiotti.\u00a0<\/p>\n","protected":false},"excerpt":{"rendered":"<p>El gobernador Morales particip\u00f3 de la nueva cumbre del Norte Grande con eje en la inversi\u00f3n en energ\u00edas renovables. El gobernador de Jujuy, Gerardo Morales, particip\u00f3 de la 15\u00ba Asamblea de Gobernadores del Norte Grande que se celebr\u00f3 en Corrientes e hizo votos por la definici\u00f3n de paquete de obras con cr\u00e9dito de China para [&hellip;]<\/p>\n","protected":false},"author":3,"featured_media":2140,"comment_status":"open","ping_status":"open","sticky":false,"template":"","format":"standard","meta":{"footnotes":""},"categories":[24],"tags":[5,8],"class_list":{"0":"post-2139","1":"post","2":"type-post","3":"status-publish","4":"format-standard","5":"has-post-thumbnail","7":"category-politica","8":"tag-gerardo-morales","9":"tag-jujuy"},"yoast_head":"<!-- This site is optimized with the Yoast SEO plugin v27.5 - https:\/\/yoast.com\/product\/yoast-seo-wordpress\/ -->\n<title>Fuerte planteo de Morales por el desarrollo de las energ\u00edas renovables en el Norte Grande - Muy Jujuy<\/title>\n<meta name=\"description\" content=\"El gobernador Morales particip\u00f3 de la nueva cumbre del Norte Grande con eje en la inversi\u00f3n en energ\u00edas renovables.\" \/>\n<meta name=\"robots\" content=\"index, follow, max-snippet:-1, max-image-preview:large, max-video-preview:-1\" \/>\n<link rel=\"canonical\" href=\"https:\/\/www.muyjujuy.com\/index.php\/2022\/11\/23\/fuerte-planteo-de-morales-por-el-desarrollo-de-las-energias-renovables-en-el-norte-grande\/\" \/>\n<meta property=\"og:locale\" content=\"es_ES\" \/>\n<meta property=\"og:type\" content=\"article\" \/>\n<meta property=\"og:title\" content=\"Fuerte planteo de Morales por el desarrollo de las energ\u00edas renovables en el Norte Grande - Muy Jujuy\" \/>\n<meta property=\"og:description\" content=\"El gobernador Morales particip\u00f3 de la nueva cumbre del Norte Grande con eje en la inversi\u00f3n en energ\u00edas renovables.\" \/>\n<meta property=\"og:url\" content=\"https:\/\/www.muyjujuy.com\/index.php\/2022\/11\/23\/fuerte-planteo-de-morales-por-el-desarrollo-de-las-energias-renovables-en-el-norte-grande\/\" \/>\n<meta property=\"og:site_name\" content=\"Muy Jujuy\" \/>\n<meta property=\"article:publisher\" content=\"https:\/\/www.facebook.com\/muyjujuycom\" \/>\n<meta property=\"article:published_time\" content=\"2022-11-23T22:27:39+00:00\" \/>\n<meta property=\"article:modified_time\" content=\"2022-11-23T22:27:41+00:00\" \/>\n<meta property=\"og:image\" content=\"https:\/\/www.muyjujuy.com\/wp-content\/uploads\/2022\/11\/WhatsApp-Image-2022-11-23-at-19.20.19.jpeg\" \/>\n\t<meta property=\"og:image:width\" content=\"1200\" \/>\n\t<meta property=\"og:image:height\" content=\"800\" \/>\n\t<meta property=\"og:image:type\" content=\"image\/jpeg\" \/>\n<meta name=\"author\" content=\"Redacci\u00f3n Muy Jujuy\" \/>\n<meta name=\"twitter:card\" content=\"summary_large_image\" \/>\n<meta name=\"twitter:creator\" content=\"@muyjujuy\" \/>\n<meta name=\"twitter:site\" content=\"@muyjujuy\" \/>\n<meta name=\"twitter:label1\" content=\"Escrito por\" \/>\n\t<meta name=\"twitter:data1\" content=\"Redacci\u00f3n Muy Jujuy\" \/>\n\t<meta name=\"twitter:label2\" content=\"Tiempo de lectura\" \/>\n\t<meta name=\"twitter:data2\" content=\"2 minutos\" \/>\n<script type=\"application\/ld+json\" class=\"yoast-schema-graph\">{\"@context\":\"https:\\\/\\\/schema.org\",\"@graph\":[{\"@type\":\"Article\",\"@id\":\"https:\\\/\\\/www.muyjujuy.com\\\/index.php\\\/2022\\\/11\\\/23\\\/fuerte-planteo-de-morales-por-el-desarrollo-de-las-energias-renovables-en-el-norte-grande\\\/#article\",\"isPartOf\":{\"@id\":\"https:\\\/\\\/www.muyjujuy.com\\\/index.php\\\/2022\\\/11\\\/23\\\/fuerte-planteo-de-morales-por-el-desarrollo-de-las-energias-renovables-en-el-norte-grande\\\/\"},\"author\":{\"name\":\"Redacci\u00f3n Muy Jujuy\",\"@id\":\"https:\\\/\\\/www.muyjujuy.com\\\/#\\\/schema\\\/person\\\/1d0f6e223ccea9e3f9034c1a5b683bf2\"},\"headline\":\"Fuerte planteo de Morales por el desarrollo de las energ\u00edas renovables en el Norte Grande\",\"datePublished\":\"2022-11-23T22:27:39+00:00\",\"dateModified\":\"2022-11-23T22:27:41+00:00\",\"mainEntityOfPage\":{\"@id\":\"https:\\\/\\\/www.muyjujuy.com\\\/index.php\\\/2022\\\/11\\\/23\\\/fuerte-planteo-de-morales-por-el-desarrollo-de-las-energias-renovables-en-el-norte-grande\\\/\"},\"wordCount\":415,\"commentCount\":0,\"publisher\":{\"@id\":\"https:\\\/\\\/www.muyjujuy.com\\\/#organization\"},\"image\":{\"@id\":\"https:\\\/\\\/www.muyjujuy.com\\\/index.php\\\/2022\\\/11\\\/23\\\/fuerte-planteo-de-morales-por-el-desarrollo-de-las-energias-renovables-en-el-norte-grande\\\/#primaryimage\"},\"thumbnailUrl\":\"https:\\\/\\\/www.muyjujuy.com\\\/wp-content\\\/uploads\\\/2022\\\/11\\\/WhatsApp-Image-2022-11-23-at-19.20.19.jpeg\",\"keywords\":[\"Gerardo Morales\",\"Jujuy\"],\"articleSection\":[\"Pol\u00edtica\"],\"inLanguage\":\"es-AR\",\"potentialAction\":[{\"@type\":\"CommentAction\",\"name\":\"Comment\",\"target\":[\"https:\\\/\\\/www.muyjujuy.com\\\/index.php\\\/2022\\\/11\\\/23\\\/fuerte-planteo-de-morales-por-el-desarrollo-de-las-energias-renovables-en-el-norte-grande\\\/#respond\"]}]},{\"@type\":\"WebPage\",\"@id\":\"https:\\\/\\\/www.muyjujuy.com\\\/index.php\\\/2022\\\/11\\\/23\\\/fuerte-planteo-de-morales-por-el-desarrollo-de-las-energias-renovables-en-el-norte-grande\\\/\",\"url\":\"https:\\\/\\\/www.muyjujuy.com\\\/index.php\\\/2022\\\/11\\\/23\\\/fuerte-planteo-de-morales-por-el-desarrollo-de-las-energias-renovables-en-el-norte-grande\\\/\",\"name\":\"Fuerte planteo de Morales por el desarrollo de las energ\u00edas renovables en el Norte Grande - Muy Jujuy\",\"isPartOf\":{\"@id\":\"https:\\\/\\\/www.muyjujuy.com\\\/#website\"},\"primaryImageOfPage\":{\"@id\":\"https:\\\/\\\/www.muyjujuy.com\\\/index.php\\\/2022\\\/11\\\/23\\\/fuerte-planteo-de-morales-por-el-desarrollo-de-las-energias-renovables-en-el-norte-grande\\\/#primaryimage\"},\"image\":{\"@id\":\"https:\\\/\\\/www.muyjujuy.com\\\/index.php\\\/2022\\\/11\\\/23\\\/fuerte-planteo-de-morales-por-el-desarrollo-de-las-energias-renovables-en-el-norte-grande\\\/#primaryimage\"},\"thumbnailUrl\":\"https:\\\/\\\/www.muyjujuy.com\\\/wp-content\\\/uploads\\\/2022\\\/11\\\/WhatsApp-Image-2022-11-23-at-19.20.19.jpeg\",\"datePublished\":\"2022-11-23T22:27:39+00:00\",\"dateModified\":\"2022-11-23T22:27:41+00:00\",\"description\":\"El gobernador Morales particip\u00f3 de la nueva cumbre del Norte Grande con eje en la inversi\u00f3n en energ\u00edas renovables.\",\"breadcrumb\":{\"@id\":\"https:\\\/\\\/www.muyjujuy.com\\\/index.php\\\/2022\\\/11\\\/23\\\/fuerte-planteo-de-morales-por-el-desarrollo-de-las-energias-renovables-en-el-norte-grande\\\/#breadcrumb\"},\"inLanguage\":\"es-AR\",\"potentialAction\":[{\"@type\":\"ReadAction\",\"target\":[\"https:\\\/\\\/www.muyjujuy.com\\\/index.php\\\/2022\\\/11\\\/23\\\/fuerte-planteo-de-morales-por-el-desarrollo-de-las-energias-renovables-en-el-norte-grande\\\/\"]}]},{\"@type\":\"ImageObject\",\"inLanguage\":\"es-AR\",\"@id\":\"https:\\\/\\\/www.muyjujuy.com\\\/index.php\\\/2022\\\/11\\\/23\\\/fuerte-planteo-de-morales-por-el-desarrollo-de-las-energias-renovables-en-el-norte-grande\\\/#primaryimage\",\"url\":\"https:\\\/\\\/www.muyjujuy.com\\\/wp-content\\\/uploads\\\/2022\\\/11\\\/WhatsApp-Image-2022-11-23-at-19.20.19.jpeg\",\"contentUrl\":\"https:\\\/\\\/www.muyjujuy.com\\\/wp-content\\\/uploads\\\/2022\\\/11\\\/WhatsApp-Image-2022-11-23-at-19.20.19.jpeg\",\"width\":1200,\"height\":800},{\"@type\":\"BreadcrumbList\",\"@id\":\"https:\\\/\\\/www.muyjujuy.com\\\/index.php\\\/2022\\\/11\\\/23\\\/fuerte-planteo-de-morales-por-el-desarrollo-de-las-energias-renovables-en-el-norte-grande\\\/#breadcrumb\",\"itemListElement\":[{\"@type\":\"ListItem\",\"position\":1,\"name\":\"Inicio\",\"item\":\"https:\\\/\\\/www.muyjujuy.com\\\/\"},{\"@type\":\"ListItem\",\"position\":2,\"name\":\"Fuerte planteo de Morales por el desarrollo de las energ\u00edas renovables en el Norte Grande\"}]},{\"@type\":\"WebSite\",\"@id\":\"https:\\\/\\\/www.muyjujuy.com\\\/#website\",\"url\":\"https:\\\/\\\/www.muyjujuy.com\\\/\",\"name\":\"Muy Jujuy\",\"description\":\"\",\"publisher\":{\"@id\":\"https:\\\/\\\/www.muyjujuy.com\\\/#organization\"},\"potentialAction\":[{\"@type\":\"SearchAction\",\"target\":{\"@type\":\"EntryPoint\",\"urlTemplate\":\"https:\\\/\\\/www.muyjujuy.com\\\/?s={search_term_string}\"},\"query-input\":{\"@type\":\"PropertyValueSpecification\",\"valueRequired\":true,\"valueName\":\"search_term_string\"}}],\"inLanguage\":\"es-AR\"},{\"@type\":\"Organization\",\"@id\":\"https:\\\/\\\/www.muyjujuy.com\\\/#organization\",\"name\":\"Muy Jujuy\",\"url\":\"https:\\\/\\\/www.muyjujuy.com\\\/\",\"logo\":{\"@type\":\"ImageObject\",\"inLanguage\":\"es-AR\",\"@id\":\"https:\\\/\\\/www.muyjujuy.com\\\/#\\\/schema\\\/logo\\\/image\\\/\",\"url\":\"http:\\\/\\\/www.muyjujuy.com\\\/wp-content\\\/uploads\\\/2022\\\/05\\\/logo-mobil-jujuy.png\",\"contentUrl\":\"http:\\\/\\\/www.muyjujuy.com\\\/wp-content\\\/uploads\\\/2022\\\/05\\\/logo-mobil-jujuy.png\",\"width\":174,\"height\":81,\"caption\":\"Muy Jujuy\"},\"image\":{\"@id\":\"https:\\\/\\\/www.muyjujuy.com\\\/#\\\/schema\\\/logo\\\/image\\\/\"},\"sameAs\":[\"https:\\\/\\\/www.facebook.com\\\/muyjujuycom\",\"https:\\\/\\\/x.com\\\/muyjujuy\",\"https:\\\/\\\/www.instagram.com\\\/muyjujuycom\"]},{\"@type\":\"Person\",\"@id\":\"https:\\\/\\\/www.muyjujuy.com\\\/#\\\/schema\\\/person\\\/1d0f6e223ccea9e3f9034c1a5b683bf2\",\"name\":\"Redacci\u00f3n Muy Jujuy\",\"image\":{\"@type\":\"ImageObject\",\"inLanguage\":\"es-AR\",\"@id\":\"https:\\\/\\\/secure.gravatar.com\\\/avatar\\\/fec5f6f1893d741ed5eecccff109ce43e67a855411202a3212a058cb8e5c27d4?s=96&d=mm&r=g\",\"url\":\"https:\\\/\\\/secure.gravatar.com\\\/avatar\\\/fec5f6f1893d741ed5eecccff109ce43e67a855411202a3212a058cb8e5c27d4?s=96&d=mm&r=g\",\"contentUrl\":\"https:\\\/\\\/secure.gravatar.com\\\/avatar\\\/fec5f6f1893d741ed5eecccff109ce43e67a855411202a3212a058cb8e5c27d4?s=96&d=mm&r=g\",\"caption\":\"Redacci\u00f3n Muy Jujuy\"},\"url\":\"https:\\\/\\\/www.muyjujuy.com\\\/index.php\\\/author\\\/editor\\\/\"}]}<\/script>\n<!-- \/ Yoast SEO plugin. -->","yoast_head_json":{"title":"Fuerte planteo de Morales por el desarrollo de las energ\u00edas renovables en el Norte Grande - Muy Jujuy","description":"El gobernador Morales particip\u00f3 de la nueva cumbre del Norte Grande con eje en la inversi\u00f3n en energ\u00edas renovables.","robots":{"index":"index","follow":"follow","max-snippet":"max-snippet:-1","max-image-preview":"max-image-preview:large","max-video-preview":"max-video-preview:-1"},"canonical":"https:\/\/www.muyjujuy.com\/index.php\/2022\/11\/23\/fuerte-planteo-de-morales-por-el-desarrollo-de-las-energias-renovables-en-el-norte-grande\/","og_locale":"es_ES","og_type":"article","og_title":"Fuerte planteo de Morales por el desarrollo de las energ\u00edas renovables en el Norte Grande - Muy Jujuy","og_description":"El gobernador Morales particip\u00f3 de la nueva cumbre del Norte Grande con eje en la inversi\u00f3n en energ\u00edas renovables.","og_url":"https:\/\/www.muyjujuy.com\/index.php\/2022\/11\/23\/fuerte-planteo-de-morales-por-el-desarrollo-de-las-energias-renovables-en-el-norte-grande\/","og_site_name":"Muy Jujuy","article_publisher":"https:\/\/www.facebook.com\/muyjujuycom","article_published_time":"2022-11-23T22:27:39+00:00","article_modified_time":"2022-11-23T22:27:41+00:00","og_image":[{"width":1200,"height":800,"url":"https:\/\/www.muyjujuy.com\/wp-content\/uploads\/2022\/11\/WhatsApp-Image-2022-11-23-at-19.20.19.jpeg","type":"image\/jpeg"}],"author":"Redacci\u00f3n Muy Jujuy","twitter_card":"summary_large_image","twitter_creator":"@muyjujuy","twitter_site":"@muyjujuy","twitter_misc":{"Escrito por":"Redacci\u00f3n Muy Jujuy","Tiempo de lectura":"2 minutos"},"schema":{"@context":"https:\/\/schema.org","@graph":[{"@type":"Article","@id":"https:\/\/www.muyjujuy.com\/index.php\/2022\/11\/23\/fuerte-planteo-de-morales-por-el-desarrollo-de-las-energias-renovables-en-el-norte-grande\/#article","isPartOf":{"@id":"https:\/\/www.muyjujuy.com\/index.php\/2022\/11\/23\/fuerte-planteo-de-morales-por-el-desarrollo-de-las-energias-renovables-en-el-norte-grande\/"},"author":{"name":"Redacci\u00f3n Muy Jujuy","@id":"https:\/\/www.muyjujuy.com\/#\/schema\/person\/1d0f6e223ccea9e3f9034c1a5b683bf2"},"headline":"Fuerte planteo de Morales por el desarrollo de las energ\u00edas renovables en el Norte Grande","datePublished":"2022-11-23T22:27:39+00:00","dateModified":"2022-11-23T22:27:41+00:00","mainEntityOfPage":{"@id":"https:\/\/www.muyjujuy.com\/index.php\/2022\/11\/23\/fuerte-planteo-de-morales-por-el-desarrollo-de-las-energias-renovables-en-el-norte-grande\/"},"wordCount":415,"commentCount":0,"publisher":{"@id":"https:\/\/www.muyjujuy.com\/#organization"},"image":{"@id":"https:\/\/www.muyjujuy.com\/index.php\/2022\/11\/23\/fuerte-planteo-de-morales-por-el-desarrollo-de-las-energias-renovables-en-el-norte-grande\/#primaryimage"},"thumbnailUrl":"https:\/\/www.muyjujuy.com\/wp-content\/uploads\/2022\/11\/WhatsApp-Image-2022-11-23-at-19.20.19.jpeg","keywords":["Gerardo Morales","Jujuy"],"articleSection":["Pol\u00edtica"],"inLanguage":"es-AR","potentialAction":[{"@type":"CommentAction","name":"Comment","target":["https:\/\/www.muyjujuy.com\/index.php\/2022\/11\/23\/fuerte-planteo-de-morales-por-el-desarrollo-de-las-energias-renovables-en-el-norte-grande\/#respond"]}]},{"@type":"WebPage","@id":"https:\/\/www.muyjujuy.com\/index.php\/2022\/11\/23\/fuerte-planteo-de-morales-por-el-desarrollo-de-las-energias-renovables-en-el-norte-grande\/","url":"https:\/\/www.muyjujuy.com\/index.php\/2022\/11\/23\/fuerte-planteo-de-morales-por-el-desarrollo-de-las-energias-renovables-en-el-norte-grande\/","name":"Fuerte planteo de Morales por el desarrollo de las energ\u00edas renovables en el Norte Grande - Muy Jujuy","isPartOf":{"@id":"https:\/\/www.muyjujuy.com\/#website"},"primaryImageOfPage":{"@id":"https:\/\/www.muyjujuy.com\/index.php\/2022\/11\/23\/fuerte-planteo-de-morales-por-el-desarrollo-de-las-energias-renovables-en-el-norte-grande\/#primaryimage"},"image":{"@id":"https:\/\/www.muyjujuy.com\/index.php\/2022\/11\/23\/fuerte-planteo-de-morales-por-el-desarrollo-de-las-energias-renovables-en-el-norte-grande\/#primaryimage"},"thumbnailUrl":"https:\/\/www.muyjujuy.com\/wp-content\/uploads\/2022\/11\/WhatsApp-Image-2022-11-23-at-19.20.19.jpeg","datePublished":"2022-11-23T22:27:39+00:00","dateModified":"2022-11-23T22:27:41+00:00","description":"El gobernador Morales particip\u00f3 de la nueva cumbre del Norte Grande con eje en la inversi\u00f3n en energ\u00edas renovables.","breadcrumb":{"@id":"https:\/\/www.muyjujuy.com\/index.php\/2022\/11\/23\/fuerte-planteo-de-morales-por-el-desarrollo-de-las-energias-renovables-en-el-norte-grande\/#breadcrumb"},"inLanguage":"es-AR","potentialAction":[{"@type":"ReadAction","target":["https:\/\/www.muyjujuy.com\/index.php\/2022\/11\/23\/fuerte-planteo-de-morales-por-el-desarrollo-de-las-energias-renovables-en-el-norte-grande\/"]}]},{"@type":"ImageObject","inLanguage":"es-AR","@id":"https:\/\/www.muyjujuy.com\/index.php\/2022\/11\/23\/fuerte-planteo-de-morales-por-el-desarrollo-de-las-energias-renovables-en-el-norte-grande\/#primaryimage","url":"https:\/\/www.muyjujuy.com\/wp-content\/uploads\/2022\/11\/WhatsApp-Image-2022-11-23-at-19.20.19.jpeg","contentUrl":"https:\/\/www.muyjujuy.com\/wp-content\/uploads\/2022\/11\/WhatsApp-Image-2022-11-23-at-19.20.19.jpeg","width":1200,"height":800},{"@type":"BreadcrumbList","@id":"https:\/\/www.muyjujuy.com\/index.php\/2022\/11\/23\/fuerte-planteo-de-morales-por-el-desarrollo-de-las-energias-renovables-en-el-norte-grande\/#breadcrumb","itemListElement":[{"@type":"ListItem","position":1,"name":"Inicio","item":"https:\/\/www.muyjujuy.com\/"},{"@type":"ListItem","position":2,"name":"Fuerte planteo de Morales por el desarrollo de las energ\u00edas renovables en el Norte Grande"}]},{"@type":"WebSite","@id":"https:\/\/www.muyjujuy.com\/#website","url":"https:\/\/www.muyjujuy.com\/","name":"Muy Jujuy","description":"","publisher":{"@id":"https:\/\/www.muyjujuy.com\/#organization"},"potentialAction":[{"@type":"SearchAction","target":{"@type":"EntryPoint","urlTemplate":"https:\/\/www.muyjujuy.com\/?s={search_term_string}"},"query-input":{"@type":"PropertyValueSpecification","valueRequired":true,"valueName":"search_term_string"}}],"inLanguage":"es-AR"},{"@type":"Organization","@id":"https:\/\/www.muyjujuy.com\/#organization","name":"Muy Jujuy","url":"https:\/\/www.muyjujuy.com\/","logo":{"@type":"ImageObject","inLanguage":"es-AR","@id":"https:\/\/www.muyjujuy.com\/#\/schema\/logo\/image\/","url":"http:\/\/www.muyjujuy.com\/wp-content\/uploads\/2022\/05\/logo-mobil-jujuy.png","contentUrl":"http:\/\/www.muyjujuy.com\/wp-content\/uploads\/2022\/05\/logo-mobil-jujuy.png","width":174,"height":81,"caption":"Muy Jujuy"},"image":{"@id":"https:\/\/www.muyjujuy.com\/#\/schema\/logo\/image\/"},"sameAs":["https:\/\/www.facebook.com\/muyjujuycom","https:\/\/x.com\/muyjujuy","https:\/\/www.instagram.com\/muyjujuycom"]},{"@type":"Person","@id":"https:\/\/www.muyjujuy.com\/#\/schema\/person\/1d0f6e223ccea9e3f9034c1a5b683bf2","name":"Redacci\u00f3n Muy Jujuy","image":{"@type":"ImageObject","inLanguage":"es-AR","@id":"https:\/\/secure.gravatar.com\/avatar\/fec5f6f1893d741ed5eecccff109ce43e67a855411202a3212a058cb8e5c27d4?s=96&d=mm&r=g","url":"https:\/\/secure.gravatar.com\/avatar\/fec5f6f1893d741ed5eecccff109ce43e67a855411202a3212a058cb8e5c27d4?s=96&d=mm&r=g","contentUrl":"https:\/\/secure.gravatar.com\/avatar\/fec5f6f1893d741ed5eecccff109ce43e67a855411202a3212a058cb8e5c27d4?s=96&d=mm&r=g","caption":"Redacci\u00f3n Muy Jujuy"},"url":"https:\/\/www.muyjujuy.com\/index.php\/author\/editor\/"}]}},"_links":{"self":[{"href":"https:\/\/www.muyjujuy.com\/index.php\/wp-json\/wp\/v2\/posts\/2139","targetHints":{"allow":["GET"]}}],"collection":[{"href":"https:\/\/www.muyjujuy.com\/index.php\/wp-json\/wp\/v2\/posts"}],"about":[{"href":"https:\/\/www.muyjujuy.com\/index.php\/wp-json\/wp\/v2\/types\/post"}],"author":[{"embeddable":true,"href":"https:\/\/www.muyjujuy.com\/index.php\/wp-json\/wp\/v2\/users\/3"}],"replies":[{"embeddable":true,"href":"https:\/\/www.muyjujuy.com\/index.php\/wp-json\/wp\/v2\/comments?post=2139"}],"version-history":[{"count":1,"href":"https:\/\/www.muyjujuy.com\/index.php\/wp-json\/wp\/v2\/posts\/2139\/revisions"}],"predecessor-version":[{"id":2141,"href":"https:\/\/www.muyjujuy.com\/index.php\/wp-json\/wp\/v2\/posts\/2139\/revisions\/2141"}],"wp:featuredmedia":[{"embeddable":true,"href":"https:\/\/www.muyjujuy.com\/index.php\/wp-json\/wp\/v2\/media\/2140"}],"wp:attachment":[{"href":"https:\/\/www.muyjujuy.com\/index.php\/wp-json\/wp\/v2\/media?parent=2139"}],"wp:term":[{"taxonomy":"category","embeddable":true,"href":"https:\/\/www.muyjujuy.com\/index.php\/wp-json\/wp\/v2\/categories?post=2139"},{"taxonomy":"post_tag","embeddable":true,"href":"https:\/\/www.muyjujuy.com\/index.php\/wp-json\/wp\/v2\/tags?post=2139"}],"curies":[{"name":"wp","href":"https:\/\/api.w.org\/{rel}","templated":true}]}}