{"id":2196,"date":"2023-12-14T12:46:41","date_gmt":"2023-12-14T15:46:41","guid":{"rendered":"https:\/\/www.muyjujuy.com\/?p=2196"},"modified":"2023-12-14T12:49:36","modified_gmt":"2023-12-14T15:49:36","slug":"gimnasia-de-jujuy-confirmo-su-sexto-refuerzo","status":"publish","type":"post","link":"https:\/\/www.muyjujuy.com\/index.php\/2023\/12\/14\/gimnasia-de-jujuy-confirmo-su-sexto-refuerzo\/","title":{"rendered":"Gimnasia de Jujuy confirm\u00f3 su sexto refuerzo"},"content":{"rendered":"\n<p>En las \u00faltimas horas, <a href=\"http:\/\/muyjujuy.com\">Gimnasia de Jujuy<\/a> confirm\u00f3 su sexto refuerzo para la Primera Nacional 2024. Cabe recordar que ya se hab\u00eda confirmado anteriormente la llegada de <strong>Facundo Rizzi, Franco Camargo, Rodrigo Montes, Diego L\u00f3pez y Cristian Men\u00e9ndez<\/strong>.<\/p>\n\n\n\n<p>Ahora, se suma un volante como el sexto refuerzo del equipo: <strong>Francisco Molina. <\/strong>El club ya le dio la bienvenida en las redes sociales oficiales, y asegur\u00f3 que el jugador viene de Villa D\u00e1lmine y firm\u00f3 contrato por un a\u00f1o.<\/p>\n\n\n\n<p>Adem\u00e1s, Molina <strong>comenz\u00f3 su carrera en Uruguay con Sportivo Cerrito<\/strong>, sigui\u00f3 con El Tanque Sisley y de all\u00ed a Argentina en Alvarado, Juventud Unida de San Luis, Armenio, Sarmiento y Deportivo Madryn.<\/p>\n\n\n\n<h2 class=\"wp-block-heading\">El sexto refuerzo de Gimnasia<\/h2>\n\n\n\n<p>El DT del equipo, Marcelo V\u00e1zquez, se\u00f1al\u00f3 que las nuevas incorporaciones son dif\u00edciles <em>&#8220;porque estamos lejos y por el tema econ\u00f3mico en el pa\u00eds&#8221;<\/em>. Sin embargo, resalt\u00f3: &#8220;<em>estamos bien, conformes y tranquilos.\u00a0<strong>Tenemos una base de jugadores importantes que rindieron<\/strong>, eso es bueno<\/em>&#8220;. <\/p>\n\n\n\n<figure class=\"wp-block-image size-full\"><img loading=\"lazy\" decoding=\"async\" width=\"970\" height=\"546\" src=\"https:\/\/www.muyjujuy.com\/wp-content\/uploads\/2023\/12\/image-6.png\" alt=\"\" class=\"wp-image-2197\" srcset=\"https:\/\/www.muyjujuy.com\/wp-content\/uploads\/2023\/12\/image-6.png 970w, https:\/\/www.muyjujuy.com\/wp-content\/uploads\/2023\/12\/image-6-300x169.png 300w, https:\/\/www.muyjujuy.com\/wp-content\/uploads\/2023\/12\/image-6-768x432.png 768w, https:\/\/www.muyjujuy.com\/wp-content\/uploads\/2023\/12\/image-6-150x84.png 150w, https:\/\/www.muyjujuy.com\/wp-content\/uploads\/2023\/12\/image-6-696x392.png 696w\" sizes=\"auto, (max-width: 970px) 100vw, 970px\" \/><\/figure>\n\n\n\n<p>Otro de los puestos claves a reforzar es el del arquero y desde el club se planea traer dos nuevos. Una de las posibles incorporaciones es <strong>Joaqu\u00edn Bigo<\/strong>, un arquero de 25 a\u00f1os que juega actualmente en Estudiantes de R\u00edo Cuarto. <\/p>\n\n\n\n<p>Sobre las incorporaciones, V\u00e1zquez agreg\u00f3:<em> &#8220;Estamos manejando dos delanteros m\u00e1s\u00a0que sean referencia de \u00e1rea y que puedan jugar juntos. Tambi\u00e9n\u00a0un volante m\u00e1s, ya que <strong>se va Maidana en enero y eso nos crea un hueco importante<\/strong>&#8220;. <\/em><\/p>\n\n\n\n<p>Por \u00faltimo, asegur\u00f3 que debe regresar el defensor Iv\u00e1n Antunez y se evaluar\u00e1 si se queda en el equipo. Para enero, el club estera tener el plantel completo para hacer una <strong>buena pretemporada. <\/strong><\/p>\n\n\n\n<p><\/p>\n","protected":false},"excerpt":{"rendered":"<p>En las \u00faltimas horas, Gimnasia de Jujuy confirm\u00f3 su sexto refuerzo para la Primera Nacional 2024. Cabe recordar que ya se hab\u00eda confirmado anteriormente la llegada de Facundo Rizzi, Franco Camargo, Rodrigo Montes, Diego L\u00f3pez y Cristian Men\u00e9ndez. Ahora, se suma un volante como el sexto refuerzo del equipo: Francisco Molina. El club ya le [&hellip;]<\/p>\n","protected":false},"author":1,"featured_media":2199,"comment_status":"open","ping_status":"open","sticky":false,"template":"","format":"standard","meta":{"footnotes":""},"categories":[26],"tags":[],"class_list":{"0":"post-2196","1":"post","2":"type-post","3":"status-publish","4":"format-standard","5":"has-post-thumbnail","7":"category-deportes"},"yoast_head":"<!-- This site is optimized with the Yoast SEO plugin v27.5 - https:\/\/yoast.com\/product\/yoast-seo-wordpress\/ -->\n<title>Gimnasia de Jujuy confirm\u00f3 su sexto refuerzo - Muy Jujuy<\/title>\n<meta name=\"robots\" content=\"index, follow, max-snippet:-1, max-image-preview:large, max-video-preview:-1\" \/>\n<link rel=\"canonical\" href=\"https:\/\/www.muyjujuy.com\/index.php\/2023\/12\/14\/gimnasia-de-jujuy-confirmo-su-sexto-refuerzo\/\" \/>\n<meta property=\"og:locale\" content=\"es_ES\" \/>\n<meta property=\"og:type\" content=\"article\" \/>\n<meta property=\"og:title\" content=\"Gimnasia de Jujuy confirm\u00f3 su sexto refuerzo - Muy Jujuy\" \/>\n<meta property=\"og:description\" content=\"En las \u00faltimas horas, Gimnasia de Jujuy confirm\u00f3 su sexto refuerzo para la Primera Nacional 2024. Cabe recordar que ya se hab\u00eda confirmado anteriormente la llegada de Facundo Rizzi, Franco Camargo, Rodrigo Montes, Diego L\u00f3pez y Cristian Men\u00e9ndez. Ahora, se suma un volante como el sexto refuerzo del equipo: Francisco Molina. El club ya le [&hellip;]\" \/>\n<meta property=\"og:url\" content=\"https:\/\/www.muyjujuy.com\/index.php\/2023\/12\/14\/gimnasia-de-jujuy-confirmo-su-sexto-refuerzo\/\" \/>\n<meta property=\"og:site_name\" content=\"Muy Jujuy\" \/>\n<meta property=\"article:publisher\" content=\"https:\/\/www.facebook.com\/muyjujuycom\" \/>\n<meta property=\"article:published_time\" content=\"2023-12-14T15:46:41+00:00\" \/>\n<meta property=\"article:modified_time\" content=\"2023-12-14T15:49:36+00:00\" \/>\n<meta property=\"og:image\" content=\"https:\/\/www.muyjujuy.com\/wp-content\/uploads\/2023\/12\/Captura-1.png\" \/>\n\t<meta property=\"og:image:width\" content=\"732\" \/>\n\t<meta property=\"og:image:height\" content=\"411\" \/>\n\t<meta property=\"og:image:type\" content=\"image\/png\" \/>\n<meta name=\"author\" content=\"admin\" \/>\n<meta name=\"twitter:card\" content=\"summary_large_image\" \/>\n<meta name=\"twitter:creator\" content=\"@muyjujuy\" \/>\n<meta name=\"twitter:site\" content=\"@muyjujuy\" \/>\n<meta name=\"twitter:label1\" content=\"Escrito por\" \/>\n\t<meta name=\"twitter:data1\" content=\"admin\" \/>\n\t<meta name=\"twitter:label2\" content=\"Tiempo de lectura\" \/>\n\t<meta name=\"twitter:data2\" content=\"1 minuto\" \/>\n<script type=\"application\/ld+json\" class=\"yoast-schema-graph\">{\"@context\":\"https:\\\/\\\/schema.org\",\"@graph\":[{\"@type\":\"Article\",\"@id\":\"https:\\\/\\\/www.muyjujuy.com\\\/index.php\\\/2023\\\/12\\\/14\\\/gimnasia-de-jujuy-confirmo-su-sexto-refuerzo\\\/#article\",\"isPartOf\":{\"@id\":\"https:\\\/\\\/www.muyjujuy.com\\\/index.php\\\/2023\\\/12\\\/14\\\/gimnasia-de-jujuy-confirmo-su-sexto-refuerzo\\\/\"},\"author\":{\"name\":\"admin\",\"@id\":\"https:\\\/\\\/www.muyjujuy.com\\\/#\\\/schema\\\/person\\\/a3b63db1f387ec4149299954904c5bf0\"},\"headline\":\"Gimnasia de Jujuy confirm\u00f3 su sexto refuerzo\",\"datePublished\":\"2023-12-14T15:46:41+00:00\",\"dateModified\":\"2023-12-14T15:49:36+00:00\",\"mainEntityOfPage\":{\"@id\":\"https:\\\/\\\/www.muyjujuy.com\\\/index.php\\\/2023\\\/12\\\/14\\\/gimnasia-de-jujuy-confirmo-su-sexto-refuerzo\\\/\"},\"wordCount\":294,\"commentCount\":0,\"publisher\":{\"@id\":\"https:\\\/\\\/www.muyjujuy.com\\\/#organization\"},\"image\":{\"@id\":\"https:\\\/\\\/www.muyjujuy.com\\\/index.php\\\/2023\\\/12\\\/14\\\/gimnasia-de-jujuy-confirmo-su-sexto-refuerzo\\\/#primaryimage\"},\"thumbnailUrl\":\"https:\\\/\\\/www.muyjujuy.com\\\/wp-content\\\/uploads\\\/2023\\\/12\\\/Captura-1.png\",\"articleSection\":[\"Deportes\"],\"inLanguage\":\"es-AR\",\"potentialAction\":[{\"@type\":\"CommentAction\",\"name\":\"Comment\",\"target\":[\"https:\\\/\\\/www.muyjujuy.com\\\/index.php\\\/2023\\\/12\\\/14\\\/gimnasia-de-jujuy-confirmo-su-sexto-refuerzo\\\/#respond\"]}]},{\"@type\":\"WebPage\",\"@id\":\"https:\\\/\\\/www.muyjujuy.com\\\/index.php\\\/2023\\\/12\\\/14\\\/gimnasia-de-jujuy-confirmo-su-sexto-refuerzo\\\/\",\"url\":\"https:\\\/\\\/www.muyjujuy.com\\\/index.php\\\/2023\\\/12\\\/14\\\/gimnasia-de-jujuy-confirmo-su-sexto-refuerzo\\\/\",\"name\":\"Gimnasia de Jujuy confirm\u00f3 su sexto refuerzo - Muy Jujuy\",\"isPartOf\":{\"@id\":\"https:\\\/\\\/www.muyjujuy.com\\\/#website\"},\"primaryImageOfPage\":{\"@id\":\"https:\\\/\\\/www.muyjujuy.com\\\/index.php\\\/2023\\\/12\\\/14\\\/gimnasia-de-jujuy-confirmo-su-sexto-refuerzo\\\/#primaryimage\"},\"image\":{\"@id\":\"https:\\\/\\\/www.muyjujuy.com\\\/index.php\\\/2023\\\/12\\\/14\\\/gimnasia-de-jujuy-confirmo-su-sexto-refuerzo\\\/#primaryimage\"},\"thumbnailUrl\":\"https:\\\/\\\/www.muyjujuy.com\\\/wp-content\\\/uploads\\\/2023\\\/12\\\/Captura-1.png\",\"datePublished\":\"2023-12-14T15:46:41+00:00\",\"dateModified\":\"2023-12-14T15:49:36+00:00\",\"breadcrumb\":{\"@id\":\"https:\\\/\\\/www.muyjujuy.com\\\/index.php\\\/2023\\\/12\\\/14\\\/gimnasia-de-jujuy-confirmo-su-sexto-refuerzo\\\/#breadcrumb\"},\"inLanguage\":\"es-AR\",\"potentialAction\":[{\"@type\":\"ReadAction\",\"target\":[\"https:\\\/\\\/www.muyjujuy.com\\\/index.php\\\/2023\\\/12\\\/14\\\/gimnasia-de-jujuy-confirmo-su-sexto-refuerzo\\\/\"]}]},{\"@type\":\"ImageObject\",\"inLanguage\":\"es-AR\",\"@id\":\"https:\\\/\\\/www.muyjujuy.com\\\/index.php\\\/2023\\\/12\\\/14\\\/gimnasia-de-jujuy-confirmo-su-sexto-refuerzo\\\/#primaryimage\",\"url\":\"https:\\\/\\\/www.muyjujuy.com\\\/wp-content\\\/uploads\\\/2023\\\/12\\\/Captura-1.png\",\"contentUrl\":\"https:\\\/\\\/www.muyjujuy.com\\\/wp-content\\\/uploads\\\/2023\\\/12\\\/Captura-1.png\",\"width\":732,\"height\":411},{\"@type\":\"BreadcrumbList\",\"@id\":\"https:\\\/\\\/www.muyjujuy.com\\\/index.php\\\/2023\\\/12\\\/14\\\/gimnasia-de-jujuy-confirmo-su-sexto-refuerzo\\\/#breadcrumb\",\"itemListElement\":[{\"@type\":\"ListItem\",\"position\":1,\"name\":\"Inicio\",\"item\":\"https:\\\/\\\/www.muyjujuy.com\\\/\"},{\"@type\":\"ListItem\",\"position\":2,\"name\":\"Gimnasia de Jujuy confirm\u00f3 su sexto refuerzo\"}]},{\"@type\":\"WebSite\",\"@id\":\"https:\\\/\\\/www.muyjujuy.com\\\/#website\",\"url\":\"https:\\\/\\\/www.muyjujuy.com\\\/\",\"name\":\"Muy Jujuy\",\"description\":\"\",\"publisher\":{\"@id\":\"https:\\\/\\\/www.muyjujuy.com\\\/#organization\"},\"potentialAction\":[{\"@type\":\"SearchAction\",\"target\":{\"@type\":\"EntryPoint\",\"urlTemplate\":\"https:\\\/\\\/www.muyjujuy.com\\\/?s={search_term_string}\"},\"query-input\":{\"@type\":\"PropertyValueSpecification\",\"valueRequired\":true,\"valueName\":\"search_term_string\"}}],\"inLanguage\":\"es-AR\"},{\"@type\":\"Organization\",\"@id\":\"https:\\\/\\\/www.muyjujuy.com\\\/#organization\",\"name\":\"Muy Jujuy\",\"url\":\"https:\\\/\\\/www.muyjujuy.com\\\/\",\"logo\":{\"@type\":\"ImageObject\",\"inLanguage\":\"es-AR\",\"@id\":\"https:\\\/\\\/www.muyjujuy.com\\\/#\\\/schema\\\/logo\\\/image\\\/\",\"url\":\"http:\\\/\\\/www.muyjujuy.com\\\/wp-content\\\/uploads\\\/2022\\\/05\\\/logo-mobil-jujuy.png\",\"contentUrl\":\"http:\\\/\\\/www.muyjujuy.com\\\/wp-content\\\/uploads\\\/2022\\\/05\\\/logo-mobil-jujuy.png\",\"width\":174,\"height\":81,\"caption\":\"Muy Jujuy\"},\"image\":{\"@id\":\"https:\\\/\\\/www.muyjujuy.com\\\/#\\\/schema\\\/logo\\\/image\\\/\"},\"sameAs\":[\"https:\\\/\\\/www.facebook.com\\\/muyjujuycom\",\"https:\\\/\\\/x.com\\\/muyjujuy\",\"https:\\\/\\\/www.instagram.com\\\/muyjujuycom\"]},{\"@type\":\"Person\",\"@id\":\"https:\\\/\\\/www.muyjujuy.com\\\/#\\\/schema\\\/person\\\/a3b63db1f387ec4149299954904c5bf0\",\"name\":\"admin\",\"image\":{\"@type\":\"ImageObject\",\"inLanguage\":\"es-AR\",\"@id\":\"https:\\\/\\\/secure.gravatar.com\\\/avatar\\\/b6e63d8d3a73633362405a0ad27e9c28391755813b59886f19a99d6cef8a03fc?s=96&d=mm&r=g\",\"url\":\"https:\\\/\\\/secure.gravatar.com\\\/avatar\\\/b6e63d8d3a73633362405a0ad27e9c28391755813b59886f19a99d6cef8a03fc?s=96&d=mm&r=g\",\"contentUrl\":\"https:\\\/\\\/secure.gravatar.com\\\/avatar\\\/b6e63d8d3a73633362405a0ad27e9c28391755813b59886f19a99d6cef8a03fc?s=96&d=mm&r=g\",\"caption\":\"admin\"},\"url\":\"https:\\\/\\\/www.muyjujuy.com\\\/index.php\\\/author\\\/soyeleditor\\\/\"}]}<\/script>\n<!-- \/ Yoast SEO plugin. -->","yoast_head_json":{"title":"Gimnasia de Jujuy confirm\u00f3 su sexto refuerzo - Muy Jujuy","robots":{"index":"index","follow":"follow","max-snippet":"max-snippet:-1","max-image-preview":"max-image-preview:large","max-video-preview":"max-video-preview:-1"},"canonical":"https:\/\/www.muyjujuy.com\/index.php\/2023\/12\/14\/gimnasia-de-jujuy-confirmo-su-sexto-refuerzo\/","og_locale":"es_ES","og_type":"article","og_title":"Gimnasia de Jujuy confirm\u00f3 su sexto refuerzo - Muy Jujuy","og_description":"En las \u00faltimas horas, Gimnasia de Jujuy confirm\u00f3 su sexto refuerzo para la Primera Nacional 2024. Cabe recordar que ya se hab\u00eda confirmado anteriormente la llegada de Facundo Rizzi, Franco Camargo, Rodrigo Montes, Diego L\u00f3pez y Cristian Men\u00e9ndez. Ahora, se suma un volante como el sexto refuerzo del equipo: Francisco Molina. El club ya le [&hellip;]","og_url":"https:\/\/www.muyjujuy.com\/index.php\/2023\/12\/14\/gimnasia-de-jujuy-confirmo-su-sexto-refuerzo\/","og_site_name":"Muy Jujuy","article_publisher":"https:\/\/www.facebook.com\/muyjujuycom","article_published_time":"2023-12-14T15:46:41+00:00","article_modified_time":"2023-12-14T15:49:36+00:00","og_image":[{"width":732,"height":411,"url":"https:\/\/www.muyjujuy.com\/wp-content\/uploads\/2023\/12\/Captura-1.png","type":"image\/png"}],"author":"admin","twitter_card":"summary_large_image","twitter_creator":"@muyjujuy","twitter_site":"@muyjujuy","twitter_misc":{"Escrito por":"admin","Tiempo de lectura":"1 minuto"},"schema":{"@context":"https:\/\/schema.org","@graph":[{"@type":"Article","@id":"https:\/\/www.muyjujuy.com\/index.php\/2023\/12\/14\/gimnasia-de-jujuy-confirmo-su-sexto-refuerzo\/#article","isPartOf":{"@id":"https:\/\/www.muyjujuy.com\/index.php\/2023\/12\/14\/gimnasia-de-jujuy-confirmo-su-sexto-refuerzo\/"},"author":{"name":"admin","@id":"https:\/\/www.muyjujuy.com\/#\/schema\/person\/a3b63db1f387ec4149299954904c5bf0"},"headline":"Gimnasia de Jujuy confirm\u00f3 su sexto refuerzo","datePublished":"2023-12-14T15:46:41+00:00","dateModified":"2023-12-14T15:49:36+00:00","mainEntityOfPage":{"@id":"https:\/\/www.muyjujuy.com\/index.php\/2023\/12\/14\/gimnasia-de-jujuy-confirmo-su-sexto-refuerzo\/"},"wordCount":294,"commentCount":0,"publisher":{"@id":"https:\/\/www.muyjujuy.com\/#organization"},"image":{"@id":"https:\/\/www.muyjujuy.com\/index.php\/2023\/12\/14\/gimnasia-de-jujuy-confirmo-su-sexto-refuerzo\/#primaryimage"},"thumbnailUrl":"https:\/\/www.muyjujuy.com\/wp-content\/uploads\/2023\/12\/Captura-1.png","articleSection":["Deportes"],"inLanguage":"es-AR","potentialAction":[{"@type":"CommentAction","name":"Comment","target":["https:\/\/www.muyjujuy.com\/index.php\/2023\/12\/14\/gimnasia-de-jujuy-confirmo-su-sexto-refuerzo\/#respond"]}]},{"@type":"WebPage","@id":"https:\/\/www.muyjujuy.com\/index.php\/2023\/12\/14\/gimnasia-de-jujuy-confirmo-su-sexto-refuerzo\/","url":"https:\/\/www.muyjujuy.com\/index.php\/2023\/12\/14\/gimnasia-de-jujuy-confirmo-su-sexto-refuerzo\/","name":"Gimnasia de Jujuy confirm\u00f3 su sexto refuerzo - Muy Jujuy","isPartOf":{"@id":"https:\/\/www.muyjujuy.com\/#website"},"primaryImageOfPage":{"@id":"https:\/\/www.muyjujuy.com\/index.php\/2023\/12\/14\/gimnasia-de-jujuy-confirmo-su-sexto-refuerzo\/#primaryimage"},"image":{"@id":"https:\/\/www.muyjujuy.com\/index.php\/2023\/12\/14\/gimnasia-de-jujuy-confirmo-su-sexto-refuerzo\/#primaryimage"},"thumbnailUrl":"https:\/\/www.muyjujuy.com\/wp-content\/uploads\/2023\/12\/Captura-1.png","datePublished":"2023-12-14T15:46:41+00:00","dateModified":"2023-12-14T15:49:36+00:00","breadcrumb":{"@id":"https:\/\/www.muyjujuy.com\/index.php\/2023\/12\/14\/gimnasia-de-jujuy-confirmo-su-sexto-refuerzo\/#breadcrumb"},"inLanguage":"es-AR","potentialAction":[{"@type":"ReadAction","target":["https:\/\/www.muyjujuy.com\/index.php\/2023\/12\/14\/gimnasia-de-jujuy-confirmo-su-sexto-refuerzo\/"]}]},{"@type":"ImageObject","inLanguage":"es-AR","@id":"https:\/\/www.muyjujuy.com\/index.php\/2023\/12\/14\/gimnasia-de-jujuy-confirmo-su-sexto-refuerzo\/#primaryimage","url":"https:\/\/www.muyjujuy.com\/wp-content\/uploads\/2023\/12\/Captura-1.png","contentUrl":"https:\/\/www.muyjujuy.com\/wp-content\/uploads\/2023\/12\/Captura-1.png","width":732,"height":411},{"@type":"BreadcrumbList","@id":"https:\/\/www.muyjujuy.com\/index.php\/2023\/12\/14\/gimnasia-de-jujuy-confirmo-su-sexto-refuerzo\/#breadcrumb","itemListElement":[{"@type":"ListItem","position":1,"name":"Inicio","item":"https:\/\/www.muyjujuy.com\/"},{"@type":"ListItem","position":2,"name":"Gimnasia de Jujuy confirm\u00f3 su sexto refuerzo"}]},{"@type":"WebSite","@id":"https:\/\/www.muyjujuy.com\/#website","url":"https:\/\/www.muyjujuy.com\/","name":"Muy Jujuy","description":"","publisher":{"@id":"https:\/\/www.muyjujuy.com\/#organization"},"potentialAction":[{"@type":"SearchAction","target":{"@type":"EntryPoint","urlTemplate":"https:\/\/www.muyjujuy.com\/?s={search_term_string}"},"query-input":{"@type":"PropertyValueSpecification","valueRequired":true,"valueName":"search_term_string"}}],"inLanguage":"es-AR"},{"@type":"Organization","@id":"https:\/\/www.muyjujuy.com\/#organization","name":"Muy Jujuy","url":"https:\/\/www.muyjujuy.com\/","logo":{"@type":"ImageObject","inLanguage":"es-AR","@id":"https:\/\/www.muyjujuy.com\/#\/schema\/logo\/image\/","url":"http:\/\/www.muyjujuy.com\/wp-content\/uploads\/2022\/05\/logo-mobil-jujuy.png","contentUrl":"http:\/\/www.muyjujuy.com\/wp-content\/uploads\/2022\/05\/logo-mobil-jujuy.png","width":174,"height":81,"caption":"Muy Jujuy"},"image":{"@id":"https:\/\/www.muyjujuy.com\/#\/schema\/logo\/image\/"},"sameAs":["https:\/\/www.facebook.com\/muyjujuycom","https:\/\/x.com\/muyjujuy","https:\/\/www.instagram.com\/muyjujuycom"]},{"@type":"Person","@id":"https:\/\/www.muyjujuy.com\/#\/schema\/person\/a3b63db1f387ec4149299954904c5bf0","name":"admin","image":{"@type":"ImageObject","inLanguage":"es-AR","@id":"https:\/\/secure.gravatar.com\/avatar\/b6e63d8d3a73633362405a0ad27e9c28391755813b59886f19a99d6cef8a03fc?s=96&d=mm&r=g","url":"https:\/\/secure.gravatar.com\/avatar\/b6e63d8d3a73633362405a0ad27e9c28391755813b59886f19a99d6cef8a03fc?s=96&d=mm&r=g","contentUrl":"https:\/\/secure.gravatar.com\/avatar\/b6e63d8d3a73633362405a0ad27e9c28391755813b59886f19a99d6cef8a03fc?s=96&d=mm&r=g","caption":"admin"},"url":"https:\/\/www.muyjujuy.com\/index.php\/author\/soyeleditor\/"}]}},"_links":{"self":[{"href":"https:\/\/www.muyjujuy.com\/index.php\/wp-json\/wp\/v2\/posts\/2196","targetHints":{"allow":["GET"]}}],"collection":[{"href":"https:\/\/www.muyjujuy.com\/index.php\/wp-json\/wp\/v2\/posts"}],"about":[{"href":"https:\/\/www.muyjujuy.com\/index.php\/wp-json\/wp\/v2\/types\/post"}],"author":[{"embeddable":true,"href":"https:\/\/www.muyjujuy.com\/index.php\/wp-json\/wp\/v2\/users\/1"}],"replies":[{"embeddable":true,"href":"https:\/\/www.muyjujuy.com\/index.php\/wp-json\/wp\/v2\/comments?post=2196"}],"version-history":[{"count":1,"href":"https:\/\/www.muyjujuy.com\/index.php\/wp-json\/wp\/v2\/posts\/2196\/revisions"}],"predecessor-version":[{"id":2200,"href":"https:\/\/www.muyjujuy.com\/index.php\/wp-json\/wp\/v2\/posts\/2196\/revisions\/2200"}],"wp:featuredmedia":[{"embeddable":true,"href":"https:\/\/www.muyjujuy.com\/index.php\/wp-json\/wp\/v2\/media\/2199"}],"wp:attachment":[{"href":"https:\/\/www.muyjujuy.com\/index.php\/wp-json\/wp\/v2\/media?parent=2196"}],"wp:term":[{"taxonomy":"category","embeddable":true,"href":"https:\/\/www.muyjujuy.com\/index.php\/wp-json\/wp\/v2\/categories?post=2196"},{"taxonomy":"post_tag","embeddable":true,"href":"https:\/\/www.muyjujuy.com\/index.php\/wp-json\/wp\/v2\/tags?post=2196"}],"curies":[{"name":"wp","href":"https:\/\/api.w.org\/{rel}","templated":true}]}}