{"id":2241,"date":"2025-04-22T11:06:30","date_gmt":"2025-04-22T14:06:30","guid":{"rendered":"https:\/\/www.muyjujuy.com\/?p=2241"},"modified":"2025-04-22T11:06:30","modified_gmt":"2025-04-22T14:06:30","slug":"fueron-arrestados-en-san-salvador-de-jujuy-con-motos-sustraidas-en-su-poder","status":"publish","type":"post","link":"https:\/\/www.muyjujuy.com\/index.php\/2025\/04\/22\/fueron-arrestados-en-san-salvador-de-jujuy-con-motos-sustraidas-en-su-poder\/","title":{"rendered":"Fueron arrestados en San Salvador de Jujuy con motos sustra\u00eddas en su poder"},"content":{"rendered":"\n<p>Tres individuos, algunos de ellos con antecedentes penales, fueron detenidos en las \u00faltimas horas en la capital juje\u00f1a.<\/p>\n\n\n\n<p>Personal del Grupo Din\u00e1mico de Prevenci\u00f3n del Delito logr\u00f3 la detenci\u00f3n, en distintos operativos, de tres sujetos vinculados previamente a hechos delictivos, quienes se encontraban en posesi\u00f3n de dos motocicletas con pedido de secuestro por robo.<\/p>\n\n\n\n<p>El primer procedimiento se registr\u00f3 en cercan\u00edas de la avenida Pueyrred\u00f3n, donde los uniformados detectaron a un hombre trasladando a pie una moto de 110 cc. Ante la sospechosa situaci\u00f3n, los efectivos intervinieron y lo demoraron para su identificaci\u00f3n. El individuo, visiblemente nervioso y alterado, no pudo acreditar la propiedad del veh\u00edculo, el cual carec\u00eda de llave de encendido y presentaba da\u00f1os evidentes en el tambor de arranque.<\/p>\n\n\n\n<p>El segundo operativo tuvo lugar en la esquina de las calles Alvear y Lamadrid, durante recorridos de vigilancia preventiva. All\u00ed, los agentes visualizaron a una pareja tratando de arrancar una motocicleta de 125 cc sin contar con su correspondiente llave. Al verificar los antecedentes, se comprob\u00f3 que la mujer ten\u00eda una pena de prisi\u00f3n en ejecuci\u00f3n condicional por lesiones leves. Adem\u00e1s, llevaban consigo un arma blanca y herramientas que presuntamente utilizar\u00edan para cometer il\u00edcitos.<\/p>\n\n\n\n<p>En ambas intervenciones, tambi\u00e9n se procedi\u00f3 al decomiso de sustancias prohibidas. Las motocicletas quedaron bajo custodia judicial para determinar su origen y estado legal.<\/p>\n\n\n\n<p>4o<\/p>\n\n\n\n<p><\/p>\n","protected":false},"excerpt":{"rendered":"<p>Tres individuos, algunos de ellos con antecedentes penales, fueron detenidos en las \u00faltimas horas en la capital juje\u00f1a. Personal del Grupo Din\u00e1mico de Prevenci\u00f3n del Delito logr\u00f3 la detenci\u00f3n, en distintos operativos, de tres sujetos vinculados previamente a hechos delictivos, quienes se encontraban en posesi\u00f3n de dos motocicletas con pedido de secuestro por robo. El [&hellip;]<\/p>\n","protected":false},"author":1,"featured_media":2242,"comment_status":"open","ping_status":"open","sticky":false,"template":"","format":"standard","meta":{"footnotes":""},"categories":[27],"tags":[],"class_list":{"0":"post-2241","1":"post","2":"type-post","3":"status-publish","4":"format-standard","5":"has-post-thumbnail","7":"category-seguridad"},"yoast_head":"<!-- This site is optimized with the Yoast SEO plugin v27.5 - https:\/\/yoast.com\/product\/yoast-seo-wordpress\/ -->\n<title>Fueron arrestados en San Salvador de Jujuy con motos sustra\u00eddas en su poder - Muy Jujuy<\/title>\n<meta name=\"robots\" content=\"index, follow, max-snippet:-1, max-image-preview:large, max-video-preview:-1\" \/>\n<link rel=\"canonical\" href=\"https:\/\/www.muyjujuy.com\/index.php\/2025\/04\/22\/fueron-arrestados-en-san-salvador-de-jujuy-con-motos-sustraidas-en-su-poder\/\" \/>\n<meta property=\"og:locale\" content=\"es_ES\" \/>\n<meta property=\"og:type\" content=\"article\" \/>\n<meta property=\"og:title\" content=\"Fueron arrestados en San Salvador de Jujuy con motos sustra\u00eddas en su poder - Muy Jujuy\" \/>\n<meta property=\"og:description\" content=\"Tres individuos, algunos de ellos con antecedentes penales, fueron detenidos en las \u00faltimas horas en la capital juje\u00f1a. Personal del Grupo Din\u00e1mico de Prevenci\u00f3n del Delito logr\u00f3 la detenci\u00f3n, en distintos operativos, de tres sujetos vinculados previamente a hechos delictivos, quienes se encontraban en posesi\u00f3n de dos motocicletas con pedido de secuestro por robo. El [&hellip;]\" \/>\n<meta property=\"og:url\" content=\"https:\/\/www.muyjujuy.com\/index.php\/2025\/04\/22\/fueron-arrestados-en-san-salvador-de-jujuy-con-motos-sustraidas-en-su-poder\/\" \/>\n<meta property=\"og:site_name\" content=\"Muy Jujuy\" \/>\n<meta property=\"article:publisher\" content=\"https:\/\/www.facebook.com\/muyjujuycom\" \/>\n<meta property=\"article:published_time\" content=\"2025-04-22T14:06:30+00:00\" \/>\n<meta name=\"author\" content=\"admin\" \/>\n<meta name=\"twitter:card\" content=\"summary_large_image\" \/>\n<meta name=\"twitter:creator\" content=\"@muyjujuy\" \/>\n<meta name=\"twitter:site\" content=\"@muyjujuy\" \/>\n<meta name=\"twitter:label1\" content=\"Escrito por\" \/>\n\t<meta name=\"twitter:data1\" content=\"admin\" \/>\n\t<meta name=\"twitter:label2\" content=\"Tiempo de lectura\" \/>\n\t<meta name=\"twitter:data2\" content=\"1 minuto\" \/>\n<script type=\"application\/ld+json\" class=\"yoast-schema-graph\">{\"@context\":\"https:\\\/\\\/schema.org\",\"@graph\":[{\"@type\":\"Article\",\"@id\":\"https:\\\/\\\/www.muyjujuy.com\\\/index.php\\\/2025\\\/04\\\/22\\\/fueron-arrestados-en-san-salvador-de-jujuy-con-motos-sustraidas-en-su-poder\\\/#article\",\"isPartOf\":{\"@id\":\"https:\\\/\\\/www.muyjujuy.com\\\/index.php\\\/2025\\\/04\\\/22\\\/fueron-arrestados-en-san-salvador-de-jujuy-con-motos-sustraidas-en-su-poder\\\/\"},\"author\":{\"name\":\"admin\",\"@id\":\"https:\\\/\\\/www.muyjujuy.com\\\/#\\\/schema\\\/person\\\/a3b63db1f387ec4149299954904c5bf0\"},\"headline\":\"Fueron arrestados en San Salvador de Jujuy con motos sustra\u00eddas en su poder\",\"datePublished\":\"2025-04-22T14:06:30+00:00\",\"mainEntityOfPage\":{\"@id\":\"https:\\\/\\\/www.muyjujuy.com\\\/index.php\\\/2025\\\/04\\\/22\\\/fueron-arrestados-en-san-salvador-de-jujuy-con-motos-sustraidas-en-su-poder\\\/\"},\"wordCount\":252,\"commentCount\":0,\"publisher\":{\"@id\":\"https:\\\/\\\/www.muyjujuy.com\\\/#organization\"},\"image\":{\"@id\":\"https:\\\/\\\/www.muyjujuy.com\\\/index.php\\\/2025\\\/04\\\/22\\\/fueron-arrestados-en-san-salvador-de-jujuy-con-motos-sustraidas-en-su-poder\\\/#primaryimage\"},\"thumbnailUrl\":\"https:\\\/\\\/www.muyjujuy.com\\\/wp-content\\\/uploads\\\/2025\\\/04\\\/jujuymm.jpg\",\"articleSection\":[\"Seguridad\"],\"inLanguage\":\"es-AR\",\"potentialAction\":[{\"@type\":\"CommentAction\",\"name\":\"Comment\",\"target\":[\"https:\\\/\\\/www.muyjujuy.com\\\/index.php\\\/2025\\\/04\\\/22\\\/fueron-arrestados-en-san-salvador-de-jujuy-con-motos-sustraidas-en-su-poder\\\/#respond\"]}]},{\"@type\":\"WebPage\",\"@id\":\"https:\\\/\\\/www.muyjujuy.com\\\/index.php\\\/2025\\\/04\\\/22\\\/fueron-arrestados-en-san-salvador-de-jujuy-con-motos-sustraidas-en-su-poder\\\/\",\"url\":\"https:\\\/\\\/www.muyjujuy.com\\\/index.php\\\/2025\\\/04\\\/22\\\/fueron-arrestados-en-san-salvador-de-jujuy-con-motos-sustraidas-en-su-poder\\\/\",\"name\":\"Fueron arrestados en San Salvador de Jujuy con motos sustra\u00eddas en su poder - Muy Jujuy\",\"isPartOf\":{\"@id\":\"https:\\\/\\\/www.muyjujuy.com\\\/#website\"},\"primaryImageOfPage\":{\"@id\":\"https:\\\/\\\/www.muyjujuy.com\\\/index.php\\\/2025\\\/04\\\/22\\\/fueron-arrestados-en-san-salvador-de-jujuy-con-motos-sustraidas-en-su-poder\\\/#primaryimage\"},\"image\":{\"@id\":\"https:\\\/\\\/www.muyjujuy.com\\\/index.php\\\/2025\\\/04\\\/22\\\/fueron-arrestados-en-san-salvador-de-jujuy-con-motos-sustraidas-en-su-poder\\\/#primaryimage\"},\"thumbnailUrl\":\"https:\\\/\\\/www.muyjujuy.com\\\/wp-content\\\/uploads\\\/2025\\\/04\\\/jujuymm.jpg\",\"datePublished\":\"2025-04-22T14:06:30+00:00\",\"breadcrumb\":{\"@id\":\"https:\\\/\\\/www.muyjujuy.com\\\/index.php\\\/2025\\\/04\\\/22\\\/fueron-arrestados-en-san-salvador-de-jujuy-con-motos-sustraidas-en-su-poder\\\/#breadcrumb\"},\"inLanguage\":\"es-AR\",\"potentialAction\":[{\"@type\":\"ReadAction\",\"target\":[\"https:\\\/\\\/www.muyjujuy.com\\\/index.php\\\/2025\\\/04\\\/22\\\/fueron-arrestados-en-san-salvador-de-jujuy-con-motos-sustraidas-en-su-poder\\\/\"]}]},{\"@type\":\"ImageObject\",\"inLanguage\":\"es-AR\",\"@id\":\"https:\\\/\\\/www.muyjujuy.com\\\/index.php\\\/2025\\\/04\\\/22\\\/fueron-arrestados-en-san-salvador-de-jujuy-con-motos-sustraidas-en-su-poder\\\/#primaryimage\",\"url\":\"https:\\\/\\\/www.muyjujuy.com\\\/wp-content\\\/uploads\\\/2025\\\/04\\\/jujuymm.jpg\",\"contentUrl\":\"https:\\\/\\\/www.muyjujuy.com\\\/wp-content\\\/uploads\\\/2025\\\/04\\\/jujuymm.jpg\",\"width\":655,\"height\":545},{\"@type\":\"BreadcrumbList\",\"@id\":\"https:\\\/\\\/www.muyjujuy.com\\\/index.php\\\/2025\\\/04\\\/22\\\/fueron-arrestados-en-san-salvador-de-jujuy-con-motos-sustraidas-en-su-poder\\\/#breadcrumb\",\"itemListElement\":[{\"@type\":\"ListItem\",\"position\":1,\"name\":\"Inicio\",\"item\":\"https:\\\/\\\/www.muyjujuy.com\\\/\"},{\"@type\":\"ListItem\",\"position\":2,\"name\":\"Fueron arrestados en San Salvador de Jujuy con motos sustra\u00eddas en su poder\"}]},{\"@type\":\"WebSite\",\"@id\":\"https:\\\/\\\/www.muyjujuy.com\\\/#website\",\"url\":\"https:\\\/\\\/www.muyjujuy.com\\\/\",\"name\":\"Muy Jujuy\",\"description\":\"\",\"publisher\":{\"@id\":\"https:\\\/\\\/www.muyjujuy.com\\\/#organization\"},\"potentialAction\":[{\"@type\":\"SearchAction\",\"target\":{\"@type\":\"EntryPoint\",\"urlTemplate\":\"https:\\\/\\\/www.muyjujuy.com\\\/?s={search_term_string}\"},\"query-input\":{\"@type\":\"PropertyValueSpecification\",\"valueRequired\":true,\"valueName\":\"search_term_string\"}}],\"inLanguage\":\"es-AR\"},{\"@type\":\"Organization\",\"@id\":\"https:\\\/\\\/www.muyjujuy.com\\\/#organization\",\"name\":\"Muy Jujuy\",\"url\":\"https:\\\/\\\/www.muyjujuy.com\\\/\",\"logo\":{\"@type\":\"ImageObject\",\"inLanguage\":\"es-AR\",\"@id\":\"https:\\\/\\\/www.muyjujuy.com\\\/#\\\/schema\\\/logo\\\/image\\\/\",\"url\":\"http:\\\/\\\/www.muyjujuy.com\\\/wp-content\\\/uploads\\\/2022\\\/05\\\/logo-mobil-jujuy.png\",\"contentUrl\":\"http:\\\/\\\/www.muyjujuy.com\\\/wp-content\\\/uploads\\\/2022\\\/05\\\/logo-mobil-jujuy.png\",\"width\":174,\"height\":81,\"caption\":\"Muy Jujuy\"},\"image\":{\"@id\":\"https:\\\/\\\/www.muyjujuy.com\\\/#\\\/schema\\\/logo\\\/image\\\/\"},\"sameAs\":[\"https:\\\/\\\/www.facebook.com\\\/muyjujuycom\",\"https:\\\/\\\/x.com\\\/muyjujuy\",\"https:\\\/\\\/www.instagram.com\\\/muyjujuycom\"]},{\"@type\":\"Person\",\"@id\":\"https:\\\/\\\/www.muyjujuy.com\\\/#\\\/schema\\\/person\\\/a3b63db1f387ec4149299954904c5bf0\",\"name\":\"admin\",\"image\":{\"@type\":\"ImageObject\",\"inLanguage\":\"es-AR\",\"@id\":\"https:\\\/\\\/secure.gravatar.com\\\/avatar\\\/b6e63d8d3a73633362405a0ad27e9c28391755813b59886f19a99d6cef8a03fc?s=96&d=mm&r=g\",\"url\":\"https:\\\/\\\/secure.gravatar.com\\\/avatar\\\/b6e63d8d3a73633362405a0ad27e9c28391755813b59886f19a99d6cef8a03fc?s=96&d=mm&r=g\",\"contentUrl\":\"https:\\\/\\\/secure.gravatar.com\\\/avatar\\\/b6e63d8d3a73633362405a0ad27e9c28391755813b59886f19a99d6cef8a03fc?s=96&d=mm&r=g\",\"caption\":\"admin\"},\"url\":\"https:\\\/\\\/www.muyjujuy.com\\\/index.php\\\/author\\\/soyeleditor\\\/\"}]}<\/script>\n<!-- \/ Yoast SEO plugin. -->","yoast_head_json":{"title":"Fueron arrestados en San Salvador de Jujuy con motos sustra\u00eddas en su poder - Muy Jujuy","robots":{"index":"index","follow":"follow","max-snippet":"max-snippet:-1","max-image-preview":"max-image-preview:large","max-video-preview":"max-video-preview:-1"},"canonical":"https:\/\/www.muyjujuy.com\/index.php\/2025\/04\/22\/fueron-arrestados-en-san-salvador-de-jujuy-con-motos-sustraidas-en-su-poder\/","og_locale":"es_ES","og_type":"article","og_title":"Fueron arrestados en San Salvador de Jujuy con motos sustra\u00eddas en su poder - Muy Jujuy","og_description":"Tres individuos, algunos de ellos con antecedentes penales, fueron detenidos en las \u00faltimas horas en la capital juje\u00f1a. Personal del Grupo Din\u00e1mico de Prevenci\u00f3n del Delito logr\u00f3 la detenci\u00f3n, en distintos operativos, de tres sujetos vinculados previamente a hechos delictivos, quienes se encontraban en posesi\u00f3n de dos motocicletas con pedido de secuestro por robo. El [&hellip;]","og_url":"https:\/\/www.muyjujuy.com\/index.php\/2025\/04\/22\/fueron-arrestados-en-san-salvador-de-jujuy-con-motos-sustraidas-en-su-poder\/","og_site_name":"Muy Jujuy","article_publisher":"https:\/\/www.facebook.com\/muyjujuycom","article_published_time":"2025-04-22T14:06:30+00:00","author":"admin","twitter_card":"summary_large_image","twitter_creator":"@muyjujuy","twitter_site":"@muyjujuy","twitter_misc":{"Escrito por":"admin","Tiempo de lectura":"1 minuto"},"schema":{"@context":"https:\/\/schema.org","@graph":[{"@type":"Article","@id":"https:\/\/www.muyjujuy.com\/index.php\/2025\/04\/22\/fueron-arrestados-en-san-salvador-de-jujuy-con-motos-sustraidas-en-su-poder\/#article","isPartOf":{"@id":"https:\/\/www.muyjujuy.com\/index.php\/2025\/04\/22\/fueron-arrestados-en-san-salvador-de-jujuy-con-motos-sustraidas-en-su-poder\/"},"author":{"name":"admin","@id":"https:\/\/www.muyjujuy.com\/#\/schema\/person\/a3b63db1f387ec4149299954904c5bf0"},"headline":"Fueron arrestados en San Salvador de Jujuy con motos sustra\u00eddas en su poder","datePublished":"2025-04-22T14:06:30+00:00","mainEntityOfPage":{"@id":"https:\/\/www.muyjujuy.com\/index.php\/2025\/04\/22\/fueron-arrestados-en-san-salvador-de-jujuy-con-motos-sustraidas-en-su-poder\/"},"wordCount":252,"commentCount":0,"publisher":{"@id":"https:\/\/www.muyjujuy.com\/#organization"},"image":{"@id":"https:\/\/www.muyjujuy.com\/index.php\/2025\/04\/22\/fueron-arrestados-en-san-salvador-de-jujuy-con-motos-sustraidas-en-su-poder\/#primaryimage"},"thumbnailUrl":"https:\/\/www.muyjujuy.com\/wp-content\/uploads\/2025\/04\/jujuymm.jpg","articleSection":["Seguridad"],"inLanguage":"es-AR","potentialAction":[{"@type":"CommentAction","name":"Comment","target":["https:\/\/www.muyjujuy.com\/index.php\/2025\/04\/22\/fueron-arrestados-en-san-salvador-de-jujuy-con-motos-sustraidas-en-su-poder\/#respond"]}]},{"@type":"WebPage","@id":"https:\/\/www.muyjujuy.com\/index.php\/2025\/04\/22\/fueron-arrestados-en-san-salvador-de-jujuy-con-motos-sustraidas-en-su-poder\/","url":"https:\/\/www.muyjujuy.com\/index.php\/2025\/04\/22\/fueron-arrestados-en-san-salvador-de-jujuy-con-motos-sustraidas-en-su-poder\/","name":"Fueron arrestados en San Salvador de Jujuy con motos sustra\u00eddas en su poder - Muy Jujuy","isPartOf":{"@id":"https:\/\/www.muyjujuy.com\/#website"},"primaryImageOfPage":{"@id":"https:\/\/www.muyjujuy.com\/index.php\/2025\/04\/22\/fueron-arrestados-en-san-salvador-de-jujuy-con-motos-sustraidas-en-su-poder\/#primaryimage"},"image":{"@id":"https:\/\/www.muyjujuy.com\/index.php\/2025\/04\/22\/fueron-arrestados-en-san-salvador-de-jujuy-con-motos-sustraidas-en-su-poder\/#primaryimage"},"thumbnailUrl":"https:\/\/www.muyjujuy.com\/wp-content\/uploads\/2025\/04\/jujuymm.jpg","datePublished":"2025-04-22T14:06:30+00:00","breadcrumb":{"@id":"https:\/\/www.muyjujuy.com\/index.php\/2025\/04\/22\/fueron-arrestados-en-san-salvador-de-jujuy-con-motos-sustraidas-en-su-poder\/#breadcrumb"},"inLanguage":"es-AR","potentialAction":[{"@type":"ReadAction","target":["https:\/\/www.muyjujuy.com\/index.php\/2025\/04\/22\/fueron-arrestados-en-san-salvador-de-jujuy-con-motos-sustraidas-en-su-poder\/"]}]},{"@type":"ImageObject","inLanguage":"es-AR","@id":"https:\/\/www.muyjujuy.com\/index.php\/2025\/04\/22\/fueron-arrestados-en-san-salvador-de-jujuy-con-motos-sustraidas-en-su-poder\/#primaryimage","url":"https:\/\/www.muyjujuy.com\/wp-content\/uploads\/2025\/04\/jujuymm.jpg","contentUrl":"https:\/\/www.muyjujuy.com\/wp-content\/uploads\/2025\/04\/jujuymm.jpg","width":655,"height":545},{"@type":"BreadcrumbList","@id":"https:\/\/www.muyjujuy.com\/index.php\/2025\/04\/22\/fueron-arrestados-en-san-salvador-de-jujuy-con-motos-sustraidas-en-su-poder\/#breadcrumb","itemListElement":[{"@type":"ListItem","position":1,"name":"Inicio","item":"https:\/\/www.muyjujuy.com\/"},{"@type":"ListItem","position":2,"name":"Fueron arrestados en San Salvador de Jujuy con motos sustra\u00eddas en su poder"}]},{"@type":"WebSite","@id":"https:\/\/www.muyjujuy.com\/#website","url":"https:\/\/www.muyjujuy.com\/","name":"Muy Jujuy","description":"","publisher":{"@id":"https:\/\/www.muyjujuy.com\/#organization"},"potentialAction":[{"@type":"SearchAction","target":{"@type":"EntryPoint","urlTemplate":"https:\/\/www.muyjujuy.com\/?s={search_term_string}"},"query-input":{"@type":"PropertyValueSpecification","valueRequired":true,"valueName":"search_term_string"}}],"inLanguage":"es-AR"},{"@type":"Organization","@id":"https:\/\/www.muyjujuy.com\/#organization","name":"Muy Jujuy","url":"https:\/\/www.muyjujuy.com\/","logo":{"@type":"ImageObject","inLanguage":"es-AR","@id":"https:\/\/www.muyjujuy.com\/#\/schema\/logo\/image\/","url":"http:\/\/www.muyjujuy.com\/wp-content\/uploads\/2022\/05\/logo-mobil-jujuy.png","contentUrl":"http:\/\/www.muyjujuy.com\/wp-content\/uploads\/2022\/05\/logo-mobil-jujuy.png","width":174,"height":81,"caption":"Muy Jujuy"},"image":{"@id":"https:\/\/www.muyjujuy.com\/#\/schema\/logo\/image\/"},"sameAs":["https:\/\/www.facebook.com\/muyjujuycom","https:\/\/x.com\/muyjujuy","https:\/\/www.instagram.com\/muyjujuycom"]},{"@type":"Person","@id":"https:\/\/www.muyjujuy.com\/#\/schema\/person\/a3b63db1f387ec4149299954904c5bf0","name":"admin","image":{"@type":"ImageObject","inLanguage":"es-AR","@id":"https:\/\/secure.gravatar.com\/avatar\/b6e63d8d3a73633362405a0ad27e9c28391755813b59886f19a99d6cef8a03fc?s=96&d=mm&r=g","url":"https:\/\/secure.gravatar.com\/avatar\/b6e63d8d3a73633362405a0ad27e9c28391755813b59886f19a99d6cef8a03fc?s=96&d=mm&r=g","contentUrl":"https:\/\/secure.gravatar.com\/avatar\/b6e63d8d3a73633362405a0ad27e9c28391755813b59886f19a99d6cef8a03fc?s=96&d=mm&r=g","caption":"admin"},"url":"https:\/\/www.muyjujuy.com\/index.php\/author\/soyeleditor\/"}]}},"_links":{"self":[{"href":"https:\/\/www.muyjujuy.com\/index.php\/wp-json\/wp\/v2\/posts\/2241","targetHints":{"allow":["GET"]}}],"collection":[{"href":"https:\/\/www.muyjujuy.com\/index.php\/wp-json\/wp\/v2\/posts"}],"about":[{"href":"https:\/\/www.muyjujuy.com\/index.php\/wp-json\/wp\/v2\/types\/post"}],"author":[{"embeddable":true,"href":"https:\/\/www.muyjujuy.com\/index.php\/wp-json\/wp\/v2\/users\/1"}],"replies":[{"embeddable":true,"href":"https:\/\/www.muyjujuy.com\/index.php\/wp-json\/wp\/v2\/comments?post=2241"}],"version-history":[{"count":1,"href":"https:\/\/www.muyjujuy.com\/index.php\/wp-json\/wp\/v2\/posts\/2241\/revisions"}],"predecessor-version":[{"id":2243,"href":"https:\/\/www.muyjujuy.com\/index.php\/wp-json\/wp\/v2\/posts\/2241\/revisions\/2243"}],"wp:featuredmedia":[{"embeddable":true,"href":"https:\/\/www.muyjujuy.com\/index.php\/wp-json\/wp\/v2\/media\/2242"}],"wp:attachment":[{"href":"https:\/\/www.muyjujuy.com\/index.php\/wp-json\/wp\/v2\/media?parent=2241"}],"wp:term":[{"taxonomy":"category","embeddable":true,"href":"https:\/\/www.muyjujuy.com\/index.php\/wp-json\/wp\/v2\/categories?post=2241"},{"taxonomy":"post_tag","embeddable":true,"href":"https:\/\/www.muyjujuy.com\/index.php\/wp-json\/wp\/v2\/tags?post=2241"}],"curies":[{"name":"wp","href":"https:\/\/api.w.org\/{rel}","templated":true}]}}