{"id":2255,"date":"2025-04-24T09:52:38","date_gmt":"2025-04-24T12:52:38","guid":{"rendered":"https:\/\/www.muyjujuy.com\/?p=2255"},"modified":"2025-04-24T09:52:38","modified_gmt":"2025-04-24T12:52:38","slug":"fne-2025-josefina-blanco-visito-diversas-localidades-jujenas","status":"publish","type":"post","link":"https:\/\/www.muyjujuy.com\/index.php\/2025\/04\/24\/fne-2025-josefina-blanco-visito-diversas-localidades-jujenas\/","title":{"rendered":"FNE 2025: Josefina Blanco visit\u00f3 diversas localidades juje\u00f1as"},"content":{"rendered":"\n<p>La Representante Provincial 2024 llev\u00f3 adelante un recorrido por m\u00faltiples localidades de Jujuy en el contexto del programa \u201cMisi\u00f3n Primavera\u201d.<\/p>\n\n\n\n<p>En el marco de la edici\u00f3n 2025 de la Fiesta Nacional de los Estudiantes, la Representante Provincial, Josefina Blanco, realizar\u00e1 visitas a distintos puntos de la provincia durante este mi\u00e9rcoles y jueves. Estas actividades se enmarcan en la tradicional iniciativa \u201cMisi\u00f3n Primavera\u201d.<\/p>\n\n\n\n<p><strong>Localidades que visit\u00f3 Josefina Blanco<\/strong><br>Acompa\u00f1ada por el titular del Ente Aut\u00e1rquico Permanente, Mart\u00edn Meyer, la Representante Provincial 2024 visitar\u00e1 durante ambas jornadas las localidades de Juella, Uqu\u00eda, Hip\u00f3lito Yrigoyen, Iturbe, Chaupi Rodeo, Coraya Vizcarra y El Aguilar, situadas en la regi\u00f3n de Quebrada.<\/p>\n\n\n\n<p>\u201cEstas acciones permiten llevar la esencia de la Fiesta Nacional de los Estudiantes a las comunidades m\u00e1s alejadas, generando espacios de integraci\u00f3n recreativa junto a nuestra Representante Provincial\u201d, se\u00f1alaron desde el Ente Aut\u00e1rquico, destacando la presencia activa de Josefina Blanco en distintos establecimientos educativos del interior juje\u00f1o.<\/p>\n\n\n\n<p><strong>FNE 2025: fecha oficial confirmada<\/strong><br>De acuerdo con el calendario escolar 2025\/26 aprobado por el Ministerio de Educaci\u00f3n de Jujuy, la celebraci\u00f3n de la Fiesta Nacional de los Estudiantes se desarrollar\u00e1 del 17 al 27 de septiembre del presente a\u00f1o.<\/p>\n\n\n\n<p>Las actividades escolares vinculadas con la festividad se organizar\u00e1n conforme al cronograma que disponga el organismo educativo provincial.<\/p>\n","protected":false},"excerpt":{"rendered":"<p>La Representante Provincial 2024 llev\u00f3 adelante un recorrido por m\u00faltiples localidades de Jujuy en el contexto del programa \u201cMisi\u00f3n Primavera\u201d. En el marco de la edici\u00f3n 2025 de la Fiesta Nacional de los Estudiantes, la Representante Provincial, Josefina Blanco, realizar\u00e1 visitas a distintos puntos de la provincia durante este mi\u00e9rcoles y jueves. Estas actividades se [&hellip;]<\/p>\n","protected":false},"author":1,"featured_media":2256,"comment_status":"open","ping_status":"open","sticky":false,"template":"","format":"standard","meta":{"footnotes":""},"categories":[25],"tags":[],"class_list":{"0":"post-2255","1":"post","2":"type-post","3":"status-publish","4":"format-standard","5":"has-post-thumbnail","7":"category-sociedad"},"yoast_head":"<!-- This site is optimized with the Yoast SEO plugin v27.5 - https:\/\/yoast.com\/product\/yoast-seo-wordpress\/ -->\n<title>FNE 2025: Josefina Blanco visit\u00f3 diversas localidades juje\u00f1as - Muy Jujuy<\/title>\n<meta name=\"robots\" content=\"index, follow, max-snippet:-1, max-image-preview:large, max-video-preview:-1\" \/>\n<link rel=\"canonical\" href=\"https:\/\/www.muyjujuy.com\/index.php\/2025\/04\/24\/fne-2025-josefina-blanco-visito-diversas-localidades-jujenas\/\" \/>\n<meta property=\"og:locale\" content=\"es_ES\" \/>\n<meta property=\"og:type\" content=\"article\" \/>\n<meta property=\"og:title\" content=\"FNE 2025: Josefina Blanco visit\u00f3 diversas localidades juje\u00f1as - Muy Jujuy\" \/>\n<meta property=\"og:description\" content=\"La Representante Provincial 2024 llev\u00f3 adelante un recorrido por m\u00faltiples localidades de Jujuy en el contexto del programa \u201cMisi\u00f3n Primavera\u201d. En el marco de la edici\u00f3n 2025 de la Fiesta Nacional de los Estudiantes, la Representante Provincial, Josefina Blanco, realizar\u00e1 visitas a distintos puntos de la provincia durante este mi\u00e9rcoles y jueves. Estas actividades se [&hellip;]\" \/>\n<meta property=\"og:url\" content=\"https:\/\/www.muyjujuy.com\/index.php\/2025\/04\/24\/fne-2025-josefina-blanco-visito-diversas-localidades-jujenas\/\" \/>\n<meta property=\"og:site_name\" content=\"Muy Jujuy\" \/>\n<meta property=\"article:publisher\" content=\"https:\/\/www.facebook.com\/muyjujuycom\" \/>\n<meta property=\"article:published_time\" content=\"2025-04-24T12:52:38+00:00\" \/>\n<meta name=\"author\" content=\"admin\" \/>\n<meta name=\"twitter:card\" content=\"summary_large_image\" \/>\n<meta name=\"twitter:creator\" content=\"@muyjujuy\" \/>\n<meta name=\"twitter:site\" content=\"@muyjujuy\" \/>\n<meta name=\"twitter:label1\" content=\"Escrito por\" \/>\n\t<meta name=\"twitter:data1\" content=\"admin\" \/>\n\t<meta name=\"twitter:label2\" content=\"Tiempo de lectura\" \/>\n\t<meta name=\"twitter:data2\" content=\"1 minuto\" \/>\n<script type=\"application\/ld+json\" class=\"yoast-schema-graph\">{\"@context\":\"https:\\\/\\\/schema.org\",\"@graph\":[{\"@type\":\"Article\",\"@id\":\"https:\\\/\\\/www.muyjujuy.com\\\/index.php\\\/2025\\\/04\\\/24\\\/fne-2025-josefina-blanco-visito-diversas-localidades-jujenas\\\/#article\",\"isPartOf\":{\"@id\":\"https:\\\/\\\/www.muyjujuy.com\\\/index.php\\\/2025\\\/04\\\/24\\\/fne-2025-josefina-blanco-visito-diversas-localidades-jujenas\\\/\"},\"author\":{\"name\":\"admin\",\"@id\":\"https:\\\/\\\/www.muyjujuy.com\\\/#\\\/schema\\\/person\\\/a3b63db1f387ec4149299954904c5bf0\"},\"headline\":\"FNE 2025: Josefina Blanco visit\u00f3 diversas localidades juje\u00f1as\",\"datePublished\":\"2025-04-24T12:52:38+00:00\",\"mainEntityOfPage\":{\"@id\":\"https:\\\/\\\/www.muyjujuy.com\\\/index.php\\\/2025\\\/04\\\/24\\\/fne-2025-josefina-blanco-visito-diversas-localidades-jujenas\\\/\"},\"wordCount\":232,\"commentCount\":0,\"publisher\":{\"@id\":\"https:\\\/\\\/www.muyjujuy.com\\\/#organization\"},\"image\":{\"@id\":\"https:\\\/\\\/www.muyjujuy.com\\\/index.php\\\/2025\\\/04\\\/24\\\/fne-2025-josefina-blanco-visito-diversas-localidades-jujenas\\\/#primaryimage\"},\"thumbnailUrl\":\"https:\\\/\\\/www.muyjujuy.com\\\/wp-content\\\/uploads\\\/2025\\\/04\\\/reina.jpg\",\"articleSection\":[\"Sociedad\"],\"inLanguage\":\"es-AR\",\"potentialAction\":[{\"@type\":\"CommentAction\",\"name\":\"Comment\",\"target\":[\"https:\\\/\\\/www.muyjujuy.com\\\/index.php\\\/2025\\\/04\\\/24\\\/fne-2025-josefina-blanco-visito-diversas-localidades-jujenas\\\/#respond\"]}]},{\"@type\":\"WebPage\",\"@id\":\"https:\\\/\\\/www.muyjujuy.com\\\/index.php\\\/2025\\\/04\\\/24\\\/fne-2025-josefina-blanco-visito-diversas-localidades-jujenas\\\/\",\"url\":\"https:\\\/\\\/www.muyjujuy.com\\\/index.php\\\/2025\\\/04\\\/24\\\/fne-2025-josefina-blanco-visito-diversas-localidades-jujenas\\\/\",\"name\":\"FNE 2025: Josefina Blanco visit\u00f3 diversas localidades juje\u00f1as - Muy Jujuy\",\"isPartOf\":{\"@id\":\"https:\\\/\\\/www.muyjujuy.com\\\/#website\"},\"primaryImageOfPage\":{\"@id\":\"https:\\\/\\\/www.muyjujuy.com\\\/index.php\\\/2025\\\/04\\\/24\\\/fne-2025-josefina-blanco-visito-diversas-localidades-jujenas\\\/#primaryimage\"},\"image\":{\"@id\":\"https:\\\/\\\/www.muyjujuy.com\\\/index.php\\\/2025\\\/04\\\/24\\\/fne-2025-josefina-blanco-visito-diversas-localidades-jujenas\\\/#primaryimage\"},\"thumbnailUrl\":\"https:\\\/\\\/www.muyjujuy.com\\\/wp-content\\\/uploads\\\/2025\\\/04\\\/reina.jpg\",\"datePublished\":\"2025-04-24T12:52:38+00:00\",\"breadcrumb\":{\"@id\":\"https:\\\/\\\/www.muyjujuy.com\\\/index.php\\\/2025\\\/04\\\/24\\\/fne-2025-josefina-blanco-visito-diversas-localidades-jujenas\\\/#breadcrumb\"},\"inLanguage\":\"es-AR\",\"potentialAction\":[{\"@type\":\"ReadAction\",\"target\":[\"https:\\\/\\\/www.muyjujuy.com\\\/index.php\\\/2025\\\/04\\\/24\\\/fne-2025-josefina-blanco-visito-diversas-localidades-jujenas\\\/\"]}]},{\"@type\":\"ImageObject\",\"inLanguage\":\"es-AR\",\"@id\":\"https:\\\/\\\/www.muyjujuy.com\\\/index.php\\\/2025\\\/04\\\/24\\\/fne-2025-josefina-blanco-visito-diversas-localidades-jujenas\\\/#primaryimage\",\"url\":\"https:\\\/\\\/www.muyjujuy.com\\\/wp-content\\\/uploads\\\/2025\\\/04\\\/reina.jpg\",\"contentUrl\":\"https:\\\/\\\/www.muyjujuy.com\\\/wp-content\\\/uploads\\\/2025\\\/04\\\/reina.jpg\",\"width\":591,\"height\":325},{\"@type\":\"BreadcrumbList\",\"@id\":\"https:\\\/\\\/www.muyjujuy.com\\\/index.php\\\/2025\\\/04\\\/24\\\/fne-2025-josefina-blanco-visito-diversas-localidades-jujenas\\\/#breadcrumb\",\"itemListElement\":[{\"@type\":\"ListItem\",\"position\":1,\"name\":\"Inicio\",\"item\":\"https:\\\/\\\/www.muyjujuy.com\\\/\"},{\"@type\":\"ListItem\",\"position\":2,\"name\":\"FNE 2025: Josefina Blanco visit\u00f3 diversas localidades juje\u00f1as\"}]},{\"@type\":\"WebSite\",\"@id\":\"https:\\\/\\\/www.muyjujuy.com\\\/#website\",\"url\":\"https:\\\/\\\/www.muyjujuy.com\\\/\",\"name\":\"Muy Jujuy\",\"description\":\"\",\"publisher\":{\"@id\":\"https:\\\/\\\/www.muyjujuy.com\\\/#organization\"},\"potentialAction\":[{\"@type\":\"SearchAction\",\"target\":{\"@type\":\"EntryPoint\",\"urlTemplate\":\"https:\\\/\\\/www.muyjujuy.com\\\/?s={search_term_string}\"},\"query-input\":{\"@type\":\"PropertyValueSpecification\",\"valueRequired\":true,\"valueName\":\"search_term_string\"}}],\"inLanguage\":\"es-AR\"},{\"@type\":\"Organization\",\"@id\":\"https:\\\/\\\/www.muyjujuy.com\\\/#organization\",\"name\":\"Muy Jujuy\",\"url\":\"https:\\\/\\\/www.muyjujuy.com\\\/\",\"logo\":{\"@type\":\"ImageObject\",\"inLanguage\":\"es-AR\",\"@id\":\"https:\\\/\\\/www.muyjujuy.com\\\/#\\\/schema\\\/logo\\\/image\\\/\",\"url\":\"http:\\\/\\\/www.muyjujuy.com\\\/wp-content\\\/uploads\\\/2022\\\/05\\\/logo-mobil-jujuy.png\",\"contentUrl\":\"http:\\\/\\\/www.muyjujuy.com\\\/wp-content\\\/uploads\\\/2022\\\/05\\\/logo-mobil-jujuy.png\",\"width\":174,\"height\":81,\"caption\":\"Muy Jujuy\"},\"image\":{\"@id\":\"https:\\\/\\\/www.muyjujuy.com\\\/#\\\/schema\\\/logo\\\/image\\\/\"},\"sameAs\":[\"https:\\\/\\\/www.facebook.com\\\/muyjujuycom\",\"https:\\\/\\\/x.com\\\/muyjujuy\",\"https:\\\/\\\/www.instagram.com\\\/muyjujuycom\"]},{\"@type\":\"Person\",\"@id\":\"https:\\\/\\\/www.muyjujuy.com\\\/#\\\/schema\\\/person\\\/a3b63db1f387ec4149299954904c5bf0\",\"name\":\"admin\",\"image\":{\"@type\":\"ImageObject\",\"inLanguage\":\"es-AR\",\"@id\":\"https:\\\/\\\/secure.gravatar.com\\\/avatar\\\/b6e63d8d3a73633362405a0ad27e9c28391755813b59886f19a99d6cef8a03fc?s=96&d=mm&r=g\",\"url\":\"https:\\\/\\\/secure.gravatar.com\\\/avatar\\\/b6e63d8d3a73633362405a0ad27e9c28391755813b59886f19a99d6cef8a03fc?s=96&d=mm&r=g\",\"contentUrl\":\"https:\\\/\\\/secure.gravatar.com\\\/avatar\\\/b6e63d8d3a73633362405a0ad27e9c28391755813b59886f19a99d6cef8a03fc?s=96&d=mm&r=g\",\"caption\":\"admin\"},\"url\":\"https:\\\/\\\/www.muyjujuy.com\\\/index.php\\\/author\\\/soyeleditor\\\/\"}]}<\/script>\n<!-- \/ Yoast SEO plugin. -->","yoast_head_json":{"title":"FNE 2025: Josefina Blanco visit\u00f3 diversas localidades juje\u00f1as - Muy Jujuy","robots":{"index":"index","follow":"follow","max-snippet":"max-snippet:-1","max-image-preview":"max-image-preview:large","max-video-preview":"max-video-preview:-1"},"canonical":"https:\/\/www.muyjujuy.com\/index.php\/2025\/04\/24\/fne-2025-josefina-blanco-visito-diversas-localidades-jujenas\/","og_locale":"es_ES","og_type":"article","og_title":"FNE 2025: Josefina Blanco visit\u00f3 diversas localidades juje\u00f1as - Muy Jujuy","og_description":"La Representante Provincial 2024 llev\u00f3 adelante un recorrido por m\u00faltiples localidades de Jujuy en el contexto del programa \u201cMisi\u00f3n Primavera\u201d. En el marco de la edici\u00f3n 2025 de la Fiesta Nacional de los Estudiantes, la Representante Provincial, Josefina Blanco, realizar\u00e1 visitas a distintos puntos de la provincia durante este mi\u00e9rcoles y jueves. Estas actividades se [&hellip;]","og_url":"https:\/\/www.muyjujuy.com\/index.php\/2025\/04\/24\/fne-2025-josefina-blanco-visito-diversas-localidades-jujenas\/","og_site_name":"Muy Jujuy","article_publisher":"https:\/\/www.facebook.com\/muyjujuycom","article_published_time":"2025-04-24T12:52:38+00:00","author":"admin","twitter_card":"summary_large_image","twitter_creator":"@muyjujuy","twitter_site":"@muyjujuy","twitter_misc":{"Escrito por":"admin","Tiempo de lectura":"1 minuto"},"schema":{"@context":"https:\/\/schema.org","@graph":[{"@type":"Article","@id":"https:\/\/www.muyjujuy.com\/index.php\/2025\/04\/24\/fne-2025-josefina-blanco-visito-diversas-localidades-jujenas\/#article","isPartOf":{"@id":"https:\/\/www.muyjujuy.com\/index.php\/2025\/04\/24\/fne-2025-josefina-blanco-visito-diversas-localidades-jujenas\/"},"author":{"name":"admin","@id":"https:\/\/www.muyjujuy.com\/#\/schema\/person\/a3b63db1f387ec4149299954904c5bf0"},"headline":"FNE 2025: Josefina Blanco visit\u00f3 diversas localidades juje\u00f1as","datePublished":"2025-04-24T12:52:38+00:00","mainEntityOfPage":{"@id":"https:\/\/www.muyjujuy.com\/index.php\/2025\/04\/24\/fne-2025-josefina-blanco-visito-diversas-localidades-jujenas\/"},"wordCount":232,"commentCount":0,"publisher":{"@id":"https:\/\/www.muyjujuy.com\/#organization"},"image":{"@id":"https:\/\/www.muyjujuy.com\/index.php\/2025\/04\/24\/fne-2025-josefina-blanco-visito-diversas-localidades-jujenas\/#primaryimage"},"thumbnailUrl":"https:\/\/www.muyjujuy.com\/wp-content\/uploads\/2025\/04\/reina.jpg","articleSection":["Sociedad"],"inLanguage":"es-AR","potentialAction":[{"@type":"CommentAction","name":"Comment","target":["https:\/\/www.muyjujuy.com\/index.php\/2025\/04\/24\/fne-2025-josefina-blanco-visito-diversas-localidades-jujenas\/#respond"]}]},{"@type":"WebPage","@id":"https:\/\/www.muyjujuy.com\/index.php\/2025\/04\/24\/fne-2025-josefina-blanco-visito-diversas-localidades-jujenas\/","url":"https:\/\/www.muyjujuy.com\/index.php\/2025\/04\/24\/fne-2025-josefina-blanco-visito-diversas-localidades-jujenas\/","name":"FNE 2025: Josefina Blanco visit\u00f3 diversas localidades juje\u00f1as - Muy Jujuy","isPartOf":{"@id":"https:\/\/www.muyjujuy.com\/#website"},"primaryImageOfPage":{"@id":"https:\/\/www.muyjujuy.com\/index.php\/2025\/04\/24\/fne-2025-josefina-blanco-visito-diversas-localidades-jujenas\/#primaryimage"},"image":{"@id":"https:\/\/www.muyjujuy.com\/index.php\/2025\/04\/24\/fne-2025-josefina-blanco-visito-diversas-localidades-jujenas\/#primaryimage"},"thumbnailUrl":"https:\/\/www.muyjujuy.com\/wp-content\/uploads\/2025\/04\/reina.jpg","datePublished":"2025-04-24T12:52:38+00:00","breadcrumb":{"@id":"https:\/\/www.muyjujuy.com\/index.php\/2025\/04\/24\/fne-2025-josefina-blanco-visito-diversas-localidades-jujenas\/#breadcrumb"},"inLanguage":"es-AR","potentialAction":[{"@type":"ReadAction","target":["https:\/\/www.muyjujuy.com\/index.php\/2025\/04\/24\/fne-2025-josefina-blanco-visito-diversas-localidades-jujenas\/"]}]},{"@type":"ImageObject","inLanguage":"es-AR","@id":"https:\/\/www.muyjujuy.com\/index.php\/2025\/04\/24\/fne-2025-josefina-blanco-visito-diversas-localidades-jujenas\/#primaryimage","url":"https:\/\/www.muyjujuy.com\/wp-content\/uploads\/2025\/04\/reina.jpg","contentUrl":"https:\/\/www.muyjujuy.com\/wp-content\/uploads\/2025\/04\/reina.jpg","width":591,"height":325},{"@type":"BreadcrumbList","@id":"https:\/\/www.muyjujuy.com\/index.php\/2025\/04\/24\/fne-2025-josefina-blanco-visito-diversas-localidades-jujenas\/#breadcrumb","itemListElement":[{"@type":"ListItem","position":1,"name":"Inicio","item":"https:\/\/www.muyjujuy.com\/"},{"@type":"ListItem","position":2,"name":"FNE 2025: Josefina Blanco visit\u00f3 diversas localidades juje\u00f1as"}]},{"@type":"WebSite","@id":"https:\/\/www.muyjujuy.com\/#website","url":"https:\/\/www.muyjujuy.com\/","name":"Muy Jujuy","description":"","publisher":{"@id":"https:\/\/www.muyjujuy.com\/#organization"},"potentialAction":[{"@type":"SearchAction","target":{"@type":"EntryPoint","urlTemplate":"https:\/\/www.muyjujuy.com\/?s={search_term_string}"},"query-input":{"@type":"PropertyValueSpecification","valueRequired":true,"valueName":"search_term_string"}}],"inLanguage":"es-AR"},{"@type":"Organization","@id":"https:\/\/www.muyjujuy.com\/#organization","name":"Muy Jujuy","url":"https:\/\/www.muyjujuy.com\/","logo":{"@type":"ImageObject","inLanguage":"es-AR","@id":"https:\/\/www.muyjujuy.com\/#\/schema\/logo\/image\/","url":"http:\/\/www.muyjujuy.com\/wp-content\/uploads\/2022\/05\/logo-mobil-jujuy.png","contentUrl":"http:\/\/www.muyjujuy.com\/wp-content\/uploads\/2022\/05\/logo-mobil-jujuy.png","width":174,"height":81,"caption":"Muy Jujuy"},"image":{"@id":"https:\/\/www.muyjujuy.com\/#\/schema\/logo\/image\/"},"sameAs":["https:\/\/www.facebook.com\/muyjujuycom","https:\/\/x.com\/muyjujuy","https:\/\/www.instagram.com\/muyjujuycom"]},{"@type":"Person","@id":"https:\/\/www.muyjujuy.com\/#\/schema\/person\/a3b63db1f387ec4149299954904c5bf0","name":"admin","image":{"@type":"ImageObject","inLanguage":"es-AR","@id":"https:\/\/secure.gravatar.com\/avatar\/b6e63d8d3a73633362405a0ad27e9c28391755813b59886f19a99d6cef8a03fc?s=96&d=mm&r=g","url":"https:\/\/secure.gravatar.com\/avatar\/b6e63d8d3a73633362405a0ad27e9c28391755813b59886f19a99d6cef8a03fc?s=96&d=mm&r=g","contentUrl":"https:\/\/secure.gravatar.com\/avatar\/b6e63d8d3a73633362405a0ad27e9c28391755813b59886f19a99d6cef8a03fc?s=96&d=mm&r=g","caption":"admin"},"url":"https:\/\/www.muyjujuy.com\/index.php\/author\/soyeleditor\/"}]}},"_links":{"self":[{"href":"https:\/\/www.muyjujuy.com\/index.php\/wp-json\/wp\/v2\/posts\/2255","targetHints":{"allow":["GET"]}}],"collection":[{"href":"https:\/\/www.muyjujuy.com\/index.php\/wp-json\/wp\/v2\/posts"}],"about":[{"href":"https:\/\/www.muyjujuy.com\/index.php\/wp-json\/wp\/v2\/types\/post"}],"author":[{"embeddable":true,"href":"https:\/\/www.muyjujuy.com\/index.php\/wp-json\/wp\/v2\/users\/1"}],"replies":[{"embeddable":true,"href":"https:\/\/www.muyjujuy.com\/index.php\/wp-json\/wp\/v2\/comments?post=2255"}],"version-history":[{"count":1,"href":"https:\/\/www.muyjujuy.com\/index.php\/wp-json\/wp\/v2\/posts\/2255\/revisions"}],"predecessor-version":[{"id":2257,"href":"https:\/\/www.muyjujuy.com\/index.php\/wp-json\/wp\/v2\/posts\/2255\/revisions\/2257"}],"wp:featuredmedia":[{"embeddable":true,"href":"https:\/\/www.muyjujuy.com\/index.php\/wp-json\/wp\/v2\/media\/2256"}],"wp:attachment":[{"href":"https:\/\/www.muyjujuy.com\/index.php\/wp-json\/wp\/v2\/media?parent=2255"}],"wp:term":[{"taxonomy":"category","embeddable":true,"href":"https:\/\/www.muyjujuy.com\/index.php\/wp-json\/wp\/v2\/categories?post=2255"},{"taxonomy":"post_tag","embeddable":true,"href":"https:\/\/www.muyjujuy.com\/index.php\/wp-json\/wp\/v2\/tags?post=2255"}],"curies":[{"name":"wp","href":"https:\/\/api.w.org\/{rel}","templated":true}]}}