{"id":2280,"date":"2025-04-28T11:52:13","date_gmt":"2025-04-28T14:52:13","guid":{"rendered":"https:\/\/www.muyjujuy.com\/?p=2280"},"modified":"2025-04-28T11:52:13","modified_gmt":"2025-04-28T14:52:13","slug":"reversion-de-la-venta-de-medicamentos-fuera-de-farmacias-impacto-en-jujuy","status":"publish","type":"post","link":"https:\/\/www.muyjujuy.com\/index.php\/2025\/04\/28\/reversion-de-la-venta-de-medicamentos-fuera-de-farmacias-impacto-en-jujuy\/","title":{"rendered":"Reversi\u00f3n de la venta de medicamentos fuera de farmacias: impacto en Jujuy"},"content":{"rendered":"\n<p>El presidente del Colegio de Farmac\u00e9uticos de Jujuy detall\u00f3 las implicancias para la provincia tras la revocaci\u00f3n del DNU que autorizaba la comercializaci\u00f3n libre de medicamentos fuera de las farmacias.<\/p>\n\n\n\n<p>Recientemente, la C\u00e1mara Contencioso Administrativa Federal dict\u00f3 una resoluci\u00f3n que suspende varios art\u00edculos del DNU 70\/2023 y sus disposiciones relacionadas, lo que impide la venta de analg\u00e9sicos y anti\u00e1cidos en establecimientos no autorizados como farmacias. En este contexto, desde el Colegio de Farmac\u00e9uticos de Jujuy se aclararon los pasos a seguir en la regi\u00f3n.<\/p>\n\n\n\n<p><strong>Situaci\u00f3n en Jujuy tras la suspensi\u00f3n de la venta libre de medicamentos fuera de farmacias<\/strong><\/p>\n\n\n\n<p>Gustavo Mart\u00ednez, titular del Colegio de Farmac\u00e9uticos de Jujuy, expres\u00f3 a nuestro medio que, tras la revocaci\u00f3n del DNU 70\/2023, los profesionales de la salud se sienten &#8220;altamente satisfechos&#8221;, ya que &#8220;era una medida que esperaban que se tomara&#8221;.<\/p>\n\n\n\n<p>&#8220;Desde el momento en que se emiti\u00f3 el DNU 70, est\u00e1bamos preocupados por los efectos de esa medida; busc\u00e1bamos que se anulara, pues era sumamente perjudicial para la salud. Estaban permitiendo la venta de todo tipo de medicamentos, no solo aquellos que eran accesibles sin receta, sino tambi\u00e9n medicamentos que generalmente requieren prescripci\u00f3n m\u00e9dica y que, con esta medida, se pod\u00edan conseguir en cualquier establecimiento&#8221;, coment\u00f3 Mart\u00ednez.<\/p>\n\n\n\n<p>El presidente del Colegio destac\u00f3 que, tras la orden de la C\u00e1mara Contencioso Administrativa Federal, &#8220;no se permitir\u00e1 la venta de medicamentos fuera de las farmacias&#8221;, y a\u00f1adi\u00f3: &#8220;Ahora nos coordinaremos con los municipios para garantizar que esta normativa se cumpla&#8221;.<\/p>\n","protected":false},"excerpt":{"rendered":"<p>El presidente del Colegio de Farmac\u00e9uticos de Jujuy detall\u00f3 las implicancias para la provincia tras la revocaci\u00f3n del DNU que autorizaba la comercializaci\u00f3n libre de medicamentos fuera de las farmacias. Recientemente, la C\u00e1mara Contencioso Administrativa Federal dict\u00f3 una resoluci\u00f3n que suspende varios art\u00edculos del DNU 70\/2023 y sus disposiciones relacionadas, lo que impide la venta [&hellip;]<\/p>\n","protected":false},"author":1,"featured_media":2281,"comment_status":"open","ping_status":"open","sticky":false,"template":"","format":"standard","meta":{"footnotes":""},"categories":[25],"tags":[],"class_list":{"0":"post-2280","1":"post","2":"type-post","3":"status-publish","4":"format-standard","5":"has-post-thumbnail","7":"category-sociedad"},"yoast_head":"<!-- This site is optimized with the Yoast SEO plugin v27.5 - https:\/\/yoast.com\/product\/yoast-seo-wordpress\/ -->\n<title>Reversi\u00f3n de la venta de medicamentos fuera de farmacias: impacto en Jujuy - Muy Jujuy<\/title>\n<meta name=\"robots\" content=\"index, follow, max-snippet:-1, max-image-preview:large, max-video-preview:-1\" \/>\n<link rel=\"canonical\" href=\"https:\/\/www.muyjujuy.com\/index.php\/2025\/04\/28\/reversion-de-la-venta-de-medicamentos-fuera-de-farmacias-impacto-en-jujuy\/\" \/>\n<meta property=\"og:locale\" content=\"es_ES\" \/>\n<meta property=\"og:type\" content=\"article\" \/>\n<meta property=\"og:title\" content=\"Reversi\u00f3n de la venta de medicamentos fuera de farmacias: impacto en Jujuy - Muy Jujuy\" \/>\n<meta property=\"og:description\" content=\"El presidente del Colegio de Farmac\u00e9uticos de Jujuy detall\u00f3 las implicancias para la provincia tras la revocaci\u00f3n del DNU que autorizaba la comercializaci\u00f3n libre de medicamentos fuera de las farmacias. Recientemente, la C\u00e1mara Contencioso Administrativa Federal dict\u00f3 una resoluci\u00f3n que suspende varios art\u00edculos del DNU 70\/2023 y sus disposiciones relacionadas, lo que impide la venta [&hellip;]\" \/>\n<meta property=\"og:url\" content=\"https:\/\/www.muyjujuy.com\/index.php\/2025\/04\/28\/reversion-de-la-venta-de-medicamentos-fuera-de-farmacias-impacto-en-jujuy\/\" \/>\n<meta property=\"og:site_name\" content=\"Muy Jujuy\" \/>\n<meta property=\"article:publisher\" content=\"https:\/\/www.facebook.com\/muyjujuycom\" \/>\n<meta property=\"article:published_time\" content=\"2025-04-28T14:52:13+00:00\" \/>\n<meta name=\"author\" content=\"admin\" \/>\n<meta name=\"twitter:card\" content=\"summary_large_image\" \/>\n<meta name=\"twitter:creator\" content=\"@muyjujuy\" \/>\n<meta name=\"twitter:site\" content=\"@muyjujuy\" \/>\n<meta name=\"twitter:label1\" content=\"Escrito por\" \/>\n\t<meta name=\"twitter:data1\" content=\"admin\" \/>\n\t<meta name=\"twitter:label2\" content=\"Tiempo de lectura\" \/>\n\t<meta name=\"twitter:data2\" content=\"1 minuto\" \/>\n<script type=\"application\/ld+json\" class=\"yoast-schema-graph\">{\"@context\":\"https:\\\/\\\/schema.org\",\"@graph\":[{\"@type\":\"Article\",\"@id\":\"https:\\\/\\\/www.muyjujuy.com\\\/index.php\\\/2025\\\/04\\\/28\\\/reversion-de-la-venta-de-medicamentos-fuera-de-farmacias-impacto-en-jujuy\\\/#article\",\"isPartOf\":{\"@id\":\"https:\\\/\\\/www.muyjujuy.com\\\/index.php\\\/2025\\\/04\\\/28\\\/reversion-de-la-venta-de-medicamentos-fuera-de-farmacias-impacto-en-jujuy\\\/\"},\"author\":{\"name\":\"admin\",\"@id\":\"https:\\\/\\\/www.muyjujuy.com\\\/#\\\/schema\\\/person\\\/a3b63db1f387ec4149299954904c5bf0\"},\"headline\":\"Reversi\u00f3n de la venta de medicamentos fuera de farmacias: impacto en Jujuy\",\"datePublished\":\"2025-04-28T14:52:13+00:00\",\"mainEntityOfPage\":{\"@id\":\"https:\\\/\\\/www.muyjujuy.com\\\/index.php\\\/2025\\\/04\\\/28\\\/reversion-de-la-venta-de-medicamentos-fuera-de-farmacias-impacto-en-jujuy\\\/\"},\"wordCount\":280,\"commentCount\":0,\"publisher\":{\"@id\":\"https:\\\/\\\/www.muyjujuy.com\\\/#organization\"},\"image\":{\"@id\":\"https:\\\/\\\/www.muyjujuy.com\\\/index.php\\\/2025\\\/04\\\/28\\\/reversion-de-la-venta-de-medicamentos-fuera-de-farmacias-impacto-en-jujuy\\\/#primaryimage\"},\"thumbnailUrl\":\"https:\\\/\\\/www.muyjujuy.com\\\/wp-content\\\/uploads\\\/2025\\\/04\\\/past.jpg\",\"articleSection\":[\"Sociedad\"],\"inLanguage\":\"es-AR\",\"potentialAction\":[{\"@type\":\"CommentAction\",\"name\":\"Comment\",\"target\":[\"https:\\\/\\\/www.muyjujuy.com\\\/index.php\\\/2025\\\/04\\\/28\\\/reversion-de-la-venta-de-medicamentos-fuera-de-farmacias-impacto-en-jujuy\\\/#respond\"]}]},{\"@type\":\"WebPage\",\"@id\":\"https:\\\/\\\/www.muyjujuy.com\\\/index.php\\\/2025\\\/04\\\/28\\\/reversion-de-la-venta-de-medicamentos-fuera-de-farmacias-impacto-en-jujuy\\\/\",\"url\":\"https:\\\/\\\/www.muyjujuy.com\\\/index.php\\\/2025\\\/04\\\/28\\\/reversion-de-la-venta-de-medicamentos-fuera-de-farmacias-impacto-en-jujuy\\\/\",\"name\":\"Reversi\u00f3n de la venta de medicamentos fuera de farmacias: impacto en Jujuy - Muy Jujuy\",\"isPartOf\":{\"@id\":\"https:\\\/\\\/www.muyjujuy.com\\\/#website\"},\"primaryImageOfPage\":{\"@id\":\"https:\\\/\\\/www.muyjujuy.com\\\/index.php\\\/2025\\\/04\\\/28\\\/reversion-de-la-venta-de-medicamentos-fuera-de-farmacias-impacto-en-jujuy\\\/#primaryimage\"},\"image\":{\"@id\":\"https:\\\/\\\/www.muyjujuy.com\\\/index.php\\\/2025\\\/04\\\/28\\\/reversion-de-la-venta-de-medicamentos-fuera-de-farmacias-impacto-en-jujuy\\\/#primaryimage\"},\"thumbnailUrl\":\"https:\\\/\\\/www.muyjujuy.com\\\/wp-content\\\/uploads\\\/2025\\\/04\\\/past.jpg\",\"datePublished\":\"2025-04-28T14:52:13+00:00\",\"breadcrumb\":{\"@id\":\"https:\\\/\\\/www.muyjujuy.com\\\/index.php\\\/2025\\\/04\\\/28\\\/reversion-de-la-venta-de-medicamentos-fuera-de-farmacias-impacto-en-jujuy\\\/#breadcrumb\"},\"inLanguage\":\"es-AR\",\"potentialAction\":[{\"@type\":\"ReadAction\",\"target\":[\"https:\\\/\\\/www.muyjujuy.com\\\/index.php\\\/2025\\\/04\\\/28\\\/reversion-de-la-venta-de-medicamentos-fuera-de-farmacias-impacto-en-jujuy\\\/\"]}]},{\"@type\":\"ImageObject\",\"inLanguage\":\"es-AR\",\"@id\":\"https:\\\/\\\/www.muyjujuy.com\\\/index.php\\\/2025\\\/04\\\/28\\\/reversion-de-la-venta-de-medicamentos-fuera-de-farmacias-impacto-en-jujuy\\\/#primaryimage\",\"url\":\"https:\\\/\\\/www.muyjujuy.com\\\/wp-content\\\/uploads\\\/2025\\\/04\\\/past.jpg\",\"contentUrl\":\"https:\\\/\\\/www.muyjujuy.com\\\/wp-content\\\/uploads\\\/2025\\\/04\\\/past.jpg\",\"width\":609,\"height\":335},{\"@type\":\"BreadcrumbList\",\"@id\":\"https:\\\/\\\/www.muyjujuy.com\\\/index.php\\\/2025\\\/04\\\/28\\\/reversion-de-la-venta-de-medicamentos-fuera-de-farmacias-impacto-en-jujuy\\\/#breadcrumb\",\"itemListElement\":[{\"@type\":\"ListItem\",\"position\":1,\"name\":\"Inicio\",\"item\":\"https:\\\/\\\/www.muyjujuy.com\\\/\"},{\"@type\":\"ListItem\",\"position\":2,\"name\":\"Reversi\u00f3n de la venta de medicamentos fuera de farmacias: impacto en Jujuy\"}]},{\"@type\":\"WebSite\",\"@id\":\"https:\\\/\\\/www.muyjujuy.com\\\/#website\",\"url\":\"https:\\\/\\\/www.muyjujuy.com\\\/\",\"name\":\"Muy Jujuy\",\"description\":\"\",\"publisher\":{\"@id\":\"https:\\\/\\\/www.muyjujuy.com\\\/#organization\"},\"potentialAction\":[{\"@type\":\"SearchAction\",\"target\":{\"@type\":\"EntryPoint\",\"urlTemplate\":\"https:\\\/\\\/www.muyjujuy.com\\\/?s={search_term_string}\"},\"query-input\":{\"@type\":\"PropertyValueSpecification\",\"valueRequired\":true,\"valueName\":\"search_term_string\"}}],\"inLanguage\":\"es-AR\"},{\"@type\":\"Organization\",\"@id\":\"https:\\\/\\\/www.muyjujuy.com\\\/#organization\",\"name\":\"Muy Jujuy\",\"url\":\"https:\\\/\\\/www.muyjujuy.com\\\/\",\"logo\":{\"@type\":\"ImageObject\",\"inLanguage\":\"es-AR\",\"@id\":\"https:\\\/\\\/www.muyjujuy.com\\\/#\\\/schema\\\/logo\\\/image\\\/\",\"url\":\"http:\\\/\\\/www.muyjujuy.com\\\/wp-content\\\/uploads\\\/2022\\\/05\\\/logo-mobil-jujuy.png\",\"contentUrl\":\"http:\\\/\\\/www.muyjujuy.com\\\/wp-content\\\/uploads\\\/2022\\\/05\\\/logo-mobil-jujuy.png\",\"width\":174,\"height\":81,\"caption\":\"Muy Jujuy\"},\"image\":{\"@id\":\"https:\\\/\\\/www.muyjujuy.com\\\/#\\\/schema\\\/logo\\\/image\\\/\"},\"sameAs\":[\"https:\\\/\\\/www.facebook.com\\\/muyjujuycom\",\"https:\\\/\\\/x.com\\\/muyjujuy\",\"https:\\\/\\\/www.instagram.com\\\/muyjujuycom\"]},{\"@type\":\"Person\",\"@id\":\"https:\\\/\\\/www.muyjujuy.com\\\/#\\\/schema\\\/person\\\/a3b63db1f387ec4149299954904c5bf0\",\"name\":\"admin\",\"image\":{\"@type\":\"ImageObject\",\"inLanguage\":\"es-AR\",\"@id\":\"https:\\\/\\\/secure.gravatar.com\\\/avatar\\\/b6e63d8d3a73633362405a0ad27e9c28391755813b59886f19a99d6cef8a03fc?s=96&d=mm&r=g\",\"url\":\"https:\\\/\\\/secure.gravatar.com\\\/avatar\\\/b6e63d8d3a73633362405a0ad27e9c28391755813b59886f19a99d6cef8a03fc?s=96&d=mm&r=g\",\"contentUrl\":\"https:\\\/\\\/secure.gravatar.com\\\/avatar\\\/b6e63d8d3a73633362405a0ad27e9c28391755813b59886f19a99d6cef8a03fc?s=96&d=mm&r=g\",\"caption\":\"admin\"},\"url\":\"https:\\\/\\\/www.muyjujuy.com\\\/index.php\\\/author\\\/soyeleditor\\\/\"}]}<\/script>\n<!-- \/ Yoast SEO plugin. -->","yoast_head_json":{"title":"Reversi\u00f3n de la venta de medicamentos fuera de farmacias: impacto en Jujuy - Muy Jujuy","robots":{"index":"index","follow":"follow","max-snippet":"max-snippet:-1","max-image-preview":"max-image-preview:large","max-video-preview":"max-video-preview:-1"},"canonical":"https:\/\/www.muyjujuy.com\/index.php\/2025\/04\/28\/reversion-de-la-venta-de-medicamentos-fuera-de-farmacias-impacto-en-jujuy\/","og_locale":"es_ES","og_type":"article","og_title":"Reversi\u00f3n de la venta de medicamentos fuera de farmacias: impacto en Jujuy - Muy Jujuy","og_description":"El presidente del Colegio de Farmac\u00e9uticos de Jujuy detall\u00f3 las implicancias para la provincia tras la revocaci\u00f3n del DNU que autorizaba la comercializaci\u00f3n libre de medicamentos fuera de las farmacias. Recientemente, la C\u00e1mara Contencioso Administrativa Federal dict\u00f3 una resoluci\u00f3n que suspende varios art\u00edculos del DNU 70\/2023 y sus disposiciones relacionadas, lo que impide la venta [&hellip;]","og_url":"https:\/\/www.muyjujuy.com\/index.php\/2025\/04\/28\/reversion-de-la-venta-de-medicamentos-fuera-de-farmacias-impacto-en-jujuy\/","og_site_name":"Muy Jujuy","article_publisher":"https:\/\/www.facebook.com\/muyjujuycom","article_published_time":"2025-04-28T14:52:13+00:00","author":"admin","twitter_card":"summary_large_image","twitter_creator":"@muyjujuy","twitter_site":"@muyjujuy","twitter_misc":{"Escrito por":"admin","Tiempo de lectura":"1 minuto"},"schema":{"@context":"https:\/\/schema.org","@graph":[{"@type":"Article","@id":"https:\/\/www.muyjujuy.com\/index.php\/2025\/04\/28\/reversion-de-la-venta-de-medicamentos-fuera-de-farmacias-impacto-en-jujuy\/#article","isPartOf":{"@id":"https:\/\/www.muyjujuy.com\/index.php\/2025\/04\/28\/reversion-de-la-venta-de-medicamentos-fuera-de-farmacias-impacto-en-jujuy\/"},"author":{"name":"admin","@id":"https:\/\/www.muyjujuy.com\/#\/schema\/person\/a3b63db1f387ec4149299954904c5bf0"},"headline":"Reversi\u00f3n de la venta de medicamentos fuera de farmacias: impacto en Jujuy","datePublished":"2025-04-28T14:52:13+00:00","mainEntityOfPage":{"@id":"https:\/\/www.muyjujuy.com\/index.php\/2025\/04\/28\/reversion-de-la-venta-de-medicamentos-fuera-de-farmacias-impacto-en-jujuy\/"},"wordCount":280,"commentCount":0,"publisher":{"@id":"https:\/\/www.muyjujuy.com\/#organization"},"image":{"@id":"https:\/\/www.muyjujuy.com\/index.php\/2025\/04\/28\/reversion-de-la-venta-de-medicamentos-fuera-de-farmacias-impacto-en-jujuy\/#primaryimage"},"thumbnailUrl":"https:\/\/www.muyjujuy.com\/wp-content\/uploads\/2025\/04\/past.jpg","articleSection":["Sociedad"],"inLanguage":"es-AR","potentialAction":[{"@type":"CommentAction","name":"Comment","target":["https:\/\/www.muyjujuy.com\/index.php\/2025\/04\/28\/reversion-de-la-venta-de-medicamentos-fuera-de-farmacias-impacto-en-jujuy\/#respond"]}]},{"@type":"WebPage","@id":"https:\/\/www.muyjujuy.com\/index.php\/2025\/04\/28\/reversion-de-la-venta-de-medicamentos-fuera-de-farmacias-impacto-en-jujuy\/","url":"https:\/\/www.muyjujuy.com\/index.php\/2025\/04\/28\/reversion-de-la-venta-de-medicamentos-fuera-de-farmacias-impacto-en-jujuy\/","name":"Reversi\u00f3n de la venta de medicamentos fuera de farmacias: impacto en Jujuy - Muy Jujuy","isPartOf":{"@id":"https:\/\/www.muyjujuy.com\/#website"},"primaryImageOfPage":{"@id":"https:\/\/www.muyjujuy.com\/index.php\/2025\/04\/28\/reversion-de-la-venta-de-medicamentos-fuera-de-farmacias-impacto-en-jujuy\/#primaryimage"},"image":{"@id":"https:\/\/www.muyjujuy.com\/index.php\/2025\/04\/28\/reversion-de-la-venta-de-medicamentos-fuera-de-farmacias-impacto-en-jujuy\/#primaryimage"},"thumbnailUrl":"https:\/\/www.muyjujuy.com\/wp-content\/uploads\/2025\/04\/past.jpg","datePublished":"2025-04-28T14:52:13+00:00","breadcrumb":{"@id":"https:\/\/www.muyjujuy.com\/index.php\/2025\/04\/28\/reversion-de-la-venta-de-medicamentos-fuera-de-farmacias-impacto-en-jujuy\/#breadcrumb"},"inLanguage":"es-AR","potentialAction":[{"@type":"ReadAction","target":["https:\/\/www.muyjujuy.com\/index.php\/2025\/04\/28\/reversion-de-la-venta-de-medicamentos-fuera-de-farmacias-impacto-en-jujuy\/"]}]},{"@type":"ImageObject","inLanguage":"es-AR","@id":"https:\/\/www.muyjujuy.com\/index.php\/2025\/04\/28\/reversion-de-la-venta-de-medicamentos-fuera-de-farmacias-impacto-en-jujuy\/#primaryimage","url":"https:\/\/www.muyjujuy.com\/wp-content\/uploads\/2025\/04\/past.jpg","contentUrl":"https:\/\/www.muyjujuy.com\/wp-content\/uploads\/2025\/04\/past.jpg","width":609,"height":335},{"@type":"BreadcrumbList","@id":"https:\/\/www.muyjujuy.com\/index.php\/2025\/04\/28\/reversion-de-la-venta-de-medicamentos-fuera-de-farmacias-impacto-en-jujuy\/#breadcrumb","itemListElement":[{"@type":"ListItem","position":1,"name":"Inicio","item":"https:\/\/www.muyjujuy.com\/"},{"@type":"ListItem","position":2,"name":"Reversi\u00f3n de la venta de medicamentos fuera de farmacias: impacto en Jujuy"}]},{"@type":"WebSite","@id":"https:\/\/www.muyjujuy.com\/#website","url":"https:\/\/www.muyjujuy.com\/","name":"Muy Jujuy","description":"","publisher":{"@id":"https:\/\/www.muyjujuy.com\/#organization"},"potentialAction":[{"@type":"SearchAction","target":{"@type":"EntryPoint","urlTemplate":"https:\/\/www.muyjujuy.com\/?s={search_term_string}"},"query-input":{"@type":"PropertyValueSpecification","valueRequired":true,"valueName":"search_term_string"}}],"inLanguage":"es-AR"},{"@type":"Organization","@id":"https:\/\/www.muyjujuy.com\/#organization","name":"Muy Jujuy","url":"https:\/\/www.muyjujuy.com\/","logo":{"@type":"ImageObject","inLanguage":"es-AR","@id":"https:\/\/www.muyjujuy.com\/#\/schema\/logo\/image\/","url":"http:\/\/www.muyjujuy.com\/wp-content\/uploads\/2022\/05\/logo-mobil-jujuy.png","contentUrl":"http:\/\/www.muyjujuy.com\/wp-content\/uploads\/2022\/05\/logo-mobil-jujuy.png","width":174,"height":81,"caption":"Muy Jujuy"},"image":{"@id":"https:\/\/www.muyjujuy.com\/#\/schema\/logo\/image\/"},"sameAs":["https:\/\/www.facebook.com\/muyjujuycom","https:\/\/x.com\/muyjujuy","https:\/\/www.instagram.com\/muyjujuycom"]},{"@type":"Person","@id":"https:\/\/www.muyjujuy.com\/#\/schema\/person\/a3b63db1f387ec4149299954904c5bf0","name":"admin","image":{"@type":"ImageObject","inLanguage":"es-AR","@id":"https:\/\/secure.gravatar.com\/avatar\/b6e63d8d3a73633362405a0ad27e9c28391755813b59886f19a99d6cef8a03fc?s=96&d=mm&r=g","url":"https:\/\/secure.gravatar.com\/avatar\/b6e63d8d3a73633362405a0ad27e9c28391755813b59886f19a99d6cef8a03fc?s=96&d=mm&r=g","contentUrl":"https:\/\/secure.gravatar.com\/avatar\/b6e63d8d3a73633362405a0ad27e9c28391755813b59886f19a99d6cef8a03fc?s=96&d=mm&r=g","caption":"admin"},"url":"https:\/\/www.muyjujuy.com\/index.php\/author\/soyeleditor\/"}]}},"_links":{"self":[{"href":"https:\/\/www.muyjujuy.com\/index.php\/wp-json\/wp\/v2\/posts\/2280","targetHints":{"allow":["GET"]}}],"collection":[{"href":"https:\/\/www.muyjujuy.com\/index.php\/wp-json\/wp\/v2\/posts"}],"about":[{"href":"https:\/\/www.muyjujuy.com\/index.php\/wp-json\/wp\/v2\/types\/post"}],"author":[{"embeddable":true,"href":"https:\/\/www.muyjujuy.com\/index.php\/wp-json\/wp\/v2\/users\/1"}],"replies":[{"embeddable":true,"href":"https:\/\/www.muyjujuy.com\/index.php\/wp-json\/wp\/v2\/comments?post=2280"}],"version-history":[{"count":1,"href":"https:\/\/www.muyjujuy.com\/index.php\/wp-json\/wp\/v2\/posts\/2280\/revisions"}],"predecessor-version":[{"id":2282,"href":"https:\/\/www.muyjujuy.com\/index.php\/wp-json\/wp\/v2\/posts\/2280\/revisions\/2282"}],"wp:featuredmedia":[{"embeddable":true,"href":"https:\/\/www.muyjujuy.com\/index.php\/wp-json\/wp\/v2\/media\/2281"}],"wp:attachment":[{"href":"https:\/\/www.muyjujuy.com\/index.php\/wp-json\/wp\/v2\/media?parent=2280"}],"wp:term":[{"taxonomy":"category","embeddable":true,"href":"https:\/\/www.muyjujuy.com\/index.php\/wp-json\/wp\/v2\/categories?post=2280"},{"taxonomy":"post_tag","embeddable":true,"href":"https:\/\/www.muyjujuy.com\/index.php\/wp-json\/wp\/v2\/tags?post=2280"}],"curies":[{"name":"wp","href":"https:\/\/api.w.org\/{rel}","templated":true}]}}