{"id":2292,"date":"2025-04-30T11:33:47","date_gmt":"2025-04-30T14:33:47","guid":{"rendered":"https:\/\/www.muyjujuy.com\/?p=2292"},"modified":"2025-04-30T11:33:47","modified_gmt":"2025-04-30T14:33:47","slug":"la-plaza-espana-se-llena-de-musica-con-un-nuevo-ciclo-en-casa-de-gobierno","status":"publish","type":"post","link":"https:\/\/www.muyjujuy.com\/index.php\/2025\/04\/30\/la-plaza-espana-se-llena-de-musica-con-un-nuevo-ciclo-en-casa-de-gobierno\/","title":{"rendered":"La Plaza Espa\u00f1a se llena de m\u00fasica con un nuevo ciclo en Casa de Gobierno"},"content":{"rendered":"\n<p>Desde el 1 al 4 de mayo, la Plaza Espa\u00f1a ser\u00e1 el escenario de un nuevo Ciclo Musical en Casa de Gobierno, un evento que tiene como objetivo compartir y celebrar el talento local a trav\u00e9s de la m\u00fasica.<\/p>\n\n\n\n<p>El ciclo comenzar\u00e1 el jueves 1 de mayo a las 20:30 horas, con una noche llena de ritmo y emoci\u00f3n, en la que se presentar\u00e1n Cele Rodr\u00edguez, Ismael y su Grupo Liberados, Norma de Am\u00e9rica y C\u00e9sar y su Grupo Felicidad. Una variada combinaci\u00f3n de voces y estilos que promete llenar de alegr\u00eda a los presentes.<\/p>\n\n\n\n<p>La m\u00fasica continuar\u00e1 el viernes 2 de mayo, tambi\u00e9n a las 20:30 horas, con las actuaciones de Zencerro, Albahaca, Maestro Vedia, Taty Dom\u00ednguez y los admirados &#8220;Quebrade\u00f1os&#8221; Tom\u00e1s Lip\u00e1n y Fortunato Ramos, dos grandes exponentes del folklore juje\u00f1o.<\/p>\n\n\n\n<p>El cierre del ciclo ser\u00e1 el domingo 4 de mayo a las 19:30 horas, con una jornada que contar\u00e1 con las actuaciones de Roc\u00edo Fuenzalida, Oriana Reyes, Tupac 7 y Tunay, para poner fin al fin de semana con m\u00e1s m\u00fasica y emociones.<\/p>\n\n\n\n<p>Este ciclo invita a todos a disfrutar de un evento al aire libre, en un ambiente familiar y amistoso, en el coraz\u00f3n de la historia y tradici\u00f3n juje\u00f1a. La Plaza Espa\u00f1a, situada detr\u00e1s de la emblem\u00e1tica Casa de Gobierno, se convierte as\u00ed en un punto de encuentro donde la m\u00fasica local toma protagonismo y el esp\u00edritu juje\u00f1o resuena en cada acorde.<\/p>\n","protected":false},"excerpt":{"rendered":"<p>Desde el 1 al 4 de mayo, la Plaza Espa\u00f1a ser\u00e1 el escenario de un nuevo Ciclo Musical en Casa de Gobierno, un evento que tiene como objetivo compartir y celebrar el talento local a trav\u00e9s de la m\u00fasica. El ciclo comenzar\u00e1 el jueves 1 de mayo a las 20:30 horas, con una noche llena [&hellip;]<\/p>\n","protected":false},"author":1,"featured_media":2293,"comment_status":"open","ping_status":"open","sticky":false,"template":"","format":"standard","meta":{"footnotes":""},"categories":[847],"tags":[],"class_list":{"0":"post-2292","1":"post","2":"type-post","3":"status-publish","4":"format-standard","5":"has-post-thumbnail","7":"category-cuitura"},"yoast_head":"<!-- This site is optimized with the Yoast SEO plugin v27.5 - https:\/\/yoast.com\/product\/yoast-seo-wordpress\/ -->\n<title>La Plaza Espa\u00f1a se llena de m\u00fasica con un nuevo ciclo en Casa de Gobierno - Muy Jujuy<\/title>\n<meta name=\"robots\" content=\"index, follow, max-snippet:-1, max-image-preview:large, max-video-preview:-1\" \/>\n<link rel=\"canonical\" href=\"https:\/\/www.muyjujuy.com\/index.php\/2025\/04\/30\/la-plaza-espana-se-llena-de-musica-con-un-nuevo-ciclo-en-casa-de-gobierno\/\" \/>\n<meta property=\"og:locale\" content=\"es_ES\" \/>\n<meta property=\"og:type\" content=\"article\" \/>\n<meta property=\"og:title\" content=\"La Plaza Espa\u00f1a se llena de m\u00fasica con un nuevo ciclo en Casa de Gobierno - Muy Jujuy\" \/>\n<meta property=\"og:description\" content=\"Desde el 1 al 4 de mayo, la Plaza Espa\u00f1a ser\u00e1 el escenario de un nuevo Ciclo Musical en Casa de Gobierno, un evento que tiene como objetivo compartir y celebrar el talento local a trav\u00e9s de la m\u00fasica. El ciclo comenzar\u00e1 el jueves 1 de mayo a las 20:30 horas, con una noche llena [&hellip;]\" \/>\n<meta property=\"og:url\" content=\"https:\/\/www.muyjujuy.com\/index.php\/2025\/04\/30\/la-plaza-espana-se-llena-de-musica-con-un-nuevo-ciclo-en-casa-de-gobierno\/\" \/>\n<meta property=\"og:site_name\" content=\"Muy Jujuy\" \/>\n<meta property=\"article:publisher\" content=\"https:\/\/www.facebook.com\/muyjujuycom\" \/>\n<meta property=\"article:published_time\" content=\"2025-04-30T14:33:47+00:00\" \/>\n<meta name=\"author\" content=\"admin\" \/>\n<meta name=\"twitter:card\" content=\"summary_large_image\" \/>\n<meta name=\"twitter:creator\" content=\"@muyjujuy\" \/>\n<meta name=\"twitter:site\" content=\"@muyjujuy\" \/>\n<meta name=\"twitter:label1\" content=\"Escrito por\" \/>\n\t<meta name=\"twitter:data1\" content=\"admin\" \/>\n\t<meta name=\"twitter:label2\" content=\"Tiempo de lectura\" \/>\n\t<meta name=\"twitter:data2\" content=\"1 minuto\" \/>\n<script type=\"application\/ld+json\" class=\"yoast-schema-graph\">{\"@context\":\"https:\\\/\\\/schema.org\",\"@graph\":[{\"@type\":\"Article\",\"@id\":\"https:\\\/\\\/www.muyjujuy.com\\\/index.php\\\/2025\\\/04\\\/30\\\/la-plaza-espana-se-llena-de-musica-con-un-nuevo-ciclo-en-casa-de-gobierno\\\/#article\",\"isPartOf\":{\"@id\":\"https:\\\/\\\/www.muyjujuy.com\\\/index.php\\\/2025\\\/04\\\/30\\\/la-plaza-espana-se-llena-de-musica-con-un-nuevo-ciclo-en-casa-de-gobierno\\\/\"},\"author\":{\"name\":\"admin\",\"@id\":\"https:\\\/\\\/www.muyjujuy.com\\\/#\\\/schema\\\/person\\\/a3b63db1f387ec4149299954904c5bf0\"},\"headline\":\"La Plaza Espa\u00f1a se llena de m\u00fasica con un nuevo ciclo en Casa de Gobierno\",\"datePublished\":\"2025-04-30T14:33:47+00:00\",\"mainEntityOfPage\":{\"@id\":\"https:\\\/\\\/www.muyjujuy.com\\\/index.php\\\/2025\\\/04\\\/30\\\/la-plaza-espana-se-llena-de-musica-con-un-nuevo-ciclo-en-casa-de-gobierno\\\/\"},\"wordCount\":274,\"commentCount\":0,\"publisher\":{\"@id\":\"https:\\\/\\\/www.muyjujuy.com\\\/#organization\"},\"image\":{\"@id\":\"https:\\\/\\\/www.muyjujuy.com\\\/index.php\\\/2025\\\/04\\\/30\\\/la-plaza-espana-se-llena-de-musica-con-un-nuevo-ciclo-en-casa-de-gobierno\\\/#primaryimage\"},\"thumbnailUrl\":\"https:\\\/\\\/www.muyjujuy.com\\\/wp-content\\\/uploads\\\/2025\\\/04\\\/musica.jpg\",\"articleSection\":[\"CUITURA\"],\"inLanguage\":\"es-AR\",\"potentialAction\":[{\"@type\":\"CommentAction\",\"name\":\"Comment\",\"target\":[\"https:\\\/\\\/www.muyjujuy.com\\\/index.php\\\/2025\\\/04\\\/30\\\/la-plaza-espana-se-llena-de-musica-con-un-nuevo-ciclo-en-casa-de-gobierno\\\/#respond\"]}]},{\"@type\":\"WebPage\",\"@id\":\"https:\\\/\\\/www.muyjujuy.com\\\/index.php\\\/2025\\\/04\\\/30\\\/la-plaza-espana-se-llena-de-musica-con-un-nuevo-ciclo-en-casa-de-gobierno\\\/\",\"url\":\"https:\\\/\\\/www.muyjujuy.com\\\/index.php\\\/2025\\\/04\\\/30\\\/la-plaza-espana-se-llena-de-musica-con-un-nuevo-ciclo-en-casa-de-gobierno\\\/\",\"name\":\"La Plaza Espa\u00f1a se llena de m\u00fasica con un nuevo ciclo en Casa de Gobierno - Muy Jujuy\",\"isPartOf\":{\"@id\":\"https:\\\/\\\/www.muyjujuy.com\\\/#website\"},\"primaryImageOfPage\":{\"@id\":\"https:\\\/\\\/www.muyjujuy.com\\\/index.php\\\/2025\\\/04\\\/30\\\/la-plaza-espana-se-llena-de-musica-con-un-nuevo-ciclo-en-casa-de-gobierno\\\/#primaryimage\"},\"image\":{\"@id\":\"https:\\\/\\\/www.muyjujuy.com\\\/index.php\\\/2025\\\/04\\\/30\\\/la-plaza-espana-se-llena-de-musica-con-un-nuevo-ciclo-en-casa-de-gobierno\\\/#primaryimage\"},\"thumbnailUrl\":\"https:\\\/\\\/www.muyjujuy.com\\\/wp-content\\\/uploads\\\/2025\\\/04\\\/musica.jpg\",\"datePublished\":\"2025-04-30T14:33:47+00:00\",\"breadcrumb\":{\"@id\":\"https:\\\/\\\/www.muyjujuy.com\\\/index.php\\\/2025\\\/04\\\/30\\\/la-plaza-espana-se-llena-de-musica-con-un-nuevo-ciclo-en-casa-de-gobierno\\\/#breadcrumb\"},\"inLanguage\":\"es-AR\",\"potentialAction\":[{\"@type\":\"ReadAction\",\"target\":[\"https:\\\/\\\/www.muyjujuy.com\\\/index.php\\\/2025\\\/04\\\/30\\\/la-plaza-espana-se-llena-de-musica-con-un-nuevo-ciclo-en-casa-de-gobierno\\\/\"]}]},{\"@type\":\"ImageObject\",\"inLanguage\":\"es-AR\",\"@id\":\"https:\\\/\\\/www.muyjujuy.com\\\/index.php\\\/2025\\\/04\\\/30\\\/la-plaza-espana-se-llena-de-musica-con-un-nuevo-ciclo-en-casa-de-gobierno\\\/#primaryimage\",\"url\":\"https:\\\/\\\/www.muyjujuy.com\\\/wp-content\\\/uploads\\\/2025\\\/04\\\/musica.jpg\",\"contentUrl\":\"https:\\\/\\\/www.muyjujuy.com\\\/wp-content\\\/uploads\\\/2025\\\/04\\\/musica.jpg\",\"width\":894,\"height\":518},{\"@type\":\"BreadcrumbList\",\"@id\":\"https:\\\/\\\/www.muyjujuy.com\\\/index.php\\\/2025\\\/04\\\/30\\\/la-plaza-espana-se-llena-de-musica-con-un-nuevo-ciclo-en-casa-de-gobierno\\\/#breadcrumb\",\"itemListElement\":[{\"@type\":\"ListItem\",\"position\":1,\"name\":\"Inicio\",\"item\":\"https:\\\/\\\/www.muyjujuy.com\\\/\"},{\"@type\":\"ListItem\",\"position\":2,\"name\":\"La Plaza Espa\u00f1a se llena de m\u00fasica con un nuevo ciclo en Casa de Gobierno\"}]},{\"@type\":\"WebSite\",\"@id\":\"https:\\\/\\\/www.muyjujuy.com\\\/#website\",\"url\":\"https:\\\/\\\/www.muyjujuy.com\\\/\",\"name\":\"Muy Jujuy\",\"description\":\"\",\"publisher\":{\"@id\":\"https:\\\/\\\/www.muyjujuy.com\\\/#organization\"},\"potentialAction\":[{\"@type\":\"SearchAction\",\"target\":{\"@type\":\"EntryPoint\",\"urlTemplate\":\"https:\\\/\\\/www.muyjujuy.com\\\/?s={search_term_string}\"},\"query-input\":{\"@type\":\"PropertyValueSpecification\",\"valueRequired\":true,\"valueName\":\"search_term_string\"}}],\"inLanguage\":\"es-AR\"},{\"@type\":\"Organization\",\"@id\":\"https:\\\/\\\/www.muyjujuy.com\\\/#organization\",\"name\":\"Muy Jujuy\",\"url\":\"https:\\\/\\\/www.muyjujuy.com\\\/\",\"logo\":{\"@type\":\"ImageObject\",\"inLanguage\":\"es-AR\",\"@id\":\"https:\\\/\\\/www.muyjujuy.com\\\/#\\\/schema\\\/logo\\\/image\\\/\",\"url\":\"http:\\\/\\\/www.muyjujuy.com\\\/wp-content\\\/uploads\\\/2022\\\/05\\\/logo-mobil-jujuy.png\",\"contentUrl\":\"http:\\\/\\\/www.muyjujuy.com\\\/wp-content\\\/uploads\\\/2022\\\/05\\\/logo-mobil-jujuy.png\",\"width\":174,\"height\":81,\"caption\":\"Muy Jujuy\"},\"image\":{\"@id\":\"https:\\\/\\\/www.muyjujuy.com\\\/#\\\/schema\\\/logo\\\/image\\\/\"},\"sameAs\":[\"https:\\\/\\\/www.facebook.com\\\/muyjujuycom\",\"https:\\\/\\\/x.com\\\/muyjujuy\",\"https:\\\/\\\/www.instagram.com\\\/muyjujuycom\"]},{\"@type\":\"Person\",\"@id\":\"https:\\\/\\\/www.muyjujuy.com\\\/#\\\/schema\\\/person\\\/a3b63db1f387ec4149299954904c5bf0\",\"name\":\"admin\",\"image\":{\"@type\":\"ImageObject\",\"inLanguage\":\"es-AR\",\"@id\":\"https:\\\/\\\/secure.gravatar.com\\\/avatar\\\/b6e63d8d3a73633362405a0ad27e9c28391755813b59886f19a99d6cef8a03fc?s=96&d=mm&r=g\",\"url\":\"https:\\\/\\\/secure.gravatar.com\\\/avatar\\\/b6e63d8d3a73633362405a0ad27e9c28391755813b59886f19a99d6cef8a03fc?s=96&d=mm&r=g\",\"contentUrl\":\"https:\\\/\\\/secure.gravatar.com\\\/avatar\\\/b6e63d8d3a73633362405a0ad27e9c28391755813b59886f19a99d6cef8a03fc?s=96&d=mm&r=g\",\"caption\":\"admin\"},\"url\":\"https:\\\/\\\/www.muyjujuy.com\\\/index.php\\\/author\\\/soyeleditor\\\/\"}]}<\/script>\n<!-- \/ Yoast SEO plugin. -->","yoast_head_json":{"title":"La Plaza Espa\u00f1a se llena de m\u00fasica con un nuevo ciclo en Casa de Gobierno - Muy Jujuy","robots":{"index":"index","follow":"follow","max-snippet":"max-snippet:-1","max-image-preview":"max-image-preview:large","max-video-preview":"max-video-preview:-1"},"canonical":"https:\/\/www.muyjujuy.com\/index.php\/2025\/04\/30\/la-plaza-espana-se-llena-de-musica-con-un-nuevo-ciclo-en-casa-de-gobierno\/","og_locale":"es_ES","og_type":"article","og_title":"La Plaza Espa\u00f1a se llena de m\u00fasica con un nuevo ciclo en Casa de Gobierno - Muy Jujuy","og_description":"Desde el 1 al 4 de mayo, la Plaza Espa\u00f1a ser\u00e1 el escenario de un nuevo Ciclo Musical en Casa de Gobierno, un evento que tiene como objetivo compartir y celebrar el talento local a trav\u00e9s de la m\u00fasica. El ciclo comenzar\u00e1 el jueves 1 de mayo a las 20:30 horas, con una noche llena [&hellip;]","og_url":"https:\/\/www.muyjujuy.com\/index.php\/2025\/04\/30\/la-plaza-espana-se-llena-de-musica-con-un-nuevo-ciclo-en-casa-de-gobierno\/","og_site_name":"Muy Jujuy","article_publisher":"https:\/\/www.facebook.com\/muyjujuycom","article_published_time":"2025-04-30T14:33:47+00:00","author":"admin","twitter_card":"summary_large_image","twitter_creator":"@muyjujuy","twitter_site":"@muyjujuy","twitter_misc":{"Escrito por":"admin","Tiempo de lectura":"1 minuto"},"schema":{"@context":"https:\/\/schema.org","@graph":[{"@type":"Article","@id":"https:\/\/www.muyjujuy.com\/index.php\/2025\/04\/30\/la-plaza-espana-se-llena-de-musica-con-un-nuevo-ciclo-en-casa-de-gobierno\/#article","isPartOf":{"@id":"https:\/\/www.muyjujuy.com\/index.php\/2025\/04\/30\/la-plaza-espana-se-llena-de-musica-con-un-nuevo-ciclo-en-casa-de-gobierno\/"},"author":{"name":"admin","@id":"https:\/\/www.muyjujuy.com\/#\/schema\/person\/a3b63db1f387ec4149299954904c5bf0"},"headline":"La Plaza Espa\u00f1a se llena de m\u00fasica con un nuevo ciclo en Casa de Gobierno","datePublished":"2025-04-30T14:33:47+00:00","mainEntityOfPage":{"@id":"https:\/\/www.muyjujuy.com\/index.php\/2025\/04\/30\/la-plaza-espana-se-llena-de-musica-con-un-nuevo-ciclo-en-casa-de-gobierno\/"},"wordCount":274,"commentCount":0,"publisher":{"@id":"https:\/\/www.muyjujuy.com\/#organization"},"image":{"@id":"https:\/\/www.muyjujuy.com\/index.php\/2025\/04\/30\/la-plaza-espana-se-llena-de-musica-con-un-nuevo-ciclo-en-casa-de-gobierno\/#primaryimage"},"thumbnailUrl":"https:\/\/www.muyjujuy.com\/wp-content\/uploads\/2025\/04\/musica.jpg","articleSection":["CUITURA"],"inLanguage":"es-AR","potentialAction":[{"@type":"CommentAction","name":"Comment","target":["https:\/\/www.muyjujuy.com\/index.php\/2025\/04\/30\/la-plaza-espana-se-llena-de-musica-con-un-nuevo-ciclo-en-casa-de-gobierno\/#respond"]}]},{"@type":"WebPage","@id":"https:\/\/www.muyjujuy.com\/index.php\/2025\/04\/30\/la-plaza-espana-se-llena-de-musica-con-un-nuevo-ciclo-en-casa-de-gobierno\/","url":"https:\/\/www.muyjujuy.com\/index.php\/2025\/04\/30\/la-plaza-espana-se-llena-de-musica-con-un-nuevo-ciclo-en-casa-de-gobierno\/","name":"La Plaza Espa\u00f1a se llena de m\u00fasica con un nuevo ciclo en Casa de Gobierno - Muy Jujuy","isPartOf":{"@id":"https:\/\/www.muyjujuy.com\/#website"},"primaryImageOfPage":{"@id":"https:\/\/www.muyjujuy.com\/index.php\/2025\/04\/30\/la-plaza-espana-se-llena-de-musica-con-un-nuevo-ciclo-en-casa-de-gobierno\/#primaryimage"},"image":{"@id":"https:\/\/www.muyjujuy.com\/index.php\/2025\/04\/30\/la-plaza-espana-se-llena-de-musica-con-un-nuevo-ciclo-en-casa-de-gobierno\/#primaryimage"},"thumbnailUrl":"https:\/\/www.muyjujuy.com\/wp-content\/uploads\/2025\/04\/musica.jpg","datePublished":"2025-04-30T14:33:47+00:00","breadcrumb":{"@id":"https:\/\/www.muyjujuy.com\/index.php\/2025\/04\/30\/la-plaza-espana-se-llena-de-musica-con-un-nuevo-ciclo-en-casa-de-gobierno\/#breadcrumb"},"inLanguage":"es-AR","potentialAction":[{"@type":"ReadAction","target":["https:\/\/www.muyjujuy.com\/index.php\/2025\/04\/30\/la-plaza-espana-se-llena-de-musica-con-un-nuevo-ciclo-en-casa-de-gobierno\/"]}]},{"@type":"ImageObject","inLanguage":"es-AR","@id":"https:\/\/www.muyjujuy.com\/index.php\/2025\/04\/30\/la-plaza-espana-se-llena-de-musica-con-un-nuevo-ciclo-en-casa-de-gobierno\/#primaryimage","url":"https:\/\/www.muyjujuy.com\/wp-content\/uploads\/2025\/04\/musica.jpg","contentUrl":"https:\/\/www.muyjujuy.com\/wp-content\/uploads\/2025\/04\/musica.jpg","width":894,"height":518},{"@type":"BreadcrumbList","@id":"https:\/\/www.muyjujuy.com\/index.php\/2025\/04\/30\/la-plaza-espana-se-llena-de-musica-con-un-nuevo-ciclo-en-casa-de-gobierno\/#breadcrumb","itemListElement":[{"@type":"ListItem","position":1,"name":"Inicio","item":"https:\/\/www.muyjujuy.com\/"},{"@type":"ListItem","position":2,"name":"La Plaza Espa\u00f1a se llena de m\u00fasica con un nuevo ciclo en Casa de Gobierno"}]},{"@type":"WebSite","@id":"https:\/\/www.muyjujuy.com\/#website","url":"https:\/\/www.muyjujuy.com\/","name":"Muy Jujuy","description":"","publisher":{"@id":"https:\/\/www.muyjujuy.com\/#organization"},"potentialAction":[{"@type":"SearchAction","target":{"@type":"EntryPoint","urlTemplate":"https:\/\/www.muyjujuy.com\/?s={search_term_string}"},"query-input":{"@type":"PropertyValueSpecification","valueRequired":true,"valueName":"search_term_string"}}],"inLanguage":"es-AR"},{"@type":"Organization","@id":"https:\/\/www.muyjujuy.com\/#organization","name":"Muy Jujuy","url":"https:\/\/www.muyjujuy.com\/","logo":{"@type":"ImageObject","inLanguage":"es-AR","@id":"https:\/\/www.muyjujuy.com\/#\/schema\/logo\/image\/","url":"http:\/\/www.muyjujuy.com\/wp-content\/uploads\/2022\/05\/logo-mobil-jujuy.png","contentUrl":"http:\/\/www.muyjujuy.com\/wp-content\/uploads\/2022\/05\/logo-mobil-jujuy.png","width":174,"height":81,"caption":"Muy Jujuy"},"image":{"@id":"https:\/\/www.muyjujuy.com\/#\/schema\/logo\/image\/"},"sameAs":["https:\/\/www.facebook.com\/muyjujuycom","https:\/\/x.com\/muyjujuy","https:\/\/www.instagram.com\/muyjujuycom"]},{"@type":"Person","@id":"https:\/\/www.muyjujuy.com\/#\/schema\/person\/a3b63db1f387ec4149299954904c5bf0","name":"admin","image":{"@type":"ImageObject","inLanguage":"es-AR","@id":"https:\/\/secure.gravatar.com\/avatar\/b6e63d8d3a73633362405a0ad27e9c28391755813b59886f19a99d6cef8a03fc?s=96&d=mm&r=g","url":"https:\/\/secure.gravatar.com\/avatar\/b6e63d8d3a73633362405a0ad27e9c28391755813b59886f19a99d6cef8a03fc?s=96&d=mm&r=g","contentUrl":"https:\/\/secure.gravatar.com\/avatar\/b6e63d8d3a73633362405a0ad27e9c28391755813b59886f19a99d6cef8a03fc?s=96&d=mm&r=g","caption":"admin"},"url":"https:\/\/www.muyjujuy.com\/index.php\/author\/soyeleditor\/"}]}},"_links":{"self":[{"href":"https:\/\/www.muyjujuy.com\/index.php\/wp-json\/wp\/v2\/posts\/2292","targetHints":{"allow":["GET"]}}],"collection":[{"href":"https:\/\/www.muyjujuy.com\/index.php\/wp-json\/wp\/v2\/posts"}],"about":[{"href":"https:\/\/www.muyjujuy.com\/index.php\/wp-json\/wp\/v2\/types\/post"}],"author":[{"embeddable":true,"href":"https:\/\/www.muyjujuy.com\/index.php\/wp-json\/wp\/v2\/users\/1"}],"replies":[{"embeddable":true,"href":"https:\/\/www.muyjujuy.com\/index.php\/wp-json\/wp\/v2\/comments?post=2292"}],"version-history":[{"count":1,"href":"https:\/\/www.muyjujuy.com\/index.php\/wp-json\/wp\/v2\/posts\/2292\/revisions"}],"predecessor-version":[{"id":2294,"href":"https:\/\/www.muyjujuy.com\/index.php\/wp-json\/wp\/v2\/posts\/2292\/revisions\/2294"}],"wp:featuredmedia":[{"embeddable":true,"href":"https:\/\/www.muyjujuy.com\/index.php\/wp-json\/wp\/v2\/media\/2293"}],"wp:attachment":[{"href":"https:\/\/www.muyjujuy.com\/index.php\/wp-json\/wp\/v2\/media?parent=2292"}],"wp:term":[{"taxonomy":"category","embeddable":true,"href":"https:\/\/www.muyjujuy.com\/index.php\/wp-json\/wp\/v2\/categories?post=2292"},{"taxonomy":"post_tag","embeddable":true,"href":"https:\/\/www.muyjujuy.com\/index.php\/wp-json\/wp\/v2\/tags?post=2292"}],"curies":[{"name":"wp","href":"https:\/\/api.w.org\/{rel}","templated":true}]}}