{"id":2295,"date":"2025-04-30T11:45:23","date_gmt":"2025-04-30T14:45:23","guid":{"rendered":"https:\/\/www.muyjujuy.com\/?p=2295"},"modified":"2025-04-30T11:45:23","modified_gmt":"2025-04-30T14:45:23","slug":"el-ministerio-de-educacion-de-jujuy-confirmo-la-decision-de-no-continuar-con-la-escuela-de-idiomas-en-el-ano-2025-explicando-que-se-dara-prioridad-a-la-ensenanza-dentro-del-ambito-educativo-formal","status":"publish","type":"post","link":"https:\/\/www.muyjujuy.com\/index.php\/2025\/04\/30\/el-ministerio-de-educacion-de-jujuy-confirmo-la-decision-de-no-continuar-con-la-escuela-de-idiomas-en-el-ano-2025-explicando-que-se-dara-prioridad-a-la-ensenanza-dentro-del-ambito-educativo-formal\/","title":{"rendered":"El Ministerio de Educaci\u00f3n de Jujuy confirm\u00f3 la decisi\u00f3n de no continuar con la Escuela de Idiomas en el a\u00f1o 2025, explicando que se dar\u00e1 prioridad a la ense\u00f1anza dentro del \u00e1mbito educativo formal."},"content":{"rendered":"\n<p>En un reciente comunicado, el Ministerio de Educaci\u00f3n de la provincia anunci\u00f3 que el programa Escuela de Idiomas finalizar\u00e1 sus actividades en 2024. Explicaron que la ense\u00f1anza de lenguas extranjeras se mantendr\u00e1 garantizada en todos los niveles de educaci\u00f3n obligatoria dentro del territorio provincial, a pesar de la discontinuidad de esta instituci\u00f3n espec\u00edfica.<\/p>\n\n\n\n<p>El cierre, seg\u00fan se explic\u00f3, responde a las restricciones presupuestarias derivadas de los recortes de fondos provenientes del gobierno nacional, lo que ha llevado a priorizar otras iniciativas educativas. Sin embargo, el Ministerio subray\u00f3 su continuo compromiso con la Educaci\u00f3n Intercultural Biling\u00fce en las comunidades que hablan quechua y guaran\u00ed.<\/p>\n","protected":false},"excerpt":{"rendered":"<p>En un reciente comunicado, el Ministerio de Educaci\u00f3n de la provincia anunci\u00f3 que el programa Escuela de Idiomas finalizar\u00e1 sus actividades en 2024. Explicaron que la ense\u00f1anza de lenguas extranjeras se mantendr\u00e1 garantizada en todos los niveles de educaci\u00f3n obligatoria dentro del territorio provincial, a pesar de la discontinuidad de esta instituci\u00f3n espec\u00edfica. El cierre, [&hellip;]<\/p>\n","protected":false},"author":1,"featured_media":2296,"comment_status":"open","ping_status":"open","sticky":false,"template":"","format":"standard","meta":{"footnotes":""},"categories":[848],"tags":[],"class_list":{"0":"post-2295","1":"post","2":"type-post","3":"status-publish","4":"format-standard","5":"has-post-thumbnail","7":"category-educacion"},"yoast_head":"<!-- This site is optimized with the Yoast SEO plugin v27.5 - https:\/\/yoast.com\/product\/yoast-seo-wordpress\/ -->\n<title>El Ministerio de Educaci\u00f3n de Jujuy confirm\u00f3 la decisi\u00f3n de no continuar con la Escuela de Idiomas en el a\u00f1o 2025, explicando que se dar\u00e1 prioridad a la ense\u00f1anza dentro del \u00e1mbito educativo formal. - Muy Jujuy<\/title>\n<meta name=\"robots\" content=\"index, follow, max-snippet:-1, max-image-preview:large, max-video-preview:-1\" \/>\n<link rel=\"canonical\" href=\"https:\/\/www.muyjujuy.com\/index.php\/2025\/04\/30\/el-ministerio-de-educacion-de-jujuy-confirmo-la-decision-de-no-continuar-con-la-escuela-de-idiomas-en-el-ano-2025-explicando-que-se-dara-prioridad-a-la-ensenanza-dentro-del-ambito-educativo-formal\/\" \/>\n<meta property=\"og:locale\" content=\"es_ES\" \/>\n<meta property=\"og:type\" content=\"article\" \/>\n<meta property=\"og:title\" content=\"El Ministerio de Educaci\u00f3n de Jujuy confirm\u00f3 la decisi\u00f3n de no continuar con la Escuela de Idiomas en el a\u00f1o 2025, explicando que se dar\u00e1 prioridad a la ense\u00f1anza dentro del \u00e1mbito educativo formal. - Muy Jujuy\" \/>\n<meta property=\"og:description\" content=\"En un reciente comunicado, el Ministerio de Educaci\u00f3n de la provincia anunci\u00f3 que el programa Escuela de Idiomas finalizar\u00e1 sus actividades en 2024. Explicaron que la ense\u00f1anza de lenguas extranjeras se mantendr\u00e1 garantizada en todos los niveles de educaci\u00f3n obligatoria dentro del territorio provincial, a pesar de la discontinuidad de esta instituci\u00f3n espec\u00edfica. El cierre, [&hellip;]\" \/>\n<meta property=\"og:url\" content=\"https:\/\/www.muyjujuy.com\/index.php\/2025\/04\/30\/el-ministerio-de-educacion-de-jujuy-confirmo-la-decision-de-no-continuar-con-la-escuela-de-idiomas-en-el-ano-2025-explicando-que-se-dara-prioridad-a-la-ensenanza-dentro-del-ambito-educativo-formal\/\" \/>\n<meta property=\"og:site_name\" content=\"Muy Jujuy\" \/>\n<meta property=\"article:publisher\" content=\"https:\/\/www.facebook.com\/muyjujuycom\" \/>\n<meta property=\"article:published_time\" content=\"2025-04-30T14:45:23+00:00\" \/>\n<meta name=\"author\" content=\"admin\" \/>\n<meta name=\"twitter:card\" content=\"summary_large_image\" \/>\n<meta name=\"twitter:creator\" content=\"@muyjujuy\" \/>\n<meta name=\"twitter:site\" content=\"@muyjujuy\" \/>\n<meta name=\"twitter:label1\" content=\"Escrito por\" \/>\n\t<meta name=\"twitter:data1\" content=\"admin\" \/>\n\t<meta name=\"twitter:label2\" content=\"Tiempo de lectura\" \/>\n\t<meta name=\"twitter:data2\" content=\"1 minuto\" \/>\n<script type=\"application\/ld+json\" class=\"yoast-schema-graph\">{\"@context\":\"https:\\\/\\\/schema.org\",\"@graph\":[{\"@type\":\"Article\",\"@id\":\"https:\\\/\\\/www.muyjujuy.com\\\/index.php\\\/2025\\\/04\\\/30\\\/el-ministerio-de-educacion-de-jujuy-confirmo-la-decision-de-no-continuar-con-la-escuela-de-idiomas-en-el-ano-2025-explicando-que-se-dara-prioridad-a-la-ensenanza-dentro-del-ambito-educativo-formal\\\/#article\",\"isPartOf\":{\"@id\":\"https:\\\/\\\/www.muyjujuy.com\\\/index.php\\\/2025\\\/04\\\/30\\\/el-ministerio-de-educacion-de-jujuy-confirmo-la-decision-de-no-continuar-con-la-escuela-de-idiomas-en-el-ano-2025-explicando-que-se-dara-prioridad-a-la-ensenanza-dentro-del-ambito-educativo-formal\\\/\"},\"author\":{\"name\":\"admin\",\"@id\":\"https:\\\/\\\/www.muyjujuy.com\\\/#\\\/schema\\\/person\\\/a3b63db1f387ec4149299954904c5bf0\"},\"headline\":\"El Ministerio de Educaci\u00f3n de Jujuy confirm\u00f3 la decisi\u00f3n de no continuar con la Escuela de Idiomas en el a\u00f1o 2025, explicando que se dar\u00e1 prioridad a la ense\u00f1anza dentro del \u00e1mbito educativo formal.\",\"datePublished\":\"2025-04-30T14:45:23+00:00\",\"mainEntityOfPage\":{\"@id\":\"https:\\\/\\\/www.muyjujuy.com\\\/index.php\\\/2025\\\/04\\\/30\\\/el-ministerio-de-educacion-de-jujuy-confirmo-la-decision-de-no-continuar-con-la-escuela-de-idiomas-en-el-ano-2025-explicando-que-se-dara-prioridad-a-la-ensenanza-dentro-del-ambito-educativo-formal\\\/\"},\"wordCount\":147,\"commentCount\":0,\"publisher\":{\"@id\":\"https:\\\/\\\/www.muyjujuy.com\\\/#organization\"},\"image\":{\"@id\":\"https:\\\/\\\/www.muyjujuy.com\\\/index.php\\\/2025\\\/04\\\/30\\\/el-ministerio-de-educacion-de-jujuy-confirmo-la-decision-de-no-continuar-con-la-escuela-de-idiomas-en-el-ano-2025-explicando-que-se-dara-prioridad-a-la-ensenanza-dentro-del-ambito-educativo-formal\\\/#primaryimage\"},\"thumbnailUrl\":\"https:\\\/\\\/www.muyjujuy.com\\\/wp-content\\\/uploads\\\/2025\\\/04\\\/cierre.jpg\",\"articleSection\":[\"EDUCACION\"],\"inLanguage\":\"es-AR\",\"potentialAction\":[{\"@type\":\"CommentAction\",\"name\":\"Comment\",\"target\":[\"https:\\\/\\\/www.muyjujuy.com\\\/index.php\\\/2025\\\/04\\\/30\\\/el-ministerio-de-educacion-de-jujuy-confirmo-la-decision-de-no-continuar-con-la-escuela-de-idiomas-en-el-ano-2025-explicando-que-se-dara-prioridad-a-la-ensenanza-dentro-del-ambito-educativo-formal\\\/#respond\"]}]},{\"@type\":\"WebPage\",\"@id\":\"https:\\\/\\\/www.muyjujuy.com\\\/index.php\\\/2025\\\/04\\\/30\\\/el-ministerio-de-educacion-de-jujuy-confirmo-la-decision-de-no-continuar-con-la-escuela-de-idiomas-en-el-ano-2025-explicando-que-se-dara-prioridad-a-la-ensenanza-dentro-del-ambito-educativo-formal\\\/\",\"url\":\"https:\\\/\\\/www.muyjujuy.com\\\/index.php\\\/2025\\\/04\\\/30\\\/el-ministerio-de-educacion-de-jujuy-confirmo-la-decision-de-no-continuar-con-la-escuela-de-idiomas-en-el-ano-2025-explicando-que-se-dara-prioridad-a-la-ensenanza-dentro-del-ambito-educativo-formal\\\/\",\"name\":\"El Ministerio de Educaci\u00f3n de Jujuy confirm\u00f3 la decisi\u00f3n de no continuar con la Escuela de Idiomas en el a\u00f1o 2025, explicando que se dar\u00e1 prioridad a la ense\u00f1anza dentro del \u00e1mbito educativo formal. - Muy Jujuy\",\"isPartOf\":{\"@id\":\"https:\\\/\\\/www.muyjujuy.com\\\/#website\"},\"primaryImageOfPage\":{\"@id\":\"https:\\\/\\\/www.muyjujuy.com\\\/index.php\\\/2025\\\/04\\\/30\\\/el-ministerio-de-educacion-de-jujuy-confirmo-la-decision-de-no-continuar-con-la-escuela-de-idiomas-en-el-ano-2025-explicando-que-se-dara-prioridad-a-la-ensenanza-dentro-del-ambito-educativo-formal\\\/#primaryimage\"},\"image\":{\"@id\":\"https:\\\/\\\/www.muyjujuy.com\\\/index.php\\\/2025\\\/04\\\/30\\\/el-ministerio-de-educacion-de-jujuy-confirmo-la-decision-de-no-continuar-con-la-escuela-de-idiomas-en-el-ano-2025-explicando-que-se-dara-prioridad-a-la-ensenanza-dentro-del-ambito-educativo-formal\\\/#primaryimage\"},\"thumbnailUrl\":\"https:\\\/\\\/www.muyjujuy.com\\\/wp-content\\\/uploads\\\/2025\\\/04\\\/cierre.jpg\",\"datePublished\":\"2025-04-30T14:45:23+00:00\",\"breadcrumb\":{\"@id\":\"https:\\\/\\\/www.muyjujuy.com\\\/index.php\\\/2025\\\/04\\\/30\\\/el-ministerio-de-educacion-de-jujuy-confirmo-la-decision-de-no-continuar-con-la-escuela-de-idiomas-en-el-ano-2025-explicando-que-se-dara-prioridad-a-la-ensenanza-dentro-del-ambito-educativo-formal\\\/#breadcrumb\"},\"inLanguage\":\"es-AR\",\"potentialAction\":[{\"@type\":\"ReadAction\",\"target\":[\"https:\\\/\\\/www.muyjujuy.com\\\/index.php\\\/2025\\\/04\\\/30\\\/el-ministerio-de-educacion-de-jujuy-confirmo-la-decision-de-no-continuar-con-la-escuela-de-idiomas-en-el-ano-2025-explicando-que-se-dara-prioridad-a-la-ensenanza-dentro-del-ambito-educativo-formal\\\/\"]}]},{\"@type\":\"ImageObject\",\"inLanguage\":\"es-AR\",\"@id\":\"https:\\\/\\\/www.muyjujuy.com\\\/index.php\\\/2025\\\/04\\\/30\\\/el-ministerio-de-educacion-de-jujuy-confirmo-la-decision-de-no-continuar-con-la-escuela-de-idiomas-en-el-ano-2025-explicando-que-se-dara-prioridad-a-la-ensenanza-dentro-del-ambito-educativo-formal\\\/#primaryimage\",\"url\":\"https:\\\/\\\/www.muyjujuy.com\\\/wp-content\\\/uploads\\\/2025\\\/04\\\/cierre.jpg\",\"contentUrl\":\"https:\\\/\\\/www.muyjujuy.com\\\/wp-content\\\/uploads\\\/2025\\\/04\\\/cierre.jpg\",\"width\":617,\"height\":340},{\"@type\":\"BreadcrumbList\",\"@id\":\"https:\\\/\\\/www.muyjujuy.com\\\/index.php\\\/2025\\\/04\\\/30\\\/el-ministerio-de-educacion-de-jujuy-confirmo-la-decision-de-no-continuar-con-la-escuela-de-idiomas-en-el-ano-2025-explicando-que-se-dara-prioridad-a-la-ensenanza-dentro-del-ambito-educativo-formal\\\/#breadcrumb\",\"itemListElement\":[{\"@type\":\"ListItem\",\"position\":1,\"name\":\"Inicio\",\"item\":\"https:\\\/\\\/www.muyjujuy.com\\\/\"},{\"@type\":\"ListItem\",\"position\":2,\"name\":\"El Ministerio de Educaci\u00f3n de Jujuy confirm\u00f3 la decisi\u00f3n de no continuar con la Escuela de Idiomas en el a\u00f1o 2025, explicando que se dar\u00e1 prioridad a la ense\u00f1anza dentro del \u00e1mbito educativo formal.\"}]},{\"@type\":\"WebSite\",\"@id\":\"https:\\\/\\\/www.muyjujuy.com\\\/#website\",\"url\":\"https:\\\/\\\/www.muyjujuy.com\\\/\",\"name\":\"Muy Jujuy\",\"description\":\"\",\"publisher\":{\"@id\":\"https:\\\/\\\/www.muyjujuy.com\\\/#organization\"},\"potentialAction\":[{\"@type\":\"SearchAction\",\"target\":{\"@type\":\"EntryPoint\",\"urlTemplate\":\"https:\\\/\\\/www.muyjujuy.com\\\/?s={search_term_string}\"},\"query-input\":{\"@type\":\"PropertyValueSpecification\",\"valueRequired\":true,\"valueName\":\"search_term_string\"}}],\"inLanguage\":\"es-AR\"},{\"@type\":\"Organization\",\"@id\":\"https:\\\/\\\/www.muyjujuy.com\\\/#organization\",\"name\":\"Muy Jujuy\",\"url\":\"https:\\\/\\\/www.muyjujuy.com\\\/\",\"logo\":{\"@type\":\"ImageObject\",\"inLanguage\":\"es-AR\",\"@id\":\"https:\\\/\\\/www.muyjujuy.com\\\/#\\\/schema\\\/logo\\\/image\\\/\",\"url\":\"http:\\\/\\\/www.muyjujuy.com\\\/wp-content\\\/uploads\\\/2022\\\/05\\\/logo-mobil-jujuy.png\",\"contentUrl\":\"http:\\\/\\\/www.muyjujuy.com\\\/wp-content\\\/uploads\\\/2022\\\/05\\\/logo-mobil-jujuy.png\",\"width\":174,\"height\":81,\"caption\":\"Muy Jujuy\"},\"image\":{\"@id\":\"https:\\\/\\\/www.muyjujuy.com\\\/#\\\/schema\\\/logo\\\/image\\\/\"},\"sameAs\":[\"https:\\\/\\\/www.facebook.com\\\/muyjujuycom\",\"https:\\\/\\\/x.com\\\/muyjujuy\",\"https:\\\/\\\/www.instagram.com\\\/muyjujuycom\"]},{\"@type\":\"Person\",\"@id\":\"https:\\\/\\\/www.muyjujuy.com\\\/#\\\/schema\\\/person\\\/a3b63db1f387ec4149299954904c5bf0\",\"name\":\"admin\",\"image\":{\"@type\":\"ImageObject\",\"inLanguage\":\"es-AR\",\"@id\":\"https:\\\/\\\/secure.gravatar.com\\\/avatar\\\/b6e63d8d3a73633362405a0ad27e9c28391755813b59886f19a99d6cef8a03fc?s=96&d=mm&r=g\",\"url\":\"https:\\\/\\\/secure.gravatar.com\\\/avatar\\\/b6e63d8d3a73633362405a0ad27e9c28391755813b59886f19a99d6cef8a03fc?s=96&d=mm&r=g\",\"contentUrl\":\"https:\\\/\\\/secure.gravatar.com\\\/avatar\\\/b6e63d8d3a73633362405a0ad27e9c28391755813b59886f19a99d6cef8a03fc?s=96&d=mm&r=g\",\"caption\":\"admin\"},\"url\":\"https:\\\/\\\/www.muyjujuy.com\\\/index.php\\\/author\\\/soyeleditor\\\/\"}]}<\/script>\n<!-- \/ Yoast SEO plugin. -->","yoast_head_json":{"title":"El Ministerio de Educaci\u00f3n de Jujuy confirm\u00f3 la decisi\u00f3n de no continuar con la Escuela de Idiomas en el a\u00f1o 2025, explicando que se dar\u00e1 prioridad a la ense\u00f1anza dentro del \u00e1mbito educativo formal. - Muy Jujuy","robots":{"index":"index","follow":"follow","max-snippet":"max-snippet:-1","max-image-preview":"max-image-preview:large","max-video-preview":"max-video-preview:-1"},"canonical":"https:\/\/www.muyjujuy.com\/index.php\/2025\/04\/30\/el-ministerio-de-educacion-de-jujuy-confirmo-la-decision-de-no-continuar-con-la-escuela-de-idiomas-en-el-ano-2025-explicando-que-se-dara-prioridad-a-la-ensenanza-dentro-del-ambito-educativo-formal\/","og_locale":"es_ES","og_type":"article","og_title":"El Ministerio de Educaci\u00f3n de Jujuy confirm\u00f3 la decisi\u00f3n de no continuar con la Escuela de Idiomas en el a\u00f1o 2025, explicando que se dar\u00e1 prioridad a la ense\u00f1anza dentro del \u00e1mbito educativo formal. - Muy Jujuy","og_description":"En un reciente comunicado, el Ministerio de Educaci\u00f3n de la provincia anunci\u00f3 que el programa Escuela de Idiomas finalizar\u00e1 sus actividades en 2024. Explicaron que la ense\u00f1anza de lenguas extranjeras se mantendr\u00e1 garantizada en todos los niveles de educaci\u00f3n obligatoria dentro del territorio provincial, a pesar de la discontinuidad de esta instituci\u00f3n espec\u00edfica. El cierre, [&hellip;]","og_url":"https:\/\/www.muyjujuy.com\/index.php\/2025\/04\/30\/el-ministerio-de-educacion-de-jujuy-confirmo-la-decision-de-no-continuar-con-la-escuela-de-idiomas-en-el-ano-2025-explicando-que-se-dara-prioridad-a-la-ensenanza-dentro-del-ambito-educativo-formal\/","og_site_name":"Muy Jujuy","article_publisher":"https:\/\/www.facebook.com\/muyjujuycom","article_published_time":"2025-04-30T14:45:23+00:00","author":"admin","twitter_card":"summary_large_image","twitter_creator":"@muyjujuy","twitter_site":"@muyjujuy","twitter_misc":{"Escrito por":"admin","Tiempo de lectura":"1 minuto"},"schema":{"@context":"https:\/\/schema.org","@graph":[{"@type":"Article","@id":"https:\/\/www.muyjujuy.com\/index.php\/2025\/04\/30\/el-ministerio-de-educacion-de-jujuy-confirmo-la-decision-de-no-continuar-con-la-escuela-de-idiomas-en-el-ano-2025-explicando-que-se-dara-prioridad-a-la-ensenanza-dentro-del-ambito-educativo-formal\/#article","isPartOf":{"@id":"https:\/\/www.muyjujuy.com\/index.php\/2025\/04\/30\/el-ministerio-de-educacion-de-jujuy-confirmo-la-decision-de-no-continuar-con-la-escuela-de-idiomas-en-el-ano-2025-explicando-que-se-dara-prioridad-a-la-ensenanza-dentro-del-ambito-educativo-formal\/"},"author":{"name":"admin","@id":"https:\/\/www.muyjujuy.com\/#\/schema\/person\/a3b63db1f387ec4149299954904c5bf0"},"headline":"El Ministerio de Educaci\u00f3n de Jujuy confirm\u00f3 la decisi\u00f3n de no continuar con la Escuela de Idiomas en el a\u00f1o 2025, explicando que se dar\u00e1 prioridad a la ense\u00f1anza dentro del \u00e1mbito educativo formal.","datePublished":"2025-04-30T14:45:23+00:00","mainEntityOfPage":{"@id":"https:\/\/www.muyjujuy.com\/index.php\/2025\/04\/30\/el-ministerio-de-educacion-de-jujuy-confirmo-la-decision-de-no-continuar-con-la-escuela-de-idiomas-en-el-ano-2025-explicando-que-se-dara-prioridad-a-la-ensenanza-dentro-del-ambito-educativo-formal\/"},"wordCount":147,"commentCount":0,"publisher":{"@id":"https:\/\/www.muyjujuy.com\/#organization"},"image":{"@id":"https:\/\/www.muyjujuy.com\/index.php\/2025\/04\/30\/el-ministerio-de-educacion-de-jujuy-confirmo-la-decision-de-no-continuar-con-la-escuela-de-idiomas-en-el-ano-2025-explicando-que-se-dara-prioridad-a-la-ensenanza-dentro-del-ambito-educativo-formal\/#primaryimage"},"thumbnailUrl":"https:\/\/www.muyjujuy.com\/wp-content\/uploads\/2025\/04\/cierre.jpg","articleSection":["EDUCACION"],"inLanguage":"es-AR","potentialAction":[{"@type":"CommentAction","name":"Comment","target":["https:\/\/www.muyjujuy.com\/index.php\/2025\/04\/30\/el-ministerio-de-educacion-de-jujuy-confirmo-la-decision-de-no-continuar-con-la-escuela-de-idiomas-en-el-ano-2025-explicando-que-se-dara-prioridad-a-la-ensenanza-dentro-del-ambito-educativo-formal\/#respond"]}]},{"@type":"WebPage","@id":"https:\/\/www.muyjujuy.com\/index.php\/2025\/04\/30\/el-ministerio-de-educacion-de-jujuy-confirmo-la-decision-de-no-continuar-con-la-escuela-de-idiomas-en-el-ano-2025-explicando-que-se-dara-prioridad-a-la-ensenanza-dentro-del-ambito-educativo-formal\/","url":"https:\/\/www.muyjujuy.com\/index.php\/2025\/04\/30\/el-ministerio-de-educacion-de-jujuy-confirmo-la-decision-de-no-continuar-con-la-escuela-de-idiomas-en-el-ano-2025-explicando-que-se-dara-prioridad-a-la-ensenanza-dentro-del-ambito-educativo-formal\/","name":"El Ministerio de Educaci\u00f3n de Jujuy confirm\u00f3 la decisi\u00f3n de no continuar con la Escuela de Idiomas en el a\u00f1o 2025, explicando que se dar\u00e1 prioridad a la ense\u00f1anza dentro del \u00e1mbito educativo formal. - Muy Jujuy","isPartOf":{"@id":"https:\/\/www.muyjujuy.com\/#website"},"primaryImageOfPage":{"@id":"https:\/\/www.muyjujuy.com\/index.php\/2025\/04\/30\/el-ministerio-de-educacion-de-jujuy-confirmo-la-decision-de-no-continuar-con-la-escuela-de-idiomas-en-el-ano-2025-explicando-que-se-dara-prioridad-a-la-ensenanza-dentro-del-ambito-educativo-formal\/#primaryimage"},"image":{"@id":"https:\/\/www.muyjujuy.com\/index.php\/2025\/04\/30\/el-ministerio-de-educacion-de-jujuy-confirmo-la-decision-de-no-continuar-con-la-escuela-de-idiomas-en-el-ano-2025-explicando-que-se-dara-prioridad-a-la-ensenanza-dentro-del-ambito-educativo-formal\/#primaryimage"},"thumbnailUrl":"https:\/\/www.muyjujuy.com\/wp-content\/uploads\/2025\/04\/cierre.jpg","datePublished":"2025-04-30T14:45:23+00:00","breadcrumb":{"@id":"https:\/\/www.muyjujuy.com\/index.php\/2025\/04\/30\/el-ministerio-de-educacion-de-jujuy-confirmo-la-decision-de-no-continuar-con-la-escuela-de-idiomas-en-el-ano-2025-explicando-que-se-dara-prioridad-a-la-ensenanza-dentro-del-ambito-educativo-formal\/#breadcrumb"},"inLanguage":"es-AR","potentialAction":[{"@type":"ReadAction","target":["https:\/\/www.muyjujuy.com\/index.php\/2025\/04\/30\/el-ministerio-de-educacion-de-jujuy-confirmo-la-decision-de-no-continuar-con-la-escuela-de-idiomas-en-el-ano-2025-explicando-que-se-dara-prioridad-a-la-ensenanza-dentro-del-ambito-educativo-formal\/"]}]},{"@type":"ImageObject","inLanguage":"es-AR","@id":"https:\/\/www.muyjujuy.com\/index.php\/2025\/04\/30\/el-ministerio-de-educacion-de-jujuy-confirmo-la-decision-de-no-continuar-con-la-escuela-de-idiomas-en-el-ano-2025-explicando-que-se-dara-prioridad-a-la-ensenanza-dentro-del-ambito-educativo-formal\/#primaryimage","url":"https:\/\/www.muyjujuy.com\/wp-content\/uploads\/2025\/04\/cierre.jpg","contentUrl":"https:\/\/www.muyjujuy.com\/wp-content\/uploads\/2025\/04\/cierre.jpg","width":617,"height":340},{"@type":"BreadcrumbList","@id":"https:\/\/www.muyjujuy.com\/index.php\/2025\/04\/30\/el-ministerio-de-educacion-de-jujuy-confirmo-la-decision-de-no-continuar-con-la-escuela-de-idiomas-en-el-ano-2025-explicando-que-se-dara-prioridad-a-la-ensenanza-dentro-del-ambito-educativo-formal\/#breadcrumb","itemListElement":[{"@type":"ListItem","position":1,"name":"Inicio","item":"https:\/\/www.muyjujuy.com\/"},{"@type":"ListItem","position":2,"name":"El Ministerio de Educaci\u00f3n de Jujuy confirm\u00f3 la decisi\u00f3n de no continuar con la Escuela de Idiomas en el a\u00f1o 2025, explicando que se dar\u00e1 prioridad a la ense\u00f1anza dentro del \u00e1mbito educativo formal."}]},{"@type":"WebSite","@id":"https:\/\/www.muyjujuy.com\/#website","url":"https:\/\/www.muyjujuy.com\/","name":"Muy Jujuy","description":"","publisher":{"@id":"https:\/\/www.muyjujuy.com\/#organization"},"potentialAction":[{"@type":"SearchAction","target":{"@type":"EntryPoint","urlTemplate":"https:\/\/www.muyjujuy.com\/?s={search_term_string}"},"query-input":{"@type":"PropertyValueSpecification","valueRequired":true,"valueName":"search_term_string"}}],"inLanguage":"es-AR"},{"@type":"Organization","@id":"https:\/\/www.muyjujuy.com\/#organization","name":"Muy Jujuy","url":"https:\/\/www.muyjujuy.com\/","logo":{"@type":"ImageObject","inLanguage":"es-AR","@id":"https:\/\/www.muyjujuy.com\/#\/schema\/logo\/image\/","url":"http:\/\/www.muyjujuy.com\/wp-content\/uploads\/2022\/05\/logo-mobil-jujuy.png","contentUrl":"http:\/\/www.muyjujuy.com\/wp-content\/uploads\/2022\/05\/logo-mobil-jujuy.png","width":174,"height":81,"caption":"Muy Jujuy"},"image":{"@id":"https:\/\/www.muyjujuy.com\/#\/schema\/logo\/image\/"},"sameAs":["https:\/\/www.facebook.com\/muyjujuycom","https:\/\/x.com\/muyjujuy","https:\/\/www.instagram.com\/muyjujuycom"]},{"@type":"Person","@id":"https:\/\/www.muyjujuy.com\/#\/schema\/person\/a3b63db1f387ec4149299954904c5bf0","name":"admin","image":{"@type":"ImageObject","inLanguage":"es-AR","@id":"https:\/\/secure.gravatar.com\/avatar\/b6e63d8d3a73633362405a0ad27e9c28391755813b59886f19a99d6cef8a03fc?s=96&d=mm&r=g","url":"https:\/\/secure.gravatar.com\/avatar\/b6e63d8d3a73633362405a0ad27e9c28391755813b59886f19a99d6cef8a03fc?s=96&d=mm&r=g","contentUrl":"https:\/\/secure.gravatar.com\/avatar\/b6e63d8d3a73633362405a0ad27e9c28391755813b59886f19a99d6cef8a03fc?s=96&d=mm&r=g","caption":"admin"},"url":"https:\/\/www.muyjujuy.com\/index.php\/author\/soyeleditor\/"}]}},"_links":{"self":[{"href":"https:\/\/www.muyjujuy.com\/index.php\/wp-json\/wp\/v2\/posts\/2295","targetHints":{"allow":["GET"]}}],"collection":[{"href":"https:\/\/www.muyjujuy.com\/index.php\/wp-json\/wp\/v2\/posts"}],"about":[{"href":"https:\/\/www.muyjujuy.com\/index.php\/wp-json\/wp\/v2\/types\/post"}],"author":[{"embeddable":true,"href":"https:\/\/www.muyjujuy.com\/index.php\/wp-json\/wp\/v2\/users\/1"}],"replies":[{"embeddable":true,"href":"https:\/\/www.muyjujuy.com\/index.php\/wp-json\/wp\/v2\/comments?post=2295"}],"version-history":[{"count":1,"href":"https:\/\/www.muyjujuy.com\/index.php\/wp-json\/wp\/v2\/posts\/2295\/revisions"}],"predecessor-version":[{"id":2297,"href":"https:\/\/www.muyjujuy.com\/index.php\/wp-json\/wp\/v2\/posts\/2295\/revisions\/2297"}],"wp:featuredmedia":[{"embeddable":true,"href":"https:\/\/www.muyjujuy.com\/index.php\/wp-json\/wp\/v2\/media\/2296"}],"wp:attachment":[{"href":"https:\/\/www.muyjujuy.com\/index.php\/wp-json\/wp\/v2\/media?parent=2295"}],"wp:term":[{"taxonomy":"category","embeddable":true,"href":"https:\/\/www.muyjujuy.com\/index.php\/wp-json\/wp\/v2\/categories?post=2295"},{"taxonomy":"post_tag","embeddable":true,"href":"https:\/\/www.muyjujuy.com\/index.php\/wp-json\/wp\/v2\/tags?post=2295"}],"curies":[{"name":"wp","href":"https:\/\/api.w.org\/{rel}","templated":true}]}}