{"id":2298,"date":"2025-05-02T09:53:58","date_gmt":"2025-05-02T12:53:58","guid":{"rendered":"https:\/\/www.muyjujuy.com\/?p=2298"},"modified":"2025-05-02T09:53:58","modified_gmt":"2025-05-02T12:53:58","slug":"vuelco-en-la-ruta-nacional-9-una-persona-fallecida-y-tres-lesionados","status":"publish","type":"post","link":"https:\/\/www.muyjujuy.com\/index.php\/2025\/05\/02\/vuelco-en-la-ruta-nacional-9-una-persona-fallecida-y-tres-lesionados\/","title":{"rendered":"Vuelco en la Ruta Nacional 9: una persona fallecida y tres lesionados"},"content":{"rendered":"\n<p>El siniestro tuvo lugar alrededor de las 8 de la ma\u00f1ana de este viernes en las inmediaciones del paraje Cha\u00f1arcito, ubicado en el departamento Tumbaya.<\/p>\n\n\n\n<p>Un veh\u00edculo particular protagoniz\u00f3 un vuelco este viernes 2 de mayo sobre la Ruta Nacional N\u00b0 9, a la altura del paraje Cha\u00f1arcito, resultando tres de sus ocupantes con lesiones de diversa consideraci\u00f3n y uno de ellos perdi\u00f3 la vida producto del incidente.<\/p>\n\n\n\n<p>Por causas que a\u00fan se investigan, un Fiat de color gris termin\u00f3 volcando, lo que ocasion\u00f3 que sus cuatro ocupantes sufrieran distintos tipos de traumatismos. Uno de ellos, que se encontraba en la parte trasera del autom\u00f3vil, falleci\u00f3 en el lugar, mientras que los restantes fueron asistidos por equipos de emergencia.<\/p>\n\n\n\n<p>Pablo Jure, director del SAME, inform\u00f3 en di\u00e1logo con <em>Despertar 630<\/em> que el conductor del autom\u00f3vil presentaba signos de ebriedad al momento del accidente. Adem\u00e1s, indic\u00f3 que sufri\u00f3 un traumatismo tor\u00e1cico. En tanto, una mujer fue diagnosticada con lesi\u00f3n en la pelvis y otro pasajero con fracturas en tibia, peron\u00e9 y muslo.<\/p>\n\n\n\n<p>Jure tambi\u00e9n destac\u00f3 la r\u00e1pida intervenci\u00f3n de las ambulancias del servicio de emergencias, que permitieron estabilizar a los heridos en el sitio del accidente y proceder a su traslado hacia el hospital Pablo Soria, en San Salvador de Jujuy.<\/p>\n\n\n\n<p>A ra\u00edz del hecho, la circulaci\u00f3n en el tramo afectado permanece reducida a media calzada y se recomienda extremar las precauciones al transitar por la zona.<\/p>\n\n\n\n<p>En el operativo de asistencia y control trabajan efectivos de Seguridad Vial, Polic\u00eda de la Provincia y personal de Gendarmer\u00eda Nacional.<\/p>\n","protected":false},"excerpt":{"rendered":"<p>El siniestro tuvo lugar alrededor de las 8 de la ma\u00f1ana de este viernes en las inmediaciones del paraje Cha\u00f1arcito, ubicado en el departamento Tumbaya. Un veh\u00edculo particular protagoniz\u00f3 un vuelco este viernes 2 de mayo sobre la Ruta Nacional N\u00b0 9, a la altura del paraje Cha\u00f1arcito, resultando tres de sus ocupantes con lesiones [&hellip;]<\/p>\n","protected":false},"author":1,"featured_media":2299,"comment_status":"open","ping_status":"open","sticky":false,"template":"","format":"standard","meta":{"footnotes":""},"categories":[849],"tags":[],"class_list":{"0":"post-2298","1":"post","2":"type-post","3":"status-publish","4":"format-standard","5":"has-post-thumbnail","7":"category-accidente"},"yoast_head":"<!-- This site is optimized with the Yoast SEO plugin v27.5 - https:\/\/yoast.com\/product\/yoast-seo-wordpress\/ -->\n<title>Vuelco en la Ruta Nacional 9: una persona fallecida y tres lesionados - Muy Jujuy<\/title>\n<meta name=\"robots\" content=\"index, follow, max-snippet:-1, max-image-preview:large, max-video-preview:-1\" \/>\n<link rel=\"canonical\" href=\"https:\/\/www.muyjujuy.com\/index.php\/2025\/05\/02\/vuelco-en-la-ruta-nacional-9-una-persona-fallecida-y-tres-lesionados\/\" \/>\n<meta property=\"og:locale\" content=\"es_ES\" \/>\n<meta property=\"og:type\" content=\"article\" \/>\n<meta property=\"og:title\" content=\"Vuelco en la Ruta Nacional 9: una persona fallecida y tres lesionados - Muy Jujuy\" \/>\n<meta property=\"og:description\" content=\"El siniestro tuvo lugar alrededor de las 8 de la ma\u00f1ana de este viernes en las inmediaciones del paraje Cha\u00f1arcito, ubicado en el departamento Tumbaya. Un veh\u00edculo particular protagoniz\u00f3 un vuelco este viernes 2 de mayo sobre la Ruta Nacional N\u00b0 9, a la altura del paraje Cha\u00f1arcito, resultando tres de sus ocupantes con lesiones [&hellip;]\" \/>\n<meta property=\"og:url\" content=\"https:\/\/www.muyjujuy.com\/index.php\/2025\/05\/02\/vuelco-en-la-ruta-nacional-9-una-persona-fallecida-y-tres-lesionados\/\" \/>\n<meta property=\"og:site_name\" content=\"Muy Jujuy\" \/>\n<meta property=\"article:publisher\" content=\"https:\/\/www.facebook.com\/muyjujuycom\" \/>\n<meta property=\"article:published_time\" content=\"2025-05-02T12:53:58+00:00\" \/>\n<meta name=\"author\" content=\"admin\" \/>\n<meta name=\"twitter:card\" content=\"summary_large_image\" \/>\n<meta name=\"twitter:creator\" content=\"@muyjujuy\" \/>\n<meta name=\"twitter:site\" content=\"@muyjujuy\" \/>\n<meta name=\"twitter:label1\" content=\"Escrito por\" \/>\n\t<meta name=\"twitter:data1\" content=\"admin\" \/>\n\t<meta name=\"twitter:label2\" content=\"Tiempo de lectura\" \/>\n\t<meta name=\"twitter:data2\" content=\"1 minuto\" \/>\n<script type=\"application\/ld+json\" class=\"yoast-schema-graph\">{\"@context\":\"https:\\\/\\\/schema.org\",\"@graph\":[{\"@type\":\"Article\",\"@id\":\"https:\\\/\\\/www.muyjujuy.com\\\/index.php\\\/2025\\\/05\\\/02\\\/vuelco-en-la-ruta-nacional-9-una-persona-fallecida-y-tres-lesionados\\\/#article\",\"isPartOf\":{\"@id\":\"https:\\\/\\\/www.muyjujuy.com\\\/index.php\\\/2025\\\/05\\\/02\\\/vuelco-en-la-ruta-nacional-9-una-persona-fallecida-y-tres-lesionados\\\/\"},\"author\":{\"name\":\"admin\",\"@id\":\"https:\\\/\\\/www.muyjujuy.com\\\/#\\\/schema\\\/person\\\/a3b63db1f387ec4149299954904c5bf0\"},\"headline\":\"Vuelco en la Ruta Nacional 9: una persona fallecida y tres lesionados\",\"datePublished\":\"2025-05-02T12:53:58+00:00\",\"mainEntityOfPage\":{\"@id\":\"https:\\\/\\\/www.muyjujuy.com\\\/index.php\\\/2025\\\/05\\\/02\\\/vuelco-en-la-ruta-nacional-9-una-persona-fallecida-y-tres-lesionados\\\/\"},\"wordCount\":283,\"commentCount\":0,\"publisher\":{\"@id\":\"https:\\\/\\\/www.muyjujuy.com\\\/#organization\"},\"image\":{\"@id\":\"https:\\\/\\\/www.muyjujuy.com\\\/index.php\\\/2025\\\/05\\\/02\\\/vuelco-en-la-ruta-nacional-9-una-persona-fallecida-y-tres-lesionados\\\/#primaryimage\"},\"thumbnailUrl\":\"https:\\\/\\\/www.muyjujuy.com\\\/wp-content\\\/uploads\\\/2025\\\/05\\\/ACCIDENTE.jpg\",\"articleSection\":[\"ACCIDENTE\"],\"inLanguage\":\"es-AR\",\"potentialAction\":[{\"@type\":\"CommentAction\",\"name\":\"Comment\",\"target\":[\"https:\\\/\\\/www.muyjujuy.com\\\/index.php\\\/2025\\\/05\\\/02\\\/vuelco-en-la-ruta-nacional-9-una-persona-fallecida-y-tres-lesionados\\\/#respond\"]}]},{\"@type\":\"WebPage\",\"@id\":\"https:\\\/\\\/www.muyjujuy.com\\\/index.php\\\/2025\\\/05\\\/02\\\/vuelco-en-la-ruta-nacional-9-una-persona-fallecida-y-tres-lesionados\\\/\",\"url\":\"https:\\\/\\\/www.muyjujuy.com\\\/index.php\\\/2025\\\/05\\\/02\\\/vuelco-en-la-ruta-nacional-9-una-persona-fallecida-y-tres-lesionados\\\/\",\"name\":\"Vuelco en la Ruta Nacional 9: una persona fallecida y tres lesionados - Muy Jujuy\",\"isPartOf\":{\"@id\":\"https:\\\/\\\/www.muyjujuy.com\\\/#website\"},\"primaryImageOfPage\":{\"@id\":\"https:\\\/\\\/www.muyjujuy.com\\\/index.php\\\/2025\\\/05\\\/02\\\/vuelco-en-la-ruta-nacional-9-una-persona-fallecida-y-tres-lesionados\\\/#primaryimage\"},\"image\":{\"@id\":\"https:\\\/\\\/www.muyjujuy.com\\\/index.php\\\/2025\\\/05\\\/02\\\/vuelco-en-la-ruta-nacional-9-una-persona-fallecida-y-tres-lesionados\\\/#primaryimage\"},\"thumbnailUrl\":\"https:\\\/\\\/www.muyjujuy.com\\\/wp-content\\\/uploads\\\/2025\\\/05\\\/ACCIDENTE.jpg\",\"datePublished\":\"2025-05-02T12:53:58+00:00\",\"breadcrumb\":{\"@id\":\"https:\\\/\\\/www.muyjujuy.com\\\/index.php\\\/2025\\\/05\\\/02\\\/vuelco-en-la-ruta-nacional-9-una-persona-fallecida-y-tres-lesionados\\\/#breadcrumb\"},\"inLanguage\":\"es-AR\",\"potentialAction\":[{\"@type\":\"ReadAction\",\"target\":[\"https:\\\/\\\/www.muyjujuy.com\\\/index.php\\\/2025\\\/05\\\/02\\\/vuelco-en-la-ruta-nacional-9-una-persona-fallecida-y-tres-lesionados\\\/\"]}]},{\"@type\":\"ImageObject\",\"inLanguage\":\"es-AR\",\"@id\":\"https:\\\/\\\/www.muyjujuy.com\\\/index.php\\\/2025\\\/05\\\/02\\\/vuelco-en-la-ruta-nacional-9-una-persona-fallecida-y-tres-lesionados\\\/#primaryimage\",\"url\":\"https:\\\/\\\/www.muyjujuy.com\\\/wp-content\\\/uploads\\\/2025\\\/05\\\/ACCIDENTE.jpg\",\"contentUrl\":\"https:\\\/\\\/www.muyjujuy.com\\\/wp-content\\\/uploads\\\/2025\\\/05\\\/ACCIDENTE.jpg\",\"width\":821,\"height\":478},{\"@type\":\"BreadcrumbList\",\"@id\":\"https:\\\/\\\/www.muyjujuy.com\\\/index.php\\\/2025\\\/05\\\/02\\\/vuelco-en-la-ruta-nacional-9-una-persona-fallecida-y-tres-lesionados\\\/#breadcrumb\",\"itemListElement\":[{\"@type\":\"ListItem\",\"position\":1,\"name\":\"Inicio\",\"item\":\"https:\\\/\\\/www.muyjujuy.com\\\/\"},{\"@type\":\"ListItem\",\"position\":2,\"name\":\"Vuelco en la Ruta Nacional 9: una persona fallecida y tres lesionados\"}]},{\"@type\":\"WebSite\",\"@id\":\"https:\\\/\\\/www.muyjujuy.com\\\/#website\",\"url\":\"https:\\\/\\\/www.muyjujuy.com\\\/\",\"name\":\"Muy Jujuy\",\"description\":\"\",\"publisher\":{\"@id\":\"https:\\\/\\\/www.muyjujuy.com\\\/#organization\"},\"potentialAction\":[{\"@type\":\"SearchAction\",\"target\":{\"@type\":\"EntryPoint\",\"urlTemplate\":\"https:\\\/\\\/www.muyjujuy.com\\\/?s={search_term_string}\"},\"query-input\":{\"@type\":\"PropertyValueSpecification\",\"valueRequired\":true,\"valueName\":\"search_term_string\"}}],\"inLanguage\":\"es-AR\"},{\"@type\":\"Organization\",\"@id\":\"https:\\\/\\\/www.muyjujuy.com\\\/#organization\",\"name\":\"Muy Jujuy\",\"url\":\"https:\\\/\\\/www.muyjujuy.com\\\/\",\"logo\":{\"@type\":\"ImageObject\",\"inLanguage\":\"es-AR\",\"@id\":\"https:\\\/\\\/www.muyjujuy.com\\\/#\\\/schema\\\/logo\\\/image\\\/\",\"url\":\"http:\\\/\\\/www.muyjujuy.com\\\/wp-content\\\/uploads\\\/2022\\\/05\\\/logo-mobil-jujuy.png\",\"contentUrl\":\"http:\\\/\\\/www.muyjujuy.com\\\/wp-content\\\/uploads\\\/2022\\\/05\\\/logo-mobil-jujuy.png\",\"width\":174,\"height\":81,\"caption\":\"Muy Jujuy\"},\"image\":{\"@id\":\"https:\\\/\\\/www.muyjujuy.com\\\/#\\\/schema\\\/logo\\\/image\\\/\"},\"sameAs\":[\"https:\\\/\\\/www.facebook.com\\\/muyjujuycom\",\"https:\\\/\\\/x.com\\\/muyjujuy\",\"https:\\\/\\\/www.instagram.com\\\/muyjujuycom\"]},{\"@type\":\"Person\",\"@id\":\"https:\\\/\\\/www.muyjujuy.com\\\/#\\\/schema\\\/person\\\/a3b63db1f387ec4149299954904c5bf0\",\"name\":\"admin\",\"image\":{\"@type\":\"ImageObject\",\"inLanguage\":\"es-AR\",\"@id\":\"https:\\\/\\\/secure.gravatar.com\\\/avatar\\\/b6e63d8d3a73633362405a0ad27e9c28391755813b59886f19a99d6cef8a03fc?s=96&d=mm&r=g\",\"url\":\"https:\\\/\\\/secure.gravatar.com\\\/avatar\\\/b6e63d8d3a73633362405a0ad27e9c28391755813b59886f19a99d6cef8a03fc?s=96&d=mm&r=g\",\"contentUrl\":\"https:\\\/\\\/secure.gravatar.com\\\/avatar\\\/b6e63d8d3a73633362405a0ad27e9c28391755813b59886f19a99d6cef8a03fc?s=96&d=mm&r=g\",\"caption\":\"admin\"},\"url\":\"https:\\\/\\\/www.muyjujuy.com\\\/index.php\\\/author\\\/soyeleditor\\\/\"}]}<\/script>\n<!-- \/ Yoast SEO plugin. -->","yoast_head_json":{"title":"Vuelco en la Ruta Nacional 9: una persona fallecida y tres lesionados - Muy Jujuy","robots":{"index":"index","follow":"follow","max-snippet":"max-snippet:-1","max-image-preview":"max-image-preview:large","max-video-preview":"max-video-preview:-1"},"canonical":"https:\/\/www.muyjujuy.com\/index.php\/2025\/05\/02\/vuelco-en-la-ruta-nacional-9-una-persona-fallecida-y-tres-lesionados\/","og_locale":"es_ES","og_type":"article","og_title":"Vuelco en la Ruta Nacional 9: una persona fallecida y tres lesionados - Muy Jujuy","og_description":"El siniestro tuvo lugar alrededor de las 8 de la ma\u00f1ana de este viernes en las inmediaciones del paraje Cha\u00f1arcito, ubicado en el departamento Tumbaya. Un veh\u00edculo particular protagoniz\u00f3 un vuelco este viernes 2 de mayo sobre la Ruta Nacional N\u00b0 9, a la altura del paraje Cha\u00f1arcito, resultando tres de sus ocupantes con lesiones [&hellip;]","og_url":"https:\/\/www.muyjujuy.com\/index.php\/2025\/05\/02\/vuelco-en-la-ruta-nacional-9-una-persona-fallecida-y-tres-lesionados\/","og_site_name":"Muy Jujuy","article_publisher":"https:\/\/www.facebook.com\/muyjujuycom","article_published_time":"2025-05-02T12:53:58+00:00","author":"admin","twitter_card":"summary_large_image","twitter_creator":"@muyjujuy","twitter_site":"@muyjujuy","twitter_misc":{"Escrito por":"admin","Tiempo de lectura":"1 minuto"},"schema":{"@context":"https:\/\/schema.org","@graph":[{"@type":"Article","@id":"https:\/\/www.muyjujuy.com\/index.php\/2025\/05\/02\/vuelco-en-la-ruta-nacional-9-una-persona-fallecida-y-tres-lesionados\/#article","isPartOf":{"@id":"https:\/\/www.muyjujuy.com\/index.php\/2025\/05\/02\/vuelco-en-la-ruta-nacional-9-una-persona-fallecida-y-tres-lesionados\/"},"author":{"name":"admin","@id":"https:\/\/www.muyjujuy.com\/#\/schema\/person\/a3b63db1f387ec4149299954904c5bf0"},"headline":"Vuelco en la Ruta Nacional 9: una persona fallecida y tres lesionados","datePublished":"2025-05-02T12:53:58+00:00","mainEntityOfPage":{"@id":"https:\/\/www.muyjujuy.com\/index.php\/2025\/05\/02\/vuelco-en-la-ruta-nacional-9-una-persona-fallecida-y-tres-lesionados\/"},"wordCount":283,"commentCount":0,"publisher":{"@id":"https:\/\/www.muyjujuy.com\/#organization"},"image":{"@id":"https:\/\/www.muyjujuy.com\/index.php\/2025\/05\/02\/vuelco-en-la-ruta-nacional-9-una-persona-fallecida-y-tres-lesionados\/#primaryimage"},"thumbnailUrl":"https:\/\/www.muyjujuy.com\/wp-content\/uploads\/2025\/05\/ACCIDENTE.jpg","articleSection":["ACCIDENTE"],"inLanguage":"es-AR","potentialAction":[{"@type":"CommentAction","name":"Comment","target":["https:\/\/www.muyjujuy.com\/index.php\/2025\/05\/02\/vuelco-en-la-ruta-nacional-9-una-persona-fallecida-y-tres-lesionados\/#respond"]}]},{"@type":"WebPage","@id":"https:\/\/www.muyjujuy.com\/index.php\/2025\/05\/02\/vuelco-en-la-ruta-nacional-9-una-persona-fallecida-y-tres-lesionados\/","url":"https:\/\/www.muyjujuy.com\/index.php\/2025\/05\/02\/vuelco-en-la-ruta-nacional-9-una-persona-fallecida-y-tres-lesionados\/","name":"Vuelco en la Ruta Nacional 9: una persona fallecida y tres lesionados - Muy Jujuy","isPartOf":{"@id":"https:\/\/www.muyjujuy.com\/#website"},"primaryImageOfPage":{"@id":"https:\/\/www.muyjujuy.com\/index.php\/2025\/05\/02\/vuelco-en-la-ruta-nacional-9-una-persona-fallecida-y-tres-lesionados\/#primaryimage"},"image":{"@id":"https:\/\/www.muyjujuy.com\/index.php\/2025\/05\/02\/vuelco-en-la-ruta-nacional-9-una-persona-fallecida-y-tres-lesionados\/#primaryimage"},"thumbnailUrl":"https:\/\/www.muyjujuy.com\/wp-content\/uploads\/2025\/05\/ACCIDENTE.jpg","datePublished":"2025-05-02T12:53:58+00:00","breadcrumb":{"@id":"https:\/\/www.muyjujuy.com\/index.php\/2025\/05\/02\/vuelco-en-la-ruta-nacional-9-una-persona-fallecida-y-tres-lesionados\/#breadcrumb"},"inLanguage":"es-AR","potentialAction":[{"@type":"ReadAction","target":["https:\/\/www.muyjujuy.com\/index.php\/2025\/05\/02\/vuelco-en-la-ruta-nacional-9-una-persona-fallecida-y-tres-lesionados\/"]}]},{"@type":"ImageObject","inLanguage":"es-AR","@id":"https:\/\/www.muyjujuy.com\/index.php\/2025\/05\/02\/vuelco-en-la-ruta-nacional-9-una-persona-fallecida-y-tres-lesionados\/#primaryimage","url":"https:\/\/www.muyjujuy.com\/wp-content\/uploads\/2025\/05\/ACCIDENTE.jpg","contentUrl":"https:\/\/www.muyjujuy.com\/wp-content\/uploads\/2025\/05\/ACCIDENTE.jpg","width":821,"height":478},{"@type":"BreadcrumbList","@id":"https:\/\/www.muyjujuy.com\/index.php\/2025\/05\/02\/vuelco-en-la-ruta-nacional-9-una-persona-fallecida-y-tres-lesionados\/#breadcrumb","itemListElement":[{"@type":"ListItem","position":1,"name":"Inicio","item":"https:\/\/www.muyjujuy.com\/"},{"@type":"ListItem","position":2,"name":"Vuelco en la Ruta Nacional 9: una persona fallecida y tres lesionados"}]},{"@type":"WebSite","@id":"https:\/\/www.muyjujuy.com\/#website","url":"https:\/\/www.muyjujuy.com\/","name":"Muy Jujuy","description":"","publisher":{"@id":"https:\/\/www.muyjujuy.com\/#organization"},"potentialAction":[{"@type":"SearchAction","target":{"@type":"EntryPoint","urlTemplate":"https:\/\/www.muyjujuy.com\/?s={search_term_string}"},"query-input":{"@type":"PropertyValueSpecification","valueRequired":true,"valueName":"search_term_string"}}],"inLanguage":"es-AR"},{"@type":"Organization","@id":"https:\/\/www.muyjujuy.com\/#organization","name":"Muy Jujuy","url":"https:\/\/www.muyjujuy.com\/","logo":{"@type":"ImageObject","inLanguage":"es-AR","@id":"https:\/\/www.muyjujuy.com\/#\/schema\/logo\/image\/","url":"http:\/\/www.muyjujuy.com\/wp-content\/uploads\/2022\/05\/logo-mobil-jujuy.png","contentUrl":"http:\/\/www.muyjujuy.com\/wp-content\/uploads\/2022\/05\/logo-mobil-jujuy.png","width":174,"height":81,"caption":"Muy Jujuy"},"image":{"@id":"https:\/\/www.muyjujuy.com\/#\/schema\/logo\/image\/"},"sameAs":["https:\/\/www.facebook.com\/muyjujuycom","https:\/\/x.com\/muyjujuy","https:\/\/www.instagram.com\/muyjujuycom"]},{"@type":"Person","@id":"https:\/\/www.muyjujuy.com\/#\/schema\/person\/a3b63db1f387ec4149299954904c5bf0","name":"admin","image":{"@type":"ImageObject","inLanguage":"es-AR","@id":"https:\/\/secure.gravatar.com\/avatar\/b6e63d8d3a73633362405a0ad27e9c28391755813b59886f19a99d6cef8a03fc?s=96&d=mm&r=g","url":"https:\/\/secure.gravatar.com\/avatar\/b6e63d8d3a73633362405a0ad27e9c28391755813b59886f19a99d6cef8a03fc?s=96&d=mm&r=g","contentUrl":"https:\/\/secure.gravatar.com\/avatar\/b6e63d8d3a73633362405a0ad27e9c28391755813b59886f19a99d6cef8a03fc?s=96&d=mm&r=g","caption":"admin"},"url":"https:\/\/www.muyjujuy.com\/index.php\/author\/soyeleditor\/"}]}},"_links":{"self":[{"href":"https:\/\/www.muyjujuy.com\/index.php\/wp-json\/wp\/v2\/posts\/2298","targetHints":{"allow":["GET"]}}],"collection":[{"href":"https:\/\/www.muyjujuy.com\/index.php\/wp-json\/wp\/v2\/posts"}],"about":[{"href":"https:\/\/www.muyjujuy.com\/index.php\/wp-json\/wp\/v2\/types\/post"}],"author":[{"embeddable":true,"href":"https:\/\/www.muyjujuy.com\/index.php\/wp-json\/wp\/v2\/users\/1"}],"replies":[{"embeddable":true,"href":"https:\/\/www.muyjujuy.com\/index.php\/wp-json\/wp\/v2\/comments?post=2298"}],"version-history":[{"count":1,"href":"https:\/\/www.muyjujuy.com\/index.php\/wp-json\/wp\/v2\/posts\/2298\/revisions"}],"predecessor-version":[{"id":2300,"href":"https:\/\/www.muyjujuy.com\/index.php\/wp-json\/wp\/v2\/posts\/2298\/revisions\/2300"}],"wp:featuredmedia":[{"embeddable":true,"href":"https:\/\/www.muyjujuy.com\/index.php\/wp-json\/wp\/v2\/media\/2299"}],"wp:attachment":[{"href":"https:\/\/www.muyjujuy.com\/index.php\/wp-json\/wp\/v2\/media?parent=2298"}],"wp:term":[{"taxonomy":"category","embeddable":true,"href":"https:\/\/www.muyjujuy.com\/index.php\/wp-json\/wp\/v2\/categories?post=2298"},{"taxonomy":"post_tag","embeddable":true,"href":"https:\/\/www.muyjujuy.com\/index.php\/wp-json\/wp\/v2\/tags?post=2298"}],"curies":[{"name":"wp","href":"https:\/\/api.w.org\/{rel}","templated":true}]}}