{"id":2301,"date":"2025-05-02T10:03:31","date_gmt":"2025-05-02T13:03:31","guid":{"rendered":"https:\/\/www.muyjujuy.com\/?p=2301"},"modified":"2025-05-02T10:03:31","modified_gmt":"2025-05-02T13:03:31","slug":"elecciones-en-jujuy-este-viernes-comienza-el-embalaje-de-las-urnas-en-el-comando-electoral","status":"publish","type":"post","link":"https:\/\/www.muyjujuy.com\/index.php\/2025\/05\/02\/elecciones-en-jujuy-este-viernes-comienza-el-embalaje-de-las-urnas-en-el-comando-electoral\/","title":{"rendered":"Elecciones en Jujuy: este viernes comienza el embalaje de las urnas en el comando electoral"},"content":{"rendered":"\n<p>El viernes 2 de mayo se llevar\u00e1 a cabo el embalaje de las boletas, y el mi\u00e9rcoles 7 de mayo se iniciar\u00e1 la distribuci\u00f3n de las urnas hacia los distintos centros de votaci\u00f3n ubicados en toda la provincia.<\/p>\n\n\n\n<p>Con el inicio del proceso electoral a menos de diez d\u00edas, contin\u00faan las tareas preparatorias en el comando electoral de Jujuy. Este viernes 2 de mayo est\u00e1 previsto el embalaje de las boletas, mientras que el traslado de las urnas hacia los establecimientos habilitados se pondr\u00e1 en marcha el mi\u00e9rcoles 7 de mayo.<\/p>\n\n\n\n<p>Alejandro Gluck, Secretario Electoral, dialog\u00f3 con Canal 7 de Jujuy y explic\u00f3 que esta etapa busca asegurar que, para el 11 de mayo, cada urna contenga su respectiva bolsa con las boletas de todos los partidos y frentes participantes.<\/p>\n\n\n\n<p>\u201cNos apoyamos en el esquema de log\u00edstica del Correo Argentino, que se encarga tanto del env\u00edo como del retorno de las urnas, garantizando as\u00ed que cada mesa de votaci\u00f3n disponga de todas las boletas al momento de abrir\u201d, sostuvo. A lo largo del desarrollo del acto eleccionario, corresponde a las agrupaciones pol\u00edticas reponer las boletas en caso de ser necesario.<\/p>\n\n\n\n<p>Respecto al nuevo sistema de votaci\u00f3n que incorpora tecnolog\u00eda y troqueles, el funcionario indic\u00f3 que se implementar\u00e1 una modificaci\u00f3n en la entrega del comprobante que se le otorga al votante tras sufragar. Ahora, se entregar\u00e1 una etiqueta autoadhesiva que se colocar\u00e1 en una cuponera. \u201cEsa cuponera ser\u00e1 el comprobante que se le entrega al votante como constancia\u201d, a\u00f1adi\u00f3.<\/p>\n\n\n\n<p>El adhesivo contar\u00e1 con un c\u00f3digo de barras exclusivo para cada votante. Este c\u00f3digo no puede ser le\u00eddo por aplicaciones comunes, ya que solo puede ser interpretado por el sistema del Tribunal Electoral.<\/p>\n","protected":false},"excerpt":{"rendered":"<p>El viernes 2 de mayo se llevar\u00e1 a cabo el embalaje de las boletas, y el mi\u00e9rcoles 7 de mayo se iniciar\u00e1 la distribuci\u00f3n de las urnas hacia los distintos centros de votaci\u00f3n ubicados en toda la provincia. Con el inicio del proceso electoral a menos de diez d\u00edas, contin\u00faan las tareas preparatorias en el [&hellip;]<\/p>\n","protected":false},"author":1,"featured_media":2302,"comment_status":"open","ping_status":"open","sticky":false,"template":"","format":"standard","meta":{"footnotes":""},"categories":[24],"tags":[],"class_list":{"0":"post-2301","1":"post","2":"type-post","3":"status-publish","4":"format-standard","5":"has-post-thumbnail","7":"category-politica"},"yoast_head":"<!-- This site is optimized with the Yoast SEO plugin v27.5 - https:\/\/yoast.com\/product\/yoast-seo-wordpress\/ -->\n<title>Elecciones en Jujuy: este viernes comienza el embalaje de las urnas en el comando electoral - Muy Jujuy<\/title>\n<meta name=\"robots\" content=\"index, follow, max-snippet:-1, max-image-preview:large, max-video-preview:-1\" \/>\n<link rel=\"canonical\" href=\"https:\/\/www.muyjujuy.com\/index.php\/2025\/05\/02\/elecciones-en-jujuy-este-viernes-comienza-el-embalaje-de-las-urnas-en-el-comando-electoral\/\" \/>\n<meta property=\"og:locale\" content=\"es_ES\" \/>\n<meta property=\"og:type\" content=\"article\" \/>\n<meta property=\"og:title\" content=\"Elecciones en Jujuy: este viernes comienza el embalaje de las urnas en el comando electoral - Muy Jujuy\" \/>\n<meta property=\"og:description\" content=\"El viernes 2 de mayo se llevar\u00e1 a cabo el embalaje de las boletas, y el mi\u00e9rcoles 7 de mayo se iniciar\u00e1 la distribuci\u00f3n de las urnas hacia los distintos centros de votaci\u00f3n ubicados en toda la provincia. Con el inicio del proceso electoral a menos de diez d\u00edas, contin\u00faan las tareas preparatorias en el [&hellip;]\" \/>\n<meta property=\"og:url\" content=\"https:\/\/www.muyjujuy.com\/index.php\/2025\/05\/02\/elecciones-en-jujuy-este-viernes-comienza-el-embalaje-de-las-urnas-en-el-comando-electoral\/\" \/>\n<meta property=\"og:site_name\" content=\"Muy Jujuy\" \/>\n<meta property=\"article:publisher\" content=\"https:\/\/www.facebook.com\/muyjujuycom\" \/>\n<meta property=\"article:published_time\" content=\"2025-05-02T13:03:31+00:00\" \/>\n<meta name=\"author\" content=\"admin\" \/>\n<meta name=\"twitter:card\" content=\"summary_large_image\" \/>\n<meta name=\"twitter:creator\" content=\"@muyjujuy\" \/>\n<meta name=\"twitter:site\" content=\"@muyjujuy\" \/>\n<meta name=\"twitter:label1\" content=\"Escrito por\" \/>\n\t<meta name=\"twitter:data1\" content=\"admin\" \/>\n\t<meta name=\"twitter:label2\" content=\"Tiempo de lectura\" \/>\n\t<meta name=\"twitter:data2\" content=\"1 minuto\" \/>\n<script type=\"application\/ld+json\" class=\"yoast-schema-graph\">{\"@context\":\"https:\\\/\\\/schema.org\",\"@graph\":[{\"@type\":\"Article\",\"@id\":\"https:\\\/\\\/www.muyjujuy.com\\\/index.php\\\/2025\\\/05\\\/02\\\/elecciones-en-jujuy-este-viernes-comienza-el-embalaje-de-las-urnas-en-el-comando-electoral\\\/#article\",\"isPartOf\":{\"@id\":\"https:\\\/\\\/www.muyjujuy.com\\\/index.php\\\/2025\\\/05\\\/02\\\/elecciones-en-jujuy-este-viernes-comienza-el-embalaje-de-las-urnas-en-el-comando-electoral\\\/\"},\"author\":{\"name\":\"admin\",\"@id\":\"https:\\\/\\\/www.muyjujuy.com\\\/#\\\/schema\\\/person\\\/a3b63db1f387ec4149299954904c5bf0\"},\"headline\":\"Elecciones en Jujuy: este viernes comienza el embalaje de las urnas en el comando electoral\",\"datePublished\":\"2025-05-02T13:03:31+00:00\",\"mainEntityOfPage\":{\"@id\":\"https:\\\/\\\/www.muyjujuy.com\\\/index.php\\\/2025\\\/05\\\/02\\\/elecciones-en-jujuy-este-viernes-comienza-el-embalaje-de-las-urnas-en-el-comando-electoral\\\/\"},\"wordCount\":307,\"commentCount\":0,\"publisher\":{\"@id\":\"https:\\\/\\\/www.muyjujuy.com\\\/#organization\"},\"image\":{\"@id\":\"https:\\\/\\\/www.muyjujuy.com\\\/index.php\\\/2025\\\/05\\\/02\\\/elecciones-en-jujuy-este-viernes-comienza-el-embalaje-de-las-urnas-en-el-comando-electoral\\\/#primaryimage\"},\"thumbnailUrl\":\"https:\\\/\\\/www.muyjujuy.com\\\/wp-content\\\/uploads\\\/2025\\\/05\\\/urnas.jpg\",\"articleSection\":[\"Pol\u00edtica\"],\"inLanguage\":\"es-AR\",\"potentialAction\":[{\"@type\":\"CommentAction\",\"name\":\"Comment\",\"target\":[\"https:\\\/\\\/www.muyjujuy.com\\\/index.php\\\/2025\\\/05\\\/02\\\/elecciones-en-jujuy-este-viernes-comienza-el-embalaje-de-las-urnas-en-el-comando-electoral\\\/#respond\"]}]},{\"@type\":\"WebPage\",\"@id\":\"https:\\\/\\\/www.muyjujuy.com\\\/index.php\\\/2025\\\/05\\\/02\\\/elecciones-en-jujuy-este-viernes-comienza-el-embalaje-de-las-urnas-en-el-comando-electoral\\\/\",\"url\":\"https:\\\/\\\/www.muyjujuy.com\\\/index.php\\\/2025\\\/05\\\/02\\\/elecciones-en-jujuy-este-viernes-comienza-el-embalaje-de-las-urnas-en-el-comando-electoral\\\/\",\"name\":\"Elecciones en Jujuy: este viernes comienza el embalaje de las urnas en el comando electoral - Muy Jujuy\",\"isPartOf\":{\"@id\":\"https:\\\/\\\/www.muyjujuy.com\\\/#website\"},\"primaryImageOfPage\":{\"@id\":\"https:\\\/\\\/www.muyjujuy.com\\\/index.php\\\/2025\\\/05\\\/02\\\/elecciones-en-jujuy-este-viernes-comienza-el-embalaje-de-las-urnas-en-el-comando-electoral\\\/#primaryimage\"},\"image\":{\"@id\":\"https:\\\/\\\/www.muyjujuy.com\\\/index.php\\\/2025\\\/05\\\/02\\\/elecciones-en-jujuy-este-viernes-comienza-el-embalaje-de-las-urnas-en-el-comando-electoral\\\/#primaryimage\"},\"thumbnailUrl\":\"https:\\\/\\\/www.muyjujuy.com\\\/wp-content\\\/uploads\\\/2025\\\/05\\\/urnas.jpg\",\"datePublished\":\"2025-05-02T13:03:31+00:00\",\"breadcrumb\":{\"@id\":\"https:\\\/\\\/www.muyjujuy.com\\\/index.php\\\/2025\\\/05\\\/02\\\/elecciones-en-jujuy-este-viernes-comienza-el-embalaje-de-las-urnas-en-el-comando-electoral\\\/#breadcrumb\"},\"inLanguage\":\"es-AR\",\"potentialAction\":[{\"@type\":\"ReadAction\",\"target\":[\"https:\\\/\\\/www.muyjujuy.com\\\/index.php\\\/2025\\\/05\\\/02\\\/elecciones-en-jujuy-este-viernes-comienza-el-embalaje-de-las-urnas-en-el-comando-electoral\\\/\"]}]},{\"@type\":\"ImageObject\",\"inLanguage\":\"es-AR\",\"@id\":\"https:\\\/\\\/www.muyjujuy.com\\\/index.php\\\/2025\\\/05\\\/02\\\/elecciones-en-jujuy-este-viernes-comienza-el-embalaje-de-las-urnas-en-el-comando-electoral\\\/#primaryimage\",\"url\":\"https:\\\/\\\/www.muyjujuy.com\\\/wp-content\\\/uploads\\\/2025\\\/05\\\/urnas.jpg\",\"contentUrl\":\"https:\\\/\\\/www.muyjujuy.com\\\/wp-content\\\/uploads\\\/2025\\\/05\\\/urnas.jpg\",\"width\":843,\"height\":503},{\"@type\":\"BreadcrumbList\",\"@id\":\"https:\\\/\\\/www.muyjujuy.com\\\/index.php\\\/2025\\\/05\\\/02\\\/elecciones-en-jujuy-este-viernes-comienza-el-embalaje-de-las-urnas-en-el-comando-electoral\\\/#breadcrumb\",\"itemListElement\":[{\"@type\":\"ListItem\",\"position\":1,\"name\":\"Inicio\",\"item\":\"https:\\\/\\\/www.muyjujuy.com\\\/\"},{\"@type\":\"ListItem\",\"position\":2,\"name\":\"Elecciones en Jujuy: este viernes comienza el embalaje de las urnas en el comando electoral\"}]},{\"@type\":\"WebSite\",\"@id\":\"https:\\\/\\\/www.muyjujuy.com\\\/#website\",\"url\":\"https:\\\/\\\/www.muyjujuy.com\\\/\",\"name\":\"Muy Jujuy\",\"description\":\"\",\"publisher\":{\"@id\":\"https:\\\/\\\/www.muyjujuy.com\\\/#organization\"},\"potentialAction\":[{\"@type\":\"SearchAction\",\"target\":{\"@type\":\"EntryPoint\",\"urlTemplate\":\"https:\\\/\\\/www.muyjujuy.com\\\/?s={search_term_string}\"},\"query-input\":{\"@type\":\"PropertyValueSpecification\",\"valueRequired\":true,\"valueName\":\"search_term_string\"}}],\"inLanguage\":\"es-AR\"},{\"@type\":\"Organization\",\"@id\":\"https:\\\/\\\/www.muyjujuy.com\\\/#organization\",\"name\":\"Muy Jujuy\",\"url\":\"https:\\\/\\\/www.muyjujuy.com\\\/\",\"logo\":{\"@type\":\"ImageObject\",\"inLanguage\":\"es-AR\",\"@id\":\"https:\\\/\\\/www.muyjujuy.com\\\/#\\\/schema\\\/logo\\\/image\\\/\",\"url\":\"http:\\\/\\\/www.muyjujuy.com\\\/wp-content\\\/uploads\\\/2022\\\/05\\\/logo-mobil-jujuy.png\",\"contentUrl\":\"http:\\\/\\\/www.muyjujuy.com\\\/wp-content\\\/uploads\\\/2022\\\/05\\\/logo-mobil-jujuy.png\",\"width\":174,\"height\":81,\"caption\":\"Muy Jujuy\"},\"image\":{\"@id\":\"https:\\\/\\\/www.muyjujuy.com\\\/#\\\/schema\\\/logo\\\/image\\\/\"},\"sameAs\":[\"https:\\\/\\\/www.facebook.com\\\/muyjujuycom\",\"https:\\\/\\\/x.com\\\/muyjujuy\",\"https:\\\/\\\/www.instagram.com\\\/muyjujuycom\"]},{\"@type\":\"Person\",\"@id\":\"https:\\\/\\\/www.muyjujuy.com\\\/#\\\/schema\\\/person\\\/a3b63db1f387ec4149299954904c5bf0\",\"name\":\"admin\",\"image\":{\"@type\":\"ImageObject\",\"inLanguage\":\"es-AR\",\"@id\":\"https:\\\/\\\/secure.gravatar.com\\\/avatar\\\/b6e63d8d3a73633362405a0ad27e9c28391755813b59886f19a99d6cef8a03fc?s=96&d=mm&r=g\",\"url\":\"https:\\\/\\\/secure.gravatar.com\\\/avatar\\\/b6e63d8d3a73633362405a0ad27e9c28391755813b59886f19a99d6cef8a03fc?s=96&d=mm&r=g\",\"contentUrl\":\"https:\\\/\\\/secure.gravatar.com\\\/avatar\\\/b6e63d8d3a73633362405a0ad27e9c28391755813b59886f19a99d6cef8a03fc?s=96&d=mm&r=g\",\"caption\":\"admin\"},\"url\":\"https:\\\/\\\/www.muyjujuy.com\\\/index.php\\\/author\\\/soyeleditor\\\/\"}]}<\/script>\n<!-- \/ Yoast SEO plugin. -->","yoast_head_json":{"title":"Elecciones en Jujuy: este viernes comienza el embalaje de las urnas en el comando electoral - Muy Jujuy","robots":{"index":"index","follow":"follow","max-snippet":"max-snippet:-1","max-image-preview":"max-image-preview:large","max-video-preview":"max-video-preview:-1"},"canonical":"https:\/\/www.muyjujuy.com\/index.php\/2025\/05\/02\/elecciones-en-jujuy-este-viernes-comienza-el-embalaje-de-las-urnas-en-el-comando-electoral\/","og_locale":"es_ES","og_type":"article","og_title":"Elecciones en Jujuy: este viernes comienza el embalaje de las urnas en el comando electoral - Muy Jujuy","og_description":"El viernes 2 de mayo se llevar\u00e1 a cabo el embalaje de las boletas, y el mi\u00e9rcoles 7 de mayo se iniciar\u00e1 la distribuci\u00f3n de las urnas hacia los distintos centros de votaci\u00f3n ubicados en toda la provincia. Con el inicio del proceso electoral a menos de diez d\u00edas, contin\u00faan las tareas preparatorias en el [&hellip;]","og_url":"https:\/\/www.muyjujuy.com\/index.php\/2025\/05\/02\/elecciones-en-jujuy-este-viernes-comienza-el-embalaje-de-las-urnas-en-el-comando-electoral\/","og_site_name":"Muy Jujuy","article_publisher":"https:\/\/www.facebook.com\/muyjujuycom","article_published_time":"2025-05-02T13:03:31+00:00","author":"admin","twitter_card":"summary_large_image","twitter_creator":"@muyjujuy","twitter_site":"@muyjujuy","twitter_misc":{"Escrito por":"admin","Tiempo de lectura":"1 minuto"},"schema":{"@context":"https:\/\/schema.org","@graph":[{"@type":"Article","@id":"https:\/\/www.muyjujuy.com\/index.php\/2025\/05\/02\/elecciones-en-jujuy-este-viernes-comienza-el-embalaje-de-las-urnas-en-el-comando-electoral\/#article","isPartOf":{"@id":"https:\/\/www.muyjujuy.com\/index.php\/2025\/05\/02\/elecciones-en-jujuy-este-viernes-comienza-el-embalaje-de-las-urnas-en-el-comando-electoral\/"},"author":{"name":"admin","@id":"https:\/\/www.muyjujuy.com\/#\/schema\/person\/a3b63db1f387ec4149299954904c5bf0"},"headline":"Elecciones en Jujuy: este viernes comienza el embalaje de las urnas en el comando electoral","datePublished":"2025-05-02T13:03:31+00:00","mainEntityOfPage":{"@id":"https:\/\/www.muyjujuy.com\/index.php\/2025\/05\/02\/elecciones-en-jujuy-este-viernes-comienza-el-embalaje-de-las-urnas-en-el-comando-electoral\/"},"wordCount":307,"commentCount":0,"publisher":{"@id":"https:\/\/www.muyjujuy.com\/#organization"},"image":{"@id":"https:\/\/www.muyjujuy.com\/index.php\/2025\/05\/02\/elecciones-en-jujuy-este-viernes-comienza-el-embalaje-de-las-urnas-en-el-comando-electoral\/#primaryimage"},"thumbnailUrl":"https:\/\/www.muyjujuy.com\/wp-content\/uploads\/2025\/05\/urnas.jpg","articleSection":["Pol\u00edtica"],"inLanguage":"es-AR","potentialAction":[{"@type":"CommentAction","name":"Comment","target":["https:\/\/www.muyjujuy.com\/index.php\/2025\/05\/02\/elecciones-en-jujuy-este-viernes-comienza-el-embalaje-de-las-urnas-en-el-comando-electoral\/#respond"]}]},{"@type":"WebPage","@id":"https:\/\/www.muyjujuy.com\/index.php\/2025\/05\/02\/elecciones-en-jujuy-este-viernes-comienza-el-embalaje-de-las-urnas-en-el-comando-electoral\/","url":"https:\/\/www.muyjujuy.com\/index.php\/2025\/05\/02\/elecciones-en-jujuy-este-viernes-comienza-el-embalaje-de-las-urnas-en-el-comando-electoral\/","name":"Elecciones en Jujuy: este viernes comienza el embalaje de las urnas en el comando electoral - Muy Jujuy","isPartOf":{"@id":"https:\/\/www.muyjujuy.com\/#website"},"primaryImageOfPage":{"@id":"https:\/\/www.muyjujuy.com\/index.php\/2025\/05\/02\/elecciones-en-jujuy-este-viernes-comienza-el-embalaje-de-las-urnas-en-el-comando-electoral\/#primaryimage"},"image":{"@id":"https:\/\/www.muyjujuy.com\/index.php\/2025\/05\/02\/elecciones-en-jujuy-este-viernes-comienza-el-embalaje-de-las-urnas-en-el-comando-electoral\/#primaryimage"},"thumbnailUrl":"https:\/\/www.muyjujuy.com\/wp-content\/uploads\/2025\/05\/urnas.jpg","datePublished":"2025-05-02T13:03:31+00:00","breadcrumb":{"@id":"https:\/\/www.muyjujuy.com\/index.php\/2025\/05\/02\/elecciones-en-jujuy-este-viernes-comienza-el-embalaje-de-las-urnas-en-el-comando-electoral\/#breadcrumb"},"inLanguage":"es-AR","potentialAction":[{"@type":"ReadAction","target":["https:\/\/www.muyjujuy.com\/index.php\/2025\/05\/02\/elecciones-en-jujuy-este-viernes-comienza-el-embalaje-de-las-urnas-en-el-comando-electoral\/"]}]},{"@type":"ImageObject","inLanguage":"es-AR","@id":"https:\/\/www.muyjujuy.com\/index.php\/2025\/05\/02\/elecciones-en-jujuy-este-viernes-comienza-el-embalaje-de-las-urnas-en-el-comando-electoral\/#primaryimage","url":"https:\/\/www.muyjujuy.com\/wp-content\/uploads\/2025\/05\/urnas.jpg","contentUrl":"https:\/\/www.muyjujuy.com\/wp-content\/uploads\/2025\/05\/urnas.jpg","width":843,"height":503},{"@type":"BreadcrumbList","@id":"https:\/\/www.muyjujuy.com\/index.php\/2025\/05\/02\/elecciones-en-jujuy-este-viernes-comienza-el-embalaje-de-las-urnas-en-el-comando-electoral\/#breadcrumb","itemListElement":[{"@type":"ListItem","position":1,"name":"Inicio","item":"https:\/\/www.muyjujuy.com\/"},{"@type":"ListItem","position":2,"name":"Elecciones en Jujuy: este viernes comienza el embalaje de las urnas en el comando electoral"}]},{"@type":"WebSite","@id":"https:\/\/www.muyjujuy.com\/#website","url":"https:\/\/www.muyjujuy.com\/","name":"Muy Jujuy","description":"","publisher":{"@id":"https:\/\/www.muyjujuy.com\/#organization"},"potentialAction":[{"@type":"SearchAction","target":{"@type":"EntryPoint","urlTemplate":"https:\/\/www.muyjujuy.com\/?s={search_term_string}"},"query-input":{"@type":"PropertyValueSpecification","valueRequired":true,"valueName":"search_term_string"}}],"inLanguage":"es-AR"},{"@type":"Organization","@id":"https:\/\/www.muyjujuy.com\/#organization","name":"Muy Jujuy","url":"https:\/\/www.muyjujuy.com\/","logo":{"@type":"ImageObject","inLanguage":"es-AR","@id":"https:\/\/www.muyjujuy.com\/#\/schema\/logo\/image\/","url":"http:\/\/www.muyjujuy.com\/wp-content\/uploads\/2022\/05\/logo-mobil-jujuy.png","contentUrl":"http:\/\/www.muyjujuy.com\/wp-content\/uploads\/2022\/05\/logo-mobil-jujuy.png","width":174,"height":81,"caption":"Muy Jujuy"},"image":{"@id":"https:\/\/www.muyjujuy.com\/#\/schema\/logo\/image\/"},"sameAs":["https:\/\/www.facebook.com\/muyjujuycom","https:\/\/x.com\/muyjujuy","https:\/\/www.instagram.com\/muyjujuycom"]},{"@type":"Person","@id":"https:\/\/www.muyjujuy.com\/#\/schema\/person\/a3b63db1f387ec4149299954904c5bf0","name":"admin","image":{"@type":"ImageObject","inLanguage":"es-AR","@id":"https:\/\/secure.gravatar.com\/avatar\/b6e63d8d3a73633362405a0ad27e9c28391755813b59886f19a99d6cef8a03fc?s=96&d=mm&r=g","url":"https:\/\/secure.gravatar.com\/avatar\/b6e63d8d3a73633362405a0ad27e9c28391755813b59886f19a99d6cef8a03fc?s=96&d=mm&r=g","contentUrl":"https:\/\/secure.gravatar.com\/avatar\/b6e63d8d3a73633362405a0ad27e9c28391755813b59886f19a99d6cef8a03fc?s=96&d=mm&r=g","caption":"admin"},"url":"https:\/\/www.muyjujuy.com\/index.php\/author\/soyeleditor\/"}]}},"_links":{"self":[{"href":"https:\/\/www.muyjujuy.com\/index.php\/wp-json\/wp\/v2\/posts\/2301","targetHints":{"allow":["GET"]}}],"collection":[{"href":"https:\/\/www.muyjujuy.com\/index.php\/wp-json\/wp\/v2\/posts"}],"about":[{"href":"https:\/\/www.muyjujuy.com\/index.php\/wp-json\/wp\/v2\/types\/post"}],"author":[{"embeddable":true,"href":"https:\/\/www.muyjujuy.com\/index.php\/wp-json\/wp\/v2\/users\/1"}],"replies":[{"embeddable":true,"href":"https:\/\/www.muyjujuy.com\/index.php\/wp-json\/wp\/v2\/comments?post=2301"}],"version-history":[{"count":1,"href":"https:\/\/www.muyjujuy.com\/index.php\/wp-json\/wp\/v2\/posts\/2301\/revisions"}],"predecessor-version":[{"id":2303,"href":"https:\/\/www.muyjujuy.com\/index.php\/wp-json\/wp\/v2\/posts\/2301\/revisions\/2303"}],"wp:featuredmedia":[{"embeddable":true,"href":"https:\/\/www.muyjujuy.com\/index.php\/wp-json\/wp\/v2\/media\/2302"}],"wp:attachment":[{"href":"https:\/\/www.muyjujuy.com\/index.php\/wp-json\/wp\/v2\/media?parent=2301"}],"wp:term":[{"taxonomy":"category","embeddable":true,"href":"https:\/\/www.muyjujuy.com\/index.php\/wp-json\/wp\/v2\/categories?post=2301"},{"taxonomy":"post_tag","embeddable":true,"href":"https:\/\/www.muyjujuy.com\/index.php\/wp-json\/wp\/v2\/tags?post=2301"}],"curies":[{"name":"wp","href":"https:\/\/api.w.org\/{rel}","templated":true}]}}